{"id":171818,"date":"2026-07-10T14:10:42","date_gmt":"2026-07-10T12:10:42","guid":{"rendered":"https:\/\/www.bellunopress.it\/?p=171818"},"modified":"2026-07-10T14:11:36","modified_gmt":"2026-07-10T12:11:36","slug":"campionato-regionale-veneto-di-canottaggio-domenica-al-lago-di-santa-croce-si-sfideranno-250-atleti","status":"publish","type":"post","link":"https:\/\/www.bellunopress.it\/fr\/2026\/07\/10\/campionato-regionale-veneto-di-canottaggio-domenica-al-lago-di-santa-croce-si-sfideranno-250-atleti\/","title":{"rendered":"Campionato Regionale Veneto di canottaggio: domenica al Lago di Santa Croce si sfideranno 250 atleti\u00a0"},"content":{"rendered":"<p data-path-to-node=\"3\"><b data-path-to-node=\"3\" data-index-in-node=\"0\">Una giornata di grande sport in Alpago: in palio il titolo di campione regionale e l&#8217;ambito Trofeo Alpago<\/b><\/p>\n<p data-path-to-node=\"4\">Il Lago di Santa Croce \u00e8 pronto a trasformarsi in una vera e propria arena naturale. Domenica 12 luglio 2026, lo specchio d\u2019acqua bellunese accoglier\u00e0 il Campionato Regionale Veneto di Canottaggio FIC, un appuntamento di primo piano che promette spettacolo e agonismo puro.<\/p>\n<p data-path-to-node=\"5\">La manifestazione, organizzata dalla sezione di Belluno della Lega Navale Italiana (LNI) in stretta collaborazione con la FIC Veneto, vedr\u00e0 impegnati circa 250 atleti in rappresentanza di 13 societ\u00e0 venete, con un\u2019importante cornice internazionale data dalla partecipazione di equipaggi provenienti dal vicino Friuli e dalla Slovenia.<\/p>\n<p data-path-to-node=\"7\">Il teatro delle sfide sar\u00e0 lo specchio d\u2019acqua compreso tra le due basi nautiche di Poiatte e Santa Croce del Lago, dove sono state allestite 8 corsie regolamentari. Le gare copriranno l\u2019intero spettro del panorama remiero: dagli Under 14 fino alle categorie Master e Senior, sia maschili che femminili.<\/p>\n<p data-path-to-node=\"8\">Il programma della giornata \u00e8 serrato: le batterie eliminatorie prenderanno il via alle ore 9:00, per poi lasciare spazio, fino alle 14:00, alle attesissime finali. A decretare il vincitore non sar\u00e0 solo la velocit\u00e0 pura, ma la costanza di rendimento delle societ\u00e0: al termine della giornata, il club che avr\u00e0 totalizzato il punteggio pi\u00f9 alto si aggiudicher\u00e0 il titolo di Campione Regionale del Veneto e sollever\u00e0 il prestigioso Trofeo Alpago, messo in palio dalla LNI di Belluno.<\/p>\n<p data-path-to-node=\"10\">L\u2019evento, tuttavia, non si limiter\u00e0 alla sola competizione agonistica. A chiudere la giornata sar\u00e0 un momento di alto valore sociale: si terr\u00e0 infatti una regata non competitiva dedicata a persone con disabilit\u00e0. L\u2019iniziativa rientra nel progetto ministeriale &#8220;Sport e Terapia&#8221;, che vede il canottaggio sociale protagonista nel promuovere il benessere psicofisico e l\u2019abbattimento delle barriere attraverso la pratica sportiva.<\/p>\n<p data-path-to-node=\"11\">La cerimonia di premiazione si svolger\u00e0 in modo dinamico, con riconoscimenti assegnati al termine di ogni singola gara, culminando poi nella consegna del titolo regionale. Sar\u00e0 un\u2019occasione imperdibile per appassionati e curiosi per ammirare da vicino l\u2019eccellenza del canottaggio in uno dei contesti paesaggistici pi\u00f9 suggestivi della provincia.<\/p>","protected":false},"excerpt":{"rendered":"<p>Una giornata di grande sport in Alpago: in palio il titolo di campione regionale e l&#8217;ambito Trofeo Alpago Il Lago di Santa Croce \u00e8 pronto a trasformarsi in una vera e propria arena naturale. Domenica 12 luglio 2026, lo specchio d\u2019acqua bellunese accoglier\u00e0 il Campionato Regionale Veneto di Canottaggio FIC, un appuntamento di primo piano [&hellip;]<\/p>\n","protected":false},"author":2,"featured_media":152720,"comment_status":"closed","ping_status":"open","sticky":false,"template":"","format":"standard","meta":{"footnotes":""},"categories":[26,4],"tags":[],"class_list":["post-171818","post","type-post","status-publish","format-standard","has-post-thumbnail","category-prima-pagina","category-sport"],"yoast_head":"<!-- This site is optimized with the Yoast SEO plugin v28.4 - https:\/\/yoast.com\/product\/yoast-seo-wordpress\/ -->\n<title>Campionato Regionale Veneto di canottaggio: domenica al Lago di Santa Croce si sfideranno 250 atleti\u00a0 - Bellunopress - Dolomiti<\/title>\n<meta name=\"robots\" content=\"index, follow, max-snippet:-1, max-image-preview:large, max-video-preview:-1\" \/>\n<link rel=\"canonical\" href=\"https:\/\/www.bellunopress.it\/fr\/2026\/07\/10\/campionato-regionale-veneto-di-canottaggio-domenica-al-lago-di-santa-croce-si-sfideranno-250-atleti\/\" \/>\n<meta property=\"og:locale\" content=\"fr_FR\" \/>\n<meta property=\"og:type\" content=\"article\" \/>\n<meta property=\"og:title\" content=\"Campionato Regionale Veneto di canottaggio: domenica al Lago di Santa Croce si sfideranno 250 atleti\u00a0 - Bellunopress - Dolomiti\" \/>\n<meta property=\"og:description\" content=\"Una giornata di grande sport in Alpago: in palio il titolo di campione regionale e l&#8217;ambito Trofeo Alpago Il Lago di Santa Croce \u00e8 pronto a trasformarsi in una vera e propria arena naturale. Domenica 12 luglio 2026, lo specchio d\u2019acqua bellunese accoglier\u00e0 il Campionato Regionale Veneto di Canottaggio FIC, un appuntamento di primo piano [&hellip;]\" \/>\n<meta property=\"og:url\" content=\"https:\/\/www.bellunopress.it\/fr\/2026\/07\/10\/campionato-regionale-veneto-di-canottaggio-domenica-al-lago-di-santa-croce-si-sfideranno-250-atleti\/\" \/>\n<meta property=\"og:site_name\" content=\"Bellunopress - Dolomiti\" \/>\n<meta property=\"article:publisher\" content=\"https:\/\/www.facebook.com\/profile.php?id=100008943462799\" \/>\n<meta property=\"article:published_time\" content=\"2026-07-10T12:10:42+00:00\" \/>\n<meta property=\"article:modified_time\" content=\"2026-07-10T12:11:36+00:00\" \/>\n<meta property=\"og:image\" content=\"https:\/\/www.bellunopress.it\/wp-content\/uploads\/2024\/07\/Canottaggio-lago-di-Santa-Croce_edited.jpg\" \/>\n\t<meta property=\"og:image:width\" content=\"812\" \/>\n\t<meta property=\"og:image:height\" content=\"491\" \/>\n\t<meta property=\"og:image:type\" content=\"image\/jpeg\" \/>\n<meta name=\"author\" content=\"redazione\" \/>\n<meta name=\"twitter:card\" content=\"summary_large_image\" \/>\n<meta name=\"twitter:creator\" content=\"@bellunopress\" \/>\n<meta name=\"twitter:site\" content=\"@bellunopress\" \/>\n<meta name=\"twitter:label1\" content=\"\u00c9crit par\" \/>\n\t<meta name=\"twitter:data1\" content=\"redazione\" \/>\n\t<meta name=\"twitter:label2\" content=\"Dur\u00e9e de lecture estim\u00e9e\" \/>\n\t<meta name=\"twitter:data2\" content=\"3 minutes\" \/>\n<script type=\"application\/ld+json\" class=\"yoast-schema-graph\">{\"@context\":\"https:\\\/\\\/schema.org\",\"@graph\":[{\"@type\":\"Article\",\"@id\":\"https:\\\/\\\/www.bellunopress.it\\\/2026\\\/07\\\/10\\\/campionato-regionale-veneto-di-canottaggio-domenica-al-lago-di-santa-croce-si-sfideranno-250-atleti\\\/#article\",\"isPartOf\":{\"@id\":\"https:\\\/\\\/www.bellunopress.it\\\/2026\\\/07\\\/10\\\/campionato-regionale-veneto-di-canottaggio-domenica-al-lago-di-santa-croce-si-sfideranno-250-atleti\\\/\"},\"author\":{\"name\":\"redazione\",\"@id\":\"https:\\\/\\\/www.bellunopress.it\\\/#\\\/schema\\\/person\\\/79bb06722b37ece1c03d3e94beb30d73\"},\"headline\":\"Campionato Regionale Veneto di canottaggio: domenica al Lago di Santa Croce si sfideranno 250 atleti\u00a0\",\"datePublished\":\"2026-07-10T12:10:42+00:00\",\"dateModified\":\"2026-07-10T12:11:36+00:00\",\"mainEntityOfPage\":{\"@id\":\"https:\\\/\\\/www.bellunopress.it\\\/2026\\\/07\\\/10\\\/campionato-regionale-veneto-di-canottaggio-domenica-al-lago-di-santa-croce-si-sfideranno-250-atleti\\\/\"},\"wordCount\":354,\"publisher\":{\"@id\":\"https:\\\/\\\/www.bellunopress.it\\\/#organization\"},\"image\":{\"@id\":\"https:\\\/\\\/www.bellunopress.it\\\/2026\\\/07\\\/10\\\/campionato-regionale-veneto-di-canottaggio-domenica-al-lago-di-santa-croce-si-sfideranno-250-atleti\\\/#primaryimage\"},\"thumbnailUrl\":\"https:\\\/\\\/www.bellunopress.it\\\/wp-content\\\/uploads\\\/2024\\\/07\\\/Canottaggio-lago-di-Santa-Croce_edited.jpg\",\"articleSection\":[\"Prima Pagina\",\"Sport, tempo libero\"],\"inLanguage\":\"fr-FR\"},{\"@type\":\"WebPage\",\"@id\":\"https:\\\/\\\/www.bellunopress.it\\\/2026\\\/07\\\/10\\\/campionato-regionale-veneto-di-canottaggio-domenica-al-lago-di-santa-croce-si-sfideranno-250-atleti\\\/\",\"url\":\"https:\\\/\\\/www.bellunopress.it\\\/2026\\\/07\\\/10\\\/campionato-regionale-veneto-di-canottaggio-domenica-al-lago-di-santa-croce-si-sfideranno-250-atleti\\\/\",\"name\":\"Campionato Regionale Veneto di canottaggio: domenica al Lago di Santa Croce si sfideranno 250 atleti\u00a0 - Bellunopress - Dolomiti\",\"isPartOf\":{\"@id\":\"https:\\\/\\\/www.bellunopress.it\\\/#website\"},\"primaryImageOfPage\":{\"@id\":\"https:\\\/\\\/www.bellunopress.it\\\/2026\\\/07\\\/10\\\/campionato-regionale-veneto-di-canottaggio-domenica-al-lago-di-santa-croce-si-sfideranno-250-atleti\\\/#primaryimage\"},\"image\":{\"@id\":\"https:\\\/\\\/www.bellunopress.it\\\/2026\\\/07\\\/10\\\/campionato-regionale-veneto-di-canottaggio-domenica-al-lago-di-santa-croce-si-sfideranno-250-atleti\\\/#primaryimage\"},\"thumbnailUrl\":\"https:\\\/\\\/www.bellunopress.it\\\/wp-content\\\/uploads\\\/2024\\\/07\\\/Canottaggio-lago-di-Santa-Croce_edited.jpg\",\"datePublished\":\"2026-07-10T12:10:42+00:00\",\"dateModified\":\"2026-07-10T12:11:36+00:00\",\"breadcrumb\":{\"@id\":\"https:\\\/\\\/www.bellunopress.it\\\/2026\\\/07\\\/10\\\/campionato-regionale-veneto-di-canottaggio-domenica-al-lago-di-santa-croce-si-sfideranno-250-atleti\\\/#breadcrumb\"},\"inLanguage\":\"fr-FR\",\"potentialAction\":[{\"@type\":\"ReadAction\",\"target\":[\"https:\\\/\\\/www.bellunopress.it\\\/2026\\\/07\\\/10\\\/campionato-regionale-veneto-di-canottaggio-domenica-al-lago-di-santa-croce-si-sfideranno-250-atleti\\\/\"]}]},{\"@type\":\"ImageObject\",\"inLanguage\":\"fr-FR\",\"@id\":\"https:\\\/\\\/www.bellunopress.it\\\/2026\\\/07\\\/10\\\/campionato-regionale-veneto-di-canottaggio-domenica-al-lago-di-santa-croce-si-sfideranno-250-atleti\\\/#primaryimage\",\"url\":\"https:\\\/\\\/www.bellunopress.it\\\/wp-content\\\/uploads\\\/2024\\\/07\\\/Canottaggio-lago-di-Santa-Croce_edited.jpg\",\"contentUrl\":\"https:\\\/\\\/www.bellunopress.it\\\/wp-content\\\/uploads\\\/2024\\\/07\\\/Canottaggio-lago-di-Santa-Croce_edited.jpg\",\"width\":812,\"height\":491},{\"@type\":\"BreadcrumbList\",\"@id\":\"https:\\\/\\\/www.bellunopress.it\\\/2026\\\/07\\\/10\\\/campionato-regionale-veneto-di-canottaggio-domenica-al-lago-di-santa-croce-si-sfideranno-250-atleti\\\/#breadcrumb\",\"itemListElement\":[{\"@type\":\"ListItem\",\"position\":1,\"name\":\"Home\",\"item\":\"https:\\\/\\\/www.bellunopress.it\\\/\"},{\"@type\":\"ListItem\",\"position\":2,\"name\":\"Campionato Regionale Veneto di canottaggio: domenica al Lago di Santa Croce si sfideranno 250 atleti\u00a0\"}]},{\"@type\":\"WebSite\",\"@id\":\"https:\\\/\\\/www.bellunopress.it\\\/#website\",\"url\":\"https:\\\/\\\/www.bellunopress.it\\\/\",\"name\":\"Bellunopress - Dolomiti\",\"description\":\"e-mail: redazione@bellunopress.it\",\"publisher\":{\"@id\":\"https:\\\/\\\/www.bellunopress.it\\\/#organization\"},\"potentialAction\":[{\"@type\":\"SearchAction\",\"target\":{\"@type\":\"EntryPoint\",\"urlTemplate\":\"https:\\\/\\\/www.bellunopress.it\\\/?s={search_term_string}\"},\"query-input\":{\"@type\":\"PropertyValueSpecification\",\"valueRequired\":true,\"valueName\":\"search_term_string\"}}],\"inLanguage\":\"fr-FR\"},{\"@type\":\"Organization\",\"@id\":\"https:\\\/\\\/www.bellunopress.it\\\/#organization\",\"name\":\"Bellunopress\",\"url\":\"https:\\\/\\\/www.bellunopress.it\\\/\",\"logo\":{\"@type\":\"ImageObject\",\"inLanguage\":\"fr-FR\",\"@id\":\"https:\\\/\\\/www.bellunopress.it\\\/#\\\/schema\\\/logo\\\/image\\\/\",\"url\":\"https:\\\/\\\/www.bellunopress.it\\\/wp-content\\\/uploads\\\/2011\\\/05\\\/cropped-logo-bellunopress-.jpg\",\"contentUrl\":\"https:\\\/\\\/www.bellunopress.it\\\/wp-content\\\/uploads\\\/2011\\\/05\\\/cropped-logo-bellunopress-.jpg\",\"width\":512,\"height\":512,\"caption\":\"Bellunopress\"},\"image\":{\"@id\":\"https:\\\/\\\/www.bellunopress.it\\\/#\\\/schema\\\/logo\\\/image\\\/\"},\"sameAs\":[\"https:\\\/\\\/www.facebook.com\\\/profile.php?id=100008943462799\",\"https:\\\/\\\/x.com\\\/bellunopress\",\"https:\\\/\\\/www.linkedin.com\\\/hp\\\/?dnr=JBzUWaJfMUw8vbXJJ2tVW5-I3jZKvC4wsoxE&amp;amp;amp;amp;amp;amp;trk=nav_responsive_tab_home\",\"https:\\\/\\\/www.youtube.com\\\/channel\\\/UCxL0wu1uN0_3_7hGG0306cw\"]},{\"@type\":\"Person\",\"@id\":\"https:\\\/\\\/www.bellunopress.it\\\/#\\\/schema\\\/person\\\/79bb06722b37ece1c03d3e94beb30d73\",\"name\":\"redazione\",\"image\":{\"@type\":\"ImageObject\",\"inLanguage\":\"fr-FR\",\"@id\":\"https:\\\/\\\/secure.gravatar.com\\\/avatar\\\/37d968a2e67a6fd04c169c4bdef102d0bc5d31b2546345219e348575eb80e9a0?s=96&d=mm&r=g\",\"url\":\"https:\\\/\\\/secure.gravatar.com\\\/avatar\\\/37d968a2e67a6fd04c169c4bdef102d0bc5d31b2546345219e348575eb80e9a0?s=96&d=mm&r=g\",\"contentUrl\":\"https:\\\/\\\/secure.gravatar.com\\\/avatar\\\/37d968a2e67a6fd04c169c4bdef102d0bc5d31b2546345219e348575eb80e9a0?s=96&d=mm&r=g\",\"caption\":\"redazione\"},\"sameAs\":[\"http:\\\/\\\/www.bellunopress.it\",\"https:\\\/\\\/x.com\\\/bellunopress\"],\"url\":\"https:\\\/\\\/www.bellunopress.it\\\/fr\\\/author\\\/redazione\\\/\"}]}<\/script>\n<!-- \/ Yoast SEO plugin. -->","yoast_head_json":{"title":"Campionato Regionale Veneto di canottaggio: domenica al Lago di Santa Croce si sfideranno 250 atleti\u00a0 - Bellunopress - Dolomiti","robots":{"index":"index","follow":"follow","max-snippet":"max-snippet:-1","max-image-preview":"max-image-preview:large","max-video-preview":"max-video-preview:-1"},"canonical":"https:\/\/www.bellunopress.it\/fr\/2026\/07\/10\/campionato-regionale-veneto-di-canottaggio-domenica-al-lago-di-santa-croce-si-sfideranno-250-atleti\/","og_locale":"fr_FR","og_type":"article","og_title":"Campionato Regionale Veneto di canottaggio: domenica al Lago di Santa Croce si sfideranno 250 atleti\u00a0 - Bellunopress - Dolomiti","og_description":"Una giornata di grande sport in Alpago: in palio il titolo di campione regionale e l&#8217;ambito Trofeo Alpago Il Lago di Santa Croce \u00e8 pronto a trasformarsi in una vera e propria arena naturale. Domenica 12 luglio 2026, lo specchio d\u2019acqua bellunese accoglier\u00e0 il Campionato Regionale Veneto di Canottaggio FIC, un appuntamento di primo piano [&hellip;]","og_url":"https:\/\/www.bellunopress.it\/fr\/2026\/07\/10\/campionato-regionale-veneto-di-canottaggio-domenica-al-lago-di-santa-croce-si-sfideranno-250-atleti\/","og_site_name":"Bellunopress - Dolomiti","article_publisher":"https:\/\/www.facebook.com\/profile.php?id=100008943462799","article_published_time":"2026-07-10T12:10:42+00:00","article_modified_time":"2026-07-10T12:11:36+00:00","og_image":[{"width":812,"height":491,"url":"https:\/\/www.bellunopress.it\/wp-content\/uploads\/2024\/07\/Canottaggio-lago-di-Santa-Croce_edited.jpg","type":"image\/jpeg"}],"author":"redazione","twitter_card":"summary_large_image","twitter_creator":"@bellunopress","twitter_site":"@bellunopress","twitter_misc":{"\u00c9crit par":"redazione","Dur\u00e9e de lecture estim\u00e9e":"3 minutes"},"schema":{"@context":"https:\/\/schema.org","@graph":[{"@type":"Article","@id":"https:\/\/www.bellunopress.it\/2026\/07\/10\/campionato-regionale-veneto-di-canottaggio-domenica-al-lago-di-santa-croce-si-sfideranno-250-atleti\/#article","isPartOf":{"@id":"https:\/\/www.bellunopress.it\/2026\/07\/10\/campionato-regionale-veneto-di-canottaggio-domenica-al-lago-di-santa-croce-si-sfideranno-250-atleti\/"},"author":{"name":"redazione","@id":"https:\/\/www.bellunopress.it\/#\/schema\/person\/79bb06722b37ece1c03d3e94beb30d73"},"headline":"Campionato Regionale Veneto di canottaggio: domenica al Lago di Santa Croce si sfideranno 250 atleti\u00a0","datePublished":"2026-07-10T12:10:42+00:00","dateModified":"2026-07-10T12:11:36+00:00","mainEntityOfPage":{"@id":"https:\/\/www.bellunopress.it\/2026\/07\/10\/campionato-regionale-veneto-di-canottaggio-domenica-al-lago-di-santa-croce-si-sfideranno-250-atleti\/"},"wordCount":354,"publisher":{"@id":"https:\/\/www.bellunopress.it\/#organization"},"image":{"@id":"https:\/\/www.bellunopress.it\/2026\/07\/10\/campionato-regionale-veneto-di-canottaggio-domenica-al-lago-di-santa-croce-si-sfideranno-250-atleti\/#primaryimage"},"thumbnailUrl":"https:\/\/www.bellunopress.it\/wp-content\/uploads\/2024\/07\/Canottaggio-lago-di-Santa-Croce_edited.jpg","articleSection":["Prima Pagina","Sport, tempo libero"],"inLanguage":"fr-FR"},{"@type":"WebPage","@id":"https:\/\/www.bellunopress.it\/2026\/07\/10\/campionato-regionale-veneto-di-canottaggio-domenica-al-lago-di-santa-croce-si-sfideranno-250-atleti\/","url":"https:\/\/www.bellunopress.it\/2026\/07\/10\/campionato-regionale-veneto-di-canottaggio-domenica-al-lago-di-santa-croce-si-sfideranno-250-atleti\/","name":"Campionato Regionale Veneto di canottaggio: domenica al Lago di Santa Croce si sfideranno 250 atleti\u00a0 - Bellunopress - Dolomiti","isPartOf":{"@id":"https:\/\/www.bellunopress.it\/#website"},"primaryImageOfPage":{"@id":"https:\/\/www.bellunopress.it\/2026\/07\/10\/campionato-regionale-veneto-di-canottaggio-domenica-al-lago-di-santa-croce-si-sfideranno-250-atleti\/#primaryimage"},"image":{"@id":"https:\/\/www.bellunopress.it\/2026\/07\/10\/campionato-regionale-veneto-di-canottaggio-domenica-al-lago-di-santa-croce-si-sfideranno-250-atleti\/#primaryimage"},"thumbnailUrl":"https:\/\/www.bellunopress.it\/wp-content\/uploads\/2024\/07\/Canottaggio-lago-di-Santa-Croce_edited.jpg","datePublished":"2026-07-10T12:10:42+00:00","dateModified":"2026-07-10T12:11:36+00:00","breadcrumb":{"@id":"https:\/\/www.bellunopress.it\/2026\/07\/10\/campionato-regionale-veneto-di-canottaggio-domenica-al-lago-di-santa-croce-si-sfideranno-250-atleti\/#breadcrumb"},"inLanguage":"fr-FR","potentialAction":[{"@type":"ReadAction","target":["https:\/\/www.bellunopress.it\/2026\/07\/10\/campionato-regionale-veneto-di-canottaggio-domenica-al-lago-di-santa-croce-si-sfideranno-250-atleti\/"]}]},{"@type":"ImageObject","inLanguage":"fr-FR","@id":"https:\/\/www.bellunopress.it\/2026\/07\/10\/campionato-regionale-veneto-di-canottaggio-domenica-al-lago-di-santa-croce-si-sfideranno-250-atleti\/#primaryimage","url":"https:\/\/www.bellunopress.it\/wp-content\/uploads\/2024\/07\/Canottaggio-lago-di-Santa-Croce_edited.jpg","contentUrl":"https:\/\/www.bellunopress.it\/wp-content\/uploads\/2024\/07\/Canottaggio-lago-di-Santa-Croce_edited.jpg","width":812,"height":491},{"@type":"BreadcrumbList","@id":"https:\/\/www.bellunopress.it\/2026\/07\/10\/campionato-regionale-veneto-di-canottaggio-domenica-al-lago-di-santa-croce-si-sfideranno-250-atleti\/#breadcrumb","itemListElement":[{"@type":"ListItem","position":1,"name":"Home","item":"https:\/\/www.bellunopress.it\/"},{"@type":"ListItem","position":2,"name":"Campionato Regionale Veneto di canottaggio: domenica al Lago di Santa Croce si sfideranno 250 atleti\u00a0"}]},{"@type":"WebSite","@id":"https:\/\/www.bellunopress.it\/#website","url":"https:\/\/www.bellunopress.it\/","name":"Bellunopress - Dolomiti","description":"e-mail: redazione@bellunopress.it","publisher":{"@id":"https:\/\/www.bellunopress.it\/#organization"},"potentialAction":[{"@type":"SearchAction","target":{"@type":"EntryPoint","urlTemplate":"https:\/\/www.bellunopress.it\/?s={search_term_string}"},"query-input":{"@type":"PropertyValueSpecification","valueRequired":true,"valueName":"search_term_string"}}],"inLanguage":"fr-FR"},{"@type":"Organization","@id":"https:\/\/www.bellunopress.it\/#organization","name":"Bellunopress","url":"https:\/\/www.bellunopress.it\/","logo":{"@type":"ImageObject","inLanguage":"fr-FR","@id":"https:\/\/www.bellunopress.it\/#\/schema\/logo\/image\/","url":"https:\/\/www.bellunopress.it\/wp-content\/uploads\/2011\/05\/cropped-logo-bellunopress-.jpg","contentUrl":"https:\/\/www.bellunopress.it\/wp-content\/uploads\/2011\/05\/cropped-logo-bellunopress-.jpg","width":512,"height":512,"caption":"Bellunopress"},"image":{"@id":"https:\/\/www.bellunopress.it\/#\/schema\/logo\/image\/"},"sameAs":["https:\/\/www.facebook.com\/profile.php?id=100008943462799","https:\/\/x.com\/bellunopress","https:\/\/www.linkedin.com\/hp\/?dnr=JBzUWaJfMUw8vbXJJ2tVW5-I3jZKvC4wsoxE&amp;amp;amp;amp;amp;amp;trk=nav_responsive_tab_home","https:\/\/www.youtube.com\/channel\/UCxL0wu1uN0_3_7hGG0306cw"]},{"@type":"Person","@id":"https:\/\/www.bellunopress.it\/#\/schema\/person\/79bb06722b37ece1c03d3e94beb30d73","name":"r\u00e9daction","image":{"@type":"ImageObject","inLanguage":"fr-FR","@id":"https:\/\/secure.gravatar.com\/avatar\/37d968a2e67a6fd04c169c4bdef102d0bc5d31b2546345219e348575eb80e9a0?s=96&d=mm&r=g","url":"https:\/\/secure.gravatar.com\/avatar\/37d968a2e67a6fd04c169c4bdef102d0bc5d31b2546345219e348575eb80e9a0?s=96&d=mm&r=g","contentUrl":"https:\/\/secure.gravatar.com\/avatar\/37d968a2e67a6fd04c169c4bdef102d0bc5d31b2546345219e348575eb80e9a0?s=96&d=mm&r=g","caption":"redazione"},"sameAs":["http:\/\/www.bellunopress.it","https:\/\/x.com\/bellunopress"],"url":"https:\/\/www.bellunopress.it\/fr\/author\/redazione\/"}]}},"_links":{"self":[{"href":"https:\/\/www.bellunopress.it\/fr\/wp-json\/wp\/v2\/posts\/171818","targetHints":{"allow":["GET"]}}],"collection":[{"href":"https:\/\/www.bellunopress.it\/fr\/wp-json\/wp\/v2\/posts"}],"about":[{"href":"https:\/\/www.bellunopress.it\/fr\/wp-json\/wp\/v2\/types\/post"}],"author":[{"embeddable":true,"href":"https:\/\/www.bellunopress.it\/fr\/wp-json\/wp\/v2\/users\/2"}],"replies":[{"embeddable":true,"href":"https:\/\/www.bellunopress.it\/fr\/wp-json\/wp\/v2\/comments?post=171818"}],"version-history":[{"count":2,"href":"https:\/\/www.bellunopress.it\/fr\/wp-json\/wp\/v2\/posts\/171818\/revisions"}],"predecessor-version":[{"id":171820,"href":"https:\/\/www.bellunopress.it\/fr\/wp-json\/wp\/v2\/posts\/171818\/revisions\/171820"}],"wp:featuredmedia":[{"embeddable":true,"href":"https:\/\/www.bellunopress.it\/fr\/wp-json\/wp\/v2\/media\/152720"}],"wp:attachment":[{"href":"https:\/\/www.bellunopress.it\/fr\/wp-json\/wp\/v2\/media?parent=171818"}],"wp:term":[{"taxonomy":"category","embeddable":true,"href":"https:\/\/www.bellunopress.it\/fr\/wp-json\/wp\/v2\/categories?post=171818"},{"taxonomy":"post_tag","embeddable":true,"href":"https:\/\/www.bellunopress.it\/fr\/wp-json\/wp\/v2\/tags?post=171818"}],"curies":[{"name":"wp","href":"https:\/\/api.w.org\/{rel}","templated":true}]}}