{"id":171808,"date":"2026-07-09T20:36:06","date_gmt":"2026-07-09T18:36:06","guid":{"rendered":"https:\/\/www.bellunopress.it\/?p=171808"},"modified":"2026-07-09T20:40:27","modified_gmt":"2026-07-09T18:40:27","slug":"sovracanoni-idroelettrici-arriveranno-piu-soldi-a-belluno-si-ma-sono-gli-arretrati-che-gia-avremmo-dovuto-avere","status":"publish","type":"post","link":"https:\/\/www.bellunopress.it\/fr\/2026\/07\/09\/sovracanoni-idroelettrici-arriveranno-piu-soldi-a-belluno-si-ma-sono-gli-arretrati-che-gia-avremmo-dovuto-avere\/","title":{"rendered":"Sovracanoni idroelettrici. Arriveranno pi\u00f9 soldi a Belluno? S\u00ec, ma sono gli arretrati che gi\u00e0 avremmo dovuto avere"},"content":{"rendered":"<p>Il territorio bellunese \u00e8 destinato a ricevere un afflusso di liquidit\u00e0 superiore rispetto al recente passato, sebbene la natura di queste entrate sia oggetto di un acceso dibattito tecnico e politico che metti in luce le complessit\u00e0 (e le criticit\u00e0) del sistema dei sovracanoni e della monetizzazione.<\/p>\n<p>Ecco una sintesi di ci\u00f2 che emerge riguardo alla disponibilit\u00e0 di risorse per Belluno:<\/p>\n<p>1. Cosa entra effettivamente nelle casse bellunesi?<br \/>\nIl totale di 99 milioni di euro \u00e8 composto da due flussi distinti che seguono canali di distribuzione differenti:<\/p>\n<p>Quota di competenza diretta (44 milioni): Questa parte deriva dalla &#8220;rideterminazione dei canoni idrici&#8221; (quota fissa e variabile). \u00c8 la cifra che, secondo quanto dichiarato dagli amministratori regionali, risulta nella disponibilit\u00e0 diretta della Provincia di Belluno. Questo rappresenta un introito &#8220;nuovo&#8221; o incrementale rispetto alla gestione precedente, poich\u00e9 \u00e8 legato all&#8217;aggiornamento dei canoni.<\/p>\n<p>Quota di monetizzazione (55 milioni): Questa \u00e8 la somma derivante dall&#8217;energia che per legge dovrebbe essere fornita gratuitamente al territorio. Questi fondi finiscono formalmente nelle casse della Regione Veneto. Il comunicato della Regione e la stampa indicano che, in virt\u00f9 della legge regionale 25\/2014 (che riconosce la specificit\u00e0 bellunese), la Regione intende girare quattro quinti di questa quota alla Provincia di Belluno.<\/p>\n<p>E dunque, se il meccanismo verr\u00e0 applicato come dichiarato, il Bellunese dovrebbe beneficiare della gran parte dei 99 milioni (i 44 milioni diretti + circa 44 dei 55 milioni di monetizzazione).<\/p>\n<p>Ma nonostante gli annunci, la questione rimane controversa.<\/p>\n<p>Molti dei meccanismi citati (monetizzazione, 220 kWh\/kW) non sono innovazioni dell&#8217;attuale Giunta, ma strumenti normativi esistenti da decenni (Decreto Bersani 1999, Legge 959\/1953). Il fatto che vengano presentati come un &#8220;risultato storico&#8221; dell&#8217;attuale amministrazione regionale \u00e8 oggetto di contestazione da parte di chi sottolinea come tali risorse fossero teoricamente gi\u00e0 dovute e spesso rimaste inespresse.<\/p>\n<p>Il punto pi\u00f9 delicato riguarda l&#8217;utilizzo di questi fondi. Mentre la legge storica (1953) prevedeva che i sovracanoni non potessero sostituire spese statali o regionali ordinarie, l&#8217;assessore Bond ha dichiarato che le risorse serviranno a sostenere &#8220;il sistema sociosanitario, i trasporti, le scuole&#8221;. C&#8217;\u00e8 quindi il rischio \u2014 gi\u00e0 paventato in passato \u2014 che il denaro serva a &#8220;coprire buchi&#8221; o spese correnti di competenza regionale, anzich\u00e9 finanziare investimenti aggiuntivi per la montagna, come originariamente concepito per i sovracanoni.<\/p>\n<p>L&#8217;annuncio di una &#8220;cabina di regia congiunta&#8221; suggerisce che la distribuzione finale non sia un automatismo matematico, ma il risultato di una trattativa politica tra Provincia di Belluno e Regione.<\/p>\n<p>Belluno avr\u00e0 pi\u00f9 soldi?<br \/>\nS\u00ec, in termini assoluti. L&#8217;intesa con Enel sblocca risorse che nel quinquennio precedente non erano state riscosse o distribuite con questa modalit\u00e0.<\/p>\n<p>Tuttavia, la reale portata del beneficio per il cittadino bellunese dipender\u00e0 da due variabili non ancora certe:<\/p>\n<p>1)L&#8217;entit\u00e0 effettiva del &#8220;giro&#8221; di fondi: Quanto dei 55 milioni di monetizzazione arriver\u00e0 davvero alle casse provinciali, al netto dei passaggi burocratici regionali?<\/p>\n<p>2) Saranno investiti in infrastrutture e servizi per la montagna (come previsto dallo spirito del sovracanone) o saranno assorbiti dalla gestione ordinaria (es. sanit\u00e0 regionale), rendendoli &#8220;invisibili&#8221; sul territorio?<\/p>\n<p>La continuit\u00e0 normativa dimostra che non siamo di fronte a una rivoluzione finanziaria, ma a un&#8217;applicazione (o una riscossione forzata) di norme preesistenti. Il fatto che siano stati definiti &#8220;arretrati&#8221; conferma che, per anni, il territorio bellunese ha percepito meno di quanto la legge avrebbe permesso.<\/p>","protected":false},"excerpt":{"rendered":"<p>Il territorio bellunese \u00e8 destinato a ricevere un afflusso di liquidit\u00e0 superiore rispetto al recente passato, sebbene la natura di queste entrate sia oggetto di un acceso dibattito tecnico e politico che metti in luce le complessit\u00e0 (e le criticit\u00e0) del sistema dei sovracanoni e della monetizzazione. Ecco una sintesi di ci\u00f2 che emerge riguardo [&hellip;]<\/p>\n","protected":false},"author":2,"featured_media":17970,"comment_status":"closed","ping_status":"open","sticky":false,"template":"","format":"standard","meta":{"footnotes":""},"categories":[5,26],"tags":[],"class_list":["post-171808","post","type-post","status-publish","format-standard","has-post-thumbnail","category-cronaca","category-prima-pagina"],"yoast_head":"<!-- This site is optimized with the Yoast SEO plugin v28.4 - https:\/\/yoast.com\/product\/yoast-seo-wordpress\/ -->\n<title>Sovracanoni idroelettrici. Arriveranno pi\u00f9 soldi a Belluno? S\u00ec, ma sono gli arretrati che gi\u00e0 avremmo dovuto avere - Bellunopress - Dolomiti<\/title>\n<meta name=\"robots\" content=\"index, follow, max-snippet:-1, max-image-preview:large, max-video-preview:-1\" \/>\n<link rel=\"canonical\" href=\"https:\/\/www.bellunopress.it\/fr\/2026\/07\/09\/sovracanoni-idroelettrici-arriveranno-piu-soldi-a-belluno-si-ma-sono-gli-arretrati-che-gia-avremmo-dovuto-avere\/\" \/>\n<meta property=\"og:locale\" content=\"fr_FR\" \/>\n<meta property=\"og:type\" content=\"article\" \/>\n<meta property=\"og:title\" content=\"Sovracanoni idroelettrici. Arriveranno pi\u00f9 soldi a Belluno? S\u00ec, ma sono gli arretrati che gi\u00e0 avremmo dovuto avere - Bellunopress - Dolomiti\" \/>\n<meta property=\"og:description\" content=\"Il territorio bellunese \u00e8 destinato a ricevere un afflusso di liquidit\u00e0 superiore rispetto al recente passato, sebbene la natura di queste entrate sia oggetto di un acceso dibattito tecnico e politico che metti in luce le complessit\u00e0 (e le criticit\u00e0) del sistema dei sovracanoni e della monetizzazione. Ecco una sintesi di ci\u00f2 che emerge riguardo [&hellip;]\" \/>\n<meta property=\"og:url\" content=\"https:\/\/www.bellunopress.it\/fr\/2026\/07\/09\/sovracanoni-idroelettrici-arriveranno-piu-soldi-a-belluno-si-ma-sono-gli-arretrati-che-gia-avremmo-dovuto-avere\/\" \/>\n<meta property=\"og:site_name\" content=\"Bellunopress - Dolomiti\" \/>\n<meta property=\"article:publisher\" content=\"https:\/\/www.facebook.com\/profile.php?id=100008943462799\" \/>\n<meta property=\"article:published_time\" content=\"2026-07-09T18:36:06+00:00\" \/>\n<meta property=\"article:modified_time\" content=\"2026-07-09T18:40:27+00:00\" \/>\n<meta property=\"og:image\" content=\"https:\/\/www.bellunopress.it\/wp-content\/uploads\/2010\/08\/soverzene-alternatori.jpg\" \/>\n\t<meta property=\"og:image:width\" content=\"290\" \/>\n\t<meta property=\"og:image:height\" content=\"218\" \/>\n\t<meta property=\"og:image:type\" content=\"image\/jpeg\" \/>\n<meta name=\"author\" content=\"redazione\" \/>\n<meta name=\"twitter:card\" content=\"summary_large_image\" \/>\n<meta name=\"twitter:creator\" content=\"@bellunopress\" \/>\n<meta name=\"twitter:site\" content=\"@bellunopress\" \/>\n<meta name=\"twitter:label1\" content=\"\u00c9crit par\" \/>\n\t<meta name=\"twitter:data1\" content=\"redazione\" \/>\n\t<meta name=\"twitter:label2\" content=\"Dur\u00e9e de lecture estim\u00e9e\" \/>\n\t<meta name=\"twitter:data2\" content=\"4 minutes\" \/>\n<script type=\"application\/ld+json\" class=\"yoast-schema-graph\">{\"@context\":\"https:\\\/\\\/schema.org\",\"@graph\":[{\"@type\":\"Article\",\"@id\":\"https:\\\/\\\/www.bellunopress.it\\\/2026\\\/07\\\/09\\\/sovracanoni-idroelettrici-arriveranno-piu-soldi-a-belluno-si-ma-sono-gli-arretrati-che-gia-avremmo-dovuto-avere\\\/#article\",\"isPartOf\":{\"@id\":\"https:\\\/\\\/www.bellunopress.it\\\/2026\\\/07\\\/09\\\/sovracanoni-idroelettrici-arriveranno-piu-soldi-a-belluno-si-ma-sono-gli-arretrati-che-gia-avremmo-dovuto-avere\\\/\"},\"author\":{\"name\":\"redazione\",\"@id\":\"https:\\\/\\\/www.bellunopress.it\\\/#\\\/schema\\\/person\\\/79bb06722b37ece1c03d3e94beb30d73\"},\"headline\":\"Sovracanoni idroelettrici. Arriveranno pi\u00f9 soldi a Belluno? S\u00ec, ma sono gli arretrati che gi\u00e0 avremmo dovuto avere\",\"datePublished\":\"2026-07-09T18:36:06+00:00\",\"dateModified\":\"2026-07-09T18:40:27+00:00\",\"mainEntityOfPage\":{\"@id\":\"https:\\\/\\\/www.bellunopress.it\\\/2026\\\/07\\\/09\\\/sovracanoni-idroelettrici-arriveranno-piu-soldi-a-belluno-si-ma-sono-gli-arretrati-che-gia-avremmo-dovuto-avere\\\/\"},\"wordCount\":550,\"publisher\":{\"@id\":\"https:\\\/\\\/www.bellunopress.it\\\/#organization\"},\"image\":{\"@id\":\"https:\\\/\\\/www.bellunopress.it\\\/2026\\\/07\\\/09\\\/sovracanoni-idroelettrici-arriveranno-piu-soldi-a-belluno-si-ma-sono-gli-arretrati-che-gia-avremmo-dovuto-avere\\\/#primaryimage\"},\"thumbnailUrl\":\"https:\\\/\\\/www.bellunopress.it\\\/wp-content\\\/uploads\\\/2010\\\/08\\\/soverzene-alternatori.jpg\",\"articleSection\":[\"Cronaca\\\/Politica\",\"Prima Pagina\"],\"inLanguage\":\"fr-FR\"},{\"@type\":\"WebPage\",\"@id\":\"https:\\\/\\\/www.bellunopress.it\\\/2026\\\/07\\\/09\\\/sovracanoni-idroelettrici-arriveranno-piu-soldi-a-belluno-si-ma-sono-gli-arretrati-che-gia-avremmo-dovuto-avere\\\/\",\"url\":\"https:\\\/\\\/www.bellunopress.it\\\/2026\\\/07\\\/09\\\/sovracanoni-idroelettrici-arriveranno-piu-soldi-a-belluno-si-ma-sono-gli-arretrati-che-gia-avremmo-dovuto-avere\\\/\",\"name\":\"Sovracanoni idroelettrici. Arriveranno pi\u00f9 soldi a Belluno? S\u00ec, ma sono gli arretrati che gi\u00e0 avremmo dovuto avere - Bellunopress - Dolomiti\",\"isPartOf\":{\"@id\":\"https:\\\/\\\/www.bellunopress.it\\\/#website\"},\"primaryImageOfPage\":{\"@id\":\"https:\\\/\\\/www.bellunopress.it\\\/2026\\\/07\\\/09\\\/sovracanoni-idroelettrici-arriveranno-piu-soldi-a-belluno-si-ma-sono-gli-arretrati-che-gia-avremmo-dovuto-avere\\\/#primaryimage\"},\"image\":{\"@id\":\"https:\\\/\\\/www.bellunopress.it\\\/2026\\\/07\\\/09\\\/sovracanoni-idroelettrici-arriveranno-piu-soldi-a-belluno-si-ma-sono-gli-arretrati-che-gia-avremmo-dovuto-avere\\\/#primaryimage\"},\"thumbnailUrl\":\"https:\\\/\\\/www.bellunopress.it\\\/wp-content\\\/uploads\\\/2010\\\/08\\\/soverzene-alternatori.jpg\",\"datePublished\":\"2026-07-09T18:36:06+00:00\",\"dateModified\":\"2026-07-09T18:40:27+00:00\",\"breadcrumb\":{\"@id\":\"https:\\\/\\\/www.bellunopress.it\\\/2026\\\/07\\\/09\\\/sovracanoni-idroelettrici-arriveranno-piu-soldi-a-belluno-si-ma-sono-gli-arretrati-che-gia-avremmo-dovuto-avere\\\/#breadcrumb\"},\"inLanguage\":\"fr-FR\",\"potentialAction\":[{\"@type\":\"ReadAction\",\"target\":[\"https:\\\/\\\/www.bellunopress.it\\\/2026\\\/07\\\/09\\\/sovracanoni-idroelettrici-arriveranno-piu-soldi-a-belluno-si-ma-sono-gli-arretrati-che-gia-avremmo-dovuto-avere\\\/\"]}]},{\"@type\":\"ImageObject\",\"inLanguage\":\"fr-FR\",\"@id\":\"https:\\\/\\\/www.bellunopress.it\\\/2026\\\/07\\\/09\\\/sovracanoni-idroelettrici-arriveranno-piu-soldi-a-belluno-si-ma-sono-gli-arretrati-che-gia-avremmo-dovuto-avere\\\/#primaryimage\",\"url\":\"https:\\\/\\\/www.bellunopress.it\\\/wp-content\\\/uploads\\\/2010\\\/08\\\/soverzene-alternatori.jpg\",\"contentUrl\":\"https:\\\/\\\/www.bellunopress.it\\\/wp-content\\\/uploads\\\/2010\\\/08\\\/soverzene-alternatori.jpg\",\"width\":290,\"height\":218,\"caption\":\"Centrale idroelettrica di Soverzene\"},{\"@type\":\"BreadcrumbList\",\"@id\":\"https:\\\/\\\/www.bellunopress.it\\\/2026\\\/07\\\/09\\\/sovracanoni-idroelettrici-arriveranno-piu-soldi-a-belluno-si-ma-sono-gli-arretrati-che-gia-avremmo-dovuto-avere\\\/#breadcrumb\",\"itemListElement\":[{\"@type\":\"ListItem\",\"position\":1,\"name\":\"Home\",\"item\":\"https:\\\/\\\/www.bellunopress.it\\\/\"},{\"@type\":\"ListItem\",\"position\":2,\"name\":\"Sovracanoni idroelettrici. Arriveranno pi\u00f9 soldi a Belluno? S\u00ec, ma sono gli arretrati che gi\u00e0 avremmo dovuto avere\"}]},{\"@type\":\"WebSite\",\"@id\":\"https:\\\/\\\/www.bellunopress.it\\\/#website\",\"url\":\"https:\\\/\\\/www.bellunopress.it\\\/\",\"name\":\"Bellunopress - Dolomiti\",\"description\":\"e-mail: redazione@bellunopress.it\",\"publisher\":{\"@id\":\"https:\\\/\\\/www.bellunopress.it\\\/#organization\"},\"potentialAction\":[{\"@type\":\"SearchAction\",\"target\":{\"@type\":\"EntryPoint\",\"urlTemplate\":\"https:\\\/\\\/www.bellunopress.it\\\/?s={search_term_string}\"},\"query-input\":{\"@type\":\"PropertyValueSpecification\",\"valueRequired\":true,\"valueName\":\"search_term_string\"}}],\"inLanguage\":\"fr-FR\"},{\"@type\":\"Organization\",\"@id\":\"https:\\\/\\\/www.bellunopress.it\\\/#organization\",\"name\":\"Bellunopress\",\"url\":\"https:\\\/\\\/www.bellunopress.it\\\/\",\"logo\":{\"@type\":\"ImageObject\",\"inLanguage\":\"fr-FR\",\"@id\":\"https:\\\/\\\/www.bellunopress.it\\\/#\\\/schema\\\/logo\\\/image\\\/\",\"url\":\"https:\\\/\\\/www.bellunopress.it\\\/wp-content\\\/uploads\\\/2011\\\/05\\\/cropped-logo-bellunopress-.jpg\",\"contentUrl\":\"https:\\\/\\\/www.bellunopress.it\\\/wp-content\\\/uploads\\\/2011\\\/05\\\/cropped-logo-bellunopress-.jpg\",\"width\":512,\"height\":512,\"caption\":\"Bellunopress\"},\"image\":{\"@id\":\"https:\\\/\\\/www.bellunopress.it\\\/#\\\/schema\\\/logo\\\/image\\\/\"},\"sameAs\":[\"https:\\\/\\\/www.facebook.com\\\/profile.php?id=100008943462799\",\"https:\\\/\\\/x.com\\\/bellunopress\",\"https:\\\/\\\/www.linkedin.com\\\/hp\\\/?dnr=JBzUWaJfMUw8vbXJJ2tVW5-I3jZKvC4wsoxE&amp;amp;amp;amp;amp;amp;trk=nav_responsive_tab_home\",\"https:\\\/\\\/www.youtube.com\\\/channel\\\/UCxL0wu1uN0_3_7hGG0306cw\"]},{\"@type\":\"Person\",\"@id\":\"https:\\\/\\\/www.bellunopress.it\\\/#\\\/schema\\\/person\\\/79bb06722b37ece1c03d3e94beb30d73\",\"name\":\"redazione\",\"image\":{\"@type\":\"ImageObject\",\"inLanguage\":\"fr-FR\",\"@id\":\"https:\\\/\\\/secure.gravatar.com\\\/avatar\\\/37d968a2e67a6fd04c169c4bdef102d0bc5d31b2546345219e348575eb80e9a0?s=96&d=mm&r=g\",\"url\":\"https:\\\/\\\/secure.gravatar.com\\\/avatar\\\/37d968a2e67a6fd04c169c4bdef102d0bc5d31b2546345219e348575eb80e9a0?s=96&d=mm&r=g\",\"contentUrl\":\"https:\\\/\\\/secure.gravatar.com\\\/avatar\\\/37d968a2e67a6fd04c169c4bdef102d0bc5d31b2546345219e348575eb80e9a0?s=96&d=mm&r=g\",\"caption\":\"redazione\"},\"sameAs\":[\"http:\\\/\\\/www.bellunopress.it\",\"https:\\\/\\\/x.com\\\/bellunopress\"],\"url\":\"https:\\\/\\\/www.bellunopress.it\\\/fr\\\/author\\\/redazione\\\/\"}]}<\/script>\n<!-- \/ Yoast SEO plugin. -->","yoast_head_json":{"title":"Sovracanoni idroelettrici. Arriveranno pi\u00f9 soldi a Belluno? S\u00ec, ma sono gli arretrati che gi\u00e0 avremmo dovuto avere - Bellunopress - Dolomiti","robots":{"index":"index","follow":"follow","max-snippet":"max-snippet:-1","max-image-preview":"max-image-preview:large","max-video-preview":"max-video-preview:-1"},"canonical":"https:\/\/www.bellunopress.it\/fr\/2026\/07\/09\/sovracanoni-idroelettrici-arriveranno-piu-soldi-a-belluno-si-ma-sono-gli-arretrati-che-gia-avremmo-dovuto-avere\/","og_locale":"fr_FR","og_type":"article","og_title":"Sovracanoni idroelettrici. Arriveranno pi\u00f9 soldi a Belluno? S\u00ec, ma sono gli arretrati che gi\u00e0 avremmo dovuto avere - Bellunopress - Dolomiti","og_description":"Il territorio bellunese \u00e8 destinato a ricevere un afflusso di liquidit\u00e0 superiore rispetto al recente passato, sebbene la natura di queste entrate sia oggetto di un acceso dibattito tecnico e politico che metti in luce le complessit\u00e0 (e le criticit\u00e0) del sistema dei sovracanoni e della monetizzazione. Ecco una sintesi di ci\u00f2 che emerge riguardo [&hellip;]","og_url":"https:\/\/www.bellunopress.it\/fr\/2026\/07\/09\/sovracanoni-idroelettrici-arriveranno-piu-soldi-a-belluno-si-ma-sono-gli-arretrati-che-gia-avremmo-dovuto-avere\/","og_site_name":"Bellunopress - Dolomiti","article_publisher":"https:\/\/www.facebook.com\/profile.php?id=100008943462799","article_published_time":"2026-07-09T18:36:06+00:00","article_modified_time":"2026-07-09T18:40:27+00:00","og_image":[{"width":290,"height":218,"url":"https:\/\/www.bellunopress.it\/wp-content\/uploads\/2010\/08\/soverzene-alternatori.jpg","type":"image\/jpeg"}],"author":"redazione","twitter_card":"summary_large_image","twitter_creator":"@bellunopress","twitter_site":"@bellunopress","twitter_misc":{"\u00c9crit par":"redazione","Dur\u00e9e de lecture estim\u00e9e":"4 minutes"},"schema":{"@context":"https:\/\/schema.org","@graph":[{"@type":"Article","@id":"https:\/\/www.bellunopress.it\/2026\/07\/09\/sovracanoni-idroelettrici-arriveranno-piu-soldi-a-belluno-si-ma-sono-gli-arretrati-che-gia-avremmo-dovuto-avere\/#article","isPartOf":{"@id":"https:\/\/www.bellunopress.it\/2026\/07\/09\/sovracanoni-idroelettrici-arriveranno-piu-soldi-a-belluno-si-ma-sono-gli-arretrati-che-gia-avremmo-dovuto-avere\/"},"author":{"name":"redazione","@id":"https:\/\/www.bellunopress.it\/#\/schema\/person\/79bb06722b37ece1c03d3e94beb30d73"},"headline":"Sovracanoni idroelettrici. Arriveranno pi\u00f9 soldi a Belluno? S\u00ec, ma sono gli arretrati che gi\u00e0 avremmo dovuto avere","datePublished":"2026-07-09T18:36:06+00:00","dateModified":"2026-07-09T18:40:27+00:00","mainEntityOfPage":{"@id":"https:\/\/www.bellunopress.it\/2026\/07\/09\/sovracanoni-idroelettrici-arriveranno-piu-soldi-a-belluno-si-ma-sono-gli-arretrati-che-gia-avremmo-dovuto-avere\/"},"wordCount":550,"publisher":{"@id":"https:\/\/www.bellunopress.it\/#organization"},"image":{"@id":"https:\/\/www.bellunopress.it\/2026\/07\/09\/sovracanoni-idroelettrici-arriveranno-piu-soldi-a-belluno-si-ma-sono-gli-arretrati-che-gia-avremmo-dovuto-avere\/#primaryimage"},"thumbnailUrl":"https:\/\/www.bellunopress.it\/wp-content\/uploads\/2010\/08\/soverzene-alternatori.jpg","articleSection":["Cronaca\/Politica","Prima Pagina"],"inLanguage":"fr-FR"},{"@type":"WebPage","@id":"https:\/\/www.bellunopress.it\/2026\/07\/09\/sovracanoni-idroelettrici-arriveranno-piu-soldi-a-belluno-si-ma-sono-gli-arretrati-che-gia-avremmo-dovuto-avere\/","url":"https:\/\/www.bellunopress.it\/2026\/07\/09\/sovracanoni-idroelettrici-arriveranno-piu-soldi-a-belluno-si-ma-sono-gli-arretrati-che-gia-avremmo-dovuto-avere\/","name":"Sovracanoni idroelettrici. Arriveranno pi\u00f9 soldi a Belluno? S\u00ec, ma sono gli arretrati che gi\u00e0 avremmo dovuto avere - Bellunopress - Dolomiti","isPartOf":{"@id":"https:\/\/www.bellunopress.it\/#website"},"primaryImageOfPage":{"@id":"https:\/\/www.bellunopress.it\/2026\/07\/09\/sovracanoni-idroelettrici-arriveranno-piu-soldi-a-belluno-si-ma-sono-gli-arretrati-che-gia-avremmo-dovuto-avere\/#primaryimage"},"image":{"@id":"https:\/\/www.bellunopress.it\/2026\/07\/09\/sovracanoni-idroelettrici-arriveranno-piu-soldi-a-belluno-si-ma-sono-gli-arretrati-che-gia-avremmo-dovuto-avere\/#primaryimage"},"thumbnailUrl":"https:\/\/www.bellunopress.it\/wp-content\/uploads\/2010\/08\/soverzene-alternatori.jpg","datePublished":"2026-07-09T18:36:06+00:00","dateModified":"2026-07-09T18:40:27+00:00","breadcrumb":{"@id":"https:\/\/www.bellunopress.it\/2026\/07\/09\/sovracanoni-idroelettrici-arriveranno-piu-soldi-a-belluno-si-ma-sono-gli-arretrati-che-gia-avremmo-dovuto-avere\/#breadcrumb"},"inLanguage":"fr-FR","potentialAction":[{"@type":"ReadAction","target":["https:\/\/www.bellunopress.it\/2026\/07\/09\/sovracanoni-idroelettrici-arriveranno-piu-soldi-a-belluno-si-ma-sono-gli-arretrati-che-gia-avremmo-dovuto-avere\/"]}]},{"@type":"ImageObject","inLanguage":"fr-FR","@id":"https:\/\/www.bellunopress.it\/2026\/07\/09\/sovracanoni-idroelettrici-arriveranno-piu-soldi-a-belluno-si-ma-sono-gli-arretrati-che-gia-avremmo-dovuto-avere\/#primaryimage","url":"https:\/\/www.bellunopress.it\/wp-content\/uploads\/2010\/08\/soverzene-alternatori.jpg","contentUrl":"https:\/\/www.bellunopress.it\/wp-content\/uploads\/2010\/08\/soverzene-alternatori.jpg","width":290,"height":218,"caption":"Centrale idroelettrica di Soverzene"},{"@type":"BreadcrumbList","@id":"https:\/\/www.bellunopress.it\/2026\/07\/09\/sovracanoni-idroelettrici-arriveranno-piu-soldi-a-belluno-si-ma-sono-gli-arretrati-che-gia-avremmo-dovuto-avere\/#breadcrumb","itemListElement":[{"@type":"ListItem","position":1,"name":"Home","item":"https:\/\/www.bellunopress.it\/"},{"@type":"ListItem","position":2,"name":"Sovracanoni idroelettrici. Arriveranno pi\u00f9 soldi a Belluno? S\u00ec, ma sono gli arretrati che gi\u00e0 avremmo dovuto avere"}]},{"@type":"WebSite","@id":"https:\/\/www.bellunopress.it\/#website","url":"https:\/\/www.bellunopress.it\/","name":"Bellunopress - Dolomiti","description":"e-mail: redazione@bellunopress.it","publisher":{"@id":"https:\/\/www.bellunopress.it\/#organization"},"potentialAction":[{"@type":"SearchAction","target":{"@type":"EntryPoint","urlTemplate":"https:\/\/www.bellunopress.it\/?s={search_term_string}"},"query-input":{"@type":"PropertyValueSpecification","valueRequired":true,"valueName":"search_term_string"}}],"inLanguage":"fr-FR"},{"@type":"Organization","@id":"https:\/\/www.bellunopress.it\/#organization","name":"Bellunopress","url":"https:\/\/www.bellunopress.it\/","logo":{"@type":"ImageObject","inLanguage":"fr-FR","@id":"https:\/\/www.bellunopress.it\/#\/schema\/logo\/image\/","url":"https:\/\/www.bellunopress.it\/wp-content\/uploads\/2011\/05\/cropped-logo-bellunopress-.jpg","contentUrl":"https:\/\/www.bellunopress.it\/wp-content\/uploads\/2011\/05\/cropped-logo-bellunopress-.jpg","width":512,"height":512,"caption":"Bellunopress"},"image":{"@id":"https:\/\/www.bellunopress.it\/#\/schema\/logo\/image\/"},"sameAs":["https:\/\/www.facebook.com\/profile.php?id=100008943462799","https:\/\/x.com\/bellunopress","https:\/\/www.linkedin.com\/hp\/?dnr=JBzUWaJfMUw8vbXJJ2tVW5-I3jZKvC4wsoxE&amp;amp;amp;amp;amp;amp;trk=nav_responsive_tab_home","https:\/\/www.youtube.com\/channel\/UCxL0wu1uN0_3_7hGG0306cw"]},{"@type":"Person","@id":"https:\/\/www.bellunopress.it\/#\/schema\/person\/79bb06722b37ece1c03d3e94beb30d73","name":"r\u00e9daction","image":{"@type":"ImageObject","inLanguage":"fr-FR","@id":"https:\/\/secure.gravatar.com\/avatar\/37d968a2e67a6fd04c169c4bdef102d0bc5d31b2546345219e348575eb80e9a0?s=96&d=mm&r=g","url":"https:\/\/secure.gravatar.com\/avatar\/37d968a2e67a6fd04c169c4bdef102d0bc5d31b2546345219e348575eb80e9a0?s=96&d=mm&r=g","contentUrl":"https:\/\/secure.gravatar.com\/avatar\/37d968a2e67a6fd04c169c4bdef102d0bc5d31b2546345219e348575eb80e9a0?s=96&d=mm&r=g","caption":"redazione"},"sameAs":["http:\/\/www.bellunopress.it","https:\/\/x.com\/bellunopress"],"url":"https:\/\/www.bellunopress.it\/fr\/author\/redazione\/"}]}},"_links":{"self":[{"href":"https:\/\/www.bellunopress.it\/fr\/wp-json\/wp\/v2\/posts\/171808","targetHints":{"allow":["GET"]}}],"collection":[{"href":"https:\/\/www.bellunopress.it\/fr\/wp-json\/wp\/v2\/posts"}],"about":[{"href":"https:\/\/www.bellunopress.it\/fr\/wp-json\/wp\/v2\/types\/post"}],"author":[{"embeddable":true,"href":"https:\/\/www.bellunopress.it\/fr\/wp-json\/wp\/v2\/users\/2"}],"replies":[{"embeddable":true,"href":"https:\/\/www.bellunopress.it\/fr\/wp-json\/wp\/v2\/comments?post=171808"}],"version-history":[{"count":2,"href":"https:\/\/www.bellunopress.it\/fr\/wp-json\/wp\/v2\/posts\/171808\/revisions"}],"predecessor-version":[{"id":171810,"href":"https:\/\/www.bellunopress.it\/fr\/wp-json\/wp\/v2\/posts\/171808\/revisions\/171810"}],"wp:featuredmedia":[{"embeddable":true,"href":"https:\/\/www.bellunopress.it\/fr\/wp-json\/wp\/v2\/media\/17970"}],"wp:attachment":[{"href":"https:\/\/www.bellunopress.it\/fr\/wp-json\/wp\/v2\/media?parent=171808"}],"wp:term":[{"taxonomy":"category","embeddable":true,"href":"https:\/\/www.bellunopress.it\/fr\/wp-json\/wp\/v2\/categories?post=171808"},{"taxonomy":"post_tag","embeddable":true,"href":"https:\/\/www.bellunopress.it\/fr\/wp-json\/wp\/v2\/tags?post=171808"}],"curies":[{"name":"wp","href":"https:\/\/api.w.org\/{rel}","templated":true}]}}