{"id":171801,"date":"2026-07-09T13:46:03","date_gmt":"2026-07-09T11:46:03","guid":{"rendered":"https:\/\/www.bellunopress.it\/?p=171801"},"modified":"2026-07-09T13:46:03","modified_gmt":"2026-07-09T11:46:03","slug":"belluno-piano-asfalti-500mila-euro-per-strade-del-centro-e-frazioni","status":"publish","type":"post","link":"https:\/\/www.bellunopress.it\/fr\/2026\/07\/09\/belluno-piano-asfalti-500mila-euro-per-strade-del-centro-e-frazioni\/","title":{"rendered":"Belluno. Piano asfalti: 500mila euro per strade del centro e frazioni"},"content":{"rendered":"<p>Belluno, 09\/07\/2026 &#8211;\u00a0Ha preso il via in questi giorni il piano asfalti 2026, un intervento da 500 mila euro che coinvolger\u00e0 diverse aree del territorio comunale. Il programma interessa infatti sia le zone pi\u00f9 centrali sia le frazioni, attraverso una serie di interventi di manutenzione straordinaria che comprendono il rifacimento delle pavimentazioni, la risagomatura dei tratti maggiormente ammalorati e la sistemazione di chiusini e caditoie, cos\u00ec da ripristinare le corrette quote e garantire una maggiore durata degli interventi. \u201cLa manutenzione \u00e8 una delle forme pi\u00f9 concrete di attenzione al territorio \u2013 sottolinea il sindaco Oscar De Pellegrin \u2013. Anche quest&#8217;anno abbiamo scelto di distribuire le risorse su numerosi interventi, dando risposta a situazioni che in alcuni casi attendevano da tempo. \u00c8 una scelta che forse non produce un&#8217;unica grande opera, ma che permette di migliorare in modo diffuso la qualit\u00e0 della rete stradale comunale e di intervenire dove le criticit\u00e0 erano pi\u00f9 sentite dai cittadini\u201d.<\/p>\n<p><strong>IL PIANO<\/strong><br \/>\nGli interventi interesseranno 17 tratti stradali distribuiti tra citt\u00e0 e frazioni. Il programma comprende lavori a Visome, in via Montegrappa, a Pittanzella, a Chiesurazza (via Agordo), in via Segato, in via Antole in localit\u00e0 Marian, lungo il percorso pedonale di via Padri Cappuccini, in via Pr\u00e0 de Luni, in via Caffi, in via Dell&#8217;Oro a Sopracroda, a Baldenich (ingresso alle carceri), in via Tito Livio Burattini, in via Tiziano Vecellio, in via Fiammoi, in via Col di Lana, lungo il collegamento Castoi-Cet e in via Delle Valli. \u00c8 inoltre prevista l&#8217;esecuzione di ulteriori rappezzi puntuali che saranno individuati in base alle necessit\u00e0 che emergeranno nel corso dell&#8217;anno.<br \/>\nIl Piano si inserisce in un ampio progetto dell\u2019Amministrazione che, dall\u2019inizio del mandato ad oggi ha investito oltre 2 milioni di euro lungo le strade con attenzione diffusa su tutto il territorio comunale.<\/p>\n<p>\u201cLa programmazione nasce anche dal grande lavoro svolto dai capi frazione, dai consiglieri e dagli uffici tecnici che monitorano lo stato della rete viaria e raccolgono le segnalazioni provenienti dal territorio \u2013 aggiunge il vicesindaco e assessore ai Lavori pubblici Paolo Gamba \u2013. Le risorse disponibili sono state indirizzate verso le situazioni che presentavano le maggiori criticit\u00e0, cercando allo stesso tempo di distribuire gli interventi in modo equilibrato tra il centro cittadino e le frazioni\u201d.<br \/>\nI lavori sono gi\u00e0 iniziati (oggi sono in corso lungo via Agordo) e proseguiranno nelle prossime settimane secondo il cronoprogramma predisposto dall&#8217;impresa incaricata.<\/p>","protected":false},"excerpt":{"rendered":"<p>Belluno, 09\/07\/2026 &#8211;\u00a0Ha preso il via in questi giorni il piano asfalti 2026, un intervento da 500 mila euro che coinvolger\u00e0 diverse aree del territorio comunale. Il programma interessa infatti sia le zone pi\u00f9 centrali sia le frazioni, attraverso una serie di interventi di manutenzione straordinaria che comprendono il rifacimento delle pavimentazioni, la risagomatura dei [&hellip;]<\/p>\n","protected":false},"author":2,"featured_media":124383,"comment_status":"closed","ping_status":"open","sticky":false,"template":"","format":"standard","meta":{"footnotes":""},"categories":[5],"tags":[],"class_list":["post-171801","post","type-post","status-publish","format-standard","has-post-thumbnail","category-cronaca"],"yoast_head":"<!-- This site is optimized with the Yoast SEO plugin v28.4 - https:\/\/yoast.com\/product\/yoast-seo-wordpress\/ -->\n<title>Belluno. Piano asfalti: 500mila euro per strade del centro e frazioni - Bellunopress - Dolomiti<\/title>\n<meta name=\"robots\" content=\"index, follow, max-snippet:-1, max-image-preview:large, max-video-preview:-1\" \/>\n<link rel=\"canonical\" href=\"https:\/\/www.bellunopress.it\/fr\/2026\/07\/09\/belluno-piano-asfalti-500mila-euro-per-strade-del-centro-e-frazioni\/\" \/>\n<meta property=\"og:locale\" content=\"fr_FR\" \/>\n<meta property=\"og:type\" content=\"article\" \/>\n<meta property=\"og:title\" content=\"Belluno. Piano asfalti: 500mila euro per strade del centro e frazioni - Bellunopress - Dolomiti\" \/>\n<meta property=\"og:description\" content=\"Belluno, 09\/07\/2026 &#8211;\u00a0Ha preso il via in questi giorni il piano asfalti 2026, un intervento da 500 mila euro che coinvolger\u00e0 diverse aree del territorio comunale. Il programma interessa infatti sia le zone pi\u00f9 centrali sia le frazioni, attraverso una serie di interventi di manutenzione straordinaria che comprendono il rifacimento delle pavimentazioni, la risagomatura dei [&hellip;]\" \/>\n<meta property=\"og:url\" content=\"https:\/\/www.bellunopress.it\/fr\/2026\/07\/09\/belluno-piano-asfalti-500mila-euro-per-strade-del-centro-e-frazioni\/\" \/>\n<meta property=\"og:site_name\" content=\"Bellunopress - Dolomiti\" \/>\n<meta property=\"article:publisher\" content=\"https:\/\/www.facebook.com\/profile.php?id=100008943462799\" \/>\n<meta property=\"article:published_time\" content=\"2026-07-09T11:46:03+00:00\" \/>\n<meta property=\"og:image\" content=\"https:\/\/www.bellunopress.it\/wp-content\/uploads\/2021\/05\/asfaltature-1_edited.jpg\" \/>\n\t<meta property=\"og:image:width\" content=\"1000\" \/>\n\t<meta property=\"og:image:height\" content=\"726\" \/>\n\t<meta property=\"og:image:type\" content=\"image\/jpeg\" \/>\n<meta name=\"author\" content=\"redazione\" \/>\n<meta name=\"twitter:card\" content=\"summary_large_image\" \/>\n<meta name=\"twitter:creator\" content=\"@bellunopress\" \/>\n<meta name=\"twitter:site\" content=\"@bellunopress\" \/>\n<meta name=\"twitter:label1\" content=\"Written by\" \/>\n\t<meta name=\"twitter:data1\" content=\"redazione\" \/>\n\t<meta name=\"twitter:label2\" content=\"Est. reading time\" \/>\n\t<meta name=\"twitter:data2\" content=\"3 minutes\" \/>\n<script type=\"application\/ld+json\" class=\"yoast-schema-graph\">{\"@context\":\"https:\\\/\\\/schema.org\",\"@graph\":[{\"@type\":\"Article\",\"@id\":\"https:\\\/\\\/www.bellunopress.it\\\/2026\\\/07\\\/09\\\/belluno-piano-asfalti-500mila-euro-per-strade-del-centro-e-frazioni\\\/#article\",\"isPartOf\":{\"@id\":\"https:\\\/\\\/www.bellunopress.it\\\/2026\\\/07\\\/09\\\/belluno-piano-asfalti-500mila-euro-per-strade-del-centro-e-frazioni\\\/\"},\"author\":{\"name\":\"redazione\",\"@id\":\"https:\\\/\\\/www.bellunopress.it\\\/#\\\/schema\\\/person\\\/79bb06722b37ece1c03d3e94beb30d73\"},\"headline\":\"Belluno. Piano asfalti: 500mila euro per strade del centro e frazioni\",\"datePublished\":\"2026-07-09T11:46:03+00:00\",\"mainEntityOfPage\":{\"@id\":\"https:\\\/\\\/www.bellunopress.it\\\/2026\\\/07\\\/09\\\/belluno-piano-asfalti-500mila-euro-per-strade-del-centro-e-frazioni\\\/\"},\"wordCount\":403,\"publisher\":{\"@id\":\"https:\\\/\\\/www.bellunopress.it\\\/#organization\"},\"image\":{\"@id\":\"https:\\\/\\\/www.bellunopress.it\\\/2026\\\/07\\\/09\\\/belluno-piano-asfalti-500mila-euro-per-strade-del-centro-e-frazioni\\\/#primaryimage\"},\"thumbnailUrl\":\"https:\\\/\\\/www.bellunopress.it\\\/wp-content\\\/uploads\\\/2021\\\/05\\\/asfaltature-1_edited.jpg\",\"articleSection\":[\"Cronaca\\\/Politica\"],\"inLanguage\":\"fr-FR\"},{\"@type\":\"WebPage\",\"@id\":\"https:\\\/\\\/www.bellunopress.it\\\/2026\\\/07\\\/09\\\/belluno-piano-asfalti-500mila-euro-per-strade-del-centro-e-frazioni\\\/\",\"url\":\"https:\\\/\\\/www.bellunopress.it\\\/2026\\\/07\\\/09\\\/belluno-piano-asfalti-500mila-euro-per-strade-del-centro-e-frazioni\\\/\",\"name\":\"Belluno. Piano asfalti: 500mila euro per strade del centro e frazioni - Bellunopress - Dolomiti\",\"isPartOf\":{\"@id\":\"https:\\\/\\\/www.bellunopress.it\\\/#website\"},\"primaryImageOfPage\":{\"@id\":\"https:\\\/\\\/www.bellunopress.it\\\/2026\\\/07\\\/09\\\/belluno-piano-asfalti-500mila-euro-per-strade-del-centro-e-frazioni\\\/#primaryimage\"},\"image\":{\"@id\":\"https:\\\/\\\/www.bellunopress.it\\\/2026\\\/07\\\/09\\\/belluno-piano-asfalti-500mila-euro-per-strade-del-centro-e-frazioni\\\/#primaryimage\"},\"thumbnailUrl\":\"https:\\\/\\\/www.bellunopress.it\\\/wp-content\\\/uploads\\\/2021\\\/05\\\/asfaltature-1_edited.jpg\",\"datePublished\":\"2026-07-09T11:46:03+00:00\",\"breadcrumb\":{\"@id\":\"https:\\\/\\\/www.bellunopress.it\\\/2026\\\/07\\\/09\\\/belluno-piano-asfalti-500mila-euro-per-strade-del-centro-e-frazioni\\\/#breadcrumb\"},\"inLanguage\":\"fr-FR\",\"potentialAction\":[{\"@type\":\"ReadAction\",\"target\":[\"https:\\\/\\\/www.bellunopress.it\\\/2026\\\/07\\\/09\\\/belluno-piano-asfalti-500mila-euro-per-strade-del-centro-e-frazioni\\\/\"]}]},{\"@type\":\"ImageObject\",\"inLanguage\":\"fr-FR\",\"@id\":\"https:\\\/\\\/www.bellunopress.it\\\/2026\\\/07\\\/09\\\/belluno-piano-asfalti-500mila-euro-per-strade-del-centro-e-frazioni\\\/#primaryimage\",\"url\":\"https:\\\/\\\/www.bellunopress.it\\\/wp-content\\\/uploads\\\/2021\\\/05\\\/asfaltature-1_edited.jpg\",\"contentUrl\":\"https:\\\/\\\/www.bellunopress.it\\\/wp-content\\\/uploads\\\/2021\\\/05\\\/asfaltature-1_edited.jpg\",\"width\":1000,\"height\":726},{\"@type\":\"BreadcrumbList\",\"@id\":\"https:\\\/\\\/www.bellunopress.it\\\/2026\\\/07\\\/09\\\/belluno-piano-asfalti-500mila-euro-per-strade-del-centro-e-frazioni\\\/#breadcrumb\",\"itemListElement\":[{\"@type\":\"ListItem\",\"position\":1,\"name\":\"Home\",\"item\":\"https:\\\/\\\/www.bellunopress.it\\\/\"},{\"@type\":\"ListItem\",\"position\":2,\"name\":\"Belluno. Piano asfalti: 500mila euro per strade del centro e frazioni\"}]},{\"@type\":\"WebSite\",\"@id\":\"https:\\\/\\\/www.bellunopress.it\\\/#website\",\"url\":\"https:\\\/\\\/www.bellunopress.it\\\/\",\"name\":\"Bellunopress - Dolomiti\",\"description\":\"e-mail: redazione@bellunopress.it\",\"publisher\":{\"@id\":\"https:\\\/\\\/www.bellunopress.it\\\/#organization\"},\"potentialAction\":[{\"@type\":\"SearchAction\",\"target\":{\"@type\":\"EntryPoint\",\"urlTemplate\":\"https:\\\/\\\/www.bellunopress.it\\\/?s={search_term_string}\"},\"query-input\":{\"@type\":\"PropertyValueSpecification\",\"valueRequired\":true,\"valueName\":\"search_term_string\"}}],\"inLanguage\":\"fr-FR\"},{\"@type\":\"Organization\",\"@id\":\"https:\\\/\\\/www.bellunopress.it\\\/#organization\",\"name\":\"Bellunopress\",\"url\":\"https:\\\/\\\/www.bellunopress.it\\\/\",\"logo\":{\"@type\":\"ImageObject\",\"inLanguage\":\"fr-FR\",\"@id\":\"https:\\\/\\\/www.bellunopress.it\\\/#\\\/schema\\\/logo\\\/image\\\/\",\"url\":\"https:\\\/\\\/www.bellunopress.it\\\/wp-content\\\/uploads\\\/2011\\\/05\\\/cropped-logo-bellunopress-.jpg\",\"contentUrl\":\"https:\\\/\\\/www.bellunopress.it\\\/wp-content\\\/uploads\\\/2011\\\/05\\\/cropped-logo-bellunopress-.jpg\",\"width\":512,\"height\":512,\"caption\":\"Bellunopress\"},\"image\":{\"@id\":\"https:\\\/\\\/www.bellunopress.it\\\/#\\\/schema\\\/logo\\\/image\\\/\"},\"sameAs\":[\"https:\\\/\\\/www.facebook.com\\\/profile.php?id=100008943462799\",\"https:\\\/\\\/x.com\\\/bellunopress\",\"https:\\\/\\\/www.linkedin.com\\\/hp\\\/?dnr=JBzUWaJfMUw8vbXJJ2tVW5-I3jZKvC4wsoxE&amp;amp;amp;amp;amp;amp;trk=nav_responsive_tab_home\",\"https:\\\/\\\/www.youtube.com\\\/channel\\\/UCxL0wu1uN0_3_7hGG0306cw\"]},{\"@type\":\"Person\",\"@id\":\"https:\\\/\\\/www.bellunopress.it\\\/#\\\/schema\\\/person\\\/79bb06722b37ece1c03d3e94beb30d73\",\"name\":\"redazione\",\"image\":{\"@type\":\"ImageObject\",\"inLanguage\":\"fr-FR\",\"@id\":\"https:\\\/\\\/secure.gravatar.com\\\/avatar\\\/37d968a2e67a6fd04c169c4bdef102d0bc5d31b2546345219e348575eb80e9a0?s=96&d=mm&r=g\",\"url\":\"https:\\\/\\\/secure.gravatar.com\\\/avatar\\\/37d968a2e67a6fd04c169c4bdef102d0bc5d31b2546345219e348575eb80e9a0?s=96&d=mm&r=g\",\"contentUrl\":\"https:\\\/\\\/secure.gravatar.com\\\/avatar\\\/37d968a2e67a6fd04c169c4bdef102d0bc5d31b2546345219e348575eb80e9a0?s=96&d=mm&r=g\",\"caption\":\"redazione\"},\"sameAs\":[\"http:\\\/\\\/www.bellunopress.it\",\"https:\\\/\\\/x.com\\\/bellunopress\"],\"url\":\"https:\\\/\\\/www.bellunopress.it\\\/fr\\\/author\\\/redazione\\\/\"}]}<\/script>\n<!-- \/ Yoast SEO plugin. -->","yoast_head_json":{"title":"Belluno. Piano asfalti: 500mila euro per strade del centro e frazioni - Bellunopress - Dolomiti","robots":{"index":"index","follow":"follow","max-snippet":"max-snippet:-1","max-image-preview":"max-image-preview:large","max-video-preview":"max-video-preview:-1"},"canonical":"https:\/\/www.bellunopress.it\/fr\/2026\/07\/09\/belluno-piano-asfalti-500mila-euro-per-strade-del-centro-e-frazioni\/","og_locale":"fr_FR","og_type":"article","og_title":"Belluno. Piano asfalti: 500mila euro per strade del centro e frazioni - Bellunopress - Dolomiti","og_description":"Belluno, 09\/07\/2026 &#8211;\u00a0Ha preso il via in questi giorni il piano asfalti 2026, un intervento da 500 mila euro che coinvolger\u00e0 diverse aree del territorio comunale. Il programma interessa infatti sia le zone pi\u00f9 centrali sia le frazioni, attraverso una serie di interventi di manutenzione straordinaria che comprendono il rifacimento delle pavimentazioni, la risagomatura dei [&hellip;]","og_url":"https:\/\/www.bellunopress.it\/fr\/2026\/07\/09\/belluno-piano-asfalti-500mila-euro-per-strade-del-centro-e-frazioni\/","og_site_name":"Bellunopress - Dolomiti","article_publisher":"https:\/\/www.facebook.com\/profile.php?id=100008943462799","article_published_time":"2026-07-09T11:46:03+00:00","og_image":[{"width":1000,"height":726,"url":"https:\/\/www.bellunopress.it\/wp-content\/uploads\/2021\/05\/asfaltature-1_edited.jpg","type":"image\/jpeg"}],"author":"redazione","twitter_card":"summary_large_image","twitter_creator":"@bellunopress","twitter_site":"@bellunopress","twitter_misc":{"Written by":"redazione","Est. reading time":"3 minutes"},"schema":{"@context":"https:\/\/schema.org","@graph":[{"@type":"Article","@id":"https:\/\/www.bellunopress.it\/2026\/07\/09\/belluno-piano-asfalti-500mila-euro-per-strade-del-centro-e-frazioni\/#article","isPartOf":{"@id":"https:\/\/www.bellunopress.it\/2026\/07\/09\/belluno-piano-asfalti-500mila-euro-per-strade-del-centro-e-frazioni\/"},"author":{"name":"redazione","@id":"https:\/\/www.bellunopress.it\/#\/schema\/person\/79bb06722b37ece1c03d3e94beb30d73"},"headline":"Belluno. Piano asfalti: 500mila euro per strade del centro e frazioni","datePublished":"2026-07-09T11:46:03+00:00","mainEntityOfPage":{"@id":"https:\/\/www.bellunopress.it\/2026\/07\/09\/belluno-piano-asfalti-500mila-euro-per-strade-del-centro-e-frazioni\/"},"wordCount":403,"publisher":{"@id":"https:\/\/www.bellunopress.it\/#organization"},"image":{"@id":"https:\/\/www.bellunopress.it\/2026\/07\/09\/belluno-piano-asfalti-500mila-euro-per-strade-del-centro-e-frazioni\/#primaryimage"},"thumbnailUrl":"https:\/\/www.bellunopress.it\/wp-content\/uploads\/2021\/05\/asfaltature-1_edited.jpg","articleSection":["Cronaca\/Politica"],"inLanguage":"fr-FR"},{"@type":"WebPage","@id":"https:\/\/www.bellunopress.it\/2026\/07\/09\/belluno-piano-asfalti-500mila-euro-per-strade-del-centro-e-frazioni\/","url":"https:\/\/www.bellunopress.it\/2026\/07\/09\/belluno-piano-asfalti-500mila-euro-per-strade-del-centro-e-frazioni\/","name":"Belluno. Piano asfalti: 500mila euro per strade del centro e frazioni - Bellunopress - Dolomiti","isPartOf":{"@id":"https:\/\/www.bellunopress.it\/#website"},"primaryImageOfPage":{"@id":"https:\/\/www.bellunopress.it\/2026\/07\/09\/belluno-piano-asfalti-500mila-euro-per-strade-del-centro-e-frazioni\/#primaryimage"},"image":{"@id":"https:\/\/www.bellunopress.it\/2026\/07\/09\/belluno-piano-asfalti-500mila-euro-per-strade-del-centro-e-frazioni\/#primaryimage"},"thumbnailUrl":"https:\/\/www.bellunopress.it\/wp-content\/uploads\/2021\/05\/asfaltature-1_edited.jpg","datePublished":"2026-07-09T11:46:03+00:00","breadcrumb":{"@id":"https:\/\/www.bellunopress.it\/2026\/07\/09\/belluno-piano-asfalti-500mila-euro-per-strade-del-centro-e-frazioni\/#breadcrumb"},"inLanguage":"fr-FR","potentialAction":[{"@type":"ReadAction","target":["https:\/\/www.bellunopress.it\/2026\/07\/09\/belluno-piano-asfalti-500mila-euro-per-strade-del-centro-e-frazioni\/"]}]},{"@type":"ImageObject","inLanguage":"fr-FR","@id":"https:\/\/www.bellunopress.it\/2026\/07\/09\/belluno-piano-asfalti-500mila-euro-per-strade-del-centro-e-frazioni\/#primaryimage","url":"https:\/\/www.bellunopress.it\/wp-content\/uploads\/2021\/05\/asfaltature-1_edited.jpg","contentUrl":"https:\/\/www.bellunopress.it\/wp-content\/uploads\/2021\/05\/asfaltature-1_edited.jpg","width":1000,"height":726},{"@type":"BreadcrumbList","@id":"https:\/\/www.bellunopress.it\/2026\/07\/09\/belluno-piano-asfalti-500mila-euro-per-strade-del-centro-e-frazioni\/#breadcrumb","itemListElement":[{"@type":"ListItem","position":1,"name":"Home","item":"https:\/\/www.bellunopress.it\/"},{"@type":"ListItem","position":2,"name":"Belluno. Piano asfalti: 500mila euro per strade del centro e frazioni"}]},{"@type":"WebSite","@id":"https:\/\/www.bellunopress.it\/#website","url":"https:\/\/www.bellunopress.it\/","name":"Bellunopress - Dolomiti","description":"e-mail: redazione@bellunopress.it","publisher":{"@id":"https:\/\/www.bellunopress.it\/#organization"},"potentialAction":[{"@type":"SearchAction","target":{"@type":"EntryPoint","urlTemplate":"https:\/\/www.bellunopress.it\/?s={search_term_string}"},"query-input":{"@type":"PropertyValueSpecification","valueRequired":true,"valueName":"search_term_string"}}],"inLanguage":"fr-FR"},{"@type":"Organization","@id":"https:\/\/www.bellunopress.it\/#organization","name":"Bellunopress","url":"https:\/\/www.bellunopress.it\/","logo":{"@type":"ImageObject","inLanguage":"fr-FR","@id":"https:\/\/www.bellunopress.it\/#\/schema\/logo\/image\/","url":"https:\/\/www.bellunopress.it\/wp-content\/uploads\/2011\/05\/cropped-logo-bellunopress-.jpg","contentUrl":"https:\/\/www.bellunopress.it\/wp-content\/uploads\/2011\/05\/cropped-logo-bellunopress-.jpg","width":512,"height":512,"caption":"Bellunopress"},"image":{"@id":"https:\/\/www.bellunopress.it\/#\/schema\/logo\/image\/"},"sameAs":["https:\/\/www.facebook.com\/profile.php?id=100008943462799","https:\/\/x.com\/bellunopress","https:\/\/www.linkedin.com\/hp\/?dnr=JBzUWaJfMUw8vbXJJ2tVW5-I3jZKvC4wsoxE&amp;amp;amp;amp;amp;amp;trk=nav_responsive_tab_home","https:\/\/www.youtube.com\/channel\/UCxL0wu1uN0_3_7hGG0306cw"]},{"@type":"Person","@id":"https:\/\/www.bellunopress.it\/#\/schema\/person\/79bb06722b37ece1c03d3e94beb30d73","name":"r\u00e9daction","image":{"@type":"ImageObject","inLanguage":"fr-FR","@id":"https:\/\/secure.gravatar.com\/avatar\/37d968a2e67a6fd04c169c4bdef102d0bc5d31b2546345219e348575eb80e9a0?s=96&d=mm&r=g","url":"https:\/\/secure.gravatar.com\/avatar\/37d968a2e67a6fd04c169c4bdef102d0bc5d31b2546345219e348575eb80e9a0?s=96&d=mm&r=g","contentUrl":"https:\/\/secure.gravatar.com\/avatar\/37d968a2e67a6fd04c169c4bdef102d0bc5d31b2546345219e348575eb80e9a0?s=96&d=mm&r=g","caption":"redazione"},"sameAs":["http:\/\/www.bellunopress.it","https:\/\/x.com\/bellunopress"],"url":"https:\/\/www.bellunopress.it\/fr\/author\/redazione\/"}]}},"_links":{"self":[{"href":"https:\/\/www.bellunopress.it\/fr\/wp-json\/wp\/v2\/posts\/171801","targetHints":{"allow":["GET"]}}],"collection":[{"href":"https:\/\/www.bellunopress.it\/fr\/wp-json\/wp\/v2\/posts"}],"about":[{"href":"https:\/\/www.bellunopress.it\/fr\/wp-json\/wp\/v2\/types\/post"}],"author":[{"embeddable":true,"href":"https:\/\/www.bellunopress.it\/fr\/wp-json\/wp\/v2\/users\/2"}],"replies":[{"embeddable":true,"href":"https:\/\/www.bellunopress.it\/fr\/wp-json\/wp\/v2\/comments?post=171801"}],"version-history":[{"count":1,"href":"https:\/\/www.bellunopress.it\/fr\/wp-json\/wp\/v2\/posts\/171801\/revisions"}],"predecessor-version":[{"id":171802,"href":"https:\/\/www.bellunopress.it\/fr\/wp-json\/wp\/v2\/posts\/171801\/revisions\/171802"}],"wp:featuredmedia":[{"embeddable":true,"href":"https:\/\/www.bellunopress.it\/fr\/wp-json\/wp\/v2\/media\/124383"}],"wp:attachment":[{"href":"https:\/\/www.bellunopress.it\/fr\/wp-json\/wp\/v2\/media?parent=171801"}],"wp:term":[{"taxonomy":"category","embeddable":true,"href":"https:\/\/www.bellunopress.it\/fr\/wp-json\/wp\/v2\/categories?post=171801"},{"taxonomy":"post_tag","embeddable":true,"href":"https:\/\/www.bellunopress.it\/fr\/wp-json\/wp\/v2\/tags?post=171801"}],"curies":[{"name":"wp","href":"https:\/\/api.w.org\/{rel}","templated":true}]}}