{"id":171799,"date":"2026-07-09T11:44:35","date_gmt":"2026-07-09T09:44:35","guid":{"rendered":"https:\/\/www.bellunopress.it\/?p=171799"},"modified":"2026-07-09T11:44:35","modified_gmt":"2026-07-09T09:44:35","slug":"nutrire-il-cambiamento-il-nuovo-bando-di-cariverona-per-lagricoltura","status":"publish","type":"post","link":"https:\/\/www.bellunopress.it\/fr\/2026\/07\/09\/nutrire-il-cambiamento-il-nuovo-bando-di-cariverona-per-lagricoltura\/","title":{"rendered":"Nutrire il cambiamento, il nuovo bando di Cariverona per l&#8217;agricoltura"},"content":{"rendered":"<p>Verona, 9 luglio 2026 &#8211; La terra torna a generare futuro . Fondazione Cariverona lancia il bando \u201cNutrire il cambiamento\u201d, 2,5 milioni di euro per agricoltura sostenibile, giovani imprese e rigenerazione locale:<br \/>\n\u2022 2,5 milioni di euro per sostenere progetti di agricoltura sostenibile e rigenerazione locale nelle province di Verona, Vicenza, Belluno, Mantova e Ancona<br \/>\n\u2022 Il bando \u201cNutrire il cambiamento\u201d punta a rafforzare il legame tra agricoltura, comunit\u00e0 e territorio, sostenendo progettualit\u00e0 riferite a specie e variet\u00e0 agricole locali e tradizionali, biodiversit\u00e0 coltivata e pratiche sostenibili<br \/>\n\u2022 Due le linee di intervento: recupero di spazi e terreni urbani o periurbani abbandonati e sostegno all\u2019imprenditoria agricola giovanile nelle aree interne e marginali<br \/>\n\u2022 Al centro: visione territoriale, reti tra soggetti diversi, nuove opportunit\u00e0 economiche e sociali, contrasto allo spopolamento e partecipazione attiva delle comunit\u00e0<br \/>\n\u2022 Candidature online entro le ore 13.00 di venerd\u00ec 25 settembre 2026<\/p>\n<p>In un Paese che consuma suolo, perde biodiversit\u00e0 coltivata e vede molte aree interne fare i conti con spopolamento e marginalit\u00e0, l\u2019agricoltura non \u00e8 pi\u00f9 soltanto una questione produttiva. \u00c8 una delle grandi sfide civili del nostro tempo: riguarda il cibo che mangiamo, la qualit\u00e0 dell\u2019ambiente in cui viviamo, il futuro dei giovani e la capacit\u00e0 delle comunit\u00e0 di prendersi cura dei propri luoghi.<br \/>\nParte da questa consapevolezza il nuovo bando \u201cNutrire il cambiamento &#8211; Agricoltura sostenibile e rigenerazione locale\u201d, promosso da Fondazione Cariverona con una dotazione di 2,5 milioni di euro. L\u2019iniziativa sostiene progetti capaci di rafforzare il legame tra agricoltura, comunit\u00e0 e territorio, trasformando spazi abbandonati, terreni sottoutilizzati e aree fragili in occasioni concrete di sviluppo, inclusione e nuova attrattivit\u00e0.<\/p>\n<figure id=\"attachment_149198\" aria-describedby=\"caption-attachment-149198\" style=\"width: 1000px\" class=\"wp-caption aligncenter\"><img loading=\"lazy\" decoding=\"async\" class=\"size-full wp-image-149198\" src=\"https:\/\/www.bellunopress.it\/wp-content\/uploads\/2024\/03\/Bruno-Giordano-presidente-Fondazione-Cariverona.jpg\" alt=\"\" width=\"1000\" height=\"667\" srcset=\"https:\/\/www.bellunopress.it\/wp-content\/uploads\/2024\/03\/Bruno-Giordano-presidente-Fondazione-Cariverona.jpg 1000w, https:\/\/www.bellunopress.it\/wp-content\/uploads\/2024\/03\/Bruno-Giordano-presidente-Fondazione-Cariverona-500x334.jpg 500w, https:\/\/www.bellunopress.it\/wp-content\/uploads\/2024\/03\/Bruno-Giordano-presidente-Fondazione-Cariverona-630x420.jpg 630w, https:\/\/www.bellunopress.it\/wp-content\/uploads\/2024\/03\/Bruno-Giordano-presidente-Fondazione-Cariverona-696x464.jpg 696w\" sizes=\"auto, (max-width: 1000px) 100vw, 1000px\" \/><figcaption id=\"caption-attachment-149198\" class=\"wp-caption-text\">Bruno Giordano &#8211; Presidente Fondazione Cariverona<\/figcaption><\/figure>\n<p>\u201cIl tema agricolo non riguarda solo chi lavora la terra: riguarda tutti noi\u201d, sottolinea Bruno Giordano, presidente di Fondazione Cariverona. \u201cIn un momento storico in cui i territori competono sulla loro capacit\u00e0 di attrarre giovani, competenze e investimenti, dobbiamo guardare all\u2019agricoltura sostenibile come a una leva di futuro. Recuperare un terreno abbandonato, dare spazio a un giovane che vuole fare impresa agricola, valorizzare una coltura locale significa creare condizioni perch\u00e9 le persone restino, tornino, investano. Non cerchiamo iniziative isolate, ma progetti con una visione chiara, capaci di tenere insieme ambiente, economia, comunit\u00e0 e formazione\u201d.<br \/>\nIl bando nasce in un momento in cui il consumo di suolo, la perdita di variet\u00e0 agricole locali e lo svuotamento delle aree pi\u00f9 fragili non possono essere letti come fenomeni separati. Sono segnali di uno stesso indebolimento: quello del rapporto tra comunit\u00e0 e terra, tra produzione di cibo e cura dei territori, tra radici locali e possibilit\u00e0 di costruire futuro. Per questo la Fondazione sceglie di sostenere iniziative di sistema, riferite a specie e variet\u00e0 agricole locali e tradizionali, e fondate su alleanze solide, capaci di produrre effetti anche dopo la conclusione del finanziamento.<br \/>\nLa prima linea di intervento riguarda agricoltura urbana, periurbana e cittadinanza attiva. Saranno sostenuti progetti finalizzati alla riattivazione di spazi e terreni oggi abbandonati, sottoutilizzati o non adeguatamente valorizzati nelle citt\u00e0 e nelle aree di prossimit\u00e0. L\u2019obiettivo \u00e8 farli tornare luoghi vivi: non solo aree verdi, ma spazi produttivi, educativi e comunitari, dove pratiche di agricoltura sostenibile, colture locali, partecipazione dei cittadini e percorsi rivolti alle giovani generazioni possano rafforzarsi a vicenda. Per questa linea il contributo richiedibile va da 80mila a 150mila euro, con un cofinanziamento minimo pari al 20% del costo totale del progetto.<br \/>\nLa seconda linea guarda invece alle aree interne e marginali, dove l\u2019agricoltura pu\u00f2 diventare un presidio contro lo spopolamento e una strada concreta per creare lavoro. Saranno sostenuti progetti pilota multi-attore dedicati all\u2019imprenditoria agricola giovanile under 40, attraverso percorsi di formazione, accompagnamento, tutoraggio e affiancamento. In questo caso non \u00e8 richiesto cofinanziamento e il contributo potr\u00e0 arrivare fino a 50mila euro.<br \/>\nA fare la differenza, in entrambe le linee, sar\u00e0 la capacit\u00e0 dei progetti di leggere davvero il territorio in cui nascono. Fondazione Cariverona non cerca interventi isolati o iniziative episodiche, ma proposte capaci di mettere insieme competenze diverse: enti pubblici, realt\u00e0 non profit, soggetti produttivi, esperienze educative, comunit\u00e0 locali. Il valore non star\u00e0 solo nell\u2019idea iniziale, ma nella possibilit\u00e0 di trasformarla in un percorso concreto, sostenibile e riconoscibile nel tempo.<\/p>\n<p>\u201cLe buone idee non bastano se restano sole\u201d, prosegue Giordano. \u201cServe la capacit\u00e0 di mettere intorno allo stesso tavolo soggetti diversi, ciascuno con un ruolo preciso. \u00c8 cos\u00ec che un terreno diventa un progetto, un progetto diventa una filiera, una filiera pu\u00f2 diventare sviluppo. Come Fondazione siamo impegnati da tempo sui temi dell\u2019innovazione agrifood, della sostenibilit\u00e0 e della crescita dei territori: questo bando aggiunge un tassello importante, perch\u00e9 porta queste sfide dentro le comunit\u00e0, nei luoghi dove possono produrre cambiamento reale\u201d.<\/p>\n<p>I progetti potranno avere una durata massima di 24 mesi ed essere presentati da enti pubblici e soggetti no profit con sede legale o operativa nelle province di Verona, Vicenza, Belluno, Mantova e Ancona, in partnership coerenti con gli obiettivi della linea scelta.<br \/>\nLe candidature dovranno essere inviate esclusivamente online attraverso l\u2019Area Riservata del sito di Fondazione Cariverona, utilizzando il Modulo ROL corrispondente alla linea di intervento prescelta, entro le ore 13.00 di venerd\u00ec 25 settembre 2026.<br \/>\nLa sfida, in fondo, \u00e8 semplice da capire e decisiva per il futuro: tornare a considerare la terra non come uno spazio vuoto da consumare o abbandonare, ma come una risorsa capace di generare comunit\u00e0, lavoro e nuove possibilit\u00e0.<\/p>\n<p>&nbsp;<\/p>","protected":false},"excerpt":{"rendered":"<p>Verona, 9 luglio 2026 &#8211; La terra torna a generare futuro . Fondazione Cariverona lancia il bando \u201cNutrire il cambiamento\u201d, 2,5 milioni di euro per agricoltura sostenibile, giovani imprese e rigenerazione locale: \u2022 2,5 milioni di euro per sostenere progetti di agricoltura sostenibile e rigenerazione locale nelle province di Verona, Vicenza, Belluno, Mantova e Ancona [&hellip;]<\/p>\n","protected":false},"author":2,"featured_media":138962,"comment_status":"closed","ping_status":"open","sticky":false,"template":"","format":"standard","meta":{"footnotes":""},"categories":[36,26],"tags":[],"class_list":["post-171799","post","type-post","status-publish","format-standard","has-post-thumbnail","category-lavoro-economia","category-prima-pagina"],"yoast_head":"<!-- This site is optimized with the Yoast SEO plugin v28.4 - https:\/\/yoast.com\/product\/yoast-seo-wordpress\/ -->\n<title>Nutrire il cambiamento, il nuovo bando di Cariverona per l&#039;agricoltura - Bellunopress - Dolomiti<\/title>\n<meta name=\"robots\" content=\"index, follow, max-snippet:-1, max-image-preview:large, max-video-preview:-1\" \/>\n<link rel=\"canonical\" href=\"https:\/\/www.bellunopress.it\/fr\/2026\/07\/09\/nutrire-il-cambiamento-il-nuovo-bando-di-cariverona-per-lagricoltura\/\" \/>\n<meta property=\"og:locale\" content=\"fr_FR\" \/>\n<meta property=\"og:type\" content=\"article\" \/>\n<meta property=\"og:title\" content=\"Nutrire il cambiamento, il nuovo bando di Cariverona per l&#039;agricoltura - Bellunopress - Dolomiti\" \/>\n<meta property=\"og:description\" content=\"Verona, 9 luglio 2026 &#8211; La terra torna a generare futuro . Fondazione Cariverona lancia il bando \u201cNutrire il cambiamento\u201d, 2,5 milioni di euro per agricoltura sostenibile, giovani imprese e rigenerazione locale: \u2022 2,5 milioni di euro per sostenere progetti di agricoltura sostenibile e rigenerazione locale nelle province di Verona, Vicenza, Belluno, Mantova e Ancona [&hellip;]\" \/>\n<meta property=\"og:url\" content=\"https:\/\/www.bellunopress.it\/fr\/2026\/07\/09\/nutrire-il-cambiamento-il-nuovo-bando-di-cariverona-per-lagricoltura\/\" \/>\n<meta property=\"og:site_name\" content=\"Bellunopress - Dolomiti\" \/>\n<meta property=\"article:publisher\" content=\"https:\/\/www.facebook.com\/profile.php?id=100008943462799\" \/>\n<meta property=\"article:published_time\" content=\"2026-07-09T09:44:35+00:00\" \/>\n<meta property=\"og:image\" content=\"https:\/\/www.bellunopress.it\/wp-content\/uploads\/2023\/01\/Fondazione-Cariverona_edited.jpg\" \/>\n\t<meta property=\"og:image:width\" content=\"1000\" \/>\n\t<meta property=\"og:image:height\" content=\"297\" \/>\n\t<meta property=\"og:image:type\" content=\"image\/jpeg\" \/>\n<meta name=\"author\" content=\"redazione\" \/>\n<meta name=\"twitter:card\" content=\"summary_large_image\" \/>\n<meta name=\"twitter:creator\" content=\"@bellunopress\" \/>\n<meta name=\"twitter:site\" content=\"@bellunopress\" \/>\n<meta name=\"twitter:label1\" content=\"Written by\" \/>\n\t<meta name=\"twitter:data1\" content=\"redazione\" \/>\n\t<meta name=\"twitter:label2\" content=\"Est. reading time\" \/>\n\t<meta name=\"twitter:data2\" content=\"6 minutes\" \/>\n<script type=\"application\/ld+json\" class=\"yoast-schema-graph\">{\"@context\":\"https:\\\/\\\/schema.org\",\"@graph\":[{\"@type\":\"Article\",\"@id\":\"https:\\\/\\\/www.bellunopress.it\\\/2026\\\/07\\\/09\\\/nutrire-il-cambiamento-il-nuovo-bando-di-cariverona-per-lagricoltura\\\/#article\",\"isPartOf\":{\"@id\":\"https:\\\/\\\/www.bellunopress.it\\\/2026\\\/07\\\/09\\\/nutrire-il-cambiamento-il-nuovo-bando-di-cariverona-per-lagricoltura\\\/\"},\"author\":{\"name\":\"redazione\",\"@id\":\"https:\\\/\\\/www.bellunopress.it\\\/#\\\/schema\\\/person\\\/79bb06722b37ece1c03d3e94beb30d73\"},\"headline\":\"Nutrire il cambiamento, il nuovo bando di Cariverona per l&#8217;agricoltura\",\"datePublished\":\"2026-07-09T09:44:35+00:00\",\"mainEntityOfPage\":{\"@id\":\"https:\\\/\\\/www.bellunopress.it\\\/2026\\\/07\\\/09\\\/nutrire-il-cambiamento-il-nuovo-bando-di-cariverona-per-lagricoltura\\\/\"},\"wordCount\":891,\"publisher\":{\"@id\":\"https:\\\/\\\/www.bellunopress.it\\\/#organization\"},\"image\":{\"@id\":\"https:\\\/\\\/www.bellunopress.it\\\/2026\\\/07\\\/09\\\/nutrire-il-cambiamento-il-nuovo-bando-di-cariverona-per-lagricoltura\\\/#primaryimage\"},\"thumbnailUrl\":\"https:\\\/\\\/www.bellunopress.it\\\/wp-content\\\/uploads\\\/2023\\\/01\\\/Fondazione-Cariverona_edited.jpg\",\"articleSection\":[\"Lavoro, Economia, Turismo\",\"Prima Pagina\"],\"inLanguage\":\"fr-FR\"},{\"@type\":\"WebPage\",\"@id\":\"https:\\\/\\\/www.bellunopress.it\\\/2026\\\/07\\\/09\\\/nutrire-il-cambiamento-il-nuovo-bando-di-cariverona-per-lagricoltura\\\/\",\"url\":\"https:\\\/\\\/www.bellunopress.it\\\/2026\\\/07\\\/09\\\/nutrire-il-cambiamento-il-nuovo-bando-di-cariverona-per-lagricoltura\\\/\",\"name\":\"Nutrire il cambiamento, il nuovo bando di Cariverona per l'agricoltura - Bellunopress - Dolomiti\",\"isPartOf\":{\"@id\":\"https:\\\/\\\/www.bellunopress.it\\\/#website\"},\"primaryImageOfPage\":{\"@id\":\"https:\\\/\\\/www.bellunopress.it\\\/2026\\\/07\\\/09\\\/nutrire-il-cambiamento-il-nuovo-bando-di-cariverona-per-lagricoltura\\\/#primaryimage\"},\"image\":{\"@id\":\"https:\\\/\\\/www.bellunopress.it\\\/2026\\\/07\\\/09\\\/nutrire-il-cambiamento-il-nuovo-bando-di-cariverona-per-lagricoltura\\\/#primaryimage\"},\"thumbnailUrl\":\"https:\\\/\\\/www.bellunopress.it\\\/wp-content\\\/uploads\\\/2023\\\/01\\\/Fondazione-Cariverona_edited.jpg\",\"datePublished\":\"2026-07-09T09:44:35+00:00\",\"breadcrumb\":{\"@id\":\"https:\\\/\\\/www.bellunopress.it\\\/2026\\\/07\\\/09\\\/nutrire-il-cambiamento-il-nuovo-bando-di-cariverona-per-lagricoltura\\\/#breadcrumb\"},\"inLanguage\":\"fr-FR\",\"potentialAction\":[{\"@type\":\"ReadAction\",\"target\":[\"https:\\\/\\\/www.bellunopress.it\\\/2026\\\/07\\\/09\\\/nutrire-il-cambiamento-il-nuovo-bando-di-cariverona-per-lagricoltura\\\/\"]}]},{\"@type\":\"ImageObject\",\"inLanguage\":\"fr-FR\",\"@id\":\"https:\\\/\\\/www.bellunopress.it\\\/2026\\\/07\\\/09\\\/nutrire-il-cambiamento-il-nuovo-bando-di-cariverona-per-lagricoltura\\\/#primaryimage\",\"url\":\"https:\\\/\\\/www.bellunopress.it\\\/wp-content\\\/uploads\\\/2023\\\/01\\\/Fondazione-Cariverona_edited.jpg\",\"contentUrl\":\"https:\\\/\\\/www.bellunopress.it\\\/wp-content\\\/uploads\\\/2023\\\/01\\\/Fondazione-Cariverona_edited.jpg\",\"width\":1000,\"height\":297},{\"@type\":\"BreadcrumbList\",\"@id\":\"https:\\\/\\\/www.bellunopress.it\\\/2026\\\/07\\\/09\\\/nutrire-il-cambiamento-il-nuovo-bando-di-cariverona-per-lagricoltura\\\/#breadcrumb\",\"itemListElement\":[{\"@type\":\"ListItem\",\"position\":1,\"name\":\"Home\",\"item\":\"https:\\\/\\\/www.bellunopress.it\\\/\"},{\"@type\":\"ListItem\",\"position\":2,\"name\":\"Nutrire il cambiamento, il nuovo bando di Cariverona per l&#8217;agricoltura\"}]},{\"@type\":\"WebSite\",\"@id\":\"https:\\\/\\\/www.bellunopress.it\\\/#website\",\"url\":\"https:\\\/\\\/www.bellunopress.it\\\/\",\"name\":\"Bellunopress - Dolomiti\",\"description\":\"e-mail: redazione@bellunopress.it\",\"publisher\":{\"@id\":\"https:\\\/\\\/www.bellunopress.it\\\/#organization\"},\"potentialAction\":[{\"@type\":\"SearchAction\",\"target\":{\"@type\":\"EntryPoint\",\"urlTemplate\":\"https:\\\/\\\/www.bellunopress.it\\\/?s={search_term_string}\"},\"query-input\":{\"@type\":\"PropertyValueSpecification\",\"valueRequired\":true,\"valueName\":\"search_term_string\"}}],\"inLanguage\":\"fr-FR\"},{\"@type\":\"Organization\",\"@id\":\"https:\\\/\\\/www.bellunopress.it\\\/#organization\",\"name\":\"Bellunopress\",\"url\":\"https:\\\/\\\/www.bellunopress.it\\\/\",\"logo\":{\"@type\":\"ImageObject\",\"inLanguage\":\"fr-FR\",\"@id\":\"https:\\\/\\\/www.bellunopress.it\\\/#\\\/schema\\\/logo\\\/image\\\/\",\"url\":\"https:\\\/\\\/www.bellunopress.it\\\/wp-content\\\/uploads\\\/2011\\\/05\\\/cropped-logo-bellunopress-.jpg\",\"contentUrl\":\"https:\\\/\\\/www.bellunopress.it\\\/wp-content\\\/uploads\\\/2011\\\/05\\\/cropped-logo-bellunopress-.jpg\",\"width\":512,\"height\":512,\"caption\":\"Bellunopress\"},\"image\":{\"@id\":\"https:\\\/\\\/www.bellunopress.it\\\/#\\\/schema\\\/logo\\\/image\\\/\"},\"sameAs\":[\"https:\\\/\\\/www.facebook.com\\\/profile.php?id=100008943462799\",\"https:\\\/\\\/x.com\\\/bellunopress\",\"https:\\\/\\\/www.linkedin.com\\\/hp\\\/?dnr=JBzUWaJfMUw8vbXJJ2tVW5-I3jZKvC4wsoxE&amp;amp;amp;amp;amp;amp;trk=nav_responsive_tab_home\",\"https:\\\/\\\/www.youtube.com\\\/channel\\\/UCxL0wu1uN0_3_7hGG0306cw\"]},{\"@type\":\"Person\",\"@id\":\"https:\\\/\\\/www.bellunopress.it\\\/#\\\/schema\\\/person\\\/79bb06722b37ece1c03d3e94beb30d73\",\"name\":\"redazione\",\"image\":{\"@type\":\"ImageObject\",\"inLanguage\":\"fr-FR\",\"@id\":\"https:\\\/\\\/secure.gravatar.com\\\/avatar\\\/37d968a2e67a6fd04c169c4bdef102d0bc5d31b2546345219e348575eb80e9a0?s=96&d=mm&r=g\",\"url\":\"https:\\\/\\\/secure.gravatar.com\\\/avatar\\\/37d968a2e67a6fd04c169c4bdef102d0bc5d31b2546345219e348575eb80e9a0?s=96&d=mm&r=g\",\"contentUrl\":\"https:\\\/\\\/secure.gravatar.com\\\/avatar\\\/37d968a2e67a6fd04c169c4bdef102d0bc5d31b2546345219e348575eb80e9a0?s=96&d=mm&r=g\",\"caption\":\"redazione\"},\"sameAs\":[\"http:\\\/\\\/www.bellunopress.it\",\"https:\\\/\\\/x.com\\\/bellunopress\"],\"url\":\"https:\\\/\\\/www.bellunopress.it\\\/fr\\\/author\\\/redazione\\\/\"}]}<\/script>\n<!-- \/ Yoast SEO plugin. -->","yoast_head_json":{"title":"Nutrire il cambiamento, il nuovo bando di Cariverona per l'agricoltura - Bellunopress - Dolomiti","robots":{"index":"index","follow":"follow","max-snippet":"max-snippet:-1","max-image-preview":"max-image-preview:large","max-video-preview":"max-video-preview:-1"},"canonical":"https:\/\/www.bellunopress.it\/fr\/2026\/07\/09\/nutrire-il-cambiamento-il-nuovo-bando-di-cariverona-per-lagricoltura\/","og_locale":"fr_FR","og_type":"article","og_title":"Nutrire il cambiamento, il nuovo bando di Cariverona per l'agricoltura - Bellunopress - Dolomiti","og_description":"Verona, 9 luglio 2026 &#8211; La terra torna a generare futuro . Fondazione Cariverona lancia il bando \u201cNutrire il cambiamento\u201d, 2,5 milioni di euro per agricoltura sostenibile, giovani imprese e rigenerazione locale: \u2022 2,5 milioni di euro per sostenere progetti di agricoltura sostenibile e rigenerazione locale nelle province di Verona, Vicenza, Belluno, Mantova e Ancona [&hellip;]","og_url":"https:\/\/www.bellunopress.it\/fr\/2026\/07\/09\/nutrire-il-cambiamento-il-nuovo-bando-di-cariverona-per-lagricoltura\/","og_site_name":"Bellunopress - Dolomiti","article_publisher":"https:\/\/www.facebook.com\/profile.php?id=100008943462799","article_published_time":"2026-07-09T09:44:35+00:00","og_image":[{"width":1000,"height":297,"url":"https:\/\/www.bellunopress.it\/wp-content\/uploads\/2023\/01\/Fondazione-Cariverona_edited.jpg","type":"image\/jpeg"}],"author":"redazione","twitter_card":"summary_large_image","twitter_creator":"@bellunopress","twitter_site":"@bellunopress","twitter_misc":{"Written by":"redazione","Est. reading time":"6 minutes"},"schema":{"@context":"https:\/\/schema.org","@graph":[{"@type":"Article","@id":"https:\/\/www.bellunopress.it\/2026\/07\/09\/nutrire-il-cambiamento-il-nuovo-bando-di-cariverona-per-lagricoltura\/#article","isPartOf":{"@id":"https:\/\/www.bellunopress.it\/2026\/07\/09\/nutrire-il-cambiamento-il-nuovo-bando-di-cariverona-per-lagricoltura\/"},"author":{"name":"redazione","@id":"https:\/\/www.bellunopress.it\/#\/schema\/person\/79bb06722b37ece1c03d3e94beb30d73"},"headline":"Nutrire il cambiamento, il nuovo bando di Cariverona per l&#8217;agricoltura","datePublished":"2026-07-09T09:44:35+00:00","mainEntityOfPage":{"@id":"https:\/\/www.bellunopress.it\/2026\/07\/09\/nutrire-il-cambiamento-il-nuovo-bando-di-cariverona-per-lagricoltura\/"},"wordCount":891,"publisher":{"@id":"https:\/\/www.bellunopress.it\/#organization"},"image":{"@id":"https:\/\/www.bellunopress.it\/2026\/07\/09\/nutrire-il-cambiamento-il-nuovo-bando-di-cariverona-per-lagricoltura\/#primaryimage"},"thumbnailUrl":"https:\/\/www.bellunopress.it\/wp-content\/uploads\/2023\/01\/Fondazione-Cariverona_edited.jpg","articleSection":["Lavoro, Economia, Turismo","Prima Pagina"],"inLanguage":"fr-FR"},{"@type":"WebPage","@id":"https:\/\/www.bellunopress.it\/2026\/07\/09\/nutrire-il-cambiamento-il-nuovo-bando-di-cariverona-per-lagricoltura\/","url":"https:\/\/www.bellunopress.it\/2026\/07\/09\/nutrire-il-cambiamento-il-nuovo-bando-di-cariverona-per-lagricoltura\/","name":"Nutrire il cambiamento, il nuovo bando di Cariverona per l'agricoltura - Bellunopress - Dolomiti","isPartOf":{"@id":"https:\/\/www.bellunopress.it\/#website"},"primaryImageOfPage":{"@id":"https:\/\/www.bellunopress.it\/2026\/07\/09\/nutrire-il-cambiamento-il-nuovo-bando-di-cariverona-per-lagricoltura\/#primaryimage"},"image":{"@id":"https:\/\/www.bellunopress.it\/2026\/07\/09\/nutrire-il-cambiamento-il-nuovo-bando-di-cariverona-per-lagricoltura\/#primaryimage"},"thumbnailUrl":"https:\/\/www.bellunopress.it\/wp-content\/uploads\/2023\/01\/Fondazione-Cariverona_edited.jpg","datePublished":"2026-07-09T09:44:35+00:00","breadcrumb":{"@id":"https:\/\/www.bellunopress.it\/2026\/07\/09\/nutrire-il-cambiamento-il-nuovo-bando-di-cariverona-per-lagricoltura\/#breadcrumb"},"inLanguage":"fr-FR","potentialAction":[{"@type":"ReadAction","target":["https:\/\/www.bellunopress.it\/2026\/07\/09\/nutrire-il-cambiamento-il-nuovo-bando-di-cariverona-per-lagricoltura\/"]}]},{"@type":"ImageObject","inLanguage":"fr-FR","@id":"https:\/\/www.bellunopress.it\/2026\/07\/09\/nutrire-il-cambiamento-il-nuovo-bando-di-cariverona-per-lagricoltura\/#primaryimage","url":"https:\/\/www.bellunopress.it\/wp-content\/uploads\/2023\/01\/Fondazione-Cariverona_edited.jpg","contentUrl":"https:\/\/www.bellunopress.it\/wp-content\/uploads\/2023\/01\/Fondazione-Cariverona_edited.jpg","width":1000,"height":297},{"@type":"BreadcrumbList","@id":"https:\/\/www.bellunopress.it\/2026\/07\/09\/nutrire-il-cambiamento-il-nuovo-bando-di-cariverona-per-lagricoltura\/#breadcrumb","itemListElement":[{"@type":"ListItem","position":1,"name":"Home","item":"https:\/\/www.bellunopress.it\/"},{"@type":"ListItem","position":2,"name":"Nutrire il cambiamento, il nuovo bando di Cariverona per l&#8217;agricoltura"}]},{"@type":"WebSite","@id":"https:\/\/www.bellunopress.it\/#website","url":"https:\/\/www.bellunopress.it\/","name":"Bellunopress - Dolomiti","description":"e-mail: redazione@bellunopress.it","publisher":{"@id":"https:\/\/www.bellunopress.it\/#organization"},"potentialAction":[{"@type":"SearchAction","target":{"@type":"EntryPoint","urlTemplate":"https:\/\/www.bellunopress.it\/?s={search_term_string}"},"query-input":{"@type":"PropertyValueSpecification","valueRequired":true,"valueName":"search_term_string"}}],"inLanguage":"fr-FR"},{"@type":"Organization","@id":"https:\/\/www.bellunopress.it\/#organization","name":"Bellunopress","url":"https:\/\/www.bellunopress.it\/","logo":{"@type":"ImageObject","inLanguage":"fr-FR","@id":"https:\/\/www.bellunopress.it\/#\/schema\/logo\/image\/","url":"https:\/\/www.bellunopress.it\/wp-content\/uploads\/2011\/05\/cropped-logo-bellunopress-.jpg","contentUrl":"https:\/\/www.bellunopress.it\/wp-content\/uploads\/2011\/05\/cropped-logo-bellunopress-.jpg","width":512,"height":512,"caption":"Bellunopress"},"image":{"@id":"https:\/\/www.bellunopress.it\/#\/schema\/logo\/image\/"},"sameAs":["https:\/\/www.facebook.com\/profile.php?id=100008943462799","https:\/\/x.com\/bellunopress","https:\/\/www.linkedin.com\/hp\/?dnr=JBzUWaJfMUw8vbXJJ2tVW5-I3jZKvC4wsoxE&amp;amp;amp;amp;amp;amp;trk=nav_responsive_tab_home","https:\/\/www.youtube.com\/channel\/UCxL0wu1uN0_3_7hGG0306cw"]},{"@type":"Person","@id":"https:\/\/www.bellunopress.it\/#\/schema\/person\/79bb06722b37ece1c03d3e94beb30d73","name":"r\u00e9daction","image":{"@type":"ImageObject","inLanguage":"fr-FR","@id":"https:\/\/secure.gravatar.com\/avatar\/37d968a2e67a6fd04c169c4bdef102d0bc5d31b2546345219e348575eb80e9a0?s=96&d=mm&r=g","url":"https:\/\/secure.gravatar.com\/avatar\/37d968a2e67a6fd04c169c4bdef102d0bc5d31b2546345219e348575eb80e9a0?s=96&d=mm&r=g","contentUrl":"https:\/\/secure.gravatar.com\/avatar\/37d968a2e67a6fd04c169c4bdef102d0bc5d31b2546345219e348575eb80e9a0?s=96&d=mm&r=g","caption":"redazione"},"sameAs":["http:\/\/www.bellunopress.it","https:\/\/x.com\/bellunopress"],"url":"https:\/\/www.bellunopress.it\/fr\/author\/redazione\/"}]}},"_links":{"self":[{"href":"https:\/\/www.bellunopress.it\/fr\/wp-json\/wp\/v2\/posts\/171799","targetHints":{"allow":["GET"]}}],"collection":[{"href":"https:\/\/www.bellunopress.it\/fr\/wp-json\/wp\/v2\/posts"}],"about":[{"href":"https:\/\/www.bellunopress.it\/fr\/wp-json\/wp\/v2\/types\/post"}],"author":[{"embeddable":true,"href":"https:\/\/www.bellunopress.it\/fr\/wp-json\/wp\/v2\/users\/2"}],"replies":[{"embeddable":true,"href":"https:\/\/www.bellunopress.it\/fr\/wp-json\/wp\/v2\/comments?post=171799"}],"version-history":[{"count":1,"href":"https:\/\/www.bellunopress.it\/fr\/wp-json\/wp\/v2\/posts\/171799\/revisions"}],"predecessor-version":[{"id":171800,"href":"https:\/\/www.bellunopress.it\/fr\/wp-json\/wp\/v2\/posts\/171799\/revisions\/171800"}],"wp:featuredmedia":[{"embeddable":true,"href":"https:\/\/www.bellunopress.it\/fr\/wp-json\/wp\/v2\/media\/138962"}],"wp:attachment":[{"href":"https:\/\/www.bellunopress.it\/fr\/wp-json\/wp\/v2\/media?parent=171799"}],"wp:term":[{"taxonomy":"category","embeddable":true,"href":"https:\/\/www.bellunopress.it\/fr\/wp-json\/wp\/v2\/categories?post=171799"},{"taxonomy":"post_tag","embeddable":true,"href":"https:\/\/www.bellunopress.it\/fr\/wp-json\/wp\/v2\/tags?post=171799"}],"curies":[{"name":"wp","href":"https:\/\/api.w.org\/{rel}","templated":true}]}}