{"id":171797,"date":"2026-07-09T11:32:47","date_gmt":"2026-07-09T09:32:47","guid":{"rendered":"https:\/\/www.bellunopress.it\/?p=171797"},"modified":"2026-07-09T11:32:47","modified_gmt":"2026-07-09T09:32:47","slug":"idroelettrico-un-primo-segnale-di-autonomia-reale-szumski-e-lovat-piena-gestione-regionale-nel-2029","status":"publish","type":"post","link":"https:\/\/www.bellunopress.it\/fr\/2026\/07\/09\/idroelettrico-un-primo-segnale-di-autonomia-reale-szumski-e-lovat-piena-gestione-regionale-nel-2029\/","title":{"rendered":"Idroelettrico, un primo segnale di autonomia reale. Szumski e Lovat: &#8220;Piena gestione regionale nel 2029&#8221;"},"content":{"rendered":"<p>&#8220;Accogliamo con soddisfazione l&#8217;annuncio dell&#8217;incasso di 99 milioni di euro derivanti dalla rideterminazione dei canoni delle concessioni idroelettriche&#8221;.<\/p>\n<p>E&#8217; il commento dei consiglieri regionali di Resistere Veneto, Riccardo Szumski e Davide Lovat.<\/p>\n<p>&#8220;\u00c8 un risultato importante per il Veneto\u00a0 -sostengono i consiglieri &#8211;\u00a0 e dimostra che quando la Regione rivendica con determinazione le proprie prerogative pu\u00f2 ottenere benefici concreti per i cittadini. Riteniamo per\u00f2 che questo rappresenti solo il primo passo di un percorso che dovr\u00e0 culminare con la piena gestione regionale delle grandi derivazioni idroelettriche alla scadenza delle concessioni. Non possiamo non ricordare che gi\u00e0 il 10 marzo, con una nostra specifica mozione depositata in Consiglio regionale, avevamo chiesto alla Giunta di predisporre per tempo il percorso che consentisse al Veneto di arrivare pronto all&#8217;appuntamento del 2029, valutando tutte le opzioni disponibili \u2013 dalla gestione in house alle forme di partenariato \u2013 affinch\u00e9 il valore prodotto dalle nostre montagne rimanesse il pi\u00f9 possibile sul territorio. Le notizie pubblicate oggi confermano che quella era una scelta lungimirante e che il tema non pu\u00f2 pi\u00f9 essere rinviato.<\/p>\n<p>Questa battaglia, inoltre, rappresenta uno dei punti qualificanti del dossier per la Costituente del Veneto che abbiamo consegnato Presidente Stefani all&#8217;inizio della legislatura. Abbiamo sempre sostenuto che l&#8217;Autonomia non pu\u00f2 essere soltanto un principio politico, ma deve tradursi nella disponibilit\u00e0 di strumenti concreti che consentano al Veneto di valorizzare le proprie risorse strategiche. L&#8217;idroelettrico \u00e8 certamente uno di questi.<br \/>\nCi auguriamo che, dopo questo importante risultato, possa arrivare presto anche il successivo passaggio contenuto nel nostro dossier: l&#8217;avvio del confronto sulla moneta regionale del Veneto, uno strumento di economia complementare pensato per sostenere famiglie, imprese, commercio di prossimit\u00e0 e investimenti sul territorio, rafforzando ulteriormente l&#8217;autonomia economica della nostra Regione.<\/p>\n<p>Continueremo a vigilare affinch\u00e9 le risorse derivanti dall&#8217;idroelettrico siano utilizzate con criteri trasparenti e privilegiando i territori montani che producono questa ricchezza, ma anche affinch\u00e9 il Veneto non perda l&#8217;occasione storica di costruire giorno per giorno una vera autonomia energetica, economica e finanziaria.&#8221;<\/p>\n<p>&nbsp;<\/p>","protected":false},"excerpt":{"rendered":"<p>&#8220;Accogliamo con soddisfazione l&#8217;annuncio dell&#8217;incasso di 99 milioni di euro derivanti dalla rideterminazione dei canoni delle concessioni idroelettriche&#8221;. E&#8217; il commento dei consiglieri regionali di Resistere Veneto, Riccardo Szumski e Davide Lovat. &#8220;\u00c8 un risultato importante per il Veneto\u00a0 -sostengono i consiglieri &#8211;\u00a0 e dimostra che quando la Regione rivendica con determinazione le proprie prerogative [&hellip;]<\/p>\n","protected":false},"author":2,"featured_media":166973,"comment_status":"closed","ping_status":"open","sticky":false,"template":"","format":"standard","meta":{"footnotes":""},"categories":[5],"tags":[],"class_list":["post-171797","post","type-post","status-publish","format-standard","has-post-thumbnail","category-cronaca"],"yoast_head":"<!-- This site is optimized with the Yoast SEO plugin v28.4 - https:\/\/yoast.com\/product\/yoast-seo-wordpress\/ -->\n<title>Idroelettrico, un primo segnale di autonomia reale. Szumski e Lovat: &quot;Piena gestione regionale nel 2029&quot; - Bellunopress - Dolomiti<\/title>\n<meta name=\"robots\" content=\"index, follow, max-snippet:-1, max-image-preview:large, max-video-preview:-1\" \/>\n<link rel=\"canonical\" href=\"https:\/\/www.bellunopress.it\/fr\/2026\/07\/09\/idroelettrico-un-primo-segnale-di-autonomia-reale-szumski-e-lovat-piena-gestione-regionale-nel-2029\/\" \/>\n<meta property=\"og:locale\" content=\"fr_FR\" \/>\n<meta property=\"og:type\" content=\"article\" \/>\n<meta property=\"og:title\" content=\"Idroelettrico, un primo segnale di autonomia reale. Szumski e Lovat: &quot;Piena gestione regionale nel 2029&quot; - Bellunopress - Dolomiti\" \/>\n<meta property=\"og:description\" content=\"&#8220;Accogliamo con soddisfazione l&#8217;annuncio dell&#8217;incasso di 99 milioni di euro derivanti dalla rideterminazione dei canoni delle concessioni idroelettriche&#8221;. E&#8217; il commento dei consiglieri regionali di Resistere Veneto, Riccardo Szumski e Davide Lovat. &#8220;\u00c8 un risultato importante per il Veneto\u00a0 -sostengono i consiglieri &#8211;\u00a0 e dimostra che quando la Regione rivendica con determinazione le proprie prerogative [&hellip;]\" \/>\n<meta property=\"og:url\" content=\"https:\/\/www.bellunopress.it\/fr\/2026\/07\/09\/idroelettrico-un-primo-segnale-di-autonomia-reale-szumski-e-lovat-piena-gestione-regionale-nel-2029\/\" \/>\n<meta property=\"og:site_name\" content=\"Bellunopress - Dolomiti\" \/>\n<meta property=\"article:publisher\" content=\"https:\/\/www.facebook.com\/profile.php?id=100008943462799\" \/>\n<meta property=\"article:published_time\" content=\"2026-07-09T09:32:47+00:00\" \/>\n<meta property=\"og:image\" content=\"https:\/\/www.bellunopress.it\/wp-content\/uploads\/2026\/01\/Szumski-Resistere-Veneto.png\" \/>\n\t<meta property=\"og:image:width\" content=\"600\" \/>\n\t<meta property=\"og:image:height\" content=\"337\" \/>\n\t<meta property=\"og:image:type\" content=\"image\/png\" \/>\n<meta name=\"author\" content=\"redazione\" \/>\n<meta name=\"twitter:card\" content=\"summary_large_image\" \/>\n<meta name=\"twitter:creator\" content=\"@bellunopress\" \/>\n<meta name=\"twitter:site\" content=\"@bellunopress\" \/>\n<meta name=\"twitter:label1\" content=\"\u00c9crit par\" \/>\n\t<meta name=\"twitter:data1\" content=\"redazione\" \/>\n\t<meta name=\"twitter:label2\" content=\"Dur\u00e9e de lecture estim\u00e9e\" \/>\n\t<meta name=\"twitter:data2\" content=\"2 minutes\" \/>\n<script type=\"application\/ld+json\" class=\"yoast-schema-graph\">{\"@context\":\"https:\\\/\\\/schema.org\",\"@graph\":[{\"@type\":\"Article\",\"@id\":\"https:\\\/\\\/www.bellunopress.it\\\/2026\\\/07\\\/09\\\/idroelettrico-un-primo-segnale-di-autonomia-reale-szumski-e-lovat-piena-gestione-regionale-nel-2029\\\/#article\",\"isPartOf\":{\"@id\":\"https:\\\/\\\/www.bellunopress.it\\\/2026\\\/07\\\/09\\\/idroelettrico-un-primo-segnale-di-autonomia-reale-szumski-e-lovat-piena-gestione-regionale-nel-2029\\\/\"},\"author\":{\"name\":\"redazione\",\"@id\":\"https:\\\/\\\/www.bellunopress.it\\\/#\\\/schema\\\/person\\\/79bb06722b37ece1c03d3e94beb30d73\"},\"headline\":\"Idroelettrico, un primo segnale di autonomia reale. Szumski e Lovat: &#8220;Piena gestione regionale nel 2029&#8221;\",\"datePublished\":\"2026-07-09T09:32:47+00:00\",\"mainEntityOfPage\":{\"@id\":\"https:\\\/\\\/www.bellunopress.it\\\/2026\\\/07\\\/09\\\/idroelettrico-un-primo-segnale-di-autonomia-reale-szumski-e-lovat-piena-gestione-regionale-nel-2029\\\/\"},\"wordCount\":346,\"publisher\":{\"@id\":\"https:\\\/\\\/www.bellunopress.it\\\/#organization\"},\"image\":{\"@id\":\"https:\\\/\\\/www.bellunopress.it\\\/2026\\\/07\\\/09\\\/idroelettrico-un-primo-segnale-di-autonomia-reale-szumski-e-lovat-piena-gestione-regionale-nel-2029\\\/#primaryimage\"},\"thumbnailUrl\":\"https:\\\/\\\/www.bellunopress.it\\\/wp-content\\\/uploads\\\/2026\\\/01\\\/Szumski-Resistere-Veneto.png\",\"articleSection\":[\"Cronaca\\\/Politica\"],\"inLanguage\":\"fr-FR\"},{\"@type\":\"WebPage\",\"@id\":\"https:\\\/\\\/www.bellunopress.it\\\/2026\\\/07\\\/09\\\/idroelettrico-un-primo-segnale-di-autonomia-reale-szumski-e-lovat-piena-gestione-regionale-nel-2029\\\/\",\"url\":\"https:\\\/\\\/www.bellunopress.it\\\/2026\\\/07\\\/09\\\/idroelettrico-un-primo-segnale-di-autonomia-reale-szumski-e-lovat-piena-gestione-regionale-nel-2029\\\/\",\"name\":\"Idroelettrico, un primo segnale di autonomia reale. Szumski e Lovat: \\\"Piena gestione regionale nel 2029\\\" - Bellunopress - Dolomiti\",\"isPartOf\":{\"@id\":\"https:\\\/\\\/www.bellunopress.it\\\/#website\"},\"primaryImageOfPage\":{\"@id\":\"https:\\\/\\\/www.bellunopress.it\\\/2026\\\/07\\\/09\\\/idroelettrico-un-primo-segnale-di-autonomia-reale-szumski-e-lovat-piena-gestione-regionale-nel-2029\\\/#primaryimage\"},\"image\":{\"@id\":\"https:\\\/\\\/www.bellunopress.it\\\/2026\\\/07\\\/09\\\/idroelettrico-un-primo-segnale-di-autonomia-reale-szumski-e-lovat-piena-gestione-regionale-nel-2029\\\/#primaryimage\"},\"thumbnailUrl\":\"https:\\\/\\\/www.bellunopress.it\\\/wp-content\\\/uploads\\\/2026\\\/01\\\/Szumski-Resistere-Veneto.png\",\"datePublished\":\"2026-07-09T09:32:47+00:00\",\"breadcrumb\":{\"@id\":\"https:\\\/\\\/www.bellunopress.it\\\/2026\\\/07\\\/09\\\/idroelettrico-un-primo-segnale-di-autonomia-reale-szumski-e-lovat-piena-gestione-regionale-nel-2029\\\/#breadcrumb\"},\"inLanguage\":\"fr-FR\",\"potentialAction\":[{\"@type\":\"ReadAction\",\"target\":[\"https:\\\/\\\/www.bellunopress.it\\\/2026\\\/07\\\/09\\\/idroelettrico-un-primo-segnale-di-autonomia-reale-szumski-e-lovat-piena-gestione-regionale-nel-2029\\\/\"]}]},{\"@type\":\"ImageObject\",\"inLanguage\":\"fr-FR\",\"@id\":\"https:\\\/\\\/www.bellunopress.it\\\/2026\\\/07\\\/09\\\/idroelettrico-un-primo-segnale-di-autonomia-reale-szumski-e-lovat-piena-gestione-regionale-nel-2029\\\/#primaryimage\",\"url\":\"https:\\\/\\\/www.bellunopress.it\\\/wp-content\\\/uploads\\\/2026\\\/01\\\/Szumski-Resistere-Veneto.png\",\"contentUrl\":\"https:\\\/\\\/www.bellunopress.it\\\/wp-content\\\/uploads\\\/2026\\\/01\\\/Szumski-Resistere-Veneto.png\",\"width\":600,\"height\":337},{\"@type\":\"BreadcrumbList\",\"@id\":\"https:\\\/\\\/www.bellunopress.it\\\/2026\\\/07\\\/09\\\/idroelettrico-un-primo-segnale-di-autonomia-reale-szumski-e-lovat-piena-gestione-regionale-nel-2029\\\/#breadcrumb\",\"itemListElement\":[{\"@type\":\"ListItem\",\"position\":1,\"name\":\"Home\",\"item\":\"https:\\\/\\\/www.bellunopress.it\\\/\"},{\"@type\":\"ListItem\",\"position\":2,\"name\":\"Idroelettrico, un primo segnale di autonomia reale. Szumski e Lovat: &#8220;Piena gestione regionale nel 2029&#8221;\"}]},{\"@type\":\"WebSite\",\"@id\":\"https:\\\/\\\/www.bellunopress.it\\\/#website\",\"url\":\"https:\\\/\\\/www.bellunopress.it\\\/\",\"name\":\"Bellunopress - Dolomiti\",\"description\":\"e-mail: redazione@bellunopress.it\",\"publisher\":{\"@id\":\"https:\\\/\\\/www.bellunopress.it\\\/#organization\"},\"potentialAction\":[{\"@type\":\"SearchAction\",\"target\":{\"@type\":\"EntryPoint\",\"urlTemplate\":\"https:\\\/\\\/www.bellunopress.it\\\/?s={search_term_string}\"},\"query-input\":{\"@type\":\"PropertyValueSpecification\",\"valueRequired\":true,\"valueName\":\"search_term_string\"}}],\"inLanguage\":\"fr-FR\"},{\"@type\":\"Organization\",\"@id\":\"https:\\\/\\\/www.bellunopress.it\\\/#organization\",\"name\":\"Bellunopress\",\"url\":\"https:\\\/\\\/www.bellunopress.it\\\/\",\"logo\":{\"@type\":\"ImageObject\",\"inLanguage\":\"fr-FR\",\"@id\":\"https:\\\/\\\/www.bellunopress.it\\\/#\\\/schema\\\/logo\\\/image\\\/\",\"url\":\"https:\\\/\\\/www.bellunopress.it\\\/wp-content\\\/uploads\\\/2011\\\/05\\\/cropped-logo-bellunopress-.jpg\",\"contentUrl\":\"https:\\\/\\\/www.bellunopress.it\\\/wp-content\\\/uploads\\\/2011\\\/05\\\/cropped-logo-bellunopress-.jpg\",\"width\":512,\"height\":512,\"caption\":\"Bellunopress\"},\"image\":{\"@id\":\"https:\\\/\\\/www.bellunopress.it\\\/#\\\/schema\\\/logo\\\/image\\\/\"},\"sameAs\":[\"https:\\\/\\\/www.facebook.com\\\/profile.php?id=100008943462799\",\"https:\\\/\\\/x.com\\\/bellunopress\",\"https:\\\/\\\/www.linkedin.com\\\/hp\\\/?dnr=JBzUWaJfMUw8vbXJJ2tVW5-I3jZKvC4wsoxE&amp;amp;amp;amp;amp;amp;trk=nav_responsive_tab_home\",\"https:\\\/\\\/www.youtube.com\\\/channel\\\/UCxL0wu1uN0_3_7hGG0306cw\"]},{\"@type\":\"Person\",\"@id\":\"https:\\\/\\\/www.bellunopress.it\\\/#\\\/schema\\\/person\\\/79bb06722b37ece1c03d3e94beb30d73\",\"name\":\"redazione\",\"image\":{\"@type\":\"ImageObject\",\"inLanguage\":\"fr-FR\",\"@id\":\"https:\\\/\\\/secure.gravatar.com\\\/avatar\\\/37d968a2e67a6fd04c169c4bdef102d0bc5d31b2546345219e348575eb80e9a0?s=96&d=mm&r=g\",\"url\":\"https:\\\/\\\/secure.gravatar.com\\\/avatar\\\/37d968a2e67a6fd04c169c4bdef102d0bc5d31b2546345219e348575eb80e9a0?s=96&d=mm&r=g\",\"contentUrl\":\"https:\\\/\\\/secure.gravatar.com\\\/avatar\\\/37d968a2e67a6fd04c169c4bdef102d0bc5d31b2546345219e348575eb80e9a0?s=96&d=mm&r=g\",\"caption\":\"redazione\"},\"sameAs\":[\"http:\\\/\\\/www.bellunopress.it\",\"https:\\\/\\\/x.com\\\/bellunopress\"],\"url\":\"https:\\\/\\\/www.bellunopress.it\\\/fr\\\/author\\\/redazione\\\/\"}]}<\/script>\n<!-- \/ Yoast SEO plugin. -->","yoast_head_json":{"title":"Idroelettrico, un primo segnale di autonomia reale. Szumski e Lovat: \"Piena gestione regionale nel 2029\" - Bellunopress - Dolomiti","robots":{"index":"index","follow":"follow","max-snippet":"max-snippet:-1","max-image-preview":"max-image-preview:large","max-video-preview":"max-video-preview:-1"},"canonical":"https:\/\/www.bellunopress.it\/fr\/2026\/07\/09\/idroelettrico-un-primo-segnale-di-autonomia-reale-szumski-e-lovat-piena-gestione-regionale-nel-2029\/","og_locale":"fr_FR","og_type":"article","og_title":"Idroelettrico, un primo segnale di autonomia reale. Szumski e Lovat: \"Piena gestione regionale nel 2029\" - Bellunopress - Dolomiti","og_description":"&#8220;Accogliamo con soddisfazione l&#8217;annuncio dell&#8217;incasso di 99 milioni di euro derivanti dalla rideterminazione dei canoni delle concessioni idroelettriche&#8221;. E&#8217; il commento dei consiglieri regionali di Resistere Veneto, Riccardo Szumski e Davide Lovat. &#8220;\u00c8 un risultato importante per il Veneto\u00a0 -sostengono i consiglieri &#8211;\u00a0 e dimostra che quando la Regione rivendica con determinazione le proprie prerogative [&hellip;]","og_url":"https:\/\/www.bellunopress.it\/fr\/2026\/07\/09\/idroelettrico-un-primo-segnale-di-autonomia-reale-szumski-e-lovat-piena-gestione-regionale-nel-2029\/","og_site_name":"Bellunopress - Dolomiti","article_publisher":"https:\/\/www.facebook.com\/profile.php?id=100008943462799","article_published_time":"2026-07-09T09:32:47+00:00","og_image":[{"width":600,"height":337,"url":"https:\/\/www.bellunopress.it\/wp-content\/uploads\/2026\/01\/Szumski-Resistere-Veneto.png","type":"image\/png"}],"author":"redazione","twitter_card":"summary_large_image","twitter_creator":"@bellunopress","twitter_site":"@bellunopress","twitter_misc":{"\u00c9crit par":"redazione","Dur\u00e9e de lecture estim\u00e9e":"2 minutes"},"schema":{"@context":"https:\/\/schema.org","@graph":[{"@type":"Article","@id":"https:\/\/www.bellunopress.it\/2026\/07\/09\/idroelettrico-un-primo-segnale-di-autonomia-reale-szumski-e-lovat-piena-gestione-regionale-nel-2029\/#article","isPartOf":{"@id":"https:\/\/www.bellunopress.it\/2026\/07\/09\/idroelettrico-un-primo-segnale-di-autonomia-reale-szumski-e-lovat-piena-gestione-regionale-nel-2029\/"},"author":{"name":"redazione","@id":"https:\/\/www.bellunopress.it\/#\/schema\/person\/79bb06722b37ece1c03d3e94beb30d73"},"headline":"Idroelettrico, un primo segnale di autonomia reale. Szumski e Lovat: &#8220;Piena gestione regionale nel 2029&#8221;","datePublished":"2026-07-09T09:32:47+00:00","mainEntityOfPage":{"@id":"https:\/\/www.bellunopress.it\/2026\/07\/09\/idroelettrico-un-primo-segnale-di-autonomia-reale-szumski-e-lovat-piena-gestione-regionale-nel-2029\/"},"wordCount":346,"publisher":{"@id":"https:\/\/www.bellunopress.it\/#organization"},"image":{"@id":"https:\/\/www.bellunopress.it\/2026\/07\/09\/idroelettrico-un-primo-segnale-di-autonomia-reale-szumski-e-lovat-piena-gestione-regionale-nel-2029\/#primaryimage"},"thumbnailUrl":"https:\/\/www.bellunopress.it\/wp-content\/uploads\/2026\/01\/Szumski-Resistere-Veneto.png","articleSection":["Cronaca\/Politica"],"inLanguage":"fr-FR"},{"@type":"WebPage","@id":"https:\/\/www.bellunopress.it\/2026\/07\/09\/idroelettrico-un-primo-segnale-di-autonomia-reale-szumski-e-lovat-piena-gestione-regionale-nel-2029\/","url":"https:\/\/www.bellunopress.it\/2026\/07\/09\/idroelettrico-un-primo-segnale-di-autonomia-reale-szumski-e-lovat-piena-gestione-regionale-nel-2029\/","name":"Idroelettrico, un primo segnale di autonomia reale. Szumski e Lovat: \"Piena gestione regionale nel 2029\" - Bellunopress - Dolomiti","isPartOf":{"@id":"https:\/\/www.bellunopress.it\/#website"},"primaryImageOfPage":{"@id":"https:\/\/www.bellunopress.it\/2026\/07\/09\/idroelettrico-un-primo-segnale-di-autonomia-reale-szumski-e-lovat-piena-gestione-regionale-nel-2029\/#primaryimage"},"image":{"@id":"https:\/\/www.bellunopress.it\/2026\/07\/09\/idroelettrico-un-primo-segnale-di-autonomia-reale-szumski-e-lovat-piena-gestione-regionale-nel-2029\/#primaryimage"},"thumbnailUrl":"https:\/\/www.bellunopress.it\/wp-content\/uploads\/2026\/01\/Szumski-Resistere-Veneto.png","datePublished":"2026-07-09T09:32:47+00:00","breadcrumb":{"@id":"https:\/\/www.bellunopress.it\/2026\/07\/09\/idroelettrico-un-primo-segnale-di-autonomia-reale-szumski-e-lovat-piena-gestione-regionale-nel-2029\/#breadcrumb"},"inLanguage":"fr-FR","potentialAction":[{"@type":"ReadAction","target":["https:\/\/www.bellunopress.it\/2026\/07\/09\/idroelettrico-un-primo-segnale-di-autonomia-reale-szumski-e-lovat-piena-gestione-regionale-nel-2029\/"]}]},{"@type":"ImageObject","inLanguage":"fr-FR","@id":"https:\/\/www.bellunopress.it\/2026\/07\/09\/idroelettrico-un-primo-segnale-di-autonomia-reale-szumski-e-lovat-piena-gestione-regionale-nel-2029\/#primaryimage","url":"https:\/\/www.bellunopress.it\/wp-content\/uploads\/2026\/01\/Szumski-Resistere-Veneto.png","contentUrl":"https:\/\/www.bellunopress.it\/wp-content\/uploads\/2026\/01\/Szumski-Resistere-Veneto.png","width":600,"height":337},{"@type":"BreadcrumbList","@id":"https:\/\/www.bellunopress.it\/2026\/07\/09\/idroelettrico-un-primo-segnale-di-autonomia-reale-szumski-e-lovat-piena-gestione-regionale-nel-2029\/#breadcrumb","itemListElement":[{"@type":"ListItem","position":1,"name":"Home","item":"https:\/\/www.bellunopress.it\/"},{"@type":"ListItem","position":2,"name":"Idroelettrico, un primo segnale di autonomia reale. Szumski e Lovat: &#8220;Piena gestione regionale nel 2029&#8221;"}]},{"@type":"WebSite","@id":"https:\/\/www.bellunopress.it\/#website","url":"https:\/\/www.bellunopress.it\/","name":"Bellunopress - Dolomiti","description":"e-mail: redazione@bellunopress.it","publisher":{"@id":"https:\/\/www.bellunopress.it\/#organization"},"potentialAction":[{"@type":"SearchAction","target":{"@type":"EntryPoint","urlTemplate":"https:\/\/www.bellunopress.it\/?s={search_term_string}"},"query-input":{"@type":"PropertyValueSpecification","valueRequired":true,"valueName":"search_term_string"}}],"inLanguage":"fr-FR"},{"@type":"Organization","@id":"https:\/\/www.bellunopress.it\/#organization","name":"Bellunopress","url":"https:\/\/www.bellunopress.it\/","logo":{"@type":"ImageObject","inLanguage":"fr-FR","@id":"https:\/\/www.bellunopress.it\/#\/schema\/logo\/image\/","url":"https:\/\/www.bellunopress.it\/wp-content\/uploads\/2011\/05\/cropped-logo-bellunopress-.jpg","contentUrl":"https:\/\/www.bellunopress.it\/wp-content\/uploads\/2011\/05\/cropped-logo-bellunopress-.jpg","width":512,"height":512,"caption":"Bellunopress"},"image":{"@id":"https:\/\/www.bellunopress.it\/#\/schema\/logo\/image\/"},"sameAs":["https:\/\/www.facebook.com\/profile.php?id=100008943462799","https:\/\/x.com\/bellunopress","https:\/\/www.linkedin.com\/hp\/?dnr=JBzUWaJfMUw8vbXJJ2tVW5-I3jZKvC4wsoxE&amp;amp;amp;amp;amp;amp;trk=nav_responsive_tab_home","https:\/\/www.youtube.com\/channel\/UCxL0wu1uN0_3_7hGG0306cw"]},{"@type":"Person","@id":"https:\/\/www.bellunopress.it\/#\/schema\/person\/79bb06722b37ece1c03d3e94beb30d73","name":"r\u00e9daction","image":{"@type":"ImageObject","inLanguage":"fr-FR","@id":"https:\/\/secure.gravatar.com\/avatar\/37d968a2e67a6fd04c169c4bdef102d0bc5d31b2546345219e348575eb80e9a0?s=96&d=mm&r=g","url":"https:\/\/secure.gravatar.com\/avatar\/37d968a2e67a6fd04c169c4bdef102d0bc5d31b2546345219e348575eb80e9a0?s=96&d=mm&r=g","contentUrl":"https:\/\/secure.gravatar.com\/avatar\/37d968a2e67a6fd04c169c4bdef102d0bc5d31b2546345219e348575eb80e9a0?s=96&d=mm&r=g","caption":"redazione"},"sameAs":["http:\/\/www.bellunopress.it","https:\/\/x.com\/bellunopress"],"url":"https:\/\/www.bellunopress.it\/fr\/author\/redazione\/"}]}},"_links":{"self":[{"href":"https:\/\/www.bellunopress.it\/fr\/wp-json\/wp\/v2\/posts\/171797","targetHints":{"allow":["GET"]}}],"collection":[{"href":"https:\/\/www.bellunopress.it\/fr\/wp-json\/wp\/v2\/posts"}],"about":[{"href":"https:\/\/www.bellunopress.it\/fr\/wp-json\/wp\/v2\/types\/post"}],"author":[{"embeddable":true,"href":"https:\/\/www.bellunopress.it\/fr\/wp-json\/wp\/v2\/users\/2"}],"replies":[{"embeddable":true,"href":"https:\/\/www.bellunopress.it\/fr\/wp-json\/wp\/v2\/comments?post=171797"}],"version-history":[{"count":1,"href":"https:\/\/www.bellunopress.it\/fr\/wp-json\/wp\/v2\/posts\/171797\/revisions"}],"predecessor-version":[{"id":171798,"href":"https:\/\/www.bellunopress.it\/fr\/wp-json\/wp\/v2\/posts\/171797\/revisions\/171798"}],"wp:featuredmedia":[{"embeddable":true,"href":"https:\/\/www.bellunopress.it\/fr\/wp-json\/wp\/v2\/media\/166973"}],"wp:attachment":[{"href":"https:\/\/www.bellunopress.it\/fr\/wp-json\/wp\/v2\/media?parent=171797"}],"wp:term":[{"taxonomy":"category","embeddable":true,"href":"https:\/\/www.bellunopress.it\/fr\/wp-json\/wp\/v2\/categories?post=171797"},{"taxonomy":"post_tag","embeddable":true,"href":"https:\/\/www.bellunopress.it\/fr\/wp-json\/wp\/v2\/tags?post=171797"}],"curies":[{"name":"wp","href":"https:\/\/api.w.org\/{rel}","templated":true}]}}