{"id":171794,"date":"2026-07-09T09:22:54","date_gmt":"2026-07-09T07:22:54","guid":{"rendered":"https:\/\/www.bellunopress.it\/?p=171794"},"modified":"2026-07-09T09:22:54","modified_gmt":"2026-07-09T07:22:54","slug":"il-cielo-sopra-belluno-finale-di-stagione-il-10-e-11-luglio-alla-casa-delle-arti","status":"publish","type":"post","link":"https:\/\/www.bellunopress.it\/fr\/2026\/07\/09\/il-cielo-sopra-belluno-finale-di-stagione-il-10-e-11-luglio-alla-casa-delle-arti\/","title":{"rendered":"Il cielo sopra Belluno, finale di stagione il 10 e 11 luglio alla Casa delle Arti"},"content":{"rendered":"<p>Dopo il bagno di folla dello scorso venerd\u00ec e l\u2019altissimo gradimento per lo spettacolo \u201cQuello che non c\u2019\u00e8\u201d \u2013 tanto che molti tra gli spettatori presenti hanno gi\u00e0 prenotato il vantaggioso abbonamento per tutto il prossimo weekend \u2013 il \u201cCielo sopra Belluno\u201d si prepara ad accogliere le prossime due serate con una gran finale. Il 10 e l\u201911 luglio il festival di Tib Teatro saluter\u00e0 il pubblico con due degli spettacoli pi\u00f9 notevoli della nuova scena italiana contemporanea, aperitivi al tramonto, dj set e una lunga festa finale. Un ultimo weekend per vivere il teatro come esperienza collettiva.<\/p>\n<p>Ci sono festival che si chiudono con uno spettacolo. E poi ci sono Festival, come il Cielo, che scelgono di trasformare il finale in una festa. Questo accadr\u00e0 venerd\u00ec 10 e sabato 11 luglio alla Casa delle Arti di Belluno, dove Il Cielo Sopra Belluno concluder\u00e0 l\u2019edizione del 2026 con un fine settimana che unisce teatro contemporaneo, musica, convivialit\u00e0 e incontri con gli artisti, trasformando gli spazi della Casa delle Arti in un luogo da vivere dal tramonto fino a notte inoltrata.<br \/>\nEntrambe le sere dalle 19.30 il pubblico sar\u00e0 accolto dall&#8217;aperitivo curato da Exprimo ed Expiloni, tra prodotti del territorio, incontri e conversazioni; alle 21.00 il sipario si alzer\u00e0 sugli spettacoli e dalle 22.30 la scena passer\u00e0 ai dj set, perch\u00e9 il teatro continui a vivere anche dopo gli applausi.<\/p>\n<p>Un modo per celebrare il festival che ha portato a Belluno alcune tra le voci pi\u00f9 interessanti del panorama nazionale e che ha fatto della Casa delle Arti uno spazio aperto, attraversato da artisti, spettatori, giovani.<br \/>\nAd aprire il weekend, venerd\u00ec 10 luglio, sar\u00e0 \u201cPLUTO. O il dono della fine del mondo\u201d, produzione del Gruppo della Creta, compagnia romana che negli ultimi anni si \u00e8 distinta nel teatro italiano per la sua originalit\u00e0. La domanda da cui parte Aristofane \u00e8 tanto semplice quanto esplosiva: che cosa succederebbe se la ricchezza fosse davvero distribuita a tutti? Scritto oltre duemilaquattrocento anni fa, Pluto sembra parlare direttamente al presente. La celebre commedia dell\u2019autore greco viene reinventata in uno spettacolo travolgente, ironico e politicamente lucidissimo che mette in discussione capitalismo, utopie, disuguaglianze e desiderio di giustizia senza mai cedere alla retorica. L\u2019allestimento firmato da Anton Giulio Calenda e Valeria Chimenti conserva tutta la forza dissacrante di Aristofane ma la immerge nei paradossi del nostro tempo. Ne nasce un teatro vitale, fisico, musicale, capace di alternare comicit\u00e0 irresistibile e riflessione, facendo ridere mentre pone domande scomode. La critica ha parlato di uno spettacolo \u00abvitale, energico, accessibile e divertente\u00bb, capace di rileggere il grande classico con intelligenza drammaturgica e sorprendente contemporaneit\u00e0, restituendo tutta l\u2019ambiguit\u00e0 politica di Aristofane senza trasformarla in una lezione, bens\u00ec in un\u2019esperienza teatrale coinvolgente.<\/p>\n<p>Al termine dello spettacolo la serata continuer\u00e0 con Retro4Love, duo che propone house e deep house underground rigorosamente in vinile, e con Illazi, tra elettronica, house, acid e sonorit\u00e0 minimali.<\/p>\n<p>Sabato 11 luglio il festival si concluder\u00e0 con \u201cS.P.33\u201d, scritto e diretto da Giulia Bartolini, promettente autrice della nuova drammaturgia italiana. In scena tre donne: la bellunese Grazia Capraro con il recentissimo premio UBU under35 Francesca Astrei e l\u2019eclettica Giulia Trippetta. Mary torna nel suo paese dopo undici anni. Le due sorelle sono rimaste l\u00ec. Intorno a loro una comunit\u00e0 di appena cinquecento abitanti, una strada che tutti chiamano ancora \u201cla via del purgatorio\u201d e un passato che nessuno ha davvero sepolto. Tra dialoghi affilati, improvvise esplosioni comiche, silenzi, ricordi e inquietudini, S.P.33 racconta la provincia italiana come un luogo sospeso tra realt\u00e0 e mito, dove le radici possono diventare una prigione e i segreti continuano ad abitare i paesi molto tempo dopo essere stati dimenticati. Il testo di Bartolini \u00e8 stato definito dalla critica \u00abuno dei pi\u00f9 interessanti della nuova drammaturgia contemporanea\u00bb, sottolineandone il ritmo, la scrittura ricca di ironia, la forza evocativa dei silenzi e la straordinaria prova delle interpreti Grazia Capraro, Giulia Trippetta e Francesca Astrei. \u00c8 un teatro che sfiora il thriller psicologico, la commedia nera e il realismo poetico, evocando atmosfere che ricordano la migliore narrativa americana senza perdere il legame con i piccoli paesi italiani, dove ogni casa custodisce una memoria e ogni strada sembra conoscere una storia che nessuno vuole raccontare. Uno spettacolo che parla di famiglia, colpa, appartenenza e ritorno, lasciando nello spettatore quella sottile inquietudine che solo i lavori migliori riescono a generare.<\/p>\n<p>A chiudere definitivamente il festival sar\u00e0 una festa musicale affidata a UDP &#8211; Ultimo dei Problemi e Cavarzano3000, con una selezione che attraversa dance, trance, eurodance, techno commerciale e tutte le sonorit\u00e0 che hanno fatto ballare un&#8217;intera generazione tra gli anni Novanta e Duemila.<\/p>\n<p>Con questo ultimo weekend Il Cielo Sopra Belluno, diretto da Vassilij Gianmaria Mangheras e Daniela Nicosia di Tib Teatro, conferma la propria vocazione: non soltanto proporre spettacoli di qualit\u00e0, ma costruire occasioni di incontro.<br \/>\nLa Casa delle Arti diventa cos\u00ec un luogo dove fermarsi prima dello spettacolo, condividere un aperitivo, assistere al teatro, incontrare gli artisti e restare fino a notte inoltrata, vivendo la cultura come un&#8217;esperienza collettiva.<br \/>\n\u00c8 un invito a chi ha gi\u00e0 seguito il festival e a chi ancora non lo conosce: l\u2019occasione per scoprire due produzioni degne di nota del teatro contemporaneo italiano e salutare insieme una stagione che ha portato a Belluno nuove visioni, nuove storie e nuovi modi di stare insieme.<br \/>\nIn caso di maltempo, spettacoli, musica e aperitivo saranno ospitati negli spazi interni della Casa delle Arti.<\/p>\n<p>Il Cielo sopra Belluno \u00e8 organizzato da Tib Teatro in collaborazione con Comune di Belluno, Fondazione Teatri delle Dolomiti, con il sostegno di Ministero della Cultura e di SIAE nell\u2019ambito del programma \u201cPer Chi Crea\u201d 2025, con il contributo di Regione del Veneto, Reteventi \u2013 Provincia di Belluno, Unifarco, Biasiotto, in collaborazione con Studio 54, Exprimo ed Expiloni.<br \/>\nMediapartner della stagione Radio Belluno, Radio Cortina, Fattiditeatro.<\/p>\n<p>Spettacoli su prenotazione fino ad esaurimento posti!<br \/>\nAcquisti online su www.vivaticket.com<\/p>\n<p>Biglietti per i singoli eventi: intero \u20ac 20,00 &#8211; ridotto under 30 \u20ac 15,00<br \/>\nAbbonamenti week-end *: intero \u20ac 35,00 \u2013 ridotto under 30 \u20ac 23,00<br \/>\n* validi per due spettacoli: 26-27\/06\/26 oppure 10-11\/07\/26<\/p>\n<p>Apertura biglietteria il giorno dell\u2019evento dalle 19:30<br \/>\nPer informazioni e prenotazioni Tib Teatro: tel. 0437 950555 | 351 7834551 dal luned\u00ec al venerd\u00ec (orario 10-13 \/ 15-17) o info@tibteatro.it \u2013 www.tibteatro.it<\/p>\n<p>&nbsp;<\/p>","protected":false},"excerpt":{"rendered":"<p>Dopo il bagno di folla dello scorso venerd\u00ec e l\u2019altissimo gradimento per lo spettacolo \u201cQuello che non c\u2019\u00e8\u201d \u2013 tanto che molti tra gli spettatori presenti hanno gi\u00e0 prenotato il vantaggioso abbonamento per tutto il prossimo weekend \u2013 il \u201cCielo sopra Belluno\u201d si prepara ad accogliere le prossime due serate con una gran finale. Il [&hellip;]<\/p>\n","protected":false},"author":2,"featured_media":171795,"comment_status":"closed","ping_status":"open","sticky":false,"template":"","format":"standard","meta":{"footnotes":""},"categories":[27,25],"tags":[],"class_list":["post-171794","post","type-post","status-publish","format-standard","has-post-thumbnail","category-appuntamenti","category-pausa-caffe"],"yoast_head":"<!-- This site is optimized with the Yoast SEO plugin v28.4 - https:\/\/yoast.com\/product\/yoast-seo-wordpress\/ -->\n<title>Il cielo sopra Belluno, finale di stagione il 10 e 11 luglio alla Casa delle Arti - Bellunopress - Dolomiti<\/title>\n<meta name=\"robots\" content=\"index, follow, max-snippet:-1, max-image-preview:large, max-video-preview:-1\" \/>\n<link rel=\"canonical\" href=\"https:\/\/www.bellunopress.it\/fr\/2026\/07\/09\/il-cielo-sopra-belluno-finale-di-stagione-il-10-e-11-luglio-alla-casa-delle-arti\/\" \/>\n<meta property=\"og:locale\" content=\"fr_FR\" \/>\n<meta property=\"og:type\" content=\"article\" \/>\n<meta property=\"og:title\" content=\"Il cielo sopra Belluno, finale di stagione il 10 e 11 luglio alla Casa delle Arti - Bellunopress - Dolomiti\" \/>\n<meta property=\"og:description\" content=\"Dopo il bagno di folla dello scorso venerd\u00ec e l\u2019altissimo gradimento per lo spettacolo \u201cQuello che non c\u2019\u00e8\u201d \u2013 tanto che molti tra gli spettatori presenti hanno gi\u00e0 prenotato il vantaggioso abbonamento per tutto il prossimo weekend \u2013 il \u201cCielo sopra Belluno\u201d si prepara ad accogliere le prossime due serate con una gran finale. Il [&hellip;]\" \/>\n<meta property=\"og:url\" content=\"https:\/\/www.bellunopress.it\/fr\/2026\/07\/09\/il-cielo-sopra-belluno-finale-di-stagione-il-10-e-11-luglio-alla-casa-delle-arti\/\" \/>\n<meta property=\"og:site_name\" content=\"Bellunopress - Dolomiti\" \/>\n<meta property=\"article:publisher\" content=\"https:\/\/www.facebook.com\/profile.php?id=100008943462799\" \/>\n<meta property=\"article:published_time\" content=\"2026-07-09T07:22:54+00:00\" \/>\n<meta property=\"og:image\" content=\"https:\/\/www.bellunopress.it\/wp-content\/uploads\/2026\/07\/SP33.jpg\" \/>\n\t<meta property=\"og:image:width\" content=\"595\" \/>\n\t<meta property=\"og:image:height\" content=\"497\" \/>\n\t<meta property=\"og:image:type\" content=\"image\/jpeg\" \/>\n<meta name=\"author\" content=\"redazione\" \/>\n<meta name=\"twitter:card\" content=\"summary_large_image\" \/>\n<meta name=\"twitter:creator\" content=\"@bellunopress\" \/>\n<meta name=\"twitter:site\" content=\"@bellunopress\" \/>\n<meta name=\"twitter:label1\" content=\"\u00c9crit par\" \/>\n\t<meta name=\"twitter:data1\" content=\"redazione\" \/>\n\t<meta name=\"twitter:label2\" content=\"Dur\u00e9e de lecture estim\u00e9e\" \/>\n\t<meta name=\"twitter:data2\" content=\"6 minutes\" \/>\n<script type=\"application\/ld+json\" class=\"yoast-schema-graph\">{\"@context\":\"https:\\\/\\\/schema.org\",\"@graph\":[{\"@type\":\"Article\",\"@id\":\"https:\\\/\\\/www.bellunopress.it\\\/2026\\\/07\\\/09\\\/il-cielo-sopra-belluno-finale-di-stagione-il-10-e-11-luglio-alla-casa-delle-arti\\\/#article\",\"isPartOf\":{\"@id\":\"https:\\\/\\\/www.bellunopress.it\\\/2026\\\/07\\\/09\\\/il-cielo-sopra-belluno-finale-di-stagione-il-10-e-11-luglio-alla-casa-delle-arti\\\/\"},\"author\":{\"name\":\"redazione\",\"@id\":\"https:\\\/\\\/www.bellunopress.it\\\/#\\\/schema\\\/person\\\/79bb06722b37ece1c03d3e94beb30d73\"},\"headline\":\"Il cielo sopra Belluno, finale di stagione il 10 e 11 luglio alla Casa delle Arti\",\"datePublished\":\"2026-07-09T07:22:54+00:00\",\"mainEntityOfPage\":{\"@id\":\"https:\\\/\\\/www.bellunopress.it\\\/2026\\\/07\\\/09\\\/il-cielo-sopra-belluno-finale-di-stagione-il-10-e-11-luglio-alla-casa-delle-arti\\\/\"},\"wordCount\":1038,\"publisher\":{\"@id\":\"https:\\\/\\\/www.bellunopress.it\\\/#organization\"},\"image\":{\"@id\":\"https:\\\/\\\/www.bellunopress.it\\\/2026\\\/07\\\/09\\\/il-cielo-sopra-belluno-finale-di-stagione-il-10-e-11-luglio-alla-casa-delle-arti\\\/#primaryimage\"},\"thumbnailUrl\":\"https:\\\/\\\/www.bellunopress.it\\\/wp-content\\\/uploads\\\/2026\\\/07\\\/SP33.jpg\",\"articleSection\":[\"Appuntamenti, Eventi\",\"Pausa Caff\u00e8\"],\"inLanguage\":\"fr-FR\"},{\"@type\":\"WebPage\",\"@id\":\"https:\\\/\\\/www.bellunopress.it\\\/2026\\\/07\\\/09\\\/il-cielo-sopra-belluno-finale-di-stagione-il-10-e-11-luglio-alla-casa-delle-arti\\\/\",\"url\":\"https:\\\/\\\/www.bellunopress.it\\\/2026\\\/07\\\/09\\\/il-cielo-sopra-belluno-finale-di-stagione-il-10-e-11-luglio-alla-casa-delle-arti\\\/\",\"name\":\"Il cielo sopra Belluno, finale di stagione il 10 e 11 luglio alla Casa delle Arti - Bellunopress - Dolomiti\",\"isPartOf\":{\"@id\":\"https:\\\/\\\/www.bellunopress.it\\\/#website\"},\"primaryImageOfPage\":{\"@id\":\"https:\\\/\\\/www.bellunopress.it\\\/2026\\\/07\\\/09\\\/il-cielo-sopra-belluno-finale-di-stagione-il-10-e-11-luglio-alla-casa-delle-arti\\\/#primaryimage\"},\"image\":{\"@id\":\"https:\\\/\\\/www.bellunopress.it\\\/2026\\\/07\\\/09\\\/il-cielo-sopra-belluno-finale-di-stagione-il-10-e-11-luglio-alla-casa-delle-arti\\\/#primaryimage\"},\"thumbnailUrl\":\"https:\\\/\\\/www.bellunopress.it\\\/wp-content\\\/uploads\\\/2026\\\/07\\\/SP33.jpg\",\"datePublished\":\"2026-07-09T07:22:54+00:00\",\"breadcrumb\":{\"@id\":\"https:\\\/\\\/www.bellunopress.it\\\/2026\\\/07\\\/09\\\/il-cielo-sopra-belluno-finale-di-stagione-il-10-e-11-luglio-alla-casa-delle-arti\\\/#breadcrumb\"},\"inLanguage\":\"fr-FR\",\"potentialAction\":[{\"@type\":\"ReadAction\",\"target\":[\"https:\\\/\\\/www.bellunopress.it\\\/2026\\\/07\\\/09\\\/il-cielo-sopra-belluno-finale-di-stagione-il-10-e-11-luglio-alla-casa-delle-arti\\\/\"]}]},{\"@type\":\"ImageObject\",\"inLanguage\":\"fr-FR\",\"@id\":\"https:\\\/\\\/www.bellunopress.it\\\/2026\\\/07\\\/09\\\/il-cielo-sopra-belluno-finale-di-stagione-il-10-e-11-luglio-alla-casa-delle-arti\\\/#primaryimage\",\"url\":\"https:\\\/\\\/www.bellunopress.it\\\/wp-content\\\/uploads\\\/2026\\\/07\\\/SP33.jpg\",\"contentUrl\":\"https:\\\/\\\/www.bellunopress.it\\\/wp-content\\\/uploads\\\/2026\\\/07\\\/SP33.jpg\",\"width\":595,\"height\":497,\"caption\":\"SP33 con Grazia Capraro, Francesca Astrei e Giulia Trippetta\"},{\"@type\":\"BreadcrumbList\",\"@id\":\"https:\\\/\\\/www.bellunopress.it\\\/2026\\\/07\\\/09\\\/il-cielo-sopra-belluno-finale-di-stagione-il-10-e-11-luglio-alla-casa-delle-arti\\\/#breadcrumb\",\"itemListElement\":[{\"@type\":\"ListItem\",\"position\":1,\"name\":\"Home\",\"item\":\"https:\\\/\\\/www.bellunopress.it\\\/\"},{\"@type\":\"ListItem\",\"position\":2,\"name\":\"Il cielo sopra Belluno, finale di stagione il 10 e 11 luglio alla Casa delle Arti\"}]},{\"@type\":\"WebSite\",\"@id\":\"https:\\\/\\\/www.bellunopress.it\\\/#website\",\"url\":\"https:\\\/\\\/www.bellunopress.it\\\/\",\"name\":\"Bellunopress - Dolomiti\",\"description\":\"e-mail: redazione@bellunopress.it\",\"publisher\":{\"@id\":\"https:\\\/\\\/www.bellunopress.it\\\/#organization\"},\"potentialAction\":[{\"@type\":\"SearchAction\",\"target\":{\"@type\":\"EntryPoint\",\"urlTemplate\":\"https:\\\/\\\/www.bellunopress.it\\\/?s={search_term_string}\"},\"query-input\":{\"@type\":\"PropertyValueSpecification\",\"valueRequired\":true,\"valueName\":\"search_term_string\"}}],\"inLanguage\":\"fr-FR\"},{\"@type\":\"Organization\",\"@id\":\"https:\\\/\\\/www.bellunopress.it\\\/#organization\",\"name\":\"Bellunopress\",\"url\":\"https:\\\/\\\/www.bellunopress.it\\\/\",\"logo\":{\"@type\":\"ImageObject\",\"inLanguage\":\"fr-FR\",\"@id\":\"https:\\\/\\\/www.bellunopress.it\\\/#\\\/schema\\\/logo\\\/image\\\/\",\"url\":\"https:\\\/\\\/www.bellunopress.it\\\/wp-content\\\/uploads\\\/2011\\\/05\\\/cropped-logo-bellunopress-.jpg\",\"contentUrl\":\"https:\\\/\\\/www.bellunopress.it\\\/wp-content\\\/uploads\\\/2011\\\/05\\\/cropped-logo-bellunopress-.jpg\",\"width\":512,\"height\":512,\"caption\":\"Bellunopress\"},\"image\":{\"@id\":\"https:\\\/\\\/www.bellunopress.it\\\/#\\\/schema\\\/logo\\\/image\\\/\"},\"sameAs\":[\"https:\\\/\\\/www.facebook.com\\\/profile.php?id=100008943462799\",\"https:\\\/\\\/x.com\\\/bellunopress\",\"https:\\\/\\\/www.linkedin.com\\\/hp\\\/?dnr=JBzUWaJfMUw8vbXJJ2tVW5-I3jZKvC4wsoxE&amp;amp;amp;amp;amp;amp;trk=nav_responsive_tab_home\",\"https:\\\/\\\/www.youtube.com\\\/channel\\\/UCxL0wu1uN0_3_7hGG0306cw\"]},{\"@type\":\"Person\",\"@id\":\"https:\\\/\\\/www.bellunopress.it\\\/#\\\/schema\\\/person\\\/79bb06722b37ece1c03d3e94beb30d73\",\"name\":\"redazione\",\"image\":{\"@type\":\"ImageObject\",\"inLanguage\":\"fr-FR\",\"@id\":\"https:\\\/\\\/secure.gravatar.com\\\/avatar\\\/37d968a2e67a6fd04c169c4bdef102d0bc5d31b2546345219e348575eb80e9a0?s=96&d=mm&r=g\",\"url\":\"https:\\\/\\\/secure.gravatar.com\\\/avatar\\\/37d968a2e67a6fd04c169c4bdef102d0bc5d31b2546345219e348575eb80e9a0?s=96&d=mm&r=g\",\"contentUrl\":\"https:\\\/\\\/secure.gravatar.com\\\/avatar\\\/37d968a2e67a6fd04c169c4bdef102d0bc5d31b2546345219e348575eb80e9a0?s=96&d=mm&r=g\",\"caption\":\"redazione\"},\"sameAs\":[\"http:\\\/\\\/www.bellunopress.it\",\"https:\\\/\\\/x.com\\\/bellunopress\"],\"url\":\"https:\\\/\\\/www.bellunopress.it\\\/fr\\\/author\\\/redazione\\\/\"}]}<\/script>\n<!-- \/ Yoast SEO plugin. -->","yoast_head_json":{"title":"Il cielo sopra Belluno, finale di stagione il 10 e 11 luglio alla Casa delle Arti - Bellunopress - Dolomiti","robots":{"index":"index","follow":"follow","max-snippet":"max-snippet:-1","max-image-preview":"max-image-preview:large","max-video-preview":"max-video-preview:-1"},"canonical":"https:\/\/www.bellunopress.it\/fr\/2026\/07\/09\/il-cielo-sopra-belluno-finale-di-stagione-il-10-e-11-luglio-alla-casa-delle-arti\/","og_locale":"fr_FR","og_type":"article","og_title":"Il cielo sopra Belluno, finale di stagione il 10 e 11 luglio alla Casa delle Arti - Bellunopress - Dolomiti","og_description":"Dopo il bagno di folla dello scorso venerd\u00ec e l\u2019altissimo gradimento per lo spettacolo \u201cQuello che non c\u2019\u00e8\u201d \u2013 tanto che molti tra gli spettatori presenti hanno gi\u00e0 prenotato il vantaggioso abbonamento per tutto il prossimo weekend \u2013 il \u201cCielo sopra Belluno\u201d si prepara ad accogliere le prossime due serate con una gran finale. Il [&hellip;]","og_url":"https:\/\/www.bellunopress.it\/fr\/2026\/07\/09\/il-cielo-sopra-belluno-finale-di-stagione-il-10-e-11-luglio-alla-casa-delle-arti\/","og_site_name":"Bellunopress - Dolomiti","article_publisher":"https:\/\/www.facebook.com\/profile.php?id=100008943462799","article_published_time":"2026-07-09T07:22:54+00:00","og_image":[{"width":595,"height":497,"url":"https:\/\/www.bellunopress.it\/wp-content\/uploads\/2026\/07\/SP33.jpg","type":"image\/jpeg"}],"author":"redazione","twitter_card":"summary_large_image","twitter_creator":"@bellunopress","twitter_site":"@bellunopress","twitter_misc":{"\u00c9crit par":"redazione","Dur\u00e9e de lecture estim\u00e9e":"6 minutes"},"schema":{"@context":"https:\/\/schema.org","@graph":[{"@type":"Article","@id":"https:\/\/www.bellunopress.it\/2026\/07\/09\/il-cielo-sopra-belluno-finale-di-stagione-il-10-e-11-luglio-alla-casa-delle-arti\/#article","isPartOf":{"@id":"https:\/\/www.bellunopress.it\/2026\/07\/09\/il-cielo-sopra-belluno-finale-di-stagione-il-10-e-11-luglio-alla-casa-delle-arti\/"},"author":{"name":"redazione","@id":"https:\/\/www.bellunopress.it\/#\/schema\/person\/79bb06722b37ece1c03d3e94beb30d73"},"headline":"Il cielo sopra Belluno, finale di stagione il 10 e 11 luglio alla Casa delle Arti","datePublished":"2026-07-09T07:22:54+00:00","mainEntityOfPage":{"@id":"https:\/\/www.bellunopress.it\/2026\/07\/09\/il-cielo-sopra-belluno-finale-di-stagione-il-10-e-11-luglio-alla-casa-delle-arti\/"},"wordCount":1038,"publisher":{"@id":"https:\/\/www.bellunopress.it\/#organization"},"image":{"@id":"https:\/\/www.bellunopress.it\/2026\/07\/09\/il-cielo-sopra-belluno-finale-di-stagione-il-10-e-11-luglio-alla-casa-delle-arti\/#primaryimage"},"thumbnailUrl":"https:\/\/www.bellunopress.it\/wp-content\/uploads\/2026\/07\/SP33.jpg","articleSection":["Appuntamenti, Eventi","Pausa Caff\u00e8"],"inLanguage":"fr-FR"},{"@type":"WebPage","@id":"https:\/\/www.bellunopress.it\/2026\/07\/09\/il-cielo-sopra-belluno-finale-di-stagione-il-10-e-11-luglio-alla-casa-delle-arti\/","url":"https:\/\/www.bellunopress.it\/2026\/07\/09\/il-cielo-sopra-belluno-finale-di-stagione-il-10-e-11-luglio-alla-casa-delle-arti\/","name":"Il cielo sopra Belluno, finale di stagione il 10 e 11 luglio alla Casa delle Arti - Bellunopress - Dolomiti","isPartOf":{"@id":"https:\/\/www.bellunopress.it\/#website"},"primaryImageOfPage":{"@id":"https:\/\/www.bellunopress.it\/2026\/07\/09\/il-cielo-sopra-belluno-finale-di-stagione-il-10-e-11-luglio-alla-casa-delle-arti\/#primaryimage"},"image":{"@id":"https:\/\/www.bellunopress.it\/2026\/07\/09\/il-cielo-sopra-belluno-finale-di-stagione-il-10-e-11-luglio-alla-casa-delle-arti\/#primaryimage"},"thumbnailUrl":"https:\/\/www.bellunopress.it\/wp-content\/uploads\/2026\/07\/SP33.jpg","datePublished":"2026-07-09T07:22:54+00:00","breadcrumb":{"@id":"https:\/\/www.bellunopress.it\/2026\/07\/09\/il-cielo-sopra-belluno-finale-di-stagione-il-10-e-11-luglio-alla-casa-delle-arti\/#breadcrumb"},"inLanguage":"fr-FR","potentialAction":[{"@type":"ReadAction","target":["https:\/\/www.bellunopress.it\/2026\/07\/09\/il-cielo-sopra-belluno-finale-di-stagione-il-10-e-11-luglio-alla-casa-delle-arti\/"]}]},{"@type":"ImageObject","inLanguage":"fr-FR","@id":"https:\/\/www.bellunopress.it\/2026\/07\/09\/il-cielo-sopra-belluno-finale-di-stagione-il-10-e-11-luglio-alla-casa-delle-arti\/#primaryimage","url":"https:\/\/www.bellunopress.it\/wp-content\/uploads\/2026\/07\/SP33.jpg","contentUrl":"https:\/\/www.bellunopress.it\/wp-content\/uploads\/2026\/07\/SP33.jpg","width":595,"height":497,"caption":"SP33 con Grazia Capraro, Francesca Astrei e Giulia Trippetta"},{"@type":"BreadcrumbList","@id":"https:\/\/www.bellunopress.it\/2026\/07\/09\/il-cielo-sopra-belluno-finale-di-stagione-il-10-e-11-luglio-alla-casa-delle-arti\/#breadcrumb","itemListElement":[{"@type":"ListItem","position":1,"name":"Home","item":"https:\/\/www.bellunopress.it\/"},{"@type":"ListItem","position":2,"name":"Il cielo sopra Belluno, finale di stagione il 10 e 11 luglio alla Casa delle Arti"}]},{"@type":"WebSite","@id":"https:\/\/www.bellunopress.it\/#website","url":"https:\/\/www.bellunopress.it\/","name":"Bellunopress - Dolomiti","description":"e-mail: redazione@bellunopress.it","publisher":{"@id":"https:\/\/www.bellunopress.it\/#organization"},"potentialAction":[{"@type":"SearchAction","target":{"@type":"EntryPoint","urlTemplate":"https:\/\/www.bellunopress.it\/?s={search_term_string}"},"query-input":{"@type":"PropertyValueSpecification","valueRequired":true,"valueName":"search_term_string"}}],"inLanguage":"fr-FR"},{"@type":"Organization","@id":"https:\/\/www.bellunopress.it\/#organization","name":"Bellunopress","url":"https:\/\/www.bellunopress.it\/","logo":{"@type":"ImageObject","inLanguage":"fr-FR","@id":"https:\/\/www.bellunopress.it\/#\/schema\/logo\/image\/","url":"https:\/\/www.bellunopress.it\/wp-content\/uploads\/2011\/05\/cropped-logo-bellunopress-.jpg","contentUrl":"https:\/\/www.bellunopress.it\/wp-content\/uploads\/2011\/05\/cropped-logo-bellunopress-.jpg","width":512,"height":512,"caption":"Bellunopress"},"image":{"@id":"https:\/\/www.bellunopress.it\/#\/schema\/logo\/image\/"},"sameAs":["https:\/\/www.facebook.com\/profile.php?id=100008943462799","https:\/\/x.com\/bellunopress","https:\/\/www.linkedin.com\/hp\/?dnr=JBzUWaJfMUw8vbXJJ2tVW5-I3jZKvC4wsoxE&amp;amp;amp;amp;amp;amp;trk=nav_responsive_tab_home","https:\/\/www.youtube.com\/channel\/UCxL0wu1uN0_3_7hGG0306cw"]},{"@type":"Person","@id":"https:\/\/www.bellunopress.it\/#\/schema\/person\/79bb06722b37ece1c03d3e94beb30d73","name":"r\u00e9daction","image":{"@type":"ImageObject","inLanguage":"fr-FR","@id":"https:\/\/secure.gravatar.com\/avatar\/37d968a2e67a6fd04c169c4bdef102d0bc5d31b2546345219e348575eb80e9a0?s=96&d=mm&r=g","url":"https:\/\/secure.gravatar.com\/avatar\/37d968a2e67a6fd04c169c4bdef102d0bc5d31b2546345219e348575eb80e9a0?s=96&d=mm&r=g","contentUrl":"https:\/\/secure.gravatar.com\/avatar\/37d968a2e67a6fd04c169c4bdef102d0bc5d31b2546345219e348575eb80e9a0?s=96&d=mm&r=g","caption":"redazione"},"sameAs":["http:\/\/www.bellunopress.it","https:\/\/x.com\/bellunopress"],"url":"https:\/\/www.bellunopress.it\/fr\/author\/redazione\/"}]}},"_links":{"self":[{"href":"https:\/\/www.bellunopress.it\/fr\/wp-json\/wp\/v2\/posts\/171794","targetHints":{"allow":["GET"]}}],"collection":[{"href":"https:\/\/www.bellunopress.it\/fr\/wp-json\/wp\/v2\/posts"}],"about":[{"href":"https:\/\/www.bellunopress.it\/fr\/wp-json\/wp\/v2\/types\/post"}],"author":[{"embeddable":true,"href":"https:\/\/www.bellunopress.it\/fr\/wp-json\/wp\/v2\/users\/2"}],"replies":[{"embeddable":true,"href":"https:\/\/www.bellunopress.it\/fr\/wp-json\/wp\/v2\/comments?post=171794"}],"version-history":[{"count":1,"href":"https:\/\/www.bellunopress.it\/fr\/wp-json\/wp\/v2\/posts\/171794\/revisions"}],"predecessor-version":[{"id":171796,"href":"https:\/\/www.bellunopress.it\/fr\/wp-json\/wp\/v2\/posts\/171794\/revisions\/171796"}],"wp:featuredmedia":[{"embeddable":true,"href":"https:\/\/www.bellunopress.it\/fr\/wp-json\/wp\/v2\/media\/171795"}],"wp:attachment":[{"href":"https:\/\/www.bellunopress.it\/fr\/wp-json\/wp\/v2\/media?parent=171794"}],"wp:term":[{"taxonomy":"category","embeddable":true,"href":"https:\/\/www.bellunopress.it\/fr\/wp-json\/wp\/v2\/categories?post=171794"},{"taxonomy":"post_tag","embeddable":true,"href":"https:\/\/www.bellunopress.it\/fr\/wp-json\/wp\/v2\/tags?post=171794"}],"curies":[{"name":"wp","href":"https:\/\/api.w.org\/{rel}","templated":true}]}}