{"id":171791,"date":"2026-07-08T23:04:40","date_gmt":"2026-07-08T21:04:40","guid":{"rendered":"https:\/\/www.bellunopress.it\/?p=171791"},"modified":"2026-07-08T23:05:23","modified_gmt":"2026-07-08T21:05:23","slug":"idroelettrico-99-milioni-per-il-veneto-e-per-il-bellunese-presidente-stefani-risultato-storico","status":"publish","type":"post","link":"https:\/\/www.bellunopress.it\/fr\/2026\/07\/08\/idroelettrico-99-milioni-per-il-veneto-e-per-il-bellunese-presidente-stefani-risultato-storico\/","title":{"rendered":"Idroelettrico, 99 milioni per il Veneto e per il Bellunese. Presidente Stefani: \u201crisultato storico\u201d"},"content":{"rendered":"<p>Venezia, 8 luglio 2026 &#8211;\u00a0\u00a0Si apre una nuova fase per l&#8217;idroelettrico veneto. Grazie a un dialogo fattivo fra Regione ed Ente Nazionale per l&#8217;Energia Elettrica, \u00e8 stata chiusa una partita strategica, che consentir\u00e0 di riscuotere, fra canoni e monetizzazione, 99 milioni di euro per il territorio veneto, in particolare per il Bellunese. La normativa regionale prevede, infatti, che i concessionari delle grandi derivazioni idroelettriche forniscano annualmente energia gratuita. Dopo un\u2019articolata serie di interlocuzioni, ora la Regione del Veneto ha incassato 99 milioni di euro derivanti dalla somma della rideterminazione dei canoni idrici (quota fissa e variabile) e dalla monetizzazione. Ne hanno parlato oggi il presidente Alberto Stefani, l&#8217;assessore regionale alla Montagna Dario Bond, e l\u2019Assessore allo Sviluppo Economico Massimo Bitonci, illustrando lo stato di avanzamento delle procedure e confermando l&#8217;impegno di Palazzo Balbi per garantire un percorso di autonomia energetica del territorio.<\/p>\n<p>\u201cOggi annunciamo un risultato storico. Grazie a interlocuzioni ripetute, avviate con ENEL sin dai primi mesi dall\u2019insediamento della giunta, abbiamo finalmente incassato 98 milioni di euro, risultanti dalla rideterminazione dei canoni idrici, quota variabile e quota fissa di 44 milioni, nella disponibilit\u00e0 diretta della provincia di Belluno, e dalla monetizzazione dell\u2019energia di 55 &#8211; ha dichiarato Alberto Stefani, presidente della Regione del Veneto &#8211; Quello che abbiamo ottenuto \u00e8 un risultato importante, che testimonia l\u2019esercizio di una forma ulteriore di autonomia regionale, che procede attraverso gli strumenti del dialogo\u201d.<\/p>\n<p>\u201cPresentiamo risultati concreti frutto di un intenso lavoro amministrativo e normativo che abbiamo intrapreso fin dall\u2019inizio della legislatura assieme al presidente Stefani \u2013 ha aggiunto l\u2019assessore Dario Bond -. Stiamo parlando di risorse che potranno sostenere il sistema sociosanitario, i trasporti, le scuole, la valorizzazione della montagna e le infrastrutture e altro. E\u2019 una forma di autonomia fondamentale per il nostro territorio e attiveremo una cabina di regia congiunta per concertare la destinazione delle risorse\u201d<\/p>\n<p>\u201cPer quanto riguarda il tema delle concessioni idroelettriche &#8211; ha dichiarato l\u2019assessore Massimo Bitonci &#8211; abbiamo affidato l\u2019analisi delle soluzioni a un tavolo tecnico. Sulla base della relazione finale, prenderemo la decisione che porter\u00e0, secondo criteri oggettivi, il migliore beneficio al Veneto e ai veneti\u201d.<\/p>","protected":false},"excerpt":{"rendered":"<p>Venezia, 8 luglio 2026 &#8211;\u00a0\u00a0Si apre una nuova fase per l&#8217;idroelettrico veneto. Grazie a un dialogo fattivo fra Regione ed Ente Nazionale per l&#8217;Energia Elettrica, \u00e8 stata chiusa una partita strategica, che consentir\u00e0 di riscuotere, fra canoni e monetizzazione, 99 milioni di euro per il territorio veneto, in particolare per il Bellunese. La normativa regionale [&hellip;]<\/p>\n","protected":false},"author":2,"featured_media":163956,"comment_status":"closed","ping_status":"open","sticky":false,"template":"","format":"standard","meta":{"footnotes":""},"categories":[5,26],"tags":[],"class_list":["post-171791","post","type-post","status-publish","format-standard","has-post-thumbnail","category-cronaca","category-prima-pagina"],"yoast_head":"<!-- This site is optimized with the Yoast SEO plugin v28.4 - https:\/\/yoast.com\/product\/yoast-seo-wordpress\/ -->\n<title>Idroelettrico, 99 milioni per il Veneto e per il Bellunese. Presidente Stefani: \u201crisultato storico\u201d - Bellunopress - Dolomiti<\/title>\n<meta name=\"robots\" content=\"index, follow, max-snippet:-1, max-image-preview:large, max-video-preview:-1\" \/>\n<link rel=\"canonical\" href=\"https:\/\/www.bellunopress.it\/fr\/2026\/07\/08\/idroelettrico-99-milioni-per-il-veneto-e-per-il-bellunese-presidente-stefani-risultato-storico\/\" \/>\n<meta property=\"og:locale\" content=\"fr_FR\" \/>\n<meta property=\"og:type\" content=\"article\" \/>\n<meta property=\"og:title\" content=\"Idroelettrico, 99 milioni per il Veneto e per il Bellunese. Presidente Stefani: \u201crisultato storico\u201d - Bellunopress - Dolomiti\" \/>\n<meta property=\"og:description\" content=\"Venezia, 8 luglio 2026 &#8211;\u00a0\u00a0Si apre una nuova fase per l&#8217;idroelettrico veneto. Grazie a un dialogo fattivo fra Regione ed Ente Nazionale per l&#8217;Energia Elettrica, \u00e8 stata chiusa una partita strategica, che consentir\u00e0 di riscuotere, fra canoni e monetizzazione, 99 milioni di euro per il territorio veneto, in particolare per il Bellunese. La normativa regionale [&hellip;]\" \/>\n<meta property=\"og:url\" content=\"https:\/\/www.bellunopress.it\/fr\/2026\/07\/08\/idroelettrico-99-milioni-per-il-veneto-e-per-il-bellunese-presidente-stefani-risultato-storico\/\" \/>\n<meta property=\"og:site_name\" content=\"Bellunopress - Dolomiti\" \/>\n<meta property=\"article:publisher\" content=\"https:\/\/www.facebook.com\/profile.php?id=100008943462799\" \/>\n<meta property=\"article:published_time\" content=\"2026-07-08T21:04:40+00:00\" \/>\n<meta property=\"article:modified_time\" content=\"2026-07-08T21:05:23+00:00\" \/>\n<meta property=\"og:image\" content=\"https:\/\/www.bellunopress.it\/wp-content\/uploads\/2025\/10\/Alberto-Stefani_edited.jpg\" \/>\n\t<meta property=\"og:image:width\" content=\"800\" \/>\n\t<meta property=\"og:image:height\" content=\"800\" \/>\n\t<meta property=\"og:image:type\" content=\"image\/jpeg\" \/>\n<meta name=\"author\" content=\"redazione\" \/>\n<meta name=\"twitter:card\" content=\"summary_large_image\" \/>\n<meta name=\"twitter:creator\" content=\"@bellunopress\" \/>\n<meta name=\"twitter:site\" content=\"@bellunopress\" \/>\n<meta name=\"twitter:label1\" content=\"\u00c9crit par\" \/>\n\t<meta name=\"twitter:data1\" content=\"redazione\" \/>\n\t<meta name=\"twitter:label2\" content=\"Dur\u00e9e de lecture estim\u00e9e\" \/>\n\t<meta name=\"twitter:data2\" content=\"3 minutes\" \/>\n<script type=\"application\/ld+json\" class=\"yoast-schema-graph\">{\"@context\":\"https:\\\/\\\/schema.org\",\"@graph\":[{\"@type\":\"Article\",\"@id\":\"https:\\\/\\\/www.bellunopress.it\\\/2026\\\/07\\\/08\\\/idroelettrico-99-milioni-per-il-veneto-e-per-il-bellunese-presidente-stefani-risultato-storico\\\/#article\",\"isPartOf\":{\"@id\":\"https:\\\/\\\/www.bellunopress.it\\\/2026\\\/07\\\/08\\\/idroelettrico-99-milioni-per-il-veneto-e-per-il-bellunese-presidente-stefani-risultato-storico\\\/\"},\"author\":{\"name\":\"redazione\",\"@id\":\"https:\\\/\\\/www.bellunopress.it\\\/#\\\/schema\\\/person\\\/79bb06722b37ece1c03d3e94beb30d73\"},\"headline\":\"Idroelettrico, 99 milioni per il Veneto e per il Bellunese. Presidente Stefani: \u201crisultato storico\u201d\",\"datePublished\":\"2026-07-08T21:04:40+00:00\",\"dateModified\":\"2026-07-08T21:05:23+00:00\",\"mainEntityOfPage\":{\"@id\":\"https:\\\/\\\/www.bellunopress.it\\\/2026\\\/07\\\/08\\\/idroelettrico-99-milioni-per-il-veneto-e-per-il-bellunese-presidente-stefani-risultato-storico\\\/\"},\"wordCount\":368,\"publisher\":{\"@id\":\"https:\\\/\\\/www.bellunopress.it\\\/#organization\"},\"image\":{\"@id\":\"https:\\\/\\\/www.bellunopress.it\\\/2026\\\/07\\\/08\\\/idroelettrico-99-milioni-per-il-veneto-e-per-il-bellunese-presidente-stefani-risultato-storico\\\/#primaryimage\"},\"thumbnailUrl\":\"https:\\\/\\\/www.bellunopress.it\\\/wp-content\\\/uploads\\\/2025\\\/10\\\/Alberto-Stefani_edited.jpg\",\"articleSection\":[\"Cronaca\\\/Politica\",\"Prima Pagina\"],\"inLanguage\":\"fr-FR\"},{\"@type\":\"WebPage\",\"@id\":\"https:\\\/\\\/www.bellunopress.it\\\/2026\\\/07\\\/08\\\/idroelettrico-99-milioni-per-il-veneto-e-per-il-bellunese-presidente-stefani-risultato-storico\\\/\",\"url\":\"https:\\\/\\\/www.bellunopress.it\\\/2026\\\/07\\\/08\\\/idroelettrico-99-milioni-per-il-veneto-e-per-il-bellunese-presidente-stefani-risultato-storico\\\/\",\"name\":\"Idroelettrico, 99 milioni per il Veneto e per il Bellunese. Presidente Stefani: \u201crisultato storico\u201d - Bellunopress - Dolomiti\",\"isPartOf\":{\"@id\":\"https:\\\/\\\/www.bellunopress.it\\\/#website\"},\"primaryImageOfPage\":{\"@id\":\"https:\\\/\\\/www.bellunopress.it\\\/2026\\\/07\\\/08\\\/idroelettrico-99-milioni-per-il-veneto-e-per-il-bellunese-presidente-stefani-risultato-storico\\\/#primaryimage\"},\"image\":{\"@id\":\"https:\\\/\\\/www.bellunopress.it\\\/2026\\\/07\\\/08\\\/idroelettrico-99-milioni-per-il-veneto-e-per-il-bellunese-presidente-stefani-risultato-storico\\\/#primaryimage\"},\"thumbnailUrl\":\"https:\\\/\\\/www.bellunopress.it\\\/wp-content\\\/uploads\\\/2025\\\/10\\\/Alberto-Stefani_edited.jpg\",\"datePublished\":\"2026-07-08T21:04:40+00:00\",\"dateModified\":\"2026-07-08T21:05:23+00:00\",\"breadcrumb\":{\"@id\":\"https:\\\/\\\/www.bellunopress.it\\\/2026\\\/07\\\/08\\\/idroelettrico-99-milioni-per-il-veneto-e-per-il-bellunese-presidente-stefani-risultato-storico\\\/#breadcrumb\"},\"inLanguage\":\"fr-FR\",\"potentialAction\":[{\"@type\":\"ReadAction\",\"target\":[\"https:\\\/\\\/www.bellunopress.it\\\/2026\\\/07\\\/08\\\/idroelettrico-99-milioni-per-il-veneto-e-per-il-bellunese-presidente-stefani-risultato-storico\\\/\"]}]},{\"@type\":\"ImageObject\",\"inLanguage\":\"fr-FR\",\"@id\":\"https:\\\/\\\/www.bellunopress.it\\\/2026\\\/07\\\/08\\\/idroelettrico-99-milioni-per-il-veneto-e-per-il-bellunese-presidente-stefani-risultato-storico\\\/#primaryimage\",\"url\":\"https:\\\/\\\/www.bellunopress.it\\\/wp-content\\\/uploads\\\/2025\\\/10\\\/Alberto-Stefani_edited.jpg\",\"contentUrl\":\"https:\\\/\\\/www.bellunopress.it\\\/wp-content\\\/uploads\\\/2025\\\/10\\\/Alberto-Stefani_edited.jpg\",\"width\":800,\"height\":800,\"caption\":\"Alberto Stefani - Presidente della Regione del Veneto\"},{\"@type\":\"BreadcrumbList\",\"@id\":\"https:\\\/\\\/www.bellunopress.it\\\/2026\\\/07\\\/08\\\/idroelettrico-99-milioni-per-il-veneto-e-per-il-bellunese-presidente-stefani-risultato-storico\\\/#breadcrumb\",\"itemListElement\":[{\"@type\":\"ListItem\",\"position\":1,\"name\":\"Home\",\"item\":\"https:\\\/\\\/www.bellunopress.it\\\/\"},{\"@type\":\"ListItem\",\"position\":2,\"name\":\"Idroelettrico, 99 milioni per il Veneto e per il Bellunese. Presidente Stefani: \u201crisultato storico\u201d\"}]},{\"@type\":\"WebSite\",\"@id\":\"https:\\\/\\\/www.bellunopress.it\\\/#website\",\"url\":\"https:\\\/\\\/www.bellunopress.it\\\/\",\"name\":\"Bellunopress - Dolomiti\",\"description\":\"e-mail: redazione@bellunopress.it\",\"publisher\":{\"@id\":\"https:\\\/\\\/www.bellunopress.it\\\/#organization\"},\"potentialAction\":[{\"@type\":\"SearchAction\",\"target\":{\"@type\":\"EntryPoint\",\"urlTemplate\":\"https:\\\/\\\/www.bellunopress.it\\\/?s={search_term_string}\"},\"query-input\":{\"@type\":\"PropertyValueSpecification\",\"valueRequired\":true,\"valueName\":\"search_term_string\"}}],\"inLanguage\":\"fr-FR\"},{\"@type\":\"Organization\",\"@id\":\"https:\\\/\\\/www.bellunopress.it\\\/#organization\",\"name\":\"Bellunopress\",\"url\":\"https:\\\/\\\/www.bellunopress.it\\\/\",\"logo\":{\"@type\":\"ImageObject\",\"inLanguage\":\"fr-FR\",\"@id\":\"https:\\\/\\\/www.bellunopress.it\\\/#\\\/schema\\\/logo\\\/image\\\/\",\"url\":\"https:\\\/\\\/www.bellunopress.it\\\/wp-content\\\/uploads\\\/2011\\\/05\\\/cropped-logo-bellunopress-.jpg\",\"contentUrl\":\"https:\\\/\\\/www.bellunopress.it\\\/wp-content\\\/uploads\\\/2011\\\/05\\\/cropped-logo-bellunopress-.jpg\",\"width\":512,\"height\":512,\"caption\":\"Bellunopress\"},\"image\":{\"@id\":\"https:\\\/\\\/www.bellunopress.it\\\/#\\\/schema\\\/logo\\\/image\\\/\"},\"sameAs\":[\"https:\\\/\\\/www.facebook.com\\\/profile.php?id=100008943462799\",\"https:\\\/\\\/x.com\\\/bellunopress\",\"https:\\\/\\\/www.linkedin.com\\\/hp\\\/?dnr=JBzUWaJfMUw8vbXJJ2tVW5-I3jZKvC4wsoxE&amp;amp;amp;amp;amp;amp;trk=nav_responsive_tab_home\",\"https:\\\/\\\/www.youtube.com\\\/channel\\\/UCxL0wu1uN0_3_7hGG0306cw\"]},{\"@type\":\"Person\",\"@id\":\"https:\\\/\\\/www.bellunopress.it\\\/#\\\/schema\\\/person\\\/79bb06722b37ece1c03d3e94beb30d73\",\"name\":\"redazione\",\"image\":{\"@type\":\"ImageObject\",\"inLanguage\":\"fr-FR\",\"@id\":\"https:\\\/\\\/secure.gravatar.com\\\/avatar\\\/37d968a2e67a6fd04c169c4bdef102d0bc5d31b2546345219e348575eb80e9a0?s=96&d=mm&r=g\",\"url\":\"https:\\\/\\\/secure.gravatar.com\\\/avatar\\\/37d968a2e67a6fd04c169c4bdef102d0bc5d31b2546345219e348575eb80e9a0?s=96&d=mm&r=g\",\"contentUrl\":\"https:\\\/\\\/secure.gravatar.com\\\/avatar\\\/37d968a2e67a6fd04c169c4bdef102d0bc5d31b2546345219e348575eb80e9a0?s=96&d=mm&r=g\",\"caption\":\"redazione\"},\"sameAs\":[\"http:\\\/\\\/www.bellunopress.it\",\"https:\\\/\\\/x.com\\\/bellunopress\"],\"url\":\"https:\\\/\\\/www.bellunopress.it\\\/fr\\\/author\\\/redazione\\\/\"}]}<\/script>\n<!-- \/ Yoast SEO plugin. -->","yoast_head_json":{"title":"Idroelettrico, 99 milioni per il Veneto e per il Bellunese. Presidente Stefani: \u201crisultato storico\u201d - Bellunopress - Dolomiti","robots":{"index":"index","follow":"follow","max-snippet":"max-snippet:-1","max-image-preview":"max-image-preview:large","max-video-preview":"max-video-preview:-1"},"canonical":"https:\/\/www.bellunopress.it\/fr\/2026\/07\/08\/idroelettrico-99-milioni-per-il-veneto-e-per-il-bellunese-presidente-stefani-risultato-storico\/","og_locale":"fr_FR","og_type":"article","og_title":"Idroelettrico, 99 milioni per il Veneto e per il Bellunese. Presidente Stefani: \u201crisultato storico\u201d - Bellunopress - Dolomiti","og_description":"Venezia, 8 luglio 2026 &#8211;\u00a0\u00a0Si apre una nuova fase per l&#8217;idroelettrico veneto. Grazie a un dialogo fattivo fra Regione ed Ente Nazionale per l&#8217;Energia Elettrica, \u00e8 stata chiusa una partita strategica, che consentir\u00e0 di riscuotere, fra canoni e monetizzazione, 99 milioni di euro per il territorio veneto, in particolare per il Bellunese. La normativa regionale [&hellip;]","og_url":"https:\/\/www.bellunopress.it\/fr\/2026\/07\/08\/idroelettrico-99-milioni-per-il-veneto-e-per-il-bellunese-presidente-stefani-risultato-storico\/","og_site_name":"Bellunopress - Dolomiti","article_publisher":"https:\/\/www.facebook.com\/profile.php?id=100008943462799","article_published_time":"2026-07-08T21:04:40+00:00","article_modified_time":"2026-07-08T21:05:23+00:00","og_image":[{"width":800,"height":800,"url":"https:\/\/www.bellunopress.it\/wp-content\/uploads\/2025\/10\/Alberto-Stefani_edited.jpg","type":"image\/jpeg"}],"author":"redazione","twitter_card":"summary_large_image","twitter_creator":"@bellunopress","twitter_site":"@bellunopress","twitter_misc":{"\u00c9crit par":"redazione","Dur\u00e9e de lecture estim\u00e9e":"3 minutes"},"schema":{"@context":"https:\/\/schema.org","@graph":[{"@type":"Article","@id":"https:\/\/www.bellunopress.it\/2026\/07\/08\/idroelettrico-99-milioni-per-il-veneto-e-per-il-bellunese-presidente-stefani-risultato-storico\/#article","isPartOf":{"@id":"https:\/\/www.bellunopress.it\/2026\/07\/08\/idroelettrico-99-milioni-per-il-veneto-e-per-il-bellunese-presidente-stefani-risultato-storico\/"},"author":{"name":"redazione","@id":"https:\/\/www.bellunopress.it\/#\/schema\/person\/79bb06722b37ece1c03d3e94beb30d73"},"headline":"Idroelettrico, 99 milioni per il Veneto e per il Bellunese. Presidente Stefani: \u201crisultato storico\u201d","datePublished":"2026-07-08T21:04:40+00:00","dateModified":"2026-07-08T21:05:23+00:00","mainEntityOfPage":{"@id":"https:\/\/www.bellunopress.it\/2026\/07\/08\/idroelettrico-99-milioni-per-il-veneto-e-per-il-bellunese-presidente-stefani-risultato-storico\/"},"wordCount":368,"publisher":{"@id":"https:\/\/www.bellunopress.it\/#organization"},"image":{"@id":"https:\/\/www.bellunopress.it\/2026\/07\/08\/idroelettrico-99-milioni-per-il-veneto-e-per-il-bellunese-presidente-stefani-risultato-storico\/#primaryimage"},"thumbnailUrl":"https:\/\/www.bellunopress.it\/wp-content\/uploads\/2025\/10\/Alberto-Stefani_edited.jpg","articleSection":["Cronaca\/Politica","Prima Pagina"],"inLanguage":"fr-FR"},{"@type":"WebPage","@id":"https:\/\/www.bellunopress.it\/2026\/07\/08\/idroelettrico-99-milioni-per-il-veneto-e-per-il-bellunese-presidente-stefani-risultato-storico\/","url":"https:\/\/www.bellunopress.it\/2026\/07\/08\/idroelettrico-99-milioni-per-il-veneto-e-per-il-bellunese-presidente-stefani-risultato-storico\/","name":"Idroelettrico, 99 milioni per il Veneto e per il Bellunese. Presidente Stefani: \u201crisultato storico\u201d - Bellunopress - Dolomiti","isPartOf":{"@id":"https:\/\/www.bellunopress.it\/#website"},"primaryImageOfPage":{"@id":"https:\/\/www.bellunopress.it\/2026\/07\/08\/idroelettrico-99-milioni-per-il-veneto-e-per-il-bellunese-presidente-stefani-risultato-storico\/#primaryimage"},"image":{"@id":"https:\/\/www.bellunopress.it\/2026\/07\/08\/idroelettrico-99-milioni-per-il-veneto-e-per-il-bellunese-presidente-stefani-risultato-storico\/#primaryimage"},"thumbnailUrl":"https:\/\/www.bellunopress.it\/wp-content\/uploads\/2025\/10\/Alberto-Stefani_edited.jpg","datePublished":"2026-07-08T21:04:40+00:00","dateModified":"2026-07-08T21:05:23+00:00","breadcrumb":{"@id":"https:\/\/www.bellunopress.it\/2026\/07\/08\/idroelettrico-99-milioni-per-il-veneto-e-per-il-bellunese-presidente-stefani-risultato-storico\/#breadcrumb"},"inLanguage":"fr-FR","potentialAction":[{"@type":"ReadAction","target":["https:\/\/www.bellunopress.it\/2026\/07\/08\/idroelettrico-99-milioni-per-il-veneto-e-per-il-bellunese-presidente-stefani-risultato-storico\/"]}]},{"@type":"ImageObject","inLanguage":"fr-FR","@id":"https:\/\/www.bellunopress.it\/2026\/07\/08\/idroelettrico-99-milioni-per-il-veneto-e-per-il-bellunese-presidente-stefani-risultato-storico\/#primaryimage","url":"https:\/\/www.bellunopress.it\/wp-content\/uploads\/2025\/10\/Alberto-Stefani_edited.jpg","contentUrl":"https:\/\/www.bellunopress.it\/wp-content\/uploads\/2025\/10\/Alberto-Stefani_edited.jpg","width":800,"height":800,"caption":"Alberto Stefani - Presidente della Regione del Veneto"},{"@type":"BreadcrumbList","@id":"https:\/\/www.bellunopress.it\/2026\/07\/08\/idroelettrico-99-milioni-per-il-veneto-e-per-il-bellunese-presidente-stefani-risultato-storico\/#breadcrumb","itemListElement":[{"@type":"ListItem","position":1,"name":"Home","item":"https:\/\/www.bellunopress.it\/"},{"@type":"ListItem","position":2,"name":"Idroelettrico, 99 milioni per il Veneto e per il Bellunese. Presidente Stefani: \u201crisultato storico\u201d"}]},{"@type":"WebSite","@id":"https:\/\/www.bellunopress.it\/#website","url":"https:\/\/www.bellunopress.it\/","name":"Bellunopress - Dolomiti","description":"e-mail: redazione@bellunopress.it","publisher":{"@id":"https:\/\/www.bellunopress.it\/#organization"},"potentialAction":[{"@type":"SearchAction","target":{"@type":"EntryPoint","urlTemplate":"https:\/\/www.bellunopress.it\/?s={search_term_string}"},"query-input":{"@type":"PropertyValueSpecification","valueRequired":true,"valueName":"search_term_string"}}],"inLanguage":"fr-FR"},{"@type":"Organization","@id":"https:\/\/www.bellunopress.it\/#organization","name":"Bellunopress","url":"https:\/\/www.bellunopress.it\/","logo":{"@type":"ImageObject","inLanguage":"fr-FR","@id":"https:\/\/www.bellunopress.it\/#\/schema\/logo\/image\/","url":"https:\/\/www.bellunopress.it\/wp-content\/uploads\/2011\/05\/cropped-logo-bellunopress-.jpg","contentUrl":"https:\/\/www.bellunopress.it\/wp-content\/uploads\/2011\/05\/cropped-logo-bellunopress-.jpg","width":512,"height":512,"caption":"Bellunopress"},"image":{"@id":"https:\/\/www.bellunopress.it\/#\/schema\/logo\/image\/"},"sameAs":["https:\/\/www.facebook.com\/profile.php?id=100008943462799","https:\/\/x.com\/bellunopress","https:\/\/www.linkedin.com\/hp\/?dnr=JBzUWaJfMUw8vbXJJ2tVW5-I3jZKvC4wsoxE&amp;amp;amp;amp;amp;amp;trk=nav_responsive_tab_home","https:\/\/www.youtube.com\/channel\/UCxL0wu1uN0_3_7hGG0306cw"]},{"@type":"Person","@id":"https:\/\/www.bellunopress.it\/#\/schema\/person\/79bb06722b37ece1c03d3e94beb30d73","name":"r\u00e9daction","image":{"@type":"ImageObject","inLanguage":"fr-FR","@id":"https:\/\/secure.gravatar.com\/avatar\/37d968a2e67a6fd04c169c4bdef102d0bc5d31b2546345219e348575eb80e9a0?s=96&d=mm&r=g","url":"https:\/\/secure.gravatar.com\/avatar\/37d968a2e67a6fd04c169c4bdef102d0bc5d31b2546345219e348575eb80e9a0?s=96&d=mm&r=g","contentUrl":"https:\/\/secure.gravatar.com\/avatar\/37d968a2e67a6fd04c169c4bdef102d0bc5d31b2546345219e348575eb80e9a0?s=96&d=mm&r=g","caption":"redazione"},"sameAs":["http:\/\/www.bellunopress.it","https:\/\/x.com\/bellunopress"],"url":"https:\/\/www.bellunopress.it\/fr\/author\/redazione\/"}]}},"_links":{"self":[{"href":"https:\/\/www.bellunopress.it\/fr\/wp-json\/wp\/v2\/posts\/171791","targetHints":{"allow":["GET"]}}],"collection":[{"href":"https:\/\/www.bellunopress.it\/fr\/wp-json\/wp\/v2\/posts"}],"about":[{"href":"https:\/\/www.bellunopress.it\/fr\/wp-json\/wp\/v2\/types\/post"}],"author":[{"embeddable":true,"href":"https:\/\/www.bellunopress.it\/fr\/wp-json\/wp\/v2\/users\/2"}],"replies":[{"embeddable":true,"href":"https:\/\/www.bellunopress.it\/fr\/wp-json\/wp\/v2\/comments?post=171791"}],"version-history":[{"count":2,"href":"https:\/\/www.bellunopress.it\/fr\/wp-json\/wp\/v2\/posts\/171791\/revisions"}],"predecessor-version":[{"id":171793,"href":"https:\/\/www.bellunopress.it\/fr\/wp-json\/wp\/v2\/posts\/171791\/revisions\/171793"}],"wp:featuredmedia":[{"embeddable":true,"href":"https:\/\/www.bellunopress.it\/fr\/wp-json\/wp\/v2\/media\/163956"}],"wp:attachment":[{"href":"https:\/\/www.bellunopress.it\/fr\/wp-json\/wp\/v2\/media?parent=171791"}],"wp:term":[{"taxonomy":"category","embeddable":true,"href":"https:\/\/www.bellunopress.it\/fr\/wp-json\/wp\/v2\/categories?post=171791"},{"taxonomy":"post_tag","embeddable":true,"href":"https:\/\/www.bellunopress.it\/fr\/wp-json\/wp\/v2\/tags?post=171791"}],"curies":[{"name":"wp","href":"https:\/\/api.w.org\/{rel}","templated":true}]}}