{"id":171787,"date":"2026-07-08T18:47:03","date_gmt":"2026-07-08T16:47:03","guid":{"rendered":"https:\/\/www.bellunopress.it\/?p=171787"},"modified":"2026-07-08T18:47:03","modified_gmt":"2026-07-08T16:47:03","slug":"ciclabilita-verde-e-sicurezza-il-nuovo-paradigma-del-finanziamento-europeo","status":"publish","type":"post","link":"https:\/\/www.bellunopress.it\/fr\/2026\/07\/08\/ciclabilita-verde-e-sicurezza-il-nuovo-paradigma-del-finanziamento-europeo\/","title":{"rendered":"Ciclabilit\u00e0, verde e sicurezza: il nuovo paradigma del finanziamento europeo"},"content":{"rendered":"<p data-path-to-node=\"3\">Nel panorama urbano del 2026, la mobilit\u00e0 ciclistica non \u00e8 pi\u00f9 solo una questione di tracciati su asfalto, ma un elemento centrale del Green Deal europeo. Progettare una pista ciclabile oggi significa integrare infrastruttura, salvaguardia del patrimonio arboreo e sicurezza stradale in un unico, complesso puzzle progettuale.<\/p>\n<p data-path-to-node=\"5\">L&#8217;Unione Europea non finanzia pi\u00f9 la semplice &#8220;costruzione&#8221; di una ciclabile, ma promuove la rigenerazione urbana. Il finanziamento europeo \u2014 che passa attraverso Fondi FESR, PNRR o programmi come Horizon Europe \u2014 \u00e8 vincolato a criteri stringenti:<\/p>\n<ol start=\"1\" data-path-to-node=\"6\">\n<li>\n<p data-path-to-node=\"6,0,0\">Sicurezza (Vision Zero)<b data-path-to-node=\"6,0,0\" data-index-in-node=\"0\">:<\/b> L&#8217;obiettivo europeo \u00e8 l&#8217;azzeramento delle vittime della strada. Una pista ciclabile che viene deformata dalle radici di alberi non adeguatamente gestiti \u00e8 considerata un pericolo. Pertanto, i bandi premiano progetti che risolvono alla radice il conflitto tra vegetazione e infrastruttura.<\/p>\n<\/li>\n<li>\n<p data-path-to-node=\"6,1,0\">Tutela del verde come asset: Tagliare alberi per fare spazio a piste ciclabili \u00e8 sempre meno accettabile in fase di valutazione dei progetti. I bandi moderni assegnano punteggi pi\u00f9 alti ai progetti che utilizzano Nature-Based Solutions (NBS), ovvero tecniche ingegneristiche che proteggono le radici (tramite barriere anti-radice o pavimentazioni drenanti) permettendo al contempo di mantenere l&#8217;alberata.<\/p>\n<\/li>\n<li>\n<p data-path-to-node=\"6,2,0\">Resilienza climatica<b data-path-to-node=\"6,2,0\" data-index-in-node=\"0\">:<\/b> Il verde urbano \u00e8 essenziale per combattere le isole di calore. Una ciclabile ombreggiata da un viale alberato \u00e8, per l&#8217;UE, un progetto di mobilit\u00e0 pi\u00f9 &#8220;attrattivo&#8221; e sostenibile, purch\u00e9 sia garantita l&#8217;integrit\u00e0 del manto stradale nel tempo.<\/p>\n<\/li>\n<\/ol>\n<p data-path-to-node=\"8\">Per ottenere finanziamenti, i Comuni devono abbandonare l&#8217;idea di opere &#8220;a basso costo&#8221; in favore di una progettazione integrata. Le linee di finanziamento attive nel 2026 si dividono solitamente in tre categorie:<\/p>\n<ul data-path-to-node=\"9\">\n<li>\n<p data-path-to-node=\"9,0,0\">Fondi a regia regionale (FESR): Spesso gestiti dalle Province Autonome o dalle Regioni, finanziano il miglioramento qualitativo delle ciclabili esistenti e la creazione di nuove tratte sicure (es. il recente bando 2024-2025 della Provincia Autonoma di Bolzano, un modello virtuoso di co-finanziamento al 100%).<\/p>\n<\/li>\n<li>\n<p data-path-to-node=\"9,1,0\">Programmi di Missione (PNRR e MIT)<b data-path-to-node=\"9,1,0\" data-index-in-node=\"0\">:<\/b> Destinati a collegare i poli attrattori (universit\u00e0, stazioni, centri urbani). Qui la priorit\u00e0 \u00e8 la &#8220;continuit\u00e0&#8221; del percorso.<\/p>\n<\/li>\n<li>\n<p data-path-to-node=\"9,2,0\">Networking e Innovazione (Horizon Europe\/EIT Urban Mobility)<b data-path-to-node=\"9,2,0\" data-index-in-node=\"0\">:<\/b> Per le citt\u00e0 che puntano a essere climaticamente neutre. Questi bandi finanziano non solo l&#8217;asfalto, ma la tecnologia per la manutenzione e il monitoraggio della sicurezza del percorso.<\/p>\n<\/li>\n<\/ul>\n<p data-path-to-node=\"11\">Sebbene i bandi cambino ciclicamente, il 2026 vede alcune linee guida fondamentali per gli enti locali:<\/p>\n<ul data-path-to-node=\"12\">\n<li>\n<p data-path-to-node=\"12,0,0\">Missione &#8220;Citt\u00e0 Climaticamente Neutre&#8221;<b data-path-to-node=\"12,0,0\" data-index-in-node=\"0\">:<\/b> Bandi Horizon Europe (scadenza ottobre 2026) per progetti che integrano trasporti e infrastrutture verdi.<\/p>\n<\/li>\n<li>\n<p data-path-to-node=\"12,1,0\">EIT Urban Mobility: Programmi costanti che finanziano l&#8217;innovazione nella mobilit\u00e0 urbana. Le citt\u00e0 possono attingere a questi fondi per testare nuove pavimentazioni o sistemi di protezione delle radici, anzich\u00e9 limitarsi a soluzioni tradizionali.<\/p>\n<\/li>\n<li>\n<p data-path-to-node=\"12,2,0\">Bando &#8220;Bici in Comune&#8221;: Esempi di finanziamenti nazionali\/locali che favoriscono la progettualit\u00e0 partecipata, dove il coinvolgimento della comunit\u00e0 locale aiuta a trovare soluzioni condivise per preservare i viali alberati rendendo, al contempo, la ciclabile sicura.<\/p>\n<\/li>\n<\/ul>\n<p data-path-to-node=\"14\"><span data-path-to-node=\"14\" data-index-in-node=\"45\">Dunque <\/span>non c&#8217;\u00e8 bisogno di scegliere tra alberi e ciclabili. Il finanziamento europeo premia la capacit\u00e0 di far coesistere i due elementi. Investire in pavimentazioni speciali e in una progettazione attenta al sottosuolo non \u00e8 solo un dovere ambientale, ma \u00e8 la chiave per rendere il progetto &#8220;bancabile&#8221; agli occhi dell&#8217;Europa.<\/p>","protected":false},"excerpt":{"rendered":"<p>Nel panorama urbano del 2026, la mobilit\u00e0 ciclistica non \u00e8 pi\u00f9 solo una questione di tracciati su asfalto, ma un elemento centrale del Green Deal europeo. Progettare una pista ciclabile oggi significa integrare infrastruttura, salvaguardia del patrimonio arboreo e sicurezza stradale in un unico, complesso puzzle progettuale. L&#8217;Unione Europea non finanzia pi\u00f9 la semplice &#8220;costruzione&#8221; [&hellip;]<\/p>\n","protected":false},"author":2,"featured_media":120343,"comment_status":"closed","ping_status":"open","sticky":false,"template":"","format":"standard","meta":{"footnotes":""},"categories":[5,8],"tags":[],"class_list":["post-171787","post","type-post","status-publish","format-standard","has-post-thumbnail","category-cronaca","category-societa-istituzioni"],"yoast_head":"<!-- This site is optimized with the Yoast SEO plugin v28.4 - https:\/\/yoast.com\/product\/yoast-seo-wordpress\/ -->\n<title>Ciclabilit\u00e0, verde e sicurezza: il nuovo paradigma del finanziamento europeo - Bellunopress - Dolomiti<\/title>\n<meta name=\"robots\" content=\"index, follow, max-snippet:-1, max-image-preview:large, max-video-preview:-1\" \/>\n<link rel=\"canonical\" href=\"https:\/\/www.bellunopress.it\/fr\/2026\/07\/08\/ciclabilita-verde-e-sicurezza-il-nuovo-paradigma-del-finanziamento-europeo\/\" \/>\n<meta property=\"og:locale\" content=\"fr_FR\" \/>\n<meta property=\"og:type\" content=\"article\" \/>\n<meta property=\"og:title\" content=\"Ciclabilit\u00e0, verde e sicurezza: il nuovo paradigma del finanziamento europeo - Bellunopress - Dolomiti\" \/>\n<meta property=\"og:description\" content=\"Nel panorama urbano del 2026, la mobilit\u00e0 ciclistica non \u00e8 pi\u00f9 solo una questione di tracciati su asfalto, ma un elemento centrale del Green Deal europeo. Progettare una pista ciclabile oggi significa integrare infrastruttura, salvaguardia del patrimonio arboreo e sicurezza stradale in un unico, complesso puzzle progettuale. L&#8217;Unione Europea non finanzia pi\u00f9 la semplice &#8220;costruzione&#8221; [&hellip;]\" \/>\n<meta property=\"og:url\" content=\"https:\/\/www.bellunopress.it\/fr\/2026\/07\/08\/ciclabilita-verde-e-sicurezza-il-nuovo-paradigma-del-finanziamento-europeo\/\" \/>\n<meta property=\"og:site_name\" content=\"Bellunopress - Dolomiti\" \/>\n<meta property=\"article:publisher\" content=\"https:\/\/www.facebook.com\/profile.php?id=100008943462799\" \/>\n<meta property=\"article:published_time\" content=\"2026-07-08T16:47:03+00:00\" \/>\n<meta property=\"og:image\" content=\"https:\/\/www.bellunopress.it\/wp-content\/uploads\/2020\/12\/Pista-ciclabile-Ponte-nele-Alpi-Soverzene_edited.jpg\" \/>\n\t<meta property=\"og:image:width\" content=\"800\" \/>\n\t<meta property=\"og:image:height\" content=\"548\" \/>\n\t<meta property=\"og:image:type\" content=\"image\/jpeg\" \/>\n<meta name=\"author\" content=\"redazione\" \/>\n<meta name=\"twitter:card\" content=\"summary_large_image\" \/>\n<meta name=\"twitter:creator\" content=\"@bellunopress\" \/>\n<meta name=\"twitter:site\" content=\"@bellunopress\" \/>\n<meta name=\"twitter:label1\" content=\"\u00c9crit par\" \/>\n\t<meta name=\"twitter:data1\" content=\"redazione\" \/>\n\t<meta name=\"twitter:label2\" content=\"Dur\u00e9e de lecture estim\u00e9e\" \/>\n\t<meta name=\"twitter:data2\" content=\"3 minutes\" \/>\n<script type=\"application\/ld+json\" class=\"yoast-schema-graph\">{\"@context\":\"https:\\\/\\\/schema.org\",\"@graph\":[{\"@type\":\"Article\",\"@id\":\"https:\\\/\\\/www.bellunopress.it\\\/2026\\\/07\\\/08\\\/ciclabilita-verde-e-sicurezza-il-nuovo-paradigma-del-finanziamento-europeo\\\/#article\",\"isPartOf\":{\"@id\":\"https:\\\/\\\/www.bellunopress.it\\\/2026\\\/07\\\/08\\\/ciclabilita-verde-e-sicurezza-il-nuovo-paradigma-del-finanziamento-europeo\\\/\"},\"author\":{\"name\":\"redazione\",\"@id\":\"https:\\\/\\\/www.bellunopress.it\\\/#\\\/schema\\\/person\\\/79bb06722b37ece1c03d3e94beb30d73\"},\"headline\":\"Ciclabilit\u00e0, verde e sicurezza: il nuovo paradigma del finanziamento europeo\",\"datePublished\":\"2026-07-08T16:47:03+00:00\",\"mainEntityOfPage\":{\"@id\":\"https:\\\/\\\/www.bellunopress.it\\\/2026\\\/07\\\/08\\\/ciclabilita-verde-e-sicurezza-il-nuovo-paradigma-del-finanziamento-europeo\\\/\"},\"wordCount\":516,\"publisher\":{\"@id\":\"https:\\\/\\\/www.bellunopress.it\\\/#organization\"},\"image\":{\"@id\":\"https:\\\/\\\/www.bellunopress.it\\\/2026\\\/07\\\/08\\\/ciclabilita-verde-e-sicurezza-il-nuovo-paradigma-del-finanziamento-europeo\\\/#primaryimage\"},\"thumbnailUrl\":\"https:\\\/\\\/www.bellunopress.it\\\/wp-content\\\/uploads\\\/2020\\\/12\\\/Pista-ciclabile-Ponte-nele-Alpi-Soverzene_edited.jpg\",\"articleSection\":[\"Cronaca\\\/Politica\",\"Societ\u00e0, Associazioni, Istituzioni\"],\"inLanguage\":\"fr-FR\"},{\"@type\":\"WebPage\",\"@id\":\"https:\\\/\\\/www.bellunopress.it\\\/2026\\\/07\\\/08\\\/ciclabilita-verde-e-sicurezza-il-nuovo-paradigma-del-finanziamento-europeo\\\/\",\"url\":\"https:\\\/\\\/www.bellunopress.it\\\/2026\\\/07\\\/08\\\/ciclabilita-verde-e-sicurezza-il-nuovo-paradigma-del-finanziamento-europeo\\\/\",\"name\":\"Ciclabilit\u00e0, verde e sicurezza: il nuovo paradigma del finanziamento europeo - Bellunopress - Dolomiti\",\"isPartOf\":{\"@id\":\"https:\\\/\\\/www.bellunopress.it\\\/#website\"},\"primaryImageOfPage\":{\"@id\":\"https:\\\/\\\/www.bellunopress.it\\\/2026\\\/07\\\/08\\\/ciclabilita-verde-e-sicurezza-il-nuovo-paradigma-del-finanziamento-europeo\\\/#primaryimage\"},\"image\":{\"@id\":\"https:\\\/\\\/www.bellunopress.it\\\/2026\\\/07\\\/08\\\/ciclabilita-verde-e-sicurezza-il-nuovo-paradigma-del-finanziamento-europeo\\\/#primaryimage\"},\"thumbnailUrl\":\"https:\\\/\\\/www.bellunopress.it\\\/wp-content\\\/uploads\\\/2020\\\/12\\\/Pista-ciclabile-Ponte-nele-Alpi-Soverzene_edited.jpg\",\"datePublished\":\"2026-07-08T16:47:03+00:00\",\"breadcrumb\":{\"@id\":\"https:\\\/\\\/www.bellunopress.it\\\/2026\\\/07\\\/08\\\/ciclabilita-verde-e-sicurezza-il-nuovo-paradigma-del-finanziamento-europeo\\\/#breadcrumb\"},\"inLanguage\":\"fr-FR\",\"potentialAction\":[{\"@type\":\"ReadAction\",\"target\":[\"https:\\\/\\\/www.bellunopress.it\\\/2026\\\/07\\\/08\\\/ciclabilita-verde-e-sicurezza-il-nuovo-paradigma-del-finanziamento-europeo\\\/\"]}]},{\"@type\":\"ImageObject\",\"inLanguage\":\"fr-FR\",\"@id\":\"https:\\\/\\\/www.bellunopress.it\\\/2026\\\/07\\\/08\\\/ciclabilita-verde-e-sicurezza-il-nuovo-paradigma-del-finanziamento-europeo\\\/#primaryimage\",\"url\":\"https:\\\/\\\/www.bellunopress.it\\\/wp-content\\\/uploads\\\/2020\\\/12\\\/Pista-ciclabile-Ponte-nele-Alpi-Soverzene_edited.jpg\",\"contentUrl\":\"https:\\\/\\\/www.bellunopress.it\\\/wp-content\\\/uploads\\\/2020\\\/12\\\/Pista-ciclabile-Ponte-nele-Alpi-Soverzene_edited.jpg\",\"width\":800,\"height\":548},{\"@type\":\"BreadcrumbList\",\"@id\":\"https:\\\/\\\/www.bellunopress.it\\\/2026\\\/07\\\/08\\\/ciclabilita-verde-e-sicurezza-il-nuovo-paradigma-del-finanziamento-europeo\\\/#breadcrumb\",\"itemListElement\":[{\"@type\":\"ListItem\",\"position\":1,\"name\":\"Home\",\"item\":\"https:\\\/\\\/www.bellunopress.it\\\/\"},{\"@type\":\"ListItem\",\"position\":2,\"name\":\"Ciclabilit\u00e0, verde e sicurezza: il nuovo paradigma del finanziamento europeo\"}]},{\"@type\":\"WebSite\",\"@id\":\"https:\\\/\\\/www.bellunopress.it\\\/#website\",\"url\":\"https:\\\/\\\/www.bellunopress.it\\\/\",\"name\":\"Bellunopress - Dolomiti\",\"description\":\"e-mail: redazione@bellunopress.it\",\"publisher\":{\"@id\":\"https:\\\/\\\/www.bellunopress.it\\\/#organization\"},\"potentialAction\":[{\"@type\":\"SearchAction\",\"target\":{\"@type\":\"EntryPoint\",\"urlTemplate\":\"https:\\\/\\\/www.bellunopress.it\\\/?s={search_term_string}\"},\"query-input\":{\"@type\":\"PropertyValueSpecification\",\"valueRequired\":true,\"valueName\":\"search_term_string\"}}],\"inLanguage\":\"fr-FR\"},{\"@type\":\"Organization\",\"@id\":\"https:\\\/\\\/www.bellunopress.it\\\/#organization\",\"name\":\"Bellunopress\",\"url\":\"https:\\\/\\\/www.bellunopress.it\\\/\",\"logo\":{\"@type\":\"ImageObject\",\"inLanguage\":\"fr-FR\",\"@id\":\"https:\\\/\\\/www.bellunopress.it\\\/#\\\/schema\\\/logo\\\/image\\\/\",\"url\":\"https:\\\/\\\/www.bellunopress.it\\\/wp-content\\\/uploads\\\/2011\\\/05\\\/cropped-logo-bellunopress-.jpg\",\"contentUrl\":\"https:\\\/\\\/www.bellunopress.it\\\/wp-content\\\/uploads\\\/2011\\\/05\\\/cropped-logo-bellunopress-.jpg\",\"width\":512,\"height\":512,\"caption\":\"Bellunopress\"},\"image\":{\"@id\":\"https:\\\/\\\/www.bellunopress.it\\\/#\\\/schema\\\/logo\\\/image\\\/\"},\"sameAs\":[\"https:\\\/\\\/www.facebook.com\\\/profile.php?id=100008943462799\",\"https:\\\/\\\/x.com\\\/bellunopress\",\"https:\\\/\\\/www.linkedin.com\\\/hp\\\/?dnr=JBzUWaJfMUw8vbXJJ2tVW5-I3jZKvC4wsoxE&amp;amp;amp;amp;amp;amp;trk=nav_responsive_tab_home\",\"https:\\\/\\\/www.youtube.com\\\/channel\\\/UCxL0wu1uN0_3_7hGG0306cw\"]},{\"@type\":\"Person\",\"@id\":\"https:\\\/\\\/www.bellunopress.it\\\/#\\\/schema\\\/person\\\/79bb06722b37ece1c03d3e94beb30d73\",\"name\":\"redazione\",\"image\":{\"@type\":\"ImageObject\",\"inLanguage\":\"fr-FR\",\"@id\":\"https:\\\/\\\/secure.gravatar.com\\\/avatar\\\/37d968a2e67a6fd04c169c4bdef102d0bc5d31b2546345219e348575eb80e9a0?s=96&d=mm&r=g\",\"url\":\"https:\\\/\\\/secure.gravatar.com\\\/avatar\\\/37d968a2e67a6fd04c169c4bdef102d0bc5d31b2546345219e348575eb80e9a0?s=96&d=mm&r=g\",\"contentUrl\":\"https:\\\/\\\/secure.gravatar.com\\\/avatar\\\/37d968a2e67a6fd04c169c4bdef102d0bc5d31b2546345219e348575eb80e9a0?s=96&d=mm&r=g\",\"caption\":\"redazione\"},\"sameAs\":[\"http:\\\/\\\/www.bellunopress.it\",\"https:\\\/\\\/x.com\\\/bellunopress\"],\"url\":\"https:\\\/\\\/www.bellunopress.it\\\/fr\\\/author\\\/redazione\\\/\"}]}<\/script>\n<!-- \/ Yoast SEO plugin. -->","yoast_head_json":{"title":"Ciclabilit\u00e0, verde e sicurezza: il nuovo paradigma del finanziamento europeo - Bellunopress - Dolomiti","robots":{"index":"index","follow":"follow","max-snippet":"max-snippet:-1","max-image-preview":"max-image-preview:large","max-video-preview":"max-video-preview:-1"},"canonical":"https:\/\/www.bellunopress.it\/fr\/2026\/07\/08\/ciclabilita-verde-e-sicurezza-il-nuovo-paradigma-del-finanziamento-europeo\/","og_locale":"fr_FR","og_type":"article","og_title":"Ciclabilit\u00e0, verde e sicurezza: il nuovo paradigma del finanziamento europeo - Bellunopress - Dolomiti","og_description":"Nel panorama urbano del 2026, la mobilit\u00e0 ciclistica non \u00e8 pi\u00f9 solo una questione di tracciati su asfalto, ma un elemento centrale del Green Deal europeo. Progettare una pista ciclabile oggi significa integrare infrastruttura, salvaguardia del patrimonio arboreo e sicurezza stradale in un unico, complesso puzzle progettuale. L&#8217;Unione Europea non finanzia pi\u00f9 la semplice &#8220;costruzione&#8221; [&hellip;]","og_url":"https:\/\/www.bellunopress.it\/fr\/2026\/07\/08\/ciclabilita-verde-e-sicurezza-il-nuovo-paradigma-del-finanziamento-europeo\/","og_site_name":"Bellunopress - Dolomiti","article_publisher":"https:\/\/www.facebook.com\/profile.php?id=100008943462799","article_published_time":"2026-07-08T16:47:03+00:00","og_image":[{"width":800,"height":548,"url":"https:\/\/www.bellunopress.it\/wp-content\/uploads\/2020\/12\/Pista-ciclabile-Ponte-nele-Alpi-Soverzene_edited.jpg","type":"image\/jpeg"}],"author":"redazione","twitter_card":"summary_large_image","twitter_creator":"@bellunopress","twitter_site":"@bellunopress","twitter_misc":{"\u00c9crit par":"redazione","Dur\u00e9e de lecture estim\u00e9e":"3 minutes"},"schema":{"@context":"https:\/\/schema.org","@graph":[{"@type":"Article","@id":"https:\/\/www.bellunopress.it\/2026\/07\/08\/ciclabilita-verde-e-sicurezza-il-nuovo-paradigma-del-finanziamento-europeo\/#article","isPartOf":{"@id":"https:\/\/www.bellunopress.it\/2026\/07\/08\/ciclabilita-verde-e-sicurezza-il-nuovo-paradigma-del-finanziamento-europeo\/"},"author":{"name":"redazione","@id":"https:\/\/www.bellunopress.it\/#\/schema\/person\/79bb06722b37ece1c03d3e94beb30d73"},"headline":"Ciclabilit\u00e0, verde e sicurezza: il nuovo paradigma del finanziamento europeo","datePublished":"2026-07-08T16:47:03+00:00","mainEntityOfPage":{"@id":"https:\/\/www.bellunopress.it\/2026\/07\/08\/ciclabilita-verde-e-sicurezza-il-nuovo-paradigma-del-finanziamento-europeo\/"},"wordCount":516,"publisher":{"@id":"https:\/\/www.bellunopress.it\/#organization"},"image":{"@id":"https:\/\/www.bellunopress.it\/2026\/07\/08\/ciclabilita-verde-e-sicurezza-il-nuovo-paradigma-del-finanziamento-europeo\/#primaryimage"},"thumbnailUrl":"https:\/\/www.bellunopress.it\/wp-content\/uploads\/2020\/12\/Pista-ciclabile-Ponte-nele-Alpi-Soverzene_edited.jpg","articleSection":["Cronaca\/Politica","Societ\u00e0, Associazioni, Istituzioni"],"inLanguage":"fr-FR"},{"@type":"WebPage","@id":"https:\/\/www.bellunopress.it\/2026\/07\/08\/ciclabilita-verde-e-sicurezza-il-nuovo-paradigma-del-finanziamento-europeo\/","url":"https:\/\/www.bellunopress.it\/2026\/07\/08\/ciclabilita-verde-e-sicurezza-il-nuovo-paradigma-del-finanziamento-europeo\/","name":"Ciclabilit\u00e0, verde e sicurezza: il nuovo paradigma del finanziamento europeo - Bellunopress - Dolomiti","isPartOf":{"@id":"https:\/\/www.bellunopress.it\/#website"},"primaryImageOfPage":{"@id":"https:\/\/www.bellunopress.it\/2026\/07\/08\/ciclabilita-verde-e-sicurezza-il-nuovo-paradigma-del-finanziamento-europeo\/#primaryimage"},"image":{"@id":"https:\/\/www.bellunopress.it\/2026\/07\/08\/ciclabilita-verde-e-sicurezza-il-nuovo-paradigma-del-finanziamento-europeo\/#primaryimage"},"thumbnailUrl":"https:\/\/www.bellunopress.it\/wp-content\/uploads\/2020\/12\/Pista-ciclabile-Ponte-nele-Alpi-Soverzene_edited.jpg","datePublished":"2026-07-08T16:47:03+00:00","breadcrumb":{"@id":"https:\/\/www.bellunopress.it\/2026\/07\/08\/ciclabilita-verde-e-sicurezza-il-nuovo-paradigma-del-finanziamento-europeo\/#breadcrumb"},"inLanguage":"fr-FR","potentialAction":[{"@type":"ReadAction","target":["https:\/\/www.bellunopress.it\/2026\/07\/08\/ciclabilita-verde-e-sicurezza-il-nuovo-paradigma-del-finanziamento-europeo\/"]}]},{"@type":"ImageObject","inLanguage":"fr-FR","@id":"https:\/\/www.bellunopress.it\/2026\/07\/08\/ciclabilita-verde-e-sicurezza-il-nuovo-paradigma-del-finanziamento-europeo\/#primaryimage","url":"https:\/\/www.bellunopress.it\/wp-content\/uploads\/2020\/12\/Pista-ciclabile-Ponte-nele-Alpi-Soverzene_edited.jpg","contentUrl":"https:\/\/www.bellunopress.it\/wp-content\/uploads\/2020\/12\/Pista-ciclabile-Ponte-nele-Alpi-Soverzene_edited.jpg","width":800,"height":548},{"@type":"BreadcrumbList","@id":"https:\/\/www.bellunopress.it\/2026\/07\/08\/ciclabilita-verde-e-sicurezza-il-nuovo-paradigma-del-finanziamento-europeo\/#breadcrumb","itemListElement":[{"@type":"ListItem","position":1,"name":"Home","item":"https:\/\/www.bellunopress.it\/"},{"@type":"ListItem","position":2,"name":"Ciclabilit\u00e0, verde e sicurezza: il nuovo paradigma del finanziamento europeo"}]},{"@type":"WebSite","@id":"https:\/\/www.bellunopress.it\/#website","url":"https:\/\/www.bellunopress.it\/","name":"Bellunopress - Dolomiti","description":"e-mail: redazione@bellunopress.it","publisher":{"@id":"https:\/\/www.bellunopress.it\/#organization"},"potentialAction":[{"@type":"SearchAction","target":{"@type":"EntryPoint","urlTemplate":"https:\/\/www.bellunopress.it\/?s={search_term_string}"},"query-input":{"@type":"PropertyValueSpecification","valueRequired":true,"valueName":"search_term_string"}}],"inLanguage":"fr-FR"},{"@type":"Organization","@id":"https:\/\/www.bellunopress.it\/#organization","name":"Bellunopress","url":"https:\/\/www.bellunopress.it\/","logo":{"@type":"ImageObject","inLanguage":"fr-FR","@id":"https:\/\/www.bellunopress.it\/#\/schema\/logo\/image\/","url":"https:\/\/www.bellunopress.it\/wp-content\/uploads\/2011\/05\/cropped-logo-bellunopress-.jpg","contentUrl":"https:\/\/www.bellunopress.it\/wp-content\/uploads\/2011\/05\/cropped-logo-bellunopress-.jpg","width":512,"height":512,"caption":"Bellunopress"},"image":{"@id":"https:\/\/www.bellunopress.it\/#\/schema\/logo\/image\/"},"sameAs":["https:\/\/www.facebook.com\/profile.php?id=100008943462799","https:\/\/x.com\/bellunopress","https:\/\/www.linkedin.com\/hp\/?dnr=JBzUWaJfMUw8vbXJJ2tVW5-I3jZKvC4wsoxE&amp;amp;amp;amp;amp;amp;trk=nav_responsive_tab_home","https:\/\/www.youtube.com\/channel\/UCxL0wu1uN0_3_7hGG0306cw"]},{"@type":"Person","@id":"https:\/\/www.bellunopress.it\/#\/schema\/person\/79bb06722b37ece1c03d3e94beb30d73","name":"r\u00e9daction","image":{"@type":"ImageObject","inLanguage":"fr-FR","@id":"https:\/\/secure.gravatar.com\/avatar\/37d968a2e67a6fd04c169c4bdef102d0bc5d31b2546345219e348575eb80e9a0?s=96&d=mm&r=g","url":"https:\/\/secure.gravatar.com\/avatar\/37d968a2e67a6fd04c169c4bdef102d0bc5d31b2546345219e348575eb80e9a0?s=96&d=mm&r=g","contentUrl":"https:\/\/secure.gravatar.com\/avatar\/37d968a2e67a6fd04c169c4bdef102d0bc5d31b2546345219e348575eb80e9a0?s=96&d=mm&r=g","caption":"redazione"},"sameAs":["http:\/\/www.bellunopress.it","https:\/\/x.com\/bellunopress"],"url":"https:\/\/www.bellunopress.it\/fr\/author\/redazione\/"}]}},"_links":{"self":[{"href":"https:\/\/www.bellunopress.it\/fr\/wp-json\/wp\/v2\/posts\/171787","targetHints":{"allow":["GET"]}}],"collection":[{"href":"https:\/\/www.bellunopress.it\/fr\/wp-json\/wp\/v2\/posts"}],"about":[{"href":"https:\/\/www.bellunopress.it\/fr\/wp-json\/wp\/v2\/types\/post"}],"author":[{"embeddable":true,"href":"https:\/\/www.bellunopress.it\/fr\/wp-json\/wp\/v2\/users\/2"}],"replies":[{"embeddable":true,"href":"https:\/\/www.bellunopress.it\/fr\/wp-json\/wp\/v2\/comments?post=171787"}],"version-history":[{"count":1,"href":"https:\/\/www.bellunopress.it\/fr\/wp-json\/wp\/v2\/posts\/171787\/revisions"}],"predecessor-version":[{"id":171788,"href":"https:\/\/www.bellunopress.it\/fr\/wp-json\/wp\/v2\/posts\/171787\/revisions\/171788"}],"wp:featuredmedia":[{"embeddable":true,"href":"https:\/\/www.bellunopress.it\/fr\/wp-json\/wp\/v2\/media\/120343"}],"wp:attachment":[{"href":"https:\/\/www.bellunopress.it\/fr\/wp-json\/wp\/v2\/media?parent=171787"}],"wp:term":[{"taxonomy":"category","embeddable":true,"href":"https:\/\/www.bellunopress.it\/fr\/wp-json\/wp\/v2\/categories?post=171787"},{"taxonomy":"post_tag","embeddable":true,"href":"https:\/\/www.bellunopress.it\/fr\/wp-json\/wp\/v2\/tags?post=171787"}],"curies":[{"name":"wp","href":"https:\/\/api.w.org\/{rel}","templated":true}]}}