{"id":171785,"date":"2026-07-08T18:14:08","date_gmt":"2026-07-08T16:14:08","guid":{"rendered":"https:\/\/www.bellunopress.it\/?p=171785"},"modified":"2026-07-08T18:14:08","modified_gmt":"2026-07-08T16:14:08","slug":"coppa-doro-delle-dolomiti-dal-16-al-19-luglio-tornano-le-auto-da-sogno-del-campionato-italiano-grandi-eventi","status":"publish","type":"post","link":"https:\/\/www.bellunopress.it\/fr\/2026\/07\/08\/coppa-doro-delle-dolomiti-dal-16-al-19-luglio-tornano-le-auto-da-sogno-del-campionato-italiano-grandi-eventi\/","title":{"rendered":"Coppa d&#8217;Oro delle Dolomiti, dal 16 al 19 luglio tornano le auto da sogno del Campionato Italiano Grandi Eventi"},"content":{"rendered":"<p>Belluno 8 luglio 2026 &#8211; L&#8217;atmosfera unica delle Alpi orientali, il fascino di Cortina d&#8217;Ampezzo e la bellezza delle vetture classiche e sportive pi\u00f9 belle del mondo: Sono questi alcuni degli ingredienti della Coppa d&#8217;Oro delle Dolomiti, prestigioso appuntamento del Campionato Italiano Grandi Eventi ACI Sport Epoca Championship. Parallelamente, il Tributo Coppa d&#8217;Oro delle Dolomiti sar\u00e0 una tappa del Campionato Italiano Grandi Eventi Auto Moderne di ACI Sport, in programma dal 16 al 19 luglio 2026. Non si tratter\u00e0 di una mera sfilata di automobili da sogno, ma di un contesto agonistico nell&#8217;ambito della regolarit\u00e0, una disciplina particolarmente impegnativa e selettiva, specie se le Prove Cronometrate sono ricavate tra i passi che hanno appena ospitato le Olimpiadi invernali 2026 (e, ovviamente, nel 1956), dal Falzarego al Passo Giau.<\/p>\n<p>Un evento con tre validit\u00e0: Coppa d&#8217;Oro delle Dolomiti per vetture prodotte fino al 1971; Coppa d&#8217;Oro delle Dolomiti Legend per vetture prodotte dal 1972 al 2000; Tributo Coppa d&#8217;Oro delle Dolomiti per vetture GT stradali costruite a partire dal 2001.<\/p>\n<p>Il programma della competizione prevede tre giorni di gara che, partendo da Cortina d&#8217;Ampezzo, si snoderanno attraverso le strade delle Dolomiti dell&#8217;Alto Adige e Bellunesi per poi concludersi a Cortina, capitale del glamour e degli sport invernali. La Coppa d&#8217;Oro delle Dolomiti nasce nel 1947 come una gara di velocit\u00e0 pura; oggi \u00e8 una gara di regolarit\u00e0 classica per auto storiche e Gran Turismo. La manifestazione \u00e8 entrata nella storia grazie alla particolarit\u00e0 e al fascino del percorso, inserito nello scenario unico delle Dolomiti, Patrimonio mondiale dell&#8217;Unesco. Quartier generale dell&#8217;edizione 2026 sar\u00e0 ancora il prestigioso Grand Hotel Savoia, a Radisson Collection Hotel, che ospiter\u00e0 le verifiche antegara, la segreteria, l&#8217;ufficio stampa, la direzione di gara e la cerimonia di premiazione.<\/p>\n<p>Sar\u00e0 possibile iscriversi fino alle ore 18.00 di venerd\u00ec 10 luglio, mentre tutti i dettagli del grande evento ACI Sport saranno svelati mercoled\u00ec 15 luglio alle ore 11.30, nel corso della conferenza stampa di presentazione che si terr\u00e0 nella rinnovata sede dell&#8217;Automobile Club Belluno, in Piazza dei Martiri n. 46.<\/p>\n<p>I moduli di iscrizione sono disponibili su www.coppadorodelledolomiti.it e su <a href=\"http:\/\/www.acisport.it\">www.acisport.it<\/a>.<\/p>","protected":false},"excerpt":{"rendered":"<p>Belluno 8 luglio 2026 &#8211; L&#8217;atmosfera unica delle Alpi orientali, il fascino di Cortina d&#8217;Ampezzo e la bellezza delle vetture classiche e sportive pi\u00f9 belle del mondo: Sono questi alcuni degli ingredienti della Coppa d&#8217;Oro delle Dolomiti, prestigioso appuntamento del Campionato Italiano Grandi Eventi ACI Sport Epoca Championship. Parallelamente, il Tributo Coppa d&#8217;Oro delle Dolomiti [&hellip;]<\/p>\n","protected":false},"author":2,"featured_media":135109,"comment_status":"closed","ping_status":"open","sticky":false,"template":"","format":"standard","meta":{"footnotes":""},"categories":[26,4],"tags":[],"class_list":["post-171785","post","type-post","status-publish","format-standard","has-post-thumbnail","category-prima-pagina","category-sport"],"yoast_head":"<!-- This site is optimized with the Yoast SEO plugin v28.4 - https:\/\/yoast.com\/product\/yoast-seo-wordpress\/ -->\n<title>Coppa d&#039;Oro delle Dolomiti, dal 16 al 19 luglio tornano le auto da sogno del Campionato Italiano Grandi Eventi - Bellunopress - Dolomiti<\/title>\n<meta name=\"robots\" content=\"index, follow, max-snippet:-1, max-image-preview:large, max-video-preview:-1\" \/>\n<link rel=\"canonical\" href=\"https:\/\/www.bellunopress.it\/fr\/2026\/07\/08\/coppa-doro-delle-dolomiti-dal-16-al-19-luglio-tornano-le-auto-da-sogno-del-campionato-italiano-grandi-eventi\/\" \/>\n<meta property=\"og:locale\" content=\"fr_FR\" \/>\n<meta property=\"og:type\" content=\"article\" \/>\n<meta property=\"og:title\" content=\"Coppa d&#039;Oro delle Dolomiti, dal 16 al 19 luglio tornano le auto da sogno del Campionato Italiano Grandi Eventi - Bellunopress - Dolomiti\" \/>\n<meta property=\"og:description\" content=\"Belluno 8 luglio 2026 &#8211; L&#8217;atmosfera unica delle Alpi orientali, il fascino di Cortina d&#8217;Ampezzo e la bellezza delle vetture classiche e sportive pi\u00f9 belle del mondo: Sono questi alcuni degli ingredienti della Coppa d&#8217;Oro delle Dolomiti, prestigioso appuntamento del Campionato Italiano Grandi Eventi ACI Sport Epoca Championship. Parallelamente, il Tributo Coppa d&#8217;Oro delle Dolomiti [&hellip;]\" \/>\n<meta property=\"og:url\" content=\"https:\/\/www.bellunopress.it\/fr\/2026\/07\/08\/coppa-doro-delle-dolomiti-dal-16-al-19-luglio-tornano-le-auto-da-sogno-del-campionato-italiano-grandi-eventi\/\" \/>\n<meta property=\"og:site_name\" content=\"Bellunopress - Dolomiti\" \/>\n<meta property=\"article:publisher\" content=\"https:\/\/www.facebook.com\/profile.php?id=100008943462799\" \/>\n<meta property=\"article:published_time\" content=\"2026-07-08T16:14:08+00:00\" \/>\n<meta property=\"og:image\" content=\"https:\/\/www.bellunopress.it\/wp-content\/uploads\/2022\/07\/Fiat-508-C-1938-Di-Pietra-Coppa-dOro-2022_edited.jpg\" \/>\n\t<meta property=\"og:image:width\" content=\"1000\" \/>\n\t<meta property=\"og:image:height\" content=\"903\" \/>\n\t<meta property=\"og:image:type\" content=\"image\/jpeg\" \/>\n<meta name=\"author\" content=\"redazione\" \/>\n<meta name=\"twitter:card\" content=\"summary_large_image\" \/>\n<meta name=\"twitter:creator\" content=\"@bellunopress\" \/>\n<meta name=\"twitter:site\" content=\"@bellunopress\" \/>\n<meta name=\"twitter:label1\" content=\"Written by\" \/>\n\t<meta name=\"twitter:data1\" content=\"redazione\" \/>\n\t<meta name=\"twitter:label2\" content=\"Est. reading time\" \/>\n\t<meta name=\"twitter:data2\" content=\"3 minutes\" \/>\n<script type=\"application\/ld+json\" class=\"yoast-schema-graph\">{\"@context\":\"https:\\\/\\\/schema.org\",\"@graph\":[{\"@type\":\"Article\",\"@id\":\"https:\\\/\\\/www.bellunopress.it\\\/2026\\\/07\\\/08\\\/coppa-doro-delle-dolomiti-dal-16-al-19-luglio-tornano-le-auto-da-sogno-del-campionato-italiano-grandi-eventi\\\/#article\",\"isPartOf\":{\"@id\":\"https:\\\/\\\/www.bellunopress.it\\\/2026\\\/07\\\/08\\\/coppa-doro-delle-dolomiti-dal-16-al-19-luglio-tornano-le-auto-da-sogno-del-campionato-italiano-grandi-eventi\\\/\"},\"author\":{\"name\":\"redazione\",\"@id\":\"https:\\\/\\\/www.bellunopress.it\\\/#\\\/schema\\\/person\\\/79bb06722b37ece1c03d3e94beb30d73\"},\"headline\":\"Coppa d&#8217;Oro delle Dolomiti, dal 16 al 19 luglio tornano le auto da sogno del Campionato Italiano Grandi Eventi\",\"datePublished\":\"2026-07-08T16:14:08+00:00\",\"mainEntityOfPage\":{\"@id\":\"https:\\\/\\\/www.bellunopress.it\\\/2026\\\/07\\\/08\\\/coppa-doro-delle-dolomiti-dal-16-al-19-luglio-tornano-le-auto-da-sogno-del-campionato-italiano-grandi-eventi\\\/\"},\"wordCount\":367,\"publisher\":{\"@id\":\"https:\\\/\\\/www.bellunopress.it\\\/#organization\"},\"image\":{\"@id\":\"https:\\\/\\\/www.bellunopress.it\\\/2026\\\/07\\\/08\\\/coppa-doro-delle-dolomiti-dal-16-al-19-luglio-tornano-le-auto-da-sogno-del-campionato-italiano-grandi-eventi\\\/#primaryimage\"},\"thumbnailUrl\":\"https:\\\/\\\/www.bellunopress.it\\\/wp-content\\\/uploads\\\/2022\\\/07\\\/Fiat-508-C-1938-Di-Pietra-Coppa-dOro-2022_edited.jpg\",\"articleSection\":[\"Prima Pagina\",\"Sport, tempo libero\"],\"inLanguage\":\"fr-FR\"},{\"@type\":\"WebPage\",\"@id\":\"https:\\\/\\\/www.bellunopress.it\\\/2026\\\/07\\\/08\\\/coppa-doro-delle-dolomiti-dal-16-al-19-luglio-tornano-le-auto-da-sogno-del-campionato-italiano-grandi-eventi\\\/\",\"url\":\"https:\\\/\\\/www.bellunopress.it\\\/2026\\\/07\\\/08\\\/coppa-doro-delle-dolomiti-dal-16-al-19-luglio-tornano-le-auto-da-sogno-del-campionato-italiano-grandi-eventi\\\/\",\"name\":\"Coppa d'Oro delle Dolomiti, dal 16 al 19 luglio tornano le auto da sogno del Campionato Italiano Grandi Eventi - Bellunopress - Dolomiti\",\"isPartOf\":{\"@id\":\"https:\\\/\\\/www.bellunopress.it\\\/#website\"},\"primaryImageOfPage\":{\"@id\":\"https:\\\/\\\/www.bellunopress.it\\\/2026\\\/07\\\/08\\\/coppa-doro-delle-dolomiti-dal-16-al-19-luglio-tornano-le-auto-da-sogno-del-campionato-italiano-grandi-eventi\\\/#primaryimage\"},\"image\":{\"@id\":\"https:\\\/\\\/www.bellunopress.it\\\/2026\\\/07\\\/08\\\/coppa-doro-delle-dolomiti-dal-16-al-19-luglio-tornano-le-auto-da-sogno-del-campionato-italiano-grandi-eventi\\\/#primaryimage\"},\"thumbnailUrl\":\"https:\\\/\\\/www.bellunopress.it\\\/wp-content\\\/uploads\\\/2022\\\/07\\\/Fiat-508-C-1938-Di-Pietra-Coppa-dOro-2022_edited.jpg\",\"datePublished\":\"2026-07-08T16:14:08+00:00\",\"breadcrumb\":{\"@id\":\"https:\\\/\\\/www.bellunopress.it\\\/2026\\\/07\\\/08\\\/coppa-doro-delle-dolomiti-dal-16-al-19-luglio-tornano-le-auto-da-sogno-del-campionato-italiano-grandi-eventi\\\/#breadcrumb\"},\"inLanguage\":\"fr-FR\",\"potentialAction\":[{\"@type\":\"ReadAction\",\"target\":[\"https:\\\/\\\/www.bellunopress.it\\\/2026\\\/07\\\/08\\\/coppa-doro-delle-dolomiti-dal-16-al-19-luglio-tornano-le-auto-da-sogno-del-campionato-italiano-grandi-eventi\\\/\"]}]},{\"@type\":\"ImageObject\",\"inLanguage\":\"fr-FR\",\"@id\":\"https:\\\/\\\/www.bellunopress.it\\\/2026\\\/07\\\/08\\\/coppa-doro-delle-dolomiti-dal-16-al-19-luglio-tornano-le-auto-da-sogno-del-campionato-italiano-grandi-eventi\\\/#primaryimage\",\"url\":\"https:\\\/\\\/www.bellunopress.it\\\/wp-content\\\/uploads\\\/2022\\\/07\\\/Fiat-508-C-1938-Di-Pietra-Coppa-dOro-2022_edited.jpg\",\"contentUrl\":\"https:\\\/\\\/www.bellunopress.it\\\/wp-content\\\/uploads\\\/2022\\\/07\\\/Fiat-508-C-1938-Di-Pietra-Coppa-dOro-2022_edited.jpg\",\"width\":1000,\"height\":903,\"caption\":\"Fiat 508 C 1938 Di Pietra Coppa d'Oro delle Dolomiti 2022\"},{\"@type\":\"BreadcrumbList\",\"@id\":\"https:\\\/\\\/www.bellunopress.it\\\/2026\\\/07\\\/08\\\/coppa-doro-delle-dolomiti-dal-16-al-19-luglio-tornano-le-auto-da-sogno-del-campionato-italiano-grandi-eventi\\\/#breadcrumb\",\"itemListElement\":[{\"@type\":\"ListItem\",\"position\":1,\"name\":\"Home\",\"item\":\"https:\\\/\\\/www.bellunopress.it\\\/\"},{\"@type\":\"ListItem\",\"position\":2,\"name\":\"Coppa d&#8217;Oro delle Dolomiti, dal 16 al 19 luglio tornano le auto da sogno del Campionato Italiano Grandi Eventi\"}]},{\"@type\":\"WebSite\",\"@id\":\"https:\\\/\\\/www.bellunopress.it\\\/#website\",\"url\":\"https:\\\/\\\/www.bellunopress.it\\\/\",\"name\":\"Bellunopress - Dolomiti\",\"description\":\"e-mail: redazione@bellunopress.it\",\"publisher\":{\"@id\":\"https:\\\/\\\/www.bellunopress.it\\\/#organization\"},\"potentialAction\":[{\"@type\":\"SearchAction\",\"target\":{\"@type\":\"EntryPoint\",\"urlTemplate\":\"https:\\\/\\\/www.bellunopress.it\\\/?s={search_term_string}\"},\"query-input\":{\"@type\":\"PropertyValueSpecification\",\"valueRequired\":true,\"valueName\":\"search_term_string\"}}],\"inLanguage\":\"fr-FR\"},{\"@type\":\"Organization\",\"@id\":\"https:\\\/\\\/www.bellunopress.it\\\/#organization\",\"name\":\"Bellunopress\",\"url\":\"https:\\\/\\\/www.bellunopress.it\\\/\",\"logo\":{\"@type\":\"ImageObject\",\"inLanguage\":\"fr-FR\",\"@id\":\"https:\\\/\\\/www.bellunopress.it\\\/#\\\/schema\\\/logo\\\/image\\\/\",\"url\":\"https:\\\/\\\/www.bellunopress.it\\\/wp-content\\\/uploads\\\/2011\\\/05\\\/cropped-logo-bellunopress-.jpg\",\"contentUrl\":\"https:\\\/\\\/www.bellunopress.it\\\/wp-content\\\/uploads\\\/2011\\\/05\\\/cropped-logo-bellunopress-.jpg\",\"width\":512,\"height\":512,\"caption\":\"Bellunopress\"},\"image\":{\"@id\":\"https:\\\/\\\/www.bellunopress.it\\\/#\\\/schema\\\/logo\\\/image\\\/\"},\"sameAs\":[\"https:\\\/\\\/www.facebook.com\\\/profile.php?id=100008943462799\",\"https:\\\/\\\/x.com\\\/bellunopress\",\"https:\\\/\\\/www.linkedin.com\\\/hp\\\/?dnr=JBzUWaJfMUw8vbXJJ2tVW5-I3jZKvC4wsoxE&amp;amp;amp;amp;amp;amp;trk=nav_responsive_tab_home\",\"https:\\\/\\\/www.youtube.com\\\/channel\\\/UCxL0wu1uN0_3_7hGG0306cw\"]},{\"@type\":\"Person\",\"@id\":\"https:\\\/\\\/www.bellunopress.it\\\/#\\\/schema\\\/person\\\/79bb06722b37ece1c03d3e94beb30d73\",\"name\":\"redazione\",\"image\":{\"@type\":\"ImageObject\",\"inLanguage\":\"fr-FR\",\"@id\":\"https:\\\/\\\/secure.gravatar.com\\\/avatar\\\/37d968a2e67a6fd04c169c4bdef102d0bc5d31b2546345219e348575eb80e9a0?s=96&d=mm&r=g\",\"url\":\"https:\\\/\\\/secure.gravatar.com\\\/avatar\\\/37d968a2e67a6fd04c169c4bdef102d0bc5d31b2546345219e348575eb80e9a0?s=96&d=mm&r=g\",\"contentUrl\":\"https:\\\/\\\/secure.gravatar.com\\\/avatar\\\/37d968a2e67a6fd04c169c4bdef102d0bc5d31b2546345219e348575eb80e9a0?s=96&d=mm&r=g\",\"caption\":\"redazione\"},\"sameAs\":[\"http:\\\/\\\/www.bellunopress.it\",\"https:\\\/\\\/x.com\\\/bellunopress\"],\"url\":\"https:\\\/\\\/www.bellunopress.it\\\/fr\\\/author\\\/redazione\\\/\"}]}<\/script>\n<!-- \/ Yoast SEO plugin. -->","yoast_head_json":{"title":"Coppa d'Oro delle Dolomiti, dal 16 al 19 luglio tornano le auto da sogno del Campionato Italiano Grandi Eventi - Bellunopress - Dolomiti","robots":{"index":"index","follow":"follow","max-snippet":"max-snippet:-1","max-image-preview":"max-image-preview:large","max-video-preview":"max-video-preview:-1"},"canonical":"https:\/\/www.bellunopress.it\/fr\/2026\/07\/08\/coppa-doro-delle-dolomiti-dal-16-al-19-luglio-tornano-le-auto-da-sogno-del-campionato-italiano-grandi-eventi\/","og_locale":"fr_FR","og_type":"article","og_title":"Coppa d'Oro delle Dolomiti, dal 16 al 19 luglio tornano le auto da sogno del Campionato Italiano Grandi Eventi - Bellunopress - Dolomiti","og_description":"Belluno 8 luglio 2026 &#8211; L&#8217;atmosfera unica delle Alpi orientali, il fascino di Cortina d&#8217;Ampezzo e la bellezza delle vetture classiche e sportive pi\u00f9 belle del mondo: Sono questi alcuni degli ingredienti della Coppa d&#8217;Oro delle Dolomiti, prestigioso appuntamento del Campionato Italiano Grandi Eventi ACI Sport Epoca Championship. Parallelamente, il Tributo Coppa d&#8217;Oro delle Dolomiti [&hellip;]","og_url":"https:\/\/www.bellunopress.it\/fr\/2026\/07\/08\/coppa-doro-delle-dolomiti-dal-16-al-19-luglio-tornano-le-auto-da-sogno-del-campionato-italiano-grandi-eventi\/","og_site_name":"Bellunopress - Dolomiti","article_publisher":"https:\/\/www.facebook.com\/profile.php?id=100008943462799","article_published_time":"2026-07-08T16:14:08+00:00","og_image":[{"width":1000,"height":903,"url":"https:\/\/www.bellunopress.it\/wp-content\/uploads\/2022\/07\/Fiat-508-C-1938-Di-Pietra-Coppa-dOro-2022_edited.jpg","type":"image\/jpeg"}],"author":"redazione","twitter_card":"summary_large_image","twitter_creator":"@bellunopress","twitter_site":"@bellunopress","twitter_misc":{"Written by":"redazione","Est. reading time":"3 minutes"},"schema":{"@context":"https:\/\/schema.org","@graph":[{"@type":"Article","@id":"https:\/\/www.bellunopress.it\/2026\/07\/08\/coppa-doro-delle-dolomiti-dal-16-al-19-luglio-tornano-le-auto-da-sogno-del-campionato-italiano-grandi-eventi\/#article","isPartOf":{"@id":"https:\/\/www.bellunopress.it\/2026\/07\/08\/coppa-doro-delle-dolomiti-dal-16-al-19-luglio-tornano-le-auto-da-sogno-del-campionato-italiano-grandi-eventi\/"},"author":{"name":"redazione","@id":"https:\/\/www.bellunopress.it\/#\/schema\/person\/79bb06722b37ece1c03d3e94beb30d73"},"headline":"Coppa d&#8217;Oro delle Dolomiti, dal 16 al 19 luglio tornano le auto da sogno del Campionato Italiano Grandi Eventi","datePublished":"2026-07-08T16:14:08+00:00","mainEntityOfPage":{"@id":"https:\/\/www.bellunopress.it\/2026\/07\/08\/coppa-doro-delle-dolomiti-dal-16-al-19-luglio-tornano-le-auto-da-sogno-del-campionato-italiano-grandi-eventi\/"},"wordCount":367,"publisher":{"@id":"https:\/\/www.bellunopress.it\/#organization"},"image":{"@id":"https:\/\/www.bellunopress.it\/2026\/07\/08\/coppa-doro-delle-dolomiti-dal-16-al-19-luglio-tornano-le-auto-da-sogno-del-campionato-italiano-grandi-eventi\/#primaryimage"},"thumbnailUrl":"https:\/\/www.bellunopress.it\/wp-content\/uploads\/2022\/07\/Fiat-508-C-1938-Di-Pietra-Coppa-dOro-2022_edited.jpg","articleSection":["Prima Pagina","Sport, tempo libero"],"inLanguage":"fr-FR"},{"@type":"WebPage","@id":"https:\/\/www.bellunopress.it\/2026\/07\/08\/coppa-doro-delle-dolomiti-dal-16-al-19-luglio-tornano-le-auto-da-sogno-del-campionato-italiano-grandi-eventi\/","url":"https:\/\/www.bellunopress.it\/2026\/07\/08\/coppa-doro-delle-dolomiti-dal-16-al-19-luglio-tornano-le-auto-da-sogno-del-campionato-italiano-grandi-eventi\/","name":"Coppa d'Oro delle Dolomiti, dal 16 al 19 luglio tornano le auto da sogno del Campionato Italiano Grandi Eventi - Bellunopress - Dolomiti","isPartOf":{"@id":"https:\/\/www.bellunopress.it\/#website"},"primaryImageOfPage":{"@id":"https:\/\/www.bellunopress.it\/2026\/07\/08\/coppa-doro-delle-dolomiti-dal-16-al-19-luglio-tornano-le-auto-da-sogno-del-campionato-italiano-grandi-eventi\/#primaryimage"},"image":{"@id":"https:\/\/www.bellunopress.it\/2026\/07\/08\/coppa-doro-delle-dolomiti-dal-16-al-19-luglio-tornano-le-auto-da-sogno-del-campionato-italiano-grandi-eventi\/#primaryimage"},"thumbnailUrl":"https:\/\/www.bellunopress.it\/wp-content\/uploads\/2022\/07\/Fiat-508-C-1938-Di-Pietra-Coppa-dOro-2022_edited.jpg","datePublished":"2026-07-08T16:14:08+00:00","breadcrumb":{"@id":"https:\/\/www.bellunopress.it\/2026\/07\/08\/coppa-doro-delle-dolomiti-dal-16-al-19-luglio-tornano-le-auto-da-sogno-del-campionato-italiano-grandi-eventi\/#breadcrumb"},"inLanguage":"fr-FR","potentialAction":[{"@type":"ReadAction","target":["https:\/\/www.bellunopress.it\/2026\/07\/08\/coppa-doro-delle-dolomiti-dal-16-al-19-luglio-tornano-le-auto-da-sogno-del-campionato-italiano-grandi-eventi\/"]}]},{"@type":"ImageObject","inLanguage":"fr-FR","@id":"https:\/\/www.bellunopress.it\/2026\/07\/08\/coppa-doro-delle-dolomiti-dal-16-al-19-luglio-tornano-le-auto-da-sogno-del-campionato-italiano-grandi-eventi\/#primaryimage","url":"https:\/\/www.bellunopress.it\/wp-content\/uploads\/2022\/07\/Fiat-508-C-1938-Di-Pietra-Coppa-dOro-2022_edited.jpg","contentUrl":"https:\/\/www.bellunopress.it\/wp-content\/uploads\/2022\/07\/Fiat-508-C-1938-Di-Pietra-Coppa-dOro-2022_edited.jpg","width":1000,"height":903,"caption":"Fiat 508 C 1938 Di Pietra Coppa d'Oro delle Dolomiti 2022"},{"@type":"BreadcrumbList","@id":"https:\/\/www.bellunopress.it\/2026\/07\/08\/coppa-doro-delle-dolomiti-dal-16-al-19-luglio-tornano-le-auto-da-sogno-del-campionato-italiano-grandi-eventi\/#breadcrumb","itemListElement":[{"@type":"ListItem","position":1,"name":"Home","item":"https:\/\/www.bellunopress.it\/"},{"@type":"ListItem","position":2,"name":"Coppa d&#8217;Oro delle Dolomiti, dal 16 al 19 luglio tornano le auto da sogno del Campionato Italiano Grandi Eventi"}]},{"@type":"WebSite","@id":"https:\/\/www.bellunopress.it\/#website","url":"https:\/\/www.bellunopress.it\/","name":"Bellunopress - Dolomiti","description":"e-mail: redazione@bellunopress.it","publisher":{"@id":"https:\/\/www.bellunopress.it\/#organization"},"potentialAction":[{"@type":"SearchAction","target":{"@type":"EntryPoint","urlTemplate":"https:\/\/www.bellunopress.it\/?s={search_term_string}"},"query-input":{"@type":"PropertyValueSpecification","valueRequired":true,"valueName":"search_term_string"}}],"inLanguage":"fr-FR"},{"@type":"Organization","@id":"https:\/\/www.bellunopress.it\/#organization","name":"Bellunopress","url":"https:\/\/www.bellunopress.it\/","logo":{"@type":"ImageObject","inLanguage":"fr-FR","@id":"https:\/\/www.bellunopress.it\/#\/schema\/logo\/image\/","url":"https:\/\/www.bellunopress.it\/wp-content\/uploads\/2011\/05\/cropped-logo-bellunopress-.jpg","contentUrl":"https:\/\/www.bellunopress.it\/wp-content\/uploads\/2011\/05\/cropped-logo-bellunopress-.jpg","width":512,"height":512,"caption":"Bellunopress"},"image":{"@id":"https:\/\/www.bellunopress.it\/#\/schema\/logo\/image\/"},"sameAs":["https:\/\/www.facebook.com\/profile.php?id=100008943462799","https:\/\/x.com\/bellunopress","https:\/\/www.linkedin.com\/hp\/?dnr=JBzUWaJfMUw8vbXJJ2tVW5-I3jZKvC4wsoxE&amp;amp;amp;amp;amp;amp;trk=nav_responsive_tab_home","https:\/\/www.youtube.com\/channel\/UCxL0wu1uN0_3_7hGG0306cw"]},{"@type":"Person","@id":"https:\/\/www.bellunopress.it\/#\/schema\/person\/79bb06722b37ece1c03d3e94beb30d73","name":"r\u00e9daction","image":{"@type":"ImageObject","inLanguage":"fr-FR","@id":"https:\/\/secure.gravatar.com\/avatar\/37d968a2e67a6fd04c169c4bdef102d0bc5d31b2546345219e348575eb80e9a0?s=96&d=mm&r=g","url":"https:\/\/secure.gravatar.com\/avatar\/37d968a2e67a6fd04c169c4bdef102d0bc5d31b2546345219e348575eb80e9a0?s=96&d=mm&r=g","contentUrl":"https:\/\/secure.gravatar.com\/avatar\/37d968a2e67a6fd04c169c4bdef102d0bc5d31b2546345219e348575eb80e9a0?s=96&d=mm&r=g","caption":"redazione"},"sameAs":["http:\/\/www.bellunopress.it","https:\/\/x.com\/bellunopress"],"url":"https:\/\/www.bellunopress.it\/fr\/author\/redazione\/"}]}},"_links":{"self":[{"href":"https:\/\/www.bellunopress.it\/fr\/wp-json\/wp\/v2\/posts\/171785","targetHints":{"allow":["GET"]}}],"collection":[{"href":"https:\/\/www.bellunopress.it\/fr\/wp-json\/wp\/v2\/posts"}],"about":[{"href":"https:\/\/www.bellunopress.it\/fr\/wp-json\/wp\/v2\/types\/post"}],"author":[{"embeddable":true,"href":"https:\/\/www.bellunopress.it\/fr\/wp-json\/wp\/v2\/users\/2"}],"replies":[{"embeddable":true,"href":"https:\/\/www.bellunopress.it\/fr\/wp-json\/wp\/v2\/comments?post=171785"}],"version-history":[{"count":1,"href":"https:\/\/www.bellunopress.it\/fr\/wp-json\/wp\/v2\/posts\/171785\/revisions"}],"predecessor-version":[{"id":171786,"href":"https:\/\/www.bellunopress.it\/fr\/wp-json\/wp\/v2\/posts\/171785\/revisions\/171786"}],"wp:featuredmedia":[{"embeddable":true,"href":"https:\/\/www.bellunopress.it\/fr\/wp-json\/wp\/v2\/media\/135109"}],"wp:attachment":[{"href":"https:\/\/www.bellunopress.it\/fr\/wp-json\/wp\/v2\/media?parent=171785"}],"wp:term":[{"taxonomy":"category","embeddable":true,"href":"https:\/\/www.bellunopress.it\/fr\/wp-json\/wp\/v2\/categories?post=171785"},{"taxonomy":"post_tag","embeddable":true,"href":"https:\/\/www.bellunopress.it\/fr\/wp-json\/wp\/v2\/tags?post=171785"}],"curies":[{"name":"wp","href":"https:\/\/api.w.org\/{rel}","templated":true}]}}