{"id":171776,"date":"2026-07-08T10:48:08","date_gmt":"2026-07-08T08:48:08","guid":{"rendered":"https:\/\/www.bellunopress.it\/?p=171776"},"modified":"2026-07-08T10:48:08","modified_gmt":"2026-07-08T08:48:08","slug":"da-sedico-a-dublino-trasferta-in-irlanda-per-16-studenti-della-scuola-del-legno-e-della-scuola-di-estetica-del-centro-consorzi","status":"publish","type":"post","link":"https:\/\/www.bellunopress.it\/fr\/2026\/07\/08\/da-sedico-a-dublino-trasferta-in-irlanda-per-16-studenti-della-scuola-del-legno-e-della-scuola-di-estetica-del-centro-consorzi\/","title":{"rendered":"Da Sedico a Dublino. Trasferta in Irlanda per 16 studenti della Scuola del Legno e della Scuola di Estetica del Centro Consorzi"},"content":{"rendered":"<p>Non solo imparare un mestiere, ma imparare a farlo in un contesto sempre pi\u00f9 internazionale. \u00c8 questa la sfida raccolta dal Centro Consorzi di Sedico, che nelle scorse settimane ha accompagnato sedici studenti delle classi terze della Scuola del Legno e della Scuola di Estetica a Dublino per un&#8217;intensa esperienza di formazione linguistica e culturale grazie al progetto dal titolo &#8220;Wood &amp; Wellness Move &#8211; Giovani in mobilit\u00e0 per crescere in Europa&#8221;.<\/p>\n<p>Dal 21 giugno al 4 luglio i ragazzi e le ragazze hanno vissuto presso famiglie irlandesi, condividendone la quotidianit\u00e0 e mettendo alla prova la propria conoscenza dell&#8217;inglese ben oltre l&#8217;aula scolastica. Un&#8217;immersione completa che si \u00e8 affiancata a 60 ore di lezioni presso l&#8217;Atlas Language School, organizzate per livelli di competenza linguistica, nell&#8217;ambito della progettualit\u00e0 promossa dal Centro Consorzi in collaborazione con Fortes Impresa Sociale di Vicenza e finanziato dalla Regione del Veneto (DGR 681).<br \/>\nPrima della partenza gli studenti hanno partecipato a incontri in aula dedicati alla conoscenza del paese ospitante e alla preparazione linguistica, mentre nei prossimi mesi proseguiranno il percorso con attivit\u00e0 di coaching, mentoring e preparazione all&#8217;esame per il conseguimento della certificazione linguistica europea (A2 e B1) previsto per l&#8217;autunno.<br \/>\n\u00abL&#8217;obiettivo \u00e8 quello di formare professionisti completi, capaci di affiancare alle competenze tecniche anche quelle linguistiche, relazionali e interculturali\u00bb, spiega Gianluca Soppelsa, direttore delle Scuole del Legno e di Estetica. \u00abUna necessit\u00e0 sempre pi\u00f9 evidente in un territorio come quello bellunese, dove l&#8217;artigianato di qualit\u00e0 incontra un turismo internazionale in costante crescita\u00bb. Aggiunge il direttore: \u00abIl progetto guarda anche all&#8217;inclusione, offrendo un&#8217;opportunit\u00e0 concreta di crescita internazionale a studenti provenienti da tutte le aree del Bellunese, comprese quelle montane, e guardando anche al di fuori dai nostri confini\u00bb.<\/p>\n<p>Oltre che da numerosi comuni della provincia di Belluno, infatti, hanno preso parte al progetto anche studenti provenienti dalle province di Trento, Pordenone e Trieste, a conferma della capacit\u00e0 attrattiva della scuola e della qualit\u00e0 della sua offerta formativa.<br \/>\nNello specifico, la Scuola del Legno accompagna gli studenti in un percorso triennale che conduce alla qualifica professionale di Operatore del Legno, con la possibilit\u00e0 di proseguire nel quarto anno per conseguire il diploma di Tecnico del Legno. Laboratori attrezzati, stage nelle aziende e una didattica che unisce tradizione artigianale e innovazione permettono ai ragazzi di acquisire competenze immediatamente spendibili in un settore che continua a ricercare personale qualificato.<br \/>\nAccanto a questo percorso, la Scuola di Estetica forma i futuri operatori del benessere attraverso un equilibrio tra preparazione teorica, attivit\u00e0 pratica nei laboratori e stage presso istituti di bellezza, centri wellness e strutture turistico-ricettive. Dopo il triennio \u00e8 possibile conseguire anche l&#8217;abilitazione all&#8217;imprenditorialit\u00e0 estetica, aprendo cos\u00ec la strada all&#8217;avvio di un&#8217;attivit\u00e0 autonoma.<br \/>\nEntrambi i percorsi condividono la stessa filosofia: offrire ai giovani una formazione concreta, fortemente collegata al mondo del lavoro, ma allo stesso tempo capace di sviluppare autonomia, responsabilit\u00e0, spirito di iniziativa e apertura internazionale.<\/p>\n<p>Ecco i nomi dei partecipanti: Sara Bortoluzzi (Alpago), Sara Cervo (Limana), Luca Chiapolino (Trieste), Federico Alkor Collazuol (Borgo Valbelluna), Emily Della Lucia (La Valle Agordina), Alessio Gabrieli Sommacal (Sedico), Giulia Ganz (Falcade), Nataliia Ivashchenko (Borgo Valbelluna), Lorenzo Loss (Canal San Bovo \u2013 TN), Adriano Martini (Claut \u2013 PN), Alberto Micheli (Canal San Bovo \u2013 TN), Linda Monaia (Sospirolo), Mariachiara Moret (Borgo Valbelluna), Martin Riz (Mezzano \u2013 TN), Arianna Sasset (Santa Giustina) e Walter Temea (Canal San Bovo \u2013 TN).<br \/>\nAd accompagnare il gruppo durante il soggiorno in Irlanda sono state le insegnanti di lingua inglese Rosa Prandina e Anna Schiffino.<\/p>","protected":false},"excerpt":{"rendered":"<p>Non solo imparare un mestiere, ma imparare a farlo in un contesto sempre pi\u00f9 internazionale. \u00c8 questa la sfida raccolta dal Centro Consorzi di Sedico, che nelle scorse settimane ha accompagnato sedici studenti delle classi terze della Scuola del Legno e della Scuola di Estetica a Dublino per un&#8217;intensa esperienza di formazione linguistica e culturale [&hellip;]<\/p>\n","protected":false},"author":2,"featured_media":171777,"comment_status":"closed","ping_status":"open","sticky":false,"template":"","format":"standard","meta":{"footnotes":""},"categories":[15],"tags":[],"class_list":["post-171776","post","type-post","status-publish","format-standard","has-post-thumbnail","category-scuola"],"yoast_head":"<!-- This site is optimized with the Yoast SEO plugin v28.4 - https:\/\/yoast.com\/product\/yoast-seo-wordpress\/ -->\n<title>Da Sedico a Dublino. Trasferta in Irlanda per 16 studenti della Scuola del Legno e della Scuola di Estetica del Centro Consorzi - Bellunopress - Dolomiti<\/title>\n<meta name=\"robots\" content=\"index, follow, max-snippet:-1, max-image-preview:large, max-video-preview:-1\" \/>\n<link rel=\"canonical\" href=\"https:\/\/www.bellunopress.it\/fr\/2026\/07\/08\/da-sedico-a-dublino-trasferta-in-irlanda-per-16-studenti-della-scuola-del-legno-e-della-scuola-di-estetica-del-centro-consorzi\/\" \/>\n<meta property=\"og:locale\" content=\"fr_FR\" \/>\n<meta property=\"og:type\" content=\"article\" \/>\n<meta property=\"og:title\" content=\"Da Sedico a Dublino. Trasferta in Irlanda per 16 studenti della Scuola del Legno e della Scuola di Estetica del Centro Consorzi - Bellunopress - Dolomiti\" \/>\n<meta property=\"og:description\" content=\"Non solo imparare un mestiere, ma imparare a farlo in un contesto sempre pi\u00f9 internazionale. \u00c8 questa la sfida raccolta dal Centro Consorzi di Sedico, che nelle scorse settimane ha accompagnato sedici studenti delle classi terze della Scuola del Legno e della Scuola di Estetica a Dublino per un&#8217;intensa esperienza di formazione linguistica e culturale [&hellip;]\" \/>\n<meta property=\"og:url\" content=\"https:\/\/www.bellunopress.it\/fr\/2026\/07\/08\/da-sedico-a-dublino-trasferta-in-irlanda-per-16-studenti-della-scuola-del-legno-e-della-scuola-di-estetica-del-centro-consorzi\/\" \/>\n<meta property=\"og:site_name\" content=\"Bellunopress - Dolomiti\" \/>\n<meta property=\"article:publisher\" content=\"https:\/\/www.facebook.com\/profile.php?id=100008943462799\" \/>\n<meta property=\"article:published_time\" content=\"2026-07-08T08:48:08+00:00\" \/>\n<meta property=\"og:image\" content=\"https:\/\/www.bellunopress.it\/wp-content\/uploads\/2026\/07\/studenti-del-Centro-Consorzi-a-Dublino.jpeg\" \/>\n\t<meta property=\"og:image:width\" content=\"499\" \/>\n\t<meta property=\"og:image:height\" content=\"383\" \/>\n\t<meta property=\"og:image:type\" content=\"image\/jpeg\" \/>\n<meta name=\"author\" content=\"redazione\" \/>\n<meta name=\"twitter:card\" content=\"summary_large_image\" \/>\n<meta name=\"twitter:creator\" content=\"@bellunopress\" \/>\n<meta name=\"twitter:site\" content=\"@bellunopress\" \/>\n<meta name=\"twitter:label1\" content=\"Written by\" \/>\n\t<meta name=\"twitter:data1\" content=\"redazione\" \/>\n\t<meta name=\"twitter:label2\" content=\"Est. reading time\" \/>\n\t<meta name=\"twitter:data2\" content=\"4 minutes\" \/>\n<script type=\"application\/ld+json\" class=\"yoast-schema-graph\">{\"@context\":\"https:\\\/\\\/schema.org\",\"@graph\":[{\"@type\":\"Article\",\"@id\":\"https:\\\/\\\/www.bellunopress.it\\\/2026\\\/07\\\/08\\\/da-sedico-a-dublino-trasferta-in-irlanda-per-16-studenti-della-scuola-del-legno-e-della-scuola-di-estetica-del-centro-consorzi\\\/#article\",\"isPartOf\":{\"@id\":\"https:\\\/\\\/www.bellunopress.it\\\/2026\\\/07\\\/08\\\/da-sedico-a-dublino-trasferta-in-irlanda-per-16-studenti-della-scuola-del-legno-e-della-scuola-di-estetica-del-centro-consorzi\\\/\"},\"author\":{\"name\":\"redazione\",\"@id\":\"https:\\\/\\\/www.bellunopress.it\\\/#\\\/schema\\\/person\\\/79bb06722b37ece1c03d3e94beb30d73\"},\"headline\":\"Da Sedico a Dublino. Trasferta in Irlanda per 16 studenti della Scuola del Legno e della Scuola di Estetica del Centro Consorzi\",\"datePublished\":\"2026-07-08T08:48:08+00:00\",\"mainEntityOfPage\":{\"@id\":\"https:\\\/\\\/www.bellunopress.it\\\/2026\\\/07\\\/08\\\/da-sedico-a-dublino-trasferta-in-irlanda-per-16-studenti-della-scuola-del-legno-e-della-scuola-di-estetica-del-centro-consorzi\\\/\"},\"wordCount\":602,\"publisher\":{\"@id\":\"https:\\\/\\\/www.bellunopress.it\\\/#organization\"},\"image\":{\"@id\":\"https:\\\/\\\/www.bellunopress.it\\\/2026\\\/07\\\/08\\\/da-sedico-a-dublino-trasferta-in-irlanda-per-16-studenti-della-scuola-del-legno-e-della-scuola-di-estetica-del-centro-consorzi\\\/#primaryimage\"},\"thumbnailUrl\":\"https:\\\/\\\/www.bellunopress.it\\\/wp-content\\\/uploads\\\/2026\\\/07\\\/studenti-del-Centro-Consorzi-a-Dublino.jpeg\",\"articleSection\":[\"Scuola\"],\"inLanguage\":\"fr-FR\"},{\"@type\":\"WebPage\",\"@id\":\"https:\\\/\\\/www.bellunopress.it\\\/2026\\\/07\\\/08\\\/da-sedico-a-dublino-trasferta-in-irlanda-per-16-studenti-della-scuola-del-legno-e-della-scuola-di-estetica-del-centro-consorzi\\\/\",\"url\":\"https:\\\/\\\/www.bellunopress.it\\\/2026\\\/07\\\/08\\\/da-sedico-a-dublino-trasferta-in-irlanda-per-16-studenti-della-scuola-del-legno-e-della-scuola-di-estetica-del-centro-consorzi\\\/\",\"name\":\"Da Sedico a Dublino. Trasferta in Irlanda per 16 studenti della Scuola del Legno e della Scuola di Estetica del Centro Consorzi - Bellunopress - Dolomiti\",\"isPartOf\":{\"@id\":\"https:\\\/\\\/www.bellunopress.it\\\/#website\"},\"primaryImageOfPage\":{\"@id\":\"https:\\\/\\\/www.bellunopress.it\\\/2026\\\/07\\\/08\\\/da-sedico-a-dublino-trasferta-in-irlanda-per-16-studenti-della-scuola-del-legno-e-della-scuola-di-estetica-del-centro-consorzi\\\/#primaryimage\"},\"image\":{\"@id\":\"https:\\\/\\\/www.bellunopress.it\\\/2026\\\/07\\\/08\\\/da-sedico-a-dublino-trasferta-in-irlanda-per-16-studenti-della-scuola-del-legno-e-della-scuola-di-estetica-del-centro-consorzi\\\/#primaryimage\"},\"thumbnailUrl\":\"https:\\\/\\\/www.bellunopress.it\\\/wp-content\\\/uploads\\\/2026\\\/07\\\/studenti-del-Centro-Consorzi-a-Dublino.jpeg\",\"datePublished\":\"2026-07-08T08:48:08+00:00\",\"breadcrumb\":{\"@id\":\"https:\\\/\\\/www.bellunopress.it\\\/2026\\\/07\\\/08\\\/da-sedico-a-dublino-trasferta-in-irlanda-per-16-studenti-della-scuola-del-legno-e-della-scuola-di-estetica-del-centro-consorzi\\\/#breadcrumb\"},\"inLanguage\":\"fr-FR\",\"potentialAction\":[{\"@type\":\"ReadAction\",\"target\":[\"https:\\\/\\\/www.bellunopress.it\\\/2026\\\/07\\\/08\\\/da-sedico-a-dublino-trasferta-in-irlanda-per-16-studenti-della-scuola-del-legno-e-della-scuola-di-estetica-del-centro-consorzi\\\/\"]}]},{\"@type\":\"ImageObject\",\"inLanguage\":\"fr-FR\",\"@id\":\"https:\\\/\\\/www.bellunopress.it\\\/2026\\\/07\\\/08\\\/da-sedico-a-dublino-trasferta-in-irlanda-per-16-studenti-della-scuola-del-legno-e-della-scuola-di-estetica-del-centro-consorzi\\\/#primaryimage\",\"url\":\"https:\\\/\\\/www.bellunopress.it\\\/wp-content\\\/uploads\\\/2026\\\/07\\\/studenti-del-Centro-Consorzi-a-Dublino.jpeg\",\"contentUrl\":\"https:\\\/\\\/www.bellunopress.it\\\/wp-content\\\/uploads\\\/2026\\\/07\\\/studenti-del-Centro-Consorzi-a-Dublino.jpeg\",\"width\":499,\"height\":383,\"caption\":\"Alcuni studenti del Centro consorzi in visita a Dublino\"},{\"@type\":\"BreadcrumbList\",\"@id\":\"https:\\\/\\\/www.bellunopress.it\\\/2026\\\/07\\\/08\\\/da-sedico-a-dublino-trasferta-in-irlanda-per-16-studenti-della-scuola-del-legno-e-della-scuola-di-estetica-del-centro-consorzi\\\/#breadcrumb\",\"itemListElement\":[{\"@type\":\"ListItem\",\"position\":1,\"name\":\"Home\",\"item\":\"https:\\\/\\\/www.bellunopress.it\\\/\"},{\"@type\":\"ListItem\",\"position\":2,\"name\":\"Da Sedico a Dublino. Trasferta in Irlanda per 16 studenti della Scuola del Legno e della Scuola di Estetica del Centro Consorzi\"}]},{\"@type\":\"WebSite\",\"@id\":\"https:\\\/\\\/www.bellunopress.it\\\/#website\",\"url\":\"https:\\\/\\\/www.bellunopress.it\\\/\",\"name\":\"Bellunopress - Dolomiti\",\"description\":\"e-mail: redazione@bellunopress.it\",\"publisher\":{\"@id\":\"https:\\\/\\\/www.bellunopress.it\\\/#organization\"},\"potentialAction\":[{\"@type\":\"SearchAction\",\"target\":{\"@type\":\"EntryPoint\",\"urlTemplate\":\"https:\\\/\\\/www.bellunopress.it\\\/?s={search_term_string}\"},\"query-input\":{\"@type\":\"PropertyValueSpecification\",\"valueRequired\":true,\"valueName\":\"search_term_string\"}}],\"inLanguage\":\"fr-FR\"},{\"@type\":\"Organization\",\"@id\":\"https:\\\/\\\/www.bellunopress.it\\\/#organization\",\"name\":\"Bellunopress\",\"url\":\"https:\\\/\\\/www.bellunopress.it\\\/\",\"logo\":{\"@type\":\"ImageObject\",\"inLanguage\":\"fr-FR\",\"@id\":\"https:\\\/\\\/www.bellunopress.it\\\/#\\\/schema\\\/logo\\\/image\\\/\",\"url\":\"https:\\\/\\\/www.bellunopress.it\\\/wp-content\\\/uploads\\\/2011\\\/05\\\/cropped-logo-bellunopress-.jpg\",\"contentUrl\":\"https:\\\/\\\/www.bellunopress.it\\\/wp-content\\\/uploads\\\/2011\\\/05\\\/cropped-logo-bellunopress-.jpg\",\"width\":512,\"height\":512,\"caption\":\"Bellunopress\"},\"image\":{\"@id\":\"https:\\\/\\\/www.bellunopress.it\\\/#\\\/schema\\\/logo\\\/image\\\/\"},\"sameAs\":[\"https:\\\/\\\/www.facebook.com\\\/profile.php?id=100008943462799\",\"https:\\\/\\\/x.com\\\/bellunopress\",\"https:\\\/\\\/www.linkedin.com\\\/hp\\\/?dnr=JBzUWaJfMUw8vbXJJ2tVW5-I3jZKvC4wsoxE&amp;amp;amp;amp;amp;amp;trk=nav_responsive_tab_home\",\"https:\\\/\\\/www.youtube.com\\\/channel\\\/UCxL0wu1uN0_3_7hGG0306cw\"]},{\"@type\":\"Person\",\"@id\":\"https:\\\/\\\/www.bellunopress.it\\\/#\\\/schema\\\/person\\\/79bb06722b37ece1c03d3e94beb30d73\",\"name\":\"redazione\",\"image\":{\"@type\":\"ImageObject\",\"inLanguage\":\"fr-FR\",\"@id\":\"https:\\\/\\\/secure.gravatar.com\\\/avatar\\\/37d968a2e67a6fd04c169c4bdef102d0bc5d31b2546345219e348575eb80e9a0?s=96&d=mm&r=g\",\"url\":\"https:\\\/\\\/secure.gravatar.com\\\/avatar\\\/37d968a2e67a6fd04c169c4bdef102d0bc5d31b2546345219e348575eb80e9a0?s=96&d=mm&r=g\",\"contentUrl\":\"https:\\\/\\\/secure.gravatar.com\\\/avatar\\\/37d968a2e67a6fd04c169c4bdef102d0bc5d31b2546345219e348575eb80e9a0?s=96&d=mm&r=g\",\"caption\":\"redazione\"},\"sameAs\":[\"http:\\\/\\\/www.bellunopress.it\",\"https:\\\/\\\/x.com\\\/bellunopress\"],\"url\":\"https:\\\/\\\/www.bellunopress.it\\\/fr\\\/author\\\/redazione\\\/\"}]}<\/script>\n<!-- \/ Yoast SEO plugin. -->","yoast_head_json":{"title":"Da Sedico a Dublino. Trasferta in Irlanda per 16 studenti della Scuola del Legno e della Scuola di Estetica del Centro Consorzi - Bellunopress - Dolomiti","robots":{"index":"index","follow":"follow","max-snippet":"max-snippet:-1","max-image-preview":"max-image-preview:large","max-video-preview":"max-video-preview:-1"},"canonical":"https:\/\/www.bellunopress.it\/fr\/2026\/07\/08\/da-sedico-a-dublino-trasferta-in-irlanda-per-16-studenti-della-scuola-del-legno-e-della-scuola-di-estetica-del-centro-consorzi\/","og_locale":"fr_FR","og_type":"article","og_title":"Da Sedico a Dublino. Trasferta in Irlanda per 16 studenti della Scuola del Legno e della Scuola di Estetica del Centro Consorzi - Bellunopress - Dolomiti","og_description":"Non solo imparare un mestiere, ma imparare a farlo in un contesto sempre pi\u00f9 internazionale. \u00c8 questa la sfida raccolta dal Centro Consorzi di Sedico, che nelle scorse settimane ha accompagnato sedici studenti delle classi terze della Scuola del Legno e della Scuola di Estetica a Dublino per un&#8217;intensa esperienza di formazione linguistica e culturale [&hellip;]","og_url":"https:\/\/www.bellunopress.it\/fr\/2026\/07\/08\/da-sedico-a-dublino-trasferta-in-irlanda-per-16-studenti-della-scuola-del-legno-e-della-scuola-di-estetica-del-centro-consorzi\/","og_site_name":"Bellunopress - Dolomiti","article_publisher":"https:\/\/www.facebook.com\/profile.php?id=100008943462799","article_published_time":"2026-07-08T08:48:08+00:00","og_image":[{"width":499,"height":383,"url":"https:\/\/www.bellunopress.it\/wp-content\/uploads\/2026\/07\/studenti-del-Centro-Consorzi-a-Dublino.jpeg","type":"image\/jpeg"}],"author":"redazione","twitter_card":"summary_large_image","twitter_creator":"@bellunopress","twitter_site":"@bellunopress","twitter_misc":{"Written by":"redazione","Est. reading time":"4 minutes"},"schema":{"@context":"https:\/\/schema.org","@graph":[{"@type":"Article","@id":"https:\/\/www.bellunopress.it\/2026\/07\/08\/da-sedico-a-dublino-trasferta-in-irlanda-per-16-studenti-della-scuola-del-legno-e-della-scuola-di-estetica-del-centro-consorzi\/#article","isPartOf":{"@id":"https:\/\/www.bellunopress.it\/2026\/07\/08\/da-sedico-a-dublino-trasferta-in-irlanda-per-16-studenti-della-scuola-del-legno-e-della-scuola-di-estetica-del-centro-consorzi\/"},"author":{"name":"redazione","@id":"https:\/\/www.bellunopress.it\/#\/schema\/person\/79bb06722b37ece1c03d3e94beb30d73"},"headline":"Da Sedico a Dublino. Trasferta in Irlanda per 16 studenti della Scuola del Legno e della Scuola di Estetica del Centro Consorzi","datePublished":"2026-07-08T08:48:08+00:00","mainEntityOfPage":{"@id":"https:\/\/www.bellunopress.it\/2026\/07\/08\/da-sedico-a-dublino-trasferta-in-irlanda-per-16-studenti-della-scuola-del-legno-e-della-scuola-di-estetica-del-centro-consorzi\/"},"wordCount":602,"publisher":{"@id":"https:\/\/www.bellunopress.it\/#organization"},"image":{"@id":"https:\/\/www.bellunopress.it\/2026\/07\/08\/da-sedico-a-dublino-trasferta-in-irlanda-per-16-studenti-della-scuola-del-legno-e-della-scuola-di-estetica-del-centro-consorzi\/#primaryimage"},"thumbnailUrl":"https:\/\/www.bellunopress.it\/wp-content\/uploads\/2026\/07\/studenti-del-Centro-Consorzi-a-Dublino.jpeg","articleSection":["Scuola"],"inLanguage":"fr-FR"},{"@type":"WebPage","@id":"https:\/\/www.bellunopress.it\/2026\/07\/08\/da-sedico-a-dublino-trasferta-in-irlanda-per-16-studenti-della-scuola-del-legno-e-della-scuola-di-estetica-del-centro-consorzi\/","url":"https:\/\/www.bellunopress.it\/2026\/07\/08\/da-sedico-a-dublino-trasferta-in-irlanda-per-16-studenti-della-scuola-del-legno-e-della-scuola-di-estetica-del-centro-consorzi\/","name":"Da Sedico a Dublino. Trasferta in Irlanda per 16 studenti della Scuola del Legno e della Scuola di Estetica del Centro Consorzi - Bellunopress - Dolomiti","isPartOf":{"@id":"https:\/\/www.bellunopress.it\/#website"},"primaryImageOfPage":{"@id":"https:\/\/www.bellunopress.it\/2026\/07\/08\/da-sedico-a-dublino-trasferta-in-irlanda-per-16-studenti-della-scuola-del-legno-e-della-scuola-di-estetica-del-centro-consorzi\/#primaryimage"},"image":{"@id":"https:\/\/www.bellunopress.it\/2026\/07\/08\/da-sedico-a-dublino-trasferta-in-irlanda-per-16-studenti-della-scuola-del-legno-e-della-scuola-di-estetica-del-centro-consorzi\/#primaryimage"},"thumbnailUrl":"https:\/\/www.bellunopress.it\/wp-content\/uploads\/2026\/07\/studenti-del-Centro-Consorzi-a-Dublino.jpeg","datePublished":"2026-07-08T08:48:08+00:00","breadcrumb":{"@id":"https:\/\/www.bellunopress.it\/2026\/07\/08\/da-sedico-a-dublino-trasferta-in-irlanda-per-16-studenti-della-scuola-del-legno-e-della-scuola-di-estetica-del-centro-consorzi\/#breadcrumb"},"inLanguage":"fr-FR","potentialAction":[{"@type":"ReadAction","target":["https:\/\/www.bellunopress.it\/2026\/07\/08\/da-sedico-a-dublino-trasferta-in-irlanda-per-16-studenti-della-scuola-del-legno-e-della-scuola-di-estetica-del-centro-consorzi\/"]}]},{"@type":"ImageObject","inLanguage":"fr-FR","@id":"https:\/\/www.bellunopress.it\/2026\/07\/08\/da-sedico-a-dublino-trasferta-in-irlanda-per-16-studenti-della-scuola-del-legno-e-della-scuola-di-estetica-del-centro-consorzi\/#primaryimage","url":"https:\/\/www.bellunopress.it\/wp-content\/uploads\/2026\/07\/studenti-del-Centro-Consorzi-a-Dublino.jpeg","contentUrl":"https:\/\/www.bellunopress.it\/wp-content\/uploads\/2026\/07\/studenti-del-Centro-Consorzi-a-Dublino.jpeg","width":499,"height":383,"caption":"Alcuni studenti del Centro consorzi in visita a Dublino"},{"@type":"BreadcrumbList","@id":"https:\/\/www.bellunopress.it\/2026\/07\/08\/da-sedico-a-dublino-trasferta-in-irlanda-per-16-studenti-della-scuola-del-legno-e-della-scuola-di-estetica-del-centro-consorzi\/#breadcrumb","itemListElement":[{"@type":"ListItem","position":1,"name":"Home","item":"https:\/\/www.bellunopress.it\/"},{"@type":"ListItem","position":2,"name":"Da Sedico a Dublino. Trasferta in Irlanda per 16 studenti della Scuola del Legno e della Scuola di Estetica del Centro Consorzi"}]},{"@type":"WebSite","@id":"https:\/\/www.bellunopress.it\/#website","url":"https:\/\/www.bellunopress.it\/","name":"Bellunopress - Dolomiti","description":"e-mail: redazione@bellunopress.it","publisher":{"@id":"https:\/\/www.bellunopress.it\/#organization"},"potentialAction":[{"@type":"SearchAction","target":{"@type":"EntryPoint","urlTemplate":"https:\/\/www.bellunopress.it\/?s={search_term_string}"},"query-input":{"@type":"PropertyValueSpecification","valueRequired":true,"valueName":"search_term_string"}}],"inLanguage":"fr-FR"},{"@type":"Organization","@id":"https:\/\/www.bellunopress.it\/#organization","name":"Bellunopress","url":"https:\/\/www.bellunopress.it\/","logo":{"@type":"ImageObject","inLanguage":"fr-FR","@id":"https:\/\/www.bellunopress.it\/#\/schema\/logo\/image\/","url":"https:\/\/www.bellunopress.it\/wp-content\/uploads\/2011\/05\/cropped-logo-bellunopress-.jpg","contentUrl":"https:\/\/www.bellunopress.it\/wp-content\/uploads\/2011\/05\/cropped-logo-bellunopress-.jpg","width":512,"height":512,"caption":"Bellunopress"},"image":{"@id":"https:\/\/www.bellunopress.it\/#\/schema\/logo\/image\/"},"sameAs":["https:\/\/www.facebook.com\/profile.php?id=100008943462799","https:\/\/x.com\/bellunopress","https:\/\/www.linkedin.com\/hp\/?dnr=JBzUWaJfMUw8vbXJJ2tVW5-I3jZKvC4wsoxE&amp;amp;amp;amp;amp;amp;trk=nav_responsive_tab_home","https:\/\/www.youtube.com\/channel\/UCxL0wu1uN0_3_7hGG0306cw"]},{"@type":"Person","@id":"https:\/\/www.bellunopress.it\/#\/schema\/person\/79bb06722b37ece1c03d3e94beb30d73","name":"r\u00e9daction","image":{"@type":"ImageObject","inLanguage":"fr-FR","@id":"https:\/\/secure.gravatar.com\/avatar\/37d968a2e67a6fd04c169c4bdef102d0bc5d31b2546345219e348575eb80e9a0?s=96&d=mm&r=g","url":"https:\/\/secure.gravatar.com\/avatar\/37d968a2e67a6fd04c169c4bdef102d0bc5d31b2546345219e348575eb80e9a0?s=96&d=mm&r=g","contentUrl":"https:\/\/secure.gravatar.com\/avatar\/37d968a2e67a6fd04c169c4bdef102d0bc5d31b2546345219e348575eb80e9a0?s=96&d=mm&r=g","caption":"redazione"},"sameAs":["http:\/\/www.bellunopress.it","https:\/\/x.com\/bellunopress"],"url":"https:\/\/www.bellunopress.it\/fr\/author\/redazione\/"}]}},"_links":{"self":[{"href":"https:\/\/www.bellunopress.it\/fr\/wp-json\/wp\/v2\/posts\/171776","targetHints":{"allow":["GET"]}}],"collection":[{"href":"https:\/\/www.bellunopress.it\/fr\/wp-json\/wp\/v2\/posts"}],"about":[{"href":"https:\/\/www.bellunopress.it\/fr\/wp-json\/wp\/v2\/types\/post"}],"author":[{"embeddable":true,"href":"https:\/\/www.bellunopress.it\/fr\/wp-json\/wp\/v2\/users\/2"}],"replies":[{"embeddable":true,"href":"https:\/\/www.bellunopress.it\/fr\/wp-json\/wp\/v2\/comments?post=171776"}],"version-history":[{"count":1,"href":"https:\/\/www.bellunopress.it\/fr\/wp-json\/wp\/v2\/posts\/171776\/revisions"}],"predecessor-version":[{"id":171778,"href":"https:\/\/www.bellunopress.it\/fr\/wp-json\/wp\/v2\/posts\/171776\/revisions\/171778"}],"wp:featuredmedia":[{"embeddable":true,"href":"https:\/\/www.bellunopress.it\/fr\/wp-json\/wp\/v2\/media\/171777"}],"wp:attachment":[{"href":"https:\/\/www.bellunopress.it\/fr\/wp-json\/wp\/v2\/media?parent=171776"}],"wp:term":[{"taxonomy":"category","embeddable":true,"href":"https:\/\/www.bellunopress.it\/fr\/wp-json\/wp\/v2\/categories?post=171776"},{"taxonomy":"post_tag","embeddable":true,"href":"https:\/\/www.bellunopress.it\/fr\/wp-json\/wp\/v2\/tags?post=171776"}],"curies":[{"name":"wp","href":"https:\/\/api.w.org\/{rel}","templated":true}]}}