{"id":171773,"date":"2026-07-08T10:35:19","date_gmt":"2026-07-08T08:35:19","guid":{"rendered":"https:\/\/www.bellunopress.it\/?p=171773"},"modified":"2026-07-08T10:35:19","modified_gmt":"2026-07-08T08:35:19","slug":"earth-wind-fire-experience-by-al-mckay-venerdi-10-luglio-2026-al-parco-san-valentino-pn","status":"publish","type":"post","link":"https:\/\/www.bellunopress.it\/fr\/2026\/07\/08\/earth-wind-fire-experience-by-al-mckay-venerdi-10-luglio-2026-al-parco-san-valentino-pn\/","title":{"rendered":"Earth, Wind &#038; Fire Experience by Al McKay venerd\u00ec 10 luglio 2026 al Parco San Valentino (PN)"},"content":{"rendered":"<p>Pi\u00f9 di un concerto, un\u2019esperienza: il 10 luglio al Parco San Valentino un\u2019attesa serata del Pordenone Blues &amp; Co. Festival con Earth, Wind &amp; Fire Experience by Al McKay, una band di veri talenti, artisti che vantano collaborazioni con i pi\u00f9 grandi nomi del pianeta e che hanno fatto parte degli stessi Earth, Wind &amp; Fire, garantendo una fedelt\u00e0 sonora che non ha eguali.<\/p>\n<p>Il live rientra nel fitto calendario di appuntamenti firmati VERSO PORDENONE 2027, impreziosendo il programma culturale e musicale volto a trasformare la citt\u00e0 nella Capitale Italiana della Cultura per il 2027.<br \/>\nI biglietti saranno disponibili in prevendita su ticketone.it e in tutti i punti vendita autorizzati.<\/p>\n<p>Ci\u00f2 che rende il live Al McKay\u2019s Earth, Wind &amp; Fire Experience un evento unico al mondo \u00e8 l&#8217;incredibile caratura dei suoi musicisti: un collettivo di virtuosi che hanno scritto la storia del pop, del funk e del jazz mondiale e che hanno suonato nei grandi festival come il Montreaux Jazz Festival, Umbria Jazz.<br \/>\nCi sar\u00e0 una sezione fiati e ritmi, composta da musicisti provenienti dai tour e dalle registrazioni di Beyonc\u00e9, Kanye West, Rihanna, Lady Gaga, Snoop Dogg e Usher; voci e armonie, cantanti che hanno condiviso il palco con Michael Jackson, Stevie Wonder, Rod Stewart e Barry White.<br \/>\nTra i musicisti che si esibiranno sul palco del Pordenone Blues &amp; Co. Festival: Shaunte Palmer (trombone), gi\u00e0 con Lady Gaga, Rihanna e Drake; Tim Owens (vocals), collaboratore di Michael Jackson e Rod Stewart;<br \/>\nDavid Leach (percussioni), che ha suonato per Stevie Wonder e gli stessi Earth, Wind &amp; Fire; Chris Gray<br \/>\n(tromba), reduce dai palchi di Beyonc\u00e9 e Stevie Wonder.<\/p>\n<p>La Earth, Wind &amp; Fire Experience by Al McKay non \u00e8 una tribute band ma \u00e8 un&#8217;estensione viva e pulsante di una delle eredit\u00e0 musicali pi\u00f9 iconiche della storia. Costruita su decenni di palchi condivisi, tourn\u00e9e in tutto il mondo e una musicalit\u00e0 senza pari, l&#8217;EWF Experience trasmette lo spirito, il suono e l&#8217;anima degli Earth, Wind &amp; Fire con autenticit\u00e0, riverenza e passione.<br \/>\nAl centro del live c&#8217;\u00e8 Al McKay, artista vincitore di un Grammy Award, multi-platino e chitarrista leggendario, le cui impronte sono incastonate nel DNA del funk e dell&#8217;R&amp;B moderni. Membro fondamentale degli Earth, Wind &amp; Fire durante il loro periodo pi\u00f9 influente (1973-1981), McKay ha co-scritto inni senza tempo tra cui &#8220;September&#8221; e &#8220;Sing a Song&#8221;, insieme al fondatore della band Maurice White. La sua inconfondibile chitarra ritmica ha definito una generazione e continua a influenzare musicisti di tutto il mondo.<br \/>\nQuando gli Earth, Wind &amp; Fire si fermarono negli anni &#8217;80, Al McKay si assicur\u00f2 che la musica non smettesse mai di respirare. Form\u00f2 gli Al McKay Allstars, riunendo membri originali e musicisti d&#8217;\u00e9lite in tourn\u00e9e, per continuare a eseguire il catalogo con integrit\u00e0, eccellenza e gioia. Da quella discendenza, nacque l&#8217;EWF Experience, che porta avanti non solo le canzoni, ma anche l&#8217;energia, la spiritualit\u00e0 e la magia collettiva che hanno reso la musica senza tempo.<br \/>\nOggi, Al McKay ha formalmente affidato la gestione dell&#8217;EWF Experience al collaboratore di lunga data e cantante solista Tim Owens, con il supporto di Ben Dowling come direttore musicale, assicurando che il futuro della band resti radicato nell&#8217;autenticit\u00e0 e al contempo si evolva con uno scopo.<\/p>\n<p>Le band che restano insieme per decenni sono rare. Gli EWF Experience sono orgogliosi di essere una di queste. Molti membri si esibiscono insieme da oltre 20 anni, creando un&#8217;alchimia musicale che non pu\u00f2 essere replicata. Ci\u00f2 che emerge \u00e8 vera magia: un ritmo naturale, un&#8217;interazione dinamica e una brillantezza spontanea creata al momento.<\/p>\n<p>Radio Monte Carlo \u00e8 radio partner del live di Earth, Wind &amp; Fire Experience by Al McKay al Pordenone Blues<br \/>\n&amp; Co. Festival.<\/p>","protected":false},"excerpt":{"rendered":"<p>Pi\u00f9 di un concerto, un\u2019esperienza: il 10 luglio al Parco San Valentino un\u2019attesa serata del Pordenone Blues &amp; Co. Festival con Earth, Wind &amp; Fire Experience by Al McKay, una band di veri talenti, artisti che vantano collaborazioni con i pi\u00f9 grandi nomi del pianeta e che hanno fatto parte degli stessi Earth, Wind &amp; [&hellip;]<\/p>\n","protected":false},"author":2,"featured_media":171774,"comment_status":"closed","ping_status":"open","sticky":false,"template":"","format":"standard","meta":{"footnotes":""},"categories":[3,3394,25],"tags":[],"class_list":["post-171773","post","type-post","status-publish","format-standard","has-post-thumbnail","category-arte-cultura-spettacoli-scienza-archivi","category-cultura-e-spettacoli-fuori-provincia","category-pausa-caffe"],"yoast_head":"<!-- This site is optimized with the Yoast SEO plugin v28.4 - https:\/\/yoast.com\/product\/yoast-seo-wordpress\/ -->\n<title>Earth, Wind &amp; Fire Experience by Al McKay venerd\u00ec 10 luglio 2026 al Parco San Valentino (PN) - Bellunopress - Dolomiti<\/title>\n<meta name=\"robots\" content=\"index, follow, max-snippet:-1, max-image-preview:large, max-video-preview:-1\" \/>\n<link rel=\"canonical\" href=\"https:\/\/www.bellunopress.it\/fr\/2026\/07\/08\/earth-wind-fire-experience-by-al-mckay-venerdi-10-luglio-2026-al-parco-san-valentino-pn\/\" \/>\n<meta property=\"og:locale\" content=\"fr_FR\" \/>\n<meta property=\"og:type\" content=\"article\" \/>\n<meta property=\"og:title\" content=\"Earth, Wind &amp; Fire Experience by Al McKay venerd\u00ec 10 luglio 2026 al Parco San Valentino (PN) - Bellunopress - Dolomiti\" \/>\n<meta property=\"og:description\" content=\"Pi\u00f9 di un concerto, un\u2019esperienza: il 10 luglio al Parco San Valentino un\u2019attesa serata del Pordenone Blues &amp; Co. Festival con Earth, Wind &amp; Fire Experience by Al McKay, una band di veri talenti, artisti che vantano collaborazioni con i pi\u00f9 grandi nomi del pianeta e che hanno fatto parte degli stessi Earth, Wind &amp; [&hellip;]\" \/>\n<meta property=\"og:url\" content=\"https:\/\/www.bellunopress.it\/fr\/2026\/07\/08\/earth-wind-fire-experience-by-al-mckay-venerdi-10-luglio-2026-al-parco-san-valentino-pn\/\" \/>\n<meta property=\"og:site_name\" content=\"Bellunopress - Dolomiti\" \/>\n<meta property=\"article:publisher\" content=\"https:\/\/www.facebook.com\/profile.php?id=100008943462799\" \/>\n<meta property=\"article:published_time\" content=\"2026-07-08T08:35:19+00:00\" \/>\n<meta property=\"og:image\" content=\"https:\/\/www.bellunopress.it\/wp-content\/uploads\/2026\/07\/Earth-Wind-Fire-Experience.jpg\" \/>\n\t<meta property=\"og:image:width\" content=\"600\" \/>\n\t<meta property=\"og:image:height\" content=\"400\" \/>\n\t<meta property=\"og:image:type\" content=\"image\/jpeg\" \/>\n<meta name=\"author\" content=\"redazione\" \/>\n<meta name=\"twitter:card\" content=\"summary_large_image\" \/>\n<meta name=\"twitter:creator\" content=\"@bellunopress\" \/>\n<meta name=\"twitter:site\" content=\"@bellunopress\" \/>\n<meta name=\"twitter:label1\" content=\"Written by\" \/>\n\t<meta name=\"twitter:data1\" content=\"redazione\" \/>\n\t<meta name=\"twitter:label2\" content=\"Est. reading time\" \/>\n\t<meta name=\"twitter:data2\" content=\"4 minutes\" \/>\n<script type=\"application\/ld+json\" class=\"yoast-schema-graph\">{\"@context\":\"https:\\\/\\\/schema.org\",\"@graph\":[{\"@type\":\"Article\",\"@id\":\"https:\\\/\\\/www.bellunopress.it\\\/2026\\\/07\\\/08\\\/earth-wind-fire-experience-by-al-mckay-venerdi-10-luglio-2026-al-parco-san-valentino-pn\\\/#article\",\"isPartOf\":{\"@id\":\"https:\\\/\\\/www.bellunopress.it\\\/2026\\\/07\\\/08\\\/earth-wind-fire-experience-by-al-mckay-venerdi-10-luglio-2026-al-parco-san-valentino-pn\\\/\"},\"author\":{\"name\":\"redazione\",\"@id\":\"https:\\\/\\\/www.bellunopress.it\\\/#\\\/schema\\\/person\\\/79bb06722b37ece1c03d3e94beb30d73\"},\"headline\":\"Earth, Wind &#038; Fire Experience by Al McKay venerd\u00ec 10 luglio 2026 al Parco San Valentino (PN)\",\"datePublished\":\"2026-07-08T08:35:19+00:00\",\"mainEntityOfPage\":{\"@id\":\"https:\\\/\\\/www.bellunopress.it\\\/2026\\\/07\\\/08\\\/earth-wind-fire-experience-by-al-mckay-venerdi-10-luglio-2026-al-parco-san-valentino-pn\\\/\"},\"wordCount\":639,\"publisher\":{\"@id\":\"https:\\\/\\\/www.bellunopress.it\\\/#organization\"},\"image\":{\"@id\":\"https:\\\/\\\/www.bellunopress.it\\\/2026\\\/07\\\/08\\\/earth-wind-fire-experience-by-al-mckay-venerdi-10-luglio-2026-al-parco-san-valentino-pn\\\/#primaryimage\"},\"thumbnailUrl\":\"https:\\\/\\\/www.bellunopress.it\\\/wp-content\\\/uploads\\\/2026\\\/07\\\/Earth-Wind-Fire-Experience.jpg\",\"articleSection\":[\"Arte, Cultura, Spettacoli, Scienza\",\"Cultura e spettacoli, tempo libero, benessere, fuori provincia\",\"Pausa Caff\u00e8\"],\"inLanguage\":\"fr-FR\"},{\"@type\":\"WebPage\",\"@id\":\"https:\\\/\\\/www.bellunopress.it\\\/2026\\\/07\\\/08\\\/earth-wind-fire-experience-by-al-mckay-venerdi-10-luglio-2026-al-parco-san-valentino-pn\\\/\",\"url\":\"https:\\\/\\\/www.bellunopress.it\\\/2026\\\/07\\\/08\\\/earth-wind-fire-experience-by-al-mckay-venerdi-10-luglio-2026-al-parco-san-valentino-pn\\\/\",\"name\":\"Earth, Wind & Fire Experience by Al McKay venerd\u00ec 10 luglio 2026 al Parco San Valentino (PN) - Bellunopress - Dolomiti\",\"isPartOf\":{\"@id\":\"https:\\\/\\\/www.bellunopress.it\\\/#website\"},\"primaryImageOfPage\":{\"@id\":\"https:\\\/\\\/www.bellunopress.it\\\/2026\\\/07\\\/08\\\/earth-wind-fire-experience-by-al-mckay-venerdi-10-luglio-2026-al-parco-san-valentino-pn\\\/#primaryimage\"},\"image\":{\"@id\":\"https:\\\/\\\/www.bellunopress.it\\\/2026\\\/07\\\/08\\\/earth-wind-fire-experience-by-al-mckay-venerdi-10-luglio-2026-al-parco-san-valentino-pn\\\/#primaryimage\"},\"thumbnailUrl\":\"https:\\\/\\\/www.bellunopress.it\\\/wp-content\\\/uploads\\\/2026\\\/07\\\/Earth-Wind-Fire-Experience.jpg\",\"datePublished\":\"2026-07-08T08:35:19+00:00\",\"breadcrumb\":{\"@id\":\"https:\\\/\\\/www.bellunopress.it\\\/2026\\\/07\\\/08\\\/earth-wind-fire-experience-by-al-mckay-venerdi-10-luglio-2026-al-parco-san-valentino-pn\\\/#breadcrumb\"},\"inLanguage\":\"fr-FR\",\"potentialAction\":[{\"@type\":\"ReadAction\",\"target\":[\"https:\\\/\\\/www.bellunopress.it\\\/2026\\\/07\\\/08\\\/earth-wind-fire-experience-by-al-mckay-venerdi-10-luglio-2026-al-parco-san-valentino-pn\\\/\"]}]},{\"@type\":\"ImageObject\",\"inLanguage\":\"fr-FR\",\"@id\":\"https:\\\/\\\/www.bellunopress.it\\\/2026\\\/07\\\/08\\\/earth-wind-fire-experience-by-al-mckay-venerdi-10-luglio-2026-al-parco-san-valentino-pn\\\/#primaryimage\",\"url\":\"https:\\\/\\\/www.bellunopress.it\\\/wp-content\\\/uploads\\\/2026\\\/07\\\/Earth-Wind-Fire-Experience.jpg\",\"contentUrl\":\"https:\\\/\\\/www.bellunopress.it\\\/wp-content\\\/uploads\\\/2026\\\/07\\\/Earth-Wind-Fire-Experience.jpg\",\"width\":600,\"height\":400},{\"@type\":\"BreadcrumbList\",\"@id\":\"https:\\\/\\\/www.bellunopress.it\\\/2026\\\/07\\\/08\\\/earth-wind-fire-experience-by-al-mckay-venerdi-10-luglio-2026-al-parco-san-valentino-pn\\\/#breadcrumb\",\"itemListElement\":[{\"@type\":\"ListItem\",\"position\":1,\"name\":\"Home\",\"item\":\"https:\\\/\\\/www.bellunopress.it\\\/\"},{\"@type\":\"ListItem\",\"position\":2,\"name\":\"Earth, Wind &#038; Fire Experience by Al McKay venerd\u00ec 10 luglio 2026 al Parco San Valentino (PN)\"}]},{\"@type\":\"WebSite\",\"@id\":\"https:\\\/\\\/www.bellunopress.it\\\/#website\",\"url\":\"https:\\\/\\\/www.bellunopress.it\\\/\",\"name\":\"Bellunopress - Dolomiti\",\"description\":\"e-mail: redazione@bellunopress.it\",\"publisher\":{\"@id\":\"https:\\\/\\\/www.bellunopress.it\\\/#organization\"},\"potentialAction\":[{\"@type\":\"SearchAction\",\"target\":{\"@type\":\"EntryPoint\",\"urlTemplate\":\"https:\\\/\\\/www.bellunopress.it\\\/?s={search_term_string}\"},\"query-input\":{\"@type\":\"PropertyValueSpecification\",\"valueRequired\":true,\"valueName\":\"search_term_string\"}}],\"inLanguage\":\"fr-FR\"},{\"@type\":\"Organization\",\"@id\":\"https:\\\/\\\/www.bellunopress.it\\\/#organization\",\"name\":\"Bellunopress\",\"url\":\"https:\\\/\\\/www.bellunopress.it\\\/\",\"logo\":{\"@type\":\"ImageObject\",\"inLanguage\":\"fr-FR\",\"@id\":\"https:\\\/\\\/www.bellunopress.it\\\/#\\\/schema\\\/logo\\\/image\\\/\",\"url\":\"https:\\\/\\\/www.bellunopress.it\\\/wp-content\\\/uploads\\\/2011\\\/05\\\/cropped-logo-bellunopress-.jpg\",\"contentUrl\":\"https:\\\/\\\/www.bellunopress.it\\\/wp-content\\\/uploads\\\/2011\\\/05\\\/cropped-logo-bellunopress-.jpg\",\"width\":512,\"height\":512,\"caption\":\"Bellunopress\"},\"image\":{\"@id\":\"https:\\\/\\\/www.bellunopress.it\\\/#\\\/schema\\\/logo\\\/image\\\/\"},\"sameAs\":[\"https:\\\/\\\/www.facebook.com\\\/profile.php?id=100008943462799\",\"https:\\\/\\\/x.com\\\/bellunopress\",\"https:\\\/\\\/www.linkedin.com\\\/hp\\\/?dnr=JBzUWaJfMUw8vbXJJ2tVW5-I3jZKvC4wsoxE&amp;amp;amp;amp;amp;amp;trk=nav_responsive_tab_home\",\"https:\\\/\\\/www.youtube.com\\\/channel\\\/UCxL0wu1uN0_3_7hGG0306cw\"]},{\"@type\":\"Person\",\"@id\":\"https:\\\/\\\/www.bellunopress.it\\\/#\\\/schema\\\/person\\\/79bb06722b37ece1c03d3e94beb30d73\",\"name\":\"redazione\",\"image\":{\"@type\":\"ImageObject\",\"inLanguage\":\"fr-FR\",\"@id\":\"https:\\\/\\\/secure.gravatar.com\\\/avatar\\\/37d968a2e67a6fd04c169c4bdef102d0bc5d31b2546345219e348575eb80e9a0?s=96&d=mm&r=g\",\"url\":\"https:\\\/\\\/secure.gravatar.com\\\/avatar\\\/37d968a2e67a6fd04c169c4bdef102d0bc5d31b2546345219e348575eb80e9a0?s=96&d=mm&r=g\",\"contentUrl\":\"https:\\\/\\\/secure.gravatar.com\\\/avatar\\\/37d968a2e67a6fd04c169c4bdef102d0bc5d31b2546345219e348575eb80e9a0?s=96&d=mm&r=g\",\"caption\":\"redazione\"},\"sameAs\":[\"http:\\\/\\\/www.bellunopress.it\",\"https:\\\/\\\/x.com\\\/bellunopress\"],\"url\":\"https:\\\/\\\/www.bellunopress.it\\\/fr\\\/author\\\/redazione\\\/\"}]}<\/script>\n<!-- \/ Yoast SEO plugin. -->","yoast_head_json":{"title":"Earth, Wind & Fire Experience by Al McKay venerd\u00ec 10 luglio 2026 al Parco San Valentino (PN) - Bellunopress - Dolomiti","robots":{"index":"index","follow":"follow","max-snippet":"max-snippet:-1","max-image-preview":"max-image-preview:large","max-video-preview":"max-video-preview:-1"},"canonical":"https:\/\/www.bellunopress.it\/fr\/2026\/07\/08\/earth-wind-fire-experience-by-al-mckay-venerdi-10-luglio-2026-al-parco-san-valentino-pn\/","og_locale":"fr_FR","og_type":"article","og_title":"Earth, Wind & Fire Experience by Al McKay venerd\u00ec 10 luglio 2026 al Parco San Valentino (PN) - Bellunopress - Dolomiti","og_description":"Pi\u00f9 di un concerto, un\u2019esperienza: il 10 luglio al Parco San Valentino un\u2019attesa serata del Pordenone Blues &amp; Co. Festival con Earth, Wind &amp; Fire Experience by Al McKay, una band di veri talenti, artisti che vantano collaborazioni con i pi\u00f9 grandi nomi del pianeta e che hanno fatto parte degli stessi Earth, Wind &amp; [&hellip;]","og_url":"https:\/\/www.bellunopress.it\/fr\/2026\/07\/08\/earth-wind-fire-experience-by-al-mckay-venerdi-10-luglio-2026-al-parco-san-valentino-pn\/","og_site_name":"Bellunopress - Dolomiti","article_publisher":"https:\/\/www.facebook.com\/profile.php?id=100008943462799","article_published_time":"2026-07-08T08:35:19+00:00","og_image":[{"width":600,"height":400,"url":"https:\/\/www.bellunopress.it\/wp-content\/uploads\/2026\/07\/Earth-Wind-Fire-Experience.jpg","type":"image\/jpeg"}],"author":"redazione","twitter_card":"summary_large_image","twitter_creator":"@bellunopress","twitter_site":"@bellunopress","twitter_misc":{"Written by":"redazione","Est. reading time":"4 minutes"},"schema":{"@context":"https:\/\/schema.org","@graph":[{"@type":"Article","@id":"https:\/\/www.bellunopress.it\/2026\/07\/08\/earth-wind-fire-experience-by-al-mckay-venerdi-10-luglio-2026-al-parco-san-valentino-pn\/#article","isPartOf":{"@id":"https:\/\/www.bellunopress.it\/2026\/07\/08\/earth-wind-fire-experience-by-al-mckay-venerdi-10-luglio-2026-al-parco-san-valentino-pn\/"},"author":{"name":"redazione","@id":"https:\/\/www.bellunopress.it\/#\/schema\/person\/79bb06722b37ece1c03d3e94beb30d73"},"headline":"Earth, Wind &#038; Fire Experience by Al McKay venerd\u00ec 10 luglio 2026 al Parco San Valentino (PN)","datePublished":"2026-07-08T08:35:19+00:00","mainEntityOfPage":{"@id":"https:\/\/www.bellunopress.it\/2026\/07\/08\/earth-wind-fire-experience-by-al-mckay-venerdi-10-luglio-2026-al-parco-san-valentino-pn\/"},"wordCount":639,"publisher":{"@id":"https:\/\/www.bellunopress.it\/#organization"},"image":{"@id":"https:\/\/www.bellunopress.it\/2026\/07\/08\/earth-wind-fire-experience-by-al-mckay-venerdi-10-luglio-2026-al-parco-san-valentino-pn\/#primaryimage"},"thumbnailUrl":"https:\/\/www.bellunopress.it\/wp-content\/uploads\/2026\/07\/Earth-Wind-Fire-Experience.jpg","articleSection":["Arte, Cultura, Spettacoli, Scienza","Cultura e spettacoli, tempo libero, benessere, fuori provincia","Pausa Caff\u00e8"],"inLanguage":"fr-FR"},{"@type":"WebPage","@id":"https:\/\/www.bellunopress.it\/2026\/07\/08\/earth-wind-fire-experience-by-al-mckay-venerdi-10-luglio-2026-al-parco-san-valentino-pn\/","url":"https:\/\/www.bellunopress.it\/2026\/07\/08\/earth-wind-fire-experience-by-al-mckay-venerdi-10-luglio-2026-al-parco-san-valentino-pn\/","name":"Earth, Wind & Fire Experience by Al McKay venerd\u00ec 10 luglio 2026 al Parco San Valentino (PN) - Bellunopress - Dolomiti","isPartOf":{"@id":"https:\/\/www.bellunopress.it\/#website"},"primaryImageOfPage":{"@id":"https:\/\/www.bellunopress.it\/2026\/07\/08\/earth-wind-fire-experience-by-al-mckay-venerdi-10-luglio-2026-al-parco-san-valentino-pn\/#primaryimage"},"image":{"@id":"https:\/\/www.bellunopress.it\/2026\/07\/08\/earth-wind-fire-experience-by-al-mckay-venerdi-10-luglio-2026-al-parco-san-valentino-pn\/#primaryimage"},"thumbnailUrl":"https:\/\/www.bellunopress.it\/wp-content\/uploads\/2026\/07\/Earth-Wind-Fire-Experience.jpg","datePublished":"2026-07-08T08:35:19+00:00","breadcrumb":{"@id":"https:\/\/www.bellunopress.it\/2026\/07\/08\/earth-wind-fire-experience-by-al-mckay-venerdi-10-luglio-2026-al-parco-san-valentino-pn\/#breadcrumb"},"inLanguage":"fr-FR","potentialAction":[{"@type":"ReadAction","target":["https:\/\/www.bellunopress.it\/2026\/07\/08\/earth-wind-fire-experience-by-al-mckay-venerdi-10-luglio-2026-al-parco-san-valentino-pn\/"]}]},{"@type":"ImageObject","inLanguage":"fr-FR","@id":"https:\/\/www.bellunopress.it\/2026\/07\/08\/earth-wind-fire-experience-by-al-mckay-venerdi-10-luglio-2026-al-parco-san-valentino-pn\/#primaryimage","url":"https:\/\/www.bellunopress.it\/wp-content\/uploads\/2026\/07\/Earth-Wind-Fire-Experience.jpg","contentUrl":"https:\/\/www.bellunopress.it\/wp-content\/uploads\/2026\/07\/Earth-Wind-Fire-Experience.jpg","width":600,"height":400},{"@type":"BreadcrumbList","@id":"https:\/\/www.bellunopress.it\/2026\/07\/08\/earth-wind-fire-experience-by-al-mckay-venerdi-10-luglio-2026-al-parco-san-valentino-pn\/#breadcrumb","itemListElement":[{"@type":"ListItem","position":1,"name":"Home","item":"https:\/\/www.bellunopress.it\/"},{"@type":"ListItem","position":2,"name":"Earth, Wind &#038; Fire Experience by Al McKay venerd\u00ec 10 luglio 2026 al Parco San Valentino (PN)"}]},{"@type":"WebSite","@id":"https:\/\/www.bellunopress.it\/#website","url":"https:\/\/www.bellunopress.it\/","name":"Bellunopress - Dolomiti","description":"e-mail: redazione@bellunopress.it","publisher":{"@id":"https:\/\/www.bellunopress.it\/#organization"},"potentialAction":[{"@type":"SearchAction","target":{"@type":"EntryPoint","urlTemplate":"https:\/\/www.bellunopress.it\/?s={search_term_string}"},"query-input":{"@type":"PropertyValueSpecification","valueRequired":true,"valueName":"search_term_string"}}],"inLanguage":"fr-FR"},{"@type":"Organization","@id":"https:\/\/www.bellunopress.it\/#organization","name":"Bellunopress","url":"https:\/\/www.bellunopress.it\/","logo":{"@type":"ImageObject","inLanguage":"fr-FR","@id":"https:\/\/www.bellunopress.it\/#\/schema\/logo\/image\/","url":"https:\/\/www.bellunopress.it\/wp-content\/uploads\/2011\/05\/cropped-logo-bellunopress-.jpg","contentUrl":"https:\/\/www.bellunopress.it\/wp-content\/uploads\/2011\/05\/cropped-logo-bellunopress-.jpg","width":512,"height":512,"caption":"Bellunopress"},"image":{"@id":"https:\/\/www.bellunopress.it\/#\/schema\/logo\/image\/"},"sameAs":["https:\/\/www.facebook.com\/profile.php?id=100008943462799","https:\/\/x.com\/bellunopress","https:\/\/www.linkedin.com\/hp\/?dnr=JBzUWaJfMUw8vbXJJ2tVW5-I3jZKvC4wsoxE&amp;amp;amp;amp;amp;amp;trk=nav_responsive_tab_home","https:\/\/www.youtube.com\/channel\/UCxL0wu1uN0_3_7hGG0306cw"]},{"@type":"Person","@id":"https:\/\/www.bellunopress.it\/#\/schema\/person\/79bb06722b37ece1c03d3e94beb30d73","name":"r\u00e9daction","image":{"@type":"ImageObject","inLanguage":"fr-FR","@id":"https:\/\/secure.gravatar.com\/avatar\/37d968a2e67a6fd04c169c4bdef102d0bc5d31b2546345219e348575eb80e9a0?s=96&d=mm&r=g","url":"https:\/\/secure.gravatar.com\/avatar\/37d968a2e67a6fd04c169c4bdef102d0bc5d31b2546345219e348575eb80e9a0?s=96&d=mm&r=g","contentUrl":"https:\/\/secure.gravatar.com\/avatar\/37d968a2e67a6fd04c169c4bdef102d0bc5d31b2546345219e348575eb80e9a0?s=96&d=mm&r=g","caption":"redazione"},"sameAs":["http:\/\/www.bellunopress.it","https:\/\/x.com\/bellunopress"],"url":"https:\/\/www.bellunopress.it\/fr\/author\/redazione\/"}]}},"_links":{"self":[{"href":"https:\/\/www.bellunopress.it\/fr\/wp-json\/wp\/v2\/posts\/171773","targetHints":{"allow":["GET"]}}],"collection":[{"href":"https:\/\/www.bellunopress.it\/fr\/wp-json\/wp\/v2\/posts"}],"about":[{"href":"https:\/\/www.bellunopress.it\/fr\/wp-json\/wp\/v2\/types\/post"}],"author":[{"embeddable":true,"href":"https:\/\/www.bellunopress.it\/fr\/wp-json\/wp\/v2\/users\/2"}],"replies":[{"embeddable":true,"href":"https:\/\/www.bellunopress.it\/fr\/wp-json\/wp\/v2\/comments?post=171773"}],"version-history":[{"count":1,"href":"https:\/\/www.bellunopress.it\/fr\/wp-json\/wp\/v2\/posts\/171773\/revisions"}],"predecessor-version":[{"id":171775,"href":"https:\/\/www.bellunopress.it\/fr\/wp-json\/wp\/v2\/posts\/171773\/revisions\/171775"}],"wp:featuredmedia":[{"embeddable":true,"href":"https:\/\/www.bellunopress.it\/fr\/wp-json\/wp\/v2\/media\/171774"}],"wp:attachment":[{"href":"https:\/\/www.bellunopress.it\/fr\/wp-json\/wp\/v2\/media?parent=171773"}],"wp:term":[{"taxonomy":"category","embeddable":true,"href":"https:\/\/www.bellunopress.it\/fr\/wp-json\/wp\/v2\/categories?post=171773"},{"taxonomy":"post_tag","embeddable":true,"href":"https:\/\/www.bellunopress.it\/fr\/wp-json\/wp\/v2\/tags?post=171773"}],"curies":[{"name":"wp","href":"https:\/\/api.w.org\/{rel}","templated":true}]}}