{"id":171769,"date":"2026-07-08T08:36:02","date_gmt":"2026-07-08T06:36:02","guid":{"rendered":"https:\/\/www.bellunopress.it\/?p=171769"},"modified":"2026-07-08T08:36:02","modified_gmt":"2026-07-08T06:36:02","slug":"dolomiti-bellunesi-lestate-2026-fa-il-pieno-di-eventi-dalla-mostra-del-tiziano-ai-grandi-concerti-tra-le-vette","status":"publish","type":"post","link":"https:\/\/www.bellunopress.it\/fr\/2026\/07\/08\/dolomiti-bellunesi-lestate-2026-fa-il-pieno-di-eventi-dalla-mostra-del-tiziano-ai-grandi-concerti-tra-le-vette\/","title":{"rendered":"Dolomiti Bellunesi, l&#8217;estate 2026 fa il pieno di eventi:\u00a0dalla mostra del Tiziano ai grandi concerti tra le vette"},"content":{"rendered":"<p><strong>Arte, musica, libri, tradizioni e artigianato: da giugno a ottobre un calendario diffuso trasforma le Dolomiti Bellunesi in uno dei principali palcoscenici culturali dell&#8217;estate italiana<\/strong><\/p>\n<p>Non solo trekking, rifugi e panorami sulle Dolomiti UNESCO. Nell&#8217;estate 2026 le Dolomiti Bellunesi si raccontano attraverso un calendario di eventi che intreccia grandi mostre, concerti, festival letterari, rievocazioni storiche e tradizioni secolari, offrendo ai visitatori un motivo in pi\u00f9 per vivere il territorio oltre la dimensione outdoor.<\/p>\n<p>Ad aprire la stagione \u00e8 Feltre con la storica Mostra dell&#8217;Artigianato, in programma dal 25 al 28 giugno, appuntamento dedicato all&#8217;eccellenza del saper fare e alle produzioni artistiche. Il centro storico ospita, inoltre, il celebre Palio di Feltre, rievocazione storica che dal 31 luglio al 2 agosto riporter\u00e0 tra gli antichi vicoli, piazze e palazzi l&#8217;atmosfera del Rinascimento veneto.<\/p>\n<p>Dal 18 luglio al 18 ottobre Pieve di Cadore ospita la mostra &#8220;Tiziano e il paesaggio&#8221;, che celebra il 450\u00b0 anniversario della morte del maestro cadorino con uno degli eventi espositivi pi\u00f9 attesi dell&#8217;anno. Attorno al grande pittore si sviluppa anche la rassegna Estate Tizianesca con oltre 35 tra eventi, incontri e conferenze che avranno luogo tra il Bellunese e la pianura veneta da giugno al 26 settembre.<\/p>\n<p>Il 18 luglio segna anche l&#8217;avvio della stagione dei grandi concerti. Con Dolomiti Arena, il festival della &#8220;slow mountain music&#8221; nelle Dolomiti Bellunesi, la musica trova spazio in scenari di grande suggestione con nomi importanti. Apre Francesca Michielin sabato 18 luglio sul Monte Avena, cui seguiranno i Negrita sabato 25 luglio sulle rive del Lago di Santa Croce, i Tiromancino domenica 2 agosto a Longarone, Omar Pedrini domenica 9 agosto a Setteville, e infine Joan Thiele sabato 22 agosto a Santa Giustina.<\/p>\n<p>La musica, per\u00f2, attraversa l&#8217;intero territorio in molteplici forme. Il Dolomiti Blues &amp; Soul Festival dal 18 luglio al 23 agosto porta nelle vallate del Cadore le sonorit\u00e0 del blues, del soul e della musica d&#8217;autore. La rassegna Organi Storici in Cadore valorizza il patrimonio musicale custodito nelle chiese e nei piccoli centri cadorini attraverso concerti dedicati alla grande tradizione organistica.<\/p>\n<p>Tra gli appuntamenti pi\u00f9 originali si distingue inoltre Arte e Musica tra Pelmo e Civetta, il Festival Internazionale di Musica Antica che dal 23 luglio al 9 agosto intreccer\u00e0 musica, storia, arte e natura trasformando alcune tra le pi\u00f9 suggestive localit\u00e0 della Val di Zoldo in una cassa di risonanza a cielo aperto.<\/p>\n<p>L&#8217;estate \u00e8 anche tempo di libri. Dall&#8217;11 luglio a fine agosto Cortina d&#8217;Ampezzo ospita Una Montagna di Libri, la prestigiosa rassegna letteraria che porta tra le Dolomiti Bellunesi scrittori, giornalisti, intellettuali e protagonisti della cultura contemporanea. Il 25 luglio torna Trichiana Paese del Libro, manifestazione dedicata all&#8217;editoria e alla promozione della lettura che anima la Valbelluna con incontri e appuntamenti culturali. Tra gli eventi pi\u00f9 particolari figura la Settimana dell&#8217;Alchimista, in programma a Tambre dal 19 al 23 agosto, con un calendario di incontri, conferenze e iniziative che intrecciano storia, arte, natura e simbolismo.<\/p>\n<p>L&#8217;estate lascia poi spazio alle tradizioni pi\u00f9 autentiche della montagna. Tra settembre e ottobre le vallate dolomitiche celebrano il rientro del bestiame dai pascoli estivi, uno dei momenti pi\u00f9 identitari dell&#8217;anno per le comunit\u00e0 alpine. Tra gli appuntamenti gi\u00e0 programmati segnaliamo la tradizionale Festa della Desmontegada il 12 e 13 settembre a Selva di Cadore, caratterizzata dalla sfilata degli animali addobbati, dai mercatini e dalle proposte gastronomiche del territorio. Dal 25 al 27 settembre \u00e8 la volta di Se Desmonteghea, tra Falcade e la Val Biois, con sfilate, musica popolare e degustazioni dedicate ai sapori dell&#8217;Agordino. Il 3 e 4 ottobre ha luogo la Gnoche &#8216;n Festa e Desmonteada di Auronzo di Cadore, che abbina la tradizione alpina alle eccellenze gastronomiche locali.<\/p>\n<p>Dall&#8217;arte di Tiziano ai concerti in quota, dai festival letterari alle grandi tradizioni delle vallate alpine, l&#8217;estate 2026 conferma le Dolomiti Bellunesi come una destinazione capace di unire paesaggio, cultura e identit\u00e0 in un&#8217;unica esperienza di viaggio, offrendo un programma diffuso che accompagna visitatori e appassionati per oltre quattro mesi.<\/p>","protected":false},"excerpt":{"rendered":"<p>Arte, musica, libri, tradizioni e artigianato: da giugno a ottobre un calendario diffuso trasforma le Dolomiti Bellunesi in uno dei principali palcoscenici culturali dell&#8217;estate italiana Non solo trekking, rifugi e panorami sulle Dolomiti UNESCO. Nell&#8217;estate 2026 le Dolomiti Bellunesi si raccontano attraverso un calendario di eventi che intreccia grandi mostre, concerti, festival letterari, rievocazioni storiche [&hellip;]<\/p>\n","protected":false},"author":2,"featured_media":151852,"comment_status":"closed","ping_status":"open","sticky":false,"template":"","format":"standard","meta":{"footnotes":""},"categories":[27,3,25],"tags":[],"class_list":["post-171769","post","type-post","status-publish","format-standard","has-post-thumbnail","category-appuntamenti","category-arte-cultura-spettacoli-scienza-archivi","category-pausa-caffe"],"yoast_head":"<!-- This site is optimized with the Yoast SEO plugin v28.4 - https:\/\/yoast.com\/product\/yoast-seo-wordpress\/ -->\n<title>Dolomiti Bellunesi, l&#039;estate 2026 fa il pieno di eventi:\u00a0dalla mostra del Tiziano ai grandi concerti tra le vette - Bellunopress - Dolomiti<\/title>\n<meta name=\"robots\" content=\"index, follow, max-snippet:-1, max-image-preview:large, max-video-preview:-1\" \/>\n<link rel=\"canonical\" href=\"https:\/\/www.bellunopress.it\/fr\/2026\/07\/08\/dolomiti-bellunesi-lestate-2026-fa-il-pieno-di-eventi-dalla-mostra-del-tiziano-ai-grandi-concerti-tra-le-vette\/\" \/>\n<meta property=\"og:locale\" content=\"fr_FR\" \/>\n<meta property=\"og:type\" content=\"article\" \/>\n<meta property=\"og:title\" content=\"Dolomiti Bellunesi, l&#039;estate 2026 fa il pieno di eventi:\u00a0dalla mostra del Tiziano ai grandi concerti tra le vette - Bellunopress - Dolomiti\" \/>\n<meta property=\"og:description\" content=\"Arte, musica, libri, tradizioni e artigianato: da giugno a ottobre un calendario diffuso trasforma le Dolomiti Bellunesi in uno dei principali palcoscenici culturali dell&#8217;estate italiana Non solo trekking, rifugi e panorami sulle Dolomiti UNESCO. Nell&#8217;estate 2026 le Dolomiti Bellunesi si raccontano attraverso un calendario di eventi che intreccia grandi mostre, concerti, festival letterari, rievocazioni storiche [&hellip;]\" \/>\n<meta property=\"og:url\" content=\"https:\/\/www.bellunopress.it\/fr\/2026\/07\/08\/dolomiti-bellunesi-lestate-2026-fa-il-pieno-di-eventi-dalla-mostra-del-tiziano-ai-grandi-concerti-tra-le-vette\/\" \/>\n<meta property=\"og:site_name\" content=\"Bellunopress - Dolomiti\" \/>\n<meta property=\"article:publisher\" content=\"https:\/\/www.facebook.com\/profile.php?id=100008943462799\" \/>\n<meta property=\"article:published_time\" content=\"2026-07-08T06:36:02+00:00\" \/>\n<meta property=\"og:image\" content=\"https:\/\/www.bellunopress.it\/wp-content\/uploads\/2024\/06\/Mostra-artigianato-locale-feltre__edited.jpg\" \/>\n\t<meta property=\"og:image:width\" content=\"1000\" \/>\n\t<meta property=\"og:image:height\" content=\"668\" \/>\n\t<meta property=\"og:image:type\" content=\"image\/jpeg\" \/>\n<meta name=\"author\" content=\"redazione\" \/>\n<meta name=\"twitter:card\" content=\"summary_large_image\" \/>\n<meta name=\"twitter:creator\" content=\"@bellunopress\" \/>\n<meta name=\"twitter:site\" content=\"@bellunopress\" \/>\n<meta name=\"twitter:label1\" content=\"\u00c9crit par\" \/>\n\t<meta name=\"twitter:data1\" content=\"redazione\" \/>\n\t<meta name=\"twitter:label2\" content=\"Dur\u00e9e de lecture estim\u00e9e\" \/>\n\t<meta name=\"twitter:data2\" content=\"4 minutes\" \/>\n<script type=\"application\/ld+json\" class=\"yoast-schema-graph\">{\"@context\":\"https:\\\/\\\/schema.org\",\"@graph\":[{\"@type\":\"Article\",\"@id\":\"https:\\\/\\\/www.bellunopress.it\\\/2026\\\/07\\\/08\\\/dolomiti-bellunesi-lestate-2026-fa-il-pieno-di-eventi-dalla-mostra-del-tiziano-ai-grandi-concerti-tra-le-vette\\\/#article\",\"isPartOf\":{\"@id\":\"https:\\\/\\\/www.bellunopress.it\\\/2026\\\/07\\\/08\\\/dolomiti-bellunesi-lestate-2026-fa-il-pieno-di-eventi-dalla-mostra-del-tiziano-ai-grandi-concerti-tra-le-vette\\\/\"},\"author\":{\"name\":\"redazione\",\"@id\":\"https:\\\/\\\/www.bellunopress.it\\\/#\\\/schema\\\/person\\\/79bb06722b37ece1c03d3e94beb30d73\"},\"headline\":\"Dolomiti Bellunesi, l&#8217;estate 2026 fa il pieno di eventi:\u00a0dalla mostra del Tiziano ai grandi concerti tra le vette\",\"datePublished\":\"2026-07-08T06:36:02+00:00\",\"mainEntityOfPage\":{\"@id\":\"https:\\\/\\\/www.bellunopress.it\\\/2026\\\/07\\\/08\\\/dolomiti-bellunesi-lestate-2026-fa-il-pieno-di-eventi-dalla-mostra-del-tiziano-ai-grandi-concerti-tra-le-vette\\\/\"},\"wordCount\":667,\"publisher\":{\"@id\":\"https:\\\/\\\/www.bellunopress.it\\\/#organization\"},\"image\":{\"@id\":\"https:\\\/\\\/www.bellunopress.it\\\/2026\\\/07\\\/08\\\/dolomiti-bellunesi-lestate-2026-fa-il-pieno-di-eventi-dalla-mostra-del-tiziano-ai-grandi-concerti-tra-le-vette\\\/#primaryimage\"},\"thumbnailUrl\":\"https:\\\/\\\/www.bellunopress.it\\\/wp-content\\\/uploads\\\/2024\\\/06\\\/Mostra-artigianato-locale-feltre__edited.jpg\",\"articleSection\":[\"Appuntamenti, Eventi\",\"Arte, Cultura, Spettacoli, Scienza\",\"Pausa Caff\u00e8\"],\"inLanguage\":\"fr-FR\"},{\"@type\":\"WebPage\",\"@id\":\"https:\\\/\\\/www.bellunopress.it\\\/2026\\\/07\\\/08\\\/dolomiti-bellunesi-lestate-2026-fa-il-pieno-di-eventi-dalla-mostra-del-tiziano-ai-grandi-concerti-tra-le-vette\\\/\",\"url\":\"https:\\\/\\\/www.bellunopress.it\\\/2026\\\/07\\\/08\\\/dolomiti-bellunesi-lestate-2026-fa-il-pieno-di-eventi-dalla-mostra-del-tiziano-ai-grandi-concerti-tra-le-vette\\\/\",\"name\":\"Dolomiti Bellunesi, l'estate 2026 fa il pieno di eventi:\u00a0dalla mostra del Tiziano ai grandi concerti tra le vette - Bellunopress - Dolomiti\",\"isPartOf\":{\"@id\":\"https:\\\/\\\/www.bellunopress.it\\\/#website\"},\"primaryImageOfPage\":{\"@id\":\"https:\\\/\\\/www.bellunopress.it\\\/2026\\\/07\\\/08\\\/dolomiti-bellunesi-lestate-2026-fa-il-pieno-di-eventi-dalla-mostra-del-tiziano-ai-grandi-concerti-tra-le-vette\\\/#primaryimage\"},\"image\":{\"@id\":\"https:\\\/\\\/www.bellunopress.it\\\/2026\\\/07\\\/08\\\/dolomiti-bellunesi-lestate-2026-fa-il-pieno-di-eventi-dalla-mostra-del-tiziano-ai-grandi-concerti-tra-le-vette\\\/#primaryimage\"},\"thumbnailUrl\":\"https:\\\/\\\/www.bellunopress.it\\\/wp-content\\\/uploads\\\/2024\\\/06\\\/Mostra-artigianato-locale-feltre__edited.jpg\",\"datePublished\":\"2026-07-08T06:36:02+00:00\",\"breadcrumb\":{\"@id\":\"https:\\\/\\\/www.bellunopress.it\\\/2026\\\/07\\\/08\\\/dolomiti-bellunesi-lestate-2026-fa-il-pieno-di-eventi-dalla-mostra-del-tiziano-ai-grandi-concerti-tra-le-vette\\\/#breadcrumb\"},\"inLanguage\":\"fr-FR\",\"potentialAction\":[{\"@type\":\"ReadAction\",\"target\":[\"https:\\\/\\\/www.bellunopress.it\\\/2026\\\/07\\\/08\\\/dolomiti-bellunesi-lestate-2026-fa-il-pieno-di-eventi-dalla-mostra-del-tiziano-ai-grandi-concerti-tra-le-vette\\\/\"]}]},{\"@type\":\"ImageObject\",\"inLanguage\":\"fr-FR\",\"@id\":\"https:\\\/\\\/www.bellunopress.it\\\/2026\\\/07\\\/08\\\/dolomiti-bellunesi-lestate-2026-fa-il-pieno-di-eventi-dalla-mostra-del-tiziano-ai-grandi-concerti-tra-le-vette\\\/#primaryimage\",\"url\":\"https:\\\/\\\/www.bellunopress.it\\\/wp-content\\\/uploads\\\/2024\\\/06\\\/Mostra-artigianato-locale-feltre__edited.jpg\",\"contentUrl\":\"https:\\\/\\\/www.bellunopress.it\\\/wp-content\\\/uploads\\\/2024\\\/06\\\/Mostra-artigianato-locale-feltre__edited.jpg\",\"width\":1000,\"height\":668,\"caption\":\"Mostra dell'artigianato a Feltre\"},{\"@type\":\"BreadcrumbList\",\"@id\":\"https:\\\/\\\/www.bellunopress.it\\\/2026\\\/07\\\/08\\\/dolomiti-bellunesi-lestate-2026-fa-il-pieno-di-eventi-dalla-mostra-del-tiziano-ai-grandi-concerti-tra-le-vette\\\/#breadcrumb\",\"itemListElement\":[{\"@type\":\"ListItem\",\"position\":1,\"name\":\"Home\",\"item\":\"https:\\\/\\\/www.bellunopress.it\\\/\"},{\"@type\":\"ListItem\",\"position\":2,\"name\":\"Dolomiti Bellunesi, l&#8217;estate 2026 fa il pieno di eventi:\u00a0dalla mostra del Tiziano ai grandi concerti tra le vette\"}]},{\"@type\":\"WebSite\",\"@id\":\"https:\\\/\\\/www.bellunopress.it\\\/#website\",\"url\":\"https:\\\/\\\/www.bellunopress.it\\\/\",\"name\":\"Bellunopress - Dolomiti\",\"description\":\"e-mail: redazione@bellunopress.it\",\"publisher\":{\"@id\":\"https:\\\/\\\/www.bellunopress.it\\\/#organization\"},\"potentialAction\":[{\"@type\":\"SearchAction\",\"target\":{\"@type\":\"EntryPoint\",\"urlTemplate\":\"https:\\\/\\\/www.bellunopress.it\\\/?s={search_term_string}\"},\"query-input\":{\"@type\":\"PropertyValueSpecification\",\"valueRequired\":true,\"valueName\":\"search_term_string\"}}],\"inLanguage\":\"fr-FR\"},{\"@type\":\"Organization\",\"@id\":\"https:\\\/\\\/www.bellunopress.it\\\/#organization\",\"name\":\"Bellunopress\",\"url\":\"https:\\\/\\\/www.bellunopress.it\\\/\",\"logo\":{\"@type\":\"ImageObject\",\"inLanguage\":\"fr-FR\",\"@id\":\"https:\\\/\\\/www.bellunopress.it\\\/#\\\/schema\\\/logo\\\/image\\\/\",\"url\":\"https:\\\/\\\/www.bellunopress.it\\\/wp-content\\\/uploads\\\/2011\\\/05\\\/cropped-logo-bellunopress-.jpg\",\"contentUrl\":\"https:\\\/\\\/www.bellunopress.it\\\/wp-content\\\/uploads\\\/2011\\\/05\\\/cropped-logo-bellunopress-.jpg\",\"width\":512,\"height\":512,\"caption\":\"Bellunopress\"},\"image\":{\"@id\":\"https:\\\/\\\/www.bellunopress.it\\\/#\\\/schema\\\/logo\\\/image\\\/\"},\"sameAs\":[\"https:\\\/\\\/www.facebook.com\\\/profile.php?id=100008943462799\",\"https:\\\/\\\/x.com\\\/bellunopress\",\"https:\\\/\\\/www.linkedin.com\\\/hp\\\/?dnr=JBzUWaJfMUw8vbXJJ2tVW5-I3jZKvC4wsoxE&amp;amp;amp;amp;amp;amp;trk=nav_responsive_tab_home\",\"https:\\\/\\\/www.youtube.com\\\/channel\\\/UCxL0wu1uN0_3_7hGG0306cw\"]},{\"@type\":\"Person\",\"@id\":\"https:\\\/\\\/www.bellunopress.it\\\/#\\\/schema\\\/person\\\/79bb06722b37ece1c03d3e94beb30d73\",\"name\":\"redazione\",\"image\":{\"@type\":\"ImageObject\",\"inLanguage\":\"fr-FR\",\"@id\":\"https:\\\/\\\/secure.gravatar.com\\\/avatar\\\/37d968a2e67a6fd04c169c4bdef102d0bc5d31b2546345219e348575eb80e9a0?s=96&d=mm&r=g\",\"url\":\"https:\\\/\\\/secure.gravatar.com\\\/avatar\\\/37d968a2e67a6fd04c169c4bdef102d0bc5d31b2546345219e348575eb80e9a0?s=96&d=mm&r=g\",\"contentUrl\":\"https:\\\/\\\/secure.gravatar.com\\\/avatar\\\/37d968a2e67a6fd04c169c4bdef102d0bc5d31b2546345219e348575eb80e9a0?s=96&d=mm&r=g\",\"caption\":\"redazione\"},\"sameAs\":[\"http:\\\/\\\/www.bellunopress.it\",\"https:\\\/\\\/x.com\\\/bellunopress\"],\"url\":\"https:\\\/\\\/www.bellunopress.it\\\/fr\\\/author\\\/redazione\\\/\"}]}<\/script>\n<!-- \/ Yoast SEO plugin. -->","yoast_head_json":{"title":"Dolomiti Bellunesi, l'estate 2026 fa il pieno di eventi:\u00a0dalla mostra del Tiziano ai grandi concerti tra le vette - Bellunopress - Dolomiti","robots":{"index":"index","follow":"follow","max-snippet":"max-snippet:-1","max-image-preview":"max-image-preview:large","max-video-preview":"max-video-preview:-1"},"canonical":"https:\/\/www.bellunopress.it\/fr\/2026\/07\/08\/dolomiti-bellunesi-lestate-2026-fa-il-pieno-di-eventi-dalla-mostra-del-tiziano-ai-grandi-concerti-tra-le-vette\/","og_locale":"fr_FR","og_type":"article","og_title":"Dolomiti Bellunesi, l'estate 2026 fa il pieno di eventi:\u00a0dalla mostra del Tiziano ai grandi concerti tra le vette - Bellunopress - Dolomiti","og_description":"Arte, musica, libri, tradizioni e artigianato: da giugno a ottobre un calendario diffuso trasforma le Dolomiti Bellunesi in uno dei principali palcoscenici culturali dell&#8217;estate italiana Non solo trekking, rifugi e panorami sulle Dolomiti UNESCO. Nell&#8217;estate 2026 le Dolomiti Bellunesi si raccontano attraverso un calendario di eventi che intreccia grandi mostre, concerti, festival letterari, rievocazioni storiche [&hellip;]","og_url":"https:\/\/www.bellunopress.it\/fr\/2026\/07\/08\/dolomiti-bellunesi-lestate-2026-fa-il-pieno-di-eventi-dalla-mostra-del-tiziano-ai-grandi-concerti-tra-le-vette\/","og_site_name":"Bellunopress - Dolomiti","article_publisher":"https:\/\/www.facebook.com\/profile.php?id=100008943462799","article_published_time":"2026-07-08T06:36:02+00:00","og_image":[{"width":1000,"height":668,"url":"https:\/\/www.bellunopress.it\/wp-content\/uploads\/2024\/06\/Mostra-artigianato-locale-feltre__edited.jpg","type":"image\/jpeg"}],"author":"redazione","twitter_card":"summary_large_image","twitter_creator":"@bellunopress","twitter_site":"@bellunopress","twitter_misc":{"\u00c9crit par":"redazione","Dur\u00e9e de lecture estim\u00e9e":"4 minutes"},"schema":{"@context":"https:\/\/schema.org","@graph":[{"@type":"Article","@id":"https:\/\/www.bellunopress.it\/2026\/07\/08\/dolomiti-bellunesi-lestate-2026-fa-il-pieno-di-eventi-dalla-mostra-del-tiziano-ai-grandi-concerti-tra-le-vette\/#article","isPartOf":{"@id":"https:\/\/www.bellunopress.it\/2026\/07\/08\/dolomiti-bellunesi-lestate-2026-fa-il-pieno-di-eventi-dalla-mostra-del-tiziano-ai-grandi-concerti-tra-le-vette\/"},"author":{"name":"redazione","@id":"https:\/\/www.bellunopress.it\/#\/schema\/person\/79bb06722b37ece1c03d3e94beb30d73"},"headline":"Dolomiti Bellunesi, l&#8217;estate 2026 fa il pieno di eventi:\u00a0dalla mostra del Tiziano ai grandi concerti tra le vette","datePublished":"2026-07-08T06:36:02+00:00","mainEntityOfPage":{"@id":"https:\/\/www.bellunopress.it\/2026\/07\/08\/dolomiti-bellunesi-lestate-2026-fa-il-pieno-di-eventi-dalla-mostra-del-tiziano-ai-grandi-concerti-tra-le-vette\/"},"wordCount":667,"publisher":{"@id":"https:\/\/www.bellunopress.it\/#organization"},"image":{"@id":"https:\/\/www.bellunopress.it\/2026\/07\/08\/dolomiti-bellunesi-lestate-2026-fa-il-pieno-di-eventi-dalla-mostra-del-tiziano-ai-grandi-concerti-tra-le-vette\/#primaryimage"},"thumbnailUrl":"https:\/\/www.bellunopress.it\/wp-content\/uploads\/2024\/06\/Mostra-artigianato-locale-feltre__edited.jpg","articleSection":["Appuntamenti, Eventi","Arte, Cultura, Spettacoli, Scienza","Pausa Caff\u00e8"],"inLanguage":"fr-FR"},{"@type":"WebPage","@id":"https:\/\/www.bellunopress.it\/2026\/07\/08\/dolomiti-bellunesi-lestate-2026-fa-il-pieno-di-eventi-dalla-mostra-del-tiziano-ai-grandi-concerti-tra-le-vette\/","url":"https:\/\/www.bellunopress.it\/2026\/07\/08\/dolomiti-bellunesi-lestate-2026-fa-il-pieno-di-eventi-dalla-mostra-del-tiziano-ai-grandi-concerti-tra-le-vette\/","name":"Dolomiti Bellunesi, l'estate 2026 fa il pieno di eventi:\u00a0dalla mostra del Tiziano ai grandi concerti tra le vette - Bellunopress - Dolomiti","isPartOf":{"@id":"https:\/\/www.bellunopress.it\/#website"},"primaryImageOfPage":{"@id":"https:\/\/www.bellunopress.it\/2026\/07\/08\/dolomiti-bellunesi-lestate-2026-fa-il-pieno-di-eventi-dalla-mostra-del-tiziano-ai-grandi-concerti-tra-le-vette\/#primaryimage"},"image":{"@id":"https:\/\/www.bellunopress.it\/2026\/07\/08\/dolomiti-bellunesi-lestate-2026-fa-il-pieno-di-eventi-dalla-mostra-del-tiziano-ai-grandi-concerti-tra-le-vette\/#primaryimage"},"thumbnailUrl":"https:\/\/www.bellunopress.it\/wp-content\/uploads\/2024\/06\/Mostra-artigianato-locale-feltre__edited.jpg","datePublished":"2026-07-08T06:36:02+00:00","breadcrumb":{"@id":"https:\/\/www.bellunopress.it\/2026\/07\/08\/dolomiti-bellunesi-lestate-2026-fa-il-pieno-di-eventi-dalla-mostra-del-tiziano-ai-grandi-concerti-tra-le-vette\/#breadcrumb"},"inLanguage":"fr-FR","potentialAction":[{"@type":"ReadAction","target":["https:\/\/www.bellunopress.it\/2026\/07\/08\/dolomiti-bellunesi-lestate-2026-fa-il-pieno-di-eventi-dalla-mostra-del-tiziano-ai-grandi-concerti-tra-le-vette\/"]}]},{"@type":"ImageObject","inLanguage":"fr-FR","@id":"https:\/\/www.bellunopress.it\/2026\/07\/08\/dolomiti-bellunesi-lestate-2026-fa-il-pieno-di-eventi-dalla-mostra-del-tiziano-ai-grandi-concerti-tra-le-vette\/#primaryimage","url":"https:\/\/www.bellunopress.it\/wp-content\/uploads\/2024\/06\/Mostra-artigianato-locale-feltre__edited.jpg","contentUrl":"https:\/\/www.bellunopress.it\/wp-content\/uploads\/2024\/06\/Mostra-artigianato-locale-feltre__edited.jpg","width":1000,"height":668,"caption":"Mostra dell'artigianato a Feltre"},{"@type":"BreadcrumbList","@id":"https:\/\/www.bellunopress.it\/2026\/07\/08\/dolomiti-bellunesi-lestate-2026-fa-il-pieno-di-eventi-dalla-mostra-del-tiziano-ai-grandi-concerti-tra-le-vette\/#breadcrumb","itemListElement":[{"@type":"ListItem","position":1,"name":"Home","item":"https:\/\/www.bellunopress.it\/"},{"@type":"ListItem","position":2,"name":"Dolomiti Bellunesi, l&#8217;estate 2026 fa il pieno di eventi:\u00a0dalla mostra del Tiziano ai grandi concerti tra le vette"}]},{"@type":"WebSite","@id":"https:\/\/www.bellunopress.it\/#website","url":"https:\/\/www.bellunopress.it\/","name":"Bellunopress - Dolomiti","description":"e-mail: redazione@bellunopress.it","publisher":{"@id":"https:\/\/www.bellunopress.it\/#organization"},"potentialAction":[{"@type":"SearchAction","target":{"@type":"EntryPoint","urlTemplate":"https:\/\/www.bellunopress.it\/?s={search_term_string}"},"query-input":{"@type":"PropertyValueSpecification","valueRequired":true,"valueName":"search_term_string"}}],"inLanguage":"fr-FR"},{"@type":"Organization","@id":"https:\/\/www.bellunopress.it\/#organization","name":"Bellunopress","url":"https:\/\/www.bellunopress.it\/","logo":{"@type":"ImageObject","inLanguage":"fr-FR","@id":"https:\/\/www.bellunopress.it\/#\/schema\/logo\/image\/","url":"https:\/\/www.bellunopress.it\/wp-content\/uploads\/2011\/05\/cropped-logo-bellunopress-.jpg","contentUrl":"https:\/\/www.bellunopress.it\/wp-content\/uploads\/2011\/05\/cropped-logo-bellunopress-.jpg","width":512,"height":512,"caption":"Bellunopress"},"image":{"@id":"https:\/\/www.bellunopress.it\/#\/schema\/logo\/image\/"},"sameAs":["https:\/\/www.facebook.com\/profile.php?id=100008943462799","https:\/\/x.com\/bellunopress","https:\/\/www.linkedin.com\/hp\/?dnr=JBzUWaJfMUw8vbXJJ2tVW5-I3jZKvC4wsoxE&amp;amp;amp;amp;amp;amp;trk=nav_responsive_tab_home","https:\/\/www.youtube.com\/channel\/UCxL0wu1uN0_3_7hGG0306cw"]},{"@type":"Person","@id":"https:\/\/www.bellunopress.it\/#\/schema\/person\/79bb06722b37ece1c03d3e94beb30d73","name":"r\u00e9daction","image":{"@type":"ImageObject","inLanguage":"fr-FR","@id":"https:\/\/secure.gravatar.com\/avatar\/37d968a2e67a6fd04c169c4bdef102d0bc5d31b2546345219e348575eb80e9a0?s=96&d=mm&r=g","url":"https:\/\/secure.gravatar.com\/avatar\/37d968a2e67a6fd04c169c4bdef102d0bc5d31b2546345219e348575eb80e9a0?s=96&d=mm&r=g","contentUrl":"https:\/\/secure.gravatar.com\/avatar\/37d968a2e67a6fd04c169c4bdef102d0bc5d31b2546345219e348575eb80e9a0?s=96&d=mm&r=g","caption":"redazione"},"sameAs":["http:\/\/www.bellunopress.it","https:\/\/x.com\/bellunopress"],"url":"https:\/\/www.bellunopress.it\/fr\/author\/redazione\/"}]}},"_links":{"self":[{"href":"https:\/\/www.bellunopress.it\/fr\/wp-json\/wp\/v2\/posts\/171769","targetHints":{"allow":["GET"]}}],"collection":[{"href":"https:\/\/www.bellunopress.it\/fr\/wp-json\/wp\/v2\/posts"}],"about":[{"href":"https:\/\/www.bellunopress.it\/fr\/wp-json\/wp\/v2\/types\/post"}],"author":[{"embeddable":true,"href":"https:\/\/www.bellunopress.it\/fr\/wp-json\/wp\/v2\/users\/2"}],"replies":[{"embeddable":true,"href":"https:\/\/www.bellunopress.it\/fr\/wp-json\/wp\/v2\/comments?post=171769"}],"version-history":[{"count":1,"href":"https:\/\/www.bellunopress.it\/fr\/wp-json\/wp\/v2\/posts\/171769\/revisions"}],"predecessor-version":[{"id":171772,"href":"https:\/\/www.bellunopress.it\/fr\/wp-json\/wp\/v2\/posts\/171769\/revisions\/171772"}],"wp:featuredmedia":[{"embeddable":true,"href":"https:\/\/www.bellunopress.it\/fr\/wp-json\/wp\/v2\/media\/151852"}],"wp:attachment":[{"href":"https:\/\/www.bellunopress.it\/fr\/wp-json\/wp\/v2\/media?parent=171769"}],"wp:term":[{"taxonomy":"category","embeddable":true,"href":"https:\/\/www.bellunopress.it\/fr\/wp-json\/wp\/v2\/categories?post=171769"},{"taxonomy":"post_tag","embeddable":true,"href":"https:\/\/www.bellunopress.it\/fr\/wp-json\/wp\/v2\/tags?post=171769"}],"curies":[{"name":"wp","href":"https:\/\/api.w.org\/{rel}","templated":true}]}}