{"id":171762,"date":"2026-07-07T20:24:17","date_gmt":"2026-07-07T18:24:17","guid":{"rendered":"https:\/\/www.bellunopress.it\/?p=171762"},"modified":"2026-07-07T20:25:36","modified_gmt":"2026-07-07T18:25:36","slug":"lingegner-limone-padre-della-lancia-037-e-della-delta-s4-a-belluno-intervista-al-presidente-serafini","status":"publish","type":"post","link":"https:\/\/www.bellunopress.it\/fr\/2026\/07\/07\/lingegner-limone-padre-della-lancia-037-e-della-delta-s4-a-belluno-intervista-al-presidente-serafini\/","title":{"rendered":"L&#8217;ingegner Limone, padre della Lancia 037 e della Delta S4 a Belluno. Intervista al presidente Serafini"},"content":{"rendered":"<p><em>Presidente Serafini, venerd\u00ec 10 luglio alle 18:30 al Centro Giovanni 23mo di Belluno sar\u00e0 presente l\u2019ingegner Sergio Limone. Che significato ha per il vostro Club accogliere una figura che ha letteralmente scritto la storia dell\u2019automobilismo italiano?<\/em><\/p>\n<p>\u00abOspitare Sergio Limone non \u00e8 solo un onore, \u00e8 un privilegio culturale. Limone non \u00e8 soltanto un tecnico, \u00e8 un pezzo di storia vivente. Avere in citt\u00e0 l&#8217;uomo che ha dato forma alla Lancia 037 e alla Delta S4 significa offrire ai nostri soci e a tutta la cittadinanza una finestra privilegiata su quell&#8217;epoca d&#8217;oro in cui l&#8217;ingegno italiano riusciva a sfidare e sconfiggere il resto del mondo. Il nostro club si propone esattamente questo: far vivere la passione attraverso la conoscenza diretta dei suoi protagonisti.<em>\u00bb<\/em><\/p>\n<p><em>Il collezionismo di auto e moto d\u2019epoca \u00e8 spesso visto come una forma d\u2019arte. Quali sono gli elementi che rendono, a suo avviso, i veicoli di quel periodo &#8220;immortali&#8221; rispetto alla tecnologia odierna?<\/em><\/p>\n<p>\u00abLa differenza risiede nell\u2019anima. Un\u2019auto o una moto disegnata e ingegnerizzata negli anni &#8217;70 o &#8217;80 possiede un&#8217;identit\u00e0 precisa, un carattere che non \u00e8 dettato da un algoritmo, ma dalla matita di un progettista e dalla mano di un meccanico. C&#8217;\u00e8 lo stile, c&#8217;\u00e8 la ricerca aerodinamica artigianale e c&#8217;\u00e8 il coraggio di osare. Quando parliamo di Lancia o di Alfa Romeo, parliamo di icone di design e di prestazioni che hanno saputo elevare la meccanica a espressione artistica. Il collezionista d&#8217;epoca non acquista un mezzo di trasporto, acquista una testimonianza di eccellenza del &#8220;Made in Italy&#8221;.\u00bb<\/p>\n<p><em>Il mondo dei motori d&#8217;epoca deve affrontare la sfida della modernit\u00e0. Come vede il rapporto tra le nuove generazioni e il collezionismo? C&#8217;\u00e8 il rischio di perdere questo immenso patrimonio culturale?<\/em><\/p>\n<p>\u00ab\u00c8 una sfida che il Gentleman Club Drivers Belluno sente molto vicina. C\u2019\u00e8 spesso il pregiudizio che il mondo delle auto storiche sia riservato a un pubblico maturo, ma non \u00e8 cos\u00ec. Vedo molti giovani avvicinarsi con curiosit\u00e0 e competenza, affascinati proprio da quella purezza meccanica che manca alle auto odierne. Il nostro compito, come associazione, \u00e8 quello di &#8220;trasmettere il testimone&#8221;. Dobbiamo rendere queste vetture accessibili, non solo come oggetti da esposizione, ma come strumenti di una cultura tecnica che \u00e8 parte del nostro DNA. Se riusciamo a far capire a un ragazzo che dietro un motore c&#8217;\u00e8 un&#8217;idea, una storia e una passione umana, il ricambio generazionale avverr\u00e0 naturalmente.\u00bb<\/p>\n<p><em>Quale messaggio vorrebbe lasciare ai giovani appassionati che parteciperanno all&#8217;incontro con l&#8217;ingegner Limone?<\/em><\/p>\n<p>\u00abIl mio invito \u00e8 di ascoltare con attenzione le parole di chi ha fatto grande il nostro Paese nel mondo. L&#8217;ingegner Limone \u00e8 la prova che con la tenacia, l&#8217;innovazione e una visione chiara si possono scalare le vette pi\u00f9 alte, anche partendo da sfide impossibili. Ai giovani dico: non limitatevi a guardare le macchine, studiate la loro storia. Non abbiate paura di innamorarvi della meccanica classica; \u00e8 proprio attraverso la conservazione di questi capolavori che noi teniamo vivo il mito dell&#8217;automobilismo italiano per le sfide di domani.\u00bb<\/p>\n<p>&nbsp;<\/p>","protected":false},"excerpt":{"rendered":"<p>Presidente Serafini, venerd\u00ec 10 luglio alle 18:30 al Centro Giovanni 23mo di Belluno sar\u00e0 presente l\u2019ingegner Sergio Limone. Che significato ha per il vostro Club accogliere una figura che ha letteralmente scritto la storia dell\u2019automobilismo italiano? \u00abOspitare Sergio Limone non \u00e8 solo un onore, \u00e8 un privilegio culturale. Limone non \u00e8 soltanto un tecnico, \u00e8 [&hellip;]<\/p>\n","protected":false},"author":2,"featured_media":171763,"comment_status":"closed","ping_status":"open","sticky":false,"template":"","format":"standard","meta":{"footnotes":""},"categories":[27,25],"tags":[],"class_list":["post-171762","post","type-post","status-publish","format-standard","has-post-thumbnail","category-appuntamenti","category-pausa-caffe"],"yoast_head":"<!-- This site is optimized with the Yoast SEO plugin v28.4 - https:\/\/yoast.com\/product\/yoast-seo-wordpress\/ -->\n<title>L&#039;ingegner Limone, padre della Lancia 037 e della Delta S4 a Belluno. Intervista al presidente Serafini - Bellunopress - Dolomiti<\/title>\n<meta name=\"robots\" content=\"index, follow, max-snippet:-1, max-image-preview:large, max-video-preview:-1\" \/>\n<link rel=\"canonical\" href=\"https:\/\/www.bellunopress.it\/fr\/2026\/07\/07\/lingegner-limone-padre-della-lancia-037-e-della-delta-s4-a-belluno-intervista-al-presidente-serafini\/\" \/>\n<meta property=\"og:locale\" content=\"fr_FR\" \/>\n<meta property=\"og:type\" content=\"article\" \/>\n<meta property=\"og:title\" content=\"L&#039;ingegner Limone, padre della Lancia 037 e della Delta S4 a Belluno. Intervista al presidente Serafini - Bellunopress - Dolomiti\" \/>\n<meta property=\"og:description\" content=\"Presidente Serafini, venerd\u00ec 10 luglio alle 18:30 al Centro Giovanni 23mo di Belluno sar\u00e0 presente l\u2019ingegner Sergio Limone. Che significato ha per il vostro Club accogliere una figura che ha letteralmente scritto la storia dell\u2019automobilismo italiano? \u00abOspitare Sergio Limone non \u00e8 solo un onore, \u00e8 un privilegio culturale. Limone non \u00e8 soltanto un tecnico, \u00e8 [&hellip;]\" \/>\n<meta property=\"og:url\" content=\"https:\/\/www.bellunopress.it\/fr\/2026\/07\/07\/lingegner-limone-padre-della-lancia-037-e-della-delta-s4-a-belluno-intervista-al-presidente-serafini\/\" \/>\n<meta property=\"og:site_name\" content=\"Bellunopress - Dolomiti\" \/>\n<meta property=\"article:publisher\" content=\"https:\/\/www.facebook.com\/profile.php?id=100008943462799\" \/>\n<meta property=\"article:published_time\" content=\"2026-07-07T18:24:17+00:00\" \/>\n<meta property=\"article:modified_time\" content=\"2026-07-07T18:25:36+00:00\" \/>\n<meta property=\"og:image\" content=\"https:\/\/www.bellunopress.it\/wp-content\/uploads\/2026\/07\/Giuseppe-Serafini.jpeg\" \/>\n\t<meta property=\"og:image:width\" content=\"600\" \/>\n\t<meta property=\"og:image:height\" content=\"450\" \/>\n\t<meta property=\"og:image:type\" content=\"image\/jpeg\" \/>\n<meta name=\"author\" content=\"redazione\" \/>\n<meta name=\"twitter:card\" content=\"summary_large_image\" \/>\n<meta name=\"twitter:creator\" content=\"@bellunopress\" \/>\n<meta name=\"twitter:site\" content=\"@bellunopress\" \/>\n<meta name=\"twitter:label1\" content=\"\u00c9crit par\" \/>\n\t<meta name=\"twitter:data1\" content=\"redazione\" \/>\n\t<meta name=\"twitter:label2\" content=\"Dur\u00e9e de lecture estim\u00e9e\" \/>\n\t<meta name=\"twitter:data2\" content=\"3 minutes\" \/>\n<script type=\"application\/ld+json\" class=\"yoast-schema-graph\">{\"@context\":\"https:\\\/\\\/schema.org\",\"@graph\":[{\"@type\":\"Article\",\"@id\":\"https:\\\/\\\/www.bellunopress.it\\\/2026\\\/07\\\/07\\\/lingegner-limone-padre-della-lancia-037-e-della-delta-s4-a-belluno-intervista-al-presidente-serafini\\\/#article\",\"isPartOf\":{\"@id\":\"https:\\\/\\\/www.bellunopress.it\\\/2026\\\/07\\\/07\\\/lingegner-limone-padre-della-lancia-037-e-della-delta-s4-a-belluno-intervista-al-presidente-serafini\\\/\"},\"author\":{\"name\":\"redazione\",\"@id\":\"https:\\\/\\\/www.bellunopress.it\\\/#\\\/schema\\\/person\\\/79bb06722b37ece1c03d3e94beb30d73\"},\"headline\":\"L&#8217;ingegner Limone, padre della Lancia 037 e della Delta S4 a Belluno. Intervista al presidente Serafini\",\"datePublished\":\"2026-07-07T18:24:17+00:00\",\"dateModified\":\"2026-07-07T18:25:36+00:00\",\"mainEntityOfPage\":{\"@id\":\"https:\\\/\\\/www.bellunopress.it\\\/2026\\\/07\\\/07\\\/lingegner-limone-padre-della-lancia-037-e-della-delta-s4-a-belluno-intervista-al-presidente-serafini\\\/\"},\"wordCount\":513,\"publisher\":{\"@id\":\"https:\\\/\\\/www.bellunopress.it\\\/#organization\"},\"image\":{\"@id\":\"https:\\\/\\\/www.bellunopress.it\\\/2026\\\/07\\\/07\\\/lingegner-limone-padre-della-lancia-037-e-della-delta-s4-a-belluno-intervista-al-presidente-serafini\\\/#primaryimage\"},\"thumbnailUrl\":\"https:\\\/\\\/www.bellunopress.it\\\/wp-content\\\/uploads\\\/2026\\\/07\\\/Giuseppe-Serafini.jpeg\",\"articleSection\":[\"Appuntamenti, Eventi\",\"Pausa Caff\u00e8\"],\"inLanguage\":\"fr-FR\"},{\"@type\":\"WebPage\",\"@id\":\"https:\\\/\\\/www.bellunopress.it\\\/2026\\\/07\\\/07\\\/lingegner-limone-padre-della-lancia-037-e-della-delta-s4-a-belluno-intervista-al-presidente-serafini\\\/\",\"url\":\"https:\\\/\\\/www.bellunopress.it\\\/2026\\\/07\\\/07\\\/lingegner-limone-padre-della-lancia-037-e-della-delta-s4-a-belluno-intervista-al-presidente-serafini\\\/\",\"name\":\"L'ingegner Limone, padre della Lancia 037 e della Delta S4 a Belluno. Intervista al presidente Serafini - Bellunopress - Dolomiti\",\"isPartOf\":{\"@id\":\"https:\\\/\\\/www.bellunopress.it\\\/#website\"},\"primaryImageOfPage\":{\"@id\":\"https:\\\/\\\/www.bellunopress.it\\\/2026\\\/07\\\/07\\\/lingegner-limone-padre-della-lancia-037-e-della-delta-s4-a-belluno-intervista-al-presidente-serafini\\\/#primaryimage\"},\"image\":{\"@id\":\"https:\\\/\\\/www.bellunopress.it\\\/2026\\\/07\\\/07\\\/lingegner-limone-padre-della-lancia-037-e-della-delta-s4-a-belluno-intervista-al-presidente-serafini\\\/#primaryimage\"},\"thumbnailUrl\":\"https:\\\/\\\/www.bellunopress.it\\\/wp-content\\\/uploads\\\/2026\\\/07\\\/Giuseppe-Serafini.jpeg\",\"datePublished\":\"2026-07-07T18:24:17+00:00\",\"dateModified\":\"2026-07-07T18:25:36+00:00\",\"breadcrumb\":{\"@id\":\"https:\\\/\\\/www.bellunopress.it\\\/2026\\\/07\\\/07\\\/lingegner-limone-padre-della-lancia-037-e-della-delta-s4-a-belluno-intervista-al-presidente-serafini\\\/#breadcrumb\"},\"inLanguage\":\"fr-FR\",\"potentialAction\":[{\"@type\":\"ReadAction\",\"target\":[\"https:\\\/\\\/www.bellunopress.it\\\/2026\\\/07\\\/07\\\/lingegner-limone-padre-della-lancia-037-e-della-delta-s4-a-belluno-intervista-al-presidente-serafini\\\/\"]}]},{\"@type\":\"ImageObject\",\"inLanguage\":\"fr-FR\",\"@id\":\"https:\\\/\\\/www.bellunopress.it\\\/2026\\\/07\\\/07\\\/lingegner-limone-padre-della-lancia-037-e-della-delta-s4-a-belluno-intervista-al-presidente-serafini\\\/#primaryimage\",\"url\":\"https:\\\/\\\/www.bellunopress.it\\\/wp-content\\\/uploads\\\/2026\\\/07\\\/Giuseppe-Serafini.jpeg\",\"contentUrl\":\"https:\\\/\\\/www.bellunopress.it\\\/wp-content\\\/uploads\\\/2026\\\/07\\\/Giuseppe-Serafini.jpeg\",\"width\":600,\"height\":450,\"caption\":\"Giuseppe Serafini, Presidente del Registro Storico Ducati, Club Federato ASI e del Gentleman Club Drivers Belluno\"},{\"@type\":\"BreadcrumbList\",\"@id\":\"https:\\\/\\\/www.bellunopress.it\\\/2026\\\/07\\\/07\\\/lingegner-limone-padre-della-lancia-037-e-della-delta-s4-a-belluno-intervista-al-presidente-serafini\\\/#breadcrumb\",\"itemListElement\":[{\"@type\":\"ListItem\",\"position\":1,\"name\":\"Home\",\"item\":\"https:\\\/\\\/www.bellunopress.it\\\/\"},{\"@type\":\"ListItem\",\"position\":2,\"name\":\"L&#8217;ingegner Limone, padre della Lancia 037 e della Delta S4 a Belluno. Intervista al presidente Serafini\"}]},{\"@type\":\"WebSite\",\"@id\":\"https:\\\/\\\/www.bellunopress.it\\\/#website\",\"url\":\"https:\\\/\\\/www.bellunopress.it\\\/\",\"name\":\"Bellunopress - Dolomiti\",\"description\":\"e-mail: redazione@bellunopress.it\",\"publisher\":{\"@id\":\"https:\\\/\\\/www.bellunopress.it\\\/#organization\"},\"potentialAction\":[{\"@type\":\"SearchAction\",\"target\":{\"@type\":\"EntryPoint\",\"urlTemplate\":\"https:\\\/\\\/www.bellunopress.it\\\/?s={search_term_string}\"},\"query-input\":{\"@type\":\"PropertyValueSpecification\",\"valueRequired\":true,\"valueName\":\"search_term_string\"}}],\"inLanguage\":\"fr-FR\"},{\"@type\":\"Organization\",\"@id\":\"https:\\\/\\\/www.bellunopress.it\\\/#organization\",\"name\":\"Bellunopress\",\"url\":\"https:\\\/\\\/www.bellunopress.it\\\/\",\"logo\":{\"@type\":\"ImageObject\",\"inLanguage\":\"fr-FR\",\"@id\":\"https:\\\/\\\/www.bellunopress.it\\\/#\\\/schema\\\/logo\\\/image\\\/\",\"url\":\"https:\\\/\\\/www.bellunopress.it\\\/wp-content\\\/uploads\\\/2011\\\/05\\\/cropped-logo-bellunopress-.jpg\",\"contentUrl\":\"https:\\\/\\\/www.bellunopress.it\\\/wp-content\\\/uploads\\\/2011\\\/05\\\/cropped-logo-bellunopress-.jpg\",\"width\":512,\"height\":512,\"caption\":\"Bellunopress\"},\"image\":{\"@id\":\"https:\\\/\\\/www.bellunopress.it\\\/#\\\/schema\\\/logo\\\/image\\\/\"},\"sameAs\":[\"https:\\\/\\\/www.facebook.com\\\/profile.php?id=100008943462799\",\"https:\\\/\\\/x.com\\\/bellunopress\",\"https:\\\/\\\/www.linkedin.com\\\/hp\\\/?dnr=JBzUWaJfMUw8vbXJJ2tVW5-I3jZKvC4wsoxE&amp;amp;amp;amp;amp;amp;trk=nav_responsive_tab_home\",\"https:\\\/\\\/www.youtube.com\\\/channel\\\/UCxL0wu1uN0_3_7hGG0306cw\"]},{\"@type\":\"Person\",\"@id\":\"https:\\\/\\\/www.bellunopress.it\\\/#\\\/schema\\\/person\\\/79bb06722b37ece1c03d3e94beb30d73\",\"name\":\"redazione\",\"image\":{\"@type\":\"ImageObject\",\"inLanguage\":\"fr-FR\",\"@id\":\"https:\\\/\\\/secure.gravatar.com\\\/avatar\\\/37d968a2e67a6fd04c169c4bdef102d0bc5d31b2546345219e348575eb80e9a0?s=96&d=mm&r=g\",\"url\":\"https:\\\/\\\/secure.gravatar.com\\\/avatar\\\/37d968a2e67a6fd04c169c4bdef102d0bc5d31b2546345219e348575eb80e9a0?s=96&d=mm&r=g\",\"contentUrl\":\"https:\\\/\\\/secure.gravatar.com\\\/avatar\\\/37d968a2e67a6fd04c169c4bdef102d0bc5d31b2546345219e348575eb80e9a0?s=96&d=mm&r=g\",\"caption\":\"redazione\"},\"sameAs\":[\"http:\\\/\\\/www.bellunopress.it\",\"https:\\\/\\\/x.com\\\/bellunopress\"],\"url\":\"https:\\\/\\\/www.bellunopress.it\\\/fr\\\/author\\\/redazione\\\/\"}]}<\/script>\n<!-- \/ Yoast SEO plugin. -->","yoast_head_json":{"title":"L'ingegner Limone, padre della Lancia 037 e della Delta S4 a Belluno. Intervista al presidente Serafini - Bellunopress - Dolomiti","robots":{"index":"index","follow":"follow","max-snippet":"max-snippet:-1","max-image-preview":"max-image-preview:large","max-video-preview":"max-video-preview:-1"},"canonical":"https:\/\/www.bellunopress.it\/fr\/2026\/07\/07\/lingegner-limone-padre-della-lancia-037-e-della-delta-s4-a-belluno-intervista-al-presidente-serafini\/","og_locale":"fr_FR","og_type":"article","og_title":"L'ingegner Limone, padre della Lancia 037 e della Delta S4 a Belluno. Intervista al presidente Serafini - Bellunopress - Dolomiti","og_description":"Presidente Serafini, venerd\u00ec 10 luglio alle 18:30 al Centro Giovanni 23mo di Belluno sar\u00e0 presente l\u2019ingegner Sergio Limone. Che significato ha per il vostro Club accogliere una figura che ha letteralmente scritto la storia dell\u2019automobilismo italiano? \u00abOspitare Sergio Limone non \u00e8 solo un onore, \u00e8 un privilegio culturale. Limone non \u00e8 soltanto un tecnico, \u00e8 [&hellip;]","og_url":"https:\/\/www.bellunopress.it\/fr\/2026\/07\/07\/lingegner-limone-padre-della-lancia-037-e-della-delta-s4-a-belluno-intervista-al-presidente-serafini\/","og_site_name":"Bellunopress - Dolomiti","article_publisher":"https:\/\/www.facebook.com\/profile.php?id=100008943462799","article_published_time":"2026-07-07T18:24:17+00:00","article_modified_time":"2026-07-07T18:25:36+00:00","og_image":[{"width":600,"height":450,"url":"https:\/\/www.bellunopress.it\/wp-content\/uploads\/2026\/07\/Giuseppe-Serafini.jpeg","type":"image\/jpeg"}],"author":"redazione","twitter_card":"summary_large_image","twitter_creator":"@bellunopress","twitter_site":"@bellunopress","twitter_misc":{"\u00c9crit par":"redazione","Dur\u00e9e de lecture estim\u00e9e":"3 minutes"},"schema":{"@context":"https:\/\/schema.org","@graph":[{"@type":"Article","@id":"https:\/\/www.bellunopress.it\/2026\/07\/07\/lingegner-limone-padre-della-lancia-037-e-della-delta-s4-a-belluno-intervista-al-presidente-serafini\/#article","isPartOf":{"@id":"https:\/\/www.bellunopress.it\/2026\/07\/07\/lingegner-limone-padre-della-lancia-037-e-della-delta-s4-a-belluno-intervista-al-presidente-serafini\/"},"author":{"name":"redazione","@id":"https:\/\/www.bellunopress.it\/#\/schema\/person\/79bb06722b37ece1c03d3e94beb30d73"},"headline":"L&#8217;ingegner Limone, padre della Lancia 037 e della Delta S4 a Belluno. Intervista al presidente Serafini","datePublished":"2026-07-07T18:24:17+00:00","dateModified":"2026-07-07T18:25:36+00:00","mainEntityOfPage":{"@id":"https:\/\/www.bellunopress.it\/2026\/07\/07\/lingegner-limone-padre-della-lancia-037-e-della-delta-s4-a-belluno-intervista-al-presidente-serafini\/"},"wordCount":513,"publisher":{"@id":"https:\/\/www.bellunopress.it\/#organization"},"image":{"@id":"https:\/\/www.bellunopress.it\/2026\/07\/07\/lingegner-limone-padre-della-lancia-037-e-della-delta-s4-a-belluno-intervista-al-presidente-serafini\/#primaryimage"},"thumbnailUrl":"https:\/\/www.bellunopress.it\/wp-content\/uploads\/2026\/07\/Giuseppe-Serafini.jpeg","articleSection":["Appuntamenti, Eventi","Pausa Caff\u00e8"],"inLanguage":"fr-FR"},{"@type":"WebPage","@id":"https:\/\/www.bellunopress.it\/2026\/07\/07\/lingegner-limone-padre-della-lancia-037-e-della-delta-s4-a-belluno-intervista-al-presidente-serafini\/","url":"https:\/\/www.bellunopress.it\/2026\/07\/07\/lingegner-limone-padre-della-lancia-037-e-della-delta-s4-a-belluno-intervista-al-presidente-serafini\/","name":"L'ingegner Limone, padre della Lancia 037 e della Delta S4 a Belluno. Intervista al presidente Serafini - Bellunopress - Dolomiti","isPartOf":{"@id":"https:\/\/www.bellunopress.it\/#website"},"primaryImageOfPage":{"@id":"https:\/\/www.bellunopress.it\/2026\/07\/07\/lingegner-limone-padre-della-lancia-037-e-della-delta-s4-a-belluno-intervista-al-presidente-serafini\/#primaryimage"},"image":{"@id":"https:\/\/www.bellunopress.it\/2026\/07\/07\/lingegner-limone-padre-della-lancia-037-e-della-delta-s4-a-belluno-intervista-al-presidente-serafini\/#primaryimage"},"thumbnailUrl":"https:\/\/www.bellunopress.it\/wp-content\/uploads\/2026\/07\/Giuseppe-Serafini.jpeg","datePublished":"2026-07-07T18:24:17+00:00","dateModified":"2026-07-07T18:25:36+00:00","breadcrumb":{"@id":"https:\/\/www.bellunopress.it\/2026\/07\/07\/lingegner-limone-padre-della-lancia-037-e-della-delta-s4-a-belluno-intervista-al-presidente-serafini\/#breadcrumb"},"inLanguage":"fr-FR","potentialAction":[{"@type":"ReadAction","target":["https:\/\/www.bellunopress.it\/2026\/07\/07\/lingegner-limone-padre-della-lancia-037-e-della-delta-s4-a-belluno-intervista-al-presidente-serafini\/"]}]},{"@type":"ImageObject","inLanguage":"fr-FR","@id":"https:\/\/www.bellunopress.it\/2026\/07\/07\/lingegner-limone-padre-della-lancia-037-e-della-delta-s4-a-belluno-intervista-al-presidente-serafini\/#primaryimage","url":"https:\/\/www.bellunopress.it\/wp-content\/uploads\/2026\/07\/Giuseppe-Serafini.jpeg","contentUrl":"https:\/\/www.bellunopress.it\/wp-content\/uploads\/2026\/07\/Giuseppe-Serafini.jpeg","width":600,"height":450,"caption":"Giuseppe Serafini, Presidente del Registro Storico Ducati, Club Federato ASI e del Gentleman Club Drivers Belluno"},{"@type":"BreadcrumbList","@id":"https:\/\/www.bellunopress.it\/2026\/07\/07\/lingegner-limone-padre-della-lancia-037-e-della-delta-s4-a-belluno-intervista-al-presidente-serafini\/#breadcrumb","itemListElement":[{"@type":"ListItem","position":1,"name":"Home","item":"https:\/\/www.bellunopress.it\/"},{"@type":"ListItem","position":2,"name":"L&#8217;ingegner Limone, padre della Lancia 037 e della Delta S4 a Belluno. Intervista al presidente Serafini"}]},{"@type":"WebSite","@id":"https:\/\/www.bellunopress.it\/#website","url":"https:\/\/www.bellunopress.it\/","name":"Bellunopress - Dolomiti","description":"e-mail: redazione@bellunopress.it","publisher":{"@id":"https:\/\/www.bellunopress.it\/#organization"},"potentialAction":[{"@type":"SearchAction","target":{"@type":"EntryPoint","urlTemplate":"https:\/\/www.bellunopress.it\/?s={search_term_string}"},"query-input":{"@type":"PropertyValueSpecification","valueRequired":true,"valueName":"search_term_string"}}],"inLanguage":"fr-FR"},{"@type":"Organization","@id":"https:\/\/www.bellunopress.it\/#organization","name":"Bellunopress","url":"https:\/\/www.bellunopress.it\/","logo":{"@type":"ImageObject","inLanguage":"fr-FR","@id":"https:\/\/www.bellunopress.it\/#\/schema\/logo\/image\/","url":"https:\/\/www.bellunopress.it\/wp-content\/uploads\/2011\/05\/cropped-logo-bellunopress-.jpg","contentUrl":"https:\/\/www.bellunopress.it\/wp-content\/uploads\/2011\/05\/cropped-logo-bellunopress-.jpg","width":512,"height":512,"caption":"Bellunopress"},"image":{"@id":"https:\/\/www.bellunopress.it\/#\/schema\/logo\/image\/"},"sameAs":["https:\/\/www.facebook.com\/profile.php?id=100008943462799","https:\/\/x.com\/bellunopress","https:\/\/www.linkedin.com\/hp\/?dnr=JBzUWaJfMUw8vbXJJ2tVW5-I3jZKvC4wsoxE&amp;amp;amp;amp;amp;amp;trk=nav_responsive_tab_home","https:\/\/www.youtube.com\/channel\/UCxL0wu1uN0_3_7hGG0306cw"]},{"@type":"Person","@id":"https:\/\/www.bellunopress.it\/#\/schema\/person\/79bb06722b37ece1c03d3e94beb30d73","name":"r\u00e9daction","image":{"@type":"ImageObject","inLanguage":"fr-FR","@id":"https:\/\/secure.gravatar.com\/avatar\/37d968a2e67a6fd04c169c4bdef102d0bc5d31b2546345219e348575eb80e9a0?s=96&d=mm&r=g","url":"https:\/\/secure.gravatar.com\/avatar\/37d968a2e67a6fd04c169c4bdef102d0bc5d31b2546345219e348575eb80e9a0?s=96&d=mm&r=g","contentUrl":"https:\/\/secure.gravatar.com\/avatar\/37d968a2e67a6fd04c169c4bdef102d0bc5d31b2546345219e348575eb80e9a0?s=96&d=mm&r=g","caption":"redazione"},"sameAs":["http:\/\/www.bellunopress.it","https:\/\/x.com\/bellunopress"],"url":"https:\/\/www.bellunopress.it\/fr\/author\/redazione\/"}]}},"_links":{"self":[{"href":"https:\/\/www.bellunopress.it\/fr\/wp-json\/wp\/v2\/posts\/171762","targetHints":{"allow":["GET"]}}],"collection":[{"href":"https:\/\/www.bellunopress.it\/fr\/wp-json\/wp\/v2\/posts"}],"about":[{"href":"https:\/\/www.bellunopress.it\/fr\/wp-json\/wp\/v2\/types\/post"}],"author":[{"embeddable":true,"href":"https:\/\/www.bellunopress.it\/fr\/wp-json\/wp\/v2\/users\/2"}],"replies":[{"embeddable":true,"href":"https:\/\/www.bellunopress.it\/fr\/wp-json\/wp\/v2\/comments?post=171762"}],"version-history":[{"count":2,"href":"https:\/\/www.bellunopress.it\/fr\/wp-json\/wp\/v2\/posts\/171762\/revisions"}],"predecessor-version":[{"id":171765,"href":"https:\/\/www.bellunopress.it\/fr\/wp-json\/wp\/v2\/posts\/171762\/revisions\/171765"}],"wp:featuredmedia":[{"embeddable":true,"href":"https:\/\/www.bellunopress.it\/fr\/wp-json\/wp\/v2\/media\/171763"}],"wp:attachment":[{"href":"https:\/\/www.bellunopress.it\/fr\/wp-json\/wp\/v2\/media?parent=171762"}],"wp:term":[{"taxonomy":"category","embeddable":true,"href":"https:\/\/www.bellunopress.it\/fr\/wp-json\/wp\/v2\/categories?post=171762"},{"taxonomy":"post_tag","embeddable":true,"href":"https:\/\/www.bellunopress.it\/fr\/wp-json\/wp\/v2\/tags?post=171762"}],"curies":[{"name":"wp","href":"https:\/\/api.w.org\/{rel}","templated":true}]}}