{"id":171756,"date":"2026-07-07T16:50:30","date_gmt":"2026-07-07T14:50:30","guid":{"rendered":"https:\/\/www.bellunopress.it\/?p=171756"},"modified":"2026-07-07T16:50:44","modified_gmt":"2026-07-07T14:50:44","slug":"171756","status":"publish","type":"post","link":"https:\/\/www.bellunopress.it\/fr\/2026\/07\/07\/171756\/","title":{"rendered":"Tpl, Belluno bacino autonomo. Del Bianco (Pd): &#8220;Bond ne rivendica il merito, ma la decisione \u00e8 arrivata dopo il nostro pressing.\u00a0 Ora bisogna riprendere in mano il controllo di Dolomitibus&#8221;"},"content":{"rendered":"<p>Venezia, 7 luglio 2026 &#8211;\u00a0\u00abLa decisione di individuare Belluno come bacino territoriale autonomo dei servizi di trasporto pubblico locale non \u00e8 stata il frutto di una scelta operata a monte dalla Giunta regionale che, anzi, nella sua proposta iniziale prevedeva la fusione con Treviso. \u00c8 invece il risultato di un pressing politico che ha coinvolto tutto il territorio e che noi, fin dal primo momento di questa delicata partita, abbiamo portato avanti con determinazione, a partire dalla mozione presentata in Consiglio provinciale dal gruppo Futura Centrosinistra Bellunese.<\/p>\n<p>Bene che l&#8217;assessore Bond rivendichi la bont\u00e0 di questa battaglia, ma sarebbe stato meglio se avesse condiviso prima la sua linea di pensiero con la consigliera Silvia Calligaro che, in sede di Commissione consiliare, si era espressa in maniera molto tiepida sull&#8217;autonomia del bacino di Belluno, arrivando a sostenere le ragioni di una fusione con Treviso. Fa un po&#8217; sorridere, dunque, che ora dai banchi di Fratelli d&#8217;Italia si rivendichi questo risultato\u00bb.<\/p>\n<p>Lo afferma il consigliere regionale del Pd, Alessandro Del Bianco, commentando la presa di posizione dell&#8217;assessore regionale alla Montagna a seguito dell&#8217;approvazione, da parte della Giunta, della proposta di ridefinizione dei bacini territoriali ottimali e omogenei del trasporto pubblico locale.<\/p>\n<p>\u00abOra che la soluzione del bacino autonomo bellunese \u00e8 stata raggiunta, bisogna rilanciare questa scelta facendo valere davvero l&#8217;operativit\u00e0 della futura Agenzia dei Trasporti, che dovr\u00e0 essere dotata di personale e risorse sufficienti per garantire una seria programmazione del trasporto pubblico locale. La sfida principale sar\u00e0 riprendere il vero controllo di Dolomitibus che, da quando \u00e8 passata a una maggioranza privata, si \u00e8 concentrata molto pi\u00f9 sugli utili che sulla qualit\u00e0 del servizio. Per noi questo \u00e8 inconcepibile. Evitato il rischio della fusione, che avrebbe azzerato la nostra capacit\u00e0 di programmazione autonoma, ora dobbiamo dimostrare di saperci far valere, pretendendo dalla societ\u00e0 un servizio pi\u00f9 adeguato. Non \u00e8 accettabile che l&#8217;azienda registri utili in forte crescita mentre, allo stesso tempo, si assiste al taglio delle corse. Bisogna riavviare gli investimenti e garantire un servizio efficiente al nostro territorio\u00bb.<\/p>","protected":false},"excerpt":{"rendered":"<p>Venezia, 7 luglio 2026 &#8211;\u00a0\u00abLa decisione di individuare Belluno come bacino territoriale autonomo dei servizi di trasporto pubblico locale non \u00e8 stata il frutto di una scelta operata a monte dalla Giunta regionale che, anzi, nella sua proposta iniziale prevedeva la fusione con Treviso. \u00c8 invece il risultato di un pressing politico che ha coinvolto [&hellip;]<\/p>\n","protected":false},"author":2,"featured_media":167703,"comment_status":"closed","ping_status":"open","sticky":false,"template":"","format":"standard","meta":{"footnotes":""},"categories":[5,26],"tags":[],"class_list":["post-171756","post","type-post","status-publish","format-standard","has-post-thumbnail","category-cronaca","category-prima-pagina"],"yoast_head":"<!-- This site is optimized with the Yoast SEO plugin v28.4 - https:\/\/yoast.com\/product\/yoast-seo-wordpress\/ -->\n<title>Tpl, Belluno bacino autonomo. Del Bianco (Pd): &quot;Bond ne rivendica il merito, ma la decisione \u00e8 arrivata dopo il nostro pressing.\u00a0 Ora bisogna riprendere in mano il controllo di Dolomitibus&quot; - Bellunopress - Dolomiti<\/title>\n<meta name=\"robots\" content=\"index, follow, max-snippet:-1, max-image-preview:large, max-video-preview:-1\" \/>\n<link rel=\"canonical\" href=\"https:\/\/www.bellunopress.it\/fr\/2026\/07\/07\/171756\/\" \/>\n<meta property=\"og:locale\" content=\"fr_FR\" \/>\n<meta property=\"og:type\" content=\"article\" \/>\n<meta property=\"og:title\" content=\"Tpl, Belluno bacino autonomo. Del Bianco (Pd): &quot;Bond ne rivendica il merito, ma la decisione \u00e8 arrivata dopo il nostro pressing.\u00a0 Ora bisogna riprendere in mano il controllo di Dolomitibus&quot; - Bellunopress - Dolomiti\" \/>\n<meta property=\"og:description\" content=\"Venezia, 7 luglio 2026 &#8211;\u00a0\u00abLa decisione di individuare Belluno come bacino territoriale autonomo dei servizi di trasporto pubblico locale non \u00e8 stata il frutto di una scelta operata a monte dalla Giunta regionale che, anzi, nella sua proposta iniziale prevedeva la fusione con Treviso. \u00c8 invece il risultato di un pressing politico che ha coinvolto [&hellip;]\" \/>\n<meta property=\"og:url\" content=\"https:\/\/www.bellunopress.it\/fr\/2026\/07\/07\/171756\/\" \/>\n<meta property=\"og:site_name\" content=\"Bellunopress - Dolomiti\" \/>\n<meta property=\"article:publisher\" content=\"https:\/\/www.facebook.com\/profile.php?id=100008943462799\" \/>\n<meta property=\"article:published_time\" content=\"2026-07-07T14:50:30+00:00\" \/>\n<meta property=\"article:modified_time\" content=\"2026-07-07T14:50:44+00:00\" \/>\n<meta property=\"og:image\" content=\"https:\/\/www.bellunopress.it\/wp-content\/uploads\/2026\/02\/Alessandro-Del-Bianco-consigliere-regionale-Pd.jpg\" \/>\n\t<meta property=\"og:image:width\" content=\"600\" \/>\n\t<meta property=\"og:image:height\" content=\"341\" \/>\n\t<meta property=\"og:image:type\" content=\"image\/jpeg\" \/>\n<meta name=\"author\" content=\"redazione\" \/>\n<meta name=\"twitter:card\" content=\"summary_large_image\" \/>\n<meta name=\"twitter:creator\" content=\"@bellunopress\" \/>\n<meta name=\"twitter:site\" content=\"@bellunopress\" \/>\n<meta name=\"twitter:label1\" content=\"\u00c9crit par\" \/>\n\t<meta name=\"twitter:data1\" content=\"redazione\" \/>\n\t<meta name=\"twitter:label2\" content=\"Dur\u00e9e de lecture estim\u00e9e\" \/>\n\t<meta name=\"twitter:data2\" content=\"2 minutes\" \/>\n<script type=\"application\/ld+json\" class=\"yoast-schema-graph\">{\"@context\":\"https:\\\/\\\/schema.org\",\"@graph\":[{\"@type\":\"Article\",\"@id\":\"https:\\\/\\\/www.bellunopress.it\\\/2026\\\/07\\\/07\\\/171756\\\/#article\",\"isPartOf\":{\"@id\":\"https:\\\/\\\/www.bellunopress.it\\\/2026\\\/07\\\/07\\\/171756\\\/\"},\"author\":{\"name\":\"redazione\",\"@id\":\"https:\\\/\\\/www.bellunopress.it\\\/#\\\/schema\\\/person\\\/79bb06722b37ece1c03d3e94beb30d73\"},\"headline\":\"Tpl, Belluno bacino autonomo. Del Bianco (Pd): &#8220;Bond ne rivendica il merito, ma la decisione \u00e8 arrivata dopo il nostro pressing.\u00a0 Ora bisogna riprendere in mano il controllo di Dolomitibus&#8221;\",\"datePublished\":\"2026-07-07T14:50:30+00:00\",\"dateModified\":\"2026-07-07T14:50:44+00:00\",\"mainEntityOfPage\":{\"@id\":\"https:\\\/\\\/www.bellunopress.it\\\/2026\\\/07\\\/07\\\/171756\\\/\"},\"wordCount\":365,\"publisher\":{\"@id\":\"https:\\\/\\\/www.bellunopress.it\\\/#organization\"},\"image\":{\"@id\":\"https:\\\/\\\/www.bellunopress.it\\\/2026\\\/07\\\/07\\\/171756\\\/#primaryimage\"},\"thumbnailUrl\":\"https:\\\/\\\/www.bellunopress.it\\\/wp-content\\\/uploads\\\/2026\\\/02\\\/Alessandro-Del-Bianco-consigliere-regionale-Pd.jpg\",\"articleSection\":[\"Cronaca\\\/Politica\",\"Prima Pagina\"],\"inLanguage\":\"fr-FR\"},{\"@type\":\"WebPage\",\"@id\":\"https:\\\/\\\/www.bellunopress.it\\\/2026\\\/07\\\/07\\\/171756\\\/\",\"url\":\"https:\\\/\\\/www.bellunopress.it\\\/2026\\\/07\\\/07\\\/171756\\\/\",\"name\":\"Tpl, Belluno bacino autonomo. Del Bianco (Pd): \\\"Bond ne rivendica il merito, ma la decisione \u00e8 arrivata dopo il nostro pressing.\u00a0 Ora bisogna riprendere in mano il controllo di Dolomitibus\\\" - Bellunopress - Dolomiti\",\"isPartOf\":{\"@id\":\"https:\\\/\\\/www.bellunopress.it\\\/#website\"},\"primaryImageOfPage\":{\"@id\":\"https:\\\/\\\/www.bellunopress.it\\\/2026\\\/07\\\/07\\\/171756\\\/#primaryimage\"},\"image\":{\"@id\":\"https:\\\/\\\/www.bellunopress.it\\\/2026\\\/07\\\/07\\\/171756\\\/#primaryimage\"},\"thumbnailUrl\":\"https:\\\/\\\/www.bellunopress.it\\\/wp-content\\\/uploads\\\/2026\\\/02\\\/Alessandro-Del-Bianco-consigliere-regionale-Pd.jpg\",\"datePublished\":\"2026-07-07T14:50:30+00:00\",\"dateModified\":\"2026-07-07T14:50:44+00:00\",\"breadcrumb\":{\"@id\":\"https:\\\/\\\/www.bellunopress.it\\\/2026\\\/07\\\/07\\\/171756\\\/#breadcrumb\"},\"inLanguage\":\"fr-FR\",\"potentialAction\":[{\"@type\":\"ReadAction\",\"target\":[\"https:\\\/\\\/www.bellunopress.it\\\/2026\\\/07\\\/07\\\/171756\\\/\"]}]},{\"@type\":\"ImageObject\",\"inLanguage\":\"fr-FR\",\"@id\":\"https:\\\/\\\/www.bellunopress.it\\\/2026\\\/07\\\/07\\\/171756\\\/#primaryimage\",\"url\":\"https:\\\/\\\/www.bellunopress.it\\\/wp-content\\\/uploads\\\/2026\\\/02\\\/Alessandro-Del-Bianco-consigliere-regionale-Pd.jpg\",\"contentUrl\":\"https:\\\/\\\/www.bellunopress.it\\\/wp-content\\\/uploads\\\/2026\\\/02\\\/Alessandro-Del-Bianco-consigliere-regionale-Pd.jpg\",\"width\":600,\"height\":341,\"caption\":\"Alessandro Del Bianco - Consigliere regionale\"},{\"@type\":\"BreadcrumbList\",\"@id\":\"https:\\\/\\\/www.bellunopress.it\\\/2026\\\/07\\\/07\\\/171756\\\/#breadcrumb\",\"itemListElement\":[{\"@type\":\"ListItem\",\"position\":1,\"name\":\"Home\",\"item\":\"https:\\\/\\\/www.bellunopress.it\\\/\"},{\"@type\":\"ListItem\",\"position\":2,\"name\":\"Tpl, Belluno bacino autonomo. Del Bianco (Pd): &#8220;Bond ne rivendica il merito, ma la decisione \u00e8 arrivata dopo il nostro pressing.\u00a0 Ora bisogna riprendere in mano il controllo di Dolomitibus&#8221;\"}]},{\"@type\":\"WebSite\",\"@id\":\"https:\\\/\\\/www.bellunopress.it\\\/#website\",\"url\":\"https:\\\/\\\/www.bellunopress.it\\\/\",\"name\":\"Bellunopress - Dolomiti\",\"description\":\"e-mail: redazione@bellunopress.it\",\"publisher\":{\"@id\":\"https:\\\/\\\/www.bellunopress.it\\\/#organization\"},\"potentialAction\":[{\"@type\":\"SearchAction\",\"target\":{\"@type\":\"EntryPoint\",\"urlTemplate\":\"https:\\\/\\\/www.bellunopress.it\\\/?s={search_term_string}\"},\"query-input\":{\"@type\":\"PropertyValueSpecification\",\"valueRequired\":true,\"valueName\":\"search_term_string\"}}],\"inLanguage\":\"fr-FR\"},{\"@type\":\"Organization\",\"@id\":\"https:\\\/\\\/www.bellunopress.it\\\/#organization\",\"name\":\"Bellunopress\",\"url\":\"https:\\\/\\\/www.bellunopress.it\\\/\",\"logo\":{\"@type\":\"ImageObject\",\"inLanguage\":\"fr-FR\",\"@id\":\"https:\\\/\\\/www.bellunopress.it\\\/#\\\/schema\\\/logo\\\/image\\\/\",\"url\":\"https:\\\/\\\/www.bellunopress.it\\\/wp-content\\\/uploads\\\/2011\\\/05\\\/cropped-logo-bellunopress-.jpg\",\"contentUrl\":\"https:\\\/\\\/www.bellunopress.it\\\/wp-content\\\/uploads\\\/2011\\\/05\\\/cropped-logo-bellunopress-.jpg\",\"width\":512,\"height\":512,\"caption\":\"Bellunopress\"},\"image\":{\"@id\":\"https:\\\/\\\/www.bellunopress.it\\\/#\\\/schema\\\/logo\\\/image\\\/\"},\"sameAs\":[\"https:\\\/\\\/www.facebook.com\\\/profile.php?id=100008943462799\",\"https:\\\/\\\/x.com\\\/bellunopress\",\"https:\\\/\\\/www.linkedin.com\\\/hp\\\/?dnr=JBzUWaJfMUw8vbXJJ2tVW5-I3jZKvC4wsoxE&amp;amp;amp;amp;amp;amp;trk=nav_responsive_tab_home\",\"https:\\\/\\\/www.youtube.com\\\/channel\\\/UCxL0wu1uN0_3_7hGG0306cw\"]},{\"@type\":\"Person\",\"@id\":\"https:\\\/\\\/www.bellunopress.it\\\/#\\\/schema\\\/person\\\/79bb06722b37ece1c03d3e94beb30d73\",\"name\":\"redazione\",\"image\":{\"@type\":\"ImageObject\",\"inLanguage\":\"fr-FR\",\"@id\":\"https:\\\/\\\/secure.gravatar.com\\\/avatar\\\/37d968a2e67a6fd04c169c4bdef102d0bc5d31b2546345219e348575eb80e9a0?s=96&d=mm&r=g\",\"url\":\"https:\\\/\\\/secure.gravatar.com\\\/avatar\\\/37d968a2e67a6fd04c169c4bdef102d0bc5d31b2546345219e348575eb80e9a0?s=96&d=mm&r=g\",\"contentUrl\":\"https:\\\/\\\/secure.gravatar.com\\\/avatar\\\/37d968a2e67a6fd04c169c4bdef102d0bc5d31b2546345219e348575eb80e9a0?s=96&d=mm&r=g\",\"caption\":\"redazione\"},\"sameAs\":[\"http:\\\/\\\/www.bellunopress.it\",\"https:\\\/\\\/x.com\\\/bellunopress\"],\"url\":\"https:\\\/\\\/www.bellunopress.it\\\/fr\\\/author\\\/redazione\\\/\"}]}<\/script>\n<!-- \/ Yoast SEO plugin. -->","yoast_head_json":{"title":"Tpl, Belluno bacino autonomo. Del Bianco (Pd): \"Bond ne rivendica il merito, ma la decisione \u00e8 arrivata dopo il nostro pressing.\u00a0 Ora bisogna riprendere in mano il controllo di Dolomitibus\" - Bellunopress - Dolomiti","robots":{"index":"index","follow":"follow","max-snippet":"max-snippet:-1","max-image-preview":"max-image-preview:large","max-video-preview":"max-video-preview:-1"},"canonical":"https:\/\/www.bellunopress.it\/fr\/2026\/07\/07\/171756\/","og_locale":"fr_FR","og_type":"article","og_title":"Tpl, Belluno bacino autonomo. Del Bianco (Pd): \"Bond ne rivendica il merito, ma la decisione \u00e8 arrivata dopo il nostro pressing.\u00a0 Ora bisogna riprendere in mano il controllo di Dolomitibus\" - Bellunopress - Dolomiti","og_description":"Venezia, 7 luglio 2026 &#8211;\u00a0\u00abLa decisione di individuare Belluno come bacino territoriale autonomo dei servizi di trasporto pubblico locale non \u00e8 stata il frutto di una scelta operata a monte dalla Giunta regionale che, anzi, nella sua proposta iniziale prevedeva la fusione con Treviso. \u00c8 invece il risultato di un pressing politico che ha coinvolto [&hellip;]","og_url":"https:\/\/www.bellunopress.it\/fr\/2026\/07\/07\/171756\/","og_site_name":"Bellunopress - Dolomiti","article_publisher":"https:\/\/www.facebook.com\/profile.php?id=100008943462799","article_published_time":"2026-07-07T14:50:30+00:00","article_modified_time":"2026-07-07T14:50:44+00:00","og_image":[{"width":600,"height":341,"url":"https:\/\/www.bellunopress.it\/wp-content\/uploads\/2026\/02\/Alessandro-Del-Bianco-consigliere-regionale-Pd.jpg","type":"image\/jpeg"}],"author":"redazione","twitter_card":"summary_large_image","twitter_creator":"@bellunopress","twitter_site":"@bellunopress","twitter_misc":{"\u00c9crit par":"redazione","Dur\u00e9e de lecture estim\u00e9e":"2 minutes"},"schema":{"@context":"https:\/\/schema.org","@graph":[{"@type":"Article","@id":"https:\/\/www.bellunopress.it\/2026\/07\/07\/171756\/#article","isPartOf":{"@id":"https:\/\/www.bellunopress.it\/2026\/07\/07\/171756\/"},"author":{"name":"redazione","@id":"https:\/\/www.bellunopress.it\/#\/schema\/person\/79bb06722b37ece1c03d3e94beb30d73"},"headline":"Tpl, Belluno bacino autonomo. Del Bianco (Pd): &#8220;Bond ne rivendica il merito, ma la decisione \u00e8 arrivata dopo il nostro pressing.\u00a0 Ora bisogna riprendere in mano il controllo di Dolomitibus&#8221;","datePublished":"2026-07-07T14:50:30+00:00","dateModified":"2026-07-07T14:50:44+00:00","mainEntityOfPage":{"@id":"https:\/\/www.bellunopress.it\/2026\/07\/07\/171756\/"},"wordCount":365,"publisher":{"@id":"https:\/\/www.bellunopress.it\/#organization"},"image":{"@id":"https:\/\/www.bellunopress.it\/2026\/07\/07\/171756\/#primaryimage"},"thumbnailUrl":"https:\/\/www.bellunopress.it\/wp-content\/uploads\/2026\/02\/Alessandro-Del-Bianco-consigliere-regionale-Pd.jpg","articleSection":["Cronaca\/Politica","Prima Pagina"],"inLanguage":"fr-FR"},{"@type":"WebPage","@id":"https:\/\/www.bellunopress.it\/2026\/07\/07\/171756\/","url":"https:\/\/www.bellunopress.it\/2026\/07\/07\/171756\/","name":"Tpl, Belluno bacino autonomo. Del Bianco (Pd): \"Bond ne rivendica il merito, ma la decisione \u00e8 arrivata dopo il nostro pressing.\u00a0 Ora bisogna riprendere in mano il controllo di Dolomitibus\" - Bellunopress - Dolomiti","isPartOf":{"@id":"https:\/\/www.bellunopress.it\/#website"},"primaryImageOfPage":{"@id":"https:\/\/www.bellunopress.it\/2026\/07\/07\/171756\/#primaryimage"},"image":{"@id":"https:\/\/www.bellunopress.it\/2026\/07\/07\/171756\/#primaryimage"},"thumbnailUrl":"https:\/\/www.bellunopress.it\/wp-content\/uploads\/2026\/02\/Alessandro-Del-Bianco-consigliere-regionale-Pd.jpg","datePublished":"2026-07-07T14:50:30+00:00","dateModified":"2026-07-07T14:50:44+00:00","breadcrumb":{"@id":"https:\/\/www.bellunopress.it\/2026\/07\/07\/171756\/#breadcrumb"},"inLanguage":"fr-FR","potentialAction":[{"@type":"ReadAction","target":["https:\/\/www.bellunopress.it\/2026\/07\/07\/171756\/"]}]},{"@type":"ImageObject","inLanguage":"fr-FR","@id":"https:\/\/www.bellunopress.it\/2026\/07\/07\/171756\/#primaryimage","url":"https:\/\/www.bellunopress.it\/wp-content\/uploads\/2026\/02\/Alessandro-Del-Bianco-consigliere-regionale-Pd.jpg","contentUrl":"https:\/\/www.bellunopress.it\/wp-content\/uploads\/2026\/02\/Alessandro-Del-Bianco-consigliere-regionale-Pd.jpg","width":600,"height":341,"caption":"Alessandro Del Bianco - Consigliere regionale"},{"@type":"BreadcrumbList","@id":"https:\/\/www.bellunopress.it\/2026\/07\/07\/171756\/#breadcrumb","itemListElement":[{"@type":"ListItem","position":1,"name":"Home","item":"https:\/\/www.bellunopress.it\/"},{"@type":"ListItem","position":2,"name":"Tpl, Belluno bacino autonomo. Del Bianco (Pd): &#8220;Bond ne rivendica il merito, ma la decisione \u00e8 arrivata dopo il nostro pressing.\u00a0 Ora bisogna riprendere in mano il controllo di Dolomitibus&#8221;"}]},{"@type":"WebSite","@id":"https:\/\/www.bellunopress.it\/#website","url":"https:\/\/www.bellunopress.it\/","name":"Bellunopress - Dolomiti","description":"e-mail: redazione@bellunopress.it","publisher":{"@id":"https:\/\/www.bellunopress.it\/#organization"},"potentialAction":[{"@type":"SearchAction","target":{"@type":"EntryPoint","urlTemplate":"https:\/\/www.bellunopress.it\/?s={search_term_string}"},"query-input":{"@type":"PropertyValueSpecification","valueRequired":true,"valueName":"search_term_string"}}],"inLanguage":"fr-FR"},{"@type":"Organization","@id":"https:\/\/www.bellunopress.it\/#organization","name":"Bellunopress","url":"https:\/\/www.bellunopress.it\/","logo":{"@type":"ImageObject","inLanguage":"fr-FR","@id":"https:\/\/www.bellunopress.it\/#\/schema\/logo\/image\/","url":"https:\/\/www.bellunopress.it\/wp-content\/uploads\/2011\/05\/cropped-logo-bellunopress-.jpg","contentUrl":"https:\/\/www.bellunopress.it\/wp-content\/uploads\/2011\/05\/cropped-logo-bellunopress-.jpg","width":512,"height":512,"caption":"Bellunopress"},"image":{"@id":"https:\/\/www.bellunopress.it\/#\/schema\/logo\/image\/"},"sameAs":["https:\/\/www.facebook.com\/profile.php?id=100008943462799","https:\/\/x.com\/bellunopress","https:\/\/www.linkedin.com\/hp\/?dnr=JBzUWaJfMUw8vbXJJ2tVW5-I3jZKvC4wsoxE&amp;amp;amp;amp;amp;amp;trk=nav_responsive_tab_home","https:\/\/www.youtube.com\/channel\/UCxL0wu1uN0_3_7hGG0306cw"]},{"@type":"Person","@id":"https:\/\/www.bellunopress.it\/#\/schema\/person\/79bb06722b37ece1c03d3e94beb30d73","name":"r\u00e9daction","image":{"@type":"ImageObject","inLanguage":"fr-FR","@id":"https:\/\/secure.gravatar.com\/avatar\/37d968a2e67a6fd04c169c4bdef102d0bc5d31b2546345219e348575eb80e9a0?s=96&d=mm&r=g","url":"https:\/\/secure.gravatar.com\/avatar\/37d968a2e67a6fd04c169c4bdef102d0bc5d31b2546345219e348575eb80e9a0?s=96&d=mm&r=g","contentUrl":"https:\/\/secure.gravatar.com\/avatar\/37d968a2e67a6fd04c169c4bdef102d0bc5d31b2546345219e348575eb80e9a0?s=96&d=mm&r=g","caption":"redazione"},"sameAs":["http:\/\/www.bellunopress.it","https:\/\/x.com\/bellunopress"],"url":"https:\/\/www.bellunopress.it\/fr\/author\/redazione\/"}]}},"_links":{"self":[{"href":"https:\/\/www.bellunopress.it\/fr\/wp-json\/wp\/v2\/posts\/171756","targetHints":{"allow":["GET"]}}],"collection":[{"href":"https:\/\/www.bellunopress.it\/fr\/wp-json\/wp\/v2\/posts"}],"about":[{"href":"https:\/\/www.bellunopress.it\/fr\/wp-json\/wp\/v2\/types\/post"}],"author":[{"embeddable":true,"href":"https:\/\/www.bellunopress.it\/fr\/wp-json\/wp\/v2\/users\/2"}],"replies":[{"embeddable":true,"href":"https:\/\/www.bellunopress.it\/fr\/wp-json\/wp\/v2\/comments?post=171756"}],"version-history":[{"count":2,"href":"https:\/\/www.bellunopress.it\/fr\/wp-json\/wp\/v2\/posts\/171756\/revisions"}],"predecessor-version":[{"id":171758,"href":"https:\/\/www.bellunopress.it\/fr\/wp-json\/wp\/v2\/posts\/171756\/revisions\/171758"}],"wp:featuredmedia":[{"embeddable":true,"href":"https:\/\/www.bellunopress.it\/fr\/wp-json\/wp\/v2\/media\/167703"}],"wp:attachment":[{"href":"https:\/\/www.bellunopress.it\/fr\/wp-json\/wp\/v2\/media?parent=171756"}],"wp:term":[{"taxonomy":"category","embeddable":true,"href":"https:\/\/www.bellunopress.it\/fr\/wp-json\/wp\/v2\/categories?post=171756"},{"taxonomy":"post_tag","embeddable":true,"href":"https:\/\/www.bellunopress.it\/fr\/wp-json\/wp\/v2\/tags?post=171756"}],"curies":[{"name":"wp","href":"https:\/\/api.w.org\/{rel}","templated":true}]}}