{"id":171749,"date":"2026-07-07T16:04:59","date_gmt":"2026-07-07T14:04:59","guid":{"rendered":"https:\/\/www.bellunopress.it\/?p=171749"},"modified":"2026-07-07T16:04:59","modified_gmt":"2026-07-07T14:04:59","slug":"miss-moto-fmx-ponte-nelle-alpi-si-prepara-a-un-weekend-di-sport-spettacolo-e-solidarieta","status":"publish","type":"post","link":"https:\/\/www.bellunopress.it\/fr\/2026\/07\/07\/miss-moto-fmx-ponte-nelle-alpi-si-prepara-a-un-weekend-di-sport-spettacolo-e-solidarieta\/","title":{"rendered":"Miss &#038; Moto FMX. Ponte nelle Alpi si prepara a un weekend di sport, spettacolo e solidariet\u00e0"},"content":{"rendered":"<p data-path-to-node=\"3\">Ponte delle Alpi, 7 luglio 2026 \u2013 Dopo lo straordinario successo dell\u2019edizione passata, che ha visto una grandissima partecipazione di pubblico, l\u2019amministrazione comunale ha scelto nuovamente di accogliere nel proprio territorio questo prestigioso evento, sottolineando la volont\u00e0 di sostenere iniziative che integrano promozione turistica e valori positivi. Cos\u00ec il Comune di Ponte nelle Alpi si appresta a vivere un fine settimana all&#8217;insegna del grande spettacolo con la seconda edizione di &#8220;Miss &amp; Moto FMX&#8221;, un evento che unisce la bellezza, il talento e l&#8217;adrenalina.<\/p>\n<p id=\"p-rc_5971878f5ffc32c3-41\" data-path-to-node=\"5\">La manifestazione, organizzata sotto la direzione artistica di Antonella Marcon, manager di Miss Mondo Italia per il Veneto e il Trentino-Alto Adige, animer\u00e0 lo Stadio Comunale U. Orzes con un calendario ricco di appuntamenti:<\/p>\n<ul data-path-to-node=\"6\">\n<li>\n<p id=\"p-rc_5971878f5ffc32c3-42\" data-path-to-node=\"6,0,0\"><strong>Venerd\u00ec 24 luglio 2026:<\/strong> A partire dalle 18:00, spazio al divertimento con il torneo di Bubble Soccer (max 4 vs 4 persone; per info e iscrizioni rivolgersi all&#8217;URP del Comune al numero 0437 9866). La serata proseguir\u00e0 alle 21:30 con &#8220;Time to Dance&#8221; e l&#8217;intrattenimento di Tizinno Fabris D.J..<\/p>\n<\/li>\n<li>\n<p id=\"p-rc_5971878f5ffc32c3-43\" data-path-to-node=\"6,1,0\"><span data-path-to-node=\"6,1,0,0\"><b data-path-to-node=\"6,1,0,0\" data-index-in-node=\"0\">Sabato 25 luglio 2026:<\/b> Il clou dell&#8217;evento inizier\u00e0 alle 20:30 con la selezione provinciale di Miss Mondo. La serata, presentata da Matteo Tosi, vedr\u00e0 protagoniste le aspiranti Miss in un contesto che celebra non solo la bellezza esteriore, ma anche il talento, l&#8217;aspirazione e la personalit\u00e0<\/span>. Ad arricchire lo show, le spettacolari performance di salti acrobatici del gruppo di Matteo Botteon e la musica di D.J. M. Casagrande (BdN 1990).<\/p>\n<\/li>\n<\/ul>\n<p id=\"p-rc_5971878f5ffc32c3-44\" data-path-to-node=\"7\"><span data-path-to-node=\"7,0\">Durante entrambe le giornate, nel piazzale dello stadio, sar\u00e0 presente lo Street Food per accompagnare i visitatori tra bevande e proposte gastronomiche<\/span><span data-path-to-node=\"7,2\">.<\/span><\/p>\n<p data-path-to-node=\"7\">Un ringraziamento speciale \u00e8 stato rivolto alla famiglia Della Coletta, dagli assessori del Comune di Ponte nelle Alpi, Mariangela Sommacal e Fabrizio Fontana, per l&#8217;accoglienza dell\u2019evento.<\/p>\n<figure id=\"attachment_171751\" aria-describedby=\"caption-attachment-171751\" style=\"width: 450px\" class=\"wp-caption aligncenter\"><img loading=\"lazy\" decoding=\"async\" class=\"size-full wp-image-171751\" src=\"https:\/\/www.bellunopress.it\/wp-content\/uploads\/2026\/07\/MIss-Castello-1.jpg\" alt=\"\" width=\"450\" height=\"600\" srcset=\"https:\/\/www.bellunopress.it\/wp-content\/uploads\/2026\/07\/MIss-Castello-1.jpg 450w, https:\/\/www.bellunopress.it\/wp-content\/uploads\/2026\/07\/MIss-Castello-1-375x500.jpg 375w, https:\/\/www.bellunopress.it\/wp-content\/uploads\/2026\/07\/MIss-Castello-1-315x420.jpg 315w, https:\/\/www.bellunopress.it\/wp-content\/uploads\/2026\/07\/MIss-Castello-1-150x200.jpg 150w, https:\/\/www.bellunopress.it\/wp-content\/uploads\/2026\/07\/MIss-Castello-1-300x400.jpg 300w\" sizes=\"auto, (max-width: 450px) 100vw, 450px\" \/><figcaption id=\"caption-attachment-171751\" class=\"wp-caption-text\">Anna Lazzaretti, Miss Mondo Veneto 2026 (al centro), Anna Mariotto, Miss World Talent Veneto Winner (a sinistra), e Caterina Noghera, sesta classificata alla finale nazionale (sulla destra).<\/figcaption><\/figure>\n<h3 data-path-to-node=\"2\">Miss Mondo: non solo bellezza, un palcoscenico per il talento e la solidariet\u00e0<\/h3>\n<p>Per iscrizioni: <a href=\"https:\/\/www.missmondo.it\/\">https:\/\/www.missmondo.it\/ <\/a><\/p>\n<p id=\"p-rc_895f62306f0d802b-57\" data-path-to-node=\"4\"><span data-path-to-node=\"4,0\">Nato nel 1951, Miss Mondo non \u00e8 solo il concorso di bellezza pi\u00f9 antico e prestigioso del pianeta, ma un evento che, coinvolgendo oltre 140 nazioni, si evolve costantemente per celebrare il talento, l&#8217;aspirazione, lo sport, la cultura e lo spettacolo<\/span>. Lungi dall&#8217;essere una semplice passerella, la manifestazione si propone come una vera e propria palestra di vita per le giovani concorrenti.<\/p>\n<p id=\"p-rc_895f62306f0d802b-58\" data-path-to-node=\"6\">Il cuore pulsante del concorso risiede nel messaggio &#8220;La bellezza con uno scopo&#8221;<span data-path-to-node=\"6,2\">. Le partecipanti sono incoraggiate a utilizzare la propria voce e le proprie capacit\u00e0 per sostenere cause benefiche e sociali, dalla lotta contro la violenza sulle donne al supporto verso persone ammalate o portatrici di handicap<\/span><span data-path-to-node=\"6,4\">.<\/span><\/p>\n<p id=\"p-rc_895f62306f0d802b-59\" data-path-to-node=\"7\"><span data-path-to-node=\"7,0\">Come sottolineato dal management, l&#8217;autentica bellezza va ben oltre l&#8217;aspetto esteriore: \u00e8 una luce interiore, fatta di personalit\u00e0, determinazione, eleganza e impegno<\/span><span data-path-to-node=\"7,2\">. Quando questo mix si sposa con il talento, le concorrenti diventano capaci di trasmettere messaggi potenti, influenzando positivamente il proprio contesto<\/span><span data-path-to-node=\"7,4\">.<\/span><\/p>\n<p data-path-to-node=\"8\"><span data-path-to-node=\"9,0\">Dietro la complessa macchina organizzativa di Miss Mondo in Veneto c&#8217;\u00e8 Antonella Marcon, manager regionale e fondatrice di <i data-path-to-node=\"9,0\" data-index-in-node=\"123\">Antonella Academy Agency<\/i><\/span><span data-path-to-node=\"9,2\">. Creative manager dalla lunga esperienza nel campo dello spettacolo, Marcon promuove da anni il territorio veneto, abbinando la moda a progetti culturali, enogastronomici, sportivi e di solidariet\u00e0, con un occhio di riguardo all&#8217;ecosostenibilit\u00e0<\/span><span data-path-to-node=\"9,4\">. <\/span>Matteo Botteon, campione che detiene record mondiali con la sua squadra, protagonista di un emozionante momento dedicato al moto freestyle, che si terr\u00e0 il 25 luglio.\u00a0Marco Farinella, partner fondamentale per l\u2019organizzazione e la gestione degli aspetti social dell\u2019evento, il cui contributo \u00e8 essenziale per il successo della manifestazione.<\/p>\n<p id=\"p-rc_895f62306f0d802b-61\" data-path-to-node=\"10\"><span data-path-to-node=\"10,0\">Nelle selezioni provinciali e nelle finali regionali, le aspiranti Miss provenienti da ogni angolo della regione si mettono alla prova in diverse discipline: dal talento allo sport, dai social media al set fotografico, fino alla cura di outfit e make-up<\/span><span data-path-to-node=\"10,2\">.<\/span><\/p>\n<p id=\"p-rc_895f62306f0d802b-62\" data-path-to-node=\"12\"><span data-path-to-node=\"12,0\">L&#8217;obiettivo finale, la nomina di Miss Mondo Veneto, non premia semplicemente la ragazza pi\u00f9 bella, ma colei che spicca per talento e personalit\u00e0, diventando un modello positivo per la propria generazione<\/span><span data-path-to-node=\"12,2\">. <\/span><\/p>\n<p data-path-to-node=\"12\"><span data-path-to-node=\"12,2\">A testimonianza dell&#8217;alto livello raggiunto, l&#8217;attuale edizione vanta figure di spicco come Anna Lazzaretti, Miss Mondo Veneto 2026, Anna Mariotto, Miss World Talent Veneto Winner, e Caterina Noghera, sesta classificata alla finale nazionale, grande amante della montagna e dello sci alpino.<\/span><\/p>\n<p id=\"p-rc_895f62306f0d802b-63\" data-path-to-node=\"13\"><span data-path-to-node=\"13,0\">Un percorso, quello di Miss Mondo, che continua a valorizzare le qualit\u00e0 umane, dimostrando che la vera eccellenza nasce dalla sensibilit\u00e0 e dal desiderio di fare la differenza per gli altri<\/span><span data-path-to-node=\"13,2\">.<\/span><\/p>","protected":false},"excerpt":{"rendered":"<p>Ponte delle Alpi, 7 luglio 2026 \u2013 Dopo lo straordinario successo dell\u2019edizione passata, che ha visto una grandissima partecipazione di pubblico, l\u2019amministrazione comunale ha scelto nuovamente di accogliere nel proprio territorio questo prestigioso evento, sottolineando la volont\u00e0 di sostenere iniziative che integrano promozione turistica e valori positivi. Cos\u00ec il Comune di Ponte nelle Alpi si [&hellip;]<\/p>\n","protected":false},"author":2,"featured_media":171752,"comment_status":"closed","ping_status":"open","sticky":false,"template":"","format":"standard","meta":{"footnotes":""},"categories":[27,3,25],"tags":[],"class_list":["post-171749","post","type-post","status-publish","format-standard","has-post-thumbnail","category-appuntamenti","category-arte-cultura-spettacoli-scienza-archivi","category-pausa-caffe"],"yoast_head":"<!-- This site is optimized with the Yoast SEO plugin v28.4 - https:\/\/yoast.com\/product\/yoast-seo-wordpress\/ -->\n<title>Miss &amp; Moto FMX. Ponte nelle Alpi si prepara a un weekend di sport, spettacolo e solidariet\u00e0 - Bellunopress - Dolomiti<\/title>\n<meta name=\"robots\" content=\"index, follow, max-snippet:-1, max-image-preview:large, max-video-preview:-1\" \/>\n<link rel=\"canonical\" href=\"https:\/\/www.bellunopress.it\/fr\/2026\/07\/07\/miss-moto-fmx-ponte-nelle-alpi-si-prepara-a-un-weekend-di-sport-spettacolo-e-solidarieta\/\" \/>\n<meta property=\"og:locale\" content=\"fr_FR\" \/>\n<meta property=\"og:type\" content=\"article\" \/>\n<meta property=\"og:title\" content=\"Miss &amp; Moto FMX. Ponte nelle Alpi si prepara a un weekend di sport, spettacolo e solidariet\u00e0 - Bellunopress - Dolomiti\" \/>\n<meta property=\"og:description\" content=\"Ponte delle Alpi, 7 luglio 2026 \u2013 Dopo lo straordinario successo dell\u2019edizione passata, che ha visto una grandissima partecipazione di pubblico, l\u2019amministrazione comunale ha scelto nuovamente di accogliere nel proprio territorio questo prestigioso evento, sottolineando la volont\u00e0 di sostenere iniziative che integrano promozione turistica e valori positivi. Cos\u00ec il Comune di Ponte nelle Alpi si [&hellip;]\" \/>\n<meta property=\"og:url\" content=\"https:\/\/www.bellunopress.it\/fr\/2026\/07\/07\/miss-moto-fmx-ponte-nelle-alpi-si-prepara-a-un-weekend-di-sport-spettacolo-e-solidarieta\/\" \/>\n<meta property=\"og:site_name\" content=\"Bellunopress - Dolomiti\" \/>\n<meta property=\"article:publisher\" content=\"https:\/\/www.facebook.com\/profile.php?id=100008943462799\" \/>\n<meta property=\"article:published_time\" content=\"2026-07-07T14:04:59+00:00\" \/>\n<meta property=\"og:image\" content=\"https:\/\/www.bellunopress.it\/wp-content\/uploads\/2026\/07\/conferenza-di-presentazione-miss.jpg\" \/>\n\t<meta property=\"og:image:width\" content=\"500\" \/>\n\t<meta property=\"og:image:height\" content=\"386\" \/>\n\t<meta property=\"og:image:type\" content=\"image\/jpeg\" \/>\n<meta name=\"author\" content=\"redazione\" \/>\n<meta name=\"twitter:card\" content=\"summary_large_image\" \/>\n<meta name=\"twitter:creator\" content=\"@bellunopress\" \/>\n<meta name=\"twitter:site\" content=\"@bellunopress\" \/>\n<meta name=\"twitter:label1\" content=\"\u00c9crit par\" \/>\n\t<meta name=\"twitter:data1\" content=\"redazione\" \/>\n\t<meta name=\"twitter:label2\" content=\"Dur\u00e9e de lecture estim\u00e9e\" \/>\n\t<meta name=\"twitter:data2\" content=\"5 minutes\" \/>\n<script type=\"application\/ld+json\" class=\"yoast-schema-graph\">{\"@context\":\"https:\\\/\\\/schema.org\",\"@graph\":[{\"@type\":\"Article\",\"@id\":\"https:\\\/\\\/www.bellunopress.it\\\/2026\\\/07\\\/07\\\/miss-moto-fmx-ponte-nelle-alpi-si-prepara-a-un-weekend-di-sport-spettacolo-e-solidarieta\\\/#article\",\"isPartOf\":{\"@id\":\"https:\\\/\\\/www.bellunopress.it\\\/2026\\\/07\\\/07\\\/miss-moto-fmx-ponte-nelle-alpi-si-prepara-a-un-weekend-di-sport-spettacolo-e-solidarieta\\\/\"},\"author\":{\"name\":\"redazione\",\"@id\":\"https:\\\/\\\/www.bellunopress.it\\\/#\\\/schema\\\/person\\\/79bb06722b37ece1c03d3e94beb30d73\"},\"headline\":\"Miss &#038; Moto FMX. Ponte nelle Alpi si prepara a un weekend di sport, spettacolo e solidariet\u00e0\",\"datePublished\":\"2026-07-07T14:04:59+00:00\",\"mainEntityOfPage\":{\"@id\":\"https:\\\/\\\/www.bellunopress.it\\\/2026\\\/07\\\/07\\\/miss-moto-fmx-ponte-nelle-alpi-si-prepara-a-un-weekend-di-sport-spettacolo-e-solidarieta\\\/\"},\"wordCount\":751,\"publisher\":{\"@id\":\"https:\\\/\\\/www.bellunopress.it\\\/#organization\"},\"image\":{\"@id\":\"https:\\\/\\\/www.bellunopress.it\\\/2026\\\/07\\\/07\\\/miss-moto-fmx-ponte-nelle-alpi-si-prepara-a-un-weekend-di-sport-spettacolo-e-solidarieta\\\/#primaryimage\"},\"thumbnailUrl\":\"https:\\\/\\\/www.bellunopress.it\\\/wp-content\\\/uploads\\\/2026\\\/07\\\/conferenza-di-presentazione-miss.jpg\",\"articleSection\":[\"Appuntamenti, Eventi\",\"Arte, Cultura, Spettacoli, Scienza\",\"Pausa Caff\u00e8\"],\"inLanguage\":\"fr-FR\"},{\"@type\":\"WebPage\",\"@id\":\"https:\\\/\\\/www.bellunopress.it\\\/2026\\\/07\\\/07\\\/miss-moto-fmx-ponte-nelle-alpi-si-prepara-a-un-weekend-di-sport-spettacolo-e-solidarieta\\\/\",\"url\":\"https:\\\/\\\/www.bellunopress.it\\\/2026\\\/07\\\/07\\\/miss-moto-fmx-ponte-nelle-alpi-si-prepara-a-un-weekend-di-sport-spettacolo-e-solidarieta\\\/\",\"name\":\"Miss & Moto FMX. Ponte nelle Alpi si prepara a un weekend di sport, spettacolo e solidariet\u00e0 - Bellunopress - Dolomiti\",\"isPartOf\":{\"@id\":\"https:\\\/\\\/www.bellunopress.it\\\/#website\"},\"primaryImageOfPage\":{\"@id\":\"https:\\\/\\\/www.bellunopress.it\\\/2026\\\/07\\\/07\\\/miss-moto-fmx-ponte-nelle-alpi-si-prepara-a-un-weekend-di-sport-spettacolo-e-solidarieta\\\/#primaryimage\"},\"image\":{\"@id\":\"https:\\\/\\\/www.bellunopress.it\\\/2026\\\/07\\\/07\\\/miss-moto-fmx-ponte-nelle-alpi-si-prepara-a-un-weekend-di-sport-spettacolo-e-solidarieta\\\/#primaryimage\"},\"thumbnailUrl\":\"https:\\\/\\\/www.bellunopress.it\\\/wp-content\\\/uploads\\\/2026\\\/07\\\/conferenza-di-presentazione-miss.jpg\",\"datePublished\":\"2026-07-07T14:04:59+00:00\",\"breadcrumb\":{\"@id\":\"https:\\\/\\\/www.bellunopress.it\\\/2026\\\/07\\\/07\\\/miss-moto-fmx-ponte-nelle-alpi-si-prepara-a-un-weekend-di-sport-spettacolo-e-solidarieta\\\/#breadcrumb\"},\"inLanguage\":\"fr-FR\",\"potentialAction\":[{\"@type\":\"ReadAction\",\"target\":[\"https:\\\/\\\/www.bellunopress.it\\\/2026\\\/07\\\/07\\\/miss-moto-fmx-ponte-nelle-alpi-si-prepara-a-un-weekend-di-sport-spettacolo-e-solidarieta\\\/\"]}]},{\"@type\":\"ImageObject\",\"inLanguage\":\"fr-FR\",\"@id\":\"https:\\\/\\\/www.bellunopress.it\\\/2026\\\/07\\\/07\\\/miss-moto-fmx-ponte-nelle-alpi-si-prepara-a-un-weekend-di-sport-spettacolo-e-solidarieta\\\/#primaryimage\",\"url\":\"https:\\\/\\\/www.bellunopress.it\\\/wp-content\\\/uploads\\\/2026\\\/07\\\/conferenza-di-presentazione-miss.jpg\",\"contentUrl\":\"https:\\\/\\\/www.bellunopress.it\\\/wp-content\\\/uploads\\\/2026\\\/07\\\/conferenza-di-presentazione-miss.jpg\",\"width\":500,\"height\":386,\"caption\":\"Conferenza di presentazione \\\"Miss & Moto FMX\\\" al Castello di Ponte nelle Alpi\"},{\"@type\":\"BreadcrumbList\",\"@id\":\"https:\\\/\\\/www.bellunopress.it\\\/2026\\\/07\\\/07\\\/miss-moto-fmx-ponte-nelle-alpi-si-prepara-a-un-weekend-di-sport-spettacolo-e-solidarieta\\\/#breadcrumb\",\"itemListElement\":[{\"@type\":\"ListItem\",\"position\":1,\"name\":\"Home\",\"item\":\"https:\\\/\\\/www.bellunopress.it\\\/\"},{\"@type\":\"ListItem\",\"position\":2,\"name\":\"Miss &#038; Moto FMX. Ponte nelle Alpi si prepara a un weekend di sport, spettacolo e solidariet\u00e0\"}]},{\"@type\":\"WebSite\",\"@id\":\"https:\\\/\\\/www.bellunopress.it\\\/#website\",\"url\":\"https:\\\/\\\/www.bellunopress.it\\\/\",\"name\":\"Bellunopress - Dolomiti\",\"description\":\"e-mail: redazione@bellunopress.it\",\"publisher\":{\"@id\":\"https:\\\/\\\/www.bellunopress.it\\\/#organization\"},\"potentialAction\":[{\"@type\":\"SearchAction\",\"target\":{\"@type\":\"EntryPoint\",\"urlTemplate\":\"https:\\\/\\\/www.bellunopress.it\\\/?s={search_term_string}\"},\"query-input\":{\"@type\":\"PropertyValueSpecification\",\"valueRequired\":true,\"valueName\":\"search_term_string\"}}],\"inLanguage\":\"fr-FR\"},{\"@type\":\"Organization\",\"@id\":\"https:\\\/\\\/www.bellunopress.it\\\/#organization\",\"name\":\"Bellunopress\",\"url\":\"https:\\\/\\\/www.bellunopress.it\\\/\",\"logo\":{\"@type\":\"ImageObject\",\"inLanguage\":\"fr-FR\",\"@id\":\"https:\\\/\\\/www.bellunopress.it\\\/#\\\/schema\\\/logo\\\/image\\\/\",\"url\":\"https:\\\/\\\/www.bellunopress.it\\\/wp-content\\\/uploads\\\/2011\\\/05\\\/cropped-logo-bellunopress-.jpg\",\"contentUrl\":\"https:\\\/\\\/www.bellunopress.it\\\/wp-content\\\/uploads\\\/2011\\\/05\\\/cropped-logo-bellunopress-.jpg\",\"width\":512,\"height\":512,\"caption\":\"Bellunopress\"},\"image\":{\"@id\":\"https:\\\/\\\/www.bellunopress.it\\\/#\\\/schema\\\/logo\\\/image\\\/\"},\"sameAs\":[\"https:\\\/\\\/www.facebook.com\\\/profile.php?id=100008943462799\",\"https:\\\/\\\/x.com\\\/bellunopress\",\"https:\\\/\\\/www.linkedin.com\\\/hp\\\/?dnr=JBzUWaJfMUw8vbXJJ2tVW5-I3jZKvC4wsoxE&amp;amp;amp;amp;amp;amp;trk=nav_responsive_tab_home\",\"https:\\\/\\\/www.youtube.com\\\/channel\\\/UCxL0wu1uN0_3_7hGG0306cw\"]},{\"@type\":\"Person\",\"@id\":\"https:\\\/\\\/www.bellunopress.it\\\/#\\\/schema\\\/person\\\/79bb06722b37ece1c03d3e94beb30d73\",\"name\":\"redazione\",\"image\":{\"@type\":\"ImageObject\",\"inLanguage\":\"fr-FR\",\"@id\":\"https:\\\/\\\/secure.gravatar.com\\\/avatar\\\/37d968a2e67a6fd04c169c4bdef102d0bc5d31b2546345219e348575eb80e9a0?s=96&d=mm&r=g\",\"url\":\"https:\\\/\\\/secure.gravatar.com\\\/avatar\\\/37d968a2e67a6fd04c169c4bdef102d0bc5d31b2546345219e348575eb80e9a0?s=96&d=mm&r=g\",\"contentUrl\":\"https:\\\/\\\/secure.gravatar.com\\\/avatar\\\/37d968a2e67a6fd04c169c4bdef102d0bc5d31b2546345219e348575eb80e9a0?s=96&d=mm&r=g\",\"caption\":\"redazione\"},\"sameAs\":[\"http:\\\/\\\/www.bellunopress.it\",\"https:\\\/\\\/x.com\\\/bellunopress\"],\"url\":\"https:\\\/\\\/www.bellunopress.it\\\/fr\\\/author\\\/redazione\\\/\"}]}<\/script>\n<!-- \/ Yoast SEO plugin. -->","yoast_head_json":{"title":"Miss & Moto FMX. Ponte nelle Alpi si prepara a un weekend di sport, spettacolo e solidariet\u00e0 - Bellunopress - Dolomiti","robots":{"index":"index","follow":"follow","max-snippet":"max-snippet:-1","max-image-preview":"max-image-preview:large","max-video-preview":"max-video-preview:-1"},"canonical":"https:\/\/www.bellunopress.it\/fr\/2026\/07\/07\/miss-moto-fmx-ponte-nelle-alpi-si-prepara-a-un-weekend-di-sport-spettacolo-e-solidarieta\/","og_locale":"fr_FR","og_type":"article","og_title":"Miss & Moto FMX. Ponte nelle Alpi si prepara a un weekend di sport, spettacolo e solidariet\u00e0 - Bellunopress - Dolomiti","og_description":"Ponte delle Alpi, 7 luglio 2026 \u2013 Dopo lo straordinario successo dell\u2019edizione passata, che ha visto una grandissima partecipazione di pubblico, l\u2019amministrazione comunale ha scelto nuovamente di accogliere nel proprio territorio questo prestigioso evento, sottolineando la volont\u00e0 di sostenere iniziative che integrano promozione turistica e valori positivi. Cos\u00ec il Comune di Ponte nelle Alpi si [&hellip;]","og_url":"https:\/\/www.bellunopress.it\/fr\/2026\/07\/07\/miss-moto-fmx-ponte-nelle-alpi-si-prepara-a-un-weekend-di-sport-spettacolo-e-solidarieta\/","og_site_name":"Bellunopress - Dolomiti","article_publisher":"https:\/\/www.facebook.com\/profile.php?id=100008943462799","article_published_time":"2026-07-07T14:04:59+00:00","og_image":[{"width":500,"height":386,"url":"https:\/\/www.bellunopress.it\/wp-content\/uploads\/2026\/07\/conferenza-di-presentazione-miss.jpg","type":"image\/jpeg"}],"author":"redazione","twitter_card":"summary_large_image","twitter_creator":"@bellunopress","twitter_site":"@bellunopress","twitter_misc":{"\u00c9crit par":"redazione","Dur\u00e9e de lecture estim\u00e9e":"5 minutes"},"schema":{"@context":"https:\/\/schema.org","@graph":[{"@type":"Article","@id":"https:\/\/www.bellunopress.it\/2026\/07\/07\/miss-moto-fmx-ponte-nelle-alpi-si-prepara-a-un-weekend-di-sport-spettacolo-e-solidarieta\/#article","isPartOf":{"@id":"https:\/\/www.bellunopress.it\/2026\/07\/07\/miss-moto-fmx-ponte-nelle-alpi-si-prepara-a-un-weekend-di-sport-spettacolo-e-solidarieta\/"},"author":{"name":"redazione","@id":"https:\/\/www.bellunopress.it\/#\/schema\/person\/79bb06722b37ece1c03d3e94beb30d73"},"headline":"Miss &#038; Moto FMX. Ponte nelle Alpi si prepara a un weekend di sport, spettacolo e solidariet\u00e0","datePublished":"2026-07-07T14:04:59+00:00","mainEntityOfPage":{"@id":"https:\/\/www.bellunopress.it\/2026\/07\/07\/miss-moto-fmx-ponte-nelle-alpi-si-prepara-a-un-weekend-di-sport-spettacolo-e-solidarieta\/"},"wordCount":751,"publisher":{"@id":"https:\/\/www.bellunopress.it\/#organization"},"image":{"@id":"https:\/\/www.bellunopress.it\/2026\/07\/07\/miss-moto-fmx-ponte-nelle-alpi-si-prepara-a-un-weekend-di-sport-spettacolo-e-solidarieta\/#primaryimage"},"thumbnailUrl":"https:\/\/www.bellunopress.it\/wp-content\/uploads\/2026\/07\/conferenza-di-presentazione-miss.jpg","articleSection":["Appuntamenti, Eventi","Arte, Cultura, Spettacoli, Scienza","Pausa Caff\u00e8"],"inLanguage":"fr-FR"},{"@type":"WebPage","@id":"https:\/\/www.bellunopress.it\/2026\/07\/07\/miss-moto-fmx-ponte-nelle-alpi-si-prepara-a-un-weekend-di-sport-spettacolo-e-solidarieta\/","url":"https:\/\/www.bellunopress.it\/2026\/07\/07\/miss-moto-fmx-ponte-nelle-alpi-si-prepara-a-un-weekend-di-sport-spettacolo-e-solidarieta\/","name":"Miss & Moto FMX. Ponte nelle Alpi si prepara a un weekend di sport, spettacolo e solidariet\u00e0 - Bellunopress - Dolomiti","isPartOf":{"@id":"https:\/\/www.bellunopress.it\/#website"},"primaryImageOfPage":{"@id":"https:\/\/www.bellunopress.it\/2026\/07\/07\/miss-moto-fmx-ponte-nelle-alpi-si-prepara-a-un-weekend-di-sport-spettacolo-e-solidarieta\/#primaryimage"},"image":{"@id":"https:\/\/www.bellunopress.it\/2026\/07\/07\/miss-moto-fmx-ponte-nelle-alpi-si-prepara-a-un-weekend-di-sport-spettacolo-e-solidarieta\/#primaryimage"},"thumbnailUrl":"https:\/\/www.bellunopress.it\/wp-content\/uploads\/2026\/07\/conferenza-di-presentazione-miss.jpg","datePublished":"2026-07-07T14:04:59+00:00","breadcrumb":{"@id":"https:\/\/www.bellunopress.it\/2026\/07\/07\/miss-moto-fmx-ponte-nelle-alpi-si-prepara-a-un-weekend-di-sport-spettacolo-e-solidarieta\/#breadcrumb"},"inLanguage":"fr-FR","potentialAction":[{"@type":"ReadAction","target":["https:\/\/www.bellunopress.it\/2026\/07\/07\/miss-moto-fmx-ponte-nelle-alpi-si-prepara-a-un-weekend-di-sport-spettacolo-e-solidarieta\/"]}]},{"@type":"ImageObject","inLanguage":"fr-FR","@id":"https:\/\/www.bellunopress.it\/2026\/07\/07\/miss-moto-fmx-ponte-nelle-alpi-si-prepara-a-un-weekend-di-sport-spettacolo-e-solidarieta\/#primaryimage","url":"https:\/\/www.bellunopress.it\/wp-content\/uploads\/2026\/07\/conferenza-di-presentazione-miss.jpg","contentUrl":"https:\/\/www.bellunopress.it\/wp-content\/uploads\/2026\/07\/conferenza-di-presentazione-miss.jpg","width":500,"height":386,"caption":"Conferenza di presentazione \"Miss & Moto FMX\" al Castello di Ponte nelle Alpi"},{"@type":"BreadcrumbList","@id":"https:\/\/www.bellunopress.it\/2026\/07\/07\/miss-moto-fmx-ponte-nelle-alpi-si-prepara-a-un-weekend-di-sport-spettacolo-e-solidarieta\/#breadcrumb","itemListElement":[{"@type":"ListItem","position":1,"name":"Home","item":"https:\/\/www.bellunopress.it\/"},{"@type":"ListItem","position":2,"name":"Miss &#038; Moto FMX. Ponte nelle Alpi si prepara a un weekend di sport, spettacolo e solidariet\u00e0"}]},{"@type":"WebSite","@id":"https:\/\/www.bellunopress.it\/#website","url":"https:\/\/www.bellunopress.it\/","name":"Bellunopress - Dolomiti","description":"e-mail: redazione@bellunopress.it","publisher":{"@id":"https:\/\/www.bellunopress.it\/#organization"},"potentialAction":[{"@type":"SearchAction","target":{"@type":"EntryPoint","urlTemplate":"https:\/\/www.bellunopress.it\/?s={search_term_string}"},"query-input":{"@type":"PropertyValueSpecification","valueRequired":true,"valueName":"search_term_string"}}],"inLanguage":"fr-FR"},{"@type":"Organization","@id":"https:\/\/www.bellunopress.it\/#organization","name":"Bellunopress","url":"https:\/\/www.bellunopress.it\/","logo":{"@type":"ImageObject","inLanguage":"fr-FR","@id":"https:\/\/www.bellunopress.it\/#\/schema\/logo\/image\/","url":"https:\/\/www.bellunopress.it\/wp-content\/uploads\/2011\/05\/cropped-logo-bellunopress-.jpg","contentUrl":"https:\/\/www.bellunopress.it\/wp-content\/uploads\/2011\/05\/cropped-logo-bellunopress-.jpg","width":512,"height":512,"caption":"Bellunopress"},"image":{"@id":"https:\/\/www.bellunopress.it\/#\/schema\/logo\/image\/"},"sameAs":["https:\/\/www.facebook.com\/profile.php?id=100008943462799","https:\/\/x.com\/bellunopress","https:\/\/www.linkedin.com\/hp\/?dnr=JBzUWaJfMUw8vbXJJ2tVW5-I3jZKvC4wsoxE&amp;amp;amp;amp;amp;amp;trk=nav_responsive_tab_home","https:\/\/www.youtube.com\/channel\/UCxL0wu1uN0_3_7hGG0306cw"]},{"@type":"Person","@id":"https:\/\/www.bellunopress.it\/#\/schema\/person\/79bb06722b37ece1c03d3e94beb30d73","name":"r\u00e9daction","image":{"@type":"ImageObject","inLanguage":"fr-FR","@id":"https:\/\/secure.gravatar.com\/avatar\/37d968a2e67a6fd04c169c4bdef102d0bc5d31b2546345219e348575eb80e9a0?s=96&d=mm&r=g","url":"https:\/\/secure.gravatar.com\/avatar\/37d968a2e67a6fd04c169c4bdef102d0bc5d31b2546345219e348575eb80e9a0?s=96&d=mm&r=g","contentUrl":"https:\/\/secure.gravatar.com\/avatar\/37d968a2e67a6fd04c169c4bdef102d0bc5d31b2546345219e348575eb80e9a0?s=96&d=mm&r=g","caption":"redazione"},"sameAs":["http:\/\/www.bellunopress.it","https:\/\/x.com\/bellunopress"],"url":"https:\/\/www.bellunopress.it\/fr\/author\/redazione\/"}]}},"_links":{"self":[{"href":"https:\/\/www.bellunopress.it\/fr\/wp-json\/wp\/v2\/posts\/171749","targetHints":{"allow":["GET"]}}],"collection":[{"href":"https:\/\/www.bellunopress.it\/fr\/wp-json\/wp\/v2\/posts"}],"about":[{"href":"https:\/\/www.bellunopress.it\/fr\/wp-json\/wp\/v2\/types\/post"}],"author":[{"embeddable":true,"href":"https:\/\/www.bellunopress.it\/fr\/wp-json\/wp\/v2\/users\/2"}],"replies":[{"embeddable":true,"href":"https:\/\/www.bellunopress.it\/fr\/wp-json\/wp\/v2\/comments?post=171749"}],"version-history":[{"count":1,"href":"https:\/\/www.bellunopress.it\/fr\/wp-json\/wp\/v2\/posts\/171749\/revisions"}],"predecessor-version":[{"id":171753,"href":"https:\/\/www.bellunopress.it\/fr\/wp-json\/wp\/v2\/posts\/171749\/revisions\/171753"}],"wp:featuredmedia":[{"embeddable":true,"href":"https:\/\/www.bellunopress.it\/fr\/wp-json\/wp\/v2\/media\/171752"}],"wp:attachment":[{"href":"https:\/\/www.bellunopress.it\/fr\/wp-json\/wp\/v2\/media?parent=171749"}],"wp:term":[{"taxonomy":"category","embeddable":true,"href":"https:\/\/www.bellunopress.it\/fr\/wp-json\/wp\/v2\/categories?post=171749"},{"taxonomy":"post_tag","embeddable":true,"href":"https:\/\/www.bellunopress.it\/fr\/wp-json\/wp\/v2\/tags?post=171749"}],"curies":[{"name":"wp","href":"https:\/\/api.w.org\/{rel}","templated":true}]}}