{"id":171747,"date":"2026-07-07T14:20:40","date_gmt":"2026-07-07T12:20:40","guid":{"rendered":"https:\/\/www.bellunopress.it\/?p=171747"},"modified":"2026-07-07T14:20:40","modified_gmt":"2026-07-07T12:20:40","slug":"belluno-futura-al-via-il-percorso-per-la-belluno-di-domani","status":"publish","type":"post","link":"https:\/\/www.bellunopress.it\/fr\/2026\/07\/07\/belluno-futura-al-via-il-percorso-per-la-belluno-di-domani\/","title":{"rendered":"Belluno futura: al via il percorso per la Belluno di domani"},"content":{"rendered":"<p>Belluno, 07\/07\/2026 &#8211; Si parla sempre di disaffezione e rifiuto della politica, ma invertire la rotta non solo \u00e8 possibile: \u00e8 un impegno concreto che intendiamo portare avanti fin da subito.<\/p>\n<p>Con questo spirito parte la campagna &#8220;Belluno Futura&#8221;, che segna ufficialmente l\u2019avvio del nostro percorso programmatico in vista delle elezioni amministrative del prossimo anno.<br \/>\nL\u2019iniziativa mira a superare le logiche della politica calata dall&#8217;alto o ridotta a puro esercizio di facciata. \u201cVogliamo costruire il programma insieme ai cittadini, facendo sintesi tra le richieste del territorio e le nostre battaglie di questi anni, che rivendichiamo con forza\u201d.<\/p>\n<p>Lo dichiara il segretario del PD Citt\u00e0 di Belluno, Davide Noro.<\/p>\n<p>\u201cL\u2019ascolteria, invece, la lasciamo ad altri. &#8211; prosegue Noro &#8211;\u00a0 Per noi ascoltare non significa raccogliere passivamente delle lamentele, ma avviare un processo di condivisione reale e democratico per immaginare insieme la citt\u00e0 dei prossimi dieci anni\u201d.<\/p>\n<p>L\u2019indagine si muove lungo direttrici delineate e coerenti con l&#8217;azione politica di questi anni. Al centro della proposta vi \u00e8 una forte attenzione alle crescenti fragilit\u00e0 sociali, affiancata dall&#8217;ambizione di restituire al capoluogo un ruolo centrale di motore politico e culturale dell&#8217;intero territorio provinciale. Una Belluno che sia inoltre profondamente orientata alla sostenibilit\u00e0, capace di valorizzare la mobilit\u00e0 alternativa e il trasporto pubblico, offrendo servizi moderni, efficienti e adeguati alle necessit\u00e0 di tutti i cittadini, dall\u2019infanzia alla terza et\u00e0.<\/p>\n<p>La prima fase, che parte ufficialmente da adesso e ci accompagner\u00e0 fino alla fine dell\u2019estate, si concentrer\u00e0 sulla diffusione di un questionario online. Uno strumento accessibile a tutti, pensato per mappare i bisogni, raccogliere idee e definire le priorit\u00e0 percepite dalla comunit\u00e0. Questo percorso digitale non rimarr\u00e0 confinato sul web, perch\u00e9 tra settembre e ottobre prenderanno il via una serie di incontri pubblici nelle frazioni per presentare la sintesi dei risultati raccolti e le prime proposte, aprendo un confronto diretto e condiviso con la cittadinanza.<br \/>\n\u201cQuesta iniziativa \u00e8 aperta alla partecipazione di tutte le associazioni, dei comitati, delle forze politiche e dei movimenti che vorranno dare il loro contributo, in modo libero e costruttivo. Dobbiamo farci trovare pronti perch\u00e9 abbiamo tutti la responsabilit\u00e0 di aggregare le migliori energie possibili per dire ai Bellunesi che un\u2019alternativa a questa Amministrazione, nei metodi e nelle idee, \u00e8 possibile\u201d conclude il segretario del PD.<br \/>\nLink: https:\/\/bit.ly\/BellunoFutura<\/p>","protected":false},"excerpt":{"rendered":"<p>Belluno, 07\/07\/2026 &#8211; Si parla sempre di disaffezione e rifiuto della politica, ma invertire la rotta non solo \u00e8 possibile: \u00e8 un impegno concreto che intendiamo portare avanti fin da subito. Con questo spirito parte la campagna &#8220;Belluno Futura&#8221;, che segna ufficialmente l\u2019avvio del nostro percorso programmatico in vista delle elezioni amministrative del prossimo anno. [&hellip;]<\/p>\n","protected":false},"author":2,"featured_media":141968,"comment_status":"closed","ping_status":"open","sticky":false,"template":"","format":"standard","meta":{"footnotes":""},"categories":[5,26],"tags":[],"class_list":["post-171747","post","type-post","status-publish","format-standard","has-post-thumbnail","category-cronaca","category-prima-pagina"],"yoast_head":"<!-- This site is optimized with the Yoast SEO plugin v28.4 - https:\/\/yoast.com\/product\/yoast-seo-wordpress\/ -->\n<title>Belluno futura: al via il percorso per la Belluno di domani - Bellunopress - Dolomiti<\/title>\n<meta name=\"robots\" content=\"index, follow, max-snippet:-1, max-image-preview:large, max-video-preview:-1\" \/>\n<link rel=\"canonical\" href=\"https:\/\/www.bellunopress.it\/fr\/2026\/07\/07\/belluno-futura-al-via-il-percorso-per-la-belluno-di-domani\/\" \/>\n<meta property=\"og:locale\" content=\"fr_FR\" \/>\n<meta property=\"og:type\" content=\"article\" \/>\n<meta property=\"og:title\" content=\"Belluno futura: al via il percorso per la Belluno di domani - Bellunopress - Dolomiti\" \/>\n<meta property=\"og:description\" content=\"Belluno, 07\/07\/2026 &#8211; Si parla sempre di disaffezione e rifiuto della politica, ma invertire la rotta non solo \u00e8 possibile: \u00e8 un impegno concreto che intendiamo portare avanti fin da subito. Con questo spirito parte la campagna &#8220;Belluno Futura&#8221;, che segna ufficialmente l\u2019avvio del nostro percorso programmatico in vista delle elezioni amministrative del prossimo anno. [&hellip;]\" \/>\n<meta property=\"og:url\" content=\"https:\/\/www.bellunopress.it\/fr\/2026\/07\/07\/belluno-futura-al-via-il-percorso-per-la-belluno-di-domani\/\" \/>\n<meta property=\"og:site_name\" content=\"Bellunopress - Dolomiti\" \/>\n<meta property=\"article:publisher\" content=\"https:\/\/www.facebook.com\/profile.php?id=100008943462799\" \/>\n<meta property=\"article:published_time\" content=\"2026-07-07T12:20:40+00:00\" \/>\n<meta property=\"og:image\" content=\"https:\/\/www.bellunopress.it\/wp-content\/uploads\/2023\/06\/Davide-Noro-segretario-Pd-Belluno.jpg\" \/>\n\t<meta property=\"og:image:width\" content=\"847\" \/>\n\t<meta property=\"og:image:height\" content=\"1000\" \/>\n\t<meta property=\"og:image:type\" content=\"image\/jpeg\" \/>\n<meta name=\"author\" content=\"redazione\" \/>\n<meta name=\"twitter:card\" content=\"summary_large_image\" \/>\n<meta name=\"twitter:creator\" content=\"@bellunopress\" \/>\n<meta name=\"twitter:site\" content=\"@bellunopress\" \/>\n<meta name=\"twitter:label1\" content=\"\u00c9crit par\" \/>\n\t<meta name=\"twitter:data1\" content=\"redazione\" \/>\n\t<meta name=\"twitter:label2\" content=\"Dur\u00e9e de lecture estim\u00e9e\" \/>\n\t<meta name=\"twitter:data2\" content=\"3 minutes\" \/>\n<script type=\"application\/ld+json\" class=\"yoast-schema-graph\">{\"@context\":\"https:\\\/\\\/schema.org\",\"@graph\":[{\"@type\":\"Article\",\"@id\":\"https:\\\/\\\/www.bellunopress.it\\\/2026\\\/07\\\/07\\\/belluno-futura-al-via-il-percorso-per-la-belluno-di-domani\\\/#article\",\"isPartOf\":{\"@id\":\"https:\\\/\\\/www.bellunopress.it\\\/2026\\\/07\\\/07\\\/belluno-futura-al-via-il-percorso-per-la-belluno-di-domani\\\/\"},\"author\":{\"name\":\"redazione\",\"@id\":\"https:\\\/\\\/www.bellunopress.it\\\/#\\\/schema\\\/person\\\/79bb06722b37ece1c03d3e94beb30d73\"},\"headline\":\"Belluno futura: al via il percorso per la Belluno di domani\",\"datePublished\":\"2026-07-07T12:20:40+00:00\",\"mainEntityOfPage\":{\"@id\":\"https:\\\/\\\/www.bellunopress.it\\\/2026\\\/07\\\/07\\\/belluno-futura-al-via-il-percorso-per-la-belluno-di-domani\\\/\"},\"wordCount\":395,\"publisher\":{\"@id\":\"https:\\\/\\\/www.bellunopress.it\\\/#organization\"},\"image\":{\"@id\":\"https:\\\/\\\/www.bellunopress.it\\\/2026\\\/07\\\/07\\\/belluno-futura-al-via-il-percorso-per-la-belluno-di-domani\\\/#primaryimage\"},\"thumbnailUrl\":\"https:\\\/\\\/www.bellunopress.it\\\/wp-content\\\/uploads\\\/2023\\\/06\\\/Davide-Noro-segretario-Pd-Belluno.jpg\",\"articleSection\":[\"Cronaca\\\/Politica\",\"Prima Pagina\"],\"inLanguage\":\"fr-FR\"},{\"@type\":\"WebPage\",\"@id\":\"https:\\\/\\\/www.bellunopress.it\\\/2026\\\/07\\\/07\\\/belluno-futura-al-via-il-percorso-per-la-belluno-di-domani\\\/\",\"url\":\"https:\\\/\\\/www.bellunopress.it\\\/2026\\\/07\\\/07\\\/belluno-futura-al-via-il-percorso-per-la-belluno-di-domani\\\/\",\"name\":\"Belluno futura: al via il percorso per la Belluno di domani - Bellunopress - Dolomiti\",\"isPartOf\":{\"@id\":\"https:\\\/\\\/www.bellunopress.it\\\/#website\"},\"primaryImageOfPage\":{\"@id\":\"https:\\\/\\\/www.bellunopress.it\\\/2026\\\/07\\\/07\\\/belluno-futura-al-via-il-percorso-per-la-belluno-di-domani\\\/#primaryimage\"},\"image\":{\"@id\":\"https:\\\/\\\/www.bellunopress.it\\\/2026\\\/07\\\/07\\\/belluno-futura-al-via-il-percorso-per-la-belluno-di-domani\\\/#primaryimage\"},\"thumbnailUrl\":\"https:\\\/\\\/www.bellunopress.it\\\/wp-content\\\/uploads\\\/2023\\\/06\\\/Davide-Noro-segretario-Pd-Belluno.jpg\",\"datePublished\":\"2026-07-07T12:20:40+00:00\",\"breadcrumb\":{\"@id\":\"https:\\\/\\\/www.bellunopress.it\\\/2026\\\/07\\\/07\\\/belluno-futura-al-via-il-percorso-per-la-belluno-di-domani\\\/#breadcrumb\"},\"inLanguage\":\"fr-FR\",\"potentialAction\":[{\"@type\":\"ReadAction\",\"target\":[\"https:\\\/\\\/www.bellunopress.it\\\/2026\\\/07\\\/07\\\/belluno-futura-al-via-il-percorso-per-la-belluno-di-domani\\\/\"]}]},{\"@type\":\"ImageObject\",\"inLanguage\":\"fr-FR\",\"@id\":\"https:\\\/\\\/www.bellunopress.it\\\/2026\\\/07\\\/07\\\/belluno-futura-al-via-il-percorso-per-la-belluno-di-domani\\\/#primaryimage\",\"url\":\"https:\\\/\\\/www.bellunopress.it\\\/wp-content\\\/uploads\\\/2023\\\/06\\\/Davide-Noro-segretario-Pd-Belluno.jpg\",\"contentUrl\":\"https:\\\/\\\/www.bellunopress.it\\\/wp-content\\\/uploads\\\/2023\\\/06\\\/Davide-Noro-segretario-Pd-Belluno.jpg\",\"width\":847,\"height\":1000,\"caption\":\"Davide Noro, segretario Unione comunale Partito Democratico Belluno\"},{\"@type\":\"BreadcrumbList\",\"@id\":\"https:\\\/\\\/www.bellunopress.it\\\/2026\\\/07\\\/07\\\/belluno-futura-al-via-il-percorso-per-la-belluno-di-domani\\\/#breadcrumb\",\"itemListElement\":[{\"@type\":\"ListItem\",\"position\":1,\"name\":\"Home\",\"item\":\"https:\\\/\\\/www.bellunopress.it\\\/\"},{\"@type\":\"ListItem\",\"position\":2,\"name\":\"Belluno futura: al via il percorso per la Belluno di domani\"}]},{\"@type\":\"WebSite\",\"@id\":\"https:\\\/\\\/www.bellunopress.it\\\/#website\",\"url\":\"https:\\\/\\\/www.bellunopress.it\\\/\",\"name\":\"Bellunopress - Dolomiti\",\"description\":\"e-mail: redazione@bellunopress.it\",\"publisher\":{\"@id\":\"https:\\\/\\\/www.bellunopress.it\\\/#organization\"},\"potentialAction\":[{\"@type\":\"SearchAction\",\"target\":{\"@type\":\"EntryPoint\",\"urlTemplate\":\"https:\\\/\\\/www.bellunopress.it\\\/?s={search_term_string}\"},\"query-input\":{\"@type\":\"PropertyValueSpecification\",\"valueRequired\":true,\"valueName\":\"search_term_string\"}}],\"inLanguage\":\"fr-FR\"},{\"@type\":\"Organization\",\"@id\":\"https:\\\/\\\/www.bellunopress.it\\\/#organization\",\"name\":\"Bellunopress\",\"url\":\"https:\\\/\\\/www.bellunopress.it\\\/\",\"logo\":{\"@type\":\"ImageObject\",\"inLanguage\":\"fr-FR\",\"@id\":\"https:\\\/\\\/www.bellunopress.it\\\/#\\\/schema\\\/logo\\\/image\\\/\",\"url\":\"https:\\\/\\\/www.bellunopress.it\\\/wp-content\\\/uploads\\\/2011\\\/05\\\/cropped-logo-bellunopress-.jpg\",\"contentUrl\":\"https:\\\/\\\/www.bellunopress.it\\\/wp-content\\\/uploads\\\/2011\\\/05\\\/cropped-logo-bellunopress-.jpg\",\"width\":512,\"height\":512,\"caption\":\"Bellunopress\"},\"image\":{\"@id\":\"https:\\\/\\\/www.bellunopress.it\\\/#\\\/schema\\\/logo\\\/image\\\/\"},\"sameAs\":[\"https:\\\/\\\/www.facebook.com\\\/profile.php?id=100008943462799\",\"https:\\\/\\\/x.com\\\/bellunopress\",\"https:\\\/\\\/www.linkedin.com\\\/hp\\\/?dnr=JBzUWaJfMUw8vbXJJ2tVW5-I3jZKvC4wsoxE&amp;amp;amp;amp;amp;amp;trk=nav_responsive_tab_home\",\"https:\\\/\\\/www.youtube.com\\\/channel\\\/UCxL0wu1uN0_3_7hGG0306cw\"]},{\"@type\":\"Person\",\"@id\":\"https:\\\/\\\/www.bellunopress.it\\\/#\\\/schema\\\/person\\\/79bb06722b37ece1c03d3e94beb30d73\",\"name\":\"redazione\",\"image\":{\"@type\":\"ImageObject\",\"inLanguage\":\"fr-FR\",\"@id\":\"https:\\\/\\\/secure.gravatar.com\\\/avatar\\\/37d968a2e67a6fd04c169c4bdef102d0bc5d31b2546345219e348575eb80e9a0?s=96&d=mm&r=g\",\"url\":\"https:\\\/\\\/secure.gravatar.com\\\/avatar\\\/37d968a2e67a6fd04c169c4bdef102d0bc5d31b2546345219e348575eb80e9a0?s=96&d=mm&r=g\",\"contentUrl\":\"https:\\\/\\\/secure.gravatar.com\\\/avatar\\\/37d968a2e67a6fd04c169c4bdef102d0bc5d31b2546345219e348575eb80e9a0?s=96&d=mm&r=g\",\"caption\":\"redazione\"},\"sameAs\":[\"http:\\\/\\\/www.bellunopress.it\",\"https:\\\/\\\/x.com\\\/bellunopress\"],\"url\":\"https:\\\/\\\/www.bellunopress.it\\\/fr\\\/author\\\/redazione\\\/\"}]}<\/script>\n<!-- \/ Yoast SEO plugin. -->","yoast_head_json":{"title":"Belluno futura: al via il percorso per la Belluno di domani - Bellunopress - Dolomiti","robots":{"index":"index","follow":"follow","max-snippet":"max-snippet:-1","max-image-preview":"max-image-preview:large","max-video-preview":"max-video-preview:-1"},"canonical":"https:\/\/www.bellunopress.it\/fr\/2026\/07\/07\/belluno-futura-al-via-il-percorso-per-la-belluno-di-domani\/","og_locale":"fr_FR","og_type":"article","og_title":"Belluno futura: al via il percorso per la Belluno di domani - Bellunopress - Dolomiti","og_description":"Belluno, 07\/07\/2026 &#8211; Si parla sempre di disaffezione e rifiuto della politica, ma invertire la rotta non solo \u00e8 possibile: \u00e8 un impegno concreto che intendiamo portare avanti fin da subito. Con questo spirito parte la campagna &#8220;Belluno Futura&#8221;, che segna ufficialmente l\u2019avvio del nostro percorso programmatico in vista delle elezioni amministrative del prossimo anno. [&hellip;]","og_url":"https:\/\/www.bellunopress.it\/fr\/2026\/07\/07\/belluno-futura-al-via-il-percorso-per-la-belluno-di-domani\/","og_site_name":"Bellunopress - Dolomiti","article_publisher":"https:\/\/www.facebook.com\/profile.php?id=100008943462799","article_published_time":"2026-07-07T12:20:40+00:00","og_image":[{"width":847,"height":1000,"url":"https:\/\/www.bellunopress.it\/wp-content\/uploads\/2023\/06\/Davide-Noro-segretario-Pd-Belluno.jpg","type":"image\/jpeg"}],"author":"redazione","twitter_card":"summary_large_image","twitter_creator":"@bellunopress","twitter_site":"@bellunopress","twitter_misc":{"\u00c9crit par":"redazione","Dur\u00e9e de lecture estim\u00e9e":"3 minutes"},"schema":{"@context":"https:\/\/schema.org","@graph":[{"@type":"Article","@id":"https:\/\/www.bellunopress.it\/2026\/07\/07\/belluno-futura-al-via-il-percorso-per-la-belluno-di-domani\/#article","isPartOf":{"@id":"https:\/\/www.bellunopress.it\/2026\/07\/07\/belluno-futura-al-via-il-percorso-per-la-belluno-di-domani\/"},"author":{"name":"redazione","@id":"https:\/\/www.bellunopress.it\/#\/schema\/person\/79bb06722b37ece1c03d3e94beb30d73"},"headline":"Belluno futura: al via il percorso per la Belluno di domani","datePublished":"2026-07-07T12:20:40+00:00","mainEntityOfPage":{"@id":"https:\/\/www.bellunopress.it\/2026\/07\/07\/belluno-futura-al-via-il-percorso-per-la-belluno-di-domani\/"},"wordCount":395,"publisher":{"@id":"https:\/\/www.bellunopress.it\/#organization"},"image":{"@id":"https:\/\/www.bellunopress.it\/2026\/07\/07\/belluno-futura-al-via-il-percorso-per-la-belluno-di-domani\/#primaryimage"},"thumbnailUrl":"https:\/\/www.bellunopress.it\/wp-content\/uploads\/2023\/06\/Davide-Noro-segretario-Pd-Belluno.jpg","articleSection":["Cronaca\/Politica","Prima Pagina"],"inLanguage":"fr-FR"},{"@type":"WebPage","@id":"https:\/\/www.bellunopress.it\/2026\/07\/07\/belluno-futura-al-via-il-percorso-per-la-belluno-di-domani\/","url":"https:\/\/www.bellunopress.it\/2026\/07\/07\/belluno-futura-al-via-il-percorso-per-la-belluno-di-domani\/","name":"Belluno futura: al via il percorso per la Belluno di domani - Bellunopress - Dolomiti","isPartOf":{"@id":"https:\/\/www.bellunopress.it\/#website"},"primaryImageOfPage":{"@id":"https:\/\/www.bellunopress.it\/2026\/07\/07\/belluno-futura-al-via-il-percorso-per-la-belluno-di-domani\/#primaryimage"},"image":{"@id":"https:\/\/www.bellunopress.it\/2026\/07\/07\/belluno-futura-al-via-il-percorso-per-la-belluno-di-domani\/#primaryimage"},"thumbnailUrl":"https:\/\/www.bellunopress.it\/wp-content\/uploads\/2023\/06\/Davide-Noro-segretario-Pd-Belluno.jpg","datePublished":"2026-07-07T12:20:40+00:00","breadcrumb":{"@id":"https:\/\/www.bellunopress.it\/2026\/07\/07\/belluno-futura-al-via-il-percorso-per-la-belluno-di-domani\/#breadcrumb"},"inLanguage":"fr-FR","potentialAction":[{"@type":"ReadAction","target":["https:\/\/www.bellunopress.it\/2026\/07\/07\/belluno-futura-al-via-il-percorso-per-la-belluno-di-domani\/"]}]},{"@type":"ImageObject","inLanguage":"fr-FR","@id":"https:\/\/www.bellunopress.it\/2026\/07\/07\/belluno-futura-al-via-il-percorso-per-la-belluno-di-domani\/#primaryimage","url":"https:\/\/www.bellunopress.it\/wp-content\/uploads\/2023\/06\/Davide-Noro-segretario-Pd-Belluno.jpg","contentUrl":"https:\/\/www.bellunopress.it\/wp-content\/uploads\/2023\/06\/Davide-Noro-segretario-Pd-Belluno.jpg","width":847,"height":1000,"caption":"Davide Noro, segretario Unione comunale Partito Democratico Belluno"},{"@type":"BreadcrumbList","@id":"https:\/\/www.bellunopress.it\/2026\/07\/07\/belluno-futura-al-via-il-percorso-per-la-belluno-di-domani\/#breadcrumb","itemListElement":[{"@type":"ListItem","position":1,"name":"Home","item":"https:\/\/www.bellunopress.it\/"},{"@type":"ListItem","position":2,"name":"Belluno futura: al via il percorso per la Belluno di domani"}]},{"@type":"WebSite","@id":"https:\/\/www.bellunopress.it\/#website","url":"https:\/\/www.bellunopress.it\/","name":"Bellunopress - Dolomiti","description":"e-mail: redazione@bellunopress.it","publisher":{"@id":"https:\/\/www.bellunopress.it\/#organization"},"potentialAction":[{"@type":"SearchAction","target":{"@type":"EntryPoint","urlTemplate":"https:\/\/www.bellunopress.it\/?s={search_term_string}"},"query-input":{"@type":"PropertyValueSpecification","valueRequired":true,"valueName":"search_term_string"}}],"inLanguage":"fr-FR"},{"@type":"Organization","@id":"https:\/\/www.bellunopress.it\/#organization","name":"Bellunopress","url":"https:\/\/www.bellunopress.it\/","logo":{"@type":"ImageObject","inLanguage":"fr-FR","@id":"https:\/\/www.bellunopress.it\/#\/schema\/logo\/image\/","url":"https:\/\/www.bellunopress.it\/wp-content\/uploads\/2011\/05\/cropped-logo-bellunopress-.jpg","contentUrl":"https:\/\/www.bellunopress.it\/wp-content\/uploads\/2011\/05\/cropped-logo-bellunopress-.jpg","width":512,"height":512,"caption":"Bellunopress"},"image":{"@id":"https:\/\/www.bellunopress.it\/#\/schema\/logo\/image\/"},"sameAs":["https:\/\/www.facebook.com\/profile.php?id=100008943462799","https:\/\/x.com\/bellunopress","https:\/\/www.linkedin.com\/hp\/?dnr=JBzUWaJfMUw8vbXJJ2tVW5-I3jZKvC4wsoxE&amp;amp;amp;amp;amp;amp;trk=nav_responsive_tab_home","https:\/\/www.youtube.com\/channel\/UCxL0wu1uN0_3_7hGG0306cw"]},{"@type":"Person","@id":"https:\/\/www.bellunopress.it\/#\/schema\/person\/79bb06722b37ece1c03d3e94beb30d73","name":"r\u00e9daction","image":{"@type":"ImageObject","inLanguage":"fr-FR","@id":"https:\/\/secure.gravatar.com\/avatar\/37d968a2e67a6fd04c169c4bdef102d0bc5d31b2546345219e348575eb80e9a0?s=96&d=mm&r=g","url":"https:\/\/secure.gravatar.com\/avatar\/37d968a2e67a6fd04c169c4bdef102d0bc5d31b2546345219e348575eb80e9a0?s=96&d=mm&r=g","contentUrl":"https:\/\/secure.gravatar.com\/avatar\/37d968a2e67a6fd04c169c4bdef102d0bc5d31b2546345219e348575eb80e9a0?s=96&d=mm&r=g","caption":"redazione"},"sameAs":["http:\/\/www.bellunopress.it","https:\/\/x.com\/bellunopress"],"url":"https:\/\/www.bellunopress.it\/fr\/author\/redazione\/"}]}},"_links":{"self":[{"href":"https:\/\/www.bellunopress.it\/fr\/wp-json\/wp\/v2\/posts\/171747","targetHints":{"allow":["GET"]}}],"collection":[{"href":"https:\/\/www.bellunopress.it\/fr\/wp-json\/wp\/v2\/posts"}],"about":[{"href":"https:\/\/www.bellunopress.it\/fr\/wp-json\/wp\/v2\/types\/post"}],"author":[{"embeddable":true,"href":"https:\/\/www.bellunopress.it\/fr\/wp-json\/wp\/v2\/users\/2"}],"replies":[{"embeddable":true,"href":"https:\/\/www.bellunopress.it\/fr\/wp-json\/wp\/v2\/comments?post=171747"}],"version-history":[{"count":1,"href":"https:\/\/www.bellunopress.it\/fr\/wp-json\/wp\/v2\/posts\/171747\/revisions"}],"predecessor-version":[{"id":171748,"href":"https:\/\/www.bellunopress.it\/fr\/wp-json\/wp\/v2\/posts\/171747\/revisions\/171748"}],"wp:featuredmedia":[{"embeddable":true,"href":"https:\/\/www.bellunopress.it\/fr\/wp-json\/wp\/v2\/media\/141968"}],"wp:attachment":[{"href":"https:\/\/www.bellunopress.it\/fr\/wp-json\/wp\/v2\/media?parent=171747"}],"wp:term":[{"taxonomy":"category","embeddable":true,"href":"https:\/\/www.bellunopress.it\/fr\/wp-json\/wp\/v2\/categories?post=171747"},{"taxonomy":"post_tag","embeddable":true,"href":"https:\/\/www.bellunopress.it\/fr\/wp-json\/wp\/v2\/tags?post=171747"}],"curies":[{"name":"wp","href":"https:\/\/api.w.org\/{rel}","templated":true}]}}