{"id":171740,"date":"2026-07-07T08:27:52","date_gmt":"2026-07-07T06:27:52","guid":{"rendered":"https:\/\/www.bellunopress.it\/?p=171740"},"modified":"2026-07-07T10:20:25","modified_gmt":"2026-07-07T08:20:25","slug":"ritrovata-la-coppia-di-osimo","status":"publish","type":"post","link":"https:\/\/www.bellunopress.it\/fr\/2026\/07\/07\/ritrovata-la-coppia-di-osimo\/","title":{"rendered":"Ritrovata la coppia di Osimo"},"content":{"rendered":"<p>Domegge di Cadore (BL), 07 &#8211; 07 &#8211; 2026\u00a0 \u00a0 Sono stati ritrovati e stanno bene i due escursionisti di Osimo dei quali non si aveva pi\u00f9 notizia da gioved\u00ec, da quando non c&#8217;era stato pi\u00f9 alcun contatto telefonico da parte di familiari e amici, mentre la coppa, lei 38 anni, lui 42, si trovava sugli Spalti di Toro a camminare. Ieri, scattato l&#8217;allarme una volta che non si erano presentati a lavoro, la loro macchina era stata rinvenuta ancora parcheggiata al Rifugio Pordenone ed erano partite le ricerche sia sulle montagne venete, che su quelle del Friuli Venezia Giulia, con l&#8217;impiego di mezzi e uomini di Soccorso alpino &#8211; Centro Cadore e Valcellina &#8211; Guardia di finanza, Vigili del fuoco e diversi elicotteri.<\/p>\n<p>Questa mattina alle 5.30, pur ipotizzando che fosse probabile si trovassero sul versante del Friuli Venezia Giulia, due squadre del Soccorso alpino del Centro Cadore e di Pieve di Cadore, da ieri impegnate nelle ricerche, si sono ritrovate al campo Sportivo di Vallesella con il Centro mobile di coordinamento per un&#8217;ulteriore indagine sul versante cadorino. Obiettivo della perlustrazione di questa mattina il Sentiero Marini, un percorso dismesso e di difficile percorrenza, che collega Spe al Rifugio Pordenone, attraverso il Bivacco Gervasutti, considerato una possibile zona prioritaria. Era gi\u00e0 stato sorvolato ieri, ma si riteneva da dover approfondire la perlustrazione a piedi e in volo. Una squadra \u00e8 stata quindi trasportata a Forcella Spe dall&#8217;elicottero dell&#8217;Air service center, convenzionato con il Soccorso alpino Dolomiti Bellunesi, per incamminarsi lungo il sentiero dismesso, una seconda squadra ha invece proseguito a bordo per una ricognizione dall&#8217;alto. Ed \u00e8 stato dall&#8217;elicottero che i soccorritori hanno individuato i due escursionisti in mezzo al bosco, vicini ai ruderi di Casera Col Cadorin. I volontari hanno intravisto l&#8217;uomo sul sentiero, un soccorritore si \u00e8 fatto subito sbarcare per parlare con lui e c&#8217;\u00e8 stata la conferma. La coppia, che stava bene, anche se provata dai lunghi giorni all&#8217;addiaccio, si trovava bloccata in quel luogo da luned\u00ec. Partiti dal Rifugio Pordenone, erano passati dalla Val Montanaia, erano scesi al Rifugio Pordenone per poi prendere il sentiero da Forcella Spe.<\/p>\n<p>Purtroppo erano stati costretti a fermarsi dalle condizioni improponibili del percorso, franato e con ripidi ghiaioni di pietra dura, senza riuscire a tornare sui propri passi. Si erano fermati nei pressi dei ruderi perch\u00e8 c&#8217;era un torrentello da cui si sono potuti almeno dissetare in tutti questi giorni. Ieri, dal loro racconto, avevano sentito gli elicotteri, ma non erano riusciti a farsi vedere. Tre volontari sono stati lasciati da loro per verificarne le condizioni e preparare il recupero. La coppia \u00e8 stata poi imbarcata sull&#8217;elicottero dell&#8217;Air service e trasportata assieme a un soccorritore del Centro Cadore al Rifugio Pordenone, per essere affidata al Soccorso alpino della Valcellina, che si stava muovendo sul proprio territorio.<\/p>\n<p>&nbsp;<\/p>","protected":false},"excerpt":{"rendered":"<p>Domegge di Cadore (BL), 07 &#8211; 07 &#8211; 2026\u00a0 \u00a0 Sono stati ritrovati e stanno bene i due escursionisti di Osimo dei quali non si aveva pi\u00f9 notizia da gioved\u00ec, da quando non c&#8217;era stato pi\u00f9 alcun contatto telefonico da parte di familiari e amici, mentre la coppa, lei 38 anni, lui 42, si trovava [&hellip;]<\/p>\n","protected":false},"author":2,"featured_media":171742,"comment_status":"closed","ping_status":"open","sticky":false,"template":"","format":"standard","meta":{"footnotes":""},"categories":[5,26],"tags":[],"class_list":["post-171740","post","type-post","status-publish","format-standard","has-post-thumbnail","category-cronaca","category-prima-pagina"],"yoast_head":"<!-- This site is optimized with the Yoast SEO plugin v28.4 - https:\/\/yoast.com\/product\/yoast-seo-wordpress\/ -->\n<title>Ritrovata la coppia di Osimo - Bellunopress - Dolomiti<\/title>\n<meta name=\"robots\" content=\"index, follow, max-snippet:-1, max-image-preview:large, max-video-preview:-1\" \/>\n<link rel=\"canonical\" href=\"https:\/\/www.bellunopress.it\/fr\/2026\/07\/07\/ritrovata-la-coppia-di-osimo\/\" \/>\n<meta property=\"og:locale\" content=\"fr_FR\" \/>\n<meta property=\"og:type\" content=\"article\" \/>\n<meta property=\"og:title\" content=\"Ritrovata la coppia di Osimo - Bellunopress - Dolomiti\" \/>\n<meta property=\"og:description\" content=\"Domegge di Cadore (BL), 07 &#8211; 07 &#8211; 2026\u00a0 \u00a0 Sono stati ritrovati e stanno bene i due escursionisti di Osimo dei quali non si aveva pi\u00f9 notizia da gioved\u00ec, da quando non c&#8217;era stato pi\u00f9 alcun contatto telefonico da parte di familiari e amici, mentre la coppa, lei 38 anni, lui 42, si trovava [&hellip;]\" \/>\n<meta property=\"og:url\" content=\"https:\/\/www.bellunopress.it\/fr\/2026\/07\/07\/ritrovata-la-coppia-di-osimo\/\" \/>\n<meta property=\"og:site_name\" content=\"Bellunopress - Dolomiti\" \/>\n<meta property=\"article:publisher\" content=\"https:\/\/www.facebook.com\/profile.php?id=100008943462799\" \/>\n<meta property=\"article:published_time\" content=\"2026-07-07T06:27:52+00:00\" \/>\n<meta property=\"article:modified_time\" content=\"2026-07-07T08:20:25+00:00\" \/>\n<meta property=\"og:image\" content=\"https:\/\/www.bellunopress.it\/wp-content\/uploads\/2026\/07\/soccorso-alpino.jpg\" \/>\n\t<meta property=\"og:image:width\" content=\"450\" \/>\n\t<meta property=\"og:image:height\" content=\"347\" \/>\n\t<meta property=\"og:image:type\" content=\"image\/jpeg\" \/>\n<meta name=\"author\" content=\"redazione\" \/>\n<meta name=\"twitter:card\" content=\"summary_large_image\" \/>\n<meta name=\"twitter:creator\" content=\"@bellunopress\" \/>\n<meta name=\"twitter:site\" content=\"@bellunopress\" \/>\n<meta name=\"twitter:label1\" content=\"\u00c9crit par\" \/>\n\t<meta name=\"twitter:data1\" content=\"redazione\" \/>\n\t<meta name=\"twitter:label2\" content=\"Dur\u00e9e de lecture estim\u00e9e\" \/>\n\t<meta name=\"twitter:data2\" content=\"3 minutes\" \/>\n<script type=\"application\/ld+json\" class=\"yoast-schema-graph\">{\"@context\":\"https:\\\/\\\/schema.org\",\"@graph\":[{\"@type\":\"Article\",\"@id\":\"https:\\\/\\\/www.bellunopress.it\\\/2026\\\/07\\\/07\\\/ritrovata-la-coppia-di-osimo\\\/#article\",\"isPartOf\":{\"@id\":\"https:\\\/\\\/www.bellunopress.it\\\/2026\\\/07\\\/07\\\/ritrovata-la-coppia-di-osimo\\\/\"},\"author\":{\"name\":\"redazione\",\"@id\":\"https:\\\/\\\/www.bellunopress.it\\\/#\\\/schema\\\/person\\\/79bb06722b37ece1c03d3e94beb30d73\"},\"headline\":\"Ritrovata la coppia di Osimo\",\"datePublished\":\"2026-07-07T06:27:52+00:00\",\"dateModified\":\"2026-07-07T08:20:25+00:00\",\"mainEntityOfPage\":{\"@id\":\"https:\\\/\\\/www.bellunopress.it\\\/2026\\\/07\\\/07\\\/ritrovata-la-coppia-di-osimo\\\/\"},\"wordCount\":476,\"publisher\":{\"@id\":\"https:\\\/\\\/www.bellunopress.it\\\/#organization\"},\"image\":{\"@id\":\"https:\\\/\\\/www.bellunopress.it\\\/2026\\\/07\\\/07\\\/ritrovata-la-coppia-di-osimo\\\/#primaryimage\"},\"thumbnailUrl\":\"https:\\\/\\\/www.bellunopress.it\\\/wp-content\\\/uploads\\\/2026\\\/07\\\/soccorso-alpino.jpg\",\"articleSection\":[\"Cronaca\\\/Politica\",\"Prima Pagina\"],\"inLanguage\":\"fr-FR\"},{\"@type\":\"WebPage\",\"@id\":\"https:\\\/\\\/www.bellunopress.it\\\/2026\\\/07\\\/07\\\/ritrovata-la-coppia-di-osimo\\\/\",\"url\":\"https:\\\/\\\/www.bellunopress.it\\\/2026\\\/07\\\/07\\\/ritrovata-la-coppia-di-osimo\\\/\",\"name\":\"Ritrovata la coppia di Osimo - Bellunopress - Dolomiti\",\"isPartOf\":{\"@id\":\"https:\\\/\\\/www.bellunopress.it\\\/#website\"},\"primaryImageOfPage\":{\"@id\":\"https:\\\/\\\/www.bellunopress.it\\\/2026\\\/07\\\/07\\\/ritrovata-la-coppia-di-osimo\\\/#primaryimage\"},\"image\":{\"@id\":\"https:\\\/\\\/www.bellunopress.it\\\/2026\\\/07\\\/07\\\/ritrovata-la-coppia-di-osimo\\\/#primaryimage\"},\"thumbnailUrl\":\"https:\\\/\\\/www.bellunopress.it\\\/wp-content\\\/uploads\\\/2026\\\/07\\\/soccorso-alpino.jpg\",\"datePublished\":\"2026-07-07T06:27:52+00:00\",\"dateModified\":\"2026-07-07T08:20:25+00:00\",\"breadcrumb\":{\"@id\":\"https:\\\/\\\/www.bellunopress.it\\\/2026\\\/07\\\/07\\\/ritrovata-la-coppia-di-osimo\\\/#breadcrumb\"},\"inLanguage\":\"fr-FR\",\"potentialAction\":[{\"@type\":\"ReadAction\",\"target\":[\"https:\\\/\\\/www.bellunopress.it\\\/2026\\\/07\\\/07\\\/ritrovata-la-coppia-di-osimo\\\/\"]}]},{\"@type\":\"ImageObject\",\"inLanguage\":\"fr-FR\",\"@id\":\"https:\\\/\\\/www.bellunopress.it\\\/2026\\\/07\\\/07\\\/ritrovata-la-coppia-di-osimo\\\/#primaryimage\",\"url\":\"https:\\\/\\\/www.bellunopress.it\\\/wp-content\\\/uploads\\\/2026\\\/07\\\/soccorso-alpino.jpg\",\"contentUrl\":\"https:\\\/\\\/www.bellunopress.it\\\/wp-content\\\/uploads\\\/2026\\\/07\\\/soccorso-alpino.jpg\",\"width\":450,\"height\":347},{\"@type\":\"BreadcrumbList\",\"@id\":\"https:\\\/\\\/www.bellunopress.it\\\/2026\\\/07\\\/07\\\/ritrovata-la-coppia-di-osimo\\\/#breadcrumb\",\"itemListElement\":[{\"@type\":\"ListItem\",\"position\":1,\"name\":\"Home\",\"item\":\"https:\\\/\\\/www.bellunopress.it\\\/\"},{\"@type\":\"ListItem\",\"position\":2,\"name\":\"Ritrovata la coppia di Osimo\"}]},{\"@type\":\"WebSite\",\"@id\":\"https:\\\/\\\/www.bellunopress.it\\\/#website\",\"url\":\"https:\\\/\\\/www.bellunopress.it\\\/\",\"name\":\"Bellunopress - Dolomiti\",\"description\":\"e-mail: redazione@bellunopress.it\",\"publisher\":{\"@id\":\"https:\\\/\\\/www.bellunopress.it\\\/#organization\"},\"potentialAction\":[{\"@type\":\"SearchAction\",\"target\":{\"@type\":\"EntryPoint\",\"urlTemplate\":\"https:\\\/\\\/www.bellunopress.it\\\/?s={search_term_string}\"},\"query-input\":{\"@type\":\"PropertyValueSpecification\",\"valueRequired\":true,\"valueName\":\"search_term_string\"}}],\"inLanguage\":\"fr-FR\"},{\"@type\":\"Organization\",\"@id\":\"https:\\\/\\\/www.bellunopress.it\\\/#organization\",\"name\":\"Bellunopress\",\"url\":\"https:\\\/\\\/www.bellunopress.it\\\/\",\"logo\":{\"@type\":\"ImageObject\",\"inLanguage\":\"fr-FR\",\"@id\":\"https:\\\/\\\/www.bellunopress.it\\\/#\\\/schema\\\/logo\\\/image\\\/\",\"url\":\"https:\\\/\\\/www.bellunopress.it\\\/wp-content\\\/uploads\\\/2011\\\/05\\\/cropped-logo-bellunopress-.jpg\",\"contentUrl\":\"https:\\\/\\\/www.bellunopress.it\\\/wp-content\\\/uploads\\\/2011\\\/05\\\/cropped-logo-bellunopress-.jpg\",\"width\":512,\"height\":512,\"caption\":\"Bellunopress\"},\"image\":{\"@id\":\"https:\\\/\\\/www.bellunopress.it\\\/#\\\/schema\\\/logo\\\/image\\\/\"},\"sameAs\":[\"https:\\\/\\\/www.facebook.com\\\/profile.php?id=100008943462799\",\"https:\\\/\\\/x.com\\\/bellunopress\",\"https:\\\/\\\/www.linkedin.com\\\/hp\\\/?dnr=JBzUWaJfMUw8vbXJJ2tVW5-I3jZKvC4wsoxE&amp;amp;amp;amp;amp;amp;trk=nav_responsive_tab_home\",\"https:\\\/\\\/www.youtube.com\\\/channel\\\/UCxL0wu1uN0_3_7hGG0306cw\"]},{\"@type\":\"Person\",\"@id\":\"https:\\\/\\\/www.bellunopress.it\\\/#\\\/schema\\\/person\\\/79bb06722b37ece1c03d3e94beb30d73\",\"name\":\"redazione\",\"image\":{\"@type\":\"ImageObject\",\"inLanguage\":\"fr-FR\",\"@id\":\"https:\\\/\\\/secure.gravatar.com\\\/avatar\\\/37d968a2e67a6fd04c169c4bdef102d0bc5d31b2546345219e348575eb80e9a0?s=96&d=mm&r=g\",\"url\":\"https:\\\/\\\/secure.gravatar.com\\\/avatar\\\/37d968a2e67a6fd04c169c4bdef102d0bc5d31b2546345219e348575eb80e9a0?s=96&d=mm&r=g\",\"contentUrl\":\"https:\\\/\\\/secure.gravatar.com\\\/avatar\\\/37d968a2e67a6fd04c169c4bdef102d0bc5d31b2546345219e348575eb80e9a0?s=96&d=mm&r=g\",\"caption\":\"redazione\"},\"sameAs\":[\"http:\\\/\\\/www.bellunopress.it\",\"https:\\\/\\\/x.com\\\/bellunopress\"],\"url\":\"https:\\\/\\\/www.bellunopress.it\\\/fr\\\/author\\\/redazione\\\/\"}]}<\/script>\n<!-- \/ Yoast SEO plugin. -->","yoast_head_json":{"title":"Ritrovata la coppia di Osimo - Bellunopress - Dolomiti","robots":{"index":"index","follow":"follow","max-snippet":"max-snippet:-1","max-image-preview":"max-image-preview:large","max-video-preview":"max-video-preview:-1"},"canonical":"https:\/\/www.bellunopress.it\/fr\/2026\/07\/07\/ritrovata-la-coppia-di-osimo\/","og_locale":"fr_FR","og_type":"article","og_title":"Ritrovata la coppia di Osimo - Bellunopress - Dolomiti","og_description":"Domegge di Cadore (BL), 07 &#8211; 07 &#8211; 2026\u00a0 \u00a0 Sono stati ritrovati e stanno bene i due escursionisti di Osimo dei quali non si aveva pi\u00f9 notizia da gioved\u00ec, da quando non c&#8217;era stato pi\u00f9 alcun contatto telefonico da parte di familiari e amici, mentre la coppa, lei 38 anni, lui 42, si trovava [&hellip;]","og_url":"https:\/\/www.bellunopress.it\/fr\/2026\/07\/07\/ritrovata-la-coppia-di-osimo\/","og_site_name":"Bellunopress - Dolomiti","article_publisher":"https:\/\/www.facebook.com\/profile.php?id=100008943462799","article_published_time":"2026-07-07T06:27:52+00:00","article_modified_time":"2026-07-07T08:20:25+00:00","og_image":[{"width":450,"height":347,"url":"https:\/\/www.bellunopress.it\/wp-content\/uploads\/2026\/07\/soccorso-alpino.jpg","type":"image\/jpeg"}],"author":"redazione","twitter_card":"summary_large_image","twitter_creator":"@bellunopress","twitter_site":"@bellunopress","twitter_misc":{"\u00c9crit par":"redazione","Dur\u00e9e de lecture estim\u00e9e":"3 minutes"},"schema":{"@context":"https:\/\/schema.org","@graph":[{"@type":"Article","@id":"https:\/\/www.bellunopress.it\/2026\/07\/07\/ritrovata-la-coppia-di-osimo\/#article","isPartOf":{"@id":"https:\/\/www.bellunopress.it\/2026\/07\/07\/ritrovata-la-coppia-di-osimo\/"},"author":{"name":"redazione","@id":"https:\/\/www.bellunopress.it\/#\/schema\/person\/79bb06722b37ece1c03d3e94beb30d73"},"headline":"Ritrovata la coppia di Osimo","datePublished":"2026-07-07T06:27:52+00:00","dateModified":"2026-07-07T08:20:25+00:00","mainEntityOfPage":{"@id":"https:\/\/www.bellunopress.it\/2026\/07\/07\/ritrovata-la-coppia-di-osimo\/"},"wordCount":476,"publisher":{"@id":"https:\/\/www.bellunopress.it\/#organization"},"image":{"@id":"https:\/\/www.bellunopress.it\/2026\/07\/07\/ritrovata-la-coppia-di-osimo\/#primaryimage"},"thumbnailUrl":"https:\/\/www.bellunopress.it\/wp-content\/uploads\/2026\/07\/soccorso-alpino.jpg","articleSection":["Cronaca\/Politica","Prima Pagina"],"inLanguage":"fr-FR"},{"@type":"WebPage","@id":"https:\/\/www.bellunopress.it\/2026\/07\/07\/ritrovata-la-coppia-di-osimo\/","url":"https:\/\/www.bellunopress.it\/2026\/07\/07\/ritrovata-la-coppia-di-osimo\/","name":"Ritrovata la coppia di Osimo - Bellunopress - Dolomiti","isPartOf":{"@id":"https:\/\/www.bellunopress.it\/#website"},"primaryImageOfPage":{"@id":"https:\/\/www.bellunopress.it\/2026\/07\/07\/ritrovata-la-coppia-di-osimo\/#primaryimage"},"image":{"@id":"https:\/\/www.bellunopress.it\/2026\/07\/07\/ritrovata-la-coppia-di-osimo\/#primaryimage"},"thumbnailUrl":"https:\/\/www.bellunopress.it\/wp-content\/uploads\/2026\/07\/soccorso-alpino.jpg","datePublished":"2026-07-07T06:27:52+00:00","dateModified":"2026-07-07T08:20:25+00:00","breadcrumb":{"@id":"https:\/\/www.bellunopress.it\/2026\/07\/07\/ritrovata-la-coppia-di-osimo\/#breadcrumb"},"inLanguage":"fr-FR","potentialAction":[{"@type":"ReadAction","target":["https:\/\/www.bellunopress.it\/2026\/07\/07\/ritrovata-la-coppia-di-osimo\/"]}]},{"@type":"ImageObject","inLanguage":"fr-FR","@id":"https:\/\/www.bellunopress.it\/2026\/07\/07\/ritrovata-la-coppia-di-osimo\/#primaryimage","url":"https:\/\/www.bellunopress.it\/wp-content\/uploads\/2026\/07\/soccorso-alpino.jpg","contentUrl":"https:\/\/www.bellunopress.it\/wp-content\/uploads\/2026\/07\/soccorso-alpino.jpg","width":450,"height":347},{"@type":"BreadcrumbList","@id":"https:\/\/www.bellunopress.it\/2026\/07\/07\/ritrovata-la-coppia-di-osimo\/#breadcrumb","itemListElement":[{"@type":"ListItem","position":1,"name":"Home","item":"https:\/\/www.bellunopress.it\/"},{"@type":"ListItem","position":2,"name":"Ritrovata la coppia di Osimo"}]},{"@type":"WebSite","@id":"https:\/\/www.bellunopress.it\/#website","url":"https:\/\/www.bellunopress.it\/","name":"Bellunopress - Dolomiti","description":"e-mail: redazione@bellunopress.it","publisher":{"@id":"https:\/\/www.bellunopress.it\/#organization"},"potentialAction":[{"@type":"SearchAction","target":{"@type":"EntryPoint","urlTemplate":"https:\/\/www.bellunopress.it\/?s={search_term_string}"},"query-input":{"@type":"PropertyValueSpecification","valueRequired":true,"valueName":"search_term_string"}}],"inLanguage":"fr-FR"},{"@type":"Organization","@id":"https:\/\/www.bellunopress.it\/#organization","name":"Bellunopress","url":"https:\/\/www.bellunopress.it\/","logo":{"@type":"ImageObject","inLanguage":"fr-FR","@id":"https:\/\/www.bellunopress.it\/#\/schema\/logo\/image\/","url":"https:\/\/www.bellunopress.it\/wp-content\/uploads\/2011\/05\/cropped-logo-bellunopress-.jpg","contentUrl":"https:\/\/www.bellunopress.it\/wp-content\/uploads\/2011\/05\/cropped-logo-bellunopress-.jpg","width":512,"height":512,"caption":"Bellunopress"},"image":{"@id":"https:\/\/www.bellunopress.it\/#\/schema\/logo\/image\/"},"sameAs":["https:\/\/www.facebook.com\/profile.php?id=100008943462799","https:\/\/x.com\/bellunopress","https:\/\/www.linkedin.com\/hp\/?dnr=JBzUWaJfMUw8vbXJJ2tVW5-I3jZKvC4wsoxE&amp;amp;amp;amp;amp;amp;trk=nav_responsive_tab_home","https:\/\/www.youtube.com\/channel\/UCxL0wu1uN0_3_7hGG0306cw"]},{"@type":"Person","@id":"https:\/\/www.bellunopress.it\/#\/schema\/person\/79bb06722b37ece1c03d3e94beb30d73","name":"r\u00e9daction","image":{"@type":"ImageObject","inLanguage":"fr-FR","@id":"https:\/\/secure.gravatar.com\/avatar\/37d968a2e67a6fd04c169c4bdef102d0bc5d31b2546345219e348575eb80e9a0?s=96&d=mm&r=g","url":"https:\/\/secure.gravatar.com\/avatar\/37d968a2e67a6fd04c169c4bdef102d0bc5d31b2546345219e348575eb80e9a0?s=96&d=mm&r=g","contentUrl":"https:\/\/secure.gravatar.com\/avatar\/37d968a2e67a6fd04c169c4bdef102d0bc5d31b2546345219e348575eb80e9a0?s=96&d=mm&r=g","caption":"redazione"},"sameAs":["http:\/\/www.bellunopress.it","https:\/\/x.com\/bellunopress"],"url":"https:\/\/www.bellunopress.it\/fr\/author\/redazione\/"}]}},"_links":{"self":[{"href":"https:\/\/www.bellunopress.it\/fr\/wp-json\/wp\/v2\/posts\/171740","targetHints":{"allow":["GET"]}}],"collection":[{"href":"https:\/\/www.bellunopress.it\/fr\/wp-json\/wp\/v2\/posts"}],"about":[{"href":"https:\/\/www.bellunopress.it\/fr\/wp-json\/wp\/v2\/types\/post"}],"author":[{"embeddable":true,"href":"https:\/\/www.bellunopress.it\/fr\/wp-json\/wp\/v2\/users\/2"}],"replies":[{"embeddable":true,"href":"https:\/\/www.bellunopress.it\/fr\/wp-json\/wp\/v2\/comments?post=171740"}],"version-history":[{"count":3,"href":"https:\/\/www.bellunopress.it\/fr\/wp-json\/wp\/v2\/posts\/171740\/revisions"}],"predecessor-version":[{"id":171746,"href":"https:\/\/www.bellunopress.it\/fr\/wp-json\/wp\/v2\/posts\/171740\/revisions\/171746"}],"wp:featuredmedia":[{"embeddable":true,"href":"https:\/\/www.bellunopress.it\/fr\/wp-json\/wp\/v2\/media\/171742"}],"wp:attachment":[{"href":"https:\/\/www.bellunopress.it\/fr\/wp-json\/wp\/v2\/media?parent=171740"}],"wp:term":[{"taxonomy":"category","embeddable":true,"href":"https:\/\/www.bellunopress.it\/fr\/wp-json\/wp\/v2\/categories?post=171740"},{"taxonomy":"post_tag","embeddable":true,"href":"https:\/\/www.bellunopress.it\/fr\/wp-json\/wp\/v2\/tags?post=171740"}],"curies":[{"name":"wp","href":"https:\/\/api.w.org\/{rel}","templated":true}]}}