{"id":171734,"date":"2026-07-07T07:57:01","date_gmt":"2026-07-07T05:57:01","guid":{"rendered":"https:\/\/www.bellunopress.it\/?p=171734"},"modified":"2026-07-07T07:57:01","modified_gmt":"2026-07-07T05:57:01","slug":"biodiversita-e-paradossi-ecologici-nelle-dolomiti-svelati-i-segreti-dei-laghi-bellunesi","status":"publish","type":"post","link":"https:\/\/www.bellunopress.it\/fr\/2026\/07\/07\/biodiversita-e-paradossi-ecologici-nelle-dolomiti-svelati-i-segreti-dei-laghi-bellunesi\/","title":{"rendered":"Biodiversit\u00e0 e paradossi ecologici nelle Dolomiti: svelati i segreti dei laghi bellunesi"},"content":{"rendered":"<p><strong>Dall&#8217;alieno goloso di polenta all&#8217;enigma genetico del &#8220;San Pierotto&#8221;<\/strong><\/p>\n<p>Si \u00e8 tenuto venerd\u00ec scorso, 3 luglio, al Museo di Storia Naturale dell&#8217;Alpago l&#8217;approfondimento sulla fauna ittica e sulle opportunit\u00e0 turistiche legate alla pesca nel Bellunese.<\/p>\n<p>Ad iniziare \u00e8 stata Lisa Azzalini del Corpo di Polizia Provinciale con la visita guidata alla sezione di ittiologia, supportata dall&#8217;esperienza sul campo di Marco Pedol e dall&#8217;intervento del dott. Paolo Capovilla, esperto veterinario dell&#8217;Ulss n. 1 Dolomiti. Un mix di competenze che ha trasformato l&#8217;occasione in un confronto approfondito, capace di toccare tutti gli aspetti pi\u00f9 importanti che caratterizzano la biodiversit\u00e0 delle acque della provincia, tracciandone lo stato di salute e le dinamiche evolutive in essere. \u00c8 emerso il ritratto di un ecosistema affascinante ma fragile, sospeso tra il rischio di invasioni biologiche e paradossi ecologici moderni.<\/p>\n<p>L&#8217;incontro ha offerto uno spaccato inedito e curioso sulla biodiversit\u00e0 dei bacini dolomitici, a partire da un vero e proprio mistero biologico risolto dalla genetica: quello del &#8220;San Pierotto&#8221;. Ritenuto per anni una specie autoctona a s\u00e9 stante nel Lago di Santa Croce, i test hanno rivelato che si tratta in realt\u00e0 di un ibrido naturale intergenerico tra cavedano e alborella, come ha spiegato Capovilla. Una specificit\u00e0 locale oggi purtroppo a rischio di estinzione a causa dell&#8217;interramento dei letti di frega nel fiume Tesa.<\/p>\n<p>A preoccupare \u00e8 per\u00f2 soprattutto l&#8217;invasione delle specie alloctone. Nel Lago di Santa Croce si registra un boom di catture di Luccio Perca, con venti esemplari registrati in pochi giorni, come testimoniano Azzalini e Pedol. Un predatore temibile che nel Bellunese sta mostrando un comportamento insolitamente opportunista: sono stati infatti documentati casi di esemplari che abboccano a esche vegetali atipiche come mais e polenta. Per tutelare le specie native, la normativa impone ai pescatori l&#8217;eradicazione obbligatoria e il divieto assoluto di rilascio.<\/p>\n<p>Di segno opposto la situazione in Val Turcana, confermatasi oasi d&#8217;eccellenza per la conservazione del Gambero dalle zampe bianche. Le analisi del DNA ambientale hanno censito una popolazione eccezionalmente vitale, con esemplari tra i pi\u00f9 grandi mai registrati in Veneto. Un vero monumento biologico, considerando che questa specie protetta impiega dai 5 ai 7 anni di vita per arrivare a pochi grammi di biomassa. \u00c8 fondamentale tutelarlo e fare tesoro della sua particolare sensibilit\u00e0, che gli permette di vivere solo in acque incontaminate.<\/p>\n<p>Infine, gli esperti hanno sollevato un paradosso ecologico: un&#8217;acqua troppo &#8220;pulita&#8221; rischia di essere sterile. La purezza oligotrofica estrema di alcuni laghi alpini si traduce infatti in una carenza di nutrienti e microrganismi, privando la fauna ittica della base alimentare.<\/p>\n<p>Tra specie simbolo da proteggere a ogni costo \u2013 come la Trota Marmorata, per cui vige il divieto assoluto di prelievo \u2013 e specie adattate ad alta quota che manifestano forme di nanismo in carenza di proteine (come i salmerini alpini), la gestione delle acque bellunesi richiede oggi strumenti operativi moderni e mappature genetiche costanti per coniugare la conservazione della biodiversit\u00e0 alla vigilanza sul territorio.<\/p>\n<p>Vince il sistema basato sulla sinergia tra enti e associazioni<\/p>\n<p>A seguire, la parola \u00e8 passata al Comune di Chies d&#8217;Alpago, che ha ringraziato innanzitutto la Pro Loco e i suoi volontari per il prezioso servizio che svolgono al Museo. Sono intervenuti quindi Elisa Calcamuggi della DMO Dolomiti Bellunesi, Claudio Canova, presidente dell&#8217;Associazione dei Bacini Bellunesi, Eros Viel per l&#8217;Associazione di promozione turistica Alpago-Cansiglio e Marco Pedol. I loro interventi hanno dato vita a un dialogo che ha messo a confronto diversi punti di vista e ruoli, permettendo di sviluppare importanti ragionamenti sulle opportunit\u00e0 di sviluppo legate al pescaturismo in un&#8217;ottica di sostenibilit\u00e0 sociale, economica e ambientale per il Bellunese.<\/p>\n<p>&#8220;Una efficace strategia di marketing territoriale, promossa dalla DMO Dolomiti Bellunesi in collaborazione con la Provincia di Belluno e i Bacini di Pesca \u2013 ha spiegato Calcamuggi \u2013 sta trasformando la pesca sportiva d&#8217;acque interne in un prodotto turistico strutturato e di respiro internazionale&#8221;. Presentata lo scorso anno in occasione della fiera Caccia, Pesca e Natura di Longarone, l&#8217;iniziativa mira a intercettare il segmento d&#8217;\u00e9lite dei pescatori d&#8217;acque interne, in particolare gli appassionati di pesca a mosca e carpfishing. Questo target alto-spendente, fortemente fidelizzato e orientato ai principi del catch and release, genera flussi economici stabili e di alto valore sull&#8217;intera filiera ricettiva bellunese, allontanandosi dalle dinamiche del turismo &#8220;mordi e fuggi&#8221;. Per favorire l&#8217;accesso dei visitatori stranieri e abbattere le barriere burocratiche, sono stati realizzati degli strumenti informativi e cartografici specifici per i 12 Bacini di Pesca provinciali, che offrono mappature dettagliate delle zone no-kill e dei tratti trofeo. L&#8217;attivit\u00e0 \u00e8 volta a consolidare il brand delle Dolomiti Bellunesi attraverso la valorizzazione di un patrimonio ambientale d&#8217;eccellenza, capace di coniugare la purezza delle acque e la conservazione di specie native con lo sviluppo economico e ricettivo locale (www.visitdolomitibellunesi.com\/it\/cosa-fare\/pesca).<\/p>\n<p>Fondamentale, come ha spiegato Canova, \u00e8 il lavoro svolto dai Bacini di Pesca, che permette di coniugare sport, turismo e tutela del territorio. Forti del successo dell&#8217;evento per famiglie al Lago del Corlo, i Bacini replicheranno l&#8217;iniziativa a Lagole e poi al Lago di Santa Croce, offrendo permessi gratuiti per i bambini. L&#8217;incontro ha coinciso con due importanti riconoscimenti istituzionali per il presidente Canova, nominato coordinatore regionale di AICS Ambiente e Presidente nazionale di AICS Pesca. La doppia carica consentir\u00e0 di portare le istanze delle Dolomiti direttamente sui tavoli romani, potendo contare su una rete di 325 associazioni. Grazie alla sinergia con la Provincia, sono gi\u00e0 state autorizzate le selezioni per la nascita di nuove Guardie volontarie ittiche e l&#8217;istituzione di corsi per Guide Ambientali, figure cruciali per accompagnare i turisti alla scoperta di ambienti complessi e selvaggi. Sul fronte della comunicazione, la grande novit\u00e0 invernale sar\u00e0 il lancio di una nuova rivista cartacea ufficiale. La pubblicazione affiancher\u00e0 il portale web &#8220;Pescare nelle Dolomiti&#8221; e insieme valorizzeranno l&#8217;immenso archivio di foto e filmati dell&#8217;associazione. Si tratter\u00e0 di un vero strumento di marketing territoriale rivolto ai pescatori sportivi di tutto il mondo, pronti a viaggiare per vivere un&#8217;esperienza unica e sostenibile nei nostri bacini alpini (www.pescarenelledolomiti.it).<\/p>\n<p>In particolare, il turismo legato alla pesca a mosca rappresenta una risorsa straordinaria per le Dolomiti, capace di attrarre visitatori internazionali, come i pescatori americani, non solo per l&#8217;attivit\u00e0 sportiva ma per l&#8217;intero patrimonio storico, montano e naturalistico tutelato dall&#8217;UNESCO. Come sottolineato dall&#8217;esperto pescatore e accompagnatore Marco Pedol, questo segmento non si rivolge al mercato di massa, ma a una nicchia di appassionati che praticano tecniche specialistiche e utilizzano esche artificiali costruite artigianalmente. A fare la differenza rispetto ad altre discipline \u00e8 la raffinata dinamica del lancio, che richiede abilit\u00e0 specifiche. L&#8217;attivit\u00e0 degli accompagnatori sul territorio, unita alla sinergia con i gestori locali, si rivela strategica per valorizzare l&#8217;offerta turistica oltre i confini regionali. Questo circolo virtuoso si ricollega direttamente alla gestione dei bacini idrografici e all&#8217;opera fondamentale del volontariato, oggi pi\u00f9 che mai cruciale per garantire la salvaguardia degli habitat fluviali, nonch\u00e9 la tutela e la rigenerazione della fauna delle acque bellunesi.<\/p>\n<p>Anche in questo caso, la riuscita del modello legato al turismo d&#8217;esperienza risiede nella capacit\u00e0 di fare rete, fondandosi sulla stretta convergenza tra la gestione tecnica e biologica delle acque e le azioni di marketing territoriale. In questo sistema, operato quotidianamente dal volontariato e dalla vigilanza dei Bacini di Pesca della provincia di Belluno, i pescatori esperti e gli accompagnatori naturalistici sul campo agiscono come veri e propri ambasciatori e primo biglietto da visita della destinazione. Di conseguenza, la sostenibilit\u00e0 ambientale e la purezza biologica delle acque alpine si confermano non solo come un dovere di conservazione, ma come la precondizione fondamentale per la competitivit\u00e0 economica del territorio.<\/p>","protected":false},"excerpt":{"rendered":"<p>Dall&#8217;alieno goloso di polenta all&#8217;enigma genetico del &#8220;San Pierotto&#8221; Si \u00e8 tenuto venerd\u00ec scorso, 3 luglio, al Museo di Storia Naturale dell&#8217;Alpago l&#8217;approfondimento sulla fauna ittica e sulle opportunit\u00e0 turistiche legate alla pesca nel Bellunese. Ad iniziare \u00e8 stata Lisa Azzalini del Corpo di Polizia Provinciale con la visita guidata alla sezione di ittiologia, supportata [&hellip;]<\/p>\n","protected":false},"author":2,"featured_media":171735,"comment_status":"closed","ping_status":"open","sticky":false,"template":"","format":"standard","meta":{"footnotes":""},"categories":[38,8],"tags":[],"class_list":["post-171734","post","type-post","status-publish","format-standard","has-post-thumbnail","category-natura-ambiente","category-societa-istituzioni"],"yoast_head":"<!-- This site is optimized with the Yoast SEO plugin v28.4 - https:\/\/yoast.com\/product\/yoast-seo-wordpress\/ -->\n<title>Biodiversit\u00e0 e paradossi ecologici nelle Dolomiti: svelati i segreti dei laghi bellunesi - Bellunopress - Dolomiti<\/title>\n<meta name=\"robots\" content=\"index, follow, max-snippet:-1, max-image-preview:large, max-video-preview:-1\" \/>\n<link rel=\"canonical\" href=\"https:\/\/www.bellunopress.it\/fr\/2026\/07\/07\/biodiversita-e-paradossi-ecologici-nelle-dolomiti-svelati-i-segreti-dei-laghi-bellunesi\/\" \/>\n<meta property=\"og:locale\" content=\"fr_FR\" \/>\n<meta property=\"og:type\" content=\"article\" \/>\n<meta property=\"og:title\" content=\"Biodiversit\u00e0 e paradossi ecologici nelle Dolomiti: svelati i segreti dei laghi bellunesi - Bellunopress - Dolomiti\" \/>\n<meta property=\"og:description\" content=\"Dall&#8217;alieno goloso di polenta all&#8217;enigma genetico del &#8220;San Pierotto&#8221; Si \u00e8 tenuto venerd\u00ec scorso, 3 luglio, al Museo di Storia Naturale dell&#8217;Alpago l&#8217;approfondimento sulla fauna ittica e sulle opportunit\u00e0 turistiche legate alla pesca nel Bellunese. Ad iniziare \u00e8 stata Lisa Azzalini del Corpo di Polizia Provinciale con la visita guidata alla sezione di ittiologia, supportata [&hellip;]\" \/>\n<meta property=\"og:url\" content=\"https:\/\/www.bellunopress.it\/fr\/2026\/07\/07\/biodiversita-e-paradossi-ecologici-nelle-dolomiti-svelati-i-segreti-dei-laghi-bellunesi\/\" \/>\n<meta property=\"og:site_name\" content=\"Bellunopress - Dolomiti\" \/>\n<meta property=\"article:publisher\" content=\"https:\/\/www.facebook.com\/profile.php?id=100008943462799\" \/>\n<meta property=\"article:published_time\" content=\"2026-07-07T05:57:01+00:00\" \/>\n<meta property=\"og:image\" content=\"https:\/\/www.bellunopress.it\/wp-content\/uploads\/2026\/07\/Marco-Pedol.jpg\" \/>\n\t<meta property=\"og:image:width\" content=\"570\" \/>\n\t<meta property=\"og:image:height\" content=\"276\" \/>\n\t<meta property=\"og:image:type\" content=\"image\/jpeg\" \/>\n<meta name=\"author\" content=\"redazione\" \/>\n<meta name=\"twitter:card\" content=\"summary_large_image\" \/>\n<meta name=\"twitter:creator\" content=\"@bellunopress\" \/>\n<meta name=\"twitter:site\" content=\"@bellunopress\" \/>\n<meta name=\"twitter:label1\" content=\"Written by\" \/>\n\t<meta name=\"twitter:data1\" content=\"redazione\" \/>\n\t<meta name=\"twitter:label2\" content=\"Est. reading time\" \/>\n\t<meta name=\"twitter:data2\" content=\"7 minutes\" \/>\n<script type=\"application\/ld+json\" class=\"yoast-schema-graph\">{\"@context\":\"https:\\\/\\\/schema.org\",\"@graph\":[{\"@type\":\"Article\",\"@id\":\"https:\\\/\\\/www.bellunopress.it\\\/2026\\\/07\\\/07\\\/biodiversita-e-paradossi-ecologici-nelle-dolomiti-svelati-i-segreti-dei-laghi-bellunesi\\\/#article\",\"isPartOf\":{\"@id\":\"https:\\\/\\\/www.bellunopress.it\\\/2026\\\/07\\\/07\\\/biodiversita-e-paradossi-ecologici-nelle-dolomiti-svelati-i-segreti-dei-laghi-bellunesi\\\/\"},\"author\":{\"name\":\"redazione\",\"@id\":\"https:\\\/\\\/www.bellunopress.it\\\/#\\\/schema\\\/person\\\/79bb06722b37ece1c03d3e94beb30d73\"},\"headline\":\"Biodiversit\u00e0 e paradossi ecologici nelle Dolomiti: svelati i segreti dei laghi bellunesi\",\"datePublished\":\"2026-07-07T05:57:01+00:00\",\"mainEntityOfPage\":{\"@id\":\"https:\\\/\\\/www.bellunopress.it\\\/2026\\\/07\\\/07\\\/biodiversita-e-paradossi-ecologici-nelle-dolomiti-svelati-i-segreti-dei-laghi-bellunesi\\\/\"},\"wordCount\":1293,\"publisher\":{\"@id\":\"https:\\\/\\\/www.bellunopress.it\\\/#organization\"},\"image\":{\"@id\":\"https:\\\/\\\/www.bellunopress.it\\\/2026\\\/07\\\/07\\\/biodiversita-e-paradossi-ecologici-nelle-dolomiti-svelati-i-segreti-dei-laghi-bellunesi\\\/#primaryimage\"},\"thumbnailUrl\":\"https:\\\/\\\/www.bellunopress.it\\\/wp-content\\\/uploads\\\/2026\\\/07\\\/Marco-Pedol.jpg\",\"articleSection\":[\"Meteo, natura, ambiente, animali\",\"Societ\u00e0, Associazioni, Istituzioni\"],\"inLanguage\":\"fr-FR\"},{\"@type\":\"WebPage\",\"@id\":\"https:\\\/\\\/www.bellunopress.it\\\/2026\\\/07\\\/07\\\/biodiversita-e-paradossi-ecologici-nelle-dolomiti-svelati-i-segreti-dei-laghi-bellunesi\\\/\",\"url\":\"https:\\\/\\\/www.bellunopress.it\\\/2026\\\/07\\\/07\\\/biodiversita-e-paradossi-ecologici-nelle-dolomiti-svelati-i-segreti-dei-laghi-bellunesi\\\/\",\"name\":\"Biodiversit\u00e0 e paradossi ecologici nelle Dolomiti: svelati i segreti dei laghi bellunesi - Bellunopress - Dolomiti\",\"isPartOf\":{\"@id\":\"https:\\\/\\\/www.bellunopress.it\\\/#website\"},\"primaryImageOfPage\":{\"@id\":\"https:\\\/\\\/www.bellunopress.it\\\/2026\\\/07\\\/07\\\/biodiversita-e-paradossi-ecologici-nelle-dolomiti-svelati-i-segreti-dei-laghi-bellunesi\\\/#primaryimage\"},\"image\":{\"@id\":\"https:\\\/\\\/www.bellunopress.it\\\/2026\\\/07\\\/07\\\/biodiversita-e-paradossi-ecologici-nelle-dolomiti-svelati-i-segreti-dei-laghi-bellunesi\\\/#primaryimage\"},\"thumbnailUrl\":\"https:\\\/\\\/www.bellunopress.it\\\/wp-content\\\/uploads\\\/2026\\\/07\\\/Marco-Pedol.jpg\",\"datePublished\":\"2026-07-07T05:57:01+00:00\",\"breadcrumb\":{\"@id\":\"https:\\\/\\\/www.bellunopress.it\\\/2026\\\/07\\\/07\\\/biodiversita-e-paradossi-ecologici-nelle-dolomiti-svelati-i-segreti-dei-laghi-bellunesi\\\/#breadcrumb\"},\"inLanguage\":\"fr-FR\",\"potentialAction\":[{\"@type\":\"ReadAction\",\"target\":[\"https:\\\/\\\/www.bellunopress.it\\\/2026\\\/07\\\/07\\\/biodiversita-e-paradossi-ecologici-nelle-dolomiti-svelati-i-segreti-dei-laghi-bellunesi\\\/\"]}]},{\"@type\":\"ImageObject\",\"inLanguage\":\"fr-FR\",\"@id\":\"https:\\\/\\\/www.bellunopress.it\\\/2026\\\/07\\\/07\\\/biodiversita-e-paradossi-ecologici-nelle-dolomiti-svelati-i-segreti-dei-laghi-bellunesi\\\/#primaryimage\",\"url\":\"https:\\\/\\\/www.bellunopress.it\\\/wp-content\\\/uploads\\\/2026\\\/07\\\/Marco-Pedol.jpg\",\"contentUrl\":\"https:\\\/\\\/www.bellunopress.it\\\/wp-content\\\/uploads\\\/2026\\\/07\\\/Marco-Pedol.jpg\",\"width\":570,\"height\":276,\"caption\":\"Marco Pedol alla conferenza in Alpago sulla biodiversit\u00e0 dei laghi bellunesi\"},{\"@type\":\"BreadcrumbList\",\"@id\":\"https:\\\/\\\/www.bellunopress.it\\\/2026\\\/07\\\/07\\\/biodiversita-e-paradossi-ecologici-nelle-dolomiti-svelati-i-segreti-dei-laghi-bellunesi\\\/#breadcrumb\",\"itemListElement\":[{\"@type\":\"ListItem\",\"position\":1,\"name\":\"Home\",\"item\":\"https:\\\/\\\/www.bellunopress.it\\\/\"},{\"@type\":\"ListItem\",\"position\":2,\"name\":\"Biodiversit\u00e0 e paradossi ecologici nelle Dolomiti: svelati i segreti dei laghi bellunesi\"}]},{\"@type\":\"WebSite\",\"@id\":\"https:\\\/\\\/www.bellunopress.it\\\/#website\",\"url\":\"https:\\\/\\\/www.bellunopress.it\\\/\",\"name\":\"Bellunopress - Dolomiti\",\"description\":\"e-mail: redazione@bellunopress.it\",\"publisher\":{\"@id\":\"https:\\\/\\\/www.bellunopress.it\\\/#organization\"},\"potentialAction\":[{\"@type\":\"SearchAction\",\"target\":{\"@type\":\"EntryPoint\",\"urlTemplate\":\"https:\\\/\\\/www.bellunopress.it\\\/?s={search_term_string}\"},\"query-input\":{\"@type\":\"PropertyValueSpecification\",\"valueRequired\":true,\"valueName\":\"search_term_string\"}}],\"inLanguage\":\"fr-FR\"},{\"@type\":\"Organization\",\"@id\":\"https:\\\/\\\/www.bellunopress.it\\\/#organization\",\"name\":\"Bellunopress\",\"url\":\"https:\\\/\\\/www.bellunopress.it\\\/\",\"logo\":{\"@type\":\"ImageObject\",\"inLanguage\":\"fr-FR\",\"@id\":\"https:\\\/\\\/www.bellunopress.it\\\/#\\\/schema\\\/logo\\\/image\\\/\",\"url\":\"https:\\\/\\\/www.bellunopress.it\\\/wp-content\\\/uploads\\\/2011\\\/05\\\/cropped-logo-bellunopress-.jpg\",\"contentUrl\":\"https:\\\/\\\/www.bellunopress.it\\\/wp-content\\\/uploads\\\/2011\\\/05\\\/cropped-logo-bellunopress-.jpg\",\"width\":512,\"height\":512,\"caption\":\"Bellunopress\"},\"image\":{\"@id\":\"https:\\\/\\\/www.bellunopress.it\\\/#\\\/schema\\\/logo\\\/image\\\/\"},\"sameAs\":[\"https:\\\/\\\/www.facebook.com\\\/profile.php?id=100008943462799\",\"https:\\\/\\\/x.com\\\/bellunopress\",\"https:\\\/\\\/www.linkedin.com\\\/hp\\\/?dnr=JBzUWaJfMUw8vbXJJ2tVW5-I3jZKvC4wsoxE&amp;amp;amp;amp;amp;amp;trk=nav_responsive_tab_home\",\"https:\\\/\\\/www.youtube.com\\\/channel\\\/UCxL0wu1uN0_3_7hGG0306cw\"]},{\"@type\":\"Person\",\"@id\":\"https:\\\/\\\/www.bellunopress.it\\\/#\\\/schema\\\/person\\\/79bb06722b37ece1c03d3e94beb30d73\",\"name\":\"redazione\",\"image\":{\"@type\":\"ImageObject\",\"inLanguage\":\"fr-FR\",\"@id\":\"https:\\\/\\\/secure.gravatar.com\\\/avatar\\\/37d968a2e67a6fd04c169c4bdef102d0bc5d31b2546345219e348575eb80e9a0?s=96&d=mm&r=g\",\"url\":\"https:\\\/\\\/secure.gravatar.com\\\/avatar\\\/37d968a2e67a6fd04c169c4bdef102d0bc5d31b2546345219e348575eb80e9a0?s=96&d=mm&r=g\",\"contentUrl\":\"https:\\\/\\\/secure.gravatar.com\\\/avatar\\\/37d968a2e67a6fd04c169c4bdef102d0bc5d31b2546345219e348575eb80e9a0?s=96&d=mm&r=g\",\"caption\":\"redazione\"},\"sameAs\":[\"http:\\\/\\\/www.bellunopress.it\",\"https:\\\/\\\/x.com\\\/bellunopress\"],\"url\":\"https:\\\/\\\/www.bellunopress.it\\\/fr\\\/author\\\/redazione\\\/\"}]}<\/script>\n<!-- \/ Yoast SEO plugin. -->","yoast_head_json":{"title":"Biodiversit\u00e0 e paradossi ecologici nelle Dolomiti: svelati i segreti dei laghi bellunesi - Bellunopress - Dolomiti","robots":{"index":"index","follow":"follow","max-snippet":"max-snippet:-1","max-image-preview":"max-image-preview:large","max-video-preview":"max-video-preview:-1"},"canonical":"https:\/\/www.bellunopress.it\/fr\/2026\/07\/07\/biodiversita-e-paradossi-ecologici-nelle-dolomiti-svelati-i-segreti-dei-laghi-bellunesi\/","og_locale":"fr_FR","og_type":"article","og_title":"Biodiversit\u00e0 e paradossi ecologici nelle Dolomiti: svelati i segreti dei laghi bellunesi - Bellunopress - Dolomiti","og_description":"Dall&#8217;alieno goloso di polenta all&#8217;enigma genetico del &#8220;San Pierotto&#8221; Si \u00e8 tenuto venerd\u00ec scorso, 3 luglio, al Museo di Storia Naturale dell&#8217;Alpago l&#8217;approfondimento sulla fauna ittica e sulle opportunit\u00e0 turistiche legate alla pesca nel Bellunese. Ad iniziare \u00e8 stata Lisa Azzalini del Corpo di Polizia Provinciale con la visita guidata alla sezione di ittiologia, supportata [&hellip;]","og_url":"https:\/\/www.bellunopress.it\/fr\/2026\/07\/07\/biodiversita-e-paradossi-ecologici-nelle-dolomiti-svelati-i-segreti-dei-laghi-bellunesi\/","og_site_name":"Bellunopress - Dolomiti","article_publisher":"https:\/\/www.facebook.com\/profile.php?id=100008943462799","article_published_time":"2026-07-07T05:57:01+00:00","og_image":[{"width":570,"height":276,"url":"https:\/\/www.bellunopress.it\/wp-content\/uploads\/2026\/07\/Marco-Pedol.jpg","type":"image\/jpeg"}],"author":"redazione","twitter_card":"summary_large_image","twitter_creator":"@bellunopress","twitter_site":"@bellunopress","twitter_misc":{"Written by":"redazione","Est. reading time":"7 minutes"},"schema":{"@context":"https:\/\/schema.org","@graph":[{"@type":"Article","@id":"https:\/\/www.bellunopress.it\/2026\/07\/07\/biodiversita-e-paradossi-ecologici-nelle-dolomiti-svelati-i-segreti-dei-laghi-bellunesi\/#article","isPartOf":{"@id":"https:\/\/www.bellunopress.it\/2026\/07\/07\/biodiversita-e-paradossi-ecologici-nelle-dolomiti-svelati-i-segreti-dei-laghi-bellunesi\/"},"author":{"name":"redazione","@id":"https:\/\/www.bellunopress.it\/#\/schema\/person\/79bb06722b37ece1c03d3e94beb30d73"},"headline":"Biodiversit\u00e0 e paradossi ecologici nelle Dolomiti: svelati i segreti dei laghi bellunesi","datePublished":"2026-07-07T05:57:01+00:00","mainEntityOfPage":{"@id":"https:\/\/www.bellunopress.it\/2026\/07\/07\/biodiversita-e-paradossi-ecologici-nelle-dolomiti-svelati-i-segreti-dei-laghi-bellunesi\/"},"wordCount":1293,"publisher":{"@id":"https:\/\/www.bellunopress.it\/#organization"},"image":{"@id":"https:\/\/www.bellunopress.it\/2026\/07\/07\/biodiversita-e-paradossi-ecologici-nelle-dolomiti-svelati-i-segreti-dei-laghi-bellunesi\/#primaryimage"},"thumbnailUrl":"https:\/\/www.bellunopress.it\/wp-content\/uploads\/2026\/07\/Marco-Pedol.jpg","articleSection":["Meteo, natura, ambiente, animali","Societ\u00e0, Associazioni, Istituzioni"],"inLanguage":"fr-FR"},{"@type":"WebPage","@id":"https:\/\/www.bellunopress.it\/2026\/07\/07\/biodiversita-e-paradossi-ecologici-nelle-dolomiti-svelati-i-segreti-dei-laghi-bellunesi\/","url":"https:\/\/www.bellunopress.it\/2026\/07\/07\/biodiversita-e-paradossi-ecologici-nelle-dolomiti-svelati-i-segreti-dei-laghi-bellunesi\/","name":"Biodiversit\u00e0 e paradossi ecologici nelle Dolomiti: svelati i segreti dei laghi bellunesi - Bellunopress - Dolomiti","isPartOf":{"@id":"https:\/\/www.bellunopress.it\/#website"},"primaryImageOfPage":{"@id":"https:\/\/www.bellunopress.it\/2026\/07\/07\/biodiversita-e-paradossi-ecologici-nelle-dolomiti-svelati-i-segreti-dei-laghi-bellunesi\/#primaryimage"},"image":{"@id":"https:\/\/www.bellunopress.it\/2026\/07\/07\/biodiversita-e-paradossi-ecologici-nelle-dolomiti-svelati-i-segreti-dei-laghi-bellunesi\/#primaryimage"},"thumbnailUrl":"https:\/\/www.bellunopress.it\/wp-content\/uploads\/2026\/07\/Marco-Pedol.jpg","datePublished":"2026-07-07T05:57:01+00:00","breadcrumb":{"@id":"https:\/\/www.bellunopress.it\/2026\/07\/07\/biodiversita-e-paradossi-ecologici-nelle-dolomiti-svelati-i-segreti-dei-laghi-bellunesi\/#breadcrumb"},"inLanguage":"fr-FR","potentialAction":[{"@type":"ReadAction","target":["https:\/\/www.bellunopress.it\/2026\/07\/07\/biodiversita-e-paradossi-ecologici-nelle-dolomiti-svelati-i-segreti-dei-laghi-bellunesi\/"]}]},{"@type":"ImageObject","inLanguage":"fr-FR","@id":"https:\/\/www.bellunopress.it\/2026\/07\/07\/biodiversita-e-paradossi-ecologici-nelle-dolomiti-svelati-i-segreti-dei-laghi-bellunesi\/#primaryimage","url":"https:\/\/www.bellunopress.it\/wp-content\/uploads\/2026\/07\/Marco-Pedol.jpg","contentUrl":"https:\/\/www.bellunopress.it\/wp-content\/uploads\/2026\/07\/Marco-Pedol.jpg","width":570,"height":276,"caption":"Marco Pedol alla conferenza in Alpago sulla biodiversit\u00e0 dei laghi bellunesi"},{"@type":"BreadcrumbList","@id":"https:\/\/www.bellunopress.it\/2026\/07\/07\/biodiversita-e-paradossi-ecologici-nelle-dolomiti-svelati-i-segreti-dei-laghi-bellunesi\/#breadcrumb","itemListElement":[{"@type":"ListItem","position":1,"name":"Home","item":"https:\/\/www.bellunopress.it\/"},{"@type":"ListItem","position":2,"name":"Biodiversit\u00e0 e paradossi ecologici nelle Dolomiti: svelati i segreti dei laghi bellunesi"}]},{"@type":"WebSite","@id":"https:\/\/www.bellunopress.it\/#website","url":"https:\/\/www.bellunopress.it\/","name":"Bellunopress - Dolomiti","description":"e-mail: redazione@bellunopress.it","publisher":{"@id":"https:\/\/www.bellunopress.it\/#organization"},"potentialAction":[{"@type":"SearchAction","target":{"@type":"EntryPoint","urlTemplate":"https:\/\/www.bellunopress.it\/?s={search_term_string}"},"query-input":{"@type":"PropertyValueSpecification","valueRequired":true,"valueName":"search_term_string"}}],"inLanguage":"fr-FR"},{"@type":"Organization","@id":"https:\/\/www.bellunopress.it\/#organization","name":"Bellunopress","url":"https:\/\/www.bellunopress.it\/","logo":{"@type":"ImageObject","inLanguage":"fr-FR","@id":"https:\/\/www.bellunopress.it\/#\/schema\/logo\/image\/","url":"https:\/\/www.bellunopress.it\/wp-content\/uploads\/2011\/05\/cropped-logo-bellunopress-.jpg","contentUrl":"https:\/\/www.bellunopress.it\/wp-content\/uploads\/2011\/05\/cropped-logo-bellunopress-.jpg","width":512,"height":512,"caption":"Bellunopress"},"image":{"@id":"https:\/\/www.bellunopress.it\/#\/schema\/logo\/image\/"},"sameAs":["https:\/\/www.facebook.com\/profile.php?id=100008943462799","https:\/\/x.com\/bellunopress","https:\/\/www.linkedin.com\/hp\/?dnr=JBzUWaJfMUw8vbXJJ2tVW5-I3jZKvC4wsoxE&amp;amp;amp;amp;amp;amp;trk=nav_responsive_tab_home","https:\/\/www.youtube.com\/channel\/UCxL0wu1uN0_3_7hGG0306cw"]},{"@type":"Person","@id":"https:\/\/www.bellunopress.it\/#\/schema\/person\/79bb06722b37ece1c03d3e94beb30d73","name":"r\u00e9daction","image":{"@type":"ImageObject","inLanguage":"fr-FR","@id":"https:\/\/secure.gravatar.com\/avatar\/37d968a2e67a6fd04c169c4bdef102d0bc5d31b2546345219e348575eb80e9a0?s=96&d=mm&r=g","url":"https:\/\/secure.gravatar.com\/avatar\/37d968a2e67a6fd04c169c4bdef102d0bc5d31b2546345219e348575eb80e9a0?s=96&d=mm&r=g","contentUrl":"https:\/\/secure.gravatar.com\/avatar\/37d968a2e67a6fd04c169c4bdef102d0bc5d31b2546345219e348575eb80e9a0?s=96&d=mm&r=g","caption":"redazione"},"sameAs":["http:\/\/www.bellunopress.it","https:\/\/x.com\/bellunopress"],"url":"https:\/\/www.bellunopress.it\/fr\/author\/redazione\/"}]}},"_links":{"self":[{"href":"https:\/\/www.bellunopress.it\/fr\/wp-json\/wp\/v2\/posts\/171734","targetHints":{"allow":["GET"]}}],"collection":[{"href":"https:\/\/www.bellunopress.it\/fr\/wp-json\/wp\/v2\/posts"}],"about":[{"href":"https:\/\/www.bellunopress.it\/fr\/wp-json\/wp\/v2\/types\/post"}],"author":[{"embeddable":true,"href":"https:\/\/www.bellunopress.it\/fr\/wp-json\/wp\/v2\/users\/2"}],"replies":[{"embeddable":true,"href":"https:\/\/www.bellunopress.it\/fr\/wp-json\/wp\/v2\/comments?post=171734"}],"version-history":[{"count":1,"href":"https:\/\/www.bellunopress.it\/fr\/wp-json\/wp\/v2\/posts\/171734\/revisions"}],"predecessor-version":[{"id":171736,"href":"https:\/\/www.bellunopress.it\/fr\/wp-json\/wp\/v2\/posts\/171734\/revisions\/171736"}],"wp:featuredmedia":[{"embeddable":true,"href":"https:\/\/www.bellunopress.it\/fr\/wp-json\/wp\/v2\/media\/171735"}],"wp:attachment":[{"href":"https:\/\/www.bellunopress.it\/fr\/wp-json\/wp\/v2\/media?parent=171734"}],"wp:term":[{"taxonomy":"category","embeddable":true,"href":"https:\/\/www.bellunopress.it\/fr\/wp-json\/wp\/v2\/categories?post=171734"},{"taxonomy":"post_tag","embeddable":true,"href":"https:\/\/www.bellunopress.it\/fr\/wp-json\/wp\/v2\/tags?post=171734"}],"curies":[{"name":"wp","href":"https:\/\/api.w.org\/{rel}","templated":true}]}}