{"id":171731,"date":"2026-07-06T22:38:50","date_gmt":"2026-07-06T20:38:50","guid":{"rendered":"https:\/\/www.bellunopress.it\/?p=171731"},"modified":"2026-07-06T22:38:50","modified_gmt":"2026-07-06T20:38:50","slug":"lurbanistica-della-citta-spugna-viale-fantuzzi-tai-di-cadore-la-partecipazione-di-luigi-filippo-daniele","status":"publish","type":"post","link":"https:\/\/www.bellunopress.it\/fr\/2026\/07\/06\/lurbanistica-della-citta-spugna-viale-fantuzzi-tai-di-cadore-la-partecipazione-di-luigi-filippo-daniele\/","title":{"rendered":"L&#8217;urbanistica della citt\u00e0 spugna: viale Fantuzzi, Tai di Cadore, la partecipazione\u00a0 *\u00a0di Luigi Filippo Daniele"},"content":{"rendered":"<p>Belluno, 06\/07\/2026 &#8211;\u00a0Chi si occupa e si interessa della nostra citt\u00e0 e quindi di urbanistica, ovvero della gestione e del Governo del territorio, non pu\u00f2 ignorare le scelte amministrative che in questi mesi stanno accadendo. Le scelte politiche , e quindi gli atti amministrativi generali, nascono da un procedimento, si nutrono di norme sovraordinate e producono effetti che si ripercuotono inevitabilmente sulla nostra quotidianit\u00e0. Il caso di viale Fantuzzi a Belluno, letto insieme al progetto di Tai di Cadore e al nuovo quadro normativo europeo sulle acque meteoriche, permette di applicare il metodo comparativo a due interventi che condividono lo stesso paradigma, la citt\u00e0 spugna, ma che si trovano in fasi diverse del proprio percorso: uno gi\u00e0 cantierato, l&#8217;altro ancora allo studio di fattibilit\u00e0.<\/p>\n<p><strong>Il progetto di viale Fantuzzi: cosa prevede e da dove viene?<\/strong><\/p>\n<p>Il progetto esecutivo depositato dal Comune di Belluno, redatto dal raggruppamento temporaneo tra l&#8217;ing. Luca Zanon, il dott. forestale Giampaolo De March e il per. ind. Luca Dal Pont, si inserisce nell&#8217;azione 2.7.1 della Strategia Integrata di Sviluppo Urbano Sostenibile (SISUS), cofinanziata dal Fondo Europeo di Sviluppo Regionale nell&#8217;ambito del PR FESR Veneto 2021-2027. L&#8217;importo complessivo, fissato dal quadro economico approvato con determinazione dirigenziale n. 373 del 29 aprile 2026, \u00e8 di 1.111.111,11 euro, di cui 776.697,68 euro per lavori a base di gara.<br \/>\nSul piano tecnico, l&#8217;intervento comporta la rimozione dei 24 alberi esistenti lungo il filare storico, 23 ippocastani e un tiglio, e la piantumazione di 32 nuovi tigli (Tilia platyphyllos), con un infittimento del filare da 6 a 4 metri di interasse. La relazione generale del progetto esecutivo chiarisce che la scelta di abbattere non nasce da un capriccio estetico: undici dei ventitr\u00e9 ippocastani presentano uno stato fitosanitario definito &#8220;grave&#8221; con indice di rischio &#8220;elevato&#8221;a causa di precedenti Capitozzature, accertato da apposita perizia agronomica del 2024. Accanto alla sostituzione arborea, il progetto prevede la realizzazione di una pavimentazione ciclopedonale in calcestruzzo drenante, collegata a una trincea drenante che irrigher\u00e0 naturalmente sia il filare che le nuove aiuole, oltre all&#8217;installazione di bat box per favorire i corridoi ecologici dei chirotteri tra il torrente Ardo e il centro citt\u00e0.<br \/>\nDa un punto di vista strettamente urbanistico e ambientale, si tratta quindi di un progetto coerente e per certi versi persino avanzato, che combina infrastrutturazione verde, gestione sostenibile delle acque e servizi ecosistemici in un unico intervento. Da un altro punto di vista il patrimonio arboreo sacrificato sar\u00e0 sostituito con un numero maggiore di alberi \u00e8 vero, tuttavia, c&#8217;\u00e8 da domandarsi quanto tempo ci vorr\u00e0 affinch\u00e9 gli alberi piantati oggi crescano e diventino alberi maturi come quelli che ombreggiano oggi il viale, con il medesimo beneficio sanitario ed ambientale ?<br \/>\nSottolineo inoltre che Depavimentare non significa necessariamente abbattere gli alberi. Uno dei principi fondamentali della citt\u00e0 spugna consiste infatti nel recuperare permeabilit\u00e0 rimuovendo superfici impermeabili in asfalto o calcestruzzo, sostituendole con pavimentazioni drenanti, aiuole filtranti e suolo vegetale. La cosiddetta depavimentazione rappresenta oggi una delle strategie pi\u00f9 efficaci di adattamento climatico: riduce il deflusso delle acque meteoriche, abbassa le temperature superficiali contrastando l&#8217;isola di calore urbana, crea nuovi spazi per alberature e biodiversit\u00e0 e migliora la qualit\u00e0 dello spazio pubblico. In molti casi tali interventi possono essere realizzati preservando il patrimonio arboreo esistente, intervenendo sulla pavimentazione circostante e ampliando i volumi di suolo permeabile disponibili per gli apparati radicali. L&#8217;obiettivo, dunque, non \u00e8 sostituire gli alberi, ma restituire al terreno la capacit\u00e0 di assorbire l&#8217;acqua e sostenere la vegetazione, privilegiando, ove tecnicamente possibile, la conservazione delle alberature mature.<\/p>\n<p><strong>Il problema riguarda poi un piano diverso: quello della procedura e della partecipazione.<\/strong><\/p>\n<p><strong>Il nodo della partecipazione e della trasparenza procedimentale<\/strong><\/p>\n<p>Un progetto di oltre un milione di euro, che comporta l&#8217;abbattimento di un filare arboreo vincolato culturalmente, avrebbe meritato un percorso di condivisione pubblica proporzionato alla sua portata. Secondo Italia Nostra il viale Fantuzzi sarebbe sottoposto a vincolo culturale e che, per questo, ogni intervento di modifica avrebbe dovuto ottenere l&#8217;autorizzazione della Soprintendenza, con conseguente coinvolgimento del Ministero della Cultura, dei Carabinieri del Nucleo tutela patrimonio culturale e della Procura. A questo si aggiunge un rilievo procedimentale non secondario: l&#8217;ordinanza comunale relativa alla chiusura del transito per l&#8217;abbattimento delle alberature \u00e8 stata pubblicata solo il giorno precedente l&#8217;inizio dei lavori, quando la normativa richiederebbe un preavviso di almeno 48 ore per modifiche alla viabilit\u00e0 connesse al taglio di alberi. \u00c8 lo stesso schema gi\u00e0 visto in via Feltre, dove Italia Nostra aveva impugnato il provvedimento davanti al TAR Veneto .<br \/>\nCon la seguente evidenzio che questo non \u00e8 un dettaglio formale. Nel diritto amministrativo la partecipazione procedimentale non \u00e8 elemento accessorio, bens\u00ec \u00e8 la garanzia che rende legittima l&#8217;azione della pubblica amministrazione nei confronti dei cittadini e degli interessi diffusi, culturali e ambientali, di cui molte associazioni Bellunesi si fanno portatrici. Un progetto tecnicamente valido, se calato sulla citt\u00e0 con tempi di comunicazione compressi all&#8217;ultimo momento, rischia di trasformare un&#8217;operazione di rigenerazione urbana in un terreno di contenzioso, con conseguenze anche sui tempi di realizzazione, dato che i fondi SISUS impongono la conclusione dei lavori entro il 31 dicembre per non perdere il contributo. La stessa determinazione comunale n. 373\/2026 lo ricorda indirettamente, quando d\u00e0 atto che il finanziamento regionale copre 996.153,55 euro e che il resto grava su permessi a costruire e avanzo di amministrazione: un contenzioso che rallenti il cronoprogramma metterebbe a rischio proprio la sostenibilit\u00e0 finanziaria dell&#8217;opera.<\/p>\n<p><strong>Il modello citt\u00e0 spugna: dal Sustainable Drainage System alla direttiva UE 2024\/3019<\/strong><\/p>\n<p>Il paradigma a cui viale Fantuzzi si richiama, quello della citt\u00e0 spugna, non \u00e8 uno slogan ma un modello tecnico con una genealogia precisa, quella dei Sustainable Drainage Systems (SuDS) elaborati nel Regno Unito e oggi diffusi in tutta Europa. L&#8217;idea di fondo \u00e8 semplice da enunciare e complessa da realizzare: smettere di trattare l&#8217;acqua piovana come un problema da smaltire rapidamente nelle fognature e iniziare a gestirla imitando i cicli naturali del suolo. Un&#8217;aiuola progettata secondo criteri SuDS non \u00e8 un arredo urbano, ma \u00e8 un sistema di filtraggio stratificato, dove piante e ghiaia trattengono l&#8217;acqua in superficie, terriccio e sabbia la depurano negli strati intermedi, e un fondo drenante la restituisce alla falda.<br \/>\nQuesto modello ha trovato negli ultimi tempi una cornice normativa sovranazionale con la direttiva (UE) 2024\/3019, che ridefinisce la gestione delle acque urbane imponendo agli Stati membri l&#8217;adozione di piani integrati di gestione delle acque reflue e meteoriche, obbligatori entro il 2033 per gli agglomerati superiori a 100.000 abitanti equivalenti e entro il 2039 per quelli tra 10.000 e 100.000 abitanti equivalenti se classificati come critici. La direttiva impone un salto metodologico: dalla pianificazione statica, fondata su dati storici, a una pianificazione dinamica, che deve includere scenari climatici futuri e privilegiare le soluzioni basate sulla natura rispetto alle infrastrutture tradizionali di canalizzazione. Solo dove queste ultime risultino insufficienti si potr\u00e0 ricorrere a vasche di accumulo o ampliamenti delle reti fognarie.<br \/>\nPer un comune come Belluno, che non raggiunge le soglie dimensionali della direttiva ma che vive comunque gli effetti degli eventi meteorici estremi, la norma europea non ha valore prescrittivo diretto, ma ha un valore programmatico che nessuna amministrazione locale pu\u00f2 permettersi di ignorare. Le stesse osservazioni presentate alla Valutazione Ambientale Strategica del Piano Urbanistico Attuativo dell&#8217;area ex AGIP richiamavano esplicitamente la richiesta di adozione di un piano SuDS operativo, con volumi di ritenzione dimensionati e riduzione del deflusso: un segnale che il modello sta gi\u00e0 entrando, seppure faticosamente, nel vocabolario tecnico degli strumenti urbanistici bellunesi.<\/p>\n<p><strong>Il confronto con Tai di Cadore: due fasi dello stesso paradigma<\/strong><\/p>\n<p>Se viale Fantuzzi rappresenta la fase esecutiva della citt\u00e0 spugna a Belluno, il caso di Tai di Cadore ne rappresenta la fase preliminare, e proprio per questo offre un termine di paragone utile sul piano procedurale. Il Comune di Pieve di Cadore, nell&#8217;ambito del progetto transfrontaliero Interreg che lo unisce a Brunico e Lienz, ha stanziato trentamila euro per uno studio di fattibilit\u00e0 sulla riqualificazione del piazzale Dolomiti secondo i principi della citt\u00e0 spugna, con l&#8217;obiettivo dichiarato di trasformare un&#8217;area oggi utilizzata solo come parcheggio e mercato in uno spazio verde capace di assorbire acqua piovana e mitigare le temperature estive.<br \/>\nIl punto di interesse giuridico-urbanistico non \u00e8 tanto la dimensione economica, sensibilmente inferiore a quella di viale Fantuzzi, quanto il metodo dichiarato dall&#8217;amministrazione cadorina: lo studio di fattibilit\u00e0 sar\u00e0 presentato ai cittadini di Pieve prima di procedere, proprio per raccogliere suggerimenti e costruire consenso attorno a una trasformazione che modifica un uso consolidato dello spazio pubblico. \u00c8 l&#8217;esatto opposto della sequenza temporale che ha caratterizzato viale Fantuzzi, dove il progetto esecutivo era gi\u00e0 stato validato e approvato con determinazione dirigenziale quando la cittadinanza ne ha preso piena consapevolezza, complice anche una comunicazione istituzionale limitata a un trafiletto sul sito comunale.<br \/>\nUn ultimo elemento di riflessione riguarda il recente intervento di riqualificazione di piazzale della Resistenza, antistante lo stadio comunale. In quell&#8217;occasione, pur essendo stati messi a dimora 25 nuovi alberi \u2013 tra cui 5 aceri, 3 prugnoli nigra, 5 carpini bianchi, 7 aceri rossi 1 faggio e 3 comioli rossi\u2013 realizzate nuove aiuole e completamente ridisegnato lo spazio pubblico, per un investimento superiore ai 550.000 euro, la pavimentazione \u00e8 stata eseguita con conglomerato bituminoso tradizionale e non con materiali drenanti. \u00c8 una scelta che appare meritevole di approfondimento alla luce del diverso approccio adottato oggi in viale Fantuzzi. Una pavimentazione drenante avrebbe infatti consentito non solo di ridurre il deflusso superficiale delle acque meteoriche, ma anche di favorirne l&#8217;infiltrazione e il riutilizzo per l&#8217;alimentazione delle aiuole e degli apparati radicali delle nuove alberature, contribuendo al contempo a mitigare l&#8217;effetto isola di calore che il bitume, soprattutto nelle giornate estive, tende ad accentuare. La diversa impostazione progettuale dei due interventi induce quindi a interrogarsi sulla coerenza delle scelte urbanistiche adottate nel medesimo contesto cittadino: se il paradigma della citt\u00e0 spugna rappresenta oggi il riferimento per la rigenerazione urbana sostenibile, appare legittimo domandarsi perch\u00e9 tale tecnologia non sia stata impiegata anche in piazzale della Resistenza, dove le caratteristiche dell&#8217;intervento sembravano prestarsi altrettanto efficacemente all&#8217;adozione di sistemi di drenaggio urbano sostenibile.<\/p>\n<p>Il paragone non serve a stabilire quale dei due progetti sia migliore sul piano tecnico, perch\u00e9 si tratta di interventi di scala e natura diverse. Serve invece a mostrare come lo stesso paradigma ambientale possa essere veicolato attraverso procedimenti amministrativi radicalmente differenti quanto a grado di condivisione preventiva, e come questa differenza non sia irrilevante per il diritto urbanistico: un piano partecipato riduce il rischio di impugnazioni, rafforza la legittimazione sociale dell&#8217;opera e, non da ultimo, tutela l&#8217;amministrazione da un punto di vista squisitamente giuridico, riducendo il margine per vizi di legittimit\u00e0 legati al difetto di istruttoria o di motivazione.<\/p>\n<p>Lo sappiamo: Belluno non \u00e8 Milano, dove sono gi\u00e0 ventisette i cantieri attivi della citt\u00e0 spugna distribuiti in tutti i municipi, ma non \u00e8 nemmeno immune dagli effetti del cambiamento climatico che quel modello prova ad affrontare. Gli eventi Vaia del 2018 lo hanno dimostrato con chiarezza, e i quartieri attraversati da assi viari importanti, pensati decenni fa con criteri urbanistici oggi superati, restano i pi\u00f9 esposti. Continuare a rifare marciapiedi e parcheggi con le stesse tecniche del secolo scorso non risolve un problema che \u00e8, insieme, idraulico e climatico.<br \/>\nLa lezione che la nostra citt\u00e0 trae dal confronto tra viale Fantuzzi e Tai di Cadore riguarda tanto la tecnica quanto la procedura. Sul piano tecnico, il modello SuDS e la direttiva 2024\/3019 offrono uno strumentario gi\u00e0 collaudato, che pu\u00f2 essere adattato anche a interventi di scala minore, quartiere per quartiere, senza attendere le soglie dimensionali che la normativa europea riserva alle grandi conurbazioni. Sul piano procedurale, l&#8217;esperienza di viale Fantuzzi mostra che la qualit\u00e0 tecnica di un progetto non basta a garantirne la tenuta se il percorso partecipativo viene compresso o rinviato a dopo l&#8217;approvazione. Per un&#8217;amministrazione comunale, investire tempo nella condivisione preventiva non \u00e8 un costo aggiuntivo: \u00e8, semmai, un investimento che riduce il rischio di ricorsi, ritardi e perdita di finanziamenti vincolati a scadenze stringenti come quelle SISUS.<br \/>\nLa domanda da porsi, per Belluno, non \u00e8 dunque se il modello citt\u00e0 spugna sia desiderabile, perch\u00e9 la risposta tecnica \u00e8 gi\u00e0 scritta nelle relazioni ambientali e nella normativa europea. La domanda \u00e8 come costruire, attorno a ogni intervento di questo tipo, un procedimento che tenga insieme rigore tecnico e partecipazione democratica, evitando che un&#8217;opera di adattamento climatico si trasformi, per un difetto di metodo, in un terreno di conflitto tra amministrazione e cittadinanza.<\/p>\n<p><strong>Luigi Filippo Daniele, Baldenich24<\/strong><\/p>\n<figure id=\"attachment_168548\" aria-describedby=\"caption-attachment-168548\" style=\"width: 434px\" class=\"wp-caption aligncenter\"><img loading=\"lazy\" decoding=\"async\" class=\"size-full wp-image-168548\" src=\"https:\/\/www.bellunopress.it\/wp-content\/uploads\/2026\/03\/Luigi-Filippo-Daniele-capofrazione-Baldenich.jpg\" alt=\"\" width=\"434\" height=\"500\" srcset=\"https:\/\/www.bellunopress.it\/wp-content\/uploads\/2026\/03\/Luigi-Filippo-Daniele-capofrazione-Baldenich.jpg 434w, https:\/\/www.bellunopress.it\/wp-content\/uploads\/2026\/03\/Luigi-Filippo-Daniele-capofrazione-Baldenich-365x420.jpg 365w, https:\/\/www.bellunopress.it\/wp-content\/uploads\/2026\/03\/Luigi-Filippo-Daniele-capofrazione-Baldenich-150x173.jpg 150w, https:\/\/www.bellunopress.it\/wp-content\/uploads\/2026\/03\/Luigi-Filippo-Daniele-capofrazione-Baldenich-300x346.jpg 300w\" sizes=\"auto, (max-width: 434px) 100vw, 434px\" \/><figcaption id=\"caption-attachment-168548\" class=\"wp-caption-text\">Luigi Filippo Daniele &#8211; Capofrazione di Baldenich (Belluno)<\/figcaption><\/figure>","protected":false},"excerpt":{"rendered":"<p>Belluno, 06\/07\/2026 &#8211;\u00a0Chi si occupa e si interessa della nostra citt\u00e0 e quindi di urbanistica, ovvero della gestione e del Governo del territorio, non pu\u00f2 ignorare le scelte amministrative che in questi mesi stanno accadendo. Le scelte politiche , e quindi gli atti amministrativi generali, nascono da un procedimento, si nutrono di norme sovraordinate e [&hellip;]<\/p>\n","protected":false},"author":2,"featured_media":171716,"comment_status":"closed","ping_status":"open","sticky":false,"template":"","format":"standard","meta":{"footnotes":""},"categories":[5,38,26],"tags":[],"class_list":["post-171731","post","type-post","status-publish","format-standard","has-post-thumbnail","category-cronaca","category-natura-ambiente","category-prima-pagina"],"yoast_head":"<!-- This site is optimized with the Yoast SEO plugin v28.4 - https:\/\/yoast.com\/product\/yoast-seo-wordpress\/ -->\n<title>L&#039;urbanistica della citt\u00e0 spugna: viale Fantuzzi, Tai di Cadore, la partecipazione\u00a0 *\u00a0di Luigi Filippo Daniele - Bellunopress - Dolomiti<\/title>\n<meta name=\"robots\" content=\"index, follow, max-snippet:-1, max-image-preview:large, max-video-preview:-1\" \/>\n<link rel=\"canonical\" href=\"https:\/\/www.bellunopress.it\/fr\/2026\/07\/06\/lurbanistica-della-citta-spugna-viale-fantuzzi-tai-di-cadore-la-partecipazione-di-luigi-filippo-daniele\/\" \/>\n<meta property=\"og:locale\" content=\"fr_FR\" \/>\n<meta property=\"og:type\" content=\"article\" \/>\n<meta property=\"og:title\" content=\"L&#039;urbanistica della citt\u00e0 spugna: viale Fantuzzi, Tai di Cadore, la partecipazione\u00a0 *\u00a0di Luigi Filippo Daniele - Bellunopress - Dolomiti\" \/>\n<meta property=\"og:description\" content=\"Belluno, 06\/07\/2026 &#8211;\u00a0Chi si occupa e si interessa della nostra citt\u00e0 e quindi di urbanistica, ovvero della gestione e del Governo del territorio, non pu\u00f2 ignorare le scelte amministrative che in questi mesi stanno accadendo. Le scelte politiche , e quindi gli atti amministrativi generali, nascono da un procedimento, si nutrono di norme sovraordinate e [&hellip;]\" \/>\n<meta property=\"og:url\" content=\"https:\/\/www.bellunopress.it\/fr\/2026\/07\/06\/lurbanistica-della-citta-spugna-viale-fantuzzi-tai-di-cadore-la-partecipazione-di-luigi-filippo-daniele\/\" \/>\n<meta property=\"og:site_name\" content=\"Bellunopress - Dolomiti\" \/>\n<meta property=\"article:publisher\" content=\"https:\/\/www.facebook.com\/profile.php?id=100008943462799\" \/>\n<meta property=\"article:published_time\" content=\"2026-07-06T20:38:50+00:00\" \/>\n<meta property=\"og:image\" content=\"https:\/\/www.bellunopress.it\/wp-content\/uploads\/2026\/07\/viale-fantuzzi-alberi-tagliati-1.jpg\" \/>\n\t<meta property=\"og:image:width\" content=\"500\" \/>\n\t<meta property=\"og:image:height\" content=\"375\" \/>\n\t<meta property=\"og:image:type\" content=\"image\/jpeg\" \/>\n<meta name=\"author\" content=\"redazione\" \/>\n<meta name=\"twitter:card\" content=\"summary_large_image\" \/>\n<meta name=\"twitter:creator\" content=\"@bellunopress\" \/>\n<meta name=\"twitter:site\" content=\"@bellunopress\" \/>\n<meta name=\"twitter:label1\" content=\"\u00c9crit par\" \/>\n\t<meta name=\"twitter:data1\" content=\"redazione\" \/>\n\t<meta name=\"twitter:label2\" content=\"Dur\u00e9e de lecture estim\u00e9e\" \/>\n\t<meta name=\"twitter:data2\" content=\"12 minutes\" \/>\n<script type=\"application\/ld+json\" class=\"yoast-schema-graph\">{\"@context\":\"https:\\\/\\\/schema.org\",\"@graph\":[{\"@type\":\"Article\",\"@id\":\"https:\\\/\\\/www.bellunopress.it\\\/2026\\\/07\\\/06\\\/lurbanistica-della-citta-spugna-viale-fantuzzi-tai-di-cadore-la-partecipazione-di-luigi-filippo-daniele\\\/#article\",\"isPartOf\":{\"@id\":\"https:\\\/\\\/www.bellunopress.it\\\/2026\\\/07\\\/06\\\/lurbanistica-della-citta-spugna-viale-fantuzzi-tai-di-cadore-la-partecipazione-di-luigi-filippo-daniele\\\/\"},\"author\":{\"name\":\"redazione\",\"@id\":\"https:\\\/\\\/www.bellunopress.it\\\/#\\\/schema\\\/person\\\/79bb06722b37ece1c03d3e94beb30d73\"},\"headline\":\"L&#8217;urbanistica della citt\u00e0 spugna: viale Fantuzzi, Tai di Cadore, la partecipazione\u00a0 *\u00a0di Luigi Filippo Daniele\",\"datePublished\":\"2026-07-06T20:38:50+00:00\",\"mainEntityOfPage\":{\"@id\":\"https:\\\/\\\/www.bellunopress.it\\\/2026\\\/07\\\/06\\\/lurbanistica-della-citta-spugna-viale-fantuzzi-tai-di-cadore-la-partecipazione-di-luigi-filippo-daniele\\\/\"},\"wordCount\":2079,\"publisher\":{\"@id\":\"https:\\\/\\\/www.bellunopress.it\\\/#organization\"},\"image\":{\"@id\":\"https:\\\/\\\/www.bellunopress.it\\\/2026\\\/07\\\/06\\\/lurbanistica-della-citta-spugna-viale-fantuzzi-tai-di-cadore-la-partecipazione-di-luigi-filippo-daniele\\\/#primaryimage\"},\"thumbnailUrl\":\"https:\\\/\\\/www.bellunopress.it\\\/wp-content\\\/uploads\\\/2026\\\/07\\\/viale-fantuzzi-alberi-tagliati-1.jpg\",\"articleSection\":[\"Cronaca\\\/Politica\",\"Meteo, natura, ambiente, animali\",\"Prima Pagina\"],\"inLanguage\":\"fr-FR\"},{\"@type\":\"WebPage\",\"@id\":\"https:\\\/\\\/www.bellunopress.it\\\/2026\\\/07\\\/06\\\/lurbanistica-della-citta-spugna-viale-fantuzzi-tai-di-cadore-la-partecipazione-di-luigi-filippo-daniele\\\/\",\"url\":\"https:\\\/\\\/www.bellunopress.it\\\/2026\\\/07\\\/06\\\/lurbanistica-della-citta-spugna-viale-fantuzzi-tai-di-cadore-la-partecipazione-di-luigi-filippo-daniele\\\/\",\"name\":\"L'urbanistica della citt\u00e0 spugna: viale Fantuzzi, Tai di Cadore, la partecipazione\u00a0 *\u00a0di Luigi Filippo Daniele - Bellunopress - Dolomiti\",\"isPartOf\":{\"@id\":\"https:\\\/\\\/www.bellunopress.it\\\/#website\"},\"primaryImageOfPage\":{\"@id\":\"https:\\\/\\\/www.bellunopress.it\\\/2026\\\/07\\\/06\\\/lurbanistica-della-citta-spugna-viale-fantuzzi-tai-di-cadore-la-partecipazione-di-luigi-filippo-daniele\\\/#primaryimage\"},\"image\":{\"@id\":\"https:\\\/\\\/www.bellunopress.it\\\/2026\\\/07\\\/06\\\/lurbanistica-della-citta-spugna-viale-fantuzzi-tai-di-cadore-la-partecipazione-di-luigi-filippo-daniele\\\/#primaryimage\"},\"thumbnailUrl\":\"https:\\\/\\\/www.bellunopress.it\\\/wp-content\\\/uploads\\\/2026\\\/07\\\/viale-fantuzzi-alberi-tagliati-1.jpg\",\"datePublished\":\"2026-07-06T20:38:50+00:00\",\"breadcrumb\":{\"@id\":\"https:\\\/\\\/www.bellunopress.it\\\/2026\\\/07\\\/06\\\/lurbanistica-della-citta-spugna-viale-fantuzzi-tai-di-cadore-la-partecipazione-di-luigi-filippo-daniele\\\/#breadcrumb\"},\"inLanguage\":\"fr-FR\",\"potentialAction\":[{\"@type\":\"ReadAction\",\"target\":[\"https:\\\/\\\/www.bellunopress.it\\\/2026\\\/07\\\/06\\\/lurbanistica-della-citta-spugna-viale-fantuzzi-tai-di-cadore-la-partecipazione-di-luigi-filippo-daniele\\\/\"]}]},{\"@type\":\"ImageObject\",\"inLanguage\":\"fr-FR\",\"@id\":\"https:\\\/\\\/www.bellunopress.it\\\/2026\\\/07\\\/06\\\/lurbanistica-della-citta-spugna-viale-fantuzzi-tai-di-cadore-la-partecipazione-di-luigi-filippo-daniele\\\/#primaryimage\",\"url\":\"https:\\\/\\\/www.bellunopress.it\\\/wp-content\\\/uploads\\\/2026\\\/07\\\/viale-fantuzzi-alberi-tagliati-1.jpg\",\"contentUrl\":\"https:\\\/\\\/www.bellunopress.it\\\/wp-content\\\/uploads\\\/2026\\\/07\\\/viale-fantuzzi-alberi-tagliati-1.jpg\",\"width\":500,\"height\":375,\"caption\":\"Belluno, viale Fantuzzi dopo il taglio dei 24 alberi\"},{\"@type\":\"BreadcrumbList\",\"@id\":\"https:\\\/\\\/www.bellunopress.it\\\/2026\\\/07\\\/06\\\/lurbanistica-della-citta-spugna-viale-fantuzzi-tai-di-cadore-la-partecipazione-di-luigi-filippo-daniele\\\/#breadcrumb\",\"itemListElement\":[{\"@type\":\"ListItem\",\"position\":1,\"name\":\"Home\",\"item\":\"https:\\\/\\\/www.bellunopress.it\\\/\"},{\"@type\":\"ListItem\",\"position\":2,\"name\":\"L&#8217;urbanistica della citt\u00e0 spugna: viale Fantuzzi, Tai di Cadore, la partecipazione\u00a0 *\u00a0di Luigi Filippo Daniele\"}]},{\"@type\":\"WebSite\",\"@id\":\"https:\\\/\\\/www.bellunopress.it\\\/#website\",\"url\":\"https:\\\/\\\/www.bellunopress.it\\\/\",\"name\":\"Bellunopress - Dolomiti\",\"description\":\"e-mail: redazione@bellunopress.it\",\"publisher\":{\"@id\":\"https:\\\/\\\/www.bellunopress.it\\\/#organization\"},\"potentialAction\":[{\"@type\":\"SearchAction\",\"target\":{\"@type\":\"EntryPoint\",\"urlTemplate\":\"https:\\\/\\\/www.bellunopress.it\\\/?s={search_term_string}\"},\"query-input\":{\"@type\":\"PropertyValueSpecification\",\"valueRequired\":true,\"valueName\":\"search_term_string\"}}],\"inLanguage\":\"fr-FR\"},{\"@type\":\"Organization\",\"@id\":\"https:\\\/\\\/www.bellunopress.it\\\/#organization\",\"name\":\"Bellunopress\",\"url\":\"https:\\\/\\\/www.bellunopress.it\\\/\",\"logo\":{\"@type\":\"ImageObject\",\"inLanguage\":\"fr-FR\",\"@id\":\"https:\\\/\\\/www.bellunopress.it\\\/#\\\/schema\\\/logo\\\/image\\\/\",\"url\":\"https:\\\/\\\/www.bellunopress.it\\\/wp-content\\\/uploads\\\/2011\\\/05\\\/cropped-logo-bellunopress-.jpg\",\"contentUrl\":\"https:\\\/\\\/www.bellunopress.it\\\/wp-content\\\/uploads\\\/2011\\\/05\\\/cropped-logo-bellunopress-.jpg\",\"width\":512,\"height\":512,\"caption\":\"Bellunopress\"},\"image\":{\"@id\":\"https:\\\/\\\/www.bellunopress.it\\\/#\\\/schema\\\/logo\\\/image\\\/\"},\"sameAs\":[\"https:\\\/\\\/www.facebook.com\\\/profile.php?id=100008943462799\",\"https:\\\/\\\/x.com\\\/bellunopress\",\"https:\\\/\\\/www.linkedin.com\\\/hp\\\/?dnr=JBzUWaJfMUw8vbXJJ2tVW5-I3jZKvC4wsoxE&amp;amp;amp;amp;amp;amp;trk=nav_responsive_tab_home\",\"https:\\\/\\\/www.youtube.com\\\/channel\\\/UCxL0wu1uN0_3_7hGG0306cw\"]},{\"@type\":\"Person\",\"@id\":\"https:\\\/\\\/www.bellunopress.it\\\/#\\\/schema\\\/person\\\/79bb06722b37ece1c03d3e94beb30d73\",\"name\":\"redazione\",\"image\":{\"@type\":\"ImageObject\",\"inLanguage\":\"fr-FR\",\"@id\":\"https:\\\/\\\/secure.gravatar.com\\\/avatar\\\/37d968a2e67a6fd04c169c4bdef102d0bc5d31b2546345219e348575eb80e9a0?s=96&d=mm&r=g\",\"url\":\"https:\\\/\\\/secure.gravatar.com\\\/avatar\\\/37d968a2e67a6fd04c169c4bdef102d0bc5d31b2546345219e348575eb80e9a0?s=96&d=mm&r=g\",\"contentUrl\":\"https:\\\/\\\/secure.gravatar.com\\\/avatar\\\/37d968a2e67a6fd04c169c4bdef102d0bc5d31b2546345219e348575eb80e9a0?s=96&d=mm&r=g\",\"caption\":\"redazione\"},\"sameAs\":[\"http:\\\/\\\/www.bellunopress.it\",\"https:\\\/\\\/x.com\\\/bellunopress\"],\"url\":\"https:\\\/\\\/www.bellunopress.it\\\/fr\\\/author\\\/redazione\\\/\"}]}<\/script>\n<!-- \/ Yoast SEO plugin. -->","yoast_head_json":{"title":"L'urbanistica della citt\u00e0 spugna: viale Fantuzzi, Tai di Cadore, la partecipazione\u00a0 *\u00a0di Luigi Filippo Daniele - Bellunopress - Dolomiti","robots":{"index":"index","follow":"follow","max-snippet":"max-snippet:-1","max-image-preview":"max-image-preview:large","max-video-preview":"max-video-preview:-1"},"canonical":"https:\/\/www.bellunopress.it\/fr\/2026\/07\/06\/lurbanistica-della-citta-spugna-viale-fantuzzi-tai-di-cadore-la-partecipazione-di-luigi-filippo-daniele\/","og_locale":"fr_FR","og_type":"article","og_title":"L'urbanistica della citt\u00e0 spugna: viale Fantuzzi, Tai di Cadore, la partecipazione\u00a0 *\u00a0di Luigi Filippo Daniele - Bellunopress - Dolomiti","og_description":"Belluno, 06\/07\/2026 &#8211;\u00a0Chi si occupa e si interessa della nostra citt\u00e0 e quindi di urbanistica, ovvero della gestione e del Governo del territorio, non pu\u00f2 ignorare le scelte amministrative che in questi mesi stanno accadendo. Le scelte politiche , e quindi gli atti amministrativi generali, nascono da un procedimento, si nutrono di norme sovraordinate e [&hellip;]","og_url":"https:\/\/www.bellunopress.it\/fr\/2026\/07\/06\/lurbanistica-della-citta-spugna-viale-fantuzzi-tai-di-cadore-la-partecipazione-di-luigi-filippo-daniele\/","og_site_name":"Bellunopress - Dolomiti","article_publisher":"https:\/\/www.facebook.com\/profile.php?id=100008943462799","article_published_time":"2026-07-06T20:38:50+00:00","og_image":[{"width":500,"height":375,"url":"https:\/\/www.bellunopress.it\/wp-content\/uploads\/2026\/07\/viale-fantuzzi-alberi-tagliati-1.jpg","type":"image\/jpeg"}],"author":"redazione","twitter_card":"summary_large_image","twitter_creator":"@bellunopress","twitter_site":"@bellunopress","twitter_misc":{"\u00c9crit par":"redazione","Dur\u00e9e de lecture estim\u00e9e":"12 minutes"},"schema":{"@context":"https:\/\/schema.org","@graph":[{"@type":"Article","@id":"https:\/\/www.bellunopress.it\/2026\/07\/06\/lurbanistica-della-citta-spugna-viale-fantuzzi-tai-di-cadore-la-partecipazione-di-luigi-filippo-daniele\/#article","isPartOf":{"@id":"https:\/\/www.bellunopress.it\/2026\/07\/06\/lurbanistica-della-citta-spugna-viale-fantuzzi-tai-di-cadore-la-partecipazione-di-luigi-filippo-daniele\/"},"author":{"name":"redazione","@id":"https:\/\/www.bellunopress.it\/#\/schema\/person\/79bb06722b37ece1c03d3e94beb30d73"},"headline":"L&#8217;urbanistica della citt\u00e0 spugna: viale Fantuzzi, Tai di Cadore, la partecipazione\u00a0 *\u00a0di Luigi Filippo Daniele","datePublished":"2026-07-06T20:38:50+00:00","mainEntityOfPage":{"@id":"https:\/\/www.bellunopress.it\/2026\/07\/06\/lurbanistica-della-citta-spugna-viale-fantuzzi-tai-di-cadore-la-partecipazione-di-luigi-filippo-daniele\/"},"wordCount":2079,"publisher":{"@id":"https:\/\/www.bellunopress.it\/#organization"},"image":{"@id":"https:\/\/www.bellunopress.it\/2026\/07\/06\/lurbanistica-della-citta-spugna-viale-fantuzzi-tai-di-cadore-la-partecipazione-di-luigi-filippo-daniele\/#primaryimage"},"thumbnailUrl":"https:\/\/www.bellunopress.it\/wp-content\/uploads\/2026\/07\/viale-fantuzzi-alberi-tagliati-1.jpg","articleSection":["Cronaca\/Politica","Meteo, natura, ambiente, animali","Prima Pagina"],"inLanguage":"fr-FR"},{"@type":"WebPage","@id":"https:\/\/www.bellunopress.it\/2026\/07\/06\/lurbanistica-della-citta-spugna-viale-fantuzzi-tai-di-cadore-la-partecipazione-di-luigi-filippo-daniele\/","url":"https:\/\/www.bellunopress.it\/2026\/07\/06\/lurbanistica-della-citta-spugna-viale-fantuzzi-tai-di-cadore-la-partecipazione-di-luigi-filippo-daniele\/","name":"L'urbanistica della citt\u00e0 spugna: viale Fantuzzi, Tai di Cadore, la partecipazione\u00a0 *\u00a0di Luigi Filippo Daniele - Bellunopress - Dolomiti","isPartOf":{"@id":"https:\/\/www.bellunopress.it\/#website"},"primaryImageOfPage":{"@id":"https:\/\/www.bellunopress.it\/2026\/07\/06\/lurbanistica-della-citta-spugna-viale-fantuzzi-tai-di-cadore-la-partecipazione-di-luigi-filippo-daniele\/#primaryimage"},"image":{"@id":"https:\/\/www.bellunopress.it\/2026\/07\/06\/lurbanistica-della-citta-spugna-viale-fantuzzi-tai-di-cadore-la-partecipazione-di-luigi-filippo-daniele\/#primaryimage"},"thumbnailUrl":"https:\/\/www.bellunopress.it\/wp-content\/uploads\/2026\/07\/viale-fantuzzi-alberi-tagliati-1.jpg","datePublished":"2026-07-06T20:38:50+00:00","breadcrumb":{"@id":"https:\/\/www.bellunopress.it\/2026\/07\/06\/lurbanistica-della-citta-spugna-viale-fantuzzi-tai-di-cadore-la-partecipazione-di-luigi-filippo-daniele\/#breadcrumb"},"inLanguage":"fr-FR","potentialAction":[{"@type":"ReadAction","target":["https:\/\/www.bellunopress.it\/2026\/07\/06\/lurbanistica-della-citta-spugna-viale-fantuzzi-tai-di-cadore-la-partecipazione-di-luigi-filippo-daniele\/"]}]},{"@type":"ImageObject","inLanguage":"fr-FR","@id":"https:\/\/www.bellunopress.it\/2026\/07\/06\/lurbanistica-della-citta-spugna-viale-fantuzzi-tai-di-cadore-la-partecipazione-di-luigi-filippo-daniele\/#primaryimage","url":"https:\/\/www.bellunopress.it\/wp-content\/uploads\/2026\/07\/viale-fantuzzi-alberi-tagliati-1.jpg","contentUrl":"https:\/\/www.bellunopress.it\/wp-content\/uploads\/2026\/07\/viale-fantuzzi-alberi-tagliati-1.jpg","width":500,"height":375,"caption":"Belluno, viale Fantuzzi dopo il taglio dei 24 alberi"},{"@type":"BreadcrumbList","@id":"https:\/\/www.bellunopress.it\/2026\/07\/06\/lurbanistica-della-citta-spugna-viale-fantuzzi-tai-di-cadore-la-partecipazione-di-luigi-filippo-daniele\/#breadcrumb","itemListElement":[{"@type":"ListItem","position":1,"name":"Home","item":"https:\/\/www.bellunopress.it\/"},{"@type":"ListItem","position":2,"name":"L&#8217;urbanistica della citt\u00e0 spugna: viale Fantuzzi, Tai di Cadore, la partecipazione\u00a0 *\u00a0di Luigi Filippo Daniele"}]},{"@type":"WebSite","@id":"https:\/\/www.bellunopress.it\/#website","url":"https:\/\/www.bellunopress.it\/","name":"Bellunopress - Dolomiti","description":"e-mail: redazione@bellunopress.it","publisher":{"@id":"https:\/\/www.bellunopress.it\/#organization"},"potentialAction":[{"@type":"SearchAction","target":{"@type":"EntryPoint","urlTemplate":"https:\/\/www.bellunopress.it\/?s={search_term_string}"},"query-input":{"@type":"PropertyValueSpecification","valueRequired":true,"valueName":"search_term_string"}}],"inLanguage":"fr-FR"},{"@type":"Organization","@id":"https:\/\/www.bellunopress.it\/#organization","name":"Bellunopress","url":"https:\/\/www.bellunopress.it\/","logo":{"@type":"ImageObject","inLanguage":"fr-FR","@id":"https:\/\/www.bellunopress.it\/#\/schema\/logo\/image\/","url":"https:\/\/www.bellunopress.it\/wp-content\/uploads\/2011\/05\/cropped-logo-bellunopress-.jpg","contentUrl":"https:\/\/www.bellunopress.it\/wp-content\/uploads\/2011\/05\/cropped-logo-bellunopress-.jpg","width":512,"height":512,"caption":"Bellunopress"},"image":{"@id":"https:\/\/www.bellunopress.it\/#\/schema\/logo\/image\/"},"sameAs":["https:\/\/www.facebook.com\/profile.php?id=100008943462799","https:\/\/x.com\/bellunopress","https:\/\/www.linkedin.com\/hp\/?dnr=JBzUWaJfMUw8vbXJJ2tVW5-I3jZKvC4wsoxE&amp;amp;amp;amp;amp;amp;trk=nav_responsive_tab_home","https:\/\/www.youtube.com\/channel\/UCxL0wu1uN0_3_7hGG0306cw"]},{"@type":"Person","@id":"https:\/\/www.bellunopress.it\/#\/schema\/person\/79bb06722b37ece1c03d3e94beb30d73","name":"r\u00e9daction","image":{"@type":"ImageObject","inLanguage":"fr-FR","@id":"https:\/\/secure.gravatar.com\/avatar\/37d968a2e67a6fd04c169c4bdef102d0bc5d31b2546345219e348575eb80e9a0?s=96&d=mm&r=g","url":"https:\/\/secure.gravatar.com\/avatar\/37d968a2e67a6fd04c169c4bdef102d0bc5d31b2546345219e348575eb80e9a0?s=96&d=mm&r=g","contentUrl":"https:\/\/secure.gravatar.com\/avatar\/37d968a2e67a6fd04c169c4bdef102d0bc5d31b2546345219e348575eb80e9a0?s=96&d=mm&r=g","caption":"redazione"},"sameAs":["http:\/\/www.bellunopress.it","https:\/\/x.com\/bellunopress"],"url":"https:\/\/www.bellunopress.it\/fr\/author\/redazione\/"}]}},"_links":{"self":[{"href":"https:\/\/www.bellunopress.it\/fr\/wp-json\/wp\/v2\/posts\/171731","targetHints":{"allow":["GET"]}}],"collection":[{"href":"https:\/\/www.bellunopress.it\/fr\/wp-json\/wp\/v2\/posts"}],"about":[{"href":"https:\/\/www.bellunopress.it\/fr\/wp-json\/wp\/v2\/types\/post"}],"author":[{"embeddable":true,"href":"https:\/\/www.bellunopress.it\/fr\/wp-json\/wp\/v2\/users\/2"}],"replies":[{"embeddable":true,"href":"https:\/\/www.bellunopress.it\/fr\/wp-json\/wp\/v2\/comments?post=171731"}],"version-history":[{"count":1,"href":"https:\/\/www.bellunopress.it\/fr\/wp-json\/wp\/v2\/posts\/171731\/revisions"}],"predecessor-version":[{"id":171732,"href":"https:\/\/www.bellunopress.it\/fr\/wp-json\/wp\/v2\/posts\/171731\/revisions\/171732"}],"wp:featuredmedia":[{"embeddable":true,"href":"https:\/\/www.bellunopress.it\/fr\/wp-json\/wp\/v2\/media\/171716"}],"wp:attachment":[{"href":"https:\/\/www.bellunopress.it\/fr\/wp-json\/wp\/v2\/media?parent=171731"}],"wp:term":[{"taxonomy":"category","embeddable":true,"href":"https:\/\/www.bellunopress.it\/fr\/wp-json\/wp\/v2\/categories?post=171731"},{"taxonomy":"post_tag","embeddable":true,"href":"https:\/\/www.bellunopress.it\/fr\/wp-json\/wp\/v2\/tags?post=171731"}],"curies":[{"name":"wp","href":"https:\/\/api.w.org\/{rel}","templated":true}]}}