{"id":171728,"date":"2026-07-06T12:00:21","date_gmt":"2026-07-06T10:00:21","guid":{"rendered":"https:\/\/www.bellunopress.it\/?p=171728"},"modified":"2026-07-06T21:29:46","modified_gmt":"2026-07-06T19:29:46","slug":"numerosi-interventi-in-montagna-3","status":"publish","type":"post","link":"https:\/\/www.bellunopress.it\/fr\/2026\/07\/06\/numerosi-interventi-in-montagna-3\/","title":{"rendered":"Numerosi interventi in montagna"},"content":{"rendered":"<p>Domegge di Cadore (BL), 06 &#8211; 07 &#8211; 2026\u00a0 \u00a0Sono in corso le ricerche di una coppia anconetana, tra le montagne al confine tra Cimolais e Domegge di Cadore, dopo che oggi ne \u00e8 stata segnalata la scomparsa dai familiari, quando non si sono presentati per andare a lavoro oggi. Dalle prime notizie, i due fidanzati quarantenni di Osimo sono partiti nei giorni scorsi dal Rifugio Pordenone, dove \u00e8 stata rinvenuta ancora parcheggiata la loro macchina, indicando diversi possibili itinerari a cavallo tra le regioni, sugli Spalti di Toro. L&#8217;ultimo contatto con amici e familiari risale a mercoled\u00ec, mentre l&#8217;ultima cella agganciata \u00e8 stata quella di Domegge gioved\u00ec nel pomeriggio. Le squadre trasportate in quota stanno percorrendo i principali sentieri, mentre gli elicotteri del Suem di Pieve di Cadore e del Friuli Venezia Giulia, della Guardia di finanza e dei Vigili del fuoco hanno effettuato lunghe perlustrazioni al momento senza esito.<\/p>\n<p>Belluno, 06 &#8211; 07 &#8211; 2026\u00a0 \u00a0 \u00a0Si registrano anche oggi numerosi interventi sulle montagne bellunesi. Questa mattina, scattato l&#8217;allarme poco dopo le 10, Falco 2 \u00e8 volato sul sentiero tra il Rifugio Padova e il Rifugio Tita Barba, a Domegge di Cadore, per una escursionista di 68 anni di Porto Viro (RO), che aveva riportato un trauma a un braccio. La chiamata \u00e8 partita da uno dei suoi compagni, che si \u00e8 dovuto spostare di 300 metri e salire sulla sommit\u00e0 del Casel de Col per trovare copertura. La donna, issata a bordo con il verricello, \u00e8 stata trasportata all&#8217;ospedale di Belluno.<br \/>\nUna squadra del Soccorso alpino di Livinallongo \u00e8 intervenuto sotto il Bec de Roces, dove una turista tedesca di 35 anni, che stava scendendo in mountain bike verso Arabba, si era fatta male al ginocchio. Accompagnata a valle, la donna si \u00e8 allontanata con i propri mezzi.<\/p>\n<p>Verso le 11.45 il 118 \u00e8 stato contattato dall&#8217;amico di due escursionisti in difficolt\u00e0 sotto Forcella Marcuoira, a Cortina d&#8217;Ampezzo. Nel tentativo di superare un tratto del sentiero in un altro punto, i due, lei del Regno Unito, lui cinese, entrambi 28enni, si erano ritrovati in un punto scivoloso del ghiaione che li portava verso il basso. Si erano quindi sdraiati a terra nel timore di non riuscire a fermarsi. Arrivato in prossimit\u00e0, l&#8217;elicottero del Suem di Pieve di Cadore ha calato con il verricello il tecnico di elisoccorso, che \u00e8 sceso da loro, li ha assicurati e riaccompagnati sul sentiero, da dove i due hanno poi deciso di proseguire la loro camminata.<\/p>\n<p>Falco \u00e8 stato poi inviato lungo il sentiero per il Bivacco Fanton. Arrivati a quota 2.204, sul ghiaione alla base del tratto attrezzato, padre e figlio si erano infatti dovuti fermare, poich\u00e9 il pap\u00e0, un 65enne di Caneva, era sfinito dalla stanchezza, incapace di muoversi, e il figlio aveva chiesto aiuto verso le 13. Individuato il punto, sono quindi scesi con un verricello il tecnico di elisoccorso e il medico, che ha valutato le condizioni dell&#8217;uomo. Entrambi sono stati recuperati e trasportati a Pieve di Cadore.<\/p>\n<p>Una squadra del Soccorso alpino di San Vito di Cadore ha raggiunto un 81enne di Torino, che si era fatto male a una caviglia sul sentiero che dal San Marco porta allo Scotter ed era assistito dal gestore di quest&#8217;ultimo, giunto sul posto. L&#8217;anziano \u00e8 stato portato al rendez vous con l&#8217;ambulanza.<\/p>","protected":false},"excerpt":{"rendered":"<p>Domegge di Cadore (BL), 06 &#8211; 07 &#8211; 2026\u00a0 \u00a0Sono in corso le ricerche di una coppia anconetana, tra le montagne al confine tra Cimolais e Domegge di Cadore, dopo che oggi ne \u00e8 stata segnalata la scomparsa dai familiari, quando non si sono presentati per andare a lavoro oggi. Dalle prime notizie, i due [&hellip;]<\/p>\n","protected":false},"author":2,"featured_media":170567,"comment_status":"closed","ping_status":"open","sticky":false,"template":"","format":"standard","meta":{"footnotes":""},"categories":[5],"tags":[],"class_list":["post-171728","post","type-post","status-publish","format-standard","has-post-thumbnail","category-cronaca"],"yoast_head":"<!-- This site is optimized with the Yoast SEO plugin v28.4 - https:\/\/yoast.com\/product\/yoast-seo-wordpress\/ -->\n<title>Numerosi interventi in montagna - Bellunopress - Dolomiti<\/title>\n<meta name=\"robots\" content=\"index, follow, max-snippet:-1, max-image-preview:large, max-video-preview:-1\" \/>\n<link rel=\"canonical\" href=\"https:\/\/www.bellunopress.it\/fr\/2026\/07\/06\/numerosi-interventi-in-montagna-3\/\" \/>\n<meta property=\"og:locale\" content=\"fr_FR\" \/>\n<meta property=\"og:type\" content=\"article\" \/>\n<meta property=\"og:title\" content=\"Numerosi interventi in montagna - Bellunopress - Dolomiti\" \/>\n<meta property=\"og:description\" content=\"Domegge di Cadore (BL), 06 &#8211; 07 &#8211; 2026\u00a0 \u00a0Sono in corso le ricerche di una coppia anconetana, tra le montagne al confine tra Cimolais e Domegge di Cadore, dopo che oggi ne \u00e8 stata segnalata la scomparsa dai familiari, quando non si sono presentati per andare a lavoro oggi. Dalle prime notizie, i due [&hellip;]\" \/>\n<meta property=\"og:url\" content=\"https:\/\/www.bellunopress.it\/fr\/2026\/07\/06\/numerosi-interventi-in-montagna-3\/\" \/>\n<meta property=\"og:site_name\" content=\"Bellunopress - Dolomiti\" \/>\n<meta property=\"article:publisher\" content=\"https:\/\/www.facebook.com\/profile.php?id=100008943462799\" \/>\n<meta property=\"article:published_time\" content=\"2026-07-06T10:00:21+00:00\" \/>\n<meta property=\"article:modified_time\" content=\"2026-07-06T19:29:46+00:00\" \/>\n<meta property=\"og:image\" content=\"https:\/\/www.bellunopress.it\/wp-content\/uploads\/2026\/05\/soccorso-118.jpg\" \/>\n\t<meta property=\"og:image:width\" content=\"600\" \/>\n\t<meta property=\"og:image:height\" content=\"269\" \/>\n\t<meta property=\"og:image:type\" content=\"image\/jpeg\" \/>\n<meta name=\"author\" content=\"redazione\" \/>\n<meta name=\"twitter:card\" content=\"summary_large_image\" \/>\n<meta name=\"twitter:creator\" content=\"@bellunopress\" \/>\n<meta name=\"twitter:site\" content=\"@bellunopress\" \/>\n<meta name=\"twitter:label1\" content=\"\u00c9crit par\" \/>\n\t<meta name=\"twitter:data1\" content=\"redazione\" \/>\n\t<meta name=\"twitter:label2\" content=\"Dur\u00e9e de lecture estim\u00e9e\" \/>\n\t<meta name=\"twitter:data2\" content=\"4 minutes\" \/>\n<script type=\"application\/ld+json\" class=\"yoast-schema-graph\">{\"@context\":\"https:\\\/\\\/schema.org\",\"@graph\":[{\"@type\":\"Article\",\"@id\":\"https:\\\/\\\/www.bellunopress.it\\\/2026\\\/07\\\/06\\\/numerosi-interventi-in-montagna-3\\\/#article\",\"isPartOf\":{\"@id\":\"https:\\\/\\\/www.bellunopress.it\\\/2026\\\/07\\\/06\\\/numerosi-interventi-in-montagna-3\\\/\"},\"author\":{\"name\":\"redazione\",\"@id\":\"https:\\\/\\\/www.bellunopress.it\\\/#\\\/schema\\\/person\\\/79bb06722b37ece1c03d3e94beb30d73\"},\"headline\":\"Numerosi interventi in montagna\",\"datePublished\":\"2026-07-06T10:00:21+00:00\",\"dateModified\":\"2026-07-06T19:29:46+00:00\",\"mainEntityOfPage\":{\"@id\":\"https:\\\/\\\/www.bellunopress.it\\\/2026\\\/07\\\/06\\\/numerosi-interventi-in-montagna-3\\\/\"},\"wordCount\":538,\"publisher\":{\"@id\":\"https:\\\/\\\/www.bellunopress.it\\\/#organization\"},\"image\":{\"@id\":\"https:\\\/\\\/www.bellunopress.it\\\/2026\\\/07\\\/06\\\/numerosi-interventi-in-montagna-3\\\/#primaryimage\"},\"thumbnailUrl\":\"https:\\\/\\\/www.bellunopress.it\\\/wp-content\\\/uploads\\\/2026\\\/05\\\/soccorso-118.jpg\",\"articleSection\":[\"Cronaca\\\/Politica\"],\"inLanguage\":\"fr-FR\"},{\"@type\":\"WebPage\",\"@id\":\"https:\\\/\\\/www.bellunopress.it\\\/2026\\\/07\\\/06\\\/numerosi-interventi-in-montagna-3\\\/\",\"url\":\"https:\\\/\\\/www.bellunopress.it\\\/2026\\\/07\\\/06\\\/numerosi-interventi-in-montagna-3\\\/\",\"name\":\"Numerosi interventi in montagna - Bellunopress - Dolomiti\",\"isPartOf\":{\"@id\":\"https:\\\/\\\/www.bellunopress.it\\\/#website\"},\"primaryImageOfPage\":{\"@id\":\"https:\\\/\\\/www.bellunopress.it\\\/2026\\\/07\\\/06\\\/numerosi-interventi-in-montagna-3\\\/#primaryimage\"},\"image\":{\"@id\":\"https:\\\/\\\/www.bellunopress.it\\\/2026\\\/07\\\/06\\\/numerosi-interventi-in-montagna-3\\\/#primaryimage\"},\"thumbnailUrl\":\"https:\\\/\\\/www.bellunopress.it\\\/wp-content\\\/uploads\\\/2026\\\/05\\\/soccorso-118.jpg\",\"datePublished\":\"2026-07-06T10:00:21+00:00\",\"dateModified\":\"2026-07-06T19:29:46+00:00\",\"breadcrumb\":{\"@id\":\"https:\\\/\\\/www.bellunopress.it\\\/2026\\\/07\\\/06\\\/numerosi-interventi-in-montagna-3\\\/#breadcrumb\"},\"inLanguage\":\"fr-FR\",\"potentialAction\":[{\"@type\":\"ReadAction\",\"target\":[\"https:\\\/\\\/www.bellunopress.it\\\/2026\\\/07\\\/06\\\/numerosi-interventi-in-montagna-3\\\/\"]}]},{\"@type\":\"ImageObject\",\"inLanguage\":\"fr-FR\",\"@id\":\"https:\\\/\\\/www.bellunopress.it\\\/2026\\\/07\\\/06\\\/numerosi-interventi-in-montagna-3\\\/#primaryimage\",\"url\":\"https:\\\/\\\/www.bellunopress.it\\\/wp-content\\\/uploads\\\/2026\\\/05\\\/soccorso-118.jpg\",\"contentUrl\":\"https:\\\/\\\/www.bellunopress.it\\\/wp-content\\\/uploads\\\/2026\\\/05\\\/soccorso-118.jpg\",\"width\":600,\"height\":269},{\"@type\":\"BreadcrumbList\",\"@id\":\"https:\\\/\\\/www.bellunopress.it\\\/2026\\\/07\\\/06\\\/numerosi-interventi-in-montagna-3\\\/#breadcrumb\",\"itemListElement\":[{\"@type\":\"ListItem\",\"position\":1,\"name\":\"Home\",\"item\":\"https:\\\/\\\/www.bellunopress.it\\\/\"},{\"@type\":\"ListItem\",\"position\":2,\"name\":\"Numerosi interventi in montagna\"}]},{\"@type\":\"WebSite\",\"@id\":\"https:\\\/\\\/www.bellunopress.it\\\/#website\",\"url\":\"https:\\\/\\\/www.bellunopress.it\\\/\",\"name\":\"Bellunopress - Dolomiti\",\"description\":\"e-mail: redazione@bellunopress.it\",\"publisher\":{\"@id\":\"https:\\\/\\\/www.bellunopress.it\\\/#organization\"},\"potentialAction\":[{\"@type\":\"SearchAction\",\"target\":{\"@type\":\"EntryPoint\",\"urlTemplate\":\"https:\\\/\\\/www.bellunopress.it\\\/?s={search_term_string}\"},\"query-input\":{\"@type\":\"PropertyValueSpecification\",\"valueRequired\":true,\"valueName\":\"search_term_string\"}}],\"inLanguage\":\"fr-FR\"},{\"@type\":\"Organization\",\"@id\":\"https:\\\/\\\/www.bellunopress.it\\\/#organization\",\"name\":\"Bellunopress\",\"url\":\"https:\\\/\\\/www.bellunopress.it\\\/\",\"logo\":{\"@type\":\"ImageObject\",\"inLanguage\":\"fr-FR\",\"@id\":\"https:\\\/\\\/www.bellunopress.it\\\/#\\\/schema\\\/logo\\\/image\\\/\",\"url\":\"https:\\\/\\\/www.bellunopress.it\\\/wp-content\\\/uploads\\\/2011\\\/05\\\/cropped-logo-bellunopress-.jpg\",\"contentUrl\":\"https:\\\/\\\/www.bellunopress.it\\\/wp-content\\\/uploads\\\/2011\\\/05\\\/cropped-logo-bellunopress-.jpg\",\"width\":512,\"height\":512,\"caption\":\"Bellunopress\"},\"image\":{\"@id\":\"https:\\\/\\\/www.bellunopress.it\\\/#\\\/schema\\\/logo\\\/image\\\/\"},\"sameAs\":[\"https:\\\/\\\/www.facebook.com\\\/profile.php?id=100008943462799\",\"https:\\\/\\\/x.com\\\/bellunopress\",\"https:\\\/\\\/www.linkedin.com\\\/hp\\\/?dnr=JBzUWaJfMUw8vbXJJ2tVW5-I3jZKvC4wsoxE&amp;amp;amp;amp;amp;amp;trk=nav_responsive_tab_home\",\"https:\\\/\\\/www.youtube.com\\\/channel\\\/UCxL0wu1uN0_3_7hGG0306cw\"]},{\"@type\":\"Person\",\"@id\":\"https:\\\/\\\/www.bellunopress.it\\\/#\\\/schema\\\/person\\\/79bb06722b37ece1c03d3e94beb30d73\",\"name\":\"redazione\",\"image\":{\"@type\":\"ImageObject\",\"inLanguage\":\"fr-FR\",\"@id\":\"https:\\\/\\\/secure.gravatar.com\\\/avatar\\\/37d968a2e67a6fd04c169c4bdef102d0bc5d31b2546345219e348575eb80e9a0?s=96&d=mm&r=g\",\"url\":\"https:\\\/\\\/secure.gravatar.com\\\/avatar\\\/37d968a2e67a6fd04c169c4bdef102d0bc5d31b2546345219e348575eb80e9a0?s=96&d=mm&r=g\",\"contentUrl\":\"https:\\\/\\\/secure.gravatar.com\\\/avatar\\\/37d968a2e67a6fd04c169c4bdef102d0bc5d31b2546345219e348575eb80e9a0?s=96&d=mm&r=g\",\"caption\":\"redazione\"},\"sameAs\":[\"http:\\\/\\\/www.bellunopress.it\",\"https:\\\/\\\/x.com\\\/bellunopress\"],\"url\":\"https:\\\/\\\/www.bellunopress.it\\\/fr\\\/author\\\/redazione\\\/\"}]}<\/script>\n<!-- \/ Yoast SEO plugin. -->","yoast_head_json":{"title":"Numerosi interventi in montagna - Bellunopress - Dolomiti","robots":{"index":"index","follow":"follow","max-snippet":"max-snippet:-1","max-image-preview":"max-image-preview:large","max-video-preview":"max-video-preview:-1"},"canonical":"https:\/\/www.bellunopress.it\/fr\/2026\/07\/06\/numerosi-interventi-in-montagna-3\/","og_locale":"fr_FR","og_type":"article","og_title":"Numerosi interventi in montagna - Bellunopress - Dolomiti","og_description":"Domegge di Cadore (BL), 06 &#8211; 07 &#8211; 2026\u00a0 \u00a0Sono in corso le ricerche di una coppia anconetana, tra le montagne al confine tra Cimolais e Domegge di Cadore, dopo che oggi ne \u00e8 stata segnalata la scomparsa dai familiari, quando non si sono presentati per andare a lavoro oggi. Dalle prime notizie, i due [&hellip;]","og_url":"https:\/\/www.bellunopress.it\/fr\/2026\/07\/06\/numerosi-interventi-in-montagna-3\/","og_site_name":"Bellunopress - Dolomiti","article_publisher":"https:\/\/www.facebook.com\/profile.php?id=100008943462799","article_published_time":"2026-07-06T10:00:21+00:00","article_modified_time":"2026-07-06T19:29:46+00:00","og_image":[{"width":600,"height":269,"url":"https:\/\/www.bellunopress.it\/wp-content\/uploads\/2026\/05\/soccorso-118.jpg","type":"image\/jpeg"}],"author":"redazione","twitter_card":"summary_large_image","twitter_creator":"@bellunopress","twitter_site":"@bellunopress","twitter_misc":{"\u00c9crit par":"redazione","Dur\u00e9e de lecture estim\u00e9e":"4 minutes"},"schema":{"@context":"https:\/\/schema.org","@graph":[{"@type":"Article","@id":"https:\/\/www.bellunopress.it\/2026\/07\/06\/numerosi-interventi-in-montagna-3\/#article","isPartOf":{"@id":"https:\/\/www.bellunopress.it\/2026\/07\/06\/numerosi-interventi-in-montagna-3\/"},"author":{"name":"redazione","@id":"https:\/\/www.bellunopress.it\/#\/schema\/person\/79bb06722b37ece1c03d3e94beb30d73"},"headline":"Numerosi interventi in montagna","datePublished":"2026-07-06T10:00:21+00:00","dateModified":"2026-07-06T19:29:46+00:00","mainEntityOfPage":{"@id":"https:\/\/www.bellunopress.it\/2026\/07\/06\/numerosi-interventi-in-montagna-3\/"},"wordCount":538,"publisher":{"@id":"https:\/\/www.bellunopress.it\/#organization"},"image":{"@id":"https:\/\/www.bellunopress.it\/2026\/07\/06\/numerosi-interventi-in-montagna-3\/#primaryimage"},"thumbnailUrl":"https:\/\/www.bellunopress.it\/wp-content\/uploads\/2026\/05\/soccorso-118.jpg","articleSection":["Cronaca\/Politica"],"inLanguage":"fr-FR"},{"@type":"WebPage","@id":"https:\/\/www.bellunopress.it\/2026\/07\/06\/numerosi-interventi-in-montagna-3\/","url":"https:\/\/www.bellunopress.it\/2026\/07\/06\/numerosi-interventi-in-montagna-3\/","name":"Numerosi interventi in montagna - Bellunopress - Dolomiti","isPartOf":{"@id":"https:\/\/www.bellunopress.it\/#website"},"primaryImageOfPage":{"@id":"https:\/\/www.bellunopress.it\/2026\/07\/06\/numerosi-interventi-in-montagna-3\/#primaryimage"},"image":{"@id":"https:\/\/www.bellunopress.it\/2026\/07\/06\/numerosi-interventi-in-montagna-3\/#primaryimage"},"thumbnailUrl":"https:\/\/www.bellunopress.it\/wp-content\/uploads\/2026\/05\/soccorso-118.jpg","datePublished":"2026-07-06T10:00:21+00:00","dateModified":"2026-07-06T19:29:46+00:00","breadcrumb":{"@id":"https:\/\/www.bellunopress.it\/2026\/07\/06\/numerosi-interventi-in-montagna-3\/#breadcrumb"},"inLanguage":"fr-FR","potentialAction":[{"@type":"ReadAction","target":["https:\/\/www.bellunopress.it\/2026\/07\/06\/numerosi-interventi-in-montagna-3\/"]}]},{"@type":"ImageObject","inLanguage":"fr-FR","@id":"https:\/\/www.bellunopress.it\/2026\/07\/06\/numerosi-interventi-in-montagna-3\/#primaryimage","url":"https:\/\/www.bellunopress.it\/wp-content\/uploads\/2026\/05\/soccorso-118.jpg","contentUrl":"https:\/\/www.bellunopress.it\/wp-content\/uploads\/2026\/05\/soccorso-118.jpg","width":600,"height":269},{"@type":"BreadcrumbList","@id":"https:\/\/www.bellunopress.it\/2026\/07\/06\/numerosi-interventi-in-montagna-3\/#breadcrumb","itemListElement":[{"@type":"ListItem","position":1,"name":"Home","item":"https:\/\/www.bellunopress.it\/"},{"@type":"ListItem","position":2,"name":"Numerosi interventi in montagna"}]},{"@type":"WebSite","@id":"https:\/\/www.bellunopress.it\/#website","url":"https:\/\/www.bellunopress.it\/","name":"Bellunopress - Dolomiti","description":"e-mail: redazione@bellunopress.it","publisher":{"@id":"https:\/\/www.bellunopress.it\/#organization"},"potentialAction":[{"@type":"SearchAction","target":{"@type":"EntryPoint","urlTemplate":"https:\/\/www.bellunopress.it\/?s={search_term_string}"},"query-input":{"@type":"PropertyValueSpecification","valueRequired":true,"valueName":"search_term_string"}}],"inLanguage":"fr-FR"},{"@type":"Organization","@id":"https:\/\/www.bellunopress.it\/#organization","name":"Bellunopress","url":"https:\/\/www.bellunopress.it\/","logo":{"@type":"ImageObject","inLanguage":"fr-FR","@id":"https:\/\/www.bellunopress.it\/#\/schema\/logo\/image\/","url":"https:\/\/www.bellunopress.it\/wp-content\/uploads\/2011\/05\/cropped-logo-bellunopress-.jpg","contentUrl":"https:\/\/www.bellunopress.it\/wp-content\/uploads\/2011\/05\/cropped-logo-bellunopress-.jpg","width":512,"height":512,"caption":"Bellunopress"},"image":{"@id":"https:\/\/www.bellunopress.it\/#\/schema\/logo\/image\/"},"sameAs":["https:\/\/www.facebook.com\/profile.php?id=100008943462799","https:\/\/x.com\/bellunopress","https:\/\/www.linkedin.com\/hp\/?dnr=JBzUWaJfMUw8vbXJJ2tVW5-I3jZKvC4wsoxE&amp;amp;amp;amp;amp;amp;trk=nav_responsive_tab_home","https:\/\/www.youtube.com\/channel\/UCxL0wu1uN0_3_7hGG0306cw"]},{"@type":"Person","@id":"https:\/\/www.bellunopress.it\/#\/schema\/person\/79bb06722b37ece1c03d3e94beb30d73","name":"r\u00e9daction","image":{"@type":"ImageObject","inLanguage":"fr-FR","@id":"https:\/\/secure.gravatar.com\/avatar\/37d968a2e67a6fd04c169c4bdef102d0bc5d31b2546345219e348575eb80e9a0?s=96&d=mm&r=g","url":"https:\/\/secure.gravatar.com\/avatar\/37d968a2e67a6fd04c169c4bdef102d0bc5d31b2546345219e348575eb80e9a0?s=96&d=mm&r=g","contentUrl":"https:\/\/secure.gravatar.com\/avatar\/37d968a2e67a6fd04c169c4bdef102d0bc5d31b2546345219e348575eb80e9a0?s=96&d=mm&r=g","caption":"redazione"},"sameAs":["http:\/\/www.bellunopress.it","https:\/\/x.com\/bellunopress"],"url":"https:\/\/www.bellunopress.it\/fr\/author\/redazione\/"}]}},"_links":{"self":[{"href":"https:\/\/www.bellunopress.it\/fr\/wp-json\/wp\/v2\/posts\/171728","targetHints":{"allow":["GET"]}}],"collection":[{"href":"https:\/\/www.bellunopress.it\/fr\/wp-json\/wp\/v2\/posts"}],"about":[{"href":"https:\/\/www.bellunopress.it\/fr\/wp-json\/wp\/v2\/types\/post"}],"author":[{"embeddable":true,"href":"https:\/\/www.bellunopress.it\/fr\/wp-json\/wp\/v2\/users\/2"}],"replies":[{"embeddable":true,"href":"https:\/\/www.bellunopress.it\/fr\/wp-json\/wp\/v2\/comments?post=171728"}],"version-history":[{"count":1,"href":"https:\/\/www.bellunopress.it\/fr\/wp-json\/wp\/v2\/posts\/171728\/revisions"}],"predecessor-version":[{"id":171729,"href":"https:\/\/www.bellunopress.it\/fr\/wp-json\/wp\/v2\/posts\/171728\/revisions\/171729"}],"wp:featuredmedia":[{"embeddable":true,"href":"https:\/\/www.bellunopress.it\/fr\/wp-json\/wp\/v2\/media\/170567"}],"wp:attachment":[{"href":"https:\/\/www.bellunopress.it\/fr\/wp-json\/wp\/v2\/media?parent=171728"}],"wp:term":[{"taxonomy":"category","embeddable":true,"href":"https:\/\/www.bellunopress.it\/fr\/wp-json\/wp\/v2\/categories?post=171728"},{"taxonomy":"post_tag","embeddable":true,"href":"https:\/\/www.bellunopress.it\/fr\/wp-json\/wp\/v2\/tags?post=171728"}],"curies":[{"name":"wp","href":"https:\/\/api.w.org\/{rel}","templated":true}]}}