{"id":171726,"date":"2026-07-06T21:22:58","date_gmt":"2026-07-06T19:22:58","guid":{"rendered":"https:\/\/www.bellunopress.it\/?p=171726"},"modified":"2026-07-06T21:22:58","modified_gmt":"2026-07-06T19:22:58","slug":"canoni-idroelettrici-staunovo-polacco-risultato-storico-per-il-bellunese-una-cabina-di-regia-tra-regione-e-provincia-per-programmare-il-futuro-della-montagna","status":"publish","type":"post","link":"https:\/\/www.bellunopress.it\/fr\/2026\/07\/06\/canoni-idroelettrici-staunovo-polacco-risultato-storico-per-il-bellunese-una-cabina-di-regia-tra-regione-e-provincia-per-programmare-il-futuro-della-montagna\/","title":{"rendered":"Canoni idroelettrici.\u00a0 Staunovo Polacco: risultato storico per il Bellunese, una cabina di regia tra Regione e Provincia per programmare il futuro della montagna"},"content":{"rendered":"<p>Belluno, 6 luglio 2026 &#8211;\u00a0&#8220;Regione del Veneto e Provincia di Belluno hanno raggiunto un risultato storico per il nostro territorio. Dopo anni di contenziosi e interlocuzioni, si stanno finalmente concretizzando risorse che spettano al Bellunese e che rappresentano una straordinaria opportunit\u00e0 per lo sviluppo della montagna&#8221;.<\/p>\n<p>Cos\u00ec il presidente della Provincia di Belluno Marco Staunovo Polacco interviene sugli sviluppi della partita relativa ai canoni idroelettrici e alla monetizzazione degli extracanoni.<\/p>\n<p>&#8220;Questo traguardo \u00e8 il frutto di un lavoro istituzionale portato avanti con determinazione fin dall&#8217;inizio dell&#8217;attuale legislatura regionale. Un impegno che ha visto in prima linea il presidente Alberto Stefani e l&#8217;assessore regionale alla montagna Dario Bond, che hanno avviato fin da subito un confronto con Enel per ottenere il pieno rispetto di quanto previsto dalla normativa.\u00a0Un percorso condiviso con la Provincia di Belluno che oggi inizia a dare i risultati attesi&#8221;.<\/p>\n<p>La partita, complessivamente, potrebbe valere per il Bellunese decine di milioni di euro. Di questi, una parte \u00e8 gi\u00e0 stata corrisposta, mentre la restante parte \u00e8 destinata a essere riconosciuta nei prossimi mesi.<\/p>\n<p>&#8220;Parliamo di risorse che possono cambiare il futuro della nostra provincia. Proprio per questo \u00e8 necessario affrontare la fase successiva con responsabilit\u00e0. Non possiamo limitarci a gestire queste somme: dobbiamo programmarne l&#8217;utilizzo in modo strategico aprendo una nuova fase di collaborazione istituzionale. Propongo perci\u00f2 la costituzione di una cabina di regia tra Regione del Veneto e Provincia di Belluno che abbia il compito di definire una pianificazione complessiva degli investimenti. Servono una strategia e una programmazione di medio-lungo periodo affinch\u00e9 queste risorse vengano destinate alle reali esigenze della montagna e producano benefici duraturi per le nostre comunit\u00e0&#8221;.<\/p>\n<p>&#8220;Infrastrutture, scuole, sanit\u00e0, servizi ai cittadini, difesa del suolo, sostegno ai Comuni e alle aree pi\u00f9 fragili: le priorit\u00e0 non mancano. \u00c8 fondamentale che queste risorse vengano utilizzate per rafforzare la competitivit\u00e0 del Bellunese e migliorare la qualit\u00e0 della vita di chi vive e lavora in montagna. Questo \u00e8 il momento di fare squadra, perch\u00e9 un risultato cos\u00ec importante merita una programmazione all&#8217;altezza delle opportunit\u00e0 che offre al nostro territorio&#8221;, conclude Staunovo Polacco.<\/p>\n<p>&#8212;<\/p>","protected":false},"excerpt":{"rendered":"<p>Belluno, 6 luglio 2026 &#8211;\u00a0&#8220;Regione del Veneto e Provincia di Belluno hanno raggiunto un risultato storico per il nostro territorio. Dopo anni di contenziosi e interlocuzioni, si stanno finalmente concretizzando risorse che spettano al Bellunese e che rappresentano una straordinaria opportunit\u00e0 per lo sviluppo della montagna&#8221;. Cos\u00ec il presidente della Provincia di Belluno Marco Staunovo [&hellip;]<\/p>\n","protected":false},"author":2,"featured_media":168849,"comment_status":"closed","ping_status":"open","sticky":false,"template":"","format":"standard","meta":{"footnotes":""},"categories":[5,26],"tags":[],"class_list":["post-171726","post","type-post","status-publish","format-standard","has-post-thumbnail","category-cronaca","category-prima-pagina"],"yoast_head":"<!-- This site is optimized with the Yoast SEO plugin v28.4 - https:\/\/yoast.com\/product\/yoast-seo-wordpress\/ -->\n<title>Canoni idroelettrici.\u00a0 Staunovo Polacco: risultato storico per il Bellunese, una cabina di regia tra Regione e Provincia per programmare il futuro della montagna - Bellunopress - Dolomiti<\/title>\n<meta name=\"robots\" content=\"index, follow, max-snippet:-1, max-image-preview:large, max-video-preview:-1\" \/>\n<link rel=\"canonical\" href=\"https:\/\/www.bellunopress.it\/fr\/2026\/07\/06\/canoni-idroelettrici-staunovo-polacco-risultato-storico-per-il-bellunese-una-cabina-di-regia-tra-regione-e-provincia-per-programmare-il-futuro-della-montagna\/\" \/>\n<meta property=\"og:locale\" content=\"fr_FR\" \/>\n<meta property=\"og:type\" content=\"article\" \/>\n<meta property=\"og:title\" content=\"Canoni idroelettrici.\u00a0 Staunovo Polacco: risultato storico per il Bellunese, una cabina di regia tra Regione e Provincia per programmare il futuro della montagna - Bellunopress - Dolomiti\" \/>\n<meta property=\"og:description\" content=\"Belluno, 6 luglio 2026 &#8211;\u00a0&#8220;Regione del Veneto e Provincia di Belluno hanno raggiunto un risultato storico per il nostro territorio. Dopo anni di contenziosi e interlocuzioni, si stanno finalmente concretizzando risorse che spettano al Bellunese e che rappresentano una straordinaria opportunit\u00e0 per lo sviluppo della montagna&#8221;. Cos\u00ec il presidente della Provincia di Belluno Marco Staunovo [&hellip;]\" \/>\n<meta property=\"og:url\" content=\"https:\/\/www.bellunopress.it\/fr\/2026\/07\/06\/canoni-idroelettrici-staunovo-polacco-risultato-storico-per-il-bellunese-una-cabina-di-regia-tra-regione-e-provincia-per-programmare-il-futuro-della-montagna\/\" \/>\n<meta property=\"og:site_name\" content=\"Bellunopress - Dolomiti\" \/>\n<meta property=\"article:publisher\" content=\"https:\/\/www.facebook.com\/profile.php?id=100008943462799\" \/>\n<meta property=\"article:published_time\" content=\"2026-07-06T19:22:58+00:00\" \/>\n<meta property=\"og:image\" content=\"https:\/\/www.bellunopress.it\/wp-content\/uploads\/2026\/04\/Marco-Staunovo-Polacco-Sindaco-di-Comelico-Superiore-Presidente-della-Provincia.jpg\" \/>\n\t<meta property=\"og:image:width\" content=\"525\" \/>\n\t<meta property=\"og:image:height\" content=\"423\" \/>\n\t<meta property=\"og:image:type\" content=\"image\/jpeg\" \/>\n<meta name=\"author\" content=\"redazione\" \/>\n<meta name=\"twitter:card\" content=\"summary_large_image\" \/>\n<meta name=\"twitter:creator\" content=\"@bellunopress\" \/>\n<meta name=\"twitter:site\" content=\"@bellunopress\" \/>\n<meta name=\"twitter:label1\" content=\"\u00c9crit par\" \/>\n\t<meta name=\"twitter:data1\" content=\"redazione\" \/>\n\t<meta name=\"twitter:label2\" content=\"Dur\u00e9e de lecture estim\u00e9e\" \/>\n\t<meta name=\"twitter:data2\" content=\"3 minutes\" \/>\n<script type=\"application\/ld+json\" class=\"yoast-schema-graph\">{\"@context\":\"https:\\\/\\\/schema.org\",\"@graph\":[{\"@type\":\"Article\",\"@id\":\"https:\\\/\\\/www.bellunopress.it\\\/2026\\\/07\\\/06\\\/canoni-idroelettrici-staunovo-polacco-risultato-storico-per-il-bellunese-una-cabina-di-regia-tra-regione-e-provincia-per-programmare-il-futuro-della-montagna\\\/#article\",\"isPartOf\":{\"@id\":\"https:\\\/\\\/www.bellunopress.it\\\/2026\\\/07\\\/06\\\/canoni-idroelettrici-staunovo-polacco-risultato-storico-per-il-bellunese-una-cabina-di-regia-tra-regione-e-provincia-per-programmare-il-futuro-della-montagna\\\/\"},\"author\":{\"name\":\"redazione\",\"@id\":\"https:\\\/\\\/www.bellunopress.it\\\/#\\\/schema\\\/person\\\/79bb06722b37ece1c03d3e94beb30d73\"},\"headline\":\"Canoni idroelettrici.\u00a0 Staunovo Polacco: risultato storico per il Bellunese, una cabina di regia tra Regione e Provincia per programmare il futuro della montagna\",\"datePublished\":\"2026-07-06T19:22:58+00:00\",\"mainEntityOfPage\":{\"@id\":\"https:\\\/\\\/www.bellunopress.it\\\/2026\\\/07\\\/06\\\/canoni-idroelettrici-staunovo-polacco-risultato-storico-per-il-bellunese-una-cabina-di-regia-tra-regione-e-provincia-per-programmare-il-futuro-della-montagna\\\/\"},\"wordCount\":368,\"publisher\":{\"@id\":\"https:\\\/\\\/www.bellunopress.it\\\/#organization\"},\"image\":{\"@id\":\"https:\\\/\\\/www.bellunopress.it\\\/2026\\\/07\\\/06\\\/canoni-idroelettrici-staunovo-polacco-risultato-storico-per-il-bellunese-una-cabina-di-regia-tra-regione-e-provincia-per-programmare-il-futuro-della-montagna\\\/#primaryimage\"},\"thumbnailUrl\":\"https:\\\/\\\/www.bellunopress.it\\\/wp-content\\\/uploads\\\/2026\\\/04\\\/Marco-Staunovo-Polacco-Sindaco-di-Comelico-Superiore-Presidente-della-Provincia.jpg\",\"articleSection\":[\"Cronaca\\\/Politica\",\"Prima Pagina\"],\"inLanguage\":\"fr-FR\"},{\"@type\":\"WebPage\",\"@id\":\"https:\\\/\\\/www.bellunopress.it\\\/2026\\\/07\\\/06\\\/canoni-idroelettrici-staunovo-polacco-risultato-storico-per-il-bellunese-una-cabina-di-regia-tra-regione-e-provincia-per-programmare-il-futuro-della-montagna\\\/\",\"url\":\"https:\\\/\\\/www.bellunopress.it\\\/2026\\\/07\\\/06\\\/canoni-idroelettrici-staunovo-polacco-risultato-storico-per-il-bellunese-una-cabina-di-regia-tra-regione-e-provincia-per-programmare-il-futuro-della-montagna\\\/\",\"name\":\"Canoni idroelettrici.\u00a0 Staunovo Polacco: risultato storico per il Bellunese, una cabina di regia tra Regione e Provincia per programmare il futuro della montagna - Bellunopress - Dolomiti\",\"isPartOf\":{\"@id\":\"https:\\\/\\\/www.bellunopress.it\\\/#website\"},\"primaryImageOfPage\":{\"@id\":\"https:\\\/\\\/www.bellunopress.it\\\/2026\\\/07\\\/06\\\/canoni-idroelettrici-staunovo-polacco-risultato-storico-per-il-bellunese-una-cabina-di-regia-tra-regione-e-provincia-per-programmare-il-futuro-della-montagna\\\/#primaryimage\"},\"image\":{\"@id\":\"https:\\\/\\\/www.bellunopress.it\\\/2026\\\/07\\\/06\\\/canoni-idroelettrici-staunovo-polacco-risultato-storico-per-il-bellunese-una-cabina-di-regia-tra-regione-e-provincia-per-programmare-il-futuro-della-montagna\\\/#primaryimage\"},\"thumbnailUrl\":\"https:\\\/\\\/www.bellunopress.it\\\/wp-content\\\/uploads\\\/2026\\\/04\\\/Marco-Staunovo-Polacco-Sindaco-di-Comelico-Superiore-Presidente-della-Provincia.jpg\",\"datePublished\":\"2026-07-06T19:22:58+00:00\",\"breadcrumb\":{\"@id\":\"https:\\\/\\\/www.bellunopress.it\\\/2026\\\/07\\\/06\\\/canoni-idroelettrici-staunovo-polacco-risultato-storico-per-il-bellunese-una-cabina-di-regia-tra-regione-e-provincia-per-programmare-il-futuro-della-montagna\\\/#breadcrumb\"},\"inLanguage\":\"fr-FR\",\"potentialAction\":[{\"@type\":\"ReadAction\",\"target\":[\"https:\\\/\\\/www.bellunopress.it\\\/2026\\\/07\\\/06\\\/canoni-idroelettrici-staunovo-polacco-risultato-storico-per-il-bellunese-una-cabina-di-regia-tra-regione-e-provincia-per-programmare-il-futuro-della-montagna\\\/\"]}]},{\"@type\":\"ImageObject\",\"inLanguage\":\"fr-FR\",\"@id\":\"https:\\\/\\\/www.bellunopress.it\\\/2026\\\/07\\\/06\\\/canoni-idroelettrici-staunovo-polacco-risultato-storico-per-il-bellunese-una-cabina-di-regia-tra-regione-e-provincia-per-programmare-il-futuro-della-montagna\\\/#primaryimage\",\"url\":\"https:\\\/\\\/www.bellunopress.it\\\/wp-content\\\/uploads\\\/2026\\\/04\\\/Marco-Staunovo-Polacco-Sindaco-di-Comelico-Superiore-Presidente-della-Provincia.jpg\",\"contentUrl\":\"https:\\\/\\\/www.bellunopress.it\\\/wp-content\\\/uploads\\\/2026\\\/04\\\/Marco-Staunovo-Polacco-Sindaco-di-Comelico-Superiore-Presidente-della-Provincia.jpg\",\"width\":525,\"height\":423,\"caption\":\"Marco Staunovo Polacco - Presidente della Provincia\"},{\"@type\":\"BreadcrumbList\",\"@id\":\"https:\\\/\\\/www.bellunopress.it\\\/2026\\\/07\\\/06\\\/canoni-idroelettrici-staunovo-polacco-risultato-storico-per-il-bellunese-una-cabina-di-regia-tra-regione-e-provincia-per-programmare-il-futuro-della-montagna\\\/#breadcrumb\",\"itemListElement\":[{\"@type\":\"ListItem\",\"position\":1,\"name\":\"Home\",\"item\":\"https:\\\/\\\/www.bellunopress.it\\\/\"},{\"@type\":\"ListItem\",\"position\":2,\"name\":\"Canoni idroelettrici.\u00a0 Staunovo Polacco: risultato storico per il Bellunese, una cabina di regia tra Regione e Provincia per programmare il futuro della montagna\"}]},{\"@type\":\"WebSite\",\"@id\":\"https:\\\/\\\/www.bellunopress.it\\\/#website\",\"url\":\"https:\\\/\\\/www.bellunopress.it\\\/\",\"name\":\"Bellunopress - Dolomiti\",\"description\":\"e-mail: redazione@bellunopress.it\",\"publisher\":{\"@id\":\"https:\\\/\\\/www.bellunopress.it\\\/#organization\"},\"potentialAction\":[{\"@type\":\"SearchAction\",\"target\":{\"@type\":\"EntryPoint\",\"urlTemplate\":\"https:\\\/\\\/www.bellunopress.it\\\/?s={search_term_string}\"},\"query-input\":{\"@type\":\"PropertyValueSpecification\",\"valueRequired\":true,\"valueName\":\"search_term_string\"}}],\"inLanguage\":\"fr-FR\"},{\"@type\":\"Organization\",\"@id\":\"https:\\\/\\\/www.bellunopress.it\\\/#organization\",\"name\":\"Bellunopress\",\"url\":\"https:\\\/\\\/www.bellunopress.it\\\/\",\"logo\":{\"@type\":\"ImageObject\",\"inLanguage\":\"fr-FR\",\"@id\":\"https:\\\/\\\/www.bellunopress.it\\\/#\\\/schema\\\/logo\\\/image\\\/\",\"url\":\"https:\\\/\\\/www.bellunopress.it\\\/wp-content\\\/uploads\\\/2011\\\/05\\\/cropped-logo-bellunopress-.jpg\",\"contentUrl\":\"https:\\\/\\\/www.bellunopress.it\\\/wp-content\\\/uploads\\\/2011\\\/05\\\/cropped-logo-bellunopress-.jpg\",\"width\":512,\"height\":512,\"caption\":\"Bellunopress\"},\"image\":{\"@id\":\"https:\\\/\\\/www.bellunopress.it\\\/#\\\/schema\\\/logo\\\/image\\\/\"},\"sameAs\":[\"https:\\\/\\\/www.facebook.com\\\/profile.php?id=100008943462799\",\"https:\\\/\\\/x.com\\\/bellunopress\",\"https:\\\/\\\/www.linkedin.com\\\/hp\\\/?dnr=JBzUWaJfMUw8vbXJJ2tVW5-I3jZKvC4wsoxE&amp;amp;amp;amp;amp;amp;trk=nav_responsive_tab_home\",\"https:\\\/\\\/www.youtube.com\\\/channel\\\/UCxL0wu1uN0_3_7hGG0306cw\"]},{\"@type\":\"Person\",\"@id\":\"https:\\\/\\\/www.bellunopress.it\\\/#\\\/schema\\\/person\\\/79bb06722b37ece1c03d3e94beb30d73\",\"name\":\"redazione\",\"image\":{\"@type\":\"ImageObject\",\"inLanguage\":\"fr-FR\",\"@id\":\"https:\\\/\\\/secure.gravatar.com\\\/avatar\\\/37d968a2e67a6fd04c169c4bdef102d0bc5d31b2546345219e348575eb80e9a0?s=96&d=mm&r=g\",\"url\":\"https:\\\/\\\/secure.gravatar.com\\\/avatar\\\/37d968a2e67a6fd04c169c4bdef102d0bc5d31b2546345219e348575eb80e9a0?s=96&d=mm&r=g\",\"contentUrl\":\"https:\\\/\\\/secure.gravatar.com\\\/avatar\\\/37d968a2e67a6fd04c169c4bdef102d0bc5d31b2546345219e348575eb80e9a0?s=96&d=mm&r=g\",\"caption\":\"redazione\"},\"sameAs\":[\"http:\\\/\\\/www.bellunopress.it\",\"https:\\\/\\\/x.com\\\/bellunopress\"],\"url\":\"https:\\\/\\\/www.bellunopress.it\\\/fr\\\/author\\\/redazione\\\/\"}]}<\/script>\n<!-- \/ Yoast SEO plugin. -->","yoast_head_json":{"title":"Canoni idroelettrici.\u00a0 Staunovo Polacco: risultato storico per il Bellunese, una cabina di regia tra Regione e Provincia per programmare il futuro della montagna - Bellunopress - Dolomiti","robots":{"index":"index","follow":"follow","max-snippet":"max-snippet:-1","max-image-preview":"max-image-preview:large","max-video-preview":"max-video-preview:-1"},"canonical":"https:\/\/www.bellunopress.it\/fr\/2026\/07\/06\/canoni-idroelettrici-staunovo-polacco-risultato-storico-per-il-bellunese-una-cabina-di-regia-tra-regione-e-provincia-per-programmare-il-futuro-della-montagna\/","og_locale":"fr_FR","og_type":"article","og_title":"Canoni idroelettrici.\u00a0 Staunovo Polacco: risultato storico per il Bellunese, una cabina di regia tra Regione e Provincia per programmare il futuro della montagna - Bellunopress - Dolomiti","og_description":"Belluno, 6 luglio 2026 &#8211;\u00a0&#8220;Regione del Veneto e Provincia di Belluno hanno raggiunto un risultato storico per il nostro territorio. Dopo anni di contenziosi e interlocuzioni, si stanno finalmente concretizzando risorse che spettano al Bellunese e che rappresentano una straordinaria opportunit\u00e0 per lo sviluppo della montagna&#8221;. Cos\u00ec il presidente della Provincia di Belluno Marco Staunovo [&hellip;]","og_url":"https:\/\/www.bellunopress.it\/fr\/2026\/07\/06\/canoni-idroelettrici-staunovo-polacco-risultato-storico-per-il-bellunese-una-cabina-di-regia-tra-regione-e-provincia-per-programmare-il-futuro-della-montagna\/","og_site_name":"Bellunopress - Dolomiti","article_publisher":"https:\/\/www.facebook.com\/profile.php?id=100008943462799","article_published_time":"2026-07-06T19:22:58+00:00","og_image":[{"width":525,"height":423,"url":"https:\/\/www.bellunopress.it\/wp-content\/uploads\/2026\/04\/Marco-Staunovo-Polacco-Sindaco-di-Comelico-Superiore-Presidente-della-Provincia.jpg","type":"image\/jpeg"}],"author":"redazione","twitter_card":"summary_large_image","twitter_creator":"@bellunopress","twitter_site":"@bellunopress","twitter_misc":{"\u00c9crit par":"redazione","Dur\u00e9e de lecture estim\u00e9e":"3 minutes"},"schema":{"@context":"https:\/\/schema.org","@graph":[{"@type":"Article","@id":"https:\/\/www.bellunopress.it\/2026\/07\/06\/canoni-idroelettrici-staunovo-polacco-risultato-storico-per-il-bellunese-una-cabina-di-regia-tra-regione-e-provincia-per-programmare-il-futuro-della-montagna\/#article","isPartOf":{"@id":"https:\/\/www.bellunopress.it\/2026\/07\/06\/canoni-idroelettrici-staunovo-polacco-risultato-storico-per-il-bellunese-una-cabina-di-regia-tra-regione-e-provincia-per-programmare-il-futuro-della-montagna\/"},"author":{"name":"redazione","@id":"https:\/\/www.bellunopress.it\/#\/schema\/person\/79bb06722b37ece1c03d3e94beb30d73"},"headline":"Canoni idroelettrici.\u00a0 Staunovo Polacco: risultato storico per il Bellunese, una cabina di regia tra Regione e Provincia per programmare il futuro della montagna","datePublished":"2026-07-06T19:22:58+00:00","mainEntityOfPage":{"@id":"https:\/\/www.bellunopress.it\/2026\/07\/06\/canoni-idroelettrici-staunovo-polacco-risultato-storico-per-il-bellunese-una-cabina-di-regia-tra-regione-e-provincia-per-programmare-il-futuro-della-montagna\/"},"wordCount":368,"publisher":{"@id":"https:\/\/www.bellunopress.it\/#organization"},"image":{"@id":"https:\/\/www.bellunopress.it\/2026\/07\/06\/canoni-idroelettrici-staunovo-polacco-risultato-storico-per-il-bellunese-una-cabina-di-regia-tra-regione-e-provincia-per-programmare-il-futuro-della-montagna\/#primaryimage"},"thumbnailUrl":"https:\/\/www.bellunopress.it\/wp-content\/uploads\/2026\/04\/Marco-Staunovo-Polacco-Sindaco-di-Comelico-Superiore-Presidente-della-Provincia.jpg","articleSection":["Cronaca\/Politica","Prima Pagina"],"inLanguage":"fr-FR"},{"@type":"WebPage","@id":"https:\/\/www.bellunopress.it\/2026\/07\/06\/canoni-idroelettrici-staunovo-polacco-risultato-storico-per-il-bellunese-una-cabina-di-regia-tra-regione-e-provincia-per-programmare-il-futuro-della-montagna\/","url":"https:\/\/www.bellunopress.it\/2026\/07\/06\/canoni-idroelettrici-staunovo-polacco-risultato-storico-per-il-bellunese-una-cabina-di-regia-tra-regione-e-provincia-per-programmare-il-futuro-della-montagna\/","name":"Canoni idroelettrici.\u00a0 Staunovo Polacco: risultato storico per il Bellunese, una cabina di regia tra Regione e Provincia per programmare il futuro della montagna - Bellunopress - Dolomiti","isPartOf":{"@id":"https:\/\/www.bellunopress.it\/#website"},"primaryImageOfPage":{"@id":"https:\/\/www.bellunopress.it\/2026\/07\/06\/canoni-idroelettrici-staunovo-polacco-risultato-storico-per-il-bellunese-una-cabina-di-regia-tra-regione-e-provincia-per-programmare-il-futuro-della-montagna\/#primaryimage"},"image":{"@id":"https:\/\/www.bellunopress.it\/2026\/07\/06\/canoni-idroelettrici-staunovo-polacco-risultato-storico-per-il-bellunese-una-cabina-di-regia-tra-regione-e-provincia-per-programmare-il-futuro-della-montagna\/#primaryimage"},"thumbnailUrl":"https:\/\/www.bellunopress.it\/wp-content\/uploads\/2026\/04\/Marco-Staunovo-Polacco-Sindaco-di-Comelico-Superiore-Presidente-della-Provincia.jpg","datePublished":"2026-07-06T19:22:58+00:00","breadcrumb":{"@id":"https:\/\/www.bellunopress.it\/2026\/07\/06\/canoni-idroelettrici-staunovo-polacco-risultato-storico-per-il-bellunese-una-cabina-di-regia-tra-regione-e-provincia-per-programmare-il-futuro-della-montagna\/#breadcrumb"},"inLanguage":"fr-FR","potentialAction":[{"@type":"ReadAction","target":["https:\/\/www.bellunopress.it\/2026\/07\/06\/canoni-idroelettrici-staunovo-polacco-risultato-storico-per-il-bellunese-una-cabina-di-regia-tra-regione-e-provincia-per-programmare-il-futuro-della-montagna\/"]}]},{"@type":"ImageObject","inLanguage":"fr-FR","@id":"https:\/\/www.bellunopress.it\/2026\/07\/06\/canoni-idroelettrici-staunovo-polacco-risultato-storico-per-il-bellunese-una-cabina-di-regia-tra-regione-e-provincia-per-programmare-il-futuro-della-montagna\/#primaryimage","url":"https:\/\/www.bellunopress.it\/wp-content\/uploads\/2026\/04\/Marco-Staunovo-Polacco-Sindaco-di-Comelico-Superiore-Presidente-della-Provincia.jpg","contentUrl":"https:\/\/www.bellunopress.it\/wp-content\/uploads\/2026\/04\/Marco-Staunovo-Polacco-Sindaco-di-Comelico-Superiore-Presidente-della-Provincia.jpg","width":525,"height":423,"caption":"Marco Staunovo Polacco - Presidente della Provincia"},{"@type":"BreadcrumbList","@id":"https:\/\/www.bellunopress.it\/2026\/07\/06\/canoni-idroelettrici-staunovo-polacco-risultato-storico-per-il-bellunese-una-cabina-di-regia-tra-regione-e-provincia-per-programmare-il-futuro-della-montagna\/#breadcrumb","itemListElement":[{"@type":"ListItem","position":1,"name":"Home","item":"https:\/\/www.bellunopress.it\/"},{"@type":"ListItem","position":2,"name":"Canoni idroelettrici.\u00a0 Staunovo Polacco: risultato storico per il Bellunese, una cabina di regia tra Regione e Provincia per programmare il futuro della montagna"}]},{"@type":"WebSite","@id":"https:\/\/www.bellunopress.it\/#website","url":"https:\/\/www.bellunopress.it\/","name":"Bellunopress - Dolomiti","description":"e-mail: redazione@bellunopress.it","publisher":{"@id":"https:\/\/www.bellunopress.it\/#organization"},"potentialAction":[{"@type":"SearchAction","target":{"@type":"EntryPoint","urlTemplate":"https:\/\/www.bellunopress.it\/?s={search_term_string}"},"query-input":{"@type":"PropertyValueSpecification","valueRequired":true,"valueName":"search_term_string"}}],"inLanguage":"fr-FR"},{"@type":"Organization","@id":"https:\/\/www.bellunopress.it\/#organization","name":"Bellunopress","url":"https:\/\/www.bellunopress.it\/","logo":{"@type":"ImageObject","inLanguage":"fr-FR","@id":"https:\/\/www.bellunopress.it\/#\/schema\/logo\/image\/","url":"https:\/\/www.bellunopress.it\/wp-content\/uploads\/2011\/05\/cropped-logo-bellunopress-.jpg","contentUrl":"https:\/\/www.bellunopress.it\/wp-content\/uploads\/2011\/05\/cropped-logo-bellunopress-.jpg","width":512,"height":512,"caption":"Bellunopress"},"image":{"@id":"https:\/\/www.bellunopress.it\/#\/schema\/logo\/image\/"},"sameAs":["https:\/\/www.facebook.com\/profile.php?id=100008943462799","https:\/\/x.com\/bellunopress","https:\/\/www.linkedin.com\/hp\/?dnr=JBzUWaJfMUw8vbXJJ2tVW5-I3jZKvC4wsoxE&amp;amp;amp;amp;amp;amp;trk=nav_responsive_tab_home","https:\/\/www.youtube.com\/channel\/UCxL0wu1uN0_3_7hGG0306cw"]},{"@type":"Person","@id":"https:\/\/www.bellunopress.it\/#\/schema\/person\/79bb06722b37ece1c03d3e94beb30d73","name":"r\u00e9daction","image":{"@type":"ImageObject","inLanguage":"fr-FR","@id":"https:\/\/secure.gravatar.com\/avatar\/37d968a2e67a6fd04c169c4bdef102d0bc5d31b2546345219e348575eb80e9a0?s=96&d=mm&r=g","url":"https:\/\/secure.gravatar.com\/avatar\/37d968a2e67a6fd04c169c4bdef102d0bc5d31b2546345219e348575eb80e9a0?s=96&d=mm&r=g","contentUrl":"https:\/\/secure.gravatar.com\/avatar\/37d968a2e67a6fd04c169c4bdef102d0bc5d31b2546345219e348575eb80e9a0?s=96&d=mm&r=g","caption":"redazione"},"sameAs":["http:\/\/www.bellunopress.it","https:\/\/x.com\/bellunopress"],"url":"https:\/\/www.bellunopress.it\/fr\/author\/redazione\/"}]}},"_links":{"self":[{"href":"https:\/\/www.bellunopress.it\/fr\/wp-json\/wp\/v2\/posts\/171726","targetHints":{"allow":["GET"]}}],"collection":[{"href":"https:\/\/www.bellunopress.it\/fr\/wp-json\/wp\/v2\/posts"}],"about":[{"href":"https:\/\/www.bellunopress.it\/fr\/wp-json\/wp\/v2\/types\/post"}],"author":[{"embeddable":true,"href":"https:\/\/www.bellunopress.it\/fr\/wp-json\/wp\/v2\/users\/2"}],"replies":[{"embeddable":true,"href":"https:\/\/www.bellunopress.it\/fr\/wp-json\/wp\/v2\/comments?post=171726"}],"version-history":[{"count":1,"href":"https:\/\/www.bellunopress.it\/fr\/wp-json\/wp\/v2\/posts\/171726\/revisions"}],"predecessor-version":[{"id":171727,"href":"https:\/\/www.bellunopress.it\/fr\/wp-json\/wp\/v2\/posts\/171726\/revisions\/171727"}],"wp:featuredmedia":[{"embeddable":true,"href":"https:\/\/www.bellunopress.it\/fr\/wp-json\/wp\/v2\/media\/168849"}],"wp:attachment":[{"href":"https:\/\/www.bellunopress.it\/fr\/wp-json\/wp\/v2\/media?parent=171726"}],"wp:term":[{"taxonomy":"category","embeddable":true,"href":"https:\/\/www.bellunopress.it\/fr\/wp-json\/wp\/v2\/categories?post=171726"},{"taxonomy":"post_tag","embeddable":true,"href":"https:\/\/www.bellunopress.it\/fr\/wp-json\/wp\/v2\/tags?post=171726"}],"curies":[{"name":"wp","href":"https:\/\/api.w.org\/{rel}","templated":true}]}}