{"id":171721,"date":"2026-07-06T16:25:52","date_gmt":"2026-07-06T14:25:52","guid":{"rendered":"https:\/\/www.bellunopress.it\/?p=171721"},"modified":"2026-07-06T16:25:52","modified_gmt":"2026-07-06T14:25:52","slug":"viale-fantuzzi-de-carlo-difende-il-cantiere-sisus-ma-ammette-e-mancata-una-comunicazione-efficace-il-silenzio-ha-alimentato-polemiche","status":"publish","type":"post","link":"https:\/\/www.bellunopress.it\/fr\/2026\/07\/06\/viale-fantuzzi-de-carlo-difende-il-cantiere-sisus-ma-ammette-e-mancata-una-comunicazione-efficace-il-silenzio-ha-alimentato-polemiche\/","title":{"rendered":"Viale Fantuzzi, De Carlo difende il cantiere SISUS, ma ammette: &#8220;E&#8217; mancata una comunicazione efficace, il silenzio ha alimentato polemiche&#8221;"},"content":{"rendered":"<p>Belluno, 06\/07\/2026 &#8211; Alza la voce il senatore bellunese di Fratelli d\u2019Italia, Luca De Carlo, in merito ai lavori in corso in viale Fantuzzi a Belluno, inseriti nel progetto SISUS (Strategia Integrata di Sviluppo Urbano Sostenibile). Un intervento finito al centro del dibattito cittadino, che De Carlo difende con fermezza, inquadrandolo come un tassello fondamentale per la sicurezza e la vivibilit\u00e0 del capoluogo.<\/p>\n<p>\u00abParliamo di un\u2019opera pensata per tutelare pedoni, ciclisti e automobilisti\u00bb, esordisce il senatore, che sposta l\u2019attenzione sui benefici ambientali ed economici dell\u2019intervento. Citando i recenti dati di Coldiretti e CNR, De Carlo sottolinea come l\u2019incremento del verde urbano non sia solo una scelta estetica, ma un investimento concreto: \u00abOgni euro speso nel verde genera benefici ecosistemici fino a tre euro. Una pianta adulta assorbe 250 grammi di polveri sottili l\u2019anno e ogni ettaro di vegetazione sottrae 20 tonnellate di CO2. Senza dimenticare il risparmio energetico per le abitazioni vicine, che oscilla tra gli 80 e i 200 euro annui\u00bb.<\/p>\n<p>Il punto pi\u00f9 critico del progetto, ovvero il taglio degli storici ippocastani, trova nel senatore una giustificazione tecnica precisa. Le piante rimosse, spiega De Carlo, causavano danni strutturali al marciapiede e alla pista ciclabile, oltre a creare rischi per la viabilit\u00e0 a causa delle fronde che oscuravano l\u2019illuminazione pubblica.<\/p>\n<p>La soluzione adottata prevede la piantumazione di nuovi tigli, inseriti in apposite &#8220;gabbie&#8221; sotterranee progettate per guidare lo sviluppo radicale verso il basso, prevenendo future rotture del piano stradale. Un cambio di passo che si traduce anche in numeri positivi per il patrimonio arboreo cittadino: al termine dei lavori, il numero di piante lungo il viale salir\u00e0 da 23 a 32.<\/p>\n<p>Nonostante la ferma convinzione sulla bont\u00e0 tecnica del progetto, che migliorer\u00e0 l\u2019illuminazione e la connessione ciclabile con il Ponte degli Alpini, De Carlo non nasconde una critica verso l\u2019amministrazione comunale, pur rimanendo sulla stessa linea politica. Il &#8220;tallone d&#8217;Achille&#8221; di questa operazione, secondo il senatore, \u00e8 stato il modo in cui \u00e8 stata presentata ai cittadini.<\/p>\n<p>\u00abVolendo trovare una pecca in tutto questo\u00bb, ammette De Carlo, \u00absi deve evidenziare una comunicazione pubblica non abbastanza tempestiva e approfondita\u00bb. Un difetto che, a suo avviso, ha lasciato campo libero a \u00abpolemiche pi\u00f9 strumentali che concrete\u00bb. Il senatore \u00e8 certo, per\u00f2, che una volta concluso il cantiere, la realt\u00e0 dei fatti e i benefici tangibili per la collettivit\u00e0 zittiranno ogni critica, dimostrando che l\u2019operazione SISUS era la strada giusta da percorrere.<\/p>","protected":false},"excerpt":{"rendered":"<p>Belluno, 06\/07\/2026 &#8211; Alza la voce il senatore bellunese di Fratelli d\u2019Italia, Luca De Carlo, in merito ai lavori in corso in viale Fantuzzi a Belluno, inseriti nel progetto SISUS (Strategia Integrata di Sviluppo Urbano Sostenibile). Un intervento finito al centro del dibattito cittadino, che De Carlo difende con fermezza, inquadrandolo come un tassello fondamentale [&hellip;]<\/p>\n","protected":false},"author":2,"featured_media":166734,"comment_status":"closed","ping_status":"open","sticky":false,"template":"","format":"standard","meta":{"footnotes":""},"categories":[5,26],"tags":[],"class_list":["post-171721","post","type-post","status-publish","format-standard","has-post-thumbnail","category-cronaca","category-prima-pagina"],"yoast_head":"<!-- This site is optimized with the Yoast SEO plugin v28.4 - https:\/\/yoast.com\/product\/yoast-seo-wordpress\/ -->\n<title>Viale Fantuzzi, De Carlo difende il cantiere SISUS, ma ammette: &quot;E&#039; mancata una comunicazione efficace, il silenzio ha alimentato polemiche&quot; - Bellunopress - Dolomiti<\/title>\n<meta name=\"robots\" content=\"index, follow, max-snippet:-1, max-image-preview:large, max-video-preview:-1\" \/>\n<link rel=\"canonical\" href=\"https:\/\/www.bellunopress.it\/fr\/2026\/07\/06\/viale-fantuzzi-de-carlo-difende-il-cantiere-sisus-ma-ammette-e-mancata-una-comunicazione-efficace-il-silenzio-ha-alimentato-polemiche\/\" \/>\n<meta property=\"og:locale\" content=\"fr_FR\" \/>\n<meta property=\"og:type\" content=\"article\" \/>\n<meta property=\"og:title\" content=\"Viale Fantuzzi, De Carlo difende il cantiere SISUS, ma ammette: &quot;E&#039; mancata una comunicazione efficace, il silenzio ha alimentato polemiche&quot; - Bellunopress - Dolomiti\" \/>\n<meta property=\"og:description\" content=\"Belluno, 06\/07\/2026 &#8211; Alza la voce il senatore bellunese di Fratelli d\u2019Italia, Luca De Carlo, in merito ai lavori in corso in viale Fantuzzi a Belluno, inseriti nel progetto SISUS (Strategia Integrata di Sviluppo Urbano Sostenibile). Un intervento finito al centro del dibattito cittadino, che De Carlo difende con fermezza, inquadrandolo come un tassello fondamentale [&hellip;]\" \/>\n<meta property=\"og:url\" content=\"https:\/\/www.bellunopress.it\/fr\/2026\/07\/06\/viale-fantuzzi-de-carlo-difende-il-cantiere-sisus-ma-ammette-e-mancata-una-comunicazione-efficace-il-silenzio-ha-alimentato-polemiche\/\" \/>\n<meta property=\"og:site_name\" content=\"Bellunopress - Dolomiti\" \/>\n<meta property=\"article:publisher\" content=\"https:\/\/www.facebook.com\/profile.php?id=100008943462799\" \/>\n<meta property=\"article:published_time\" content=\"2026-07-06T14:25:52+00:00\" \/>\n<meta property=\"og:image\" content=\"https:\/\/www.bellunopress.it\/wp-content\/uploads\/2026\/01\/Luca-De-Carlo-senatore.jpeg\" \/>\n\t<meta property=\"og:image:width\" content=\"600\" \/>\n\t<meta property=\"og:image:height\" content=\"567\" \/>\n\t<meta property=\"og:image:type\" content=\"image\/jpeg\" \/>\n<meta name=\"author\" content=\"redazione\" \/>\n<meta name=\"twitter:card\" content=\"summary_large_image\" \/>\n<meta name=\"twitter:creator\" content=\"@bellunopress\" \/>\n<meta name=\"twitter:site\" content=\"@bellunopress\" \/>\n<meta name=\"twitter:label1\" content=\"\u00c9crit par\" \/>\n\t<meta name=\"twitter:data1\" content=\"redazione\" \/>\n\t<meta name=\"twitter:label2\" content=\"Dur\u00e9e de lecture estim\u00e9e\" \/>\n\t<meta name=\"twitter:data2\" content=\"3 minutes\" \/>\n<script type=\"application\/ld+json\" class=\"yoast-schema-graph\">{\"@context\":\"https:\\\/\\\/schema.org\",\"@graph\":[{\"@type\":\"Article\",\"@id\":\"https:\\\/\\\/www.bellunopress.it\\\/2026\\\/07\\\/06\\\/viale-fantuzzi-de-carlo-difende-il-cantiere-sisus-ma-ammette-e-mancata-una-comunicazione-efficace-il-silenzio-ha-alimentato-polemiche\\\/#article\",\"isPartOf\":{\"@id\":\"https:\\\/\\\/www.bellunopress.it\\\/2026\\\/07\\\/06\\\/viale-fantuzzi-de-carlo-difende-il-cantiere-sisus-ma-ammette-e-mancata-una-comunicazione-efficace-il-silenzio-ha-alimentato-polemiche\\\/\"},\"author\":{\"name\":\"redazione\",\"@id\":\"https:\\\/\\\/www.bellunopress.it\\\/#\\\/schema\\\/person\\\/79bb06722b37ece1c03d3e94beb30d73\"},\"headline\":\"Viale Fantuzzi, De Carlo difende il cantiere SISUS, ma ammette: &#8220;E&#8217; mancata una comunicazione efficace, il silenzio ha alimentato polemiche&#8221;\",\"datePublished\":\"2026-07-06T14:25:52+00:00\",\"mainEntityOfPage\":{\"@id\":\"https:\\\/\\\/www.bellunopress.it\\\/2026\\\/07\\\/06\\\/viale-fantuzzi-de-carlo-difende-il-cantiere-sisus-ma-ammette-e-mancata-una-comunicazione-efficace-il-silenzio-ha-alimentato-polemiche\\\/\"},\"wordCount\":421,\"publisher\":{\"@id\":\"https:\\\/\\\/www.bellunopress.it\\\/#organization\"},\"image\":{\"@id\":\"https:\\\/\\\/www.bellunopress.it\\\/2026\\\/07\\\/06\\\/viale-fantuzzi-de-carlo-difende-il-cantiere-sisus-ma-ammette-e-mancata-una-comunicazione-efficace-il-silenzio-ha-alimentato-polemiche\\\/#primaryimage\"},\"thumbnailUrl\":\"https:\\\/\\\/www.bellunopress.it\\\/wp-content\\\/uploads\\\/2026\\\/01\\\/Luca-De-Carlo-senatore.jpeg\",\"articleSection\":[\"Cronaca\\\/Politica\",\"Prima Pagina\"],\"inLanguage\":\"fr-FR\"},{\"@type\":\"WebPage\",\"@id\":\"https:\\\/\\\/www.bellunopress.it\\\/2026\\\/07\\\/06\\\/viale-fantuzzi-de-carlo-difende-il-cantiere-sisus-ma-ammette-e-mancata-una-comunicazione-efficace-il-silenzio-ha-alimentato-polemiche\\\/\",\"url\":\"https:\\\/\\\/www.bellunopress.it\\\/2026\\\/07\\\/06\\\/viale-fantuzzi-de-carlo-difende-il-cantiere-sisus-ma-ammette-e-mancata-una-comunicazione-efficace-il-silenzio-ha-alimentato-polemiche\\\/\",\"name\":\"Viale Fantuzzi, De Carlo difende il cantiere SISUS, ma ammette: \\\"E' mancata una comunicazione efficace, il silenzio ha alimentato polemiche\\\" - Bellunopress - Dolomiti\",\"isPartOf\":{\"@id\":\"https:\\\/\\\/www.bellunopress.it\\\/#website\"},\"primaryImageOfPage\":{\"@id\":\"https:\\\/\\\/www.bellunopress.it\\\/2026\\\/07\\\/06\\\/viale-fantuzzi-de-carlo-difende-il-cantiere-sisus-ma-ammette-e-mancata-una-comunicazione-efficace-il-silenzio-ha-alimentato-polemiche\\\/#primaryimage\"},\"image\":{\"@id\":\"https:\\\/\\\/www.bellunopress.it\\\/2026\\\/07\\\/06\\\/viale-fantuzzi-de-carlo-difende-il-cantiere-sisus-ma-ammette-e-mancata-una-comunicazione-efficace-il-silenzio-ha-alimentato-polemiche\\\/#primaryimage\"},\"thumbnailUrl\":\"https:\\\/\\\/www.bellunopress.it\\\/wp-content\\\/uploads\\\/2026\\\/01\\\/Luca-De-Carlo-senatore.jpeg\",\"datePublished\":\"2026-07-06T14:25:52+00:00\",\"breadcrumb\":{\"@id\":\"https:\\\/\\\/www.bellunopress.it\\\/2026\\\/07\\\/06\\\/viale-fantuzzi-de-carlo-difende-il-cantiere-sisus-ma-ammette-e-mancata-una-comunicazione-efficace-il-silenzio-ha-alimentato-polemiche\\\/#breadcrumb\"},\"inLanguage\":\"fr-FR\",\"potentialAction\":[{\"@type\":\"ReadAction\",\"target\":[\"https:\\\/\\\/www.bellunopress.it\\\/2026\\\/07\\\/06\\\/viale-fantuzzi-de-carlo-difende-il-cantiere-sisus-ma-ammette-e-mancata-una-comunicazione-efficace-il-silenzio-ha-alimentato-polemiche\\\/\"]}]},{\"@type\":\"ImageObject\",\"inLanguage\":\"fr-FR\",\"@id\":\"https:\\\/\\\/www.bellunopress.it\\\/2026\\\/07\\\/06\\\/viale-fantuzzi-de-carlo-difende-il-cantiere-sisus-ma-ammette-e-mancata-una-comunicazione-efficace-il-silenzio-ha-alimentato-polemiche\\\/#primaryimage\",\"url\":\"https:\\\/\\\/www.bellunopress.it\\\/wp-content\\\/uploads\\\/2026\\\/01\\\/Luca-De-Carlo-senatore.jpeg\",\"contentUrl\":\"https:\\\/\\\/www.bellunopress.it\\\/wp-content\\\/uploads\\\/2026\\\/01\\\/Luca-De-Carlo-senatore.jpeg\",\"width\":600,\"height\":567,\"caption\":\"Luca De Carlo - Senatore\"},{\"@type\":\"BreadcrumbList\",\"@id\":\"https:\\\/\\\/www.bellunopress.it\\\/2026\\\/07\\\/06\\\/viale-fantuzzi-de-carlo-difende-il-cantiere-sisus-ma-ammette-e-mancata-una-comunicazione-efficace-il-silenzio-ha-alimentato-polemiche\\\/#breadcrumb\",\"itemListElement\":[{\"@type\":\"ListItem\",\"position\":1,\"name\":\"Home\",\"item\":\"https:\\\/\\\/www.bellunopress.it\\\/\"},{\"@type\":\"ListItem\",\"position\":2,\"name\":\"Viale Fantuzzi, De Carlo difende il cantiere SISUS, ma ammette: &#8220;E&#8217; mancata una comunicazione efficace, il silenzio ha alimentato polemiche&#8221;\"}]},{\"@type\":\"WebSite\",\"@id\":\"https:\\\/\\\/www.bellunopress.it\\\/#website\",\"url\":\"https:\\\/\\\/www.bellunopress.it\\\/\",\"name\":\"Bellunopress - Dolomiti\",\"description\":\"e-mail: redazione@bellunopress.it\",\"publisher\":{\"@id\":\"https:\\\/\\\/www.bellunopress.it\\\/#organization\"},\"potentialAction\":[{\"@type\":\"SearchAction\",\"target\":{\"@type\":\"EntryPoint\",\"urlTemplate\":\"https:\\\/\\\/www.bellunopress.it\\\/?s={search_term_string}\"},\"query-input\":{\"@type\":\"PropertyValueSpecification\",\"valueRequired\":true,\"valueName\":\"search_term_string\"}}],\"inLanguage\":\"fr-FR\"},{\"@type\":\"Organization\",\"@id\":\"https:\\\/\\\/www.bellunopress.it\\\/#organization\",\"name\":\"Bellunopress\",\"url\":\"https:\\\/\\\/www.bellunopress.it\\\/\",\"logo\":{\"@type\":\"ImageObject\",\"inLanguage\":\"fr-FR\",\"@id\":\"https:\\\/\\\/www.bellunopress.it\\\/#\\\/schema\\\/logo\\\/image\\\/\",\"url\":\"https:\\\/\\\/www.bellunopress.it\\\/wp-content\\\/uploads\\\/2011\\\/05\\\/cropped-logo-bellunopress-.jpg\",\"contentUrl\":\"https:\\\/\\\/www.bellunopress.it\\\/wp-content\\\/uploads\\\/2011\\\/05\\\/cropped-logo-bellunopress-.jpg\",\"width\":512,\"height\":512,\"caption\":\"Bellunopress\"},\"image\":{\"@id\":\"https:\\\/\\\/www.bellunopress.it\\\/#\\\/schema\\\/logo\\\/image\\\/\"},\"sameAs\":[\"https:\\\/\\\/www.facebook.com\\\/profile.php?id=100008943462799\",\"https:\\\/\\\/x.com\\\/bellunopress\",\"https:\\\/\\\/www.linkedin.com\\\/hp\\\/?dnr=JBzUWaJfMUw8vbXJJ2tVW5-I3jZKvC4wsoxE&amp;amp;amp;amp;amp;amp;trk=nav_responsive_tab_home\",\"https:\\\/\\\/www.youtube.com\\\/channel\\\/UCxL0wu1uN0_3_7hGG0306cw\"]},{\"@type\":\"Person\",\"@id\":\"https:\\\/\\\/www.bellunopress.it\\\/#\\\/schema\\\/person\\\/79bb06722b37ece1c03d3e94beb30d73\",\"name\":\"redazione\",\"image\":{\"@type\":\"ImageObject\",\"inLanguage\":\"fr-FR\",\"@id\":\"https:\\\/\\\/secure.gravatar.com\\\/avatar\\\/37d968a2e67a6fd04c169c4bdef102d0bc5d31b2546345219e348575eb80e9a0?s=96&d=mm&r=g\",\"url\":\"https:\\\/\\\/secure.gravatar.com\\\/avatar\\\/37d968a2e67a6fd04c169c4bdef102d0bc5d31b2546345219e348575eb80e9a0?s=96&d=mm&r=g\",\"contentUrl\":\"https:\\\/\\\/secure.gravatar.com\\\/avatar\\\/37d968a2e67a6fd04c169c4bdef102d0bc5d31b2546345219e348575eb80e9a0?s=96&d=mm&r=g\",\"caption\":\"redazione\"},\"sameAs\":[\"http:\\\/\\\/www.bellunopress.it\",\"https:\\\/\\\/x.com\\\/bellunopress\"],\"url\":\"https:\\\/\\\/www.bellunopress.it\\\/fr\\\/author\\\/redazione\\\/\"}]}<\/script>\n<!-- \/ Yoast SEO plugin. -->","yoast_head_json":{"title":"Viale Fantuzzi, De Carlo difende il cantiere SISUS, ma ammette: \"E' mancata una comunicazione efficace, il silenzio ha alimentato polemiche\" - Bellunopress - Dolomiti","robots":{"index":"index","follow":"follow","max-snippet":"max-snippet:-1","max-image-preview":"max-image-preview:large","max-video-preview":"max-video-preview:-1"},"canonical":"https:\/\/www.bellunopress.it\/fr\/2026\/07\/06\/viale-fantuzzi-de-carlo-difende-il-cantiere-sisus-ma-ammette-e-mancata-una-comunicazione-efficace-il-silenzio-ha-alimentato-polemiche\/","og_locale":"fr_FR","og_type":"article","og_title":"Viale Fantuzzi, De Carlo difende il cantiere SISUS, ma ammette: \"E' mancata una comunicazione efficace, il silenzio ha alimentato polemiche\" - Bellunopress - Dolomiti","og_description":"Belluno, 06\/07\/2026 &#8211; Alza la voce il senatore bellunese di Fratelli d\u2019Italia, Luca De Carlo, in merito ai lavori in corso in viale Fantuzzi a Belluno, inseriti nel progetto SISUS (Strategia Integrata di Sviluppo Urbano Sostenibile). Un intervento finito al centro del dibattito cittadino, che De Carlo difende con fermezza, inquadrandolo come un tassello fondamentale [&hellip;]","og_url":"https:\/\/www.bellunopress.it\/fr\/2026\/07\/06\/viale-fantuzzi-de-carlo-difende-il-cantiere-sisus-ma-ammette-e-mancata-una-comunicazione-efficace-il-silenzio-ha-alimentato-polemiche\/","og_site_name":"Bellunopress - Dolomiti","article_publisher":"https:\/\/www.facebook.com\/profile.php?id=100008943462799","article_published_time":"2026-07-06T14:25:52+00:00","og_image":[{"width":600,"height":567,"url":"https:\/\/www.bellunopress.it\/wp-content\/uploads\/2026\/01\/Luca-De-Carlo-senatore.jpeg","type":"image\/jpeg"}],"author":"redazione","twitter_card":"summary_large_image","twitter_creator":"@bellunopress","twitter_site":"@bellunopress","twitter_misc":{"\u00c9crit par":"redazione","Dur\u00e9e de lecture estim\u00e9e":"3 minutes"},"schema":{"@context":"https:\/\/schema.org","@graph":[{"@type":"Article","@id":"https:\/\/www.bellunopress.it\/2026\/07\/06\/viale-fantuzzi-de-carlo-difende-il-cantiere-sisus-ma-ammette-e-mancata-una-comunicazione-efficace-il-silenzio-ha-alimentato-polemiche\/#article","isPartOf":{"@id":"https:\/\/www.bellunopress.it\/2026\/07\/06\/viale-fantuzzi-de-carlo-difende-il-cantiere-sisus-ma-ammette-e-mancata-una-comunicazione-efficace-il-silenzio-ha-alimentato-polemiche\/"},"author":{"name":"redazione","@id":"https:\/\/www.bellunopress.it\/#\/schema\/person\/79bb06722b37ece1c03d3e94beb30d73"},"headline":"Viale Fantuzzi, De Carlo difende il cantiere SISUS, ma ammette: &#8220;E&#8217; mancata una comunicazione efficace, il silenzio ha alimentato polemiche&#8221;","datePublished":"2026-07-06T14:25:52+00:00","mainEntityOfPage":{"@id":"https:\/\/www.bellunopress.it\/2026\/07\/06\/viale-fantuzzi-de-carlo-difende-il-cantiere-sisus-ma-ammette-e-mancata-una-comunicazione-efficace-il-silenzio-ha-alimentato-polemiche\/"},"wordCount":421,"publisher":{"@id":"https:\/\/www.bellunopress.it\/#organization"},"image":{"@id":"https:\/\/www.bellunopress.it\/2026\/07\/06\/viale-fantuzzi-de-carlo-difende-il-cantiere-sisus-ma-ammette-e-mancata-una-comunicazione-efficace-il-silenzio-ha-alimentato-polemiche\/#primaryimage"},"thumbnailUrl":"https:\/\/www.bellunopress.it\/wp-content\/uploads\/2026\/01\/Luca-De-Carlo-senatore.jpeg","articleSection":["Cronaca\/Politica","Prima Pagina"],"inLanguage":"fr-FR"},{"@type":"WebPage","@id":"https:\/\/www.bellunopress.it\/2026\/07\/06\/viale-fantuzzi-de-carlo-difende-il-cantiere-sisus-ma-ammette-e-mancata-una-comunicazione-efficace-il-silenzio-ha-alimentato-polemiche\/","url":"https:\/\/www.bellunopress.it\/2026\/07\/06\/viale-fantuzzi-de-carlo-difende-il-cantiere-sisus-ma-ammette-e-mancata-una-comunicazione-efficace-il-silenzio-ha-alimentato-polemiche\/","name":"Viale Fantuzzi, De Carlo difende il cantiere SISUS, ma ammette: \"E' mancata una comunicazione efficace, il silenzio ha alimentato polemiche\" - Bellunopress - Dolomiti","isPartOf":{"@id":"https:\/\/www.bellunopress.it\/#website"},"primaryImageOfPage":{"@id":"https:\/\/www.bellunopress.it\/2026\/07\/06\/viale-fantuzzi-de-carlo-difende-il-cantiere-sisus-ma-ammette-e-mancata-una-comunicazione-efficace-il-silenzio-ha-alimentato-polemiche\/#primaryimage"},"image":{"@id":"https:\/\/www.bellunopress.it\/2026\/07\/06\/viale-fantuzzi-de-carlo-difende-il-cantiere-sisus-ma-ammette-e-mancata-una-comunicazione-efficace-il-silenzio-ha-alimentato-polemiche\/#primaryimage"},"thumbnailUrl":"https:\/\/www.bellunopress.it\/wp-content\/uploads\/2026\/01\/Luca-De-Carlo-senatore.jpeg","datePublished":"2026-07-06T14:25:52+00:00","breadcrumb":{"@id":"https:\/\/www.bellunopress.it\/2026\/07\/06\/viale-fantuzzi-de-carlo-difende-il-cantiere-sisus-ma-ammette-e-mancata-una-comunicazione-efficace-il-silenzio-ha-alimentato-polemiche\/#breadcrumb"},"inLanguage":"fr-FR","potentialAction":[{"@type":"ReadAction","target":["https:\/\/www.bellunopress.it\/2026\/07\/06\/viale-fantuzzi-de-carlo-difende-il-cantiere-sisus-ma-ammette-e-mancata-una-comunicazione-efficace-il-silenzio-ha-alimentato-polemiche\/"]}]},{"@type":"ImageObject","inLanguage":"fr-FR","@id":"https:\/\/www.bellunopress.it\/2026\/07\/06\/viale-fantuzzi-de-carlo-difende-il-cantiere-sisus-ma-ammette-e-mancata-una-comunicazione-efficace-il-silenzio-ha-alimentato-polemiche\/#primaryimage","url":"https:\/\/www.bellunopress.it\/wp-content\/uploads\/2026\/01\/Luca-De-Carlo-senatore.jpeg","contentUrl":"https:\/\/www.bellunopress.it\/wp-content\/uploads\/2026\/01\/Luca-De-Carlo-senatore.jpeg","width":600,"height":567,"caption":"Luca De Carlo - Senatore"},{"@type":"BreadcrumbList","@id":"https:\/\/www.bellunopress.it\/2026\/07\/06\/viale-fantuzzi-de-carlo-difende-il-cantiere-sisus-ma-ammette-e-mancata-una-comunicazione-efficace-il-silenzio-ha-alimentato-polemiche\/#breadcrumb","itemListElement":[{"@type":"ListItem","position":1,"name":"Home","item":"https:\/\/www.bellunopress.it\/"},{"@type":"ListItem","position":2,"name":"Viale Fantuzzi, De Carlo difende il cantiere SISUS, ma ammette: &#8220;E&#8217; mancata una comunicazione efficace, il silenzio ha alimentato polemiche&#8221;"}]},{"@type":"WebSite","@id":"https:\/\/www.bellunopress.it\/#website","url":"https:\/\/www.bellunopress.it\/","name":"Bellunopress - Dolomiti","description":"e-mail: redazione@bellunopress.it","publisher":{"@id":"https:\/\/www.bellunopress.it\/#organization"},"potentialAction":[{"@type":"SearchAction","target":{"@type":"EntryPoint","urlTemplate":"https:\/\/www.bellunopress.it\/?s={search_term_string}"},"query-input":{"@type":"PropertyValueSpecification","valueRequired":true,"valueName":"search_term_string"}}],"inLanguage":"fr-FR"},{"@type":"Organization","@id":"https:\/\/www.bellunopress.it\/#organization","name":"Bellunopress","url":"https:\/\/www.bellunopress.it\/","logo":{"@type":"ImageObject","inLanguage":"fr-FR","@id":"https:\/\/www.bellunopress.it\/#\/schema\/logo\/image\/","url":"https:\/\/www.bellunopress.it\/wp-content\/uploads\/2011\/05\/cropped-logo-bellunopress-.jpg","contentUrl":"https:\/\/www.bellunopress.it\/wp-content\/uploads\/2011\/05\/cropped-logo-bellunopress-.jpg","width":512,"height":512,"caption":"Bellunopress"},"image":{"@id":"https:\/\/www.bellunopress.it\/#\/schema\/logo\/image\/"},"sameAs":["https:\/\/www.facebook.com\/profile.php?id=100008943462799","https:\/\/x.com\/bellunopress","https:\/\/www.linkedin.com\/hp\/?dnr=JBzUWaJfMUw8vbXJJ2tVW5-I3jZKvC4wsoxE&amp;amp;amp;amp;amp;amp;trk=nav_responsive_tab_home","https:\/\/www.youtube.com\/channel\/UCxL0wu1uN0_3_7hGG0306cw"]},{"@type":"Person","@id":"https:\/\/www.bellunopress.it\/#\/schema\/person\/79bb06722b37ece1c03d3e94beb30d73","name":"r\u00e9daction","image":{"@type":"ImageObject","inLanguage":"fr-FR","@id":"https:\/\/secure.gravatar.com\/avatar\/37d968a2e67a6fd04c169c4bdef102d0bc5d31b2546345219e348575eb80e9a0?s=96&d=mm&r=g","url":"https:\/\/secure.gravatar.com\/avatar\/37d968a2e67a6fd04c169c4bdef102d0bc5d31b2546345219e348575eb80e9a0?s=96&d=mm&r=g","contentUrl":"https:\/\/secure.gravatar.com\/avatar\/37d968a2e67a6fd04c169c4bdef102d0bc5d31b2546345219e348575eb80e9a0?s=96&d=mm&r=g","caption":"redazione"},"sameAs":["http:\/\/www.bellunopress.it","https:\/\/x.com\/bellunopress"],"url":"https:\/\/www.bellunopress.it\/fr\/author\/redazione\/"}]}},"_links":{"self":[{"href":"https:\/\/www.bellunopress.it\/fr\/wp-json\/wp\/v2\/posts\/171721","targetHints":{"allow":["GET"]}}],"collection":[{"href":"https:\/\/www.bellunopress.it\/fr\/wp-json\/wp\/v2\/posts"}],"about":[{"href":"https:\/\/www.bellunopress.it\/fr\/wp-json\/wp\/v2\/types\/post"}],"author":[{"embeddable":true,"href":"https:\/\/www.bellunopress.it\/fr\/wp-json\/wp\/v2\/users\/2"}],"replies":[{"embeddable":true,"href":"https:\/\/www.bellunopress.it\/fr\/wp-json\/wp\/v2\/comments?post=171721"}],"version-history":[{"count":1,"href":"https:\/\/www.bellunopress.it\/fr\/wp-json\/wp\/v2\/posts\/171721\/revisions"}],"predecessor-version":[{"id":171722,"href":"https:\/\/www.bellunopress.it\/fr\/wp-json\/wp\/v2\/posts\/171721\/revisions\/171722"}],"wp:featuredmedia":[{"embeddable":true,"href":"https:\/\/www.bellunopress.it\/fr\/wp-json\/wp\/v2\/media\/166734"}],"wp:attachment":[{"href":"https:\/\/www.bellunopress.it\/fr\/wp-json\/wp\/v2\/media?parent=171721"}],"wp:term":[{"taxonomy":"category","embeddable":true,"href":"https:\/\/www.bellunopress.it\/fr\/wp-json\/wp\/v2\/categories?post=171721"},{"taxonomy":"post_tag","embeddable":true,"href":"https:\/\/www.bellunopress.it\/fr\/wp-json\/wp\/v2\/tags?post=171721"}],"curies":[{"name":"wp","href":"https:\/\/api.w.org\/{rel}","templated":true}]}}