{"id":171718,"date":"2026-07-06T14:17:37","date_gmt":"2026-07-06T12:17:37","guid":{"rendered":"https:\/\/www.bellunopress.it\/?p=171718"},"modified":"2026-07-06T14:17:37","modified_gmt":"2026-07-06T12:17:37","slug":"belluno-il-green-a-colpi-di-motosega-viale-fantuzzi-raso-al-suolo-con-un-blitz-di-stampo-militare-accompagnato-dal-rotore-di-un-nh90","status":"publish","type":"post","link":"https:\/\/www.bellunopress.it\/fr\/2026\/07\/06\/belluno-il-green-a-colpi-di-motosega-viale-fantuzzi-raso-al-suolo-con-un-blitz-di-stampo-militare-accompagnato-dal-rotore-di-un-nh90\/","title":{"rendered":"Belluno, il green a colpi di motosega: viale Fantuzzi raso al suolo con un blitz di stampo militare accompagnato dal rotore di un NH90"},"content":{"rendered":"<p data-path-to-node=\"2\">Belluno, 06\/07\/2026 &#8211;\u00a0Il Comune di Belluno ha dato il via ai lavori stamattina su viale Fantuzzi. Un intervento da oltre 1,1 milioni di euro, battezzato sotto l&#8217;egida del progetto SISUS, che promette di trasformare il viale in un modello di \u201cinfrastruttura verde\u201d. Peccato che, per arrivare a questa promessa di futuro sostenibile, la prima mossa sia stata la rimozione radicale di un pezzo di storia della citt\u00e0: 22 ippocastani e un tiglio abbattuti in un colpo solo.<\/p>\n<p data-path-to-node=\"5\">Il sindaco Oscar De Pellegrin parla di \u201cesigenza di sicurezza\u201d e di \u201ccondizioni di degrado\u201d emerse da verifiche fitosanitarie. L\u2019amministrazione si \u00e8 premurata di rassicurare i cittadini: tutto \u00e8 a norma, le perizie sono state fatte, l\u2019avifauna \u00e8 stata tutelata. Eppure, la sensazione che si respira camminando lungo quel viale oggi nudo e ferito \u00e8 di tutt&#8217;altra natura. Quello che doveva essere un atto di cura del patrimonio pubblico si \u00e8 trasformato, nei fatti, in un vero e proprio blitz, che ha cancellato in poche ore decenni di ombra e memoria urbana.<\/p>\n<p data-path-to-node=\"6\">\u00c8 un\u2019ironia amara, quasi distopica, quella che ha accompagnato l\u2019avvio delle operazioni. Mentre le motoseghe procedevano implacabili a rader al suolo il filare, a fare da colonna sonora al cantiere di questo \u201cinfrastruttura verde\u201d c\u2019era il rombo di un elicottero della famiglia NH Industries NH90 probabilmente dell\u2019Aviazione dell\u2019Esercito. Il velivolo, impegnato in un sorvolo di addestramento sopra Belluno e il Piave, ha sovrastato il fragore del cantiere, creando un accostamento surreale: da una parte l\u2019esercitazione militare, dall\u2019altra un intervento di riqualificazione urbana che, con la sua violenza paesaggistica, ha ricordato pi\u00f9 un\u2019operazione di sgombero tattico che un progetto di giardinaggio.<\/p>\n<p data-path-to-node=\"7\">L\u2019amministrazione promette che al posto dei giganti abbattuti arriveranno 32 nuove piante autoctone. Saranno pi\u00f9 numerose, ci dicono, e pi\u00f9 adatte al contesto. Ma per i cittadini che hanno visto sparire un viale consolidato, la matematica non basta a colmare il vuoto. La promessa di una \u201crete ecologica urbana\u201d suona oggi come un esercizio di burocrazia verde, un progetto calato dall\u2019alto che privilegia la gestione del rischio e il rifacimento di pavimentazioni drenanti rispetto alla conservazione del valore biologico e identitario di un luogo.<\/p>\n<p data-path-to-node=\"8\">Se la sicurezza \u00e8 la priorit\u00e0 \u2014 e nessuno nega che la gestione del patrimonio arboreo richieda competenza \u2014 il dubbio che rimane, osservando quel viale spogliato, \u00e8 se non ci fosse spazio per una visione meno drastica. Belluno perde un tassello del suo paesaggio quotidiano, sostituito da una promessa di piante giovani che impiegheranno anni, se non decenni, per restituire alla citt\u00e0 il respiro che viale Fantuzzi, fino a stamattina, garantiva naturalmente.<\/p>\n<p data-path-to-node=\"9\">Nel frattempo, il rombo del rotore si allontana verso le cime, lasciando dietro di s\u00e9 una citt\u00e0 pi\u00f9 povera di ombre e una ferita aperta nel cuore del quartiere. Le carte del SISUS sono in regola, i fondi europei sono stati sbloccati, ma la sensibilit\u00e0 dei cittadini, davanti a questo scenario, resta \u2013 comprensibilmente \u2013 molto meno allineata ai documenti tecnici.<\/p>","protected":false},"excerpt":{"rendered":"<p>Belluno, 06\/07\/2026 &#8211;\u00a0Il Comune di Belluno ha dato il via ai lavori stamattina su viale Fantuzzi. Un intervento da oltre 1,1 milioni di euro, battezzato sotto l&#8217;egida del progetto SISUS, che promette di trasformare il viale in un modello di \u201cinfrastruttura verde\u201d. Peccato che, per arrivare a questa promessa di futuro sostenibile, la prima mossa [&hellip;]<\/p>\n","protected":false},"author":2,"featured_media":171719,"comment_status":"closed","ping_status":"open","sticky":false,"template":"","format":"standard","meta":{"footnotes":""},"categories":[5,26],"tags":[],"class_list":["post-171718","post","type-post","status-publish","format-standard","has-post-thumbnail","category-cronaca","category-prima-pagina"],"yoast_head":"<!-- This site is optimized with the Yoast SEO plugin v28.4 - https:\/\/yoast.com\/product\/yoast-seo-wordpress\/ -->\n<title>Belluno, il green a colpi di motosega: viale Fantuzzi raso al suolo con un blitz di stampo militare accompagnato dal rotore di un NH90 - Bellunopress - Dolomiti<\/title>\n<meta name=\"robots\" content=\"index, follow, max-snippet:-1, max-image-preview:large, max-video-preview:-1\" \/>\n<link rel=\"canonical\" href=\"https:\/\/www.bellunopress.it\/fr\/2026\/07\/06\/belluno-il-green-a-colpi-di-motosega-viale-fantuzzi-raso-al-suolo-con-un-blitz-di-stampo-militare-accompagnato-dal-rotore-di-un-nh90\/\" \/>\n<meta property=\"og:locale\" content=\"fr_FR\" \/>\n<meta property=\"og:type\" content=\"article\" \/>\n<meta property=\"og:title\" content=\"Belluno, il green a colpi di motosega: viale Fantuzzi raso al suolo con un blitz di stampo militare accompagnato dal rotore di un NH90 - Bellunopress - Dolomiti\" \/>\n<meta property=\"og:description\" content=\"Belluno, 06\/07\/2026 &#8211;\u00a0Il Comune di Belluno ha dato il via ai lavori stamattina su viale Fantuzzi. Un intervento da oltre 1,1 milioni di euro, battezzato sotto l&#8217;egida del progetto SISUS, che promette di trasformare il viale in un modello di \u201cinfrastruttura verde\u201d. Peccato che, per arrivare a questa promessa di futuro sostenibile, la prima mossa [&hellip;]\" \/>\n<meta property=\"og:url\" content=\"https:\/\/www.bellunopress.it\/fr\/2026\/07\/06\/belluno-il-green-a-colpi-di-motosega-viale-fantuzzi-raso-al-suolo-con-un-blitz-di-stampo-militare-accompagnato-dal-rotore-di-un-nh90\/\" \/>\n<meta property=\"og:site_name\" content=\"Bellunopress - Dolomiti\" \/>\n<meta property=\"article:publisher\" content=\"https:\/\/www.facebook.com\/profile.php?id=100008943462799\" \/>\n<meta property=\"article:published_time\" content=\"2026-07-06T12:17:37+00:00\" \/>\n<meta property=\"og:image\" content=\"https:\/\/www.bellunopress.it\/wp-content\/uploads\/2026\/07\/viale-fantuzzi-alberi-tagliati-2.jpg\" \/>\n\t<meta property=\"og:image:width\" content=\"561\" \/>\n\t<meta property=\"og:image:height\" content=\"394\" \/>\n\t<meta property=\"og:image:type\" content=\"image\/jpeg\" \/>\n<meta name=\"author\" content=\"redazione\" \/>\n<meta name=\"twitter:card\" content=\"summary_large_image\" \/>\n<meta name=\"twitter:creator\" content=\"@bellunopress\" \/>\n<meta name=\"twitter:site\" content=\"@bellunopress\" \/>\n<meta name=\"twitter:label1\" content=\"\u00c9crit par\" \/>\n\t<meta name=\"twitter:data1\" content=\"redazione\" \/>\n\t<meta name=\"twitter:label2\" content=\"Dur\u00e9e de lecture estim\u00e9e\" \/>\n\t<meta name=\"twitter:data2\" content=\"3 minutes\" \/>\n<script type=\"application\/ld+json\" class=\"yoast-schema-graph\">{\"@context\":\"https:\\\/\\\/schema.org\",\"@graph\":[{\"@type\":\"Article\",\"@id\":\"https:\\\/\\\/www.bellunopress.it\\\/2026\\\/07\\\/06\\\/belluno-il-green-a-colpi-di-motosega-viale-fantuzzi-raso-al-suolo-con-un-blitz-di-stampo-militare-accompagnato-dal-rotore-di-un-nh90\\\/#article\",\"isPartOf\":{\"@id\":\"https:\\\/\\\/www.bellunopress.it\\\/2026\\\/07\\\/06\\\/belluno-il-green-a-colpi-di-motosega-viale-fantuzzi-raso-al-suolo-con-un-blitz-di-stampo-militare-accompagnato-dal-rotore-di-un-nh90\\\/\"},\"author\":{\"name\":\"redazione\",\"@id\":\"https:\\\/\\\/www.bellunopress.it\\\/#\\\/schema\\\/person\\\/79bb06722b37ece1c03d3e94beb30d73\"},\"headline\":\"Belluno, il green a colpi di motosega: viale Fantuzzi raso al suolo con un blitz di stampo militare accompagnato dal rotore di un NH90\",\"datePublished\":\"2026-07-06T12:17:37+00:00\",\"mainEntityOfPage\":{\"@id\":\"https:\\\/\\\/www.bellunopress.it\\\/2026\\\/07\\\/06\\\/belluno-il-green-a-colpi-di-motosega-viale-fantuzzi-raso-al-suolo-con-un-blitz-di-stampo-militare-accompagnato-dal-rotore-di-un-nh90\\\/\"},\"wordCount\":510,\"publisher\":{\"@id\":\"https:\\\/\\\/www.bellunopress.it\\\/#organization\"},\"image\":{\"@id\":\"https:\\\/\\\/www.bellunopress.it\\\/2026\\\/07\\\/06\\\/belluno-il-green-a-colpi-di-motosega-viale-fantuzzi-raso-al-suolo-con-un-blitz-di-stampo-militare-accompagnato-dal-rotore-di-un-nh90\\\/#primaryimage\"},\"thumbnailUrl\":\"https:\\\/\\\/www.bellunopress.it\\\/wp-content\\\/uploads\\\/2026\\\/07\\\/viale-fantuzzi-alberi-tagliati-2.jpg\",\"articleSection\":[\"Cronaca\\\/Politica\",\"Prima Pagina\"],\"inLanguage\":\"fr-FR\"},{\"@type\":\"WebPage\",\"@id\":\"https:\\\/\\\/www.bellunopress.it\\\/2026\\\/07\\\/06\\\/belluno-il-green-a-colpi-di-motosega-viale-fantuzzi-raso-al-suolo-con-un-blitz-di-stampo-militare-accompagnato-dal-rotore-di-un-nh90\\\/\",\"url\":\"https:\\\/\\\/www.bellunopress.it\\\/2026\\\/07\\\/06\\\/belluno-il-green-a-colpi-di-motosega-viale-fantuzzi-raso-al-suolo-con-un-blitz-di-stampo-militare-accompagnato-dal-rotore-di-un-nh90\\\/\",\"name\":\"Belluno, il green a colpi di motosega: viale Fantuzzi raso al suolo con un blitz di stampo militare accompagnato dal rotore di un NH90 - Bellunopress - Dolomiti\",\"isPartOf\":{\"@id\":\"https:\\\/\\\/www.bellunopress.it\\\/#website\"},\"primaryImageOfPage\":{\"@id\":\"https:\\\/\\\/www.bellunopress.it\\\/2026\\\/07\\\/06\\\/belluno-il-green-a-colpi-di-motosega-viale-fantuzzi-raso-al-suolo-con-un-blitz-di-stampo-militare-accompagnato-dal-rotore-di-un-nh90\\\/#primaryimage\"},\"image\":{\"@id\":\"https:\\\/\\\/www.bellunopress.it\\\/2026\\\/07\\\/06\\\/belluno-il-green-a-colpi-di-motosega-viale-fantuzzi-raso-al-suolo-con-un-blitz-di-stampo-militare-accompagnato-dal-rotore-di-un-nh90\\\/#primaryimage\"},\"thumbnailUrl\":\"https:\\\/\\\/www.bellunopress.it\\\/wp-content\\\/uploads\\\/2026\\\/07\\\/viale-fantuzzi-alberi-tagliati-2.jpg\",\"datePublished\":\"2026-07-06T12:17:37+00:00\",\"breadcrumb\":{\"@id\":\"https:\\\/\\\/www.bellunopress.it\\\/2026\\\/07\\\/06\\\/belluno-il-green-a-colpi-di-motosega-viale-fantuzzi-raso-al-suolo-con-un-blitz-di-stampo-militare-accompagnato-dal-rotore-di-un-nh90\\\/#breadcrumb\"},\"inLanguage\":\"fr-FR\",\"potentialAction\":[{\"@type\":\"ReadAction\",\"target\":[\"https:\\\/\\\/www.bellunopress.it\\\/2026\\\/07\\\/06\\\/belluno-il-green-a-colpi-di-motosega-viale-fantuzzi-raso-al-suolo-con-un-blitz-di-stampo-militare-accompagnato-dal-rotore-di-un-nh90\\\/\"]}]},{\"@type\":\"ImageObject\",\"inLanguage\":\"fr-FR\",\"@id\":\"https:\\\/\\\/www.bellunopress.it\\\/2026\\\/07\\\/06\\\/belluno-il-green-a-colpi-di-motosega-viale-fantuzzi-raso-al-suolo-con-un-blitz-di-stampo-militare-accompagnato-dal-rotore-di-un-nh90\\\/#primaryimage\",\"url\":\"https:\\\/\\\/www.bellunopress.it\\\/wp-content\\\/uploads\\\/2026\\\/07\\\/viale-fantuzzi-alberi-tagliati-2.jpg\",\"contentUrl\":\"https:\\\/\\\/www.bellunopress.it\\\/wp-content\\\/uploads\\\/2026\\\/07\\\/viale-fantuzzi-alberi-tagliati-2.jpg\",\"width\":561,\"height\":394,\"caption\":\"Belluno, 06\\\/07\\\/2026 viale Fantuzzi questa mattina dopo il taglio degli alberi\"},{\"@type\":\"BreadcrumbList\",\"@id\":\"https:\\\/\\\/www.bellunopress.it\\\/2026\\\/07\\\/06\\\/belluno-il-green-a-colpi-di-motosega-viale-fantuzzi-raso-al-suolo-con-un-blitz-di-stampo-militare-accompagnato-dal-rotore-di-un-nh90\\\/#breadcrumb\",\"itemListElement\":[{\"@type\":\"ListItem\",\"position\":1,\"name\":\"Home\",\"item\":\"https:\\\/\\\/www.bellunopress.it\\\/\"},{\"@type\":\"ListItem\",\"position\":2,\"name\":\"Belluno, il green a colpi di motosega: viale Fantuzzi raso al suolo con un blitz di stampo militare accompagnato dal rotore di un NH90\"}]},{\"@type\":\"WebSite\",\"@id\":\"https:\\\/\\\/www.bellunopress.it\\\/#website\",\"url\":\"https:\\\/\\\/www.bellunopress.it\\\/\",\"name\":\"Bellunopress - Dolomiti\",\"description\":\"e-mail: redazione@bellunopress.it\",\"publisher\":{\"@id\":\"https:\\\/\\\/www.bellunopress.it\\\/#organization\"},\"potentialAction\":[{\"@type\":\"SearchAction\",\"target\":{\"@type\":\"EntryPoint\",\"urlTemplate\":\"https:\\\/\\\/www.bellunopress.it\\\/?s={search_term_string}\"},\"query-input\":{\"@type\":\"PropertyValueSpecification\",\"valueRequired\":true,\"valueName\":\"search_term_string\"}}],\"inLanguage\":\"fr-FR\"},{\"@type\":\"Organization\",\"@id\":\"https:\\\/\\\/www.bellunopress.it\\\/#organization\",\"name\":\"Bellunopress\",\"url\":\"https:\\\/\\\/www.bellunopress.it\\\/\",\"logo\":{\"@type\":\"ImageObject\",\"inLanguage\":\"fr-FR\",\"@id\":\"https:\\\/\\\/www.bellunopress.it\\\/#\\\/schema\\\/logo\\\/image\\\/\",\"url\":\"https:\\\/\\\/www.bellunopress.it\\\/wp-content\\\/uploads\\\/2011\\\/05\\\/cropped-logo-bellunopress-.jpg\",\"contentUrl\":\"https:\\\/\\\/www.bellunopress.it\\\/wp-content\\\/uploads\\\/2011\\\/05\\\/cropped-logo-bellunopress-.jpg\",\"width\":512,\"height\":512,\"caption\":\"Bellunopress\"},\"image\":{\"@id\":\"https:\\\/\\\/www.bellunopress.it\\\/#\\\/schema\\\/logo\\\/image\\\/\"},\"sameAs\":[\"https:\\\/\\\/www.facebook.com\\\/profile.php?id=100008943462799\",\"https:\\\/\\\/x.com\\\/bellunopress\",\"https:\\\/\\\/www.linkedin.com\\\/hp\\\/?dnr=JBzUWaJfMUw8vbXJJ2tVW5-I3jZKvC4wsoxE&amp;amp;amp;amp;amp;amp;trk=nav_responsive_tab_home\",\"https:\\\/\\\/www.youtube.com\\\/channel\\\/UCxL0wu1uN0_3_7hGG0306cw\"]},{\"@type\":\"Person\",\"@id\":\"https:\\\/\\\/www.bellunopress.it\\\/#\\\/schema\\\/person\\\/79bb06722b37ece1c03d3e94beb30d73\",\"name\":\"redazione\",\"image\":{\"@type\":\"ImageObject\",\"inLanguage\":\"fr-FR\",\"@id\":\"https:\\\/\\\/secure.gravatar.com\\\/avatar\\\/37d968a2e67a6fd04c169c4bdef102d0bc5d31b2546345219e348575eb80e9a0?s=96&d=mm&r=g\",\"url\":\"https:\\\/\\\/secure.gravatar.com\\\/avatar\\\/37d968a2e67a6fd04c169c4bdef102d0bc5d31b2546345219e348575eb80e9a0?s=96&d=mm&r=g\",\"contentUrl\":\"https:\\\/\\\/secure.gravatar.com\\\/avatar\\\/37d968a2e67a6fd04c169c4bdef102d0bc5d31b2546345219e348575eb80e9a0?s=96&d=mm&r=g\",\"caption\":\"redazione\"},\"sameAs\":[\"http:\\\/\\\/www.bellunopress.it\",\"https:\\\/\\\/x.com\\\/bellunopress\"],\"url\":\"https:\\\/\\\/www.bellunopress.it\\\/fr\\\/author\\\/redazione\\\/\"}]}<\/script>\n<!-- \/ Yoast SEO plugin. -->","yoast_head_json":{"title":"Belluno, il green a colpi di motosega: viale Fantuzzi raso al suolo con un blitz di stampo militare accompagnato dal rotore di un NH90 - Bellunopress - Dolomiti","robots":{"index":"index","follow":"follow","max-snippet":"max-snippet:-1","max-image-preview":"max-image-preview:large","max-video-preview":"max-video-preview:-1"},"canonical":"https:\/\/www.bellunopress.it\/fr\/2026\/07\/06\/belluno-il-green-a-colpi-di-motosega-viale-fantuzzi-raso-al-suolo-con-un-blitz-di-stampo-militare-accompagnato-dal-rotore-di-un-nh90\/","og_locale":"fr_FR","og_type":"article","og_title":"Belluno, il green a colpi di motosega: viale Fantuzzi raso al suolo con un blitz di stampo militare accompagnato dal rotore di un NH90 - Bellunopress - Dolomiti","og_description":"Belluno, 06\/07\/2026 &#8211;\u00a0Il Comune di Belluno ha dato il via ai lavori stamattina su viale Fantuzzi. Un intervento da oltre 1,1 milioni di euro, battezzato sotto l&#8217;egida del progetto SISUS, che promette di trasformare il viale in un modello di \u201cinfrastruttura verde\u201d. Peccato che, per arrivare a questa promessa di futuro sostenibile, la prima mossa [&hellip;]","og_url":"https:\/\/www.bellunopress.it\/fr\/2026\/07\/06\/belluno-il-green-a-colpi-di-motosega-viale-fantuzzi-raso-al-suolo-con-un-blitz-di-stampo-militare-accompagnato-dal-rotore-di-un-nh90\/","og_site_name":"Bellunopress - Dolomiti","article_publisher":"https:\/\/www.facebook.com\/profile.php?id=100008943462799","article_published_time":"2026-07-06T12:17:37+00:00","og_image":[{"width":561,"height":394,"url":"https:\/\/www.bellunopress.it\/wp-content\/uploads\/2026\/07\/viale-fantuzzi-alberi-tagliati-2.jpg","type":"image\/jpeg"}],"author":"redazione","twitter_card":"summary_large_image","twitter_creator":"@bellunopress","twitter_site":"@bellunopress","twitter_misc":{"\u00c9crit par":"redazione","Dur\u00e9e de lecture estim\u00e9e":"3 minutes"},"schema":{"@context":"https:\/\/schema.org","@graph":[{"@type":"Article","@id":"https:\/\/www.bellunopress.it\/2026\/07\/06\/belluno-il-green-a-colpi-di-motosega-viale-fantuzzi-raso-al-suolo-con-un-blitz-di-stampo-militare-accompagnato-dal-rotore-di-un-nh90\/#article","isPartOf":{"@id":"https:\/\/www.bellunopress.it\/2026\/07\/06\/belluno-il-green-a-colpi-di-motosega-viale-fantuzzi-raso-al-suolo-con-un-blitz-di-stampo-militare-accompagnato-dal-rotore-di-un-nh90\/"},"author":{"name":"redazione","@id":"https:\/\/www.bellunopress.it\/#\/schema\/person\/79bb06722b37ece1c03d3e94beb30d73"},"headline":"Belluno, il green a colpi di motosega: viale Fantuzzi raso al suolo con un blitz di stampo militare accompagnato dal rotore di un NH90","datePublished":"2026-07-06T12:17:37+00:00","mainEntityOfPage":{"@id":"https:\/\/www.bellunopress.it\/2026\/07\/06\/belluno-il-green-a-colpi-di-motosega-viale-fantuzzi-raso-al-suolo-con-un-blitz-di-stampo-militare-accompagnato-dal-rotore-di-un-nh90\/"},"wordCount":510,"publisher":{"@id":"https:\/\/www.bellunopress.it\/#organization"},"image":{"@id":"https:\/\/www.bellunopress.it\/2026\/07\/06\/belluno-il-green-a-colpi-di-motosega-viale-fantuzzi-raso-al-suolo-con-un-blitz-di-stampo-militare-accompagnato-dal-rotore-di-un-nh90\/#primaryimage"},"thumbnailUrl":"https:\/\/www.bellunopress.it\/wp-content\/uploads\/2026\/07\/viale-fantuzzi-alberi-tagliati-2.jpg","articleSection":["Cronaca\/Politica","Prima Pagina"],"inLanguage":"fr-FR"},{"@type":"WebPage","@id":"https:\/\/www.bellunopress.it\/2026\/07\/06\/belluno-il-green-a-colpi-di-motosega-viale-fantuzzi-raso-al-suolo-con-un-blitz-di-stampo-militare-accompagnato-dal-rotore-di-un-nh90\/","url":"https:\/\/www.bellunopress.it\/2026\/07\/06\/belluno-il-green-a-colpi-di-motosega-viale-fantuzzi-raso-al-suolo-con-un-blitz-di-stampo-militare-accompagnato-dal-rotore-di-un-nh90\/","name":"Belluno, il green a colpi di motosega: viale Fantuzzi raso al suolo con un blitz di stampo militare accompagnato dal rotore di un NH90 - Bellunopress - Dolomiti","isPartOf":{"@id":"https:\/\/www.bellunopress.it\/#website"},"primaryImageOfPage":{"@id":"https:\/\/www.bellunopress.it\/2026\/07\/06\/belluno-il-green-a-colpi-di-motosega-viale-fantuzzi-raso-al-suolo-con-un-blitz-di-stampo-militare-accompagnato-dal-rotore-di-un-nh90\/#primaryimage"},"image":{"@id":"https:\/\/www.bellunopress.it\/2026\/07\/06\/belluno-il-green-a-colpi-di-motosega-viale-fantuzzi-raso-al-suolo-con-un-blitz-di-stampo-militare-accompagnato-dal-rotore-di-un-nh90\/#primaryimage"},"thumbnailUrl":"https:\/\/www.bellunopress.it\/wp-content\/uploads\/2026\/07\/viale-fantuzzi-alberi-tagliati-2.jpg","datePublished":"2026-07-06T12:17:37+00:00","breadcrumb":{"@id":"https:\/\/www.bellunopress.it\/2026\/07\/06\/belluno-il-green-a-colpi-di-motosega-viale-fantuzzi-raso-al-suolo-con-un-blitz-di-stampo-militare-accompagnato-dal-rotore-di-un-nh90\/#breadcrumb"},"inLanguage":"fr-FR","potentialAction":[{"@type":"ReadAction","target":["https:\/\/www.bellunopress.it\/2026\/07\/06\/belluno-il-green-a-colpi-di-motosega-viale-fantuzzi-raso-al-suolo-con-un-blitz-di-stampo-militare-accompagnato-dal-rotore-di-un-nh90\/"]}]},{"@type":"ImageObject","inLanguage":"fr-FR","@id":"https:\/\/www.bellunopress.it\/2026\/07\/06\/belluno-il-green-a-colpi-di-motosega-viale-fantuzzi-raso-al-suolo-con-un-blitz-di-stampo-militare-accompagnato-dal-rotore-di-un-nh90\/#primaryimage","url":"https:\/\/www.bellunopress.it\/wp-content\/uploads\/2026\/07\/viale-fantuzzi-alberi-tagliati-2.jpg","contentUrl":"https:\/\/www.bellunopress.it\/wp-content\/uploads\/2026\/07\/viale-fantuzzi-alberi-tagliati-2.jpg","width":561,"height":394,"caption":"Belluno, 06\/07\/2026 viale Fantuzzi questa mattina dopo il taglio degli alberi"},{"@type":"BreadcrumbList","@id":"https:\/\/www.bellunopress.it\/2026\/07\/06\/belluno-il-green-a-colpi-di-motosega-viale-fantuzzi-raso-al-suolo-con-un-blitz-di-stampo-militare-accompagnato-dal-rotore-di-un-nh90\/#breadcrumb","itemListElement":[{"@type":"ListItem","position":1,"name":"Home","item":"https:\/\/www.bellunopress.it\/"},{"@type":"ListItem","position":2,"name":"Belluno, il green a colpi di motosega: viale Fantuzzi raso al suolo con un blitz di stampo militare accompagnato dal rotore di un NH90"}]},{"@type":"WebSite","@id":"https:\/\/www.bellunopress.it\/#website","url":"https:\/\/www.bellunopress.it\/","name":"Bellunopress - Dolomiti","description":"e-mail: redazione@bellunopress.it","publisher":{"@id":"https:\/\/www.bellunopress.it\/#organization"},"potentialAction":[{"@type":"SearchAction","target":{"@type":"EntryPoint","urlTemplate":"https:\/\/www.bellunopress.it\/?s={search_term_string}"},"query-input":{"@type":"PropertyValueSpecification","valueRequired":true,"valueName":"search_term_string"}}],"inLanguage":"fr-FR"},{"@type":"Organization","@id":"https:\/\/www.bellunopress.it\/#organization","name":"Bellunopress","url":"https:\/\/www.bellunopress.it\/","logo":{"@type":"ImageObject","inLanguage":"fr-FR","@id":"https:\/\/www.bellunopress.it\/#\/schema\/logo\/image\/","url":"https:\/\/www.bellunopress.it\/wp-content\/uploads\/2011\/05\/cropped-logo-bellunopress-.jpg","contentUrl":"https:\/\/www.bellunopress.it\/wp-content\/uploads\/2011\/05\/cropped-logo-bellunopress-.jpg","width":512,"height":512,"caption":"Bellunopress"},"image":{"@id":"https:\/\/www.bellunopress.it\/#\/schema\/logo\/image\/"},"sameAs":["https:\/\/www.facebook.com\/profile.php?id=100008943462799","https:\/\/x.com\/bellunopress","https:\/\/www.linkedin.com\/hp\/?dnr=JBzUWaJfMUw8vbXJJ2tVW5-I3jZKvC4wsoxE&amp;amp;amp;amp;amp;amp;trk=nav_responsive_tab_home","https:\/\/www.youtube.com\/channel\/UCxL0wu1uN0_3_7hGG0306cw"]},{"@type":"Person","@id":"https:\/\/www.bellunopress.it\/#\/schema\/person\/79bb06722b37ece1c03d3e94beb30d73","name":"r\u00e9daction","image":{"@type":"ImageObject","inLanguage":"fr-FR","@id":"https:\/\/secure.gravatar.com\/avatar\/37d968a2e67a6fd04c169c4bdef102d0bc5d31b2546345219e348575eb80e9a0?s=96&d=mm&r=g","url":"https:\/\/secure.gravatar.com\/avatar\/37d968a2e67a6fd04c169c4bdef102d0bc5d31b2546345219e348575eb80e9a0?s=96&d=mm&r=g","contentUrl":"https:\/\/secure.gravatar.com\/avatar\/37d968a2e67a6fd04c169c4bdef102d0bc5d31b2546345219e348575eb80e9a0?s=96&d=mm&r=g","caption":"redazione"},"sameAs":["http:\/\/www.bellunopress.it","https:\/\/x.com\/bellunopress"],"url":"https:\/\/www.bellunopress.it\/fr\/author\/redazione\/"}]}},"_links":{"self":[{"href":"https:\/\/www.bellunopress.it\/fr\/wp-json\/wp\/v2\/posts\/171718","targetHints":{"allow":["GET"]}}],"collection":[{"href":"https:\/\/www.bellunopress.it\/fr\/wp-json\/wp\/v2\/posts"}],"about":[{"href":"https:\/\/www.bellunopress.it\/fr\/wp-json\/wp\/v2\/types\/post"}],"author":[{"embeddable":true,"href":"https:\/\/www.bellunopress.it\/fr\/wp-json\/wp\/v2\/users\/2"}],"replies":[{"embeddable":true,"href":"https:\/\/www.bellunopress.it\/fr\/wp-json\/wp\/v2\/comments?post=171718"}],"version-history":[{"count":1,"href":"https:\/\/www.bellunopress.it\/fr\/wp-json\/wp\/v2\/posts\/171718\/revisions"}],"predecessor-version":[{"id":171720,"href":"https:\/\/www.bellunopress.it\/fr\/wp-json\/wp\/v2\/posts\/171718\/revisions\/171720"}],"wp:featuredmedia":[{"embeddable":true,"href":"https:\/\/www.bellunopress.it\/fr\/wp-json\/wp\/v2\/media\/171719"}],"wp:attachment":[{"href":"https:\/\/www.bellunopress.it\/fr\/wp-json\/wp\/v2\/media?parent=171718"}],"wp:term":[{"taxonomy":"category","embeddable":true,"href":"https:\/\/www.bellunopress.it\/fr\/wp-json\/wp\/v2\/categories?post=171718"},{"taxonomy":"post_tag","embeddable":true,"href":"https:\/\/www.bellunopress.it\/fr\/wp-json\/wp\/v2\/tags?post=171718"}],"curies":[{"name":"wp","href":"https:\/\/api.w.org\/{rel}","templated":true}]}}