{"id":171715,"date":"2026-07-06T13:26:58","date_gmt":"2026-07-06T11:26:58","guid":{"rendered":"https:\/\/www.bellunopress.it\/?p=171715"},"modified":"2026-07-06T13:26:58","modified_gmt":"2026-07-06T11:26:58","slug":"belluno-taglio-alberi-viale-fantuzzi-lettera-al-sindaco-di-denise-casanova-segretaria-generale-cgil-non-e-un-crimine-ma-di-sicuro-una-colpa","status":"publish","type":"post","link":"https:\/\/www.bellunopress.it\/fr\/2026\/07\/06\/belluno-taglio-alberi-viale-fantuzzi-lettera-al-sindaco-di-denise-casanova-segretaria-generale-cgil-non-e-un-crimine-ma-di-sicuro-una-colpa\/","title":{"rendered":"Belluno, taglio alberi viale Fantuzzi. Lettera al sindaco di Denise Casanova, segretaria generale Cgil: &#8220;Non \u00e8 un crimine, ma di sicuro una colpa&#8221;"},"content":{"rendered":"<p>Buongiorno Signor Sindaco, le scrivo per manifestarle tutto lo sconcerto della Camera del Lavoro di Belluno per l&#8217;abbattimento degli alberi di viale Fantuzzi.<br \/>\nRiteniamo che sia una incomprensibile, dolorosa, inaccettabile distruzione di bellezza &#8211; il che pu\u00f2 anche non essere un crimine ma di sicuro \u00e8 una colpa.<\/p>\n<p>Il paesaggio, l&#8217;ambiente che ci circonda e l&#8217;orizzonte abituale del nostro sguardo, fanno parte del patrimonio collettivo: sono dunque di tutti e come tali devono essere trattati.<br \/>\nIntervenire sul patrimonio pubblico richiede cura e attenzione e la fatica di condividere con gli altri, che beneficiano di quel patrimonio, i propri intenti e le ragioni di modifiche radicali dello stesso.<br \/>\nParlare con i residenti, con i propri cittadini, organizzare assemblee pubbliche, incontri partecipati \u00e8 un investimento di energie che una citt\u00e0 pu\u00f2 pretendere dai propri amministratori.<\/p>\n<p>Si \u00e8 scelto invece di procedere al taglio, chiudendo la circolazione senza nemmeno avvertire i servizi nella via (la Camera del Lavoro, i nostri servizi fiscali, il Patronato non sono stati avvisati), con le forze dell&#8217;ordine infastidite anche dalle pi\u00f9 che legittime richieste di spiegazioni di cittadini scioccati e dispiaciuti.<br \/>\nUn&#8217;ordinanza emessa di sabato, un articolo sul giornale e il taglio quasi all&#8217;alba, hanno il sapore delle cose fatte di nascosto, non alla luce del sole: non spiegano, non consolano, non fanno capire e non mostrano alcuna visione progettuale per la citt\u00e0.<\/p>\n<p>In un momento in cui, nel picco del calore estivo, tutti nel mondo ragionano sulla necessit\u00e0 di incrementare il verde urbano per rendere pi\u00f9 vivibili le citt\u00e0 preservandole dal caldo estremo, a Belluno da settimane cadono alberi e non si capisce davvero come questo possa essere considerato &#8220;Sviluppo Urbano Sostenibile&#8221;.<\/p>\n<p>Ce lo spiega?<\/p>\n<p><strong>Denise Casanova<\/strong><br \/>\n<strong>Segretaria Generale<\/strong><br \/>\n<strong>Camera del Lavoro di Belluno <\/strong><\/p>","protected":false},"excerpt":{"rendered":"<p>Buongiorno Signor Sindaco, le scrivo per manifestarle tutto lo sconcerto della Camera del Lavoro di Belluno per l&#8217;abbattimento degli alberi di viale Fantuzzi. Riteniamo che sia una incomprensibile, dolorosa, inaccettabile distruzione di bellezza &#8211; il che pu\u00f2 anche non essere un crimine ma di sicuro \u00e8 una colpa. Il paesaggio, l&#8217;ambiente che ci circonda e [&hellip;]<\/p>\n","protected":false},"author":2,"featured_media":171716,"comment_status":"closed","ping_status":"open","sticky":false,"template":"","format":"standard","meta":{"footnotes":""},"categories":[5,1,26],"tags":[],"class_list":["post-171715","post","type-post","status-publish","format-standard","has-post-thumbnail","category-cronaca","category-leo","category-prima-pagina"],"yoast_head":"<!-- This site is optimized with the Yoast SEO plugin v28.4 - https:\/\/yoast.com\/product\/yoast-seo-wordpress\/ -->\n<title>Belluno, taglio alberi viale Fantuzzi. Lettera al sindaco di Denise Casanova, segretaria generale Cgil: &quot;Non \u00e8 un crimine, ma di sicuro una colpa&quot; - Bellunopress - Dolomiti<\/title>\n<meta name=\"robots\" content=\"index, follow, max-snippet:-1, max-image-preview:large, max-video-preview:-1\" \/>\n<link rel=\"canonical\" href=\"https:\/\/www.bellunopress.it\/fr\/2026\/07\/06\/belluno-taglio-alberi-viale-fantuzzi-lettera-al-sindaco-di-denise-casanova-segretaria-generale-cgil-non-e-un-crimine-ma-di-sicuro-una-colpa\/\" \/>\n<meta property=\"og:locale\" content=\"fr_FR\" \/>\n<meta property=\"og:type\" content=\"article\" \/>\n<meta property=\"og:title\" content=\"Belluno, taglio alberi viale Fantuzzi. Lettera al sindaco di Denise Casanova, segretaria generale Cgil: &quot;Non \u00e8 un crimine, ma di sicuro una colpa&quot; - Bellunopress - Dolomiti\" \/>\n<meta property=\"og:description\" content=\"Buongiorno Signor Sindaco, le scrivo per manifestarle tutto lo sconcerto della Camera del Lavoro di Belluno per l&#8217;abbattimento degli alberi di viale Fantuzzi. Riteniamo che sia una incomprensibile, dolorosa, inaccettabile distruzione di bellezza &#8211; il che pu\u00f2 anche non essere un crimine ma di sicuro \u00e8 una colpa. Il paesaggio, l&#8217;ambiente che ci circonda e [&hellip;]\" \/>\n<meta property=\"og:url\" content=\"https:\/\/www.bellunopress.it\/fr\/2026\/07\/06\/belluno-taglio-alberi-viale-fantuzzi-lettera-al-sindaco-di-denise-casanova-segretaria-generale-cgil-non-e-un-crimine-ma-di-sicuro-una-colpa\/\" \/>\n<meta property=\"og:site_name\" content=\"Bellunopress - Dolomiti\" \/>\n<meta property=\"article:publisher\" content=\"https:\/\/www.facebook.com\/profile.php?id=100008943462799\" \/>\n<meta property=\"article:published_time\" content=\"2026-07-06T11:26:58+00:00\" \/>\n<meta property=\"og:image\" content=\"https:\/\/www.bellunopress.it\/wp-content\/uploads\/2026\/07\/viale-fantuzzi-alberi-tagliati-1.jpg\" \/>\n\t<meta property=\"og:image:width\" content=\"500\" \/>\n\t<meta property=\"og:image:height\" content=\"375\" \/>\n\t<meta property=\"og:image:type\" content=\"image\/jpeg\" \/>\n<meta name=\"author\" content=\"redazione\" \/>\n<meta name=\"twitter:card\" content=\"summary_large_image\" \/>\n<meta name=\"twitter:creator\" content=\"@bellunopress\" \/>\n<meta name=\"twitter:site\" content=\"@bellunopress\" \/>\n<meta name=\"twitter:label1\" content=\"Written by\" \/>\n\t<meta name=\"twitter:data1\" content=\"redazione\" \/>\n\t<meta name=\"twitter:label2\" content=\"Est. reading time\" \/>\n\t<meta name=\"twitter:data2\" content=\"2 minutes\" \/>\n<script type=\"application\/ld+json\" class=\"yoast-schema-graph\">{\"@context\":\"https:\\\/\\\/schema.org\",\"@graph\":[{\"@type\":\"Article\",\"@id\":\"https:\\\/\\\/www.bellunopress.it\\\/2026\\\/07\\\/06\\\/belluno-taglio-alberi-viale-fantuzzi-lettera-al-sindaco-di-denise-casanova-segretaria-generale-cgil-non-e-un-crimine-ma-di-sicuro-una-colpa\\\/#article\",\"isPartOf\":{\"@id\":\"https:\\\/\\\/www.bellunopress.it\\\/2026\\\/07\\\/06\\\/belluno-taglio-alberi-viale-fantuzzi-lettera-al-sindaco-di-denise-casanova-segretaria-generale-cgil-non-e-un-crimine-ma-di-sicuro-una-colpa\\\/\"},\"author\":{\"name\":\"redazione\",\"@id\":\"https:\\\/\\\/www.bellunopress.it\\\/#\\\/schema\\\/person\\\/79bb06722b37ece1c03d3e94beb30d73\"},\"headline\":\"Belluno, taglio alberi viale Fantuzzi. Lettera al sindaco di Denise Casanova, segretaria generale Cgil: &#8220;Non \u00e8 un crimine, ma di sicuro una colpa&#8221;\",\"datePublished\":\"2026-07-06T11:26:58+00:00\",\"mainEntityOfPage\":{\"@id\":\"https:\\\/\\\/www.bellunopress.it\\\/2026\\\/07\\\/06\\\/belluno-taglio-alberi-viale-fantuzzi-lettera-al-sindaco-di-denise-casanova-segretaria-generale-cgil-non-e-un-crimine-ma-di-sicuro-una-colpa\\\/\"},\"wordCount\":312,\"publisher\":{\"@id\":\"https:\\\/\\\/www.bellunopress.it\\\/#organization\"},\"image\":{\"@id\":\"https:\\\/\\\/www.bellunopress.it\\\/2026\\\/07\\\/06\\\/belluno-taglio-alberi-viale-fantuzzi-lettera-al-sindaco-di-denise-casanova-segretaria-generale-cgil-non-e-un-crimine-ma-di-sicuro-una-colpa\\\/#primaryimage\"},\"thumbnailUrl\":\"https:\\\/\\\/www.bellunopress.it\\\/wp-content\\\/uploads\\\/2026\\\/07\\\/viale-fantuzzi-alberi-tagliati-1.jpg\",\"articleSection\":[\"Cronaca\\\/Politica\",\"Lettere Opinioni\",\"Prima Pagina\"],\"inLanguage\":\"fr-FR\"},{\"@type\":\"WebPage\",\"@id\":\"https:\\\/\\\/www.bellunopress.it\\\/2026\\\/07\\\/06\\\/belluno-taglio-alberi-viale-fantuzzi-lettera-al-sindaco-di-denise-casanova-segretaria-generale-cgil-non-e-un-crimine-ma-di-sicuro-una-colpa\\\/\",\"url\":\"https:\\\/\\\/www.bellunopress.it\\\/2026\\\/07\\\/06\\\/belluno-taglio-alberi-viale-fantuzzi-lettera-al-sindaco-di-denise-casanova-segretaria-generale-cgil-non-e-un-crimine-ma-di-sicuro-una-colpa\\\/\",\"name\":\"Belluno, taglio alberi viale Fantuzzi. Lettera al sindaco di Denise Casanova, segretaria generale Cgil: \\\"Non \u00e8 un crimine, ma di sicuro una colpa\\\" - Bellunopress - Dolomiti\",\"isPartOf\":{\"@id\":\"https:\\\/\\\/www.bellunopress.it\\\/#website\"},\"primaryImageOfPage\":{\"@id\":\"https:\\\/\\\/www.bellunopress.it\\\/2026\\\/07\\\/06\\\/belluno-taglio-alberi-viale-fantuzzi-lettera-al-sindaco-di-denise-casanova-segretaria-generale-cgil-non-e-un-crimine-ma-di-sicuro-una-colpa\\\/#primaryimage\"},\"image\":{\"@id\":\"https:\\\/\\\/www.bellunopress.it\\\/2026\\\/07\\\/06\\\/belluno-taglio-alberi-viale-fantuzzi-lettera-al-sindaco-di-denise-casanova-segretaria-generale-cgil-non-e-un-crimine-ma-di-sicuro-una-colpa\\\/#primaryimage\"},\"thumbnailUrl\":\"https:\\\/\\\/www.bellunopress.it\\\/wp-content\\\/uploads\\\/2026\\\/07\\\/viale-fantuzzi-alberi-tagliati-1.jpg\",\"datePublished\":\"2026-07-06T11:26:58+00:00\",\"breadcrumb\":{\"@id\":\"https:\\\/\\\/www.bellunopress.it\\\/2026\\\/07\\\/06\\\/belluno-taglio-alberi-viale-fantuzzi-lettera-al-sindaco-di-denise-casanova-segretaria-generale-cgil-non-e-un-crimine-ma-di-sicuro-una-colpa\\\/#breadcrumb\"},\"inLanguage\":\"fr-FR\",\"potentialAction\":[{\"@type\":\"ReadAction\",\"target\":[\"https:\\\/\\\/www.bellunopress.it\\\/2026\\\/07\\\/06\\\/belluno-taglio-alberi-viale-fantuzzi-lettera-al-sindaco-di-denise-casanova-segretaria-generale-cgil-non-e-un-crimine-ma-di-sicuro-una-colpa\\\/\"]}]},{\"@type\":\"ImageObject\",\"inLanguage\":\"fr-FR\",\"@id\":\"https:\\\/\\\/www.bellunopress.it\\\/2026\\\/07\\\/06\\\/belluno-taglio-alberi-viale-fantuzzi-lettera-al-sindaco-di-denise-casanova-segretaria-generale-cgil-non-e-un-crimine-ma-di-sicuro-una-colpa\\\/#primaryimage\",\"url\":\"https:\\\/\\\/www.bellunopress.it\\\/wp-content\\\/uploads\\\/2026\\\/07\\\/viale-fantuzzi-alberi-tagliati-1.jpg\",\"contentUrl\":\"https:\\\/\\\/www.bellunopress.it\\\/wp-content\\\/uploads\\\/2026\\\/07\\\/viale-fantuzzi-alberi-tagliati-1.jpg\",\"width\":500,\"height\":375,\"caption\":\"Belluno, viale Fantuzzi dopo il taglio dei 24 alberi\"},{\"@type\":\"BreadcrumbList\",\"@id\":\"https:\\\/\\\/www.bellunopress.it\\\/2026\\\/07\\\/06\\\/belluno-taglio-alberi-viale-fantuzzi-lettera-al-sindaco-di-denise-casanova-segretaria-generale-cgil-non-e-un-crimine-ma-di-sicuro-una-colpa\\\/#breadcrumb\",\"itemListElement\":[{\"@type\":\"ListItem\",\"position\":1,\"name\":\"Home\",\"item\":\"https:\\\/\\\/www.bellunopress.it\\\/\"},{\"@type\":\"ListItem\",\"position\":2,\"name\":\"Belluno, taglio alberi viale Fantuzzi. Lettera al sindaco di Denise Casanova, segretaria generale Cgil: &#8220;Non \u00e8 un crimine, ma di sicuro una colpa&#8221;\"}]},{\"@type\":\"WebSite\",\"@id\":\"https:\\\/\\\/www.bellunopress.it\\\/#website\",\"url\":\"https:\\\/\\\/www.bellunopress.it\\\/\",\"name\":\"Bellunopress - Dolomiti\",\"description\":\"e-mail: redazione@bellunopress.it\",\"publisher\":{\"@id\":\"https:\\\/\\\/www.bellunopress.it\\\/#organization\"},\"potentialAction\":[{\"@type\":\"SearchAction\",\"target\":{\"@type\":\"EntryPoint\",\"urlTemplate\":\"https:\\\/\\\/www.bellunopress.it\\\/?s={search_term_string}\"},\"query-input\":{\"@type\":\"PropertyValueSpecification\",\"valueRequired\":true,\"valueName\":\"search_term_string\"}}],\"inLanguage\":\"fr-FR\"},{\"@type\":\"Organization\",\"@id\":\"https:\\\/\\\/www.bellunopress.it\\\/#organization\",\"name\":\"Bellunopress\",\"url\":\"https:\\\/\\\/www.bellunopress.it\\\/\",\"logo\":{\"@type\":\"ImageObject\",\"inLanguage\":\"fr-FR\",\"@id\":\"https:\\\/\\\/www.bellunopress.it\\\/#\\\/schema\\\/logo\\\/image\\\/\",\"url\":\"https:\\\/\\\/www.bellunopress.it\\\/wp-content\\\/uploads\\\/2011\\\/05\\\/cropped-logo-bellunopress-.jpg\",\"contentUrl\":\"https:\\\/\\\/www.bellunopress.it\\\/wp-content\\\/uploads\\\/2011\\\/05\\\/cropped-logo-bellunopress-.jpg\",\"width\":512,\"height\":512,\"caption\":\"Bellunopress\"},\"image\":{\"@id\":\"https:\\\/\\\/www.bellunopress.it\\\/#\\\/schema\\\/logo\\\/image\\\/\"},\"sameAs\":[\"https:\\\/\\\/www.facebook.com\\\/profile.php?id=100008943462799\",\"https:\\\/\\\/x.com\\\/bellunopress\",\"https:\\\/\\\/www.linkedin.com\\\/hp\\\/?dnr=JBzUWaJfMUw8vbXJJ2tVW5-I3jZKvC4wsoxE&amp;amp;amp;amp;amp;amp;trk=nav_responsive_tab_home\",\"https:\\\/\\\/www.youtube.com\\\/channel\\\/UCxL0wu1uN0_3_7hGG0306cw\"]},{\"@type\":\"Person\",\"@id\":\"https:\\\/\\\/www.bellunopress.it\\\/#\\\/schema\\\/person\\\/79bb06722b37ece1c03d3e94beb30d73\",\"name\":\"redazione\",\"image\":{\"@type\":\"ImageObject\",\"inLanguage\":\"fr-FR\",\"@id\":\"https:\\\/\\\/secure.gravatar.com\\\/avatar\\\/37d968a2e67a6fd04c169c4bdef102d0bc5d31b2546345219e348575eb80e9a0?s=96&d=mm&r=g\",\"url\":\"https:\\\/\\\/secure.gravatar.com\\\/avatar\\\/37d968a2e67a6fd04c169c4bdef102d0bc5d31b2546345219e348575eb80e9a0?s=96&d=mm&r=g\",\"contentUrl\":\"https:\\\/\\\/secure.gravatar.com\\\/avatar\\\/37d968a2e67a6fd04c169c4bdef102d0bc5d31b2546345219e348575eb80e9a0?s=96&d=mm&r=g\",\"caption\":\"redazione\"},\"sameAs\":[\"http:\\\/\\\/www.bellunopress.it\",\"https:\\\/\\\/x.com\\\/bellunopress\"],\"url\":\"https:\\\/\\\/www.bellunopress.it\\\/fr\\\/author\\\/redazione\\\/\"}]}<\/script>\n<!-- \/ Yoast SEO plugin. -->","yoast_head_json":{"title":"Belluno, taglio alberi viale Fantuzzi. Lettera al sindaco di Denise Casanova, segretaria generale Cgil: \"Non \u00e8 un crimine, ma di sicuro una colpa\" - Bellunopress - Dolomiti","robots":{"index":"index","follow":"follow","max-snippet":"max-snippet:-1","max-image-preview":"max-image-preview:large","max-video-preview":"max-video-preview:-1"},"canonical":"https:\/\/www.bellunopress.it\/fr\/2026\/07\/06\/belluno-taglio-alberi-viale-fantuzzi-lettera-al-sindaco-di-denise-casanova-segretaria-generale-cgil-non-e-un-crimine-ma-di-sicuro-una-colpa\/","og_locale":"fr_FR","og_type":"article","og_title":"Belluno, taglio alberi viale Fantuzzi. Lettera al sindaco di Denise Casanova, segretaria generale Cgil: \"Non \u00e8 un crimine, ma di sicuro una colpa\" - Bellunopress - Dolomiti","og_description":"Buongiorno Signor Sindaco, le scrivo per manifestarle tutto lo sconcerto della Camera del Lavoro di Belluno per l&#8217;abbattimento degli alberi di viale Fantuzzi. Riteniamo che sia una incomprensibile, dolorosa, inaccettabile distruzione di bellezza &#8211; il che pu\u00f2 anche non essere un crimine ma di sicuro \u00e8 una colpa. Il paesaggio, l&#8217;ambiente che ci circonda e [&hellip;]","og_url":"https:\/\/www.bellunopress.it\/fr\/2026\/07\/06\/belluno-taglio-alberi-viale-fantuzzi-lettera-al-sindaco-di-denise-casanova-segretaria-generale-cgil-non-e-un-crimine-ma-di-sicuro-una-colpa\/","og_site_name":"Bellunopress - Dolomiti","article_publisher":"https:\/\/www.facebook.com\/profile.php?id=100008943462799","article_published_time":"2026-07-06T11:26:58+00:00","og_image":[{"width":500,"height":375,"url":"https:\/\/www.bellunopress.it\/wp-content\/uploads\/2026\/07\/viale-fantuzzi-alberi-tagliati-1.jpg","type":"image\/jpeg"}],"author":"redazione","twitter_card":"summary_large_image","twitter_creator":"@bellunopress","twitter_site":"@bellunopress","twitter_misc":{"Written by":"redazione","Est. reading time":"2 minutes"},"schema":{"@context":"https:\/\/schema.org","@graph":[{"@type":"Article","@id":"https:\/\/www.bellunopress.it\/2026\/07\/06\/belluno-taglio-alberi-viale-fantuzzi-lettera-al-sindaco-di-denise-casanova-segretaria-generale-cgil-non-e-un-crimine-ma-di-sicuro-una-colpa\/#article","isPartOf":{"@id":"https:\/\/www.bellunopress.it\/2026\/07\/06\/belluno-taglio-alberi-viale-fantuzzi-lettera-al-sindaco-di-denise-casanova-segretaria-generale-cgil-non-e-un-crimine-ma-di-sicuro-una-colpa\/"},"author":{"name":"redazione","@id":"https:\/\/www.bellunopress.it\/#\/schema\/person\/79bb06722b37ece1c03d3e94beb30d73"},"headline":"Belluno, taglio alberi viale Fantuzzi. Lettera al sindaco di Denise Casanova, segretaria generale Cgil: &#8220;Non \u00e8 un crimine, ma di sicuro una colpa&#8221;","datePublished":"2026-07-06T11:26:58+00:00","mainEntityOfPage":{"@id":"https:\/\/www.bellunopress.it\/2026\/07\/06\/belluno-taglio-alberi-viale-fantuzzi-lettera-al-sindaco-di-denise-casanova-segretaria-generale-cgil-non-e-un-crimine-ma-di-sicuro-una-colpa\/"},"wordCount":312,"publisher":{"@id":"https:\/\/www.bellunopress.it\/#organization"},"image":{"@id":"https:\/\/www.bellunopress.it\/2026\/07\/06\/belluno-taglio-alberi-viale-fantuzzi-lettera-al-sindaco-di-denise-casanova-segretaria-generale-cgil-non-e-un-crimine-ma-di-sicuro-una-colpa\/#primaryimage"},"thumbnailUrl":"https:\/\/www.bellunopress.it\/wp-content\/uploads\/2026\/07\/viale-fantuzzi-alberi-tagliati-1.jpg","articleSection":["Cronaca\/Politica","Lettere Opinioni","Prima Pagina"],"inLanguage":"fr-FR"},{"@type":"WebPage","@id":"https:\/\/www.bellunopress.it\/2026\/07\/06\/belluno-taglio-alberi-viale-fantuzzi-lettera-al-sindaco-di-denise-casanova-segretaria-generale-cgil-non-e-un-crimine-ma-di-sicuro-una-colpa\/","url":"https:\/\/www.bellunopress.it\/2026\/07\/06\/belluno-taglio-alberi-viale-fantuzzi-lettera-al-sindaco-di-denise-casanova-segretaria-generale-cgil-non-e-un-crimine-ma-di-sicuro-una-colpa\/","name":"Belluno, taglio alberi viale Fantuzzi. Lettera al sindaco di Denise Casanova, segretaria generale Cgil: \"Non \u00e8 un crimine, ma di sicuro una colpa\" - Bellunopress - Dolomiti","isPartOf":{"@id":"https:\/\/www.bellunopress.it\/#website"},"primaryImageOfPage":{"@id":"https:\/\/www.bellunopress.it\/2026\/07\/06\/belluno-taglio-alberi-viale-fantuzzi-lettera-al-sindaco-di-denise-casanova-segretaria-generale-cgil-non-e-un-crimine-ma-di-sicuro-una-colpa\/#primaryimage"},"image":{"@id":"https:\/\/www.bellunopress.it\/2026\/07\/06\/belluno-taglio-alberi-viale-fantuzzi-lettera-al-sindaco-di-denise-casanova-segretaria-generale-cgil-non-e-un-crimine-ma-di-sicuro-una-colpa\/#primaryimage"},"thumbnailUrl":"https:\/\/www.bellunopress.it\/wp-content\/uploads\/2026\/07\/viale-fantuzzi-alberi-tagliati-1.jpg","datePublished":"2026-07-06T11:26:58+00:00","breadcrumb":{"@id":"https:\/\/www.bellunopress.it\/2026\/07\/06\/belluno-taglio-alberi-viale-fantuzzi-lettera-al-sindaco-di-denise-casanova-segretaria-generale-cgil-non-e-un-crimine-ma-di-sicuro-una-colpa\/#breadcrumb"},"inLanguage":"fr-FR","potentialAction":[{"@type":"ReadAction","target":["https:\/\/www.bellunopress.it\/2026\/07\/06\/belluno-taglio-alberi-viale-fantuzzi-lettera-al-sindaco-di-denise-casanova-segretaria-generale-cgil-non-e-un-crimine-ma-di-sicuro-una-colpa\/"]}]},{"@type":"ImageObject","inLanguage":"fr-FR","@id":"https:\/\/www.bellunopress.it\/2026\/07\/06\/belluno-taglio-alberi-viale-fantuzzi-lettera-al-sindaco-di-denise-casanova-segretaria-generale-cgil-non-e-un-crimine-ma-di-sicuro-una-colpa\/#primaryimage","url":"https:\/\/www.bellunopress.it\/wp-content\/uploads\/2026\/07\/viale-fantuzzi-alberi-tagliati-1.jpg","contentUrl":"https:\/\/www.bellunopress.it\/wp-content\/uploads\/2026\/07\/viale-fantuzzi-alberi-tagliati-1.jpg","width":500,"height":375,"caption":"Belluno, viale Fantuzzi dopo il taglio dei 24 alberi"},{"@type":"BreadcrumbList","@id":"https:\/\/www.bellunopress.it\/2026\/07\/06\/belluno-taglio-alberi-viale-fantuzzi-lettera-al-sindaco-di-denise-casanova-segretaria-generale-cgil-non-e-un-crimine-ma-di-sicuro-una-colpa\/#breadcrumb","itemListElement":[{"@type":"ListItem","position":1,"name":"Home","item":"https:\/\/www.bellunopress.it\/"},{"@type":"ListItem","position":2,"name":"Belluno, taglio alberi viale Fantuzzi. Lettera al sindaco di Denise Casanova, segretaria generale Cgil: &#8220;Non \u00e8 un crimine, ma di sicuro una colpa&#8221;"}]},{"@type":"WebSite","@id":"https:\/\/www.bellunopress.it\/#website","url":"https:\/\/www.bellunopress.it\/","name":"Bellunopress - Dolomiti","description":"e-mail: redazione@bellunopress.it","publisher":{"@id":"https:\/\/www.bellunopress.it\/#organization"},"potentialAction":[{"@type":"SearchAction","target":{"@type":"EntryPoint","urlTemplate":"https:\/\/www.bellunopress.it\/?s={search_term_string}"},"query-input":{"@type":"PropertyValueSpecification","valueRequired":true,"valueName":"search_term_string"}}],"inLanguage":"fr-FR"},{"@type":"Organization","@id":"https:\/\/www.bellunopress.it\/#organization","name":"Bellunopress","url":"https:\/\/www.bellunopress.it\/","logo":{"@type":"ImageObject","inLanguage":"fr-FR","@id":"https:\/\/www.bellunopress.it\/#\/schema\/logo\/image\/","url":"https:\/\/www.bellunopress.it\/wp-content\/uploads\/2011\/05\/cropped-logo-bellunopress-.jpg","contentUrl":"https:\/\/www.bellunopress.it\/wp-content\/uploads\/2011\/05\/cropped-logo-bellunopress-.jpg","width":512,"height":512,"caption":"Bellunopress"},"image":{"@id":"https:\/\/www.bellunopress.it\/#\/schema\/logo\/image\/"},"sameAs":["https:\/\/www.facebook.com\/profile.php?id=100008943462799","https:\/\/x.com\/bellunopress","https:\/\/www.linkedin.com\/hp\/?dnr=JBzUWaJfMUw8vbXJJ2tVW5-I3jZKvC4wsoxE&amp;amp;amp;amp;amp;amp;trk=nav_responsive_tab_home","https:\/\/www.youtube.com\/channel\/UCxL0wu1uN0_3_7hGG0306cw"]},{"@type":"Person","@id":"https:\/\/www.bellunopress.it\/#\/schema\/person\/79bb06722b37ece1c03d3e94beb30d73","name":"r\u00e9daction","image":{"@type":"ImageObject","inLanguage":"fr-FR","@id":"https:\/\/secure.gravatar.com\/avatar\/37d968a2e67a6fd04c169c4bdef102d0bc5d31b2546345219e348575eb80e9a0?s=96&d=mm&r=g","url":"https:\/\/secure.gravatar.com\/avatar\/37d968a2e67a6fd04c169c4bdef102d0bc5d31b2546345219e348575eb80e9a0?s=96&d=mm&r=g","contentUrl":"https:\/\/secure.gravatar.com\/avatar\/37d968a2e67a6fd04c169c4bdef102d0bc5d31b2546345219e348575eb80e9a0?s=96&d=mm&r=g","caption":"redazione"},"sameAs":["http:\/\/www.bellunopress.it","https:\/\/x.com\/bellunopress"],"url":"https:\/\/www.bellunopress.it\/fr\/author\/redazione\/"}]}},"_links":{"self":[{"href":"https:\/\/www.bellunopress.it\/fr\/wp-json\/wp\/v2\/posts\/171715","targetHints":{"allow":["GET"]}}],"collection":[{"href":"https:\/\/www.bellunopress.it\/fr\/wp-json\/wp\/v2\/posts"}],"about":[{"href":"https:\/\/www.bellunopress.it\/fr\/wp-json\/wp\/v2\/types\/post"}],"author":[{"embeddable":true,"href":"https:\/\/www.bellunopress.it\/fr\/wp-json\/wp\/v2\/users\/2"}],"replies":[{"embeddable":true,"href":"https:\/\/www.bellunopress.it\/fr\/wp-json\/wp\/v2\/comments?post=171715"}],"version-history":[{"count":1,"href":"https:\/\/www.bellunopress.it\/fr\/wp-json\/wp\/v2\/posts\/171715\/revisions"}],"predecessor-version":[{"id":171717,"href":"https:\/\/www.bellunopress.it\/fr\/wp-json\/wp\/v2\/posts\/171715\/revisions\/171717"}],"wp:featuredmedia":[{"embeddable":true,"href":"https:\/\/www.bellunopress.it\/fr\/wp-json\/wp\/v2\/media\/171716"}],"wp:attachment":[{"href":"https:\/\/www.bellunopress.it\/fr\/wp-json\/wp\/v2\/media?parent=171715"}],"wp:term":[{"taxonomy":"category","embeddable":true,"href":"https:\/\/www.bellunopress.it\/fr\/wp-json\/wp\/v2\/categories?post=171715"},{"taxonomy":"post_tag","embeddable":true,"href":"https:\/\/www.bellunopress.it\/fr\/wp-json\/wp\/v2\/tags?post=171715"}],"curies":[{"name":"wp","href":"https:\/\/api.w.org\/{rel}","templated":true}]}}