{"id":171707,"date":"2026-07-06T06:59:44","date_gmt":"2026-07-06T04:59:44","guid":{"rendered":"https:\/\/www.bellunopress.it\/?p=171707"},"modified":"2026-07-06T06:59:44","modified_gmt":"2026-07-06T04:59:44","slug":"tennis-fermo-a-falcade-sfuma-anche-la-soluzione-provvisoria-per-lestate-2026","status":"publish","type":"post","link":"https:\/\/www.bellunopress.it\/fr\/2026\/07\/06\/tennis-fermo-a-falcade-sfuma-anche-la-soluzione-provvisoria-per-lestate-2026\/","title":{"rendered":"Tennis fermo a Falcade: sfuma anche la soluzione provvisoria per l\u2019estate 2026"},"content":{"rendered":"<p><em>Falcade, tre anni di attesa e il tennis resta fermo. Il progetto da 190 mila euro non parte e per l\u2019estate 2026 non ci sar\u00e0 alcuna soluzione temporanea<\/em><br \/>\n<em>Dopo oltre tre anni di annunci, un progetto ancora inserito nella programmazione comunale, due finanziamenti del Fondo Comuni Confinanti per complessivi 190 mila euro e una petizione popolare, il principale impianto tennistico della Piana di Falcade continua a rimanere inutilizzabile. L\u2019Amministrazione comunale ha confermato che non verr\u00e0 adottata alcuna<\/em><br \/>\n<em>soluzione provvisoria in attesa della riqualificazione definitiva, che ad oggi non ha ancora una data certa di avvio.<\/em><\/p>\n<p>Falcade, luglio 2026 &#8211; C\u2019\u00e8 una domanda che, con l\u2019inizio della stagione estiva, cittadini e turisti continuano a porsi: quando si torner\u00e0 a giocare a tennis alla Piana di Falcade?<br \/>\nUna domanda semplice, ma che, dopo oltre tre anni, continua a non avere una risposta.<br \/>\nNel frattempo il tempo passa e il campo continua a deteriorarsi.<br \/>\nIl fondo \u00e8 ormai compromesso, con numerose buche e ghiaino che si solleva durante il gioco, rendendo l\u2019impianto di fatto inutilizzabile.<br \/>\nEppure il progetto per rifarlo esiste da anni.<br \/>\nLa riqualificazione dell\u2019area sportiva della Piana, con la sistemazione dei campi da tennis e la realizzazione di un nuovo campo da padel, \u00e8 infatti ancora inserita nella programmazione del Comune di Falcade ed \u00e8 sostenuta da un finanziamento complessivo di 190 mila euro, ottenuto attraverso due annualit\u00e0 del Fondo Comuni Confinanti: 90 mila euro riferiti all\u2019annualit\u00e0 2022 e ulteriori 100 mila euro sull\u2019annualit\u00e0 2024.<\/p>\n<p>Nonostante le risorse previste e gli anni trascorsi, il progetto non \u00e8 ancora arrivato alla fase operativa.<br \/>\nNei mesi scorsi l\u2019Amministrazione comunale aveva comunicato che il nuovo incarico di progettazione sarebbe stato affidato dopo l\u2019approvazione del Rendiconto della gestione 2025. Il Rendiconto \u00e8 stato approvato.<br \/>\nAd oggi, per\u00f2, il nuovo incarico non risulta ancora affidato e non \u00e8 stato comunicato alcun cronoprogramma che consenta ai cittadini di conoscere quando inizieranno concretamente i lavori.<br \/>\nIl risultato \u00e8 sotto gli occhi di tutti.<br \/>\nAnche l\u2019estate 2026 \u00e8 iniziata senza che il principale impianto tennistico della Piana sia utilizzabile.<br \/>\nUna situazione che non si \u00e8 creata improvvisamente.<br \/>\nGi\u00e0 nell\u2019estate dello scorso anno gli allora gestori avevano cercato di mantenere in vita il campo intervenendo direttamente con lavori di manutenzione ordinaria, rattoppando le buche e rimuovendo il muschio.<br \/>\nUno sforzo che aveva consentito di salvare temporaneamente la stagione, ma che oggi non \u00e8 pi\u00f9 sufficiente.<br \/>\nNel settembre 2025 un gruppo di cittadini ha deciso di non restare a guardare, promuovendo una petizione popolare.<br \/>\nL\u2019obiettivo non era bloccare il progetto, ma migliorarlo.<br \/>\nLa richiesta era semplice: mantenere e sistemare gli attuali due campi da tennis e realizzare anche in pi\u00f9 il nuovo campo da padel, evitando che la riqualificazione dell\u2019area sportiva comportasse una riduzione dell\u2019offerta tennistica.<br \/>\nDa quella petizione sono seguiti incontri, richieste formali, confronti con l\u2019Amministrazione comunale e numerosi solleciti.<br \/>\nNel tentativo di evitare che anche l\u2019estate 2026 trascorresse senza un impianto utilizzabile, il promotore della petizione, insieme agli ex gestori del campo, ha inoltre avanzato alcune proposte temporanee. La prima prevedeva la posa di una pavimentazione modulare provvisoria.<\/p>\n<p>Non si sarebbe trattato di un investimento destinato ad essere demolito con l\u2019avvio del cantiere, ma di una struttura rimovibile e riutilizzabile, che avrebbe potuto essere successivamente ricollocata o impiegata per altri impianti sportivi comunali, evitando cos\u00ec che l\u2019investimento andasse perduto.<br \/>\nSuccessivamente \u00e8 stata avanzata anche un\u2019ulteriore proposta: consentire l\u2019utilizzo di almeno uno dei due campi esistenti durante il periodo di attesa del progetto definitivo.<br \/>\nAnche questa ipotesi non ha trovato accoglimento.<br \/>\nNel corso degli ultimi confronti con gli amministratori comunali \u00e8 stato infatti confermato che non verr\u00e0 adottata alcuna soluzione temporanea, ritenendo prioritario concentrare ogni risorsa sul progetto definitivo.<br \/>\nUna scelta che rientra certamente nella discrezionalit\u00e0 dell\u2019Amministrazione.<br \/>\nMa che lascia aperta una domanda fondamentale.<br \/>\nQuando partir\u00e0 realmente quel progetto?<br \/>\nPerch\u00e9 \u00e8 proprio questo il punto.<\/p>\n<p>Se il progetto fosse ormai prossimo all\u2019avvio, probabilmente nessuno chiederebbe interventi provvisori.<br \/>\nMa se il nuovo progettista non \u00e8 ancora stato incaricato, se non esiste una data per la nuova progettazione e se non \u00e8 stato comunicato alcun cronoprogramma dei lavori, il rischio concreto \u00e8 che il campo rimanga inutilizzabile ancora per molto tempo.<br \/>\nUna prospettiva che appare ancora pi\u00f9 difficile da comprendere osservando quanto Falcade abbia investito negli ultimi anni nello sport.<br \/>\nIl Comune ha riqualificato il campo da calcio, oggi sede dei ritiri precampionato di societ\u00e0 professionistiche come Venezia FC e in passato anche Union Clodiense.<br \/>\nIl palazzetto dello sport ospita ormai da anni il ritiro estivo della Reyer Venezia, una delle realt\u00e0 pi\u00f9 importanti della pallacanestro italiana.<br \/>\n\u00c8 previsto inoltre il rifacimento del campo da basket di via Trieste.<br \/>\nGli impianti sciistici rappresentano da tempo un punto di riferimento per numerose nazionali italiane e straniere che scelgono Falcade per allenarsi.<br \/>\nLo sport costituisce uno degli elementi centrali dell\u2019offerta turistica del territorio.<br \/>\nPer questo sorprende che proprio il tennis, disciplina che negli ultimi anni sta vivendo una crescita senza precedenti grazie ai risultati straordinari di Jannik Sinner e dell\u2019intero movimento italiano, sia oggi l\u2019unico settore sportivo locale a vivere una situazione di completo stallo.<\/p>\n<p>Va precisato che nel territorio comunale \u00e8 presente anche un campo in terra rossa nella frazione di Caviola.<br \/>\nSi tratta tuttavia di una struttura diversa, per caratteristiche e collocazione, che non pu\u00f2 sostituire il ruolo svolto dall\u2019impianto della Piana, da sempre punto di riferimento per cittadini, turisti, corsi estivi e manifestazioni sportive.<br \/>\nNegli ultimi anni il tennis aveva infatti conosciuto una crescita significativa anche a Falcade.<br \/>\nI corsi estivi registravano una partecipazione sempre maggiore da parte di bambini, ragazzi, cittadini e turisti.<br \/>\nIl torneo amatoriale Falcade Dolomiti Slam, sostenuto da numerose attivit\u00e0 economiche locali, era diventato un appuntamento sempre pi\u00f9 partecipato, contribuendo a promuovere il territorio e ad animare la stagione estiva.<br \/>\nAnche il mese di giugno appena trascorso ha confermato come la richiesta di tennis sia tutt\u2019altro che diminuita. Numerosi cittadini e turisti hanno continuato a chiedere informazioni sulla possibilit\u00e0 di utilizzare i campi, partecipare ai corsi estivi o semplicemente poter giocare durante il periodo di vacanza. Una domanda concreta che, allo stato attuale, non pu\u00f2 essere<br \/>\nsoddisfatta proprio a causa dell\u2019inutilizzabilit\u00e0 dell\u2019impianto della Piana.<\/p>\n<p>Il promotore della petizione: \u201cIl paradosso \u00e8 evidente\u201d<br \/>\n\u00abIl paradosso \u00e8 evidente\u00bb, commenta Diego Costa, promotore della petizione. \u00abFalcade \u00e8 un Comune che ha sempre creduto nello sport e che negli ultimi anni ha investito in numerosi impianti. Ospita i ritiri precampionato di societ\u00e0 professionistiche come il Venezia FC, accoglie da anni la Reyer Venezia per il ritiro estivo e dispone di impianti sciistici scelti ogni<br \/>\ninverno da numerose nazionali italiane e straniere. Proprio per questo sorprende che il tennis sia oggi l\u2019unica disciplina che si trovi in una situazione di totale stallo.\u00bb<br \/>\n\u00abIn questi mesi abbiamo cercato di avanzare proposte concrete e costruttive. Insieme agli ex gestori abbiamo ipotizzato una soluzione temporanea con una pavimentazione modulare, che avrebbe avuto il vantaggio di essere completamente rimovibile e riutilizzabile anche in futuro, senza rappresentare un investimento destinato ad essere demolito con l\u2019avvio del progetto<br \/>\ndefinitivo. Abbiamo inoltre proposto di valutare l\u2019utilizzo di almeno uno dei campi esistenti durante il periodo di attesa. Purtroppo nessuna di queste ipotesi \u00e8 stata accolta.\u00bb<br \/>\n\u00abNon stiamo chiedendo di rinunciare al progetto definitivo, che riteniamo fondamentale.<br \/>\nChiediamo per\u00f2 che, fino a quando quel progetto non diventer\u00e0 realt\u00e0, non venga completamente abbandonata l\u2019attivit\u00e0 tennistica a Falcade. Negli ultimi anni il tennis stava crescendo anche qui, trainato dall\u2019entusiasmo che questo sport sta vivendo a livello nazionale grazie ai risultati straordinari di Jannik Sinner. I corsi estivi coinvolgevano sempre pi\u00f9 bambini, ragazzi, cittadini e turisti, mentre il Falcade Dolomiti Slam era diventato un appuntamento sempre pi\u00f9 partecipato, sostenuto da numerose attivit\u00e0 del territorio. Anche il mese di giugno appena trascorso ha dimostrato che la richiesta esiste: cittadini e turisti hanno continuato a chiedere quando i campi sarebbero stati disponibili. Oggi il problema non<br \/>\n\u00e8 la mancanza di interesse, ma l\u2019assenza di un impianto utilizzabile.\u00bb<br \/>\n\u00abQuello che chiediamo oggi non \u00e8 un miracolo, ma chiarezza. Se il Comune ritiene corretto non intervenire con alcuna soluzione temporanea perch\u00e9 esiste gi\u00e0 un progetto definitivo, allora \u00e8 giusto che ai cittadini venga indicato un cronoprogramma preciso e verificabile. Dopo oltre tre anni di attesa, sapere quando il tennis torner\u00e0 ad avere un impianto pienamente<br \/>\nfunzionante a Falcade \u00e8 una richiesta legittima.\u00bb<br \/>\nPerch\u00e9 oggi il problema non \u00e8 pi\u00f9 capire se il progetto verr\u00e0 realizzato.<br \/>\nLa domanda che cittadini e turisti continuano a porsi \u00e8 una sola: quando torner\u00e0 ad essere possibile giocare a tennis alla Piana di Falcade?<\/p>","protected":false},"excerpt":{"rendered":"<p>Falcade, tre anni di attesa e il tennis resta fermo. Il progetto da 190 mila euro non parte e per l\u2019estate 2026 non ci sar\u00e0 alcuna soluzione temporanea Dopo oltre tre anni di annunci, un progetto ancora inserito nella programmazione comunale, due finanziamenti del Fondo Comuni Confinanti per complessivi 190 mila euro e una petizione [&hellip;]<\/p>\n","protected":false},"author":2,"featured_media":171708,"comment_status":"closed","ping_status":"open","sticky":false,"template":"","format":"standard","meta":{"footnotes":""},"categories":[5,4],"tags":[],"class_list":["post-171707","post","type-post","status-publish","format-standard","has-post-thumbnail","category-cronaca","category-sport"],"yoast_head":"<!-- This site is optimized with the Yoast SEO plugin v28.4 - https:\/\/yoast.com\/product\/yoast-seo-wordpress\/ -->\n<title>Tennis fermo a Falcade: sfuma anche la soluzione provvisoria per l\u2019estate 2026 - Bellunopress - Dolomiti<\/title>\n<meta name=\"robots\" content=\"index, follow, max-snippet:-1, max-image-preview:large, max-video-preview:-1\" \/>\n<link rel=\"canonical\" href=\"https:\/\/www.bellunopress.it\/fr\/2026\/07\/06\/tennis-fermo-a-falcade-sfuma-anche-la-soluzione-provvisoria-per-lestate-2026\/\" \/>\n<meta property=\"og:locale\" content=\"fr_FR\" \/>\n<meta property=\"og:type\" content=\"article\" \/>\n<meta property=\"og:title\" content=\"Tennis fermo a Falcade: sfuma anche la soluzione provvisoria per l\u2019estate 2026 - Bellunopress - Dolomiti\" \/>\n<meta property=\"og:description\" content=\"Falcade, tre anni di attesa e il tennis resta fermo. Il progetto da 190 mila euro non parte e per l\u2019estate 2026 non ci sar\u00e0 alcuna soluzione temporanea Dopo oltre tre anni di annunci, un progetto ancora inserito nella programmazione comunale, due finanziamenti del Fondo Comuni Confinanti per complessivi 190 mila euro e una petizione [&hellip;]\" \/>\n<meta property=\"og:url\" content=\"https:\/\/www.bellunopress.it\/fr\/2026\/07\/06\/tennis-fermo-a-falcade-sfuma-anche-la-soluzione-provvisoria-per-lestate-2026\/\" \/>\n<meta property=\"og:site_name\" content=\"Bellunopress - Dolomiti\" \/>\n<meta property=\"article:publisher\" content=\"https:\/\/www.facebook.com\/profile.php?id=100008943462799\" \/>\n<meta property=\"article:published_time\" content=\"2026-07-06T04:59:44+00:00\" \/>\n<meta property=\"og:image\" content=\"https:\/\/www.bellunopress.it\/wp-content\/uploads\/2026\/07\/IMG_8tennis-falcade.jpeg\" \/>\n\t<meta property=\"og:image:width\" content=\"589\" \/>\n\t<meta property=\"og:image:height\" content=\"354\" \/>\n\t<meta property=\"og:image:type\" content=\"image\/jpeg\" \/>\n<meta name=\"author\" content=\"redazione\" \/>\n<meta name=\"twitter:card\" content=\"summary_large_image\" \/>\n<meta name=\"twitter:creator\" content=\"@bellunopress\" \/>\n<meta name=\"twitter:site\" content=\"@bellunopress\" \/>\n<meta name=\"twitter:label1\" content=\"\u00c9crit par\" \/>\n\t<meta name=\"twitter:data1\" content=\"redazione\" \/>\n\t<meta name=\"twitter:label2\" content=\"Dur\u00e9e de lecture estim\u00e9e\" \/>\n\t<meta name=\"twitter:data2\" content=\"8 minutes\" \/>\n<script type=\"application\/ld+json\" class=\"yoast-schema-graph\">{\"@context\":\"https:\\\/\\\/schema.org\",\"@graph\":[{\"@type\":\"Article\",\"@id\":\"https:\\\/\\\/www.bellunopress.it\\\/2026\\\/07\\\/06\\\/tennis-fermo-a-falcade-sfuma-anche-la-soluzione-provvisoria-per-lestate-2026\\\/#article\",\"isPartOf\":{\"@id\":\"https:\\\/\\\/www.bellunopress.it\\\/2026\\\/07\\\/06\\\/tennis-fermo-a-falcade-sfuma-anche-la-soluzione-provvisoria-per-lestate-2026\\\/\"},\"author\":{\"name\":\"redazione\",\"@id\":\"https:\\\/\\\/www.bellunopress.it\\\/#\\\/schema\\\/person\\\/79bb06722b37ece1c03d3e94beb30d73\"},\"headline\":\"Tennis fermo a Falcade: sfuma anche la soluzione provvisoria per l\u2019estate 2026\",\"datePublished\":\"2026-07-06T04:59:44+00:00\",\"mainEntityOfPage\":{\"@id\":\"https:\\\/\\\/www.bellunopress.it\\\/2026\\\/07\\\/06\\\/tennis-fermo-a-falcade-sfuma-anche-la-soluzione-provvisoria-per-lestate-2026\\\/\"},\"wordCount\":1418,\"publisher\":{\"@id\":\"https:\\\/\\\/www.bellunopress.it\\\/#organization\"},\"image\":{\"@id\":\"https:\\\/\\\/www.bellunopress.it\\\/2026\\\/07\\\/06\\\/tennis-fermo-a-falcade-sfuma-anche-la-soluzione-provvisoria-per-lestate-2026\\\/#primaryimage\"},\"thumbnailUrl\":\"https:\\\/\\\/www.bellunopress.it\\\/wp-content\\\/uploads\\\/2026\\\/07\\\/IMG_8tennis-falcade.jpeg\",\"articleSection\":[\"Cronaca\\\/Politica\",\"Sport, tempo libero\"],\"inLanguage\":\"fr-FR\"},{\"@type\":\"WebPage\",\"@id\":\"https:\\\/\\\/www.bellunopress.it\\\/2026\\\/07\\\/06\\\/tennis-fermo-a-falcade-sfuma-anche-la-soluzione-provvisoria-per-lestate-2026\\\/\",\"url\":\"https:\\\/\\\/www.bellunopress.it\\\/2026\\\/07\\\/06\\\/tennis-fermo-a-falcade-sfuma-anche-la-soluzione-provvisoria-per-lestate-2026\\\/\",\"name\":\"Tennis fermo a Falcade: sfuma anche la soluzione provvisoria per l\u2019estate 2026 - Bellunopress - Dolomiti\",\"isPartOf\":{\"@id\":\"https:\\\/\\\/www.bellunopress.it\\\/#website\"},\"primaryImageOfPage\":{\"@id\":\"https:\\\/\\\/www.bellunopress.it\\\/2026\\\/07\\\/06\\\/tennis-fermo-a-falcade-sfuma-anche-la-soluzione-provvisoria-per-lestate-2026\\\/#primaryimage\"},\"image\":{\"@id\":\"https:\\\/\\\/www.bellunopress.it\\\/2026\\\/07\\\/06\\\/tennis-fermo-a-falcade-sfuma-anche-la-soluzione-provvisoria-per-lestate-2026\\\/#primaryimage\"},\"thumbnailUrl\":\"https:\\\/\\\/www.bellunopress.it\\\/wp-content\\\/uploads\\\/2026\\\/07\\\/IMG_8tennis-falcade.jpeg\",\"datePublished\":\"2026-07-06T04:59:44+00:00\",\"breadcrumb\":{\"@id\":\"https:\\\/\\\/www.bellunopress.it\\\/2026\\\/07\\\/06\\\/tennis-fermo-a-falcade-sfuma-anche-la-soluzione-provvisoria-per-lestate-2026\\\/#breadcrumb\"},\"inLanguage\":\"fr-FR\",\"potentialAction\":[{\"@type\":\"ReadAction\",\"target\":[\"https:\\\/\\\/www.bellunopress.it\\\/2026\\\/07\\\/06\\\/tennis-fermo-a-falcade-sfuma-anche-la-soluzione-provvisoria-per-lestate-2026\\\/\"]}]},{\"@type\":\"ImageObject\",\"inLanguage\":\"fr-FR\",\"@id\":\"https:\\\/\\\/www.bellunopress.it\\\/2026\\\/07\\\/06\\\/tennis-fermo-a-falcade-sfuma-anche-la-soluzione-provvisoria-per-lestate-2026\\\/#primaryimage\",\"url\":\"https:\\\/\\\/www.bellunopress.it\\\/wp-content\\\/uploads\\\/2026\\\/07\\\/IMG_8tennis-falcade.jpeg\",\"contentUrl\":\"https:\\\/\\\/www.bellunopress.it\\\/wp-content\\\/uploads\\\/2026\\\/07\\\/IMG_8tennis-falcade.jpeg\",\"width\":589,\"height\":354},{\"@type\":\"BreadcrumbList\",\"@id\":\"https:\\\/\\\/www.bellunopress.it\\\/2026\\\/07\\\/06\\\/tennis-fermo-a-falcade-sfuma-anche-la-soluzione-provvisoria-per-lestate-2026\\\/#breadcrumb\",\"itemListElement\":[{\"@type\":\"ListItem\",\"position\":1,\"name\":\"Home\",\"item\":\"https:\\\/\\\/www.bellunopress.it\\\/\"},{\"@type\":\"ListItem\",\"position\":2,\"name\":\"Tennis fermo a Falcade: sfuma anche la soluzione provvisoria per l\u2019estate 2026\"}]},{\"@type\":\"WebSite\",\"@id\":\"https:\\\/\\\/www.bellunopress.it\\\/#website\",\"url\":\"https:\\\/\\\/www.bellunopress.it\\\/\",\"name\":\"Bellunopress - Dolomiti\",\"description\":\"e-mail: redazione@bellunopress.it\",\"publisher\":{\"@id\":\"https:\\\/\\\/www.bellunopress.it\\\/#organization\"},\"potentialAction\":[{\"@type\":\"SearchAction\",\"target\":{\"@type\":\"EntryPoint\",\"urlTemplate\":\"https:\\\/\\\/www.bellunopress.it\\\/?s={search_term_string}\"},\"query-input\":{\"@type\":\"PropertyValueSpecification\",\"valueRequired\":true,\"valueName\":\"search_term_string\"}}],\"inLanguage\":\"fr-FR\"},{\"@type\":\"Organization\",\"@id\":\"https:\\\/\\\/www.bellunopress.it\\\/#organization\",\"name\":\"Bellunopress\",\"url\":\"https:\\\/\\\/www.bellunopress.it\\\/\",\"logo\":{\"@type\":\"ImageObject\",\"inLanguage\":\"fr-FR\",\"@id\":\"https:\\\/\\\/www.bellunopress.it\\\/#\\\/schema\\\/logo\\\/image\\\/\",\"url\":\"https:\\\/\\\/www.bellunopress.it\\\/wp-content\\\/uploads\\\/2011\\\/05\\\/cropped-logo-bellunopress-.jpg\",\"contentUrl\":\"https:\\\/\\\/www.bellunopress.it\\\/wp-content\\\/uploads\\\/2011\\\/05\\\/cropped-logo-bellunopress-.jpg\",\"width\":512,\"height\":512,\"caption\":\"Bellunopress\"},\"image\":{\"@id\":\"https:\\\/\\\/www.bellunopress.it\\\/#\\\/schema\\\/logo\\\/image\\\/\"},\"sameAs\":[\"https:\\\/\\\/www.facebook.com\\\/profile.php?id=100008943462799\",\"https:\\\/\\\/x.com\\\/bellunopress\",\"https:\\\/\\\/www.linkedin.com\\\/hp\\\/?dnr=JBzUWaJfMUw8vbXJJ2tVW5-I3jZKvC4wsoxE&amp;amp;amp;amp;amp;amp;trk=nav_responsive_tab_home\",\"https:\\\/\\\/www.youtube.com\\\/channel\\\/UCxL0wu1uN0_3_7hGG0306cw\"]},{\"@type\":\"Person\",\"@id\":\"https:\\\/\\\/www.bellunopress.it\\\/#\\\/schema\\\/person\\\/79bb06722b37ece1c03d3e94beb30d73\",\"name\":\"redazione\",\"image\":{\"@type\":\"ImageObject\",\"inLanguage\":\"fr-FR\",\"@id\":\"https:\\\/\\\/secure.gravatar.com\\\/avatar\\\/37d968a2e67a6fd04c169c4bdef102d0bc5d31b2546345219e348575eb80e9a0?s=96&d=mm&r=g\",\"url\":\"https:\\\/\\\/secure.gravatar.com\\\/avatar\\\/37d968a2e67a6fd04c169c4bdef102d0bc5d31b2546345219e348575eb80e9a0?s=96&d=mm&r=g\",\"contentUrl\":\"https:\\\/\\\/secure.gravatar.com\\\/avatar\\\/37d968a2e67a6fd04c169c4bdef102d0bc5d31b2546345219e348575eb80e9a0?s=96&d=mm&r=g\",\"caption\":\"redazione\"},\"sameAs\":[\"http:\\\/\\\/www.bellunopress.it\",\"https:\\\/\\\/x.com\\\/bellunopress\"],\"url\":\"https:\\\/\\\/www.bellunopress.it\\\/fr\\\/author\\\/redazione\\\/\"}]}<\/script>\n<!-- \/ Yoast SEO plugin. -->","yoast_head_json":{"title":"Tennis fermo a Falcade: sfuma anche la soluzione provvisoria per l\u2019estate 2026 - Bellunopress - Dolomiti","robots":{"index":"index","follow":"follow","max-snippet":"max-snippet:-1","max-image-preview":"max-image-preview:large","max-video-preview":"max-video-preview:-1"},"canonical":"https:\/\/www.bellunopress.it\/fr\/2026\/07\/06\/tennis-fermo-a-falcade-sfuma-anche-la-soluzione-provvisoria-per-lestate-2026\/","og_locale":"fr_FR","og_type":"article","og_title":"Tennis fermo a Falcade: sfuma anche la soluzione provvisoria per l\u2019estate 2026 - Bellunopress - Dolomiti","og_description":"Falcade, tre anni di attesa e il tennis resta fermo. Il progetto da 190 mila euro non parte e per l\u2019estate 2026 non ci sar\u00e0 alcuna soluzione temporanea Dopo oltre tre anni di annunci, un progetto ancora inserito nella programmazione comunale, due finanziamenti del Fondo Comuni Confinanti per complessivi 190 mila euro e una petizione [&hellip;]","og_url":"https:\/\/www.bellunopress.it\/fr\/2026\/07\/06\/tennis-fermo-a-falcade-sfuma-anche-la-soluzione-provvisoria-per-lestate-2026\/","og_site_name":"Bellunopress - Dolomiti","article_publisher":"https:\/\/www.facebook.com\/profile.php?id=100008943462799","article_published_time":"2026-07-06T04:59:44+00:00","og_image":[{"width":589,"height":354,"url":"https:\/\/www.bellunopress.it\/wp-content\/uploads\/2026\/07\/IMG_8tennis-falcade.jpeg","type":"image\/jpeg"}],"author":"redazione","twitter_card":"summary_large_image","twitter_creator":"@bellunopress","twitter_site":"@bellunopress","twitter_misc":{"\u00c9crit par":"redazione","Dur\u00e9e de lecture estim\u00e9e":"8 minutes"},"schema":{"@context":"https:\/\/schema.org","@graph":[{"@type":"Article","@id":"https:\/\/www.bellunopress.it\/2026\/07\/06\/tennis-fermo-a-falcade-sfuma-anche-la-soluzione-provvisoria-per-lestate-2026\/#article","isPartOf":{"@id":"https:\/\/www.bellunopress.it\/2026\/07\/06\/tennis-fermo-a-falcade-sfuma-anche-la-soluzione-provvisoria-per-lestate-2026\/"},"author":{"name":"redazione","@id":"https:\/\/www.bellunopress.it\/#\/schema\/person\/79bb06722b37ece1c03d3e94beb30d73"},"headline":"Tennis fermo a Falcade: sfuma anche la soluzione provvisoria per l\u2019estate 2026","datePublished":"2026-07-06T04:59:44+00:00","mainEntityOfPage":{"@id":"https:\/\/www.bellunopress.it\/2026\/07\/06\/tennis-fermo-a-falcade-sfuma-anche-la-soluzione-provvisoria-per-lestate-2026\/"},"wordCount":1418,"publisher":{"@id":"https:\/\/www.bellunopress.it\/#organization"},"image":{"@id":"https:\/\/www.bellunopress.it\/2026\/07\/06\/tennis-fermo-a-falcade-sfuma-anche-la-soluzione-provvisoria-per-lestate-2026\/#primaryimage"},"thumbnailUrl":"https:\/\/www.bellunopress.it\/wp-content\/uploads\/2026\/07\/IMG_8tennis-falcade.jpeg","articleSection":["Cronaca\/Politica","Sport, tempo libero"],"inLanguage":"fr-FR"},{"@type":"WebPage","@id":"https:\/\/www.bellunopress.it\/2026\/07\/06\/tennis-fermo-a-falcade-sfuma-anche-la-soluzione-provvisoria-per-lestate-2026\/","url":"https:\/\/www.bellunopress.it\/2026\/07\/06\/tennis-fermo-a-falcade-sfuma-anche-la-soluzione-provvisoria-per-lestate-2026\/","name":"Tennis fermo a Falcade: sfuma anche la soluzione provvisoria per l\u2019estate 2026 - Bellunopress - Dolomiti","isPartOf":{"@id":"https:\/\/www.bellunopress.it\/#website"},"primaryImageOfPage":{"@id":"https:\/\/www.bellunopress.it\/2026\/07\/06\/tennis-fermo-a-falcade-sfuma-anche-la-soluzione-provvisoria-per-lestate-2026\/#primaryimage"},"image":{"@id":"https:\/\/www.bellunopress.it\/2026\/07\/06\/tennis-fermo-a-falcade-sfuma-anche-la-soluzione-provvisoria-per-lestate-2026\/#primaryimage"},"thumbnailUrl":"https:\/\/www.bellunopress.it\/wp-content\/uploads\/2026\/07\/IMG_8tennis-falcade.jpeg","datePublished":"2026-07-06T04:59:44+00:00","breadcrumb":{"@id":"https:\/\/www.bellunopress.it\/2026\/07\/06\/tennis-fermo-a-falcade-sfuma-anche-la-soluzione-provvisoria-per-lestate-2026\/#breadcrumb"},"inLanguage":"fr-FR","potentialAction":[{"@type":"ReadAction","target":["https:\/\/www.bellunopress.it\/2026\/07\/06\/tennis-fermo-a-falcade-sfuma-anche-la-soluzione-provvisoria-per-lestate-2026\/"]}]},{"@type":"ImageObject","inLanguage":"fr-FR","@id":"https:\/\/www.bellunopress.it\/2026\/07\/06\/tennis-fermo-a-falcade-sfuma-anche-la-soluzione-provvisoria-per-lestate-2026\/#primaryimage","url":"https:\/\/www.bellunopress.it\/wp-content\/uploads\/2026\/07\/IMG_8tennis-falcade.jpeg","contentUrl":"https:\/\/www.bellunopress.it\/wp-content\/uploads\/2026\/07\/IMG_8tennis-falcade.jpeg","width":589,"height":354},{"@type":"BreadcrumbList","@id":"https:\/\/www.bellunopress.it\/2026\/07\/06\/tennis-fermo-a-falcade-sfuma-anche-la-soluzione-provvisoria-per-lestate-2026\/#breadcrumb","itemListElement":[{"@type":"ListItem","position":1,"name":"Home","item":"https:\/\/www.bellunopress.it\/"},{"@type":"ListItem","position":2,"name":"Tennis fermo a Falcade: sfuma anche la soluzione provvisoria per l\u2019estate 2026"}]},{"@type":"WebSite","@id":"https:\/\/www.bellunopress.it\/#website","url":"https:\/\/www.bellunopress.it\/","name":"Bellunopress - Dolomiti","description":"e-mail: redazione@bellunopress.it","publisher":{"@id":"https:\/\/www.bellunopress.it\/#organization"},"potentialAction":[{"@type":"SearchAction","target":{"@type":"EntryPoint","urlTemplate":"https:\/\/www.bellunopress.it\/?s={search_term_string}"},"query-input":{"@type":"PropertyValueSpecification","valueRequired":true,"valueName":"search_term_string"}}],"inLanguage":"fr-FR"},{"@type":"Organization","@id":"https:\/\/www.bellunopress.it\/#organization","name":"Bellunopress","url":"https:\/\/www.bellunopress.it\/","logo":{"@type":"ImageObject","inLanguage":"fr-FR","@id":"https:\/\/www.bellunopress.it\/#\/schema\/logo\/image\/","url":"https:\/\/www.bellunopress.it\/wp-content\/uploads\/2011\/05\/cropped-logo-bellunopress-.jpg","contentUrl":"https:\/\/www.bellunopress.it\/wp-content\/uploads\/2011\/05\/cropped-logo-bellunopress-.jpg","width":512,"height":512,"caption":"Bellunopress"},"image":{"@id":"https:\/\/www.bellunopress.it\/#\/schema\/logo\/image\/"},"sameAs":["https:\/\/www.facebook.com\/profile.php?id=100008943462799","https:\/\/x.com\/bellunopress","https:\/\/www.linkedin.com\/hp\/?dnr=JBzUWaJfMUw8vbXJJ2tVW5-I3jZKvC4wsoxE&amp;amp;amp;amp;amp;amp;trk=nav_responsive_tab_home","https:\/\/www.youtube.com\/channel\/UCxL0wu1uN0_3_7hGG0306cw"]},{"@type":"Person","@id":"https:\/\/www.bellunopress.it\/#\/schema\/person\/79bb06722b37ece1c03d3e94beb30d73","name":"r\u00e9daction","image":{"@type":"ImageObject","inLanguage":"fr-FR","@id":"https:\/\/secure.gravatar.com\/avatar\/37d968a2e67a6fd04c169c4bdef102d0bc5d31b2546345219e348575eb80e9a0?s=96&d=mm&r=g","url":"https:\/\/secure.gravatar.com\/avatar\/37d968a2e67a6fd04c169c4bdef102d0bc5d31b2546345219e348575eb80e9a0?s=96&d=mm&r=g","contentUrl":"https:\/\/secure.gravatar.com\/avatar\/37d968a2e67a6fd04c169c4bdef102d0bc5d31b2546345219e348575eb80e9a0?s=96&d=mm&r=g","caption":"redazione"},"sameAs":["http:\/\/www.bellunopress.it","https:\/\/x.com\/bellunopress"],"url":"https:\/\/www.bellunopress.it\/fr\/author\/redazione\/"}]}},"_links":{"self":[{"href":"https:\/\/www.bellunopress.it\/fr\/wp-json\/wp\/v2\/posts\/171707","targetHints":{"allow":["GET"]}}],"collection":[{"href":"https:\/\/www.bellunopress.it\/fr\/wp-json\/wp\/v2\/posts"}],"about":[{"href":"https:\/\/www.bellunopress.it\/fr\/wp-json\/wp\/v2\/types\/post"}],"author":[{"embeddable":true,"href":"https:\/\/www.bellunopress.it\/fr\/wp-json\/wp\/v2\/users\/2"}],"replies":[{"embeddable":true,"href":"https:\/\/www.bellunopress.it\/fr\/wp-json\/wp\/v2\/comments?post=171707"}],"version-history":[{"count":1,"href":"https:\/\/www.bellunopress.it\/fr\/wp-json\/wp\/v2\/posts\/171707\/revisions"}],"predecessor-version":[{"id":171709,"href":"https:\/\/www.bellunopress.it\/fr\/wp-json\/wp\/v2\/posts\/171707\/revisions\/171709"}],"wp:featuredmedia":[{"embeddable":true,"href":"https:\/\/www.bellunopress.it\/fr\/wp-json\/wp\/v2\/media\/171708"}],"wp:attachment":[{"href":"https:\/\/www.bellunopress.it\/fr\/wp-json\/wp\/v2\/media?parent=171707"}],"wp:term":[{"taxonomy":"category","embeddable":true,"href":"https:\/\/www.bellunopress.it\/fr\/wp-json\/wp\/v2\/categories?post=171707"},{"taxonomy":"post_tag","embeddable":true,"href":"https:\/\/www.bellunopress.it\/fr\/wp-json\/wp\/v2\/tags?post=171707"}],"curies":[{"name":"wp","href":"https:\/\/api.w.org\/{rel}","templated":true}]}}