{"id":171705,"date":"2026-07-06T06:31:40","date_gmt":"2026-07-06T04:31:40","guid":{"rendered":"https:\/\/www.bellunopress.it\/?p=171705"},"modified":"2026-07-06T06:31:40","modified_gmt":"2026-07-06T04:31:40","slug":"belluno-come-risolvere-il-nodo-di-via-feltre-e-il-passaggio-a-livello-di-san-gervasio","status":"publish","type":"post","link":"https:\/\/www.bellunopress.it\/fr\/2026\/07\/06\/belluno-come-risolvere-il-nodo-di-via-feltre-e-il-passaggio-a-livello-di-san-gervasio\/","title":{"rendered":"Belluno, come risolvere il nodo di via Feltre e il passaggio a livello di San Gervasio?"},"content":{"rendered":"<p>Caro sindaco,<\/p>\n<p>tempo fa ho descritto Belluno come la citt\u00e0 del no, in quanto quasi tutte le decisioni assunte ultimamente dalla Giunta municipale hanno ricevuto analisi negative da parte di gruppi consistenti della popolazione.<br \/>\nPurtroppo constato che da parte sua la Giunta non mette in atto quanto aveva stabilito con delibere adottate e messe agli atti con tutti crismi dell\u2019ufficialit\u00e0, dopo un iter scrupoloso.<\/p>\n<p>Mi riferisco all\u2019adozione del Pums e del Pgtu in data 20 febbraio 2025, con formale delibera di GC n. 36 pubblicata il 27 febbraio 2025.<br \/>\nInfatti i documenti sono rimasti a disposizione dei cittadini per 60 giorni dalla pubblicazione, con scadenza di presentazione di eventuali osservazioni scritte fissata al 29 aprile seguente.<br \/>\nNon mi risulta siano state eserciate tali opzioni nel tempo consentito dalla legge, se non una osservazione della Fiab Belluno, ma datata 11 settembre 2025, quindi abbondantemente fuori tempo.<\/p>\n<p>Le chiedo quindi a cosa sia dovuta questa \u201cinerzia\u201d nell\u2019adottare il Piano, che, ricordo, \u00e8 stato redatto sulla scorta di numerosi incontri aperti agli \u201cstake holders\u201d (inglesismo fastidioso per sostituire \u201ci diretti interessati\u201d) cui aveva partecipato pure il sottoscritto, con l\u2018intervento di due aziende qualificate, che vantano tra l\u2019altro la redazione di piani analoghi in citt\u00e0 ben pi\u00f9 problematiche, come, ad esempio, Bologna: Redas Engineering e Net Mobility, con un costo se non erro di circa 90.000 \u20ac.<br \/>\nDomando come sia possibile che a distanza di ben oltre un anno non sia stato dato il via ad alcuna sperimentazione che era stata promessa e programmata.<\/p>\n<p>Mi riferisco in particolare alla risoluzione del problema decennale del nodo \u201cgorgiano\u201d via Feltre, passaggio a livello di San Gervasio, viale Europa. Zona che sostiene il traffico giornaliero di oltre 20.000 veicoli.<br \/>\nIl Pums prevede espressamente la chiusura del passaggio a livello, che nei decenni ha creato code immense in entrata e uscita del passaggio, con incidenti vari, di cui alcuni mortali. Le Ferrovie da decenni sono d\u2019accordo nella chiusura dello stesso.<br \/>\nIn tale zona, tra l\u2019altro, \u00e8 prevista la realizzazione di una pista ciclabile, secondo le moderne politiche di viabilit\u00e0 alternativa.<br \/>\nIn attesa di riscontro, pronto a giustificare nei dettagli le mie affermazioni, saluto cordialmente<\/p>\n<p>Tomaso Pettazzi<\/p>","protected":false},"excerpt":{"rendered":"<p>Caro sindaco, tempo fa ho descritto Belluno come la citt\u00e0 del no, in quanto quasi tutte le decisioni assunte ultimamente dalla Giunta municipale hanno ricevuto analisi negative da parte di gruppi consistenti della popolazione. Purtroppo constato che da parte sua la Giunta non mette in atto quanto aveva stabilito con delibere adottate e messe agli [&hellip;]<\/p>\n","protected":false},"author":2,"featured_media":123649,"comment_status":"closed","ping_status":"open","sticky":false,"template":"","format":"standard","meta":{"footnotes":""},"categories":[1],"tags":[],"class_list":["post-171705","post","type-post","status-publish","format-standard","has-post-thumbnail","category-leo"],"yoast_head":"<!-- This site is optimized with the Yoast SEO plugin v28.4 - https:\/\/yoast.com\/product\/yoast-seo-wordpress\/ -->\n<title>Belluno, come risolvere il nodo di via Feltre e il passaggio a livello di San Gervasio? - Bellunopress - Dolomiti<\/title>\n<meta name=\"robots\" content=\"index, follow, max-snippet:-1, max-image-preview:large, max-video-preview:-1\" \/>\n<link rel=\"canonical\" href=\"https:\/\/www.bellunopress.it\/fr\/2026\/07\/06\/belluno-come-risolvere-il-nodo-di-via-feltre-e-il-passaggio-a-livello-di-san-gervasio\/\" \/>\n<meta property=\"og:locale\" content=\"fr_FR\" \/>\n<meta property=\"og:type\" content=\"article\" \/>\n<meta property=\"og:title\" content=\"Belluno, come risolvere il nodo di via Feltre e il passaggio a livello di San Gervasio? - Bellunopress - Dolomiti\" \/>\n<meta property=\"og:description\" content=\"Caro sindaco, tempo fa ho descritto Belluno come la citt\u00e0 del no, in quanto quasi tutte le decisioni assunte ultimamente dalla Giunta municipale hanno ricevuto analisi negative da parte di gruppi consistenti della popolazione. Purtroppo constato che da parte sua la Giunta non mette in atto quanto aveva stabilito con delibere adottate e messe agli [&hellip;]\" \/>\n<meta property=\"og:url\" content=\"https:\/\/www.bellunopress.it\/fr\/2026\/07\/06\/belluno-come-risolvere-il-nodo-di-via-feltre-e-il-passaggio-a-livello-di-san-gervasio\/\" \/>\n<meta property=\"og:site_name\" content=\"Bellunopress - Dolomiti\" \/>\n<meta property=\"article:publisher\" content=\"https:\/\/www.facebook.com\/profile.php?id=100008943462799\" \/>\n<meta property=\"article:published_time\" content=\"2026-07-06T04:31:40+00:00\" \/>\n<meta property=\"og:image\" content=\"https:\/\/www.bellunopress.it\/wp-content\/uploads\/2021\/04\/lettera-mail_edited.jpg\" \/>\n\t<meta property=\"og:image:width\" content=\"962\" \/>\n\t<meta property=\"og:image:height\" content=\"1000\" \/>\n\t<meta property=\"og:image:type\" content=\"image\/jpeg\" \/>\n<meta name=\"author\" content=\"redazione\" \/>\n<meta name=\"twitter:card\" content=\"summary_large_image\" \/>\n<meta name=\"twitter:creator\" content=\"@bellunopress\" \/>\n<meta name=\"twitter:site\" content=\"@bellunopress\" \/>\n<meta name=\"twitter:label1\" content=\"\u00c9crit par\" \/>\n\t<meta name=\"twitter:data1\" content=\"redazione\" \/>\n\t<meta name=\"twitter:label2\" content=\"Dur\u00e9e de lecture estim\u00e9e\" \/>\n\t<meta name=\"twitter:data2\" content=\"3 minutes\" \/>\n<script type=\"application\/ld+json\" class=\"yoast-schema-graph\">{\"@context\":\"https:\\\/\\\/schema.org\",\"@graph\":[{\"@type\":\"Article\",\"@id\":\"https:\\\/\\\/www.bellunopress.it\\\/2026\\\/07\\\/06\\\/belluno-come-risolvere-il-nodo-di-via-feltre-e-il-passaggio-a-livello-di-san-gervasio\\\/#article\",\"isPartOf\":{\"@id\":\"https:\\\/\\\/www.bellunopress.it\\\/2026\\\/07\\\/06\\\/belluno-come-risolvere-il-nodo-di-via-feltre-e-il-passaggio-a-livello-di-san-gervasio\\\/\"},\"author\":{\"name\":\"redazione\",\"@id\":\"https:\\\/\\\/www.bellunopress.it\\\/#\\\/schema\\\/person\\\/79bb06722b37ece1c03d3e94beb30d73\"},\"headline\":\"Belluno, come risolvere il nodo di via Feltre e il passaggio a livello di San Gervasio?\",\"datePublished\":\"2026-07-06T04:31:40+00:00\",\"mainEntityOfPage\":{\"@id\":\"https:\\\/\\\/www.bellunopress.it\\\/2026\\\/07\\\/06\\\/belluno-come-risolvere-il-nodo-di-via-feltre-e-il-passaggio-a-livello-di-san-gervasio\\\/\"},\"wordCount\":367,\"publisher\":{\"@id\":\"https:\\\/\\\/www.bellunopress.it\\\/#organization\"},\"image\":{\"@id\":\"https:\\\/\\\/www.bellunopress.it\\\/2026\\\/07\\\/06\\\/belluno-come-risolvere-il-nodo-di-via-feltre-e-il-passaggio-a-livello-di-san-gervasio\\\/#primaryimage\"},\"thumbnailUrl\":\"https:\\\/\\\/www.bellunopress.it\\\/wp-content\\\/uploads\\\/2021\\\/04\\\/lettera-mail_edited.jpg\",\"articleSection\":[\"Lettere Opinioni\"],\"inLanguage\":\"fr-FR\"},{\"@type\":\"WebPage\",\"@id\":\"https:\\\/\\\/www.bellunopress.it\\\/2026\\\/07\\\/06\\\/belluno-come-risolvere-il-nodo-di-via-feltre-e-il-passaggio-a-livello-di-san-gervasio\\\/\",\"url\":\"https:\\\/\\\/www.bellunopress.it\\\/2026\\\/07\\\/06\\\/belluno-come-risolvere-il-nodo-di-via-feltre-e-il-passaggio-a-livello-di-san-gervasio\\\/\",\"name\":\"Belluno, come risolvere il nodo di via Feltre e il passaggio a livello di San Gervasio? - Bellunopress - Dolomiti\",\"isPartOf\":{\"@id\":\"https:\\\/\\\/www.bellunopress.it\\\/#website\"},\"primaryImageOfPage\":{\"@id\":\"https:\\\/\\\/www.bellunopress.it\\\/2026\\\/07\\\/06\\\/belluno-come-risolvere-il-nodo-di-via-feltre-e-il-passaggio-a-livello-di-san-gervasio\\\/#primaryimage\"},\"image\":{\"@id\":\"https:\\\/\\\/www.bellunopress.it\\\/2026\\\/07\\\/06\\\/belluno-come-risolvere-il-nodo-di-via-feltre-e-il-passaggio-a-livello-di-san-gervasio\\\/#primaryimage\"},\"thumbnailUrl\":\"https:\\\/\\\/www.bellunopress.it\\\/wp-content\\\/uploads\\\/2021\\\/04\\\/lettera-mail_edited.jpg\",\"datePublished\":\"2026-07-06T04:31:40+00:00\",\"breadcrumb\":{\"@id\":\"https:\\\/\\\/www.bellunopress.it\\\/2026\\\/07\\\/06\\\/belluno-come-risolvere-il-nodo-di-via-feltre-e-il-passaggio-a-livello-di-san-gervasio\\\/#breadcrumb\"},\"inLanguage\":\"fr-FR\",\"potentialAction\":[{\"@type\":\"ReadAction\",\"target\":[\"https:\\\/\\\/www.bellunopress.it\\\/2026\\\/07\\\/06\\\/belluno-come-risolvere-il-nodo-di-via-feltre-e-il-passaggio-a-livello-di-san-gervasio\\\/\"]}]},{\"@type\":\"ImageObject\",\"inLanguage\":\"fr-FR\",\"@id\":\"https:\\\/\\\/www.bellunopress.it\\\/2026\\\/07\\\/06\\\/belluno-come-risolvere-il-nodo-di-via-feltre-e-il-passaggio-a-livello-di-san-gervasio\\\/#primaryimage\",\"url\":\"https:\\\/\\\/www.bellunopress.it\\\/wp-content\\\/uploads\\\/2021\\\/04\\\/lettera-mail_edited.jpg\",\"contentUrl\":\"https:\\\/\\\/www.bellunopress.it\\\/wp-content\\\/uploads\\\/2021\\\/04\\\/lettera-mail_edited.jpg\",\"width\":962,\"height\":1000},{\"@type\":\"BreadcrumbList\",\"@id\":\"https:\\\/\\\/www.bellunopress.it\\\/2026\\\/07\\\/06\\\/belluno-come-risolvere-il-nodo-di-via-feltre-e-il-passaggio-a-livello-di-san-gervasio\\\/#breadcrumb\",\"itemListElement\":[{\"@type\":\"ListItem\",\"position\":1,\"name\":\"Home\",\"item\":\"https:\\\/\\\/www.bellunopress.it\\\/\"},{\"@type\":\"ListItem\",\"position\":2,\"name\":\"Belluno, come risolvere il nodo di via Feltre e il passaggio a livello di San Gervasio?\"}]},{\"@type\":\"WebSite\",\"@id\":\"https:\\\/\\\/www.bellunopress.it\\\/#website\",\"url\":\"https:\\\/\\\/www.bellunopress.it\\\/\",\"name\":\"Bellunopress - Dolomiti\",\"description\":\"e-mail: redazione@bellunopress.it\",\"publisher\":{\"@id\":\"https:\\\/\\\/www.bellunopress.it\\\/#organization\"},\"potentialAction\":[{\"@type\":\"SearchAction\",\"target\":{\"@type\":\"EntryPoint\",\"urlTemplate\":\"https:\\\/\\\/www.bellunopress.it\\\/?s={search_term_string}\"},\"query-input\":{\"@type\":\"PropertyValueSpecification\",\"valueRequired\":true,\"valueName\":\"search_term_string\"}}],\"inLanguage\":\"fr-FR\"},{\"@type\":\"Organization\",\"@id\":\"https:\\\/\\\/www.bellunopress.it\\\/#organization\",\"name\":\"Bellunopress\",\"url\":\"https:\\\/\\\/www.bellunopress.it\\\/\",\"logo\":{\"@type\":\"ImageObject\",\"inLanguage\":\"fr-FR\",\"@id\":\"https:\\\/\\\/www.bellunopress.it\\\/#\\\/schema\\\/logo\\\/image\\\/\",\"url\":\"https:\\\/\\\/www.bellunopress.it\\\/wp-content\\\/uploads\\\/2011\\\/05\\\/cropped-logo-bellunopress-.jpg\",\"contentUrl\":\"https:\\\/\\\/www.bellunopress.it\\\/wp-content\\\/uploads\\\/2011\\\/05\\\/cropped-logo-bellunopress-.jpg\",\"width\":512,\"height\":512,\"caption\":\"Bellunopress\"},\"image\":{\"@id\":\"https:\\\/\\\/www.bellunopress.it\\\/#\\\/schema\\\/logo\\\/image\\\/\"},\"sameAs\":[\"https:\\\/\\\/www.facebook.com\\\/profile.php?id=100008943462799\",\"https:\\\/\\\/x.com\\\/bellunopress\",\"https:\\\/\\\/www.linkedin.com\\\/hp\\\/?dnr=JBzUWaJfMUw8vbXJJ2tVW5-I3jZKvC4wsoxE&amp;amp;amp;amp;amp;amp;trk=nav_responsive_tab_home\",\"https:\\\/\\\/www.youtube.com\\\/channel\\\/UCxL0wu1uN0_3_7hGG0306cw\"]},{\"@type\":\"Person\",\"@id\":\"https:\\\/\\\/www.bellunopress.it\\\/#\\\/schema\\\/person\\\/79bb06722b37ece1c03d3e94beb30d73\",\"name\":\"redazione\",\"image\":{\"@type\":\"ImageObject\",\"inLanguage\":\"fr-FR\",\"@id\":\"https:\\\/\\\/secure.gravatar.com\\\/avatar\\\/37d968a2e67a6fd04c169c4bdef102d0bc5d31b2546345219e348575eb80e9a0?s=96&d=mm&r=g\",\"url\":\"https:\\\/\\\/secure.gravatar.com\\\/avatar\\\/37d968a2e67a6fd04c169c4bdef102d0bc5d31b2546345219e348575eb80e9a0?s=96&d=mm&r=g\",\"contentUrl\":\"https:\\\/\\\/secure.gravatar.com\\\/avatar\\\/37d968a2e67a6fd04c169c4bdef102d0bc5d31b2546345219e348575eb80e9a0?s=96&d=mm&r=g\",\"caption\":\"redazione\"},\"sameAs\":[\"http:\\\/\\\/www.bellunopress.it\",\"https:\\\/\\\/x.com\\\/bellunopress\"],\"url\":\"https:\\\/\\\/www.bellunopress.it\\\/fr\\\/author\\\/redazione\\\/\"}]}<\/script>\n<!-- \/ Yoast SEO plugin. -->","yoast_head_json":{"title":"Belluno, come risolvere il nodo di via Feltre e il passaggio a livello di San Gervasio? - Bellunopress - Dolomiti","robots":{"index":"index","follow":"follow","max-snippet":"max-snippet:-1","max-image-preview":"max-image-preview:large","max-video-preview":"max-video-preview:-1"},"canonical":"https:\/\/www.bellunopress.it\/fr\/2026\/07\/06\/belluno-come-risolvere-il-nodo-di-via-feltre-e-il-passaggio-a-livello-di-san-gervasio\/","og_locale":"fr_FR","og_type":"article","og_title":"Belluno, come risolvere il nodo di via Feltre e il passaggio a livello di San Gervasio? - Bellunopress - Dolomiti","og_description":"Caro sindaco, tempo fa ho descritto Belluno come la citt\u00e0 del no, in quanto quasi tutte le decisioni assunte ultimamente dalla Giunta municipale hanno ricevuto analisi negative da parte di gruppi consistenti della popolazione. Purtroppo constato che da parte sua la Giunta non mette in atto quanto aveva stabilito con delibere adottate e messe agli [&hellip;]","og_url":"https:\/\/www.bellunopress.it\/fr\/2026\/07\/06\/belluno-come-risolvere-il-nodo-di-via-feltre-e-il-passaggio-a-livello-di-san-gervasio\/","og_site_name":"Bellunopress - Dolomiti","article_publisher":"https:\/\/www.facebook.com\/profile.php?id=100008943462799","article_published_time":"2026-07-06T04:31:40+00:00","og_image":[{"width":962,"height":1000,"url":"https:\/\/www.bellunopress.it\/wp-content\/uploads\/2021\/04\/lettera-mail_edited.jpg","type":"image\/jpeg"}],"author":"redazione","twitter_card":"summary_large_image","twitter_creator":"@bellunopress","twitter_site":"@bellunopress","twitter_misc":{"\u00c9crit par":"redazione","Dur\u00e9e de lecture estim\u00e9e":"3 minutes"},"schema":{"@context":"https:\/\/schema.org","@graph":[{"@type":"Article","@id":"https:\/\/www.bellunopress.it\/2026\/07\/06\/belluno-come-risolvere-il-nodo-di-via-feltre-e-il-passaggio-a-livello-di-san-gervasio\/#article","isPartOf":{"@id":"https:\/\/www.bellunopress.it\/2026\/07\/06\/belluno-come-risolvere-il-nodo-di-via-feltre-e-il-passaggio-a-livello-di-san-gervasio\/"},"author":{"name":"redazione","@id":"https:\/\/www.bellunopress.it\/#\/schema\/person\/79bb06722b37ece1c03d3e94beb30d73"},"headline":"Belluno, come risolvere il nodo di via Feltre e il passaggio a livello di San Gervasio?","datePublished":"2026-07-06T04:31:40+00:00","mainEntityOfPage":{"@id":"https:\/\/www.bellunopress.it\/2026\/07\/06\/belluno-come-risolvere-il-nodo-di-via-feltre-e-il-passaggio-a-livello-di-san-gervasio\/"},"wordCount":367,"publisher":{"@id":"https:\/\/www.bellunopress.it\/#organization"},"image":{"@id":"https:\/\/www.bellunopress.it\/2026\/07\/06\/belluno-come-risolvere-il-nodo-di-via-feltre-e-il-passaggio-a-livello-di-san-gervasio\/#primaryimage"},"thumbnailUrl":"https:\/\/www.bellunopress.it\/wp-content\/uploads\/2021\/04\/lettera-mail_edited.jpg","articleSection":["Lettere Opinioni"],"inLanguage":"fr-FR"},{"@type":"WebPage","@id":"https:\/\/www.bellunopress.it\/2026\/07\/06\/belluno-come-risolvere-il-nodo-di-via-feltre-e-il-passaggio-a-livello-di-san-gervasio\/","url":"https:\/\/www.bellunopress.it\/2026\/07\/06\/belluno-come-risolvere-il-nodo-di-via-feltre-e-il-passaggio-a-livello-di-san-gervasio\/","name":"Belluno, come risolvere il nodo di via Feltre e il passaggio a livello di San Gervasio? - Bellunopress - Dolomiti","isPartOf":{"@id":"https:\/\/www.bellunopress.it\/#website"},"primaryImageOfPage":{"@id":"https:\/\/www.bellunopress.it\/2026\/07\/06\/belluno-come-risolvere-il-nodo-di-via-feltre-e-il-passaggio-a-livello-di-san-gervasio\/#primaryimage"},"image":{"@id":"https:\/\/www.bellunopress.it\/2026\/07\/06\/belluno-come-risolvere-il-nodo-di-via-feltre-e-il-passaggio-a-livello-di-san-gervasio\/#primaryimage"},"thumbnailUrl":"https:\/\/www.bellunopress.it\/wp-content\/uploads\/2021\/04\/lettera-mail_edited.jpg","datePublished":"2026-07-06T04:31:40+00:00","breadcrumb":{"@id":"https:\/\/www.bellunopress.it\/2026\/07\/06\/belluno-come-risolvere-il-nodo-di-via-feltre-e-il-passaggio-a-livello-di-san-gervasio\/#breadcrumb"},"inLanguage":"fr-FR","potentialAction":[{"@type":"ReadAction","target":["https:\/\/www.bellunopress.it\/2026\/07\/06\/belluno-come-risolvere-il-nodo-di-via-feltre-e-il-passaggio-a-livello-di-san-gervasio\/"]}]},{"@type":"ImageObject","inLanguage":"fr-FR","@id":"https:\/\/www.bellunopress.it\/2026\/07\/06\/belluno-come-risolvere-il-nodo-di-via-feltre-e-il-passaggio-a-livello-di-san-gervasio\/#primaryimage","url":"https:\/\/www.bellunopress.it\/wp-content\/uploads\/2021\/04\/lettera-mail_edited.jpg","contentUrl":"https:\/\/www.bellunopress.it\/wp-content\/uploads\/2021\/04\/lettera-mail_edited.jpg","width":962,"height":1000},{"@type":"BreadcrumbList","@id":"https:\/\/www.bellunopress.it\/2026\/07\/06\/belluno-come-risolvere-il-nodo-di-via-feltre-e-il-passaggio-a-livello-di-san-gervasio\/#breadcrumb","itemListElement":[{"@type":"ListItem","position":1,"name":"Home","item":"https:\/\/www.bellunopress.it\/"},{"@type":"ListItem","position":2,"name":"Belluno, come risolvere il nodo di via Feltre e il passaggio a livello di San Gervasio?"}]},{"@type":"WebSite","@id":"https:\/\/www.bellunopress.it\/#website","url":"https:\/\/www.bellunopress.it\/","name":"Bellunopress - Dolomiti","description":"e-mail: redazione@bellunopress.it","publisher":{"@id":"https:\/\/www.bellunopress.it\/#organization"},"potentialAction":[{"@type":"SearchAction","target":{"@type":"EntryPoint","urlTemplate":"https:\/\/www.bellunopress.it\/?s={search_term_string}"},"query-input":{"@type":"PropertyValueSpecification","valueRequired":true,"valueName":"search_term_string"}}],"inLanguage":"fr-FR"},{"@type":"Organization","@id":"https:\/\/www.bellunopress.it\/#organization","name":"Bellunopress","url":"https:\/\/www.bellunopress.it\/","logo":{"@type":"ImageObject","inLanguage":"fr-FR","@id":"https:\/\/www.bellunopress.it\/#\/schema\/logo\/image\/","url":"https:\/\/www.bellunopress.it\/wp-content\/uploads\/2011\/05\/cropped-logo-bellunopress-.jpg","contentUrl":"https:\/\/www.bellunopress.it\/wp-content\/uploads\/2011\/05\/cropped-logo-bellunopress-.jpg","width":512,"height":512,"caption":"Bellunopress"},"image":{"@id":"https:\/\/www.bellunopress.it\/#\/schema\/logo\/image\/"},"sameAs":["https:\/\/www.facebook.com\/profile.php?id=100008943462799","https:\/\/x.com\/bellunopress","https:\/\/www.linkedin.com\/hp\/?dnr=JBzUWaJfMUw8vbXJJ2tVW5-I3jZKvC4wsoxE&amp;amp;amp;amp;amp;amp;trk=nav_responsive_tab_home","https:\/\/www.youtube.com\/channel\/UCxL0wu1uN0_3_7hGG0306cw"]},{"@type":"Person","@id":"https:\/\/www.bellunopress.it\/#\/schema\/person\/79bb06722b37ece1c03d3e94beb30d73","name":"r\u00e9daction","image":{"@type":"ImageObject","inLanguage":"fr-FR","@id":"https:\/\/secure.gravatar.com\/avatar\/37d968a2e67a6fd04c169c4bdef102d0bc5d31b2546345219e348575eb80e9a0?s=96&d=mm&r=g","url":"https:\/\/secure.gravatar.com\/avatar\/37d968a2e67a6fd04c169c4bdef102d0bc5d31b2546345219e348575eb80e9a0?s=96&d=mm&r=g","contentUrl":"https:\/\/secure.gravatar.com\/avatar\/37d968a2e67a6fd04c169c4bdef102d0bc5d31b2546345219e348575eb80e9a0?s=96&d=mm&r=g","caption":"redazione"},"sameAs":["http:\/\/www.bellunopress.it","https:\/\/x.com\/bellunopress"],"url":"https:\/\/www.bellunopress.it\/fr\/author\/redazione\/"}]}},"_links":{"self":[{"href":"https:\/\/www.bellunopress.it\/fr\/wp-json\/wp\/v2\/posts\/171705","targetHints":{"allow":["GET"]}}],"collection":[{"href":"https:\/\/www.bellunopress.it\/fr\/wp-json\/wp\/v2\/posts"}],"about":[{"href":"https:\/\/www.bellunopress.it\/fr\/wp-json\/wp\/v2\/types\/post"}],"author":[{"embeddable":true,"href":"https:\/\/www.bellunopress.it\/fr\/wp-json\/wp\/v2\/users\/2"}],"replies":[{"embeddable":true,"href":"https:\/\/www.bellunopress.it\/fr\/wp-json\/wp\/v2\/comments?post=171705"}],"version-history":[{"count":1,"href":"https:\/\/www.bellunopress.it\/fr\/wp-json\/wp\/v2\/posts\/171705\/revisions"}],"predecessor-version":[{"id":171706,"href":"https:\/\/www.bellunopress.it\/fr\/wp-json\/wp\/v2\/posts\/171705\/revisions\/171706"}],"wp:featuredmedia":[{"embeddable":true,"href":"https:\/\/www.bellunopress.it\/fr\/wp-json\/wp\/v2\/media\/123649"}],"wp:attachment":[{"href":"https:\/\/www.bellunopress.it\/fr\/wp-json\/wp\/v2\/media?parent=171705"}],"wp:term":[{"taxonomy":"category","embeddable":true,"href":"https:\/\/www.bellunopress.it\/fr\/wp-json\/wp\/v2\/categories?post=171705"},{"taxonomy":"post_tag","embeddable":true,"href":"https:\/\/www.bellunopress.it\/fr\/wp-json\/wp\/v2\/tags?post=171705"}],"curies":[{"name":"wp","href":"https:\/\/api.w.org\/{rel}","templated":true}]}}