{"id":171701,"date":"2026-07-05T19:36:41","date_gmt":"2026-07-05T17:36:41","guid":{"rendered":"https:\/\/www.bellunopress.it\/?p=171701"},"modified":"2026-07-05T19:36:41","modified_gmt":"2026-07-05T17:36:41","slug":"auronzo-chiusa-la-45ma-gara-internazionale-di-canoa","status":"publish","type":"post","link":"https:\/\/www.bellunopress.it\/fr\/2026\/07\/05\/auronzo-chiusa-la-45ma-gara-internazionale-di-canoa\/","title":{"rendered":"Auronzo, chiusa la 45ma gara internazionale di canoa"},"content":{"rendered":"<p><strong>Conclusa la tre giorni di gare sul Lago di Santa Caterina, con circa 500 atleti da 16 nazioni<\/strong><\/p>\n<p><strong>Nella giornata conclusiva le finali sui 200 metri e un ampio spazio alla Paracanoa<\/strong><\/p>\n<p>&nbsp;<\/p>\n<p>Auronzo di Cadore, 5 luglio 2026 \u2013 Si \u00e8 conclusa sul Lago di Santa Caterina la 45\u00aa edizione della Gara Internazionale di Canoa Velocit\u00e0 e Paracanoa di Auronzo di Cadore. Tre giornate di competizioni hanno riunito circa 500 atleti provenienti da 16 nazioni, dalle categorie Under 16 fino a Junior, Senior e Master.<\/p>\n<p>Dopo i 1.000 metri della prima giornata e i 500 metri di sabato, il programma conclusivo ha proposto le finali sprint sui 200 metri, insieme alle prove di Paracanoa e alle gare sui 5.000 metri. Il pubblico ha seguito le competizioni da diversi punti del perimetro del lago, in una giornata che ha completato un fine settimana di sport vissuto anche dal paese e dalle strutture ricettive dell&#8217;area.<\/p>\n<p>La presenza di squadre nazionali, rappresentative regionali e club stranieri ha confermato il carattere internazionale dell&#8217;appuntamento. Molte delegazioni hanno inoltre prolungato il soggiorno per allenarsi sul campo di gara e conoscere il territorio, unendo la partecipazione sportiva alla permanenza nelle Dolomiti.<\/p>\n<p>Risultati principali distanza 200 metri<\/p>\n<p>K1 Senior Men \u2013 1\u00b0 Giacomo Rossi (Centro Sportivo Carabinieri) 00&#8217;36&#8221;21<\/p>\n<p>K1 Senior Women \u2013 1\u00aa Sara Vesentini (KCS Kayak Cremona Sport ASD) 00&#8217;41&#8221;99<\/p>\n<p>C1 Senior Men \u2013 1\u00b0 Stefano Baldo (Canoa San Giorgio ASD) 00&#8217;42&#8221;70<\/p>\n<p>C1 Senior Women \u2013 1\u00aa Angela Voltan (Padova Canoa ASD) 00&#8217;53&#8221;57<\/p>\n<p>K1 Junior Men \u2013 1\u00b0 Giovanni Alberto Marrone (Circolo Marina Mercantile Nazario Sauro) 00&#8217;38&#8221;02<\/p>\n<p>K1 Junior Women \u2013 1\u00aa Laura Eitzinger (Austria) 00&#8217;43&#8221;86<\/p>\n<p>C1 Junior Men \u2013 1\u00b0 Alessandro Dri (Canoa San Giorgio ASD) 00&#8217;45&#8221;20<\/p>\n<p>C1 Junior Women \u2013 1\u00aa Sofia Postolachi (Padova Canoa ASD) 00&#8217;53&#8221;78<\/p>\n<p>La giornata conclusiva ha riservato uno spazio specifico alla Paracanoa, settore nel quale la Federazione Italiana Canoa Kayak sta lavorando per consolidare la qualit\u00e0 tecnica e ampliare il movimento. A seguire le gare era presente Adriana Gnocchi, responsabile nazionale della Paracanoa FICK ed ex atleta, legata da molti anni alla manifestazione di Auronzo.<\/p>\n<p>\u00abAuronzo \u00e8 una delle gare pi\u00f9 iconiche della nostra Federazione. Ricordo ancora la prima volta in cui arrivai qui da Torino e vidi questo lago immerso nel verde: da allora sono tornata per quasi tutte le edizioni. \u00c8 una sede che richiama molti canoisti e che merita di essere curata per continuare a ospitare eventi importanti. La Paracanoa italiana sta ottenendo risultati significativi, come le otto medaglie conquistate agli Europei di maratona, e il nostro obiettivo \u00e8 continuare a crescere soprattutto nella qualit\u00e0\u00bb.<\/p>\n<p>Ospite della giornata anche Luca Da Prato, atleta della Nazionale italiana di nuoto paralimpico e primatista mondiale dei 100 e 200 dorso. Da Prato rester\u00e0 per tre mesi nell&#8217;area per preparare gli Europei in programma in Turchia in autunno. In passato ha praticato la canoa ed \u00e8 tornato oggi sul campo di gara per incontrare gli atleti e partecipare alle premiazioni della Paracanoa, delle categorie giovanili e dei Master.<\/p>\n<p>&#8220;Per me lo sport \u00e8 magia: permette di inseguire sogni, conoscere persone e sentirsi liberi. Dopo l&#8217;incidente il nuoto paralimpico mi ha dato una nuova strada e oggi sono in preparazione per gli Europei in Turchia. Rester\u00f2 ad Auronzo fino a fine agosto, tra allenamenti, riabilitazione e terapia, in un territorio al quale sono molto legato&#8221;. Da Prato ha anche provato personalmente la canoa con lo staff della Federazione.<\/p>\n<p>La 45\u00aa edizione si chiude con un bilancio positivo per partecipazione, qualit\u00e0 tecnica e presenza internazionale. L&#8217;appuntamento ha confermato il valore del campo di gara di Auronzo, gi\u00e0 sede di Europei e Mondiali giovanili, e il rapporto costruito negli anni tra organizzazione, istituzioni locali, associazioni e volontari.<\/p>\n<p>L&#8217;organizzazione ringrazia gli atleti, i tecnici, gli accompagnatori, gli ufficiali di gara, i volontari e tutti coloro che hanno collaborato allo svolgimento della manifestazione e alla gestione delle delegazioni sul territorio.<\/p>\n<p>&nbsp;<\/p>","protected":false},"excerpt":{"rendered":"<p>Conclusa la tre giorni di gare sul Lago di Santa Caterina, con circa 500 atleti da 16 nazioni Nella giornata conclusiva le finali sui 200 metri e un ampio spazio alla Paracanoa &nbsp; Auronzo di Cadore, 5 luglio 2026 \u2013 Si \u00e8 conclusa sul Lago di Santa Caterina la 45\u00aa edizione della Gara Internazionale di [&hellip;]<\/p>\n","protected":false},"author":2,"featured_media":171702,"comment_status":"closed","ping_status":"open","sticky":false,"template":"","format":"standard","meta":{"footnotes":""},"categories":[26,4],"tags":[],"class_list":["post-171701","post","type-post","status-publish","format-standard","has-post-thumbnail","category-prima-pagina","category-sport"],"yoast_head":"<!-- This site is optimized with the Yoast SEO plugin v28.4 - https:\/\/yoast.com\/product\/yoast-seo-wordpress\/ -->\n<title>Auronzo, chiusa la 45ma gara internazionale di canoa - Bellunopress - Dolomiti<\/title>\n<meta name=\"robots\" content=\"index, follow, max-snippet:-1, max-image-preview:large, max-video-preview:-1\" \/>\n<link rel=\"canonical\" href=\"https:\/\/www.bellunopress.it\/fr\/2026\/07\/05\/auronzo-chiusa-la-45ma-gara-internazionale-di-canoa\/\" \/>\n<meta property=\"og:locale\" content=\"fr_FR\" \/>\n<meta property=\"og:type\" content=\"article\" \/>\n<meta property=\"og:title\" content=\"Auronzo, chiusa la 45ma gara internazionale di canoa - Bellunopress - Dolomiti\" \/>\n<meta property=\"og:description\" content=\"Conclusa la tre giorni di gare sul Lago di Santa Caterina, con circa 500 atleti da 16 nazioni Nella giornata conclusiva le finali sui 200 metri e un ampio spazio alla Paracanoa &nbsp; Auronzo di Cadore, 5 luglio 2026 \u2013 Si \u00e8 conclusa sul Lago di Santa Caterina la 45\u00aa edizione della Gara Internazionale di [&hellip;]\" \/>\n<meta property=\"og:url\" content=\"https:\/\/www.bellunopress.it\/fr\/2026\/07\/05\/auronzo-chiusa-la-45ma-gara-internazionale-di-canoa\/\" \/>\n<meta property=\"og:site_name\" content=\"Bellunopress - Dolomiti\" \/>\n<meta property=\"article:publisher\" content=\"https:\/\/www.facebook.com\/profile.php?id=100008943462799\" \/>\n<meta property=\"article:published_time\" content=\"2026-07-05T17:36:41+00:00\" \/>\n<meta property=\"og:image\" content=\"https:\/\/www.bellunopress.it\/wp-content\/uploads\/2026\/07\/Auronzo-canoa.jpg\" \/>\n\t<meta property=\"og:image:width\" content=\"415\" \/>\n\t<meta property=\"og:image:height\" content=\"336\" \/>\n\t<meta property=\"og:image:type\" content=\"image\/jpeg\" \/>\n<meta name=\"author\" content=\"redazione\" \/>\n<meta name=\"twitter:card\" content=\"summary_large_image\" \/>\n<meta name=\"twitter:creator\" content=\"@bellunopress\" \/>\n<meta name=\"twitter:site\" content=\"@bellunopress\" \/>\n<meta name=\"twitter:label1\" content=\"\u00c9crit par\" \/>\n\t<meta name=\"twitter:data1\" content=\"redazione\" \/>\n\t<meta name=\"twitter:label2\" content=\"Dur\u00e9e de lecture estim\u00e9e\" \/>\n\t<meta name=\"twitter:data2\" content=\"4 minutes\" \/>\n<script type=\"application\/ld+json\" class=\"yoast-schema-graph\">{\"@context\":\"https:\\\/\\\/schema.org\",\"@graph\":[{\"@type\":\"Article\",\"@id\":\"https:\\\/\\\/www.bellunopress.it\\\/2026\\\/07\\\/05\\\/auronzo-chiusa-la-45ma-gara-internazionale-di-canoa\\\/#article\",\"isPartOf\":{\"@id\":\"https:\\\/\\\/www.bellunopress.it\\\/2026\\\/07\\\/05\\\/auronzo-chiusa-la-45ma-gara-internazionale-di-canoa\\\/\"},\"author\":{\"name\":\"redazione\",\"@id\":\"https:\\\/\\\/www.bellunopress.it\\\/#\\\/schema\\\/person\\\/79bb06722b37ece1c03d3e94beb30d73\"},\"headline\":\"Auronzo, chiusa la 45ma gara internazionale di canoa\",\"datePublished\":\"2026-07-05T17:36:41+00:00\",\"mainEntityOfPage\":{\"@id\":\"https:\\\/\\\/www.bellunopress.it\\\/2026\\\/07\\\/05\\\/auronzo-chiusa-la-45ma-gara-internazionale-di-canoa\\\/\"},\"wordCount\":612,\"publisher\":{\"@id\":\"https:\\\/\\\/www.bellunopress.it\\\/#organization\"},\"image\":{\"@id\":\"https:\\\/\\\/www.bellunopress.it\\\/2026\\\/07\\\/05\\\/auronzo-chiusa-la-45ma-gara-internazionale-di-canoa\\\/#primaryimage\"},\"thumbnailUrl\":\"https:\\\/\\\/www.bellunopress.it\\\/wp-content\\\/uploads\\\/2026\\\/07\\\/Auronzo-canoa.jpg\",\"articleSection\":[\"Prima Pagina\",\"Sport, tempo libero\"],\"inLanguage\":\"fr-FR\"},{\"@type\":\"WebPage\",\"@id\":\"https:\\\/\\\/www.bellunopress.it\\\/2026\\\/07\\\/05\\\/auronzo-chiusa-la-45ma-gara-internazionale-di-canoa\\\/\",\"url\":\"https:\\\/\\\/www.bellunopress.it\\\/2026\\\/07\\\/05\\\/auronzo-chiusa-la-45ma-gara-internazionale-di-canoa\\\/\",\"name\":\"Auronzo, chiusa la 45ma gara internazionale di canoa - Bellunopress - Dolomiti\",\"isPartOf\":{\"@id\":\"https:\\\/\\\/www.bellunopress.it\\\/#website\"},\"primaryImageOfPage\":{\"@id\":\"https:\\\/\\\/www.bellunopress.it\\\/2026\\\/07\\\/05\\\/auronzo-chiusa-la-45ma-gara-internazionale-di-canoa\\\/#primaryimage\"},\"image\":{\"@id\":\"https:\\\/\\\/www.bellunopress.it\\\/2026\\\/07\\\/05\\\/auronzo-chiusa-la-45ma-gara-internazionale-di-canoa\\\/#primaryimage\"},\"thumbnailUrl\":\"https:\\\/\\\/www.bellunopress.it\\\/wp-content\\\/uploads\\\/2026\\\/07\\\/Auronzo-canoa.jpg\",\"datePublished\":\"2026-07-05T17:36:41+00:00\",\"breadcrumb\":{\"@id\":\"https:\\\/\\\/www.bellunopress.it\\\/2026\\\/07\\\/05\\\/auronzo-chiusa-la-45ma-gara-internazionale-di-canoa\\\/#breadcrumb\"},\"inLanguage\":\"fr-FR\",\"potentialAction\":[{\"@type\":\"ReadAction\",\"target\":[\"https:\\\/\\\/www.bellunopress.it\\\/2026\\\/07\\\/05\\\/auronzo-chiusa-la-45ma-gara-internazionale-di-canoa\\\/\"]}]},{\"@type\":\"ImageObject\",\"inLanguage\":\"fr-FR\",\"@id\":\"https:\\\/\\\/www.bellunopress.it\\\/2026\\\/07\\\/05\\\/auronzo-chiusa-la-45ma-gara-internazionale-di-canoa\\\/#primaryimage\",\"url\":\"https:\\\/\\\/www.bellunopress.it\\\/wp-content\\\/uploads\\\/2026\\\/07\\\/Auronzo-canoa.jpg\",\"contentUrl\":\"https:\\\/\\\/www.bellunopress.it\\\/wp-content\\\/uploads\\\/2026\\\/07\\\/Auronzo-canoa.jpg\",\"width\":415,\"height\":336},{\"@type\":\"BreadcrumbList\",\"@id\":\"https:\\\/\\\/www.bellunopress.it\\\/2026\\\/07\\\/05\\\/auronzo-chiusa-la-45ma-gara-internazionale-di-canoa\\\/#breadcrumb\",\"itemListElement\":[{\"@type\":\"ListItem\",\"position\":1,\"name\":\"Home\",\"item\":\"https:\\\/\\\/www.bellunopress.it\\\/\"},{\"@type\":\"ListItem\",\"position\":2,\"name\":\"Auronzo, chiusa la 45ma gara internazionale di canoa\"}]},{\"@type\":\"WebSite\",\"@id\":\"https:\\\/\\\/www.bellunopress.it\\\/#website\",\"url\":\"https:\\\/\\\/www.bellunopress.it\\\/\",\"name\":\"Bellunopress - Dolomiti\",\"description\":\"e-mail: redazione@bellunopress.it\",\"publisher\":{\"@id\":\"https:\\\/\\\/www.bellunopress.it\\\/#organization\"},\"potentialAction\":[{\"@type\":\"SearchAction\",\"target\":{\"@type\":\"EntryPoint\",\"urlTemplate\":\"https:\\\/\\\/www.bellunopress.it\\\/?s={search_term_string}\"},\"query-input\":{\"@type\":\"PropertyValueSpecification\",\"valueRequired\":true,\"valueName\":\"search_term_string\"}}],\"inLanguage\":\"fr-FR\"},{\"@type\":\"Organization\",\"@id\":\"https:\\\/\\\/www.bellunopress.it\\\/#organization\",\"name\":\"Bellunopress\",\"url\":\"https:\\\/\\\/www.bellunopress.it\\\/\",\"logo\":{\"@type\":\"ImageObject\",\"inLanguage\":\"fr-FR\",\"@id\":\"https:\\\/\\\/www.bellunopress.it\\\/#\\\/schema\\\/logo\\\/image\\\/\",\"url\":\"https:\\\/\\\/www.bellunopress.it\\\/wp-content\\\/uploads\\\/2011\\\/05\\\/cropped-logo-bellunopress-.jpg\",\"contentUrl\":\"https:\\\/\\\/www.bellunopress.it\\\/wp-content\\\/uploads\\\/2011\\\/05\\\/cropped-logo-bellunopress-.jpg\",\"width\":512,\"height\":512,\"caption\":\"Bellunopress\"},\"image\":{\"@id\":\"https:\\\/\\\/www.bellunopress.it\\\/#\\\/schema\\\/logo\\\/image\\\/\"},\"sameAs\":[\"https:\\\/\\\/www.facebook.com\\\/profile.php?id=100008943462799\",\"https:\\\/\\\/x.com\\\/bellunopress\",\"https:\\\/\\\/www.linkedin.com\\\/hp\\\/?dnr=JBzUWaJfMUw8vbXJJ2tVW5-I3jZKvC4wsoxE&amp;amp;amp;amp;amp;amp;trk=nav_responsive_tab_home\",\"https:\\\/\\\/www.youtube.com\\\/channel\\\/UCxL0wu1uN0_3_7hGG0306cw\"]},{\"@type\":\"Person\",\"@id\":\"https:\\\/\\\/www.bellunopress.it\\\/#\\\/schema\\\/person\\\/79bb06722b37ece1c03d3e94beb30d73\",\"name\":\"redazione\",\"image\":{\"@type\":\"ImageObject\",\"inLanguage\":\"fr-FR\",\"@id\":\"https:\\\/\\\/secure.gravatar.com\\\/avatar\\\/37d968a2e67a6fd04c169c4bdef102d0bc5d31b2546345219e348575eb80e9a0?s=96&d=mm&r=g\",\"url\":\"https:\\\/\\\/secure.gravatar.com\\\/avatar\\\/37d968a2e67a6fd04c169c4bdef102d0bc5d31b2546345219e348575eb80e9a0?s=96&d=mm&r=g\",\"contentUrl\":\"https:\\\/\\\/secure.gravatar.com\\\/avatar\\\/37d968a2e67a6fd04c169c4bdef102d0bc5d31b2546345219e348575eb80e9a0?s=96&d=mm&r=g\",\"caption\":\"redazione\"},\"sameAs\":[\"http:\\\/\\\/www.bellunopress.it\",\"https:\\\/\\\/x.com\\\/bellunopress\"],\"url\":\"https:\\\/\\\/www.bellunopress.it\\\/fr\\\/author\\\/redazione\\\/\"}]}<\/script>\n<!-- \/ Yoast SEO plugin. -->","yoast_head_json":{"title":"Auronzo, chiusa la 45ma gara internazionale di canoa - Bellunopress - Dolomiti","robots":{"index":"index","follow":"follow","max-snippet":"max-snippet:-1","max-image-preview":"max-image-preview:large","max-video-preview":"max-video-preview:-1"},"canonical":"https:\/\/www.bellunopress.it\/fr\/2026\/07\/05\/auronzo-chiusa-la-45ma-gara-internazionale-di-canoa\/","og_locale":"fr_FR","og_type":"article","og_title":"Auronzo, chiusa la 45ma gara internazionale di canoa - Bellunopress - Dolomiti","og_description":"Conclusa la tre giorni di gare sul Lago di Santa Caterina, con circa 500 atleti da 16 nazioni Nella giornata conclusiva le finali sui 200 metri e un ampio spazio alla Paracanoa &nbsp; Auronzo di Cadore, 5 luglio 2026 \u2013 Si \u00e8 conclusa sul Lago di Santa Caterina la 45\u00aa edizione della Gara Internazionale di [&hellip;]","og_url":"https:\/\/www.bellunopress.it\/fr\/2026\/07\/05\/auronzo-chiusa-la-45ma-gara-internazionale-di-canoa\/","og_site_name":"Bellunopress - Dolomiti","article_publisher":"https:\/\/www.facebook.com\/profile.php?id=100008943462799","article_published_time":"2026-07-05T17:36:41+00:00","og_image":[{"width":415,"height":336,"url":"https:\/\/www.bellunopress.it\/wp-content\/uploads\/2026\/07\/Auronzo-canoa.jpg","type":"image\/jpeg"}],"author":"redazione","twitter_card":"summary_large_image","twitter_creator":"@bellunopress","twitter_site":"@bellunopress","twitter_misc":{"\u00c9crit par":"redazione","Dur\u00e9e de lecture estim\u00e9e":"4 minutes"},"schema":{"@context":"https:\/\/schema.org","@graph":[{"@type":"Article","@id":"https:\/\/www.bellunopress.it\/2026\/07\/05\/auronzo-chiusa-la-45ma-gara-internazionale-di-canoa\/#article","isPartOf":{"@id":"https:\/\/www.bellunopress.it\/2026\/07\/05\/auronzo-chiusa-la-45ma-gara-internazionale-di-canoa\/"},"author":{"name":"redazione","@id":"https:\/\/www.bellunopress.it\/#\/schema\/person\/79bb06722b37ece1c03d3e94beb30d73"},"headline":"Auronzo, chiusa la 45ma gara internazionale di canoa","datePublished":"2026-07-05T17:36:41+00:00","mainEntityOfPage":{"@id":"https:\/\/www.bellunopress.it\/2026\/07\/05\/auronzo-chiusa-la-45ma-gara-internazionale-di-canoa\/"},"wordCount":612,"publisher":{"@id":"https:\/\/www.bellunopress.it\/#organization"},"image":{"@id":"https:\/\/www.bellunopress.it\/2026\/07\/05\/auronzo-chiusa-la-45ma-gara-internazionale-di-canoa\/#primaryimage"},"thumbnailUrl":"https:\/\/www.bellunopress.it\/wp-content\/uploads\/2026\/07\/Auronzo-canoa.jpg","articleSection":["Prima Pagina","Sport, tempo libero"],"inLanguage":"fr-FR"},{"@type":"WebPage","@id":"https:\/\/www.bellunopress.it\/2026\/07\/05\/auronzo-chiusa-la-45ma-gara-internazionale-di-canoa\/","url":"https:\/\/www.bellunopress.it\/2026\/07\/05\/auronzo-chiusa-la-45ma-gara-internazionale-di-canoa\/","name":"Auronzo, chiusa la 45ma gara internazionale di canoa - Bellunopress - Dolomiti","isPartOf":{"@id":"https:\/\/www.bellunopress.it\/#website"},"primaryImageOfPage":{"@id":"https:\/\/www.bellunopress.it\/2026\/07\/05\/auronzo-chiusa-la-45ma-gara-internazionale-di-canoa\/#primaryimage"},"image":{"@id":"https:\/\/www.bellunopress.it\/2026\/07\/05\/auronzo-chiusa-la-45ma-gara-internazionale-di-canoa\/#primaryimage"},"thumbnailUrl":"https:\/\/www.bellunopress.it\/wp-content\/uploads\/2026\/07\/Auronzo-canoa.jpg","datePublished":"2026-07-05T17:36:41+00:00","breadcrumb":{"@id":"https:\/\/www.bellunopress.it\/2026\/07\/05\/auronzo-chiusa-la-45ma-gara-internazionale-di-canoa\/#breadcrumb"},"inLanguage":"fr-FR","potentialAction":[{"@type":"ReadAction","target":["https:\/\/www.bellunopress.it\/2026\/07\/05\/auronzo-chiusa-la-45ma-gara-internazionale-di-canoa\/"]}]},{"@type":"ImageObject","inLanguage":"fr-FR","@id":"https:\/\/www.bellunopress.it\/2026\/07\/05\/auronzo-chiusa-la-45ma-gara-internazionale-di-canoa\/#primaryimage","url":"https:\/\/www.bellunopress.it\/wp-content\/uploads\/2026\/07\/Auronzo-canoa.jpg","contentUrl":"https:\/\/www.bellunopress.it\/wp-content\/uploads\/2026\/07\/Auronzo-canoa.jpg","width":415,"height":336},{"@type":"BreadcrumbList","@id":"https:\/\/www.bellunopress.it\/2026\/07\/05\/auronzo-chiusa-la-45ma-gara-internazionale-di-canoa\/#breadcrumb","itemListElement":[{"@type":"ListItem","position":1,"name":"Home","item":"https:\/\/www.bellunopress.it\/"},{"@type":"ListItem","position":2,"name":"Auronzo, chiusa la 45ma gara internazionale di canoa"}]},{"@type":"WebSite","@id":"https:\/\/www.bellunopress.it\/#website","url":"https:\/\/www.bellunopress.it\/","name":"Bellunopress - Dolomiti","description":"e-mail: redazione@bellunopress.it","publisher":{"@id":"https:\/\/www.bellunopress.it\/#organization"},"potentialAction":[{"@type":"SearchAction","target":{"@type":"EntryPoint","urlTemplate":"https:\/\/www.bellunopress.it\/?s={search_term_string}"},"query-input":{"@type":"PropertyValueSpecification","valueRequired":true,"valueName":"search_term_string"}}],"inLanguage":"fr-FR"},{"@type":"Organization","@id":"https:\/\/www.bellunopress.it\/#organization","name":"Bellunopress","url":"https:\/\/www.bellunopress.it\/","logo":{"@type":"ImageObject","inLanguage":"fr-FR","@id":"https:\/\/www.bellunopress.it\/#\/schema\/logo\/image\/","url":"https:\/\/www.bellunopress.it\/wp-content\/uploads\/2011\/05\/cropped-logo-bellunopress-.jpg","contentUrl":"https:\/\/www.bellunopress.it\/wp-content\/uploads\/2011\/05\/cropped-logo-bellunopress-.jpg","width":512,"height":512,"caption":"Bellunopress"},"image":{"@id":"https:\/\/www.bellunopress.it\/#\/schema\/logo\/image\/"},"sameAs":["https:\/\/www.facebook.com\/profile.php?id=100008943462799","https:\/\/x.com\/bellunopress","https:\/\/www.linkedin.com\/hp\/?dnr=JBzUWaJfMUw8vbXJJ2tVW5-I3jZKvC4wsoxE&amp;amp;amp;amp;amp;amp;trk=nav_responsive_tab_home","https:\/\/www.youtube.com\/channel\/UCxL0wu1uN0_3_7hGG0306cw"]},{"@type":"Person","@id":"https:\/\/www.bellunopress.it\/#\/schema\/person\/79bb06722b37ece1c03d3e94beb30d73","name":"r\u00e9daction","image":{"@type":"ImageObject","inLanguage":"fr-FR","@id":"https:\/\/secure.gravatar.com\/avatar\/37d968a2e67a6fd04c169c4bdef102d0bc5d31b2546345219e348575eb80e9a0?s=96&d=mm&r=g","url":"https:\/\/secure.gravatar.com\/avatar\/37d968a2e67a6fd04c169c4bdef102d0bc5d31b2546345219e348575eb80e9a0?s=96&d=mm&r=g","contentUrl":"https:\/\/secure.gravatar.com\/avatar\/37d968a2e67a6fd04c169c4bdef102d0bc5d31b2546345219e348575eb80e9a0?s=96&d=mm&r=g","caption":"redazione"},"sameAs":["http:\/\/www.bellunopress.it","https:\/\/x.com\/bellunopress"],"url":"https:\/\/www.bellunopress.it\/fr\/author\/redazione\/"}]}},"_links":{"self":[{"href":"https:\/\/www.bellunopress.it\/fr\/wp-json\/wp\/v2\/posts\/171701","targetHints":{"allow":["GET"]}}],"collection":[{"href":"https:\/\/www.bellunopress.it\/fr\/wp-json\/wp\/v2\/posts"}],"about":[{"href":"https:\/\/www.bellunopress.it\/fr\/wp-json\/wp\/v2\/types\/post"}],"author":[{"embeddable":true,"href":"https:\/\/www.bellunopress.it\/fr\/wp-json\/wp\/v2\/users\/2"}],"replies":[{"embeddable":true,"href":"https:\/\/www.bellunopress.it\/fr\/wp-json\/wp\/v2\/comments?post=171701"}],"version-history":[{"count":1,"href":"https:\/\/www.bellunopress.it\/fr\/wp-json\/wp\/v2\/posts\/171701\/revisions"}],"predecessor-version":[{"id":171703,"href":"https:\/\/www.bellunopress.it\/fr\/wp-json\/wp\/v2\/posts\/171701\/revisions\/171703"}],"wp:featuredmedia":[{"embeddable":true,"href":"https:\/\/www.bellunopress.it\/fr\/wp-json\/wp\/v2\/media\/171702"}],"wp:attachment":[{"href":"https:\/\/www.bellunopress.it\/fr\/wp-json\/wp\/v2\/media?parent=171701"}],"wp:term":[{"taxonomy":"category","embeddable":true,"href":"https:\/\/www.bellunopress.it\/fr\/wp-json\/wp\/v2\/categories?post=171701"},{"taxonomy":"post_tag","embeddable":true,"href":"https:\/\/www.bellunopress.it\/fr\/wp-json\/wp\/v2\/tags?post=171701"}],"curies":[{"name":"wp","href":"https:\/\/api.w.org\/{rel}","templated":true}]}}