{"id":171698,"date":"2026-07-05T19:24:48","date_gmt":"2026-07-05T17:24:48","guid":{"rendered":"https:\/\/www.bellunopress.it\/?p=171698"},"modified":"2026-07-05T19:24:48","modified_gmt":"2026-07-05T17:24:48","slug":"lalgoritmo-dellinvisibile-oltre-il-velo-dei-social-media","status":"publish","type":"post","link":"https:\/\/www.bellunopress.it\/fr\/2026\/07\/05\/lalgoritmo-dellinvisibile-oltre-il-velo-dei-social-media\/","title":{"rendered":"L\u2019algoritmo dell\u2019invisibile: oltre il velo dei social media"},"content":{"rendered":"<p data-path-to-node=\"1\">C\u2019\u00e8 una zona d\u2019ombra, un reticolo sotterraneo che pulsa silenzioso sotto la superficie luccicante del web che frequentiamo ogni giorno. Non \u00e8 il solito racconto da film di spionaggio, ma una realt\u00e0 che sta iniziando a filtrare nei corridoi meno illuminati della rete: l\u2019esistenza di strumenti di intelligenza artificiale, scovati nei meandri pi\u00f9 profondi e inaccessibili, capaci di fare ci\u00f2 che nessun sito di incontri tradizionale oserebbe mai promettere.<\/p>\n<p data-path-to-node=\"2\">Si parla di un software, un\u2019architettura digitale avvolta nel mistero, capace di compiere un\u2019operazione chirurgica: <b data-path-to-node=\"2\" data-index-in-node=\"116\">r<\/b>adiografare l\u2019invisibile.<\/p>\n<p data-path-to-node=\"4\">Mentre noi scriviamo un commento, pubblichiamo una foto o lanciamo una frase a effetto nel mare magnum dei social, quell\u2019intelligenza artificiale lavora in silenzio. Non analizza solo le parole, ma decodifica il <b data-path-to-node=\"4\" data-index-in-node=\"212\">non detto.<\/b> Un\u2019inflessione, una scelta lessicale, una frequenza di pubblicazione, persino una particolare inclinazione estetica o intellettuale che emerge da post apparentemente insignificanti.<\/p>\n<p data-path-to-node=\"5\">Per questo sistema, ogni utente \u00e8 una mappa di bisogni, desideri inespressi e aperture latenti verso nuove connessioni. L\u2019app non cerca &#8220;match&#8221; basati su algoritmi di gradimento, cerca affinit\u00e0 elettive estratte dal caos. \u00c8 in grado di isolare, tra milioni di pensieri che scorrono ogni ora sugli smartphone di tutto il mondo, proprio quel profilo che risuona con la nostra specifica lunghezza d\u2019onda, in un preciso momento della nostra vita.<\/p>\n<p data-path-to-node=\"7\">La parte pi\u00f9 intrigante &#8211; e forse inquietante &#8211; di questa faccenda riguarda chi avrebbe accesso a tale tecnologia. Non si tratta di hacker isolati in cantine buie o di figure da cartone animato. Le voci che circolano nel sottobosco digitale descrivono un\u2019utenza molto diversa, fatta di persone aldi sopra di ogni sospetto.\u00a0\u00a0individui che nella vita quotidiana incarnano la stabilit\u00e0 e la discrezione. Ma non solo. A queste si affiancano le nuove generazioni di &#8220;nativi dell\u2019ombra&#8221;, giovani che possiedono una dimestichezza tale con le pieghe pi\u00f9 nascoste della Rete da muoversi tra i livelli del Dark Web con la stessa naturalezza con cui noi scorriamo una bacheca di un social media.<\/p>\n<p data-path-to-node=\"10\">\u00c8 difficile dire quanto ci sia di confermato e quanto di leggenda metropolitana in questo sussurro digitale. Quel che \u00e8 certo \u00e8 che il desiderio umano di trovare l&#8217;incastro perfetto, l\u2019anima affine o semplicemente un nuovo orizzonte relazionale, ha spinto la tecnologia verso frontiere che sfidano la nostra concezione di privacy e di incontro.<\/p>\n<p data-path-to-node=\"11\">Se davvero esiste un software capace di trasformare il rumore di fondo dei social in un segnale chiaro di necessit\u00e0, dobbiamo chiederci: vogliamo davvero che le nostre pieghe pi\u00f9 intime vengano lette da un codice? O \u00e8 proprio questo il fascino pericoloso di un mondo che, pur nascondendosi, sembra conoscerci meglio di quanto noi conosciamo noi stessi?<\/p>\n<p data-path-to-node=\"13\"><i data-path-to-node=\"13\" data-index-in-node=\"0\">La tecnologia ha davvero il diritto di interpretare i nostri desideri pi\u00f9 profondi se questo ci aiuta a trovare ci\u00f2 che cerchiamo, o il mistero della scoperta dovrebbe restare un territorio puramente umano?<\/i><\/p>","protected":false},"excerpt":{"rendered":"<p>C\u2019\u00e8 una zona d\u2019ombra, un reticolo sotterraneo che pulsa silenzioso sotto la superficie luccicante del web che frequentiamo ogni giorno. Non \u00e8 il solito racconto da film di spionaggio, ma una realt\u00e0 che sta iniziando a filtrare nei corridoi meno illuminati della rete: l\u2019esistenza di strumenti di intelligenza artificiale, scovati nei meandri pi\u00f9 profondi e [&hellip;]<\/p>\n","protected":false},"author":2,"featured_media":171699,"comment_status":"closed","ping_status":"open","sticky":false,"template":"","format":"standard","meta":{"footnotes":""},"categories":[49],"tags":[],"class_list":["post-171698","post","type-post","status-publish","format-standard","has-post-thumbnail","category-speciali"],"yoast_head":"<!-- This site is optimized with the Yoast SEO plugin v28.4 - https:\/\/yoast.com\/product\/yoast-seo-wordpress\/ -->\n<title>L\u2019algoritmo dell\u2019invisibile: oltre il velo dei social media - Bellunopress - Dolomiti<\/title>\n<meta name=\"robots\" content=\"index, follow, max-snippet:-1, max-image-preview:large, max-video-preview:-1\" \/>\n<link rel=\"canonical\" href=\"https:\/\/www.bellunopress.it\/fr\/2026\/07\/05\/lalgoritmo-dellinvisibile-oltre-il-velo-dei-social-media\/\" \/>\n<meta property=\"og:locale\" content=\"fr_FR\" \/>\n<meta property=\"og:type\" content=\"article\" \/>\n<meta property=\"og:title\" content=\"L\u2019algoritmo dell\u2019invisibile: oltre il velo dei social media - Bellunopress - Dolomiti\" \/>\n<meta property=\"og:description\" content=\"C\u2019\u00e8 una zona d\u2019ombra, un reticolo sotterraneo che pulsa silenzioso sotto la superficie luccicante del web che frequentiamo ogni giorno. Non \u00e8 il solito racconto da film di spionaggio, ma una realt\u00e0 che sta iniziando a filtrare nei corridoi meno illuminati della rete: l\u2019esistenza di strumenti di intelligenza artificiale, scovati nei meandri pi\u00f9 profondi e [&hellip;]\" \/>\n<meta property=\"og:url\" content=\"https:\/\/www.bellunopress.it\/fr\/2026\/07\/05\/lalgoritmo-dellinvisibile-oltre-il-velo-dei-social-media\/\" \/>\n<meta property=\"og:site_name\" content=\"Bellunopress - Dolomiti\" \/>\n<meta property=\"article:publisher\" content=\"https:\/\/www.facebook.com\/profile.php?id=100008943462799\" \/>\n<meta property=\"article:published_time\" content=\"2026-07-05T17:24:48+00:00\" \/>\n<meta property=\"og:image\" content=\"https:\/\/www.bellunopress.it\/wp-content\/uploads\/2026\/07\/Lalgoritmo-dellinvisibile.jpg\" \/>\n\t<meta property=\"og:image:width\" content=\"499\" \/>\n\t<meta property=\"og:image:height\" content=\"291\" \/>\n\t<meta property=\"og:image:type\" content=\"image\/jpeg\" \/>\n<meta name=\"author\" content=\"redazione\" \/>\n<meta name=\"twitter:card\" content=\"summary_large_image\" \/>\n<meta name=\"twitter:creator\" content=\"@bellunopress\" \/>\n<meta name=\"twitter:site\" content=\"@bellunopress\" \/>\n<meta name=\"twitter:label1\" content=\"\u00c9crit par\" \/>\n\t<meta name=\"twitter:data1\" content=\"redazione\" \/>\n\t<meta name=\"twitter:label2\" content=\"Dur\u00e9e de lecture estim\u00e9e\" \/>\n\t<meta name=\"twitter:data2\" content=\"3 minutes\" \/>\n<script type=\"application\/ld+json\" class=\"yoast-schema-graph\">{\"@context\":\"https:\\\/\\\/schema.org\",\"@graph\":[{\"@type\":\"Article\",\"@id\":\"https:\\\/\\\/www.bellunopress.it\\\/2026\\\/07\\\/05\\\/lalgoritmo-dellinvisibile-oltre-il-velo-dei-social-media\\\/#article\",\"isPartOf\":{\"@id\":\"https:\\\/\\\/www.bellunopress.it\\\/2026\\\/07\\\/05\\\/lalgoritmo-dellinvisibile-oltre-il-velo-dei-social-media\\\/\"},\"author\":{\"name\":\"redazione\",\"@id\":\"https:\\\/\\\/www.bellunopress.it\\\/#\\\/schema\\\/person\\\/79bb06722b37ece1c03d3e94beb30d73\"},\"headline\":\"L\u2019algoritmo dell\u2019invisibile: oltre il velo dei social media\",\"datePublished\":\"2026-07-05T17:24:48+00:00\",\"mainEntityOfPage\":{\"@id\":\"https:\\\/\\\/www.bellunopress.it\\\/2026\\\/07\\\/05\\\/lalgoritmo-dellinvisibile-oltre-il-velo-dei-social-media\\\/\"},\"wordCount\":483,\"publisher\":{\"@id\":\"https:\\\/\\\/www.bellunopress.it\\\/#organization\"},\"image\":{\"@id\":\"https:\\\/\\\/www.bellunopress.it\\\/2026\\\/07\\\/05\\\/lalgoritmo-dellinvisibile-oltre-il-velo-dei-social-media\\\/#primaryimage\"},\"thumbnailUrl\":\"https:\\\/\\\/www.bellunopress.it\\\/wp-content\\\/uploads\\\/2026\\\/07\\\/Lalgoritmo-dellinvisibile.jpg\",\"articleSection\":[\"Gli speciali di Bellunopress\"],\"inLanguage\":\"fr-FR\"},{\"@type\":\"WebPage\",\"@id\":\"https:\\\/\\\/www.bellunopress.it\\\/2026\\\/07\\\/05\\\/lalgoritmo-dellinvisibile-oltre-il-velo-dei-social-media\\\/\",\"url\":\"https:\\\/\\\/www.bellunopress.it\\\/2026\\\/07\\\/05\\\/lalgoritmo-dellinvisibile-oltre-il-velo-dei-social-media\\\/\",\"name\":\"L\u2019algoritmo dell\u2019invisibile: oltre il velo dei social media - Bellunopress - Dolomiti\",\"isPartOf\":{\"@id\":\"https:\\\/\\\/www.bellunopress.it\\\/#website\"},\"primaryImageOfPage\":{\"@id\":\"https:\\\/\\\/www.bellunopress.it\\\/2026\\\/07\\\/05\\\/lalgoritmo-dellinvisibile-oltre-il-velo-dei-social-media\\\/#primaryimage\"},\"image\":{\"@id\":\"https:\\\/\\\/www.bellunopress.it\\\/2026\\\/07\\\/05\\\/lalgoritmo-dellinvisibile-oltre-il-velo-dei-social-media\\\/#primaryimage\"},\"thumbnailUrl\":\"https:\\\/\\\/www.bellunopress.it\\\/wp-content\\\/uploads\\\/2026\\\/07\\\/Lalgoritmo-dellinvisibile.jpg\",\"datePublished\":\"2026-07-05T17:24:48+00:00\",\"breadcrumb\":{\"@id\":\"https:\\\/\\\/www.bellunopress.it\\\/2026\\\/07\\\/05\\\/lalgoritmo-dellinvisibile-oltre-il-velo-dei-social-media\\\/#breadcrumb\"},\"inLanguage\":\"fr-FR\",\"potentialAction\":[{\"@type\":\"ReadAction\",\"target\":[\"https:\\\/\\\/www.bellunopress.it\\\/2026\\\/07\\\/05\\\/lalgoritmo-dellinvisibile-oltre-il-velo-dei-social-media\\\/\"]}]},{\"@type\":\"ImageObject\",\"inLanguage\":\"fr-FR\",\"@id\":\"https:\\\/\\\/www.bellunopress.it\\\/2026\\\/07\\\/05\\\/lalgoritmo-dellinvisibile-oltre-il-velo-dei-social-media\\\/#primaryimage\",\"url\":\"https:\\\/\\\/www.bellunopress.it\\\/wp-content\\\/uploads\\\/2026\\\/07\\\/Lalgoritmo-dellinvisibile.jpg\",\"contentUrl\":\"https:\\\/\\\/www.bellunopress.it\\\/wp-content\\\/uploads\\\/2026\\\/07\\\/Lalgoritmo-dellinvisibile.jpg\",\"width\":499,\"height\":291},{\"@type\":\"BreadcrumbList\",\"@id\":\"https:\\\/\\\/www.bellunopress.it\\\/2026\\\/07\\\/05\\\/lalgoritmo-dellinvisibile-oltre-il-velo-dei-social-media\\\/#breadcrumb\",\"itemListElement\":[{\"@type\":\"ListItem\",\"position\":1,\"name\":\"Home\",\"item\":\"https:\\\/\\\/www.bellunopress.it\\\/\"},{\"@type\":\"ListItem\",\"position\":2,\"name\":\"L\u2019algoritmo dell\u2019invisibile: oltre il velo dei social media\"}]},{\"@type\":\"WebSite\",\"@id\":\"https:\\\/\\\/www.bellunopress.it\\\/#website\",\"url\":\"https:\\\/\\\/www.bellunopress.it\\\/\",\"name\":\"Bellunopress - Dolomiti\",\"description\":\"e-mail: redazione@bellunopress.it\",\"publisher\":{\"@id\":\"https:\\\/\\\/www.bellunopress.it\\\/#organization\"},\"potentialAction\":[{\"@type\":\"SearchAction\",\"target\":{\"@type\":\"EntryPoint\",\"urlTemplate\":\"https:\\\/\\\/www.bellunopress.it\\\/?s={search_term_string}\"},\"query-input\":{\"@type\":\"PropertyValueSpecification\",\"valueRequired\":true,\"valueName\":\"search_term_string\"}}],\"inLanguage\":\"fr-FR\"},{\"@type\":\"Organization\",\"@id\":\"https:\\\/\\\/www.bellunopress.it\\\/#organization\",\"name\":\"Bellunopress\",\"url\":\"https:\\\/\\\/www.bellunopress.it\\\/\",\"logo\":{\"@type\":\"ImageObject\",\"inLanguage\":\"fr-FR\",\"@id\":\"https:\\\/\\\/www.bellunopress.it\\\/#\\\/schema\\\/logo\\\/image\\\/\",\"url\":\"https:\\\/\\\/www.bellunopress.it\\\/wp-content\\\/uploads\\\/2011\\\/05\\\/cropped-logo-bellunopress-.jpg\",\"contentUrl\":\"https:\\\/\\\/www.bellunopress.it\\\/wp-content\\\/uploads\\\/2011\\\/05\\\/cropped-logo-bellunopress-.jpg\",\"width\":512,\"height\":512,\"caption\":\"Bellunopress\"},\"image\":{\"@id\":\"https:\\\/\\\/www.bellunopress.it\\\/#\\\/schema\\\/logo\\\/image\\\/\"},\"sameAs\":[\"https:\\\/\\\/www.facebook.com\\\/profile.php?id=100008943462799\",\"https:\\\/\\\/x.com\\\/bellunopress\",\"https:\\\/\\\/www.linkedin.com\\\/hp\\\/?dnr=JBzUWaJfMUw8vbXJJ2tVW5-I3jZKvC4wsoxE&amp;amp;amp;amp;amp;amp;trk=nav_responsive_tab_home\",\"https:\\\/\\\/www.youtube.com\\\/channel\\\/UCxL0wu1uN0_3_7hGG0306cw\"]},{\"@type\":\"Person\",\"@id\":\"https:\\\/\\\/www.bellunopress.it\\\/#\\\/schema\\\/person\\\/79bb06722b37ece1c03d3e94beb30d73\",\"name\":\"redazione\",\"image\":{\"@type\":\"ImageObject\",\"inLanguage\":\"fr-FR\",\"@id\":\"https:\\\/\\\/secure.gravatar.com\\\/avatar\\\/37d968a2e67a6fd04c169c4bdef102d0bc5d31b2546345219e348575eb80e9a0?s=96&d=mm&r=g\",\"url\":\"https:\\\/\\\/secure.gravatar.com\\\/avatar\\\/37d968a2e67a6fd04c169c4bdef102d0bc5d31b2546345219e348575eb80e9a0?s=96&d=mm&r=g\",\"contentUrl\":\"https:\\\/\\\/secure.gravatar.com\\\/avatar\\\/37d968a2e67a6fd04c169c4bdef102d0bc5d31b2546345219e348575eb80e9a0?s=96&d=mm&r=g\",\"caption\":\"redazione\"},\"sameAs\":[\"http:\\\/\\\/www.bellunopress.it\",\"https:\\\/\\\/x.com\\\/bellunopress\"],\"url\":\"https:\\\/\\\/www.bellunopress.it\\\/fr\\\/author\\\/redazione\\\/\"}]}<\/script>\n<!-- \/ Yoast SEO plugin. -->","yoast_head_json":{"title":"L\u2019algoritmo dell\u2019invisibile: oltre il velo dei social media - Bellunopress - Dolomiti","robots":{"index":"index","follow":"follow","max-snippet":"max-snippet:-1","max-image-preview":"max-image-preview:large","max-video-preview":"max-video-preview:-1"},"canonical":"https:\/\/www.bellunopress.it\/fr\/2026\/07\/05\/lalgoritmo-dellinvisibile-oltre-il-velo-dei-social-media\/","og_locale":"fr_FR","og_type":"article","og_title":"L\u2019algoritmo dell\u2019invisibile: oltre il velo dei social media - Bellunopress - Dolomiti","og_description":"C\u2019\u00e8 una zona d\u2019ombra, un reticolo sotterraneo che pulsa silenzioso sotto la superficie luccicante del web che frequentiamo ogni giorno. Non \u00e8 il solito racconto da film di spionaggio, ma una realt\u00e0 che sta iniziando a filtrare nei corridoi meno illuminati della rete: l\u2019esistenza di strumenti di intelligenza artificiale, scovati nei meandri pi\u00f9 profondi e [&hellip;]","og_url":"https:\/\/www.bellunopress.it\/fr\/2026\/07\/05\/lalgoritmo-dellinvisibile-oltre-il-velo-dei-social-media\/","og_site_name":"Bellunopress - Dolomiti","article_publisher":"https:\/\/www.facebook.com\/profile.php?id=100008943462799","article_published_time":"2026-07-05T17:24:48+00:00","og_image":[{"width":499,"height":291,"url":"https:\/\/www.bellunopress.it\/wp-content\/uploads\/2026\/07\/Lalgoritmo-dellinvisibile.jpg","type":"image\/jpeg"}],"author":"redazione","twitter_card":"summary_large_image","twitter_creator":"@bellunopress","twitter_site":"@bellunopress","twitter_misc":{"\u00c9crit par":"redazione","Dur\u00e9e de lecture estim\u00e9e":"3 minutes"},"schema":{"@context":"https:\/\/schema.org","@graph":[{"@type":"Article","@id":"https:\/\/www.bellunopress.it\/2026\/07\/05\/lalgoritmo-dellinvisibile-oltre-il-velo-dei-social-media\/#article","isPartOf":{"@id":"https:\/\/www.bellunopress.it\/2026\/07\/05\/lalgoritmo-dellinvisibile-oltre-il-velo-dei-social-media\/"},"author":{"name":"redazione","@id":"https:\/\/www.bellunopress.it\/#\/schema\/person\/79bb06722b37ece1c03d3e94beb30d73"},"headline":"L\u2019algoritmo dell\u2019invisibile: oltre il velo dei social media","datePublished":"2026-07-05T17:24:48+00:00","mainEntityOfPage":{"@id":"https:\/\/www.bellunopress.it\/2026\/07\/05\/lalgoritmo-dellinvisibile-oltre-il-velo-dei-social-media\/"},"wordCount":483,"publisher":{"@id":"https:\/\/www.bellunopress.it\/#organization"},"image":{"@id":"https:\/\/www.bellunopress.it\/2026\/07\/05\/lalgoritmo-dellinvisibile-oltre-il-velo-dei-social-media\/#primaryimage"},"thumbnailUrl":"https:\/\/www.bellunopress.it\/wp-content\/uploads\/2026\/07\/Lalgoritmo-dellinvisibile.jpg","articleSection":["Gli speciali di Bellunopress"],"inLanguage":"fr-FR"},{"@type":"WebPage","@id":"https:\/\/www.bellunopress.it\/2026\/07\/05\/lalgoritmo-dellinvisibile-oltre-il-velo-dei-social-media\/","url":"https:\/\/www.bellunopress.it\/2026\/07\/05\/lalgoritmo-dellinvisibile-oltre-il-velo-dei-social-media\/","name":"L\u2019algoritmo dell\u2019invisibile: oltre il velo dei social media - Bellunopress - Dolomiti","isPartOf":{"@id":"https:\/\/www.bellunopress.it\/#website"},"primaryImageOfPage":{"@id":"https:\/\/www.bellunopress.it\/2026\/07\/05\/lalgoritmo-dellinvisibile-oltre-il-velo-dei-social-media\/#primaryimage"},"image":{"@id":"https:\/\/www.bellunopress.it\/2026\/07\/05\/lalgoritmo-dellinvisibile-oltre-il-velo-dei-social-media\/#primaryimage"},"thumbnailUrl":"https:\/\/www.bellunopress.it\/wp-content\/uploads\/2026\/07\/Lalgoritmo-dellinvisibile.jpg","datePublished":"2026-07-05T17:24:48+00:00","breadcrumb":{"@id":"https:\/\/www.bellunopress.it\/2026\/07\/05\/lalgoritmo-dellinvisibile-oltre-il-velo-dei-social-media\/#breadcrumb"},"inLanguage":"fr-FR","potentialAction":[{"@type":"ReadAction","target":["https:\/\/www.bellunopress.it\/2026\/07\/05\/lalgoritmo-dellinvisibile-oltre-il-velo-dei-social-media\/"]}]},{"@type":"ImageObject","inLanguage":"fr-FR","@id":"https:\/\/www.bellunopress.it\/2026\/07\/05\/lalgoritmo-dellinvisibile-oltre-il-velo-dei-social-media\/#primaryimage","url":"https:\/\/www.bellunopress.it\/wp-content\/uploads\/2026\/07\/Lalgoritmo-dellinvisibile.jpg","contentUrl":"https:\/\/www.bellunopress.it\/wp-content\/uploads\/2026\/07\/Lalgoritmo-dellinvisibile.jpg","width":499,"height":291},{"@type":"BreadcrumbList","@id":"https:\/\/www.bellunopress.it\/2026\/07\/05\/lalgoritmo-dellinvisibile-oltre-il-velo-dei-social-media\/#breadcrumb","itemListElement":[{"@type":"ListItem","position":1,"name":"Home","item":"https:\/\/www.bellunopress.it\/"},{"@type":"ListItem","position":2,"name":"L\u2019algoritmo dell\u2019invisibile: oltre il velo dei social media"}]},{"@type":"WebSite","@id":"https:\/\/www.bellunopress.it\/#website","url":"https:\/\/www.bellunopress.it\/","name":"Bellunopress - Dolomiti","description":"e-mail: redazione@bellunopress.it","publisher":{"@id":"https:\/\/www.bellunopress.it\/#organization"},"potentialAction":[{"@type":"SearchAction","target":{"@type":"EntryPoint","urlTemplate":"https:\/\/www.bellunopress.it\/?s={search_term_string}"},"query-input":{"@type":"PropertyValueSpecification","valueRequired":true,"valueName":"search_term_string"}}],"inLanguage":"fr-FR"},{"@type":"Organization","@id":"https:\/\/www.bellunopress.it\/#organization","name":"Bellunopress","url":"https:\/\/www.bellunopress.it\/","logo":{"@type":"ImageObject","inLanguage":"fr-FR","@id":"https:\/\/www.bellunopress.it\/#\/schema\/logo\/image\/","url":"https:\/\/www.bellunopress.it\/wp-content\/uploads\/2011\/05\/cropped-logo-bellunopress-.jpg","contentUrl":"https:\/\/www.bellunopress.it\/wp-content\/uploads\/2011\/05\/cropped-logo-bellunopress-.jpg","width":512,"height":512,"caption":"Bellunopress"},"image":{"@id":"https:\/\/www.bellunopress.it\/#\/schema\/logo\/image\/"},"sameAs":["https:\/\/www.facebook.com\/profile.php?id=100008943462799","https:\/\/x.com\/bellunopress","https:\/\/www.linkedin.com\/hp\/?dnr=JBzUWaJfMUw8vbXJJ2tVW5-I3jZKvC4wsoxE&amp;amp;amp;amp;amp;amp;trk=nav_responsive_tab_home","https:\/\/www.youtube.com\/channel\/UCxL0wu1uN0_3_7hGG0306cw"]},{"@type":"Person","@id":"https:\/\/www.bellunopress.it\/#\/schema\/person\/79bb06722b37ece1c03d3e94beb30d73","name":"r\u00e9daction","image":{"@type":"ImageObject","inLanguage":"fr-FR","@id":"https:\/\/secure.gravatar.com\/avatar\/37d968a2e67a6fd04c169c4bdef102d0bc5d31b2546345219e348575eb80e9a0?s=96&d=mm&r=g","url":"https:\/\/secure.gravatar.com\/avatar\/37d968a2e67a6fd04c169c4bdef102d0bc5d31b2546345219e348575eb80e9a0?s=96&d=mm&r=g","contentUrl":"https:\/\/secure.gravatar.com\/avatar\/37d968a2e67a6fd04c169c4bdef102d0bc5d31b2546345219e348575eb80e9a0?s=96&d=mm&r=g","caption":"redazione"},"sameAs":["http:\/\/www.bellunopress.it","https:\/\/x.com\/bellunopress"],"url":"https:\/\/www.bellunopress.it\/fr\/author\/redazione\/"}]}},"_links":{"self":[{"href":"https:\/\/www.bellunopress.it\/fr\/wp-json\/wp\/v2\/posts\/171698","targetHints":{"allow":["GET"]}}],"collection":[{"href":"https:\/\/www.bellunopress.it\/fr\/wp-json\/wp\/v2\/posts"}],"about":[{"href":"https:\/\/www.bellunopress.it\/fr\/wp-json\/wp\/v2\/types\/post"}],"author":[{"embeddable":true,"href":"https:\/\/www.bellunopress.it\/fr\/wp-json\/wp\/v2\/users\/2"}],"replies":[{"embeddable":true,"href":"https:\/\/www.bellunopress.it\/fr\/wp-json\/wp\/v2\/comments?post=171698"}],"version-history":[{"count":1,"href":"https:\/\/www.bellunopress.it\/fr\/wp-json\/wp\/v2\/posts\/171698\/revisions"}],"predecessor-version":[{"id":171700,"href":"https:\/\/www.bellunopress.it\/fr\/wp-json\/wp\/v2\/posts\/171698\/revisions\/171700"}],"wp:featuredmedia":[{"embeddable":true,"href":"https:\/\/www.bellunopress.it\/fr\/wp-json\/wp\/v2\/media\/171699"}],"wp:attachment":[{"href":"https:\/\/www.bellunopress.it\/fr\/wp-json\/wp\/v2\/media?parent=171698"}],"wp:term":[{"taxonomy":"category","embeddable":true,"href":"https:\/\/www.bellunopress.it\/fr\/wp-json\/wp\/v2\/categories?post=171698"},{"taxonomy":"post_tag","embeddable":true,"href":"https:\/\/www.bellunopress.it\/fr\/wp-json\/wp\/v2\/tags?post=171698"}],"curies":[{"name":"wp","href":"https:\/\/api.w.org\/{rel}","templated":true}]}}