{"id":171696,"date":"2026-07-05T18:37:04","date_gmt":"2026-07-05T16:37:04","guid":{"rendered":"https:\/\/www.bellunopress.it\/?p=171696"},"modified":"2026-07-05T21:08:49","modified_gmt":"2026-07-05T19:08:49","slug":"belluno-nuovo-caso-sugli-alberi-di-viale-fantuzzi","status":"publish","type":"post","link":"https:\/\/www.bellunopress.it\/fr\/2026\/07\/05\/belluno-nuovo-caso-sugli-alberi-di-viale-fantuzzi\/","title":{"rendered":"Belluno, nuovo caso sugli alberi di viale Fantuzzi"},"content":{"rendered":"<p data-path-to-node=\"3\"><b data-path-to-node=\"3\" data-index-in-node=\"0\">Dopo la battaglia per i tigli di Via Feltre, Italia Nostra e Onda Veneto puntano il dito contro il nuovo progetto del Comune: &#8220;Abbattimenti ingiustificati in nome di una falsa transizione ecologica. Manca l&#8217;autorizzazione della Soprintendenza&#8221;.<\/b><\/p>\n<p data-path-to-node=\"4\">Belluno, 05\/07\/2026\u00a0\u2013 La ferita di via Feltre non si \u00e8 ancora rimarginata che a Belluno si apre un nuovo, acceso fronte di scontro sul patrimonio arboreo cittadino. A finire nel mirino di Italia Nostra e Onda Veneto \u00e8 ora Viale Fantuzzi, teatro di un progetto di riqualificazione che, secondo le associazioni, nasconde un pesante &#8220;inganno&#8221; ai danni dell\u2019ambiente e della memoria storica della citt\u00e0.<\/p>\n<p data-path-to-node=\"5\">Il piano, inserito nel progetto &#8220;SISUS&#8221; (Azione 2.7.1 &#8211; &#8220;Infrastrutture verdi&#8221;), prevede la creazione di un corridoio ecologico che, stando alle critiche, apparirebbe quantomeno paradossale: si interverrebbe infatti pesantemente su un\u2019infrastruttura verde che esiste gi\u00e0 e che svolge correttamente la sua funzione da oltre settant\u2019anni.<\/p>\n<p data-path-to-node=\"7\">Il progetto prevede l\u2019abbattimento di 24 alberi: 23 ippocastani storici e un tiglio. &#8220;Solo 11 di questi esemplari hanno una certificazione che attesta un rischio elevato di pericolosit\u00e0&#8221;, denunciano le associazioni. &#8220;Ci\u00f2 significa che ben 13 piante sane verranno sacrificate&#8221;. Al loro posto, l\u2019amministrazione ha pianificato la messa a dimora di 32 giovani alberelli. Una sostituzione che, per gli ambientalisti, \u00e8 inaccettabile: &#8220;Serviranno decenni prima che queste nuove piante possano restituire l&#8217;ombra e la qualit\u00e0 dell&#8217;aria che ci vengono sottratte oggi&#8221;. A ci\u00f2 si aggiunge la polemica sulla scelta di installare &#8220;bat box&#8221; per i pipistrelli, giudicata come un palliativo rispetto alla distruzione dell&#8217;ecosistema consolidato.<\/p>\n<p data-path-to-node=\"9\">Ma la contestazione non \u00e8 solo di natura ambientale; entra nel merito legale. Viale Fantuzzi, essendo un viale storico esistente da oltre 70 anni, ricade sotto la tutela prevista dal Codice dei Beni Culturali (D.Lgs 42\/2004). Qualsiasi modifica richiederebbe il parere preventivo della Soprintendenza. Eppure, secondo quanto emerso da un accesso agli atti effettuato dalle associazioni, l&#8217;ente di tutela non sarebbe mai stato interpellato. &#8220;La Soprintendenza ha confermato di non aver ricevuto alcuna richiesta di autorizzazione&#8221;, tuonano Italia Nostra e Onda Veneto.<\/p>\n<p data-path-to-node=\"11\">Il tono delle associazioni \u00e8 un appello diretto alla cittadinanza. Il concetto \u00e8 chiaro: un albero storico non \u00e8 un pezzo di arredo urbano sostituibile a piacere, ma un pilastro della biodiversit\u00e0 e della memoria collettiva. &#8220;Distruggere viali alberati con la scusa di tutelare la fauna locale \u00e8 un insulto all&#8217;intelligenza di questa comunit\u00e0&#8221;, scrivono, invocando una gestione del territorio basata su competenze tecniche rigorose e non su logiche politiche che ignorano il cambiamento climatico.<\/p>\n<p data-path-to-node=\"12\">&#8220;La battaglia di via Feltre ha dimostrato che, quando i cittadini sono uniti e informati, il disastro pu\u00f2 essere fermato&#8221;, concludono le sigle. L&#8217;obiettivo, ora, \u00e8 ottenere trasparenza immediata su Viale Fantuzzi. La domanda che resta sospesa, in attesa di una risposta dall&#8217;amministrazione comunale, \u00e8 se sia davvero necessario distruggere per rifare, o se ci sia ancora margine per correggere il tiro e conservare ci\u00f2 che, di buono, la citt\u00e0 ha gi\u00e0 costruito nel tempo.<\/p>","protected":false},"excerpt":{"rendered":"<p>Dopo la battaglia per i tigli di Via Feltre, Italia Nostra e Onda Veneto puntano il dito contro il nuovo progetto del Comune: &#8220;Abbattimenti ingiustificati in nome di una falsa transizione ecologica. Manca l&#8217;autorizzazione della Soprintendenza&#8221;. Belluno, 05\/07\/2026\u00a0\u2013 La ferita di via Feltre non si \u00e8 ancora rimarginata che a Belluno si apre un nuovo, [&hellip;]<\/p>\n","protected":false},"author":2,"featured_media":171704,"comment_status":"closed","ping_status":"open","sticky":false,"template":"","format":"standard","meta":{"footnotes":""},"categories":[3446,38,26,8],"tags":[],"class_list":["post-171696","post","type-post","status-publish","format-standard","has-post-thumbnail","category-featured","category-natura-ambiente","category-prima-pagina","category-societa-istituzioni"],"yoast_head":"<!-- This site is optimized with the Yoast SEO plugin v28.4 - https:\/\/yoast.com\/product\/yoast-seo-wordpress\/ -->\n<title>Belluno, nuovo caso sugli alberi di viale Fantuzzi - Bellunopress - Dolomiti<\/title>\n<meta name=\"robots\" content=\"index, follow, max-snippet:-1, max-image-preview:large, max-video-preview:-1\" \/>\n<link rel=\"canonical\" href=\"https:\/\/www.bellunopress.it\/fr\/2026\/07\/05\/belluno-nuovo-caso-sugli-alberi-di-viale-fantuzzi\/\" \/>\n<meta property=\"og:locale\" content=\"fr_FR\" \/>\n<meta property=\"og:type\" content=\"article\" \/>\n<meta property=\"og:title\" content=\"Belluno, nuovo caso sugli alberi di viale Fantuzzi - Bellunopress - Dolomiti\" \/>\n<meta property=\"og:description\" content=\"Dopo la battaglia per i tigli di Via Feltre, Italia Nostra e Onda Veneto puntano il dito contro il nuovo progetto del Comune: &#8220;Abbattimenti ingiustificati in nome di una falsa transizione ecologica. Manca l&#8217;autorizzazione della Soprintendenza&#8221;. Belluno, 05\/07\/2026\u00a0\u2013 La ferita di via Feltre non si \u00e8 ancora rimarginata che a Belluno si apre un nuovo, [&hellip;]\" \/>\n<meta property=\"og:url\" content=\"https:\/\/www.bellunopress.it\/fr\/2026\/07\/05\/belluno-nuovo-caso-sugli-alberi-di-viale-fantuzzi\/\" \/>\n<meta property=\"og:site_name\" content=\"Bellunopress - Dolomiti\" \/>\n<meta property=\"article:publisher\" content=\"https:\/\/www.facebook.com\/profile.php?id=100008943462799\" \/>\n<meta property=\"article:published_time\" content=\"2026-07-05T16:37:04+00:00\" \/>\n<meta property=\"article:modified_time\" content=\"2026-07-05T19:08:49+00:00\" \/>\n<meta property=\"og:image\" content=\"https:\/\/www.bellunopress.it\/wp-content\/uploads\/2026\/07\/viale-fantuzzi-belluno.jpg\" \/>\n\t<meta property=\"og:image:width\" content=\"600\" \/>\n\t<meta property=\"og:image:height\" content=\"394\" \/>\n\t<meta property=\"og:image:type\" content=\"image\/jpeg\" \/>\n<meta name=\"author\" content=\"redazione\" \/>\n<meta name=\"twitter:card\" content=\"summary_large_image\" \/>\n<meta name=\"twitter:creator\" content=\"@bellunopress\" \/>\n<meta name=\"twitter:site\" content=\"@bellunopress\" \/>\n<meta name=\"twitter:label1\" content=\"Written by\" \/>\n\t<meta name=\"twitter:data1\" content=\"redazione\" \/>\n\t<meta name=\"twitter:label2\" content=\"Est. reading time\" \/>\n\t<meta name=\"twitter:data2\" content=\"3 minutes\" \/>\n<script type=\"application\/ld+json\" class=\"yoast-schema-graph\">{\"@context\":\"https:\\\/\\\/schema.org\",\"@graph\":[{\"@type\":\"Article\",\"@id\":\"https:\\\/\\\/www.bellunopress.it\\\/2026\\\/07\\\/05\\\/belluno-nuovo-caso-sugli-alberi-di-viale-fantuzzi\\\/#article\",\"isPartOf\":{\"@id\":\"https:\\\/\\\/www.bellunopress.it\\\/2026\\\/07\\\/05\\\/belluno-nuovo-caso-sugli-alberi-di-viale-fantuzzi\\\/\"},\"author\":{\"name\":\"redazione\",\"@id\":\"https:\\\/\\\/www.bellunopress.it\\\/#\\\/schema\\\/person\\\/79bb06722b37ece1c03d3e94beb30d73\"},\"headline\":\"Belluno, nuovo caso sugli alberi di viale Fantuzzi\",\"datePublished\":\"2026-07-05T16:37:04+00:00\",\"dateModified\":\"2026-07-05T19:08:49+00:00\",\"mainEntityOfPage\":{\"@id\":\"https:\\\/\\\/www.bellunopress.it\\\/2026\\\/07\\\/05\\\/belluno-nuovo-caso-sugli-alberi-di-viale-fantuzzi\\\/\"},\"wordCount\":485,\"publisher\":{\"@id\":\"https:\\\/\\\/www.bellunopress.it\\\/#organization\"},\"image\":{\"@id\":\"https:\\\/\\\/www.bellunopress.it\\\/2026\\\/07\\\/05\\\/belluno-nuovo-caso-sugli-alberi-di-viale-fantuzzi\\\/#primaryimage\"},\"thumbnailUrl\":\"https:\\\/\\\/www.bellunopress.it\\\/wp-content\\\/uploads\\\/2026\\\/07\\\/viale-fantuzzi-belluno.jpg\",\"articleSection\":[\"Featured\",\"Meteo, natura, ambiente, animali\",\"Prima Pagina\",\"Societ\u00e0, Associazioni, Istituzioni\"],\"inLanguage\":\"fr-FR\"},{\"@type\":\"WebPage\",\"@id\":\"https:\\\/\\\/www.bellunopress.it\\\/2026\\\/07\\\/05\\\/belluno-nuovo-caso-sugli-alberi-di-viale-fantuzzi\\\/\",\"url\":\"https:\\\/\\\/www.bellunopress.it\\\/2026\\\/07\\\/05\\\/belluno-nuovo-caso-sugli-alberi-di-viale-fantuzzi\\\/\",\"name\":\"Belluno, nuovo caso sugli alberi di viale Fantuzzi - Bellunopress - Dolomiti\",\"isPartOf\":{\"@id\":\"https:\\\/\\\/www.bellunopress.it\\\/#website\"},\"primaryImageOfPage\":{\"@id\":\"https:\\\/\\\/www.bellunopress.it\\\/2026\\\/07\\\/05\\\/belluno-nuovo-caso-sugli-alberi-di-viale-fantuzzi\\\/#primaryimage\"},\"image\":{\"@id\":\"https:\\\/\\\/www.bellunopress.it\\\/2026\\\/07\\\/05\\\/belluno-nuovo-caso-sugli-alberi-di-viale-fantuzzi\\\/#primaryimage\"},\"thumbnailUrl\":\"https:\\\/\\\/www.bellunopress.it\\\/wp-content\\\/uploads\\\/2026\\\/07\\\/viale-fantuzzi-belluno.jpg\",\"datePublished\":\"2026-07-05T16:37:04+00:00\",\"dateModified\":\"2026-07-05T19:08:49+00:00\",\"breadcrumb\":{\"@id\":\"https:\\\/\\\/www.bellunopress.it\\\/2026\\\/07\\\/05\\\/belluno-nuovo-caso-sugli-alberi-di-viale-fantuzzi\\\/#breadcrumb\"},\"inLanguage\":\"fr-FR\",\"potentialAction\":[{\"@type\":\"ReadAction\",\"target\":[\"https:\\\/\\\/www.bellunopress.it\\\/2026\\\/07\\\/05\\\/belluno-nuovo-caso-sugli-alberi-di-viale-fantuzzi\\\/\"]}]},{\"@type\":\"ImageObject\",\"inLanguage\":\"fr-FR\",\"@id\":\"https:\\\/\\\/www.bellunopress.it\\\/2026\\\/07\\\/05\\\/belluno-nuovo-caso-sugli-alberi-di-viale-fantuzzi\\\/#primaryimage\",\"url\":\"https:\\\/\\\/www.bellunopress.it\\\/wp-content\\\/uploads\\\/2026\\\/07\\\/viale-fantuzzi-belluno.jpg\",\"contentUrl\":\"https:\\\/\\\/www.bellunopress.it\\\/wp-content\\\/uploads\\\/2026\\\/07\\\/viale-fantuzzi-belluno.jpg\",\"width\":600,\"height\":394},{\"@type\":\"BreadcrumbList\",\"@id\":\"https:\\\/\\\/www.bellunopress.it\\\/2026\\\/07\\\/05\\\/belluno-nuovo-caso-sugli-alberi-di-viale-fantuzzi\\\/#breadcrumb\",\"itemListElement\":[{\"@type\":\"ListItem\",\"position\":1,\"name\":\"Home\",\"item\":\"https:\\\/\\\/www.bellunopress.it\\\/\"},{\"@type\":\"ListItem\",\"position\":2,\"name\":\"Belluno, nuovo caso sugli alberi di viale Fantuzzi\"}]},{\"@type\":\"WebSite\",\"@id\":\"https:\\\/\\\/www.bellunopress.it\\\/#website\",\"url\":\"https:\\\/\\\/www.bellunopress.it\\\/\",\"name\":\"Bellunopress - Dolomiti\",\"description\":\"e-mail: redazione@bellunopress.it\",\"publisher\":{\"@id\":\"https:\\\/\\\/www.bellunopress.it\\\/#organization\"},\"potentialAction\":[{\"@type\":\"SearchAction\",\"target\":{\"@type\":\"EntryPoint\",\"urlTemplate\":\"https:\\\/\\\/www.bellunopress.it\\\/?s={search_term_string}\"},\"query-input\":{\"@type\":\"PropertyValueSpecification\",\"valueRequired\":true,\"valueName\":\"search_term_string\"}}],\"inLanguage\":\"fr-FR\"},{\"@type\":\"Organization\",\"@id\":\"https:\\\/\\\/www.bellunopress.it\\\/#organization\",\"name\":\"Bellunopress\",\"url\":\"https:\\\/\\\/www.bellunopress.it\\\/\",\"logo\":{\"@type\":\"ImageObject\",\"inLanguage\":\"fr-FR\",\"@id\":\"https:\\\/\\\/www.bellunopress.it\\\/#\\\/schema\\\/logo\\\/image\\\/\",\"url\":\"https:\\\/\\\/www.bellunopress.it\\\/wp-content\\\/uploads\\\/2011\\\/05\\\/cropped-logo-bellunopress-.jpg\",\"contentUrl\":\"https:\\\/\\\/www.bellunopress.it\\\/wp-content\\\/uploads\\\/2011\\\/05\\\/cropped-logo-bellunopress-.jpg\",\"width\":512,\"height\":512,\"caption\":\"Bellunopress\"},\"image\":{\"@id\":\"https:\\\/\\\/www.bellunopress.it\\\/#\\\/schema\\\/logo\\\/image\\\/\"},\"sameAs\":[\"https:\\\/\\\/www.facebook.com\\\/profile.php?id=100008943462799\",\"https:\\\/\\\/x.com\\\/bellunopress\",\"https:\\\/\\\/www.linkedin.com\\\/hp\\\/?dnr=JBzUWaJfMUw8vbXJJ2tVW5-I3jZKvC4wsoxE&amp;amp;amp;amp;amp;amp;trk=nav_responsive_tab_home\",\"https:\\\/\\\/www.youtube.com\\\/channel\\\/UCxL0wu1uN0_3_7hGG0306cw\"]},{\"@type\":\"Person\",\"@id\":\"https:\\\/\\\/www.bellunopress.it\\\/#\\\/schema\\\/person\\\/79bb06722b37ece1c03d3e94beb30d73\",\"name\":\"redazione\",\"image\":{\"@type\":\"ImageObject\",\"inLanguage\":\"fr-FR\",\"@id\":\"https:\\\/\\\/secure.gravatar.com\\\/avatar\\\/37d968a2e67a6fd04c169c4bdef102d0bc5d31b2546345219e348575eb80e9a0?s=96&d=mm&r=g\",\"url\":\"https:\\\/\\\/secure.gravatar.com\\\/avatar\\\/37d968a2e67a6fd04c169c4bdef102d0bc5d31b2546345219e348575eb80e9a0?s=96&d=mm&r=g\",\"contentUrl\":\"https:\\\/\\\/secure.gravatar.com\\\/avatar\\\/37d968a2e67a6fd04c169c4bdef102d0bc5d31b2546345219e348575eb80e9a0?s=96&d=mm&r=g\",\"caption\":\"redazione\"},\"sameAs\":[\"http:\\\/\\\/www.bellunopress.it\",\"https:\\\/\\\/x.com\\\/bellunopress\"],\"url\":\"https:\\\/\\\/www.bellunopress.it\\\/fr\\\/author\\\/redazione\\\/\"}]}<\/script>\n<!-- \/ Yoast SEO plugin. -->","yoast_head_json":{"title":"Belluno, nuovo caso sugli alberi di viale Fantuzzi - Bellunopress - Dolomiti","robots":{"index":"index","follow":"follow","max-snippet":"max-snippet:-1","max-image-preview":"max-image-preview:large","max-video-preview":"max-video-preview:-1"},"canonical":"https:\/\/www.bellunopress.it\/fr\/2026\/07\/05\/belluno-nuovo-caso-sugli-alberi-di-viale-fantuzzi\/","og_locale":"fr_FR","og_type":"article","og_title":"Belluno, nuovo caso sugli alberi di viale Fantuzzi - Bellunopress - Dolomiti","og_description":"Dopo la battaglia per i tigli di Via Feltre, Italia Nostra e Onda Veneto puntano il dito contro il nuovo progetto del Comune: &#8220;Abbattimenti ingiustificati in nome di una falsa transizione ecologica. Manca l&#8217;autorizzazione della Soprintendenza&#8221;. Belluno, 05\/07\/2026\u00a0\u2013 La ferita di via Feltre non si \u00e8 ancora rimarginata che a Belluno si apre un nuovo, [&hellip;]","og_url":"https:\/\/www.bellunopress.it\/fr\/2026\/07\/05\/belluno-nuovo-caso-sugli-alberi-di-viale-fantuzzi\/","og_site_name":"Bellunopress - Dolomiti","article_publisher":"https:\/\/www.facebook.com\/profile.php?id=100008943462799","article_published_time":"2026-07-05T16:37:04+00:00","article_modified_time":"2026-07-05T19:08:49+00:00","og_image":[{"width":600,"height":394,"url":"https:\/\/www.bellunopress.it\/wp-content\/uploads\/2026\/07\/viale-fantuzzi-belluno.jpg","type":"image\/jpeg"}],"author":"redazione","twitter_card":"summary_large_image","twitter_creator":"@bellunopress","twitter_site":"@bellunopress","twitter_misc":{"Written by":"redazione","Est. reading time":"3 minutes"},"schema":{"@context":"https:\/\/schema.org","@graph":[{"@type":"Article","@id":"https:\/\/www.bellunopress.it\/2026\/07\/05\/belluno-nuovo-caso-sugli-alberi-di-viale-fantuzzi\/#article","isPartOf":{"@id":"https:\/\/www.bellunopress.it\/2026\/07\/05\/belluno-nuovo-caso-sugli-alberi-di-viale-fantuzzi\/"},"author":{"name":"redazione","@id":"https:\/\/www.bellunopress.it\/#\/schema\/person\/79bb06722b37ece1c03d3e94beb30d73"},"headline":"Belluno, nuovo caso sugli alberi di viale Fantuzzi","datePublished":"2026-07-05T16:37:04+00:00","dateModified":"2026-07-05T19:08:49+00:00","mainEntityOfPage":{"@id":"https:\/\/www.bellunopress.it\/2026\/07\/05\/belluno-nuovo-caso-sugli-alberi-di-viale-fantuzzi\/"},"wordCount":485,"publisher":{"@id":"https:\/\/www.bellunopress.it\/#organization"},"image":{"@id":"https:\/\/www.bellunopress.it\/2026\/07\/05\/belluno-nuovo-caso-sugli-alberi-di-viale-fantuzzi\/#primaryimage"},"thumbnailUrl":"https:\/\/www.bellunopress.it\/wp-content\/uploads\/2026\/07\/viale-fantuzzi-belluno.jpg","articleSection":["Featured","Meteo, natura, ambiente, animali","Prima Pagina","Societ\u00e0, Associazioni, Istituzioni"],"inLanguage":"fr-FR"},{"@type":"WebPage","@id":"https:\/\/www.bellunopress.it\/2026\/07\/05\/belluno-nuovo-caso-sugli-alberi-di-viale-fantuzzi\/","url":"https:\/\/www.bellunopress.it\/2026\/07\/05\/belluno-nuovo-caso-sugli-alberi-di-viale-fantuzzi\/","name":"Belluno, nuovo caso sugli alberi di viale Fantuzzi - Bellunopress - Dolomiti","isPartOf":{"@id":"https:\/\/www.bellunopress.it\/#website"},"primaryImageOfPage":{"@id":"https:\/\/www.bellunopress.it\/2026\/07\/05\/belluno-nuovo-caso-sugli-alberi-di-viale-fantuzzi\/#primaryimage"},"image":{"@id":"https:\/\/www.bellunopress.it\/2026\/07\/05\/belluno-nuovo-caso-sugli-alberi-di-viale-fantuzzi\/#primaryimage"},"thumbnailUrl":"https:\/\/www.bellunopress.it\/wp-content\/uploads\/2026\/07\/viale-fantuzzi-belluno.jpg","datePublished":"2026-07-05T16:37:04+00:00","dateModified":"2026-07-05T19:08:49+00:00","breadcrumb":{"@id":"https:\/\/www.bellunopress.it\/2026\/07\/05\/belluno-nuovo-caso-sugli-alberi-di-viale-fantuzzi\/#breadcrumb"},"inLanguage":"fr-FR","potentialAction":[{"@type":"ReadAction","target":["https:\/\/www.bellunopress.it\/2026\/07\/05\/belluno-nuovo-caso-sugli-alberi-di-viale-fantuzzi\/"]}]},{"@type":"ImageObject","inLanguage":"fr-FR","@id":"https:\/\/www.bellunopress.it\/2026\/07\/05\/belluno-nuovo-caso-sugli-alberi-di-viale-fantuzzi\/#primaryimage","url":"https:\/\/www.bellunopress.it\/wp-content\/uploads\/2026\/07\/viale-fantuzzi-belluno.jpg","contentUrl":"https:\/\/www.bellunopress.it\/wp-content\/uploads\/2026\/07\/viale-fantuzzi-belluno.jpg","width":600,"height":394},{"@type":"BreadcrumbList","@id":"https:\/\/www.bellunopress.it\/2026\/07\/05\/belluno-nuovo-caso-sugli-alberi-di-viale-fantuzzi\/#breadcrumb","itemListElement":[{"@type":"ListItem","position":1,"name":"Home","item":"https:\/\/www.bellunopress.it\/"},{"@type":"ListItem","position":2,"name":"Belluno, nuovo caso sugli alberi di viale Fantuzzi"}]},{"@type":"WebSite","@id":"https:\/\/www.bellunopress.it\/#website","url":"https:\/\/www.bellunopress.it\/","name":"Bellunopress - Dolomiti","description":"e-mail: redazione@bellunopress.it","publisher":{"@id":"https:\/\/www.bellunopress.it\/#organization"},"potentialAction":[{"@type":"SearchAction","target":{"@type":"EntryPoint","urlTemplate":"https:\/\/www.bellunopress.it\/?s={search_term_string}"},"query-input":{"@type":"PropertyValueSpecification","valueRequired":true,"valueName":"search_term_string"}}],"inLanguage":"fr-FR"},{"@type":"Organization","@id":"https:\/\/www.bellunopress.it\/#organization","name":"Bellunopress","url":"https:\/\/www.bellunopress.it\/","logo":{"@type":"ImageObject","inLanguage":"fr-FR","@id":"https:\/\/www.bellunopress.it\/#\/schema\/logo\/image\/","url":"https:\/\/www.bellunopress.it\/wp-content\/uploads\/2011\/05\/cropped-logo-bellunopress-.jpg","contentUrl":"https:\/\/www.bellunopress.it\/wp-content\/uploads\/2011\/05\/cropped-logo-bellunopress-.jpg","width":512,"height":512,"caption":"Bellunopress"},"image":{"@id":"https:\/\/www.bellunopress.it\/#\/schema\/logo\/image\/"},"sameAs":["https:\/\/www.facebook.com\/profile.php?id=100008943462799","https:\/\/x.com\/bellunopress","https:\/\/www.linkedin.com\/hp\/?dnr=JBzUWaJfMUw8vbXJJ2tVW5-I3jZKvC4wsoxE&amp;amp;amp;amp;amp;amp;trk=nav_responsive_tab_home","https:\/\/www.youtube.com\/channel\/UCxL0wu1uN0_3_7hGG0306cw"]},{"@type":"Person","@id":"https:\/\/www.bellunopress.it\/#\/schema\/person\/79bb06722b37ece1c03d3e94beb30d73","name":"r\u00e9daction","image":{"@type":"ImageObject","inLanguage":"fr-FR","@id":"https:\/\/secure.gravatar.com\/avatar\/37d968a2e67a6fd04c169c4bdef102d0bc5d31b2546345219e348575eb80e9a0?s=96&d=mm&r=g","url":"https:\/\/secure.gravatar.com\/avatar\/37d968a2e67a6fd04c169c4bdef102d0bc5d31b2546345219e348575eb80e9a0?s=96&d=mm&r=g","contentUrl":"https:\/\/secure.gravatar.com\/avatar\/37d968a2e67a6fd04c169c4bdef102d0bc5d31b2546345219e348575eb80e9a0?s=96&d=mm&r=g","caption":"redazione"},"sameAs":["http:\/\/www.bellunopress.it","https:\/\/x.com\/bellunopress"],"url":"https:\/\/www.bellunopress.it\/fr\/author\/redazione\/"}]}},"_links":{"self":[{"href":"https:\/\/www.bellunopress.it\/fr\/wp-json\/wp\/v2\/posts\/171696","targetHints":{"allow":["GET"]}}],"collection":[{"href":"https:\/\/www.bellunopress.it\/fr\/wp-json\/wp\/v2\/posts"}],"about":[{"href":"https:\/\/www.bellunopress.it\/fr\/wp-json\/wp\/v2\/types\/post"}],"author":[{"embeddable":true,"href":"https:\/\/www.bellunopress.it\/fr\/wp-json\/wp\/v2\/users\/2"}],"replies":[{"embeddable":true,"href":"https:\/\/www.bellunopress.it\/fr\/wp-json\/wp\/v2\/comments?post=171696"}],"version-history":[{"count":1,"href":"https:\/\/www.bellunopress.it\/fr\/wp-json\/wp\/v2\/posts\/171696\/revisions"}],"predecessor-version":[{"id":171697,"href":"https:\/\/www.bellunopress.it\/fr\/wp-json\/wp\/v2\/posts\/171696\/revisions\/171697"}],"wp:featuredmedia":[{"embeddable":true,"href":"https:\/\/www.bellunopress.it\/fr\/wp-json\/wp\/v2\/media\/171704"}],"wp:attachment":[{"href":"https:\/\/www.bellunopress.it\/fr\/wp-json\/wp\/v2\/media?parent=171696"}],"wp:term":[{"taxonomy":"category","embeddable":true,"href":"https:\/\/www.bellunopress.it\/fr\/wp-json\/wp\/v2\/categories?post=171696"},{"taxonomy":"post_tag","embeddable":true,"href":"https:\/\/www.bellunopress.it\/fr\/wp-json\/wp\/v2\/tags?post=171696"}],"curies":[{"name":"wp","href":"https:\/\/api.w.org\/{rel}","templated":true}]}}