{"id":171693,"date":"2026-07-05T18:25:24","date_gmt":"2026-07-05T16:25:24","guid":{"rendered":"https:\/\/www.bellunopress.it\/?p=171693"},"modified":"2026-07-05T18:25:24","modified_gmt":"2026-07-05T16:25:24","slug":"alla-rsa-di-cusighe-inaugurata-la-nuova-stanza-sensoriale","status":"publish","type":"post","link":"https:\/\/www.bellunopress.it\/fr\/2026\/07\/05\/alla-rsa-di-cusighe-inaugurata-la-nuova-stanza-sensoriale\/","title":{"rendered":"Alla RSA di Cusighe inaugurata la nuova stanza sensoriale"},"content":{"rendered":"<p><strong>Un ambiente innovativo dedicato al benessere degli ospiti per la struttura gestita da Insieme Si Pu\u00f2: suoni, immagini e materiali tattili per favorire rilassamento, comunicazione e qualit\u00e0 della vita<\/strong><\/p>\n<p>Belluno, luglio 2026 &#8211;\u00a0Un nuovo spazio dedicato al benessere, all&#8217;ascolto e alla cura della persona. \u00c8 stata inaugurata nei giorni scorsi la nuova stanza sensoriale della RSA di Cusighe, un ambiente innovativo pensato per offrire agli ospiti con disabilit\u00e0 gravi e gravissime esperienze multisensoriali personalizzate, capaci di favorire rilassamento, comunicazione e mantenimento delle capacit\u00e0 residue.<\/p>\n<p>Il progetto nasce da un importante lavoro di rete che ha coinvolto la cooperativa Insieme Si Pu\u00f2, le famiglie degli ospiti, le scuole e numerosi enti del territorio. Fondamentale anche il contributo delle donazioni di alcuni ospiti e le loro famiglie, che hanno permesso di trasformare un&#8217;idea condivisa in uno spazio concreto al servizio delle persone pi\u00f9 fragili.<\/p>\n<p>La nuova stanza \u00e8 stata progettata secondo i principi della stimolazione multisensoriale, metodologia riconosciuta a livello internazionale per i benefici che pu\u00f2 offrire alle persone con importanti disabilit\u00e0 cognitive, relazionali e neurologiche. L&#8217;ambiente, studiato anche nelle dimensioni per favorire la fruizione in piccoli gruppi, permette di modulare in modo controllato gli stimoli, evitando sovraccarichi sensoriali e costruendo percorsi individualizzati in base ai bisogni di ciascun ospite.<\/p>\n<p>\u00abCon questo nuovo progetto la RSA di Cusighe compie un ulteriore passo verso un&#8217;assistenza sempre pi\u00f9 innovativa e personalizzata, nella convinzione che il benessere non significhi soltanto cura sanitaria, ma anche creare ambienti capaci di accogliere, rassicurare, stimolare e valorizzare ogni persona nella sua unicit\u00e0. Una dimostrazione concreta del nostro impegno a sentirci parte della comunit\u00e0\u00bb afferma Raffaella Da Ros, presidente della cooperativa Insieme Si Pu\u00f2.<\/p>\n<p>Lo spazio \u00e8 dotato di colonne luminose a bolle, proiettori con scenari immersivi, sistemi audio dedicati alla musicoterapia e al rilassamento, materiali tattili, piscina di palline, poltrone ergonomiche, diffusori di profumi e numerosi strumenti che consentono agli utenti di vivere esperienze coinvolgenti, favorendo la partecipazione attiva e la relazione.<\/p>\n<p>\u00abLa realizzazione di questo spazio rappresenta una risorsa preziosa per promuovere il benessere e sostenere lo sviluppo delle capacit\u00e0 relazionali ed emotive degli ospiti. Il valore aggiunto \u00e8 l&#8217;aver lavorato in sinergia con le famiglie e le associazioni del territorio per la riuscita del progetto\u00bb commenta Milena Guglielminetti, direttrice della disabilit\u00e0 del distretto di Belluno.<\/p>\n<p>La stanza sensoriale rappresenta un&#8217;importante opportunit\u00e0 terapeutica, educativa e riabilitativa. Le attivit\u00e0 proposte permettono infatti di ridurre stati di ansia, agitazione e stress, migliorare il benessere psicofisico, stimolare le capacit\u00e0 percettive e cognitive ancora presenti, incentivare la comunicazione non verbale, sostenere percorsi personalizzati di stimolazione sensoriale e offrire momenti di rilassamento guidato, sia individuali sia in piccoli gruppi. L&#8217;obiettivo \u00e8 anche quello di favorire esperienze di scelta e autodeterminazione, contribuendo a contenere eventuali comportamenti problematici e ad aumentare la qualit\u00e0 della vita.<\/p>\n<p>La nuova dotazione sar\u00e0 a disposizione dell&#8217;intera comunit\u00e0 della RSA di Cusighe, che ospita 40 residenti, ampliando in modo significativo l&#8217;offerta assistenziale della struttura e rafforzando un modello di presa in carico sempre pi\u00f9 centrato sulla persona, sui suoi bisogni e sulle sue potenzialit\u00e0. All&#8217;inaugurazione hanno preso parte anche il vescovo, monsignor Renato Marangoni, e il sindaco Oscar De Pellegrin. A rendere ancora pi\u00f9 emozionante il momento inaugurale \u00e8 stata l&#8217;esibizione del Coro delle Mani Bianche con una performance dedicata a inclusione, sensibilit\u00e0 e condivisione.<\/p>","protected":false},"excerpt":{"rendered":"<p>Un ambiente innovativo dedicato al benessere degli ospiti per la struttura gestita da Insieme Si Pu\u00f2: suoni, immagini e materiali tattili per favorire rilassamento, comunicazione e qualit\u00e0 della vita Belluno, luglio 2026 &#8211;\u00a0Un nuovo spazio dedicato al benessere, all&#8217;ascolto e alla cura della persona. \u00c8 stata inaugurata nei giorni scorsi la nuova stanza sensoriale della [&hellip;]<\/p>\n","protected":false},"author":2,"featured_media":171694,"comment_status":"closed","ping_status":"open","sticky":false,"template":"","format":"standard","meta":{"footnotes":""},"categories":[26,8],"tags":[],"class_list":["post-171693","post","type-post","status-publish","format-standard","has-post-thumbnail","category-prima-pagina","category-societa-istituzioni"],"yoast_head":"<!-- This site is optimized with the Yoast SEO plugin v28.4 - https:\/\/yoast.com\/product\/yoast-seo-wordpress\/ -->\n<title>Alla RSA di Cusighe inaugurata la nuova stanza sensoriale - Bellunopress - Dolomiti<\/title>\n<meta name=\"robots\" content=\"index, follow, max-snippet:-1, max-image-preview:large, max-video-preview:-1\" \/>\n<link rel=\"canonical\" href=\"https:\/\/www.bellunopress.it\/fr\/2026\/07\/05\/alla-rsa-di-cusighe-inaugurata-la-nuova-stanza-sensoriale\/\" \/>\n<meta property=\"og:locale\" content=\"fr_FR\" \/>\n<meta property=\"og:type\" content=\"article\" \/>\n<meta property=\"og:title\" content=\"Alla RSA di Cusighe inaugurata la nuova stanza sensoriale - Bellunopress - Dolomiti\" \/>\n<meta property=\"og:description\" content=\"Un ambiente innovativo dedicato al benessere degli ospiti per la struttura gestita da Insieme Si Pu\u00f2: suoni, immagini e materiali tattili per favorire rilassamento, comunicazione e qualit\u00e0 della vita Belluno, luglio 2026 &#8211;\u00a0Un nuovo spazio dedicato al benessere, all&#8217;ascolto e alla cura della persona. \u00c8 stata inaugurata nei giorni scorsi la nuova stanza sensoriale della [&hellip;]\" \/>\n<meta property=\"og:url\" content=\"https:\/\/www.bellunopress.it\/fr\/2026\/07\/05\/alla-rsa-di-cusighe-inaugurata-la-nuova-stanza-sensoriale\/\" \/>\n<meta property=\"og:site_name\" content=\"Bellunopress - Dolomiti\" \/>\n<meta property=\"article:publisher\" content=\"https:\/\/www.facebook.com\/profile.php?id=100008943462799\" \/>\n<meta property=\"article:published_time\" content=\"2026-07-05T16:25:24+00:00\" \/>\n<meta property=\"og:image\" content=\"https:\/\/www.bellunopress.it\/wp-content\/uploads\/2026\/07\/Inaugurazione-stanza-sensoriale-RSA-Cusighe.jpg\" \/>\n\t<meta property=\"og:image:width\" content=\"500\" \/>\n\t<meta property=\"og:image:height\" content=\"353\" \/>\n\t<meta property=\"og:image:type\" content=\"image\/jpeg\" \/>\n<meta name=\"author\" content=\"redazione\" \/>\n<meta name=\"twitter:card\" content=\"summary_large_image\" \/>\n<meta name=\"twitter:creator\" content=\"@bellunopress\" \/>\n<meta name=\"twitter:site\" content=\"@bellunopress\" \/>\n<meta name=\"twitter:label1\" content=\"\u00c9crit par\" \/>\n\t<meta name=\"twitter:data1\" content=\"redazione\" \/>\n\t<meta name=\"twitter:label2\" content=\"Dur\u00e9e de lecture estim\u00e9e\" \/>\n\t<meta name=\"twitter:data2\" content=\"4 minutes\" \/>\n<script type=\"application\/ld+json\" class=\"yoast-schema-graph\">{\"@context\":\"https:\\\/\\\/schema.org\",\"@graph\":[{\"@type\":\"Article\",\"@id\":\"https:\\\/\\\/www.bellunopress.it\\\/2026\\\/07\\\/05\\\/alla-rsa-di-cusighe-inaugurata-la-nuova-stanza-sensoriale\\\/#article\",\"isPartOf\":{\"@id\":\"https:\\\/\\\/www.bellunopress.it\\\/2026\\\/07\\\/05\\\/alla-rsa-di-cusighe-inaugurata-la-nuova-stanza-sensoriale\\\/\"},\"author\":{\"name\":\"redazione\",\"@id\":\"https:\\\/\\\/www.bellunopress.it\\\/#\\\/schema\\\/person\\\/79bb06722b37ece1c03d3e94beb30d73\"},\"headline\":\"Alla RSA di Cusighe inaugurata la nuova stanza sensoriale\",\"datePublished\":\"2026-07-05T16:25:24+00:00\",\"mainEntityOfPage\":{\"@id\":\"https:\\\/\\\/www.bellunopress.it\\\/2026\\\/07\\\/05\\\/alla-rsa-di-cusighe-inaugurata-la-nuova-stanza-sensoriale\\\/\"},\"wordCount\":558,\"publisher\":{\"@id\":\"https:\\\/\\\/www.bellunopress.it\\\/#organization\"},\"image\":{\"@id\":\"https:\\\/\\\/www.bellunopress.it\\\/2026\\\/07\\\/05\\\/alla-rsa-di-cusighe-inaugurata-la-nuova-stanza-sensoriale\\\/#primaryimage\"},\"thumbnailUrl\":\"https:\\\/\\\/www.bellunopress.it\\\/wp-content\\\/uploads\\\/2026\\\/07\\\/Inaugurazione-stanza-sensoriale-RSA-Cusighe.jpg\",\"articleSection\":[\"Prima Pagina\",\"Societ\u00e0, Associazioni, Istituzioni\"],\"inLanguage\":\"fr-FR\"},{\"@type\":\"WebPage\",\"@id\":\"https:\\\/\\\/www.bellunopress.it\\\/2026\\\/07\\\/05\\\/alla-rsa-di-cusighe-inaugurata-la-nuova-stanza-sensoriale\\\/\",\"url\":\"https:\\\/\\\/www.bellunopress.it\\\/2026\\\/07\\\/05\\\/alla-rsa-di-cusighe-inaugurata-la-nuova-stanza-sensoriale\\\/\",\"name\":\"Alla RSA di Cusighe inaugurata la nuova stanza sensoriale - Bellunopress - Dolomiti\",\"isPartOf\":{\"@id\":\"https:\\\/\\\/www.bellunopress.it\\\/#website\"},\"primaryImageOfPage\":{\"@id\":\"https:\\\/\\\/www.bellunopress.it\\\/2026\\\/07\\\/05\\\/alla-rsa-di-cusighe-inaugurata-la-nuova-stanza-sensoriale\\\/#primaryimage\"},\"image\":{\"@id\":\"https:\\\/\\\/www.bellunopress.it\\\/2026\\\/07\\\/05\\\/alla-rsa-di-cusighe-inaugurata-la-nuova-stanza-sensoriale\\\/#primaryimage\"},\"thumbnailUrl\":\"https:\\\/\\\/www.bellunopress.it\\\/wp-content\\\/uploads\\\/2026\\\/07\\\/Inaugurazione-stanza-sensoriale-RSA-Cusighe.jpg\",\"datePublished\":\"2026-07-05T16:25:24+00:00\",\"breadcrumb\":{\"@id\":\"https:\\\/\\\/www.bellunopress.it\\\/2026\\\/07\\\/05\\\/alla-rsa-di-cusighe-inaugurata-la-nuova-stanza-sensoriale\\\/#breadcrumb\"},\"inLanguage\":\"fr-FR\",\"potentialAction\":[{\"@type\":\"ReadAction\",\"target\":[\"https:\\\/\\\/www.bellunopress.it\\\/2026\\\/07\\\/05\\\/alla-rsa-di-cusighe-inaugurata-la-nuova-stanza-sensoriale\\\/\"]}]},{\"@type\":\"ImageObject\",\"inLanguage\":\"fr-FR\",\"@id\":\"https:\\\/\\\/www.bellunopress.it\\\/2026\\\/07\\\/05\\\/alla-rsa-di-cusighe-inaugurata-la-nuova-stanza-sensoriale\\\/#primaryimage\",\"url\":\"https:\\\/\\\/www.bellunopress.it\\\/wp-content\\\/uploads\\\/2026\\\/07\\\/Inaugurazione-stanza-sensoriale-RSA-Cusighe.jpg\",\"contentUrl\":\"https:\\\/\\\/www.bellunopress.it\\\/wp-content\\\/uploads\\\/2026\\\/07\\\/Inaugurazione-stanza-sensoriale-RSA-Cusighe.jpg\",\"width\":500,\"height\":353},{\"@type\":\"BreadcrumbList\",\"@id\":\"https:\\\/\\\/www.bellunopress.it\\\/2026\\\/07\\\/05\\\/alla-rsa-di-cusighe-inaugurata-la-nuova-stanza-sensoriale\\\/#breadcrumb\",\"itemListElement\":[{\"@type\":\"ListItem\",\"position\":1,\"name\":\"Home\",\"item\":\"https:\\\/\\\/www.bellunopress.it\\\/\"},{\"@type\":\"ListItem\",\"position\":2,\"name\":\"Alla RSA di Cusighe inaugurata la nuova stanza sensoriale\"}]},{\"@type\":\"WebSite\",\"@id\":\"https:\\\/\\\/www.bellunopress.it\\\/#website\",\"url\":\"https:\\\/\\\/www.bellunopress.it\\\/\",\"name\":\"Bellunopress - Dolomiti\",\"description\":\"e-mail: redazione@bellunopress.it\",\"publisher\":{\"@id\":\"https:\\\/\\\/www.bellunopress.it\\\/#organization\"},\"potentialAction\":[{\"@type\":\"SearchAction\",\"target\":{\"@type\":\"EntryPoint\",\"urlTemplate\":\"https:\\\/\\\/www.bellunopress.it\\\/?s={search_term_string}\"},\"query-input\":{\"@type\":\"PropertyValueSpecification\",\"valueRequired\":true,\"valueName\":\"search_term_string\"}}],\"inLanguage\":\"fr-FR\"},{\"@type\":\"Organization\",\"@id\":\"https:\\\/\\\/www.bellunopress.it\\\/#organization\",\"name\":\"Bellunopress\",\"url\":\"https:\\\/\\\/www.bellunopress.it\\\/\",\"logo\":{\"@type\":\"ImageObject\",\"inLanguage\":\"fr-FR\",\"@id\":\"https:\\\/\\\/www.bellunopress.it\\\/#\\\/schema\\\/logo\\\/image\\\/\",\"url\":\"https:\\\/\\\/www.bellunopress.it\\\/wp-content\\\/uploads\\\/2011\\\/05\\\/cropped-logo-bellunopress-.jpg\",\"contentUrl\":\"https:\\\/\\\/www.bellunopress.it\\\/wp-content\\\/uploads\\\/2011\\\/05\\\/cropped-logo-bellunopress-.jpg\",\"width\":512,\"height\":512,\"caption\":\"Bellunopress\"},\"image\":{\"@id\":\"https:\\\/\\\/www.bellunopress.it\\\/#\\\/schema\\\/logo\\\/image\\\/\"},\"sameAs\":[\"https:\\\/\\\/www.facebook.com\\\/profile.php?id=100008943462799\",\"https:\\\/\\\/x.com\\\/bellunopress\",\"https:\\\/\\\/www.linkedin.com\\\/hp\\\/?dnr=JBzUWaJfMUw8vbXJJ2tVW5-I3jZKvC4wsoxE&amp;amp;amp;amp;amp;amp;trk=nav_responsive_tab_home\",\"https:\\\/\\\/www.youtube.com\\\/channel\\\/UCxL0wu1uN0_3_7hGG0306cw\"]},{\"@type\":\"Person\",\"@id\":\"https:\\\/\\\/www.bellunopress.it\\\/#\\\/schema\\\/person\\\/79bb06722b37ece1c03d3e94beb30d73\",\"name\":\"redazione\",\"image\":{\"@type\":\"ImageObject\",\"inLanguage\":\"fr-FR\",\"@id\":\"https:\\\/\\\/secure.gravatar.com\\\/avatar\\\/37d968a2e67a6fd04c169c4bdef102d0bc5d31b2546345219e348575eb80e9a0?s=96&d=mm&r=g\",\"url\":\"https:\\\/\\\/secure.gravatar.com\\\/avatar\\\/37d968a2e67a6fd04c169c4bdef102d0bc5d31b2546345219e348575eb80e9a0?s=96&d=mm&r=g\",\"contentUrl\":\"https:\\\/\\\/secure.gravatar.com\\\/avatar\\\/37d968a2e67a6fd04c169c4bdef102d0bc5d31b2546345219e348575eb80e9a0?s=96&d=mm&r=g\",\"caption\":\"redazione\"},\"sameAs\":[\"http:\\\/\\\/www.bellunopress.it\",\"https:\\\/\\\/x.com\\\/bellunopress\"],\"url\":\"https:\\\/\\\/www.bellunopress.it\\\/fr\\\/author\\\/redazione\\\/\"}]}<\/script>\n<!-- \/ Yoast SEO plugin. -->","yoast_head_json":{"title":"Alla RSA di Cusighe inaugurata la nuova stanza sensoriale - Bellunopress - Dolomiti","robots":{"index":"index","follow":"follow","max-snippet":"max-snippet:-1","max-image-preview":"max-image-preview:large","max-video-preview":"max-video-preview:-1"},"canonical":"https:\/\/www.bellunopress.it\/fr\/2026\/07\/05\/alla-rsa-di-cusighe-inaugurata-la-nuova-stanza-sensoriale\/","og_locale":"fr_FR","og_type":"article","og_title":"Alla RSA di Cusighe inaugurata la nuova stanza sensoriale - Bellunopress - Dolomiti","og_description":"Un ambiente innovativo dedicato al benessere degli ospiti per la struttura gestita da Insieme Si Pu\u00f2: suoni, immagini e materiali tattili per favorire rilassamento, comunicazione e qualit\u00e0 della vita Belluno, luglio 2026 &#8211;\u00a0Un nuovo spazio dedicato al benessere, all&#8217;ascolto e alla cura della persona. \u00c8 stata inaugurata nei giorni scorsi la nuova stanza sensoriale della [&hellip;]","og_url":"https:\/\/www.bellunopress.it\/fr\/2026\/07\/05\/alla-rsa-di-cusighe-inaugurata-la-nuova-stanza-sensoriale\/","og_site_name":"Bellunopress - Dolomiti","article_publisher":"https:\/\/www.facebook.com\/profile.php?id=100008943462799","article_published_time":"2026-07-05T16:25:24+00:00","og_image":[{"width":500,"height":353,"url":"https:\/\/www.bellunopress.it\/wp-content\/uploads\/2026\/07\/Inaugurazione-stanza-sensoriale-RSA-Cusighe.jpg","type":"image\/jpeg"}],"author":"redazione","twitter_card":"summary_large_image","twitter_creator":"@bellunopress","twitter_site":"@bellunopress","twitter_misc":{"\u00c9crit par":"redazione","Dur\u00e9e de lecture estim\u00e9e":"4 minutes"},"schema":{"@context":"https:\/\/schema.org","@graph":[{"@type":"Article","@id":"https:\/\/www.bellunopress.it\/2026\/07\/05\/alla-rsa-di-cusighe-inaugurata-la-nuova-stanza-sensoriale\/#article","isPartOf":{"@id":"https:\/\/www.bellunopress.it\/2026\/07\/05\/alla-rsa-di-cusighe-inaugurata-la-nuova-stanza-sensoriale\/"},"author":{"name":"redazione","@id":"https:\/\/www.bellunopress.it\/#\/schema\/person\/79bb06722b37ece1c03d3e94beb30d73"},"headline":"Alla RSA di Cusighe inaugurata la nuova stanza sensoriale","datePublished":"2026-07-05T16:25:24+00:00","mainEntityOfPage":{"@id":"https:\/\/www.bellunopress.it\/2026\/07\/05\/alla-rsa-di-cusighe-inaugurata-la-nuova-stanza-sensoriale\/"},"wordCount":558,"publisher":{"@id":"https:\/\/www.bellunopress.it\/#organization"},"image":{"@id":"https:\/\/www.bellunopress.it\/2026\/07\/05\/alla-rsa-di-cusighe-inaugurata-la-nuova-stanza-sensoriale\/#primaryimage"},"thumbnailUrl":"https:\/\/www.bellunopress.it\/wp-content\/uploads\/2026\/07\/Inaugurazione-stanza-sensoriale-RSA-Cusighe.jpg","articleSection":["Prima Pagina","Societ\u00e0, Associazioni, Istituzioni"],"inLanguage":"fr-FR"},{"@type":"WebPage","@id":"https:\/\/www.bellunopress.it\/2026\/07\/05\/alla-rsa-di-cusighe-inaugurata-la-nuova-stanza-sensoriale\/","url":"https:\/\/www.bellunopress.it\/2026\/07\/05\/alla-rsa-di-cusighe-inaugurata-la-nuova-stanza-sensoriale\/","name":"Alla RSA di Cusighe inaugurata la nuova stanza sensoriale - Bellunopress - Dolomiti","isPartOf":{"@id":"https:\/\/www.bellunopress.it\/#website"},"primaryImageOfPage":{"@id":"https:\/\/www.bellunopress.it\/2026\/07\/05\/alla-rsa-di-cusighe-inaugurata-la-nuova-stanza-sensoriale\/#primaryimage"},"image":{"@id":"https:\/\/www.bellunopress.it\/2026\/07\/05\/alla-rsa-di-cusighe-inaugurata-la-nuova-stanza-sensoriale\/#primaryimage"},"thumbnailUrl":"https:\/\/www.bellunopress.it\/wp-content\/uploads\/2026\/07\/Inaugurazione-stanza-sensoriale-RSA-Cusighe.jpg","datePublished":"2026-07-05T16:25:24+00:00","breadcrumb":{"@id":"https:\/\/www.bellunopress.it\/2026\/07\/05\/alla-rsa-di-cusighe-inaugurata-la-nuova-stanza-sensoriale\/#breadcrumb"},"inLanguage":"fr-FR","potentialAction":[{"@type":"ReadAction","target":["https:\/\/www.bellunopress.it\/2026\/07\/05\/alla-rsa-di-cusighe-inaugurata-la-nuova-stanza-sensoriale\/"]}]},{"@type":"ImageObject","inLanguage":"fr-FR","@id":"https:\/\/www.bellunopress.it\/2026\/07\/05\/alla-rsa-di-cusighe-inaugurata-la-nuova-stanza-sensoriale\/#primaryimage","url":"https:\/\/www.bellunopress.it\/wp-content\/uploads\/2026\/07\/Inaugurazione-stanza-sensoriale-RSA-Cusighe.jpg","contentUrl":"https:\/\/www.bellunopress.it\/wp-content\/uploads\/2026\/07\/Inaugurazione-stanza-sensoriale-RSA-Cusighe.jpg","width":500,"height":353},{"@type":"BreadcrumbList","@id":"https:\/\/www.bellunopress.it\/2026\/07\/05\/alla-rsa-di-cusighe-inaugurata-la-nuova-stanza-sensoriale\/#breadcrumb","itemListElement":[{"@type":"ListItem","position":1,"name":"Home","item":"https:\/\/www.bellunopress.it\/"},{"@type":"ListItem","position":2,"name":"Alla RSA di Cusighe inaugurata la nuova stanza sensoriale"}]},{"@type":"WebSite","@id":"https:\/\/www.bellunopress.it\/#website","url":"https:\/\/www.bellunopress.it\/","name":"Bellunopress - Dolomiti","description":"e-mail: redazione@bellunopress.it","publisher":{"@id":"https:\/\/www.bellunopress.it\/#organization"},"potentialAction":[{"@type":"SearchAction","target":{"@type":"EntryPoint","urlTemplate":"https:\/\/www.bellunopress.it\/?s={search_term_string}"},"query-input":{"@type":"PropertyValueSpecification","valueRequired":true,"valueName":"search_term_string"}}],"inLanguage":"fr-FR"},{"@type":"Organization","@id":"https:\/\/www.bellunopress.it\/#organization","name":"Bellunopress","url":"https:\/\/www.bellunopress.it\/","logo":{"@type":"ImageObject","inLanguage":"fr-FR","@id":"https:\/\/www.bellunopress.it\/#\/schema\/logo\/image\/","url":"https:\/\/www.bellunopress.it\/wp-content\/uploads\/2011\/05\/cropped-logo-bellunopress-.jpg","contentUrl":"https:\/\/www.bellunopress.it\/wp-content\/uploads\/2011\/05\/cropped-logo-bellunopress-.jpg","width":512,"height":512,"caption":"Bellunopress"},"image":{"@id":"https:\/\/www.bellunopress.it\/#\/schema\/logo\/image\/"},"sameAs":["https:\/\/www.facebook.com\/profile.php?id=100008943462799","https:\/\/x.com\/bellunopress","https:\/\/www.linkedin.com\/hp\/?dnr=JBzUWaJfMUw8vbXJJ2tVW5-I3jZKvC4wsoxE&amp;amp;amp;amp;amp;amp;trk=nav_responsive_tab_home","https:\/\/www.youtube.com\/channel\/UCxL0wu1uN0_3_7hGG0306cw"]},{"@type":"Person","@id":"https:\/\/www.bellunopress.it\/#\/schema\/person\/79bb06722b37ece1c03d3e94beb30d73","name":"r\u00e9daction","image":{"@type":"ImageObject","inLanguage":"fr-FR","@id":"https:\/\/secure.gravatar.com\/avatar\/37d968a2e67a6fd04c169c4bdef102d0bc5d31b2546345219e348575eb80e9a0?s=96&d=mm&r=g","url":"https:\/\/secure.gravatar.com\/avatar\/37d968a2e67a6fd04c169c4bdef102d0bc5d31b2546345219e348575eb80e9a0?s=96&d=mm&r=g","contentUrl":"https:\/\/secure.gravatar.com\/avatar\/37d968a2e67a6fd04c169c4bdef102d0bc5d31b2546345219e348575eb80e9a0?s=96&d=mm&r=g","caption":"redazione"},"sameAs":["http:\/\/www.bellunopress.it","https:\/\/x.com\/bellunopress"],"url":"https:\/\/www.bellunopress.it\/fr\/author\/redazione\/"}]}},"_links":{"self":[{"href":"https:\/\/www.bellunopress.it\/fr\/wp-json\/wp\/v2\/posts\/171693","targetHints":{"allow":["GET"]}}],"collection":[{"href":"https:\/\/www.bellunopress.it\/fr\/wp-json\/wp\/v2\/posts"}],"about":[{"href":"https:\/\/www.bellunopress.it\/fr\/wp-json\/wp\/v2\/types\/post"}],"author":[{"embeddable":true,"href":"https:\/\/www.bellunopress.it\/fr\/wp-json\/wp\/v2\/users\/2"}],"replies":[{"embeddable":true,"href":"https:\/\/www.bellunopress.it\/fr\/wp-json\/wp\/v2\/comments?post=171693"}],"version-history":[{"count":1,"href":"https:\/\/www.bellunopress.it\/fr\/wp-json\/wp\/v2\/posts\/171693\/revisions"}],"predecessor-version":[{"id":171695,"href":"https:\/\/www.bellunopress.it\/fr\/wp-json\/wp\/v2\/posts\/171693\/revisions\/171695"}],"wp:featuredmedia":[{"embeddable":true,"href":"https:\/\/www.bellunopress.it\/fr\/wp-json\/wp\/v2\/media\/171694"}],"wp:attachment":[{"href":"https:\/\/www.bellunopress.it\/fr\/wp-json\/wp\/v2\/media?parent=171693"}],"wp:term":[{"taxonomy":"category","embeddable":true,"href":"https:\/\/www.bellunopress.it\/fr\/wp-json\/wp\/v2\/categories?post=171693"},{"taxonomy":"post_tag","embeddable":true,"href":"https:\/\/www.bellunopress.it\/fr\/wp-json\/wp\/v2\/tags?post=171693"}],"curies":[{"name":"wp","href":"https:\/\/api.w.org\/{rel}","templated":true}]}}