{"id":171691,"date":"2026-07-05T18:11:34","date_gmt":"2026-07-05T16:11:34","guid":{"rendered":"https:\/\/www.bellunopress.it\/?p=171691"},"modified":"2026-07-05T18:11:34","modified_gmt":"2026-07-05T16:11:34","slug":"parapendio-precipita-a-tomo-grave-il-pilota-altri-interventi","status":"publish","type":"post","link":"https:\/\/www.bellunopress.it\/fr\/2026\/07\/05\/parapendio-precipita-a-tomo-grave-il-pilota-altri-interventi\/","title":{"rendered":"Parapendio precipita a Tomo, grave il pilota. Altri interventi"},"content":{"rendered":"<p>Feltre (BL), 05 &#8211; 07 &#8211; 2026\u00a0 \u00a0 Alle 16.20 la Centrale del 118 \u00e8 stata attivata per un parapendio precipitato in un prato di Tomo, nel comune di Feltre. Dalle prime informazioni, dopo aver impattato nei cavi dell&#8217;alta tensione, il pilota sarebbe caduto a terra da un&#8217;altezza di circa 6 metri, riportando gravi traumi. Sul posto anche una squadra del Soccorso alpino di Feltre ha dato il proprio supporto all&#8217;equipaggio di Falco 1, atterrato nelle vicinanze, assieme ai Vigili del fuoco, al personale sanitario dell&#8217;ambulanza e ai Carabinieri sopraggiunti nel frattempo. Prestate le prime cure urgenti, il 63enne modenese \u00e8 stato imbarcato e trasportato all&#8217;ospedale di Treviso.<\/p>\n<div dir=\"auto\">\n<div dir=\"auto\">\n<div dir=\"auto\">\n<div dir=\"auto\">\n<div dir=\"auto\">Belluno, 05 &#8211; 07 &#8211; 2026\u00a0 \u00a0Scattata l&#8217;attivazione verso le 13, Falco 2 \u00e8 stato inviato lungo il sentiero numero 407 di Ra Valles, poich\u00e9 un turista del Regno Unito si era fatto male a una caviglia e altre due persone che erano assieme a lui non erano pi\u00f9 in grado di proseguire autonomamente. L&#8217;equipaggio ha recuperato sia il 55enne infortunato, trasportato al Codivilla, che le due persone illese.<\/div>\n<div dir=\"auto\"><\/div>\n<div dir=\"auto\">Alle 13.30 circa alcuni escursionisti di passaggio hanno lanciato l&#8217;allarme per un 69enne veronese, che sie era fermato lungo la Ferrata Dibona a causa di un malore. L&#8217;uomo, che si trovava in prossimit\u00e0 di Forcella Granda poco distante dal Rifugio Lorenzi, \u00e8 stato recuperato dall&#8217;equipaggio di Falco 2 e accompagnato in ospedale per i dovuti approfondimenti.<\/div>\n<div dir=\"auto\">L&#8217;elicottero dell&#8217;Aiut Alpin Dolomites di Bolzano \u00e8 intervenuto sul sentiero numero 601 che congiunge Sass Bec\u00e8 al Passo Pordoi, per un&#8217;escursionista di 55 anni di Trento, che era caduta e aveva sbattuto la testa. La donna \u00e8 stata portata all&#8217;ospedale di Cavalese.<\/div>\n<div dir=\"auto\"><\/div>\n<div dir=\"auto\">Un escursionista di 68 anni di Padova, colto da malore in Val d&#8217;Oten, all&#8217;altezza della teleferica del Rifugio Galassi, \u00e8 stato invece trasportato a valle dal Soccorso alpino di Pieve di Cadore, che aveva un volontario nelle vicinanze.<\/div>\n<div dir=\"auto\">Falco 2 ha infine provveduto a recuperare una turista 21enne della Repubblica Ceca, che, messo male un piede nelle vicinanze del Lago del Sorapis, ne aveva riportato un trauma. La ragazza \u00e8 stata trasportata all&#8217;ospedale di Cortina.<\/div>\n<\/div>\n<div dir=\"auto\"><\/div>\n<div dir=\"auto\">Belluno, 05 &#8211; 07 &#8211; 2026\u00a0 \u00a0Alle 11.45 circa la Centrale del 118 e stata allertata per due escursionisti statunitensi, che si erano sentiti poco bene. La coppia, lei di 70 anni, lui di 72, che si trovava al Rifugio Bianchet, in comune di Sedico, \u00e8 stata raggiunta da una squadra del Soccorso alpino di Belluno e accompagnata all&#8217;ospedale per gli accertamenti del caso.<br \/>\nAttorno alle 12.30 l&#8217;elicottero del Suem di Pieve di Cadore \u00e8 volato sul sentiero numero 217, che dal Rifugio Vandelli porta in Valbona, poich\u00e9, mentre stava scendendo, un&#8217;escursionista della Repubblica Ceca si era fatta male a una caviglia. Sbarcati nelle vicinanze, tecnico di elisoccorso e medico le hanno immobilizzato il piede, per poi issarla a bordo con un verricello. Recuperata anche l&#8217;amica che era con lei, sotto shock per quanto accaduto.<\/div>\n<div dir=\"auto\"><\/div>\n<div dir=\"auto\">Il Soccorso alpino della Val Biois \u00e8 stato inviato nel tratto di strada che da Baita Cacciatori scende all&#8217;abitato di Colmean, a Canale d&#8217;Agordo, dove stava rientrando un 80enne del Lussemburgo, che strada facendo si era dovuto fermare, colto da malore. I soccorritori, tra i quali l&#8217;infermiera di Stazione, lo hanno raggiunto in jeep sulla strada sterrata, prestandogli le prime cure. In accordo con la Centrale del Suem, lo hanno quindi trasportato al rendez vous con l&#8217;ambulanza della Croce Verde.<\/div>\n<\/div>\n<\/div>\n<\/div>\n<p>&nbsp;<\/p>","protected":false},"excerpt":{"rendered":"<p>Feltre (BL), 05 &#8211; 07 &#8211; 2026\u00a0 \u00a0 Alle 16.20 la Centrale del 118 \u00e8 stata attivata per un parapendio precipitato in un prato di Tomo, nel comune di Feltre. Dalle prime informazioni, dopo aver impattato nei cavi dell&#8217;alta tensione, il pilota sarebbe caduto a terra da un&#8217;altezza di circa 6 metri, riportando gravi traumi. [&hellip;]<\/p>\n","protected":false},"author":2,"featured_media":159373,"comment_status":"closed","ping_status":"open","sticky":false,"template":"","format":"standard","meta":{"footnotes":""},"categories":[5,26],"tags":[],"class_list":["post-171691","post","type-post","status-publish","format-standard","has-post-thumbnail","category-cronaca","category-prima-pagina"],"yoast_head":"<!-- This site is optimized with the Yoast SEO plugin v28.4 - https:\/\/yoast.com\/product\/yoast-seo-wordpress\/ -->\n<title>Parapendio precipita a Tomo, grave il pilota. Altri interventi - Bellunopress - Dolomiti<\/title>\n<meta name=\"robots\" content=\"index, follow, max-snippet:-1, max-image-preview:large, max-video-preview:-1\" \/>\n<link rel=\"canonical\" href=\"https:\/\/www.bellunopress.it\/fr\/2026\/07\/05\/parapendio-precipita-a-tomo-grave-il-pilota-altri-interventi\/\" \/>\n<meta property=\"og:locale\" content=\"fr_FR\" \/>\n<meta property=\"og:type\" content=\"article\" \/>\n<meta property=\"og:title\" content=\"Parapendio precipita a Tomo, grave il pilota. Altri interventi - Bellunopress - Dolomiti\" \/>\n<meta property=\"og:description\" content=\"Feltre (BL), 05 &#8211; 07 &#8211; 2026\u00a0 \u00a0 Alle 16.20 la Centrale del 118 \u00e8 stata attivata per un parapendio precipitato in un prato di Tomo, nel comune di Feltre. Dalle prime informazioni, dopo aver impattato nei cavi dell&#8217;alta tensione, il pilota sarebbe caduto a terra da un&#8217;altezza di circa 6 metri, riportando gravi traumi. [&hellip;]\" \/>\n<meta property=\"og:url\" content=\"https:\/\/www.bellunopress.it\/fr\/2026\/07\/05\/parapendio-precipita-a-tomo-grave-il-pilota-altri-interventi\/\" \/>\n<meta property=\"og:site_name\" content=\"Bellunopress - Dolomiti\" \/>\n<meta property=\"article:publisher\" content=\"https:\/\/www.facebook.com\/profile.php?id=100008943462799\" \/>\n<meta property=\"article:published_time\" content=\"2026-07-05T16:11:34+00:00\" \/>\n<meta property=\"og:image\" content=\"https:\/\/www.bellunopress.it\/wp-content\/uploads\/2025\/04\/Soccorso-118-elicottero.jpg\" \/>\n\t<meta property=\"og:image:width\" content=\"1000\" \/>\n\t<meta property=\"og:image:height\" content=\"655\" \/>\n\t<meta property=\"og:image:type\" content=\"image\/jpeg\" \/>\n<meta name=\"author\" content=\"redazione\" \/>\n<meta name=\"twitter:card\" content=\"summary_large_image\" \/>\n<meta name=\"twitter:creator\" content=\"@bellunopress\" \/>\n<meta name=\"twitter:site\" content=\"@bellunopress\" \/>\n<meta name=\"twitter:label1\" content=\"\u00c9crit par\" \/>\n\t<meta name=\"twitter:data1\" content=\"redazione\" \/>\n\t<meta name=\"twitter:label2\" content=\"Dur\u00e9e de lecture estim\u00e9e\" \/>\n\t<meta name=\"twitter:data2\" content=\"4 minutes\" \/>\n<script type=\"application\/ld+json\" class=\"yoast-schema-graph\">{\"@context\":\"https:\\\/\\\/schema.org\",\"@graph\":[{\"@type\":\"Article\",\"@id\":\"https:\\\/\\\/www.bellunopress.it\\\/2026\\\/07\\\/05\\\/parapendio-precipita-a-tomo-grave-il-pilota-altri-interventi\\\/#article\",\"isPartOf\":{\"@id\":\"https:\\\/\\\/www.bellunopress.it\\\/2026\\\/07\\\/05\\\/parapendio-precipita-a-tomo-grave-il-pilota-altri-interventi\\\/\"},\"author\":{\"name\":\"redazione\",\"@id\":\"https:\\\/\\\/www.bellunopress.it\\\/#\\\/schema\\\/person\\\/79bb06722b37ece1c03d3e94beb30d73\"},\"headline\":\"Parapendio precipita a Tomo, grave il pilota. Altri interventi\",\"datePublished\":\"2026-07-05T16:11:34+00:00\",\"mainEntityOfPage\":{\"@id\":\"https:\\\/\\\/www.bellunopress.it\\\/2026\\\/07\\\/05\\\/parapendio-precipita-a-tomo-grave-il-pilota-altri-interventi\\\/\"},\"wordCount\":560,\"publisher\":{\"@id\":\"https:\\\/\\\/www.bellunopress.it\\\/#organization\"},\"image\":{\"@id\":\"https:\\\/\\\/www.bellunopress.it\\\/2026\\\/07\\\/05\\\/parapendio-precipita-a-tomo-grave-il-pilota-altri-interventi\\\/#primaryimage\"},\"thumbnailUrl\":\"https:\\\/\\\/www.bellunopress.it\\\/wp-content\\\/uploads\\\/2025\\\/04\\\/Soccorso-118-elicottero.jpg\",\"articleSection\":[\"Cronaca\\\/Politica\",\"Prima Pagina\"],\"inLanguage\":\"fr-FR\"},{\"@type\":\"WebPage\",\"@id\":\"https:\\\/\\\/www.bellunopress.it\\\/2026\\\/07\\\/05\\\/parapendio-precipita-a-tomo-grave-il-pilota-altri-interventi\\\/\",\"url\":\"https:\\\/\\\/www.bellunopress.it\\\/2026\\\/07\\\/05\\\/parapendio-precipita-a-tomo-grave-il-pilota-altri-interventi\\\/\",\"name\":\"Parapendio precipita a Tomo, grave il pilota. Altri interventi - Bellunopress - Dolomiti\",\"isPartOf\":{\"@id\":\"https:\\\/\\\/www.bellunopress.it\\\/#website\"},\"primaryImageOfPage\":{\"@id\":\"https:\\\/\\\/www.bellunopress.it\\\/2026\\\/07\\\/05\\\/parapendio-precipita-a-tomo-grave-il-pilota-altri-interventi\\\/#primaryimage\"},\"image\":{\"@id\":\"https:\\\/\\\/www.bellunopress.it\\\/2026\\\/07\\\/05\\\/parapendio-precipita-a-tomo-grave-il-pilota-altri-interventi\\\/#primaryimage\"},\"thumbnailUrl\":\"https:\\\/\\\/www.bellunopress.it\\\/wp-content\\\/uploads\\\/2025\\\/04\\\/Soccorso-118-elicottero.jpg\",\"datePublished\":\"2026-07-05T16:11:34+00:00\",\"breadcrumb\":{\"@id\":\"https:\\\/\\\/www.bellunopress.it\\\/2026\\\/07\\\/05\\\/parapendio-precipita-a-tomo-grave-il-pilota-altri-interventi\\\/#breadcrumb\"},\"inLanguage\":\"fr-FR\",\"potentialAction\":[{\"@type\":\"ReadAction\",\"target\":[\"https:\\\/\\\/www.bellunopress.it\\\/2026\\\/07\\\/05\\\/parapendio-precipita-a-tomo-grave-il-pilota-altri-interventi\\\/\"]}]},{\"@type\":\"ImageObject\",\"inLanguage\":\"fr-FR\",\"@id\":\"https:\\\/\\\/www.bellunopress.it\\\/2026\\\/07\\\/05\\\/parapendio-precipita-a-tomo-grave-il-pilota-altri-interventi\\\/#primaryimage\",\"url\":\"https:\\\/\\\/www.bellunopress.it\\\/wp-content\\\/uploads\\\/2025\\\/04\\\/Soccorso-118-elicottero.jpg\",\"contentUrl\":\"https:\\\/\\\/www.bellunopress.it\\\/wp-content\\\/uploads\\\/2025\\\/04\\\/Soccorso-118-elicottero.jpg\",\"width\":1000,\"height\":655},{\"@type\":\"BreadcrumbList\",\"@id\":\"https:\\\/\\\/www.bellunopress.it\\\/2026\\\/07\\\/05\\\/parapendio-precipita-a-tomo-grave-il-pilota-altri-interventi\\\/#breadcrumb\",\"itemListElement\":[{\"@type\":\"ListItem\",\"position\":1,\"name\":\"Home\",\"item\":\"https:\\\/\\\/www.bellunopress.it\\\/\"},{\"@type\":\"ListItem\",\"position\":2,\"name\":\"Parapendio precipita a Tomo, grave il pilota. Altri interventi\"}]},{\"@type\":\"WebSite\",\"@id\":\"https:\\\/\\\/www.bellunopress.it\\\/#website\",\"url\":\"https:\\\/\\\/www.bellunopress.it\\\/\",\"name\":\"Bellunopress - Dolomiti\",\"description\":\"e-mail: redazione@bellunopress.it\",\"publisher\":{\"@id\":\"https:\\\/\\\/www.bellunopress.it\\\/#organization\"},\"potentialAction\":[{\"@type\":\"SearchAction\",\"target\":{\"@type\":\"EntryPoint\",\"urlTemplate\":\"https:\\\/\\\/www.bellunopress.it\\\/?s={search_term_string}\"},\"query-input\":{\"@type\":\"PropertyValueSpecification\",\"valueRequired\":true,\"valueName\":\"search_term_string\"}}],\"inLanguage\":\"fr-FR\"},{\"@type\":\"Organization\",\"@id\":\"https:\\\/\\\/www.bellunopress.it\\\/#organization\",\"name\":\"Bellunopress\",\"url\":\"https:\\\/\\\/www.bellunopress.it\\\/\",\"logo\":{\"@type\":\"ImageObject\",\"inLanguage\":\"fr-FR\",\"@id\":\"https:\\\/\\\/www.bellunopress.it\\\/#\\\/schema\\\/logo\\\/image\\\/\",\"url\":\"https:\\\/\\\/www.bellunopress.it\\\/wp-content\\\/uploads\\\/2011\\\/05\\\/cropped-logo-bellunopress-.jpg\",\"contentUrl\":\"https:\\\/\\\/www.bellunopress.it\\\/wp-content\\\/uploads\\\/2011\\\/05\\\/cropped-logo-bellunopress-.jpg\",\"width\":512,\"height\":512,\"caption\":\"Bellunopress\"},\"image\":{\"@id\":\"https:\\\/\\\/www.bellunopress.it\\\/#\\\/schema\\\/logo\\\/image\\\/\"},\"sameAs\":[\"https:\\\/\\\/www.facebook.com\\\/profile.php?id=100008943462799\",\"https:\\\/\\\/x.com\\\/bellunopress\",\"https:\\\/\\\/www.linkedin.com\\\/hp\\\/?dnr=JBzUWaJfMUw8vbXJJ2tVW5-I3jZKvC4wsoxE&amp;amp;amp;amp;amp;amp;trk=nav_responsive_tab_home\",\"https:\\\/\\\/www.youtube.com\\\/channel\\\/UCxL0wu1uN0_3_7hGG0306cw\"]},{\"@type\":\"Person\",\"@id\":\"https:\\\/\\\/www.bellunopress.it\\\/#\\\/schema\\\/person\\\/79bb06722b37ece1c03d3e94beb30d73\",\"name\":\"redazione\",\"image\":{\"@type\":\"ImageObject\",\"inLanguage\":\"fr-FR\",\"@id\":\"https:\\\/\\\/secure.gravatar.com\\\/avatar\\\/37d968a2e67a6fd04c169c4bdef102d0bc5d31b2546345219e348575eb80e9a0?s=96&d=mm&r=g\",\"url\":\"https:\\\/\\\/secure.gravatar.com\\\/avatar\\\/37d968a2e67a6fd04c169c4bdef102d0bc5d31b2546345219e348575eb80e9a0?s=96&d=mm&r=g\",\"contentUrl\":\"https:\\\/\\\/secure.gravatar.com\\\/avatar\\\/37d968a2e67a6fd04c169c4bdef102d0bc5d31b2546345219e348575eb80e9a0?s=96&d=mm&r=g\",\"caption\":\"redazione\"},\"sameAs\":[\"http:\\\/\\\/www.bellunopress.it\",\"https:\\\/\\\/x.com\\\/bellunopress\"],\"url\":\"https:\\\/\\\/www.bellunopress.it\\\/fr\\\/author\\\/redazione\\\/\"}]}<\/script>\n<!-- \/ Yoast SEO plugin. -->","yoast_head_json":{"title":"Parapendio precipita a Tomo, grave il pilota. Altri interventi - Bellunopress - Dolomiti","robots":{"index":"index","follow":"follow","max-snippet":"max-snippet:-1","max-image-preview":"max-image-preview:large","max-video-preview":"max-video-preview:-1"},"canonical":"https:\/\/www.bellunopress.it\/fr\/2026\/07\/05\/parapendio-precipita-a-tomo-grave-il-pilota-altri-interventi\/","og_locale":"fr_FR","og_type":"article","og_title":"Parapendio precipita a Tomo, grave il pilota. Altri interventi - Bellunopress - Dolomiti","og_description":"Feltre (BL), 05 &#8211; 07 &#8211; 2026\u00a0 \u00a0 Alle 16.20 la Centrale del 118 \u00e8 stata attivata per un parapendio precipitato in un prato di Tomo, nel comune di Feltre. Dalle prime informazioni, dopo aver impattato nei cavi dell&#8217;alta tensione, il pilota sarebbe caduto a terra da un&#8217;altezza di circa 6 metri, riportando gravi traumi. [&hellip;]","og_url":"https:\/\/www.bellunopress.it\/fr\/2026\/07\/05\/parapendio-precipita-a-tomo-grave-il-pilota-altri-interventi\/","og_site_name":"Bellunopress - Dolomiti","article_publisher":"https:\/\/www.facebook.com\/profile.php?id=100008943462799","article_published_time":"2026-07-05T16:11:34+00:00","og_image":[{"width":1000,"height":655,"url":"https:\/\/www.bellunopress.it\/wp-content\/uploads\/2025\/04\/Soccorso-118-elicottero.jpg","type":"image\/jpeg"}],"author":"redazione","twitter_card":"summary_large_image","twitter_creator":"@bellunopress","twitter_site":"@bellunopress","twitter_misc":{"\u00c9crit par":"redazione","Dur\u00e9e de lecture estim\u00e9e":"4 minutes"},"schema":{"@context":"https:\/\/schema.org","@graph":[{"@type":"Article","@id":"https:\/\/www.bellunopress.it\/2026\/07\/05\/parapendio-precipita-a-tomo-grave-il-pilota-altri-interventi\/#article","isPartOf":{"@id":"https:\/\/www.bellunopress.it\/2026\/07\/05\/parapendio-precipita-a-tomo-grave-il-pilota-altri-interventi\/"},"author":{"name":"redazione","@id":"https:\/\/www.bellunopress.it\/#\/schema\/person\/79bb06722b37ece1c03d3e94beb30d73"},"headline":"Parapendio precipita a Tomo, grave il pilota. Altri interventi","datePublished":"2026-07-05T16:11:34+00:00","mainEntityOfPage":{"@id":"https:\/\/www.bellunopress.it\/2026\/07\/05\/parapendio-precipita-a-tomo-grave-il-pilota-altri-interventi\/"},"wordCount":560,"publisher":{"@id":"https:\/\/www.bellunopress.it\/#organization"},"image":{"@id":"https:\/\/www.bellunopress.it\/2026\/07\/05\/parapendio-precipita-a-tomo-grave-il-pilota-altri-interventi\/#primaryimage"},"thumbnailUrl":"https:\/\/www.bellunopress.it\/wp-content\/uploads\/2025\/04\/Soccorso-118-elicottero.jpg","articleSection":["Cronaca\/Politica","Prima Pagina"],"inLanguage":"fr-FR"},{"@type":"WebPage","@id":"https:\/\/www.bellunopress.it\/2026\/07\/05\/parapendio-precipita-a-tomo-grave-il-pilota-altri-interventi\/","url":"https:\/\/www.bellunopress.it\/2026\/07\/05\/parapendio-precipita-a-tomo-grave-il-pilota-altri-interventi\/","name":"Parapendio precipita a Tomo, grave il pilota. Altri interventi - Bellunopress - Dolomiti","isPartOf":{"@id":"https:\/\/www.bellunopress.it\/#website"},"primaryImageOfPage":{"@id":"https:\/\/www.bellunopress.it\/2026\/07\/05\/parapendio-precipita-a-tomo-grave-il-pilota-altri-interventi\/#primaryimage"},"image":{"@id":"https:\/\/www.bellunopress.it\/2026\/07\/05\/parapendio-precipita-a-tomo-grave-il-pilota-altri-interventi\/#primaryimage"},"thumbnailUrl":"https:\/\/www.bellunopress.it\/wp-content\/uploads\/2025\/04\/Soccorso-118-elicottero.jpg","datePublished":"2026-07-05T16:11:34+00:00","breadcrumb":{"@id":"https:\/\/www.bellunopress.it\/2026\/07\/05\/parapendio-precipita-a-tomo-grave-il-pilota-altri-interventi\/#breadcrumb"},"inLanguage":"fr-FR","potentialAction":[{"@type":"ReadAction","target":["https:\/\/www.bellunopress.it\/2026\/07\/05\/parapendio-precipita-a-tomo-grave-il-pilota-altri-interventi\/"]}]},{"@type":"ImageObject","inLanguage":"fr-FR","@id":"https:\/\/www.bellunopress.it\/2026\/07\/05\/parapendio-precipita-a-tomo-grave-il-pilota-altri-interventi\/#primaryimage","url":"https:\/\/www.bellunopress.it\/wp-content\/uploads\/2025\/04\/Soccorso-118-elicottero.jpg","contentUrl":"https:\/\/www.bellunopress.it\/wp-content\/uploads\/2025\/04\/Soccorso-118-elicottero.jpg","width":1000,"height":655},{"@type":"BreadcrumbList","@id":"https:\/\/www.bellunopress.it\/2026\/07\/05\/parapendio-precipita-a-tomo-grave-il-pilota-altri-interventi\/#breadcrumb","itemListElement":[{"@type":"ListItem","position":1,"name":"Home","item":"https:\/\/www.bellunopress.it\/"},{"@type":"ListItem","position":2,"name":"Parapendio precipita a Tomo, grave il pilota. Altri interventi"}]},{"@type":"WebSite","@id":"https:\/\/www.bellunopress.it\/#website","url":"https:\/\/www.bellunopress.it\/","name":"Bellunopress - Dolomiti","description":"e-mail: redazione@bellunopress.it","publisher":{"@id":"https:\/\/www.bellunopress.it\/#organization"},"potentialAction":[{"@type":"SearchAction","target":{"@type":"EntryPoint","urlTemplate":"https:\/\/www.bellunopress.it\/?s={search_term_string}"},"query-input":{"@type":"PropertyValueSpecification","valueRequired":true,"valueName":"search_term_string"}}],"inLanguage":"fr-FR"},{"@type":"Organization","@id":"https:\/\/www.bellunopress.it\/#organization","name":"Bellunopress","url":"https:\/\/www.bellunopress.it\/","logo":{"@type":"ImageObject","inLanguage":"fr-FR","@id":"https:\/\/www.bellunopress.it\/#\/schema\/logo\/image\/","url":"https:\/\/www.bellunopress.it\/wp-content\/uploads\/2011\/05\/cropped-logo-bellunopress-.jpg","contentUrl":"https:\/\/www.bellunopress.it\/wp-content\/uploads\/2011\/05\/cropped-logo-bellunopress-.jpg","width":512,"height":512,"caption":"Bellunopress"},"image":{"@id":"https:\/\/www.bellunopress.it\/#\/schema\/logo\/image\/"},"sameAs":["https:\/\/www.facebook.com\/profile.php?id=100008943462799","https:\/\/x.com\/bellunopress","https:\/\/www.linkedin.com\/hp\/?dnr=JBzUWaJfMUw8vbXJJ2tVW5-I3jZKvC4wsoxE&amp;amp;amp;amp;amp;amp;trk=nav_responsive_tab_home","https:\/\/www.youtube.com\/channel\/UCxL0wu1uN0_3_7hGG0306cw"]},{"@type":"Person","@id":"https:\/\/www.bellunopress.it\/#\/schema\/person\/79bb06722b37ece1c03d3e94beb30d73","name":"r\u00e9daction","image":{"@type":"ImageObject","inLanguage":"fr-FR","@id":"https:\/\/secure.gravatar.com\/avatar\/37d968a2e67a6fd04c169c4bdef102d0bc5d31b2546345219e348575eb80e9a0?s=96&d=mm&r=g","url":"https:\/\/secure.gravatar.com\/avatar\/37d968a2e67a6fd04c169c4bdef102d0bc5d31b2546345219e348575eb80e9a0?s=96&d=mm&r=g","contentUrl":"https:\/\/secure.gravatar.com\/avatar\/37d968a2e67a6fd04c169c4bdef102d0bc5d31b2546345219e348575eb80e9a0?s=96&d=mm&r=g","caption":"redazione"},"sameAs":["http:\/\/www.bellunopress.it","https:\/\/x.com\/bellunopress"],"url":"https:\/\/www.bellunopress.it\/fr\/author\/redazione\/"}]}},"_links":{"self":[{"href":"https:\/\/www.bellunopress.it\/fr\/wp-json\/wp\/v2\/posts\/171691","targetHints":{"allow":["GET"]}}],"collection":[{"href":"https:\/\/www.bellunopress.it\/fr\/wp-json\/wp\/v2\/posts"}],"about":[{"href":"https:\/\/www.bellunopress.it\/fr\/wp-json\/wp\/v2\/types\/post"}],"author":[{"embeddable":true,"href":"https:\/\/www.bellunopress.it\/fr\/wp-json\/wp\/v2\/users\/2"}],"replies":[{"embeddable":true,"href":"https:\/\/www.bellunopress.it\/fr\/wp-json\/wp\/v2\/comments?post=171691"}],"version-history":[{"count":1,"href":"https:\/\/www.bellunopress.it\/fr\/wp-json\/wp\/v2\/posts\/171691\/revisions"}],"predecessor-version":[{"id":171692,"href":"https:\/\/www.bellunopress.it\/fr\/wp-json\/wp\/v2\/posts\/171691\/revisions\/171692"}],"wp:featuredmedia":[{"embeddable":true,"href":"https:\/\/www.bellunopress.it\/fr\/wp-json\/wp\/v2\/media\/159373"}],"wp:attachment":[{"href":"https:\/\/www.bellunopress.it\/fr\/wp-json\/wp\/v2\/media?parent=171691"}],"wp:term":[{"taxonomy":"category","embeddable":true,"href":"https:\/\/www.bellunopress.it\/fr\/wp-json\/wp\/v2\/categories?post=171691"},{"taxonomy":"post_tag","embeddable":true,"href":"https:\/\/www.bellunopress.it\/fr\/wp-json\/wp\/v2\/tags?post=171691"}],"curies":[{"name":"wp","href":"https:\/\/api.w.org\/{rel}","templated":true}]}}