{"id":171685,"date":"2026-07-05T07:19:12","date_gmt":"2026-07-05T05:19:12","guid":{"rendered":"https:\/\/www.bellunopress.it\/?p=171685"},"modified":"2026-07-05T07:19:12","modified_gmt":"2026-07-05T05:19:12","slug":"feltre-sicurezza-prevenzione-informazione-e-nuovi-strumenti","status":"publish","type":"post","link":"https:\/\/www.bellunopress.it\/fr\/2026\/07\/05\/feltre-sicurezza-prevenzione-informazione-e-nuovi-strumenti\/","title":{"rendered":"Feltre. Sicurezza, prevenzione, informazione e nuovi strumenti"},"content":{"rendered":"<p><em>Grande partecipazione venerd\u00ec al primo incontro pubblico con i Carabinieri.<\/em><br \/>\n<em>Dall&#8217;autunno nuovi appuntamenti rivolti alla cittadinanza.<\/em><\/p>\n<p>Feltre, 05\/07\/2026 &#8211; Ha preso il via con una Sala degli Stemmi gremita il progetto sulla sicurezza promosso all&#8217;Amministrazione comunale: un percorso articolato che punta a rafforzare la tutela del territorio attraverso prevenzione, informazione,<br \/>\ninvestimenti tecnologici e aggiornamento degli strumenti normativi. Il primo incontro pubblico, organizzato in collaborazione con la Compagnia Carabinieri di Feltre, ha rappresentato infatti il primo tassello di un programma pi\u00f9 ampio che punta a rafforzare la sicurezza del territorio attraverso un insieme di azioni coordinate. Una strategia che guarda alla<br \/>\nsicurezza in senso ampio, nella convinzione che il presidio passi non soltanto attraverso controlli e strumenti tecnologici, ma anche attraverso una cittadinanza informata e consapevole.<\/p>\n<p>\u201cL\u2019dea \u00e8 quella di costruire un percorso che metta insieme prevenzione, presenza sul territorio, investimenti e ascolto<br \/>\ndei cittadini \u2013 le parole del vice sindaco, Claudio Dalla Palma -. Il nostro \u00e8 un territorio sicuro, ma perch\u00e9 resti tale \u00e8 importante che la popolazione sia formata e sempre attenta sul tema sicurezza\u201d.<\/p>\n<p><strong>IL PROGETTO<\/strong><br \/>\nPrevenzione, informazione, investimenti tecnologici e aggiornamento degli strumenti normativi. Sono queste le quattro direttrici lungo le quali si sviluppa il progetto dell\u2019Amministrazione sul tema sicurezza. \u201cLa sicurezza non si costruisce con un singolo provvedimento, ma con un lavoro continuo e articolato &#8211; spiega l&#8217;assessore Matteo Titton, promotore della serata di<br \/>\nvenerd\u00ec -. Per questo abbiamo deciso di mettere in campo un progetto che interviene su pi\u00f9 fronti. Da un lato vogliamo investire negli strumenti, con il progressivo potenziamento della videosorveglianza e, in particolare, di sistemi di lettura targhe nei principali accessi alla Citt\u00e0, e con l&#8217;aggiornamento del Daspo urbano adeguandolo alla normativa vigente. Dall&#8217;altro riteniamo fondamentale lavorare sulla prevenzione, perch\u00e9 un cittadino informato \u00e8 anche un cittadino pi\u00f9 sicuro. Gli incontri pubblici che abbiamo avviato rappresentano proprio questo: occasioni per creare una cultura della sicurezza, ascoltare i cittadini e costruire insieme una comunit\u00e0 sempre pi\u00f9 consapevole e capace di prevenire i rischi. Quello di venerd\u00ec \u00e8 stato il primo tassello. Sicuramente, vista la grande risposta, ripeteremo l\u2019iniziativa in autunno\u201d.\u00a0Proprio per andare nella direzione di implementare la rete di videosorveglianza cittadina, di recente \u00e8 stato modificato il patto tra la Prefettura e il Comune, di modo da rendere possibile la richiesta di contributi per l\u2019acquisto di videocamere. \u201cAbbiamo gi\u00e0 deciso, sulla base di dati delle forze dell\u2019ordine, dove andare a collocare i sistemi leggi targa \u2013 aggiunge Titton \u2013 nel caso riuscissimo a intercettare fondi ministeriali\u201d.<\/p>\n<p><strong>LA SERATA \u201cESTATE SICURA\u201d<\/strong><br \/>\nL&#8217;iniziativa di venerd\u00ec, intanto, ha registrato una grande partecipazione. L&#8217;incontro informativo organizzato in Sala Stemmi, protrattosi per oltre due ore, \u00e8 stato caratterizzato da un confronto continuo tra cittadini e Carabinieri:<br \/>\nle numerose domande rivolte al comandante della Compagnia di Feltre hanno confermato quanto il tema della sicurezza sia sentito dalla comunit\u00e0 e quanto sia forte l&#8217;esigenza di ricevere informazioni e strumenti pratici per<br \/>\nprevenire situazioni di rischio.<br \/>\nNel corso della serata \u00e8 stato ricordato come la provincia di Belluno continui a distinguersi tra le realt\u00e0 pi\u00f9 sicure del Paese, con un indice di criminalit\u00e0 sensibilmente inferiore rispetto alle grandi aree urbane. Un dato che rappresenta un patrimonio da preservare proprio attraverso la prevenzione e la collaborazione tra istituzioni, forze dell&#8217;ordine e cittadini.<br \/>\nParticolare attenzione \u00e8 stata dedicata al fenomeno delle truffe telefoniche e online, in particolare quelle bancarie, oggi tra i reati pi\u00f9 insidiosi e in costante evoluzione. In un territorio come quello feltrino, caratterizzato da una significativa presenza di popolazione anziana, le persone over 70 rappresentano una delle categorie maggiormente esposte ai tentativi di<br \/>\nraggiro. Durante l&#8217;incontro sono state illustrate le modalit\u00e0 con cui operano i truffatori \u2013 dalla cosiddetta &#8220;truffa del finto carabiniere&#8221; alle frodi informatiche attraverso email, sms e telefonate \u2013 insieme ai comportamenti pi\u00f9 efficaci per<br \/>\nriconoscere tempestivamente i tentativi di truffa e difendere i propri dati e i propri risparmi.<br \/>\n\u201cLa straordinaria partecipazione registrata venerd\u00ec sera dimostra che abbiamo intercettato un bisogno reale e sentito &#8211; commenta l&#8217;assessore alla sicurezza Matteo Titton -. I dati illustrati durante la serata, d\u2019altra parte, evidenziano una crescita costante delle frodi informatiche e delle truffe ai danni degli anziani a livello nazionale, confermando come l&#8217;informazione<br \/>\nrappresenti oggi uno degli strumenti di prevenzione pi\u00f9 efficaci. Questo incontro \u00e8 soltanto il primo di un percorso che proseguir\u00e0 dall&#8217;autunno con nuovi appuntamenti pubblici e che accompagner\u00e0 l&#8217;attuazione delle altre azioni che l&#8217;Amministrazione sta mettendo in campo per rafforzare ulteriormente la sicurezza del nostro territorio. Colgo l\u2019occasione per<br \/>\nringraziare le nostre forze dell\u2019ordine per il presidio attento e costante che assicurano alle nostre comunit\u00e0\u201d.<\/p>","protected":false},"excerpt":{"rendered":"<p>Grande partecipazione venerd\u00ec al primo incontro pubblico con i Carabinieri. Dall&#8217;autunno nuovi appuntamenti rivolti alla cittadinanza. Feltre, 05\/07\/2026 &#8211; Ha preso il via con una Sala degli Stemmi gremita il progetto sulla sicurezza promosso all&#8217;Amministrazione comunale: un percorso articolato che punta a rafforzare la tutela del territorio attraverso prevenzione, informazione, investimenti tecnologici e aggiornamento degli [&hellip;]<\/p>\n","protected":false},"author":2,"featured_media":171686,"comment_status":"closed","ping_status":"open","sticky":false,"template":"","format":"standard","meta":{"footnotes":""},"categories":[5,8],"tags":[],"class_list":["post-171685","post","type-post","status-publish","format-standard","has-post-thumbnail","category-cronaca","category-societa-istituzioni"],"yoast_head":"<!-- This site is optimized with the Yoast SEO plugin v28.4 - https:\/\/yoast.com\/product\/yoast-seo-wordpress\/ -->\n<title>Feltre. Sicurezza, prevenzione, informazione e nuovi strumenti - Bellunopress - Dolomiti<\/title>\n<meta name=\"robots\" content=\"index, follow, max-snippet:-1, max-image-preview:large, max-video-preview:-1\" \/>\n<link rel=\"canonical\" href=\"https:\/\/www.bellunopress.it\/fr\/2026\/07\/05\/feltre-sicurezza-prevenzione-informazione-e-nuovi-strumenti\/\" \/>\n<meta property=\"og:locale\" content=\"fr_FR\" \/>\n<meta property=\"og:type\" content=\"article\" \/>\n<meta property=\"og:title\" content=\"Feltre. Sicurezza, prevenzione, informazione e nuovi strumenti - Bellunopress - Dolomiti\" \/>\n<meta property=\"og:description\" content=\"Grande partecipazione venerd\u00ec al primo incontro pubblico con i Carabinieri. Dall&#8217;autunno nuovi appuntamenti rivolti alla cittadinanza. Feltre, 05\/07\/2026 &#8211; Ha preso il via con una Sala degli Stemmi gremita il progetto sulla sicurezza promosso all&#8217;Amministrazione comunale: un percorso articolato che punta a rafforzare la tutela del territorio attraverso prevenzione, informazione, investimenti tecnologici e aggiornamento degli [&hellip;]\" \/>\n<meta property=\"og:url\" content=\"https:\/\/www.bellunopress.it\/fr\/2026\/07\/05\/feltre-sicurezza-prevenzione-informazione-e-nuovi-strumenti\/\" \/>\n<meta property=\"og:site_name\" content=\"Bellunopress - Dolomiti\" \/>\n<meta property=\"article:publisher\" content=\"https:\/\/www.facebook.com\/profile.php?id=100008943462799\" \/>\n<meta property=\"article:published_time\" content=\"2026-07-05T05:19:12+00:00\" \/>\n<meta property=\"og:image\" content=\"https:\/\/www.bellunopress.it\/wp-content\/uploads\/2026\/07\/Serata-sicurezza-Feltre.jpeg\" \/>\n\t<meta property=\"og:image:width\" content=\"500\" \/>\n\t<meta property=\"og:image:height\" content=\"290\" \/>\n\t<meta property=\"og:image:type\" content=\"image\/jpeg\" \/>\n<meta name=\"author\" content=\"redazione\" \/>\n<meta name=\"twitter:card\" content=\"summary_large_image\" \/>\n<meta name=\"twitter:creator\" content=\"@bellunopress\" \/>\n<meta name=\"twitter:site\" content=\"@bellunopress\" \/>\n<meta name=\"twitter:label1\" content=\"\u00c9crit par\" \/>\n\t<meta name=\"twitter:data1\" content=\"redazione\" \/>\n\t<meta name=\"twitter:label2\" content=\"Dur\u00e9e de lecture estim\u00e9e\" \/>\n\t<meta name=\"twitter:data2\" content=\"5 minutes\" \/>\n<script type=\"application\/ld+json\" class=\"yoast-schema-graph\">{\"@context\":\"https:\\\/\\\/schema.org\",\"@graph\":[{\"@type\":\"Article\",\"@id\":\"https:\\\/\\\/www.bellunopress.it\\\/2026\\\/07\\\/05\\\/feltre-sicurezza-prevenzione-informazione-e-nuovi-strumenti\\\/#article\",\"isPartOf\":{\"@id\":\"https:\\\/\\\/www.bellunopress.it\\\/2026\\\/07\\\/05\\\/feltre-sicurezza-prevenzione-informazione-e-nuovi-strumenti\\\/\"},\"author\":{\"name\":\"redazione\",\"@id\":\"https:\\\/\\\/www.bellunopress.it\\\/#\\\/schema\\\/person\\\/79bb06722b37ece1c03d3e94beb30d73\"},\"headline\":\"Feltre. Sicurezza, prevenzione, informazione e nuovi strumenti\",\"datePublished\":\"2026-07-05T05:19:12+00:00\",\"mainEntityOfPage\":{\"@id\":\"https:\\\/\\\/www.bellunopress.it\\\/2026\\\/07\\\/05\\\/feltre-sicurezza-prevenzione-informazione-e-nuovi-strumenti\\\/\"},\"wordCount\":774,\"publisher\":{\"@id\":\"https:\\\/\\\/www.bellunopress.it\\\/#organization\"},\"image\":{\"@id\":\"https:\\\/\\\/www.bellunopress.it\\\/2026\\\/07\\\/05\\\/feltre-sicurezza-prevenzione-informazione-e-nuovi-strumenti\\\/#primaryimage\"},\"thumbnailUrl\":\"https:\\\/\\\/www.bellunopress.it\\\/wp-content\\\/uploads\\\/2026\\\/07\\\/Serata-sicurezza-Feltre.jpeg\",\"articleSection\":[\"Cronaca\\\/Politica\",\"Societ\u00e0, Associazioni, Istituzioni\"],\"inLanguage\":\"fr-FR\"},{\"@type\":\"WebPage\",\"@id\":\"https:\\\/\\\/www.bellunopress.it\\\/2026\\\/07\\\/05\\\/feltre-sicurezza-prevenzione-informazione-e-nuovi-strumenti\\\/\",\"url\":\"https:\\\/\\\/www.bellunopress.it\\\/2026\\\/07\\\/05\\\/feltre-sicurezza-prevenzione-informazione-e-nuovi-strumenti\\\/\",\"name\":\"Feltre. Sicurezza, prevenzione, informazione e nuovi strumenti - Bellunopress - Dolomiti\",\"isPartOf\":{\"@id\":\"https:\\\/\\\/www.bellunopress.it\\\/#website\"},\"primaryImageOfPage\":{\"@id\":\"https:\\\/\\\/www.bellunopress.it\\\/2026\\\/07\\\/05\\\/feltre-sicurezza-prevenzione-informazione-e-nuovi-strumenti\\\/#primaryimage\"},\"image\":{\"@id\":\"https:\\\/\\\/www.bellunopress.it\\\/2026\\\/07\\\/05\\\/feltre-sicurezza-prevenzione-informazione-e-nuovi-strumenti\\\/#primaryimage\"},\"thumbnailUrl\":\"https:\\\/\\\/www.bellunopress.it\\\/wp-content\\\/uploads\\\/2026\\\/07\\\/Serata-sicurezza-Feltre.jpeg\",\"datePublished\":\"2026-07-05T05:19:12+00:00\",\"breadcrumb\":{\"@id\":\"https:\\\/\\\/www.bellunopress.it\\\/2026\\\/07\\\/05\\\/feltre-sicurezza-prevenzione-informazione-e-nuovi-strumenti\\\/#breadcrumb\"},\"inLanguage\":\"fr-FR\",\"potentialAction\":[{\"@type\":\"ReadAction\",\"target\":[\"https:\\\/\\\/www.bellunopress.it\\\/2026\\\/07\\\/05\\\/feltre-sicurezza-prevenzione-informazione-e-nuovi-strumenti\\\/\"]}]},{\"@type\":\"ImageObject\",\"inLanguage\":\"fr-FR\",\"@id\":\"https:\\\/\\\/www.bellunopress.it\\\/2026\\\/07\\\/05\\\/feltre-sicurezza-prevenzione-informazione-e-nuovi-strumenti\\\/#primaryimage\",\"url\":\"https:\\\/\\\/www.bellunopress.it\\\/wp-content\\\/uploads\\\/2026\\\/07\\\/Serata-sicurezza-Feltre.jpeg\",\"contentUrl\":\"https:\\\/\\\/www.bellunopress.it\\\/wp-content\\\/uploads\\\/2026\\\/07\\\/Serata-sicurezza-Feltre.jpeg\",\"width\":500,\"height\":290},{\"@type\":\"BreadcrumbList\",\"@id\":\"https:\\\/\\\/www.bellunopress.it\\\/2026\\\/07\\\/05\\\/feltre-sicurezza-prevenzione-informazione-e-nuovi-strumenti\\\/#breadcrumb\",\"itemListElement\":[{\"@type\":\"ListItem\",\"position\":1,\"name\":\"Home\",\"item\":\"https:\\\/\\\/www.bellunopress.it\\\/\"},{\"@type\":\"ListItem\",\"position\":2,\"name\":\"Feltre. Sicurezza, prevenzione, informazione e nuovi strumenti\"}]},{\"@type\":\"WebSite\",\"@id\":\"https:\\\/\\\/www.bellunopress.it\\\/#website\",\"url\":\"https:\\\/\\\/www.bellunopress.it\\\/\",\"name\":\"Bellunopress - Dolomiti\",\"description\":\"e-mail: redazione@bellunopress.it\",\"publisher\":{\"@id\":\"https:\\\/\\\/www.bellunopress.it\\\/#organization\"},\"potentialAction\":[{\"@type\":\"SearchAction\",\"target\":{\"@type\":\"EntryPoint\",\"urlTemplate\":\"https:\\\/\\\/www.bellunopress.it\\\/?s={search_term_string}\"},\"query-input\":{\"@type\":\"PropertyValueSpecification\",\"valueRequired\":true,\"valueName\":\"search_term_string\"}}],\"inLanguage\":\"fr-FR\"},{\"@type\":\"Organization\",\"@id\":\"https:\\\/\\\/www.bellunopress.it\\\/#organization\",\"name\":\"Bellunopress\",\"url\":\"https:\\\/\\\/www.bellunopress.it\\\/\",\"logo\":{\"@type\":\"ImageObject\",\"inLanguage\":\"fr-FR\",\"@id\":\"https:\\\/\\\/www.bellunopress.it\\\/#\\\/schema\\\/logo\\\/image\\\/\",\"url\":\"https:\\\/\\\/www.bellunopress.it\\\/wp-content\\\/uploads\\\/2011\\\/05\\\/cropped-logo-bellunopress-.jpg\",\"contentUrl\":\"https:\\\/\\\/www.bellunopress.it\\\/wp-content\\\/uploads\\\/2011\\\/05\\\/cropped-logo-bellunopress-.jpg\",\"width\":512,\"height\":512,\"caption\":\"Bellunopress\"},\"image\":{\"@id\":\"https:\\\/\\\/www.bellunopress.it\\\/#\\\/schema\\\/logo\\\/image\\\/\"},\"sameAs\":[\"https:\\\/\\\/www.facebook.com\\\/profile.php?id=100008943462799\",\"https:\\\/\\\/x.com\\\/bellunopress\",\"https:\\\/\\\/www.linkedin.com\\\/hp\\\/?dnr=JBzUWaJfMUw8vbXJJ2tVW5-I3jZKvC4wsoxE&amp;amp;amp;amp;amp;amp;trk=nav_responsive_tab_home\",\"https:\\\/\\\/www.youtube.com\\\/channel\\\/UCxL0wu1uN0_3_7hGG0306cw\"]},{\"@type\":\"Person\",\"@id\":\"https:\\\/\\\/www.bellunopress.it\\\/#\\\/schema\\\/person\\\/79bb06722b37ece1c03d3e94beb30d73\",\"name\":\"redazione\",\"image\":{\"@type\":\"ImageObject\",\"inLanguage\":\"fr-FR\",\"@id\":\"https:\\\/\\\/secure.gravatar.com\\\/avatar\\\/37d968a2e67a6fd04c169c4bdef102d0bc5d31b2546345219e348575eb80e9a0?s=96&d=mm&r=g\",\"url\":\"https:\\\/\\\/secure.gravatar.com\\\/avatar\\\/37d968a2e67a6fd04c169c4bdef102d0bc5d31b2546345219e348575eb80e9a0?s=96&d=mm&r=g\",\"contentUrl\":\"https:\\\/\\\/secure.gravatar.com\\\/avatar\\\/37d968a2e67a6fd04c169c4bdef102d0bc5d31b2546345219e348575eb80e9a0?s=96&d=mm&r=g\",\"caption\":\"redazione\"},\"sameAs\":[\"http:\\\/\\\/www.bellunopress.it\",\"https:\\\/\\\/x.com\\\/bellunopress\"],\"url\":\"https:\\\/\\\/www.bellunopress.it\\\/fr\\\/author\\\/redazione\\\/\"}]}<\/script>\n<!-- \/ Yoast SEO plugin. -->","yoast_head_json":{"title":"Feltre. Sicurezza, prevenzione, informazione e nuovi strumenti - Bellunopress - Dolomiti","robots":{"index":"index","follow":"follow","max-snippet":"max-snippet:-1","max-image-preview":"max-image-preview:large","max-video-preview":"max-video-preview:-1"},"canonical":"https:\/\/www.bellunopress.it\/fr\/2026\/07\/05\/feltre-sicurezza-prevenzione-informazione-e-nuovi-strumenti\/","og_locale":"fr_FR","og_type":"article","og_title":"Feltre. Sicurezza, prevenzione, informazione e nuovi strumenti - Bellunopress - Dolomiti","og_description":"Grande partecipazione venerd\u00ec al primo incontro pubblico con i Carabinieri. Dall&#8217;autunno nuovi appuntamenti rivolti alla cittadinanza. Feltre, 05\/07\/2026 &#8211; Ha preso il via con una Sala degli Stemmi gremita il progetto sulla sicurezza promosso all&#8217;Amministrazione comunale: un percorso articolato che punta a rafforzare la tutela del territorio attraverso prevenzione, informazione, investimenti tecnologici e aggiornamento degli [&hellip;]","og_url":"https:\/\/www.bellunopress.it\/fr\/2026\/07\/05\/feltre-sicurezza-prevenzione-informazione-e-nuovi-strumenti\/","og_site_name":"Bellunopress - Dolomiti","article_publisher":"https:\/\/www.facebook.com\/profile.php?id=100008943462799","article_published_time":"2026-07-05T05:19:12+00:00","og_image":[{"width":500,"height":290,"url":"https:\/\/www.bellunopress.it\/wp-content\/uploads\/2026\/07\/Serata-sicurezza-Feltre.jpeg","type":"image\/jpeg"}],"author":"redazione","twitter_card":"summary_large_image","twitter_creator":"@bellunopress","twitter_site":"@bellunopress","twitter_misc":{"\u00c9crit par":"redazione","Dur\u00e9e de lecture estim\u00e9e":"5 minutes"},"schema":{"@context":"https:\/\/schema.org","@graph":[{"@type":"Article","@id":"https:\/\/www.bellunopress.it\/2026\/07\/05\/feltre-sicurezza-prevenzione-informazione-e-nuovi-strumenti\/#article","isPartOf":{"@id":"https:\/\/www.bellunopress.it\/2026\/07\/05\/feltre-sicurezza-prevenzione-informazione-e-nuovi-strumenti\/"},"author":{"name":"redazione","@id":"https:\/\/www.bellunopress.it\/#\/schema\/person\/79bb06722b37ece1c03d3e94beb30d73"},"headline":"Feltre. Sicurezza, prevenzione, informazione e nuovi strumenti","datePublished":"2026-07-05T05:19:12+00:00","mainEntityOfPage":{"@id":"https:\/\/www.bellunopress.it\/2026\/07\/05\/feltre-sicurezza-prevenzione-informazione-e-nuovi-strumenti\/"},"wordCount":774,"publisher":{"@id":"https:\/\/www.bellunopress.it\/#organization"},"image":{"@id":"https:\/\/www.bellunopress.it\/2026\/07\/05\/feltre-sicurezza-prevenzione-informazione-e-nuovi-strumenti\/#primaryimage"},"thumbnailUrl":"https:\/\/www.bellunopress.it\/wp-content\/uploads\/2026\/07\/Serata-sicurezza-Feltre.jpeg","articleSection":["Cronaca\/Politica","Societ\u00e0, Associazioni, Istituzioni"],"inLanguage":"fr-FR"},{"@type":"WebPage","@id":"https:\/\/www.bellunopress.it\/2026\/07\/05\/feltre-sicurezza-prevenzione-informazione-e-nuovi-strumenti\/","url":"https:\/\/www.bellunopress.it\/2026\/07\/05\/feltre-sicurezza-prevenzione-informazione-e-nuovi-strumenti\/","name":"Feltre. Sicurezza, prevenzione, informazione e nuovi strumenti - Bellunopress - Dolomiti","isPartOf":{"@id":"https:\/\/www.bellunopress.it\/#website"},"primaryImageOfPage":{"@id":"https:\/\/www.bellunopress.it\/2026\/07\/05\/feltre-sicurezza-prevenzione-informazione-e-nuovi-strumenti\/#primaryimage"},"image":{"@id":"https:\/\/www.bellunopress.it\/2026\/07\/05\/feltre-sicurezza-prevenzione-informazione-e-nuovi-strumenti\/#primaryimage"},"thumbnailUrl":"https:\/\/www.bellunopress.it\/wp-content\/uploads\/2026\/07\/Serata-sicurezza-Feltre.jpeg","datePublished":"2026-07-05T05:19:12+00:00","breadcrumb":{"@id":"https:\/\/www.bellunopress.it\/2026\/07\/05\/feltre-sicurezza-prevenzione-informazione-e-nuovi-strumenti\/#breadcrumb"},"inLanguage":"fr-FR","potentialAction":[{"@type":"ReadAction","target":["https:\/\/www.bellunopress.it\/2026\/07\/05\/feltre-sicurezza-prevenzione-informazione-e-nuovi-strumenti\/"]}]},{"@type":"ImageObject","inLanguage":"fr-FR","@id":"https:\/\/www.bellunopress.it\/2026\/07\/05\/feltre-sicurezza-prevenzione-informazione-e-nuovi-strumenti\/#primaryimage","url":"https:\/\/www.bellunopress.it\/wp-content\/uploads\/2026\/07\/Serata-sicurezza-Feltre.jpeg","contentUrl":"https:\/\/www.bellunopress.it\/wp-content\/uploads\/2026\/07\/Serata-sicurezza-Feltre.jpeg","width":500,"height":290},{"@type":"BreadcrumbList","@id":"https:\/\/www.bellunopress.it\/2026\/07\/05\/feltre-sicurezza-prevenzione-informazione-e-nuovi-strumenti\/#breadcrumb","itemListElement":[{"@type":"ListItem","position":1,"name":"Home","item":"https:\/\/www.bellunopress.it\/"},{"@type":"ListItem","position":2,"name":"Feltre. Sicurezza, prevenzione, informazione e nuovi strumenti"}]},{"@type":"WebSite","@id":"https:\/\/www.bellunopress.it\/#website","url":"https:\/\/www.bellunopress.it\/","name":"Bellunopress - Dolomiti","description":"e-mail: redazione@bellunopress.it","publisher":{"@id":"https:\/\/www.bellunopress.it\/#organization"},"potentialAction":[{"@type":"SearchAction","target":{"@type":"EntryPoint","urlTemplate":"https:\/\/www.bellunopress.it\/?s={search_term_string}"},"query-input":{"@type":"PropertyValueSpecification","valueRequired":true,"valueName":"search_term_string"}}],"inLanguage":"fr-FR"},{"@type":"Organization","@id":"https:\/\/www.bellunopress.it\/#organization","name":"Bellunopress","url":"https:\/\/www.bellunopress.it\/","logo":{"@type":"ImageObject","inLanguage":"fr-FR","@id":"https:\/\/www.bellunopress.it\/#\/schema\/logo\/image\/","url":"https:\/\/www.bellunopress.it\/wp-content\/uploads\/2011\/05\/cropped-logo-bellunopress-.jpg","contentUrl":"https:\/\/www.bellunopress.it\/wp-content\/uploads\/2011\/05\/cropped-logo-bellunopress-.jpg","width":512,"height":512,"caption":"Bellunopress"},"image":{"@id":"https:\/\/www.bellunopress.it\/#\/schema\/logo\/image\/"},"sameAs":["https:\/\/www.facebook.com\/profile.php?id=100008943462799","https:\/\/x.com\/bellunopress","https:\/\/www.linkedin.com\/hp\/?dnr=JBzUWaJfMUw8vbXJJ2tVW5-I3jZKvC4wsoxE&amp;amp;amp;amp;amp;amp;trk=nav_responsive_tab_home","https:\/\/www.youtube.com\/channel\/UCxL0wu1uN0_3_7hGG0306cw"]},{"@type":"Person","@id":"https:\/\/www.bellunopress.it\/#\/schema\/person\/79bb06722b37ece1c03d3e94beb30d73","name":"r\u00e9daction","image":{"@type":"ImageObject","inLanguage":"fr-FR","@id":"https:\/\/secure.gravatar.com\/avatar\/37d968a2e67a6fd04c169c4bdef102d0bc5d31b2546345219e348575eb80e9a0?s=96&d=mm&r=g","url":"https:\/\/secure.gravatar.com\/avatar\/37d968a2e67a6fd04c169c4bdef102d0bc5d31b2546345219e348575eb80e9a0?s=96&d=mm&r=g","contentUrl":"https:\/\/secure.gravatar.com\/avatar\/37d968a2e67a6fd04c169c4bdef102d0bc5d31b2546345219e348575eb80e9a0?s=96&d=mm&r=g","caption":"redazione"},"sameAs":["http:\/\/www.bellunopress.it","https:\/\/x.com\/bellunopress"],"url":"https:\/\/www.bellunopress.it\/fr\/author\/redazione\/"}]}},"_links":{"self":[{"href":"https:\/\/www.bellunopress.it\/fr\/wp-json\/wp\/v2\/posts\/171685","targetHints":{"allow":["GET"]}}],"collection":[{"href":"https:\/\/www.bellunopress.it\/fr\/wp-json\/wp\/v2\/posts"}],"about":[{"href":"https:\/\/www.bellunopress.it\/fr\/wp-json\/wp\/v2\/types\/post"}],"author":[{"embeddable":true,"href":"https:\/\/www.bellunopress.it\/fr\/wp-json\/wp\/v2\/users\/2"}],"replies":[{"embeddable":true,"href":"https:\/\/www.bellunopress.it\/fr\/wp-json\/wp\/v2\/comments?post=171685"}],"version-history":[{"count":1,"href":"https:\/\/www.bellunopress.it\/fr\/wp-json\/wp\/v2\/posts\/171685\/revisions"}],"predecessor-version":[{"id":171687,"href":"https:\/\/www.bellunopress.it\/fr\/wp-json\/wp\/v2\/posts\/171685\/revisions\/171687"}],"wp:featuredmedia":[{"embeddable":true,"href":"https:\/\/www.bellunopress.it\/fr\/wp-json\/wp\/v2\/media\/171686"}],"wp:attachment":[{"href":"https:\/\/www.bellunopress.it\/fr\/wp-json\/wp\/v2\/media?parent=171685"}],"wp:term":[{"taxonomy":"category","embeddable":true,"href":"https:\/\/www.bellunopress.it\/fr\/wp-json\/wp\/v2\/categories?post=171685"},{"taxonomy":"post_tag","embeddable":true,"href":"https:\/\/www.bellunopress.it\/fr\/wp-json\/wp\/v2\/tags?post=171685"}],"curies":[{"name":"wp","href":"https:\/\/api.w.org\/{rel}","templated":true}]}}