{"id":171683,"date":"2026-07-05T06:57:29","date_gmt":"2026-07-05T04:57:29","guid":{"rendered":"https:\/\/www.bellunopress.it\/?p=171683"},"modified":"2026-07-05T06:57:29","modified_gmt":"2026-07-05T04:57:29","slug":"canoa-auronzo-di-cadore-domenica-semifinali-e-finali","status":"publish","type":"post","link":"https:\/\/www.bellunopress.it\/fr\/2026\/07\/05\/canoa-auronzo-di-cadore-domenica-semifinali-e-finali\/","title":{"rendered":"Canoa, Auronzo di Cadore: domenica semifinali e finali"},"content":{"rendered":"<p>Sabato 2a giornata dedicata ai 500 metri, con 168 gare e pubblico numeroso lungo il Lago di Santa Caterina<br \/>\nTra i vincitori anche atleti gi\u00e0 protagonisti in competizioni mondiali, europee e nazionali<br \/>\nNel tardo pomeriggio il via alle batterie dei 200 metri in vista della giornata conclusiva<\/p>\n<p>Auronzo di Cadore, 4 luglio 2026 \u2013 Seconda giornata di gare sul Lago di Santa Caterina per la 45\u00aa edizione della Gara Internazionale di Canoa Velocit\u00e0 e Paracanoa di Auronzo di Cadore.<\/p>\n<p>Dopo i 1.000 metri disputati nella giornata inaugurale, il programma odierno \u00e8 stato dedicato principalmente alla distanza olimpica dei 500 metri, con 168 gare tra batterie, semifinali e finali. A confrontarsi sul campo di gara sono state ancora una volta le categorie Under 16, Junior, Senior e Master, nelle diverse specialit\u00e0 del kayak e della canadese.<\/p>\n<p>&#8220;La Gara Internazionale di canoa e kayak \u00e8 ormai uno degli appuntamenti centrali della stagione turistica di Auronzo&#8221; ha commentato il sindaco Dario Vecellio Galeno, presente al campo di gara &#8220;Porta sul lago atleti, famiglie e giovani provenienti da molti Paesi, coinvolgendo alberghi, ristoranti e attivit\u00e0 del territorio. Ringrazio Andrea Bedin, responsabile del Comitato organizzatore, il suo staff, le associazioni e tutti i volontari che rendono possibile ogni anno questa manifestazione. \u00c8 bello vedere tanti ragazzi praticare uno sport sano e formativo, indipendentemente dai risultati che raggiungeranno&#8221;.<\/p>\n<p>La seconda giornata di gare, calda, con cielo terso e una leggera brezza, ha avuto condizioni favorevoli sia per gli atleti sia per il pubblico. Numerose persone hanno seguito le gare dai diversi punti lungo il perimetro del lago, accompagnando le finali con l&#8217;atmosfera delle giornate sportive pi\u00f9 importanti.<\/p>\n<p>L&#8217;alto livello tecnico \u00e8 confermato dal profilo dei vincitori delle gare di cartello. In particolare, nel K1 Senior femminile si \u00e8 imposta Sara Daldoss, gi\u00e0 bronzo mondiale ed europeo Under 23 nel K4 500, mentre tra gli uomini ha vinto Giacomo Rossi, campione italiano Under 23 2025 nel K1 1.000 metri. Tra gli Junior, successi per Sofia Postolachi, campionessa europea 2026 nel C1 di canoa maratona, e Alessandro Dri, vincitore nel 2025 dei titoli italiani Ragazzi nel C1 sui 1.000, 500 e 200 metri.<\/p>\n<p>Tra i risultati principali dei 500 metri:<\/p>\n<p>K1 Senior Men<br \/>\n1\u00b0 Giacomo Rossi (Centro Sportivo Carabinieri) 01&#8217;41&#8221;55<\/p>\n<p>K1 Senior Women<br \/>\n1\u00aa Sara Daldoss (Gruppo Sportivo Fiamme Azzurre) 01&#8217;53&#8221;85<\/p>\n<p>C1 Senior Men<br \/>\n1\u00b0 Carlo Di Girolamo (Gruppo Nautico Fiamme Gialle) 01&#8217;58&#8221;27<\/p>\n<p>C1 Senior Women<br \/>\n1\u00aa Angela Voltan (Padova Canoa Asd) 02&#8217;21&#8221;68<\/p>\n<p>K1 Junior Men<br \/>\n1\u00b0 Gabriele Alberti (Canottieri Mestre Asd) 01&#8217;46&#8221;01<\/p>\n<p>K1 Junior Women<br \/>\n1\u00aa Laura Eitzinger (Austria) 01&#8217;59&#8221;84<\/p>\n<p>C1 Junior Men<br \/>\n1\u00b0 Alessandro Dri (Canoa San Giorgio) 02&#8217;00&#8221;79<\/p>\n<p>C1 Junior Women<br \/>\n1\u00aa Sofia Postolachi (Padova Canoa Asd) 02&#8217;22&#8221;50<\/p>\n<p>Il programma ha proposto anche numerose gare riservate agli equipaggi multipli e alle formazioni miste, con finali nei K2, K4, C2 e C4, oltre alle prove Master.<\/p>\n<p>Nel tardo pomeriggio sono iniziate le 50 gare dei turni eliminatori dei 200 metri, che hanno introdotto il programma della giornata conclusiva.<\/p>\n<p>Domenica 5 luglio la manifestazione proseguir\u00e0 con semifinali e finali sprint sui 200 metri, comprese le gare di Paracanoa, e con le prove sui 5.000 metri che chiuderanno la tre giorni internazionale.<\/p>\n<p>&nbsp;<\/p>","protected":false},"excerpt":{"rendered":"<p>Sabato 2a giornata dedicata ai 500 metri, con 168 gare e pubblico numeroso lungo il Lago di Santa Caterina Tra i vincitori anche atleti gi\u00e0 protagonisti in competizioni mondiali, europee e nazionali Nel tardo pomeriggio il via alle batterie dei 200 metri in vista della giornata conclusiva Auronzo di Cadore, 4 luglio 2026 \u2013 Seconda [&hellip;]<\/p>\n","protected":false},"author":2,"featured_media":161184,"comment_status":"closed","ping_status":"open","sticky":false,"template":"","format":"standard","meta":{"footnotes":""},"categories":[26,4],"tags":[],"class_list":["post-171683","post","type-post","status-publish","format-standard","has-post-thumbnail","category-prima-pagina","category-sport"],"yoast_head":"<!-- This site is optimized with the Yoast SEO plugin v28.4 - https:\/\/yoast.com\/product\/yoast-seo-wordpress\/ -->\n<title>Canoa, Auronzo di Cadore: domenica semifinali e finali - Bellunopress - Dolomiti<\/title>\n<meta name=\"robots\" content=\"index, follow, max-snippet:-1, max-image-preview:large, max-video-preview:-1\" \/>\n<link rel=\"canonical\" href=\"https:\/\/www.bellunopress.it\/fr\/2026\/07\/05\/canoa-auronzo-di-cadore-domenica-semifinali-e-finali\/\" \/>\n<meta property=\"og:locale\" content=\"fr_FR\" \/>\n<meta property=\"og:type\" content=\"article\" \/>\n<meta property=\"og:title\" content=\"Canoa, Auronzo di Cadore: domenica semifinali e finali - Bellunopress - Dolomiti\" \/>\n<meta property=\"og:description\" content=\"Sabato 2a giornata dedicata ai 500 metri, con 168 gare e pubblico numeroso lungo il Lago di Santa Caterina Tra i vincitori anche atleti gi\u00e0 protagonisti in competizioni mondiali, europee e nazionali Nel tardo pomeriggio il via alle batterie dei 200 metri in vista della giornata conclusiva Auronzo di Cadore, 4 luglio 2026 \u2013 Seconda [&hellip;]\" \/>\n<meta property=\"og:url\" content=\"https:\/\/www.bellunopress.it\/fr\/2026\/07\/05\/canoa-auronzo-di-cadore-domenica-semifinali-e-finali\/\" \/>\n<meta property=\"og:site_name\" content=\"Bellunopress - Dolomiti\" \/>\n<meta property=\"article:publisher\" content=\"https:\/\/www.facebook.com\/profile.php?id=100008943462799\" \/>\n<meta property=\"article:published_time\" content=\"2026-07-05T04:57:29+00:00\" \/>\n<meta property=\"og:image\" content=\"https:\/\/www.bellunopress.it\/wp-content\/uploads\/2025\/06\/Canoa-auronzo-5000-m-k2.jpg\" \/>\n\t<meta property=\"og:image:width\" content=\"942\" \/>\n\t<meta property=\"og:image:height\" content=\"628\" \/>\n\t<meta property=\"og:image:type\" content=\"image\/jpeg\" \/>\n<meta name=\"author\" content=\"redazione\" \/>\n<meta name=\"twitter:card\" content=\"summary_large_image\" \/>\n<meta name=\"twitter:creator\" content=\"@bellunopress\" \/>\n<meta name=\"twitter:site\" content=\"@bellunopress\" \/>\n<meta name=\"twitter:label1\" content=\"\u00c9crit par\" \/>\n\t<meta name=\"twitter:data1\" content=\"redazione\" \/>\n\t<meta name=\"twitter:label2\" content=\"Dur\u00e9e de lecture estim\u00e9e\" \/>\n\t<meta name=\"twitter:data2\" content=\"3 minutes\" \/>\n<script type=\"application\/ld+json\" class=\"yoast-schema-graph\">{\"@context\":\"https:\\\/\\\/schema.org\",\"@graph\":[{\"@type\":\"Article\",\"@id\":\"https:\\\/\\\/www.bellunopress.it\\\/2026\\\/07\\\/05\\\/canoa-auronzo-di-cadore-domenica-semifinali-e-finali\\\/#article\",\"isPartOf\":{\"@id\":\"https:\\\/\\\/www.bellunopress.it\\\/2026\\\/07\\\/05\\\/canoa-auronzo-di-cadore-domenica-semifinali-e-finali\\\/\"},\"author\":{\"name\":\"redazione\",\"@id\":\"https:\\\/\\\/www.bellunopress.it\\\/#\\\/schema\\\/person\\\/79bb06722b37ece1c03d3e94beb30d73\"},\"headline\":\"Canoa, Auronzo di Cadore: domenica semifinali e finali\",\"datePublished\":\"2026-07-05T04:57:29+00:00\",\"mainEntityOfPage\":{\"@id\":\"https:\\\/\\\/www.bellunopress.it\\\/2026\\\/07\\\/05\\\/canoa-auronzo-di-cadore-domenica-semifinali-e-finali\\\/\"},\"wordCount\":487,\"publisher\":{\"@id\":\"https:\\\/\\\/www.bellunopress.it\\\/#organization\"},\"image\":{\"@id\":\"https:\\\/\\\/www.bellunopress.it\\\/2026\\\/07\\\/05\\\/canoa-auronzo-di-cadore-domenica-semifinali-e-finali\\\/#primaryimage\"},\"thumbnailUrl\":\"https:\\\/\\\/www.bellunopress.it\\\/wp-content\\\/uploads\\\/2025\\\/06\\\/Canoa-auronzo-5000-m-k2.jpg\",\"articleSection\":[\"Prima Pagina\",\"Sport, tempo libero\"],\"inLanguage\":\"fr-FR\"},{\"@type\":\"WebPage\",\"@id\":\"https:\\\/\\\/www.bellunopress.it\\\/2026\\\/07\\\/05\\\/canoa-auronzo-di-cadore-domenica-semifinali-e-finali\\\/\",\"url\":\"https:\\\/\\\/www.bellunopress.it\\\/2026\\\/07\\\/05\\\/canoa-auronzo-di-cadore-domenica-semifinali-e-finali\\\/\",\"name\":\"Canoa, Auronzo di Cadore: domenica semifinali e finali - Bellunopress - Dolomiti\",\"isPartOf\":{\"@id\":\"https:\\\/\\\/www.bellunopress.it\\\/#website\"},\"primaryImageOfPage\":{\"@id\":\"https:\\\/\\\/www.bellunopress.it\\\/2026\\\/07\\\/05\\\/canoa-auronzo-di-cadore-domenica-semifinali-e-finali\\\/#primaryimage\"},\"image\":{\"@id\":\"https:\\\/\\\/www.bellunopress.it\\\/2026\\\/07\\\/05\\\/canoa-auronzo-di-cadore-domenica-semifinali-e-finali\\\/#primaryimage\"},\"thumbnailUrl\":\"https:\\\/\\\/www.bellunopress.it\\\/wp-content\\\/uploads\\\/2025\\\/06\\\/Canoa-auronzo-5000-m-k2.jpg\",\"datePublished\":\"2026-07-05T04:57:29+00:00\",\"breadcrumb\":{\"@id\":\"https:\\\/\\\/www.bellunopress.it\\\/2026\\\/07\\\/05\\\/canoa-auronzo-di-cadore-domenica-semifinali-e-finali\\\/#breadcrumb\"},\"inLanguage\":\"fr-FR\",\"potentialAction\":[{\"@type\":\"ReadAction\",\"target\":[\"https:\\\/\\\/www.bellunopress.it\\\/2026\\\/07\\\/05\\\/canoa-auronzo-di-cadore-domenica-semifinali-e-finali\\\/\"]}]},{\"@type\":\"ImageObject\",\"inLanguage\":\"fr-FR\",\"@id\":\"https:\\\/\\\/www.bellunopress.it\\\/2026\\\/07\\\/05\\\/canoa-auronzo-di-cadore-domenica-semifinali-e-finali\\\/#primaryimage\",\"url\":\"https:\\\/\\\/www.bellunopress.it\\\/wp-content\\\/uploads\\\/2025\\\/06\\\/Canoa-auronzo-5000-m-k2.jpg\",\"contentUrl\":\"https:\\\/\\\/www.bellunopress.it\\\/wp-content\\\/uploads\\\/2025\\\/06\\\/Canoa-auronzo-5000-m-k2.jpg\",\"width\":942,\"height\":628,\"caption\":\"Auronzo International Canoe Sprint and Paracanoe Event. 5000 m k2\"},{\"@type\":\"BreadcrumbList\",\"@id\":\"https:\\\/\\\/www.bellunopress.it\\\/2026\\\/07\\\/05\\\/canoa-auronzo-di-cadore-domenica-semifinali-e-finali\\\/#breadcrumb\",\"itemListElement\":[{\"@type\":\"ListItem\",\"position\":1,\"name\":\"Home\",\"item\":\"https:\\\/\\\/www.bellunopress.it\\\/\"},{\"@type\":\"ListItem\",\"position\":2,\"name\":\"Canoa, Auronzo di Cadore: domenica semifinali e finali\"}]},{\"@type\":\"WebSite\",\"@id\":\"https:\\\/\\\/www.bellunopress.it\\\/#website\",\"url\":\"https:\\\/\\\/www.bellunopress.it\\\/\",\"name\":\"Bellunopress - Dolomiti\",\"description\":\"e-mail: redazione@bellunopress.it\",\"publisher\":{\"@id\":\"https:\\\/\\\/www.bellunopress.it\\\/#organization\"},\"potentialAction\":[{\"@type\":\"SearchAction\",\"target\":{\"@type\":\"EntryPoint\",\"urlTemplate\":\"https:\\\/\\\/www.bellunopress.it\\\/?s={search_term_string}\"},\"query-input\":{\"@type\":\"PropertyValueSpecification\",\"valueRequired\":true,\"valueName\":\"search_term_string\"}}],\"inLanguage\":\"fr-FR\"},{\"@type\":\"Organization\",\"@id\":\"https:\\\/\\\/www.bellunopress.it\\\/#organization\",\"name\":\"Bellunopress\",\"url\":\"https:\\\/\\\/www.bellunopress.it\\\/\",\"logo\":{\"@type\":\"ImageObject\",\"inLanguage\":\"fr-FR\",\"@id\":\"https:\\\/\\\/www.bellunopress.it\\\/#\\\/schema\\\/logo\\\/image\\\/\",\"url\":\"https:\\\/\\\/www.bellunopress.it\\\/wp-content\\\/uploads\\\/2011\\\/05\\\/cropped-logo-bellunopress-.jpg\",\"contentUrl\":\"https:\\\/\\\/www.bellunopress.it\\\/wp-content\\\/uploads\\\/2011\\\/05\\\/cropped-logo-bellunopress-.jpg\",\"width\":512,\"height\":512,\"caption\":\"Bellunopress\"},\"image\":{\"@id\":\"https:\\\/\\\/www.bellunopress.it\\\/#\\\/schema\\\/logo\\\/image\\\/\"},\"sameAs\":[\"https:\\\/\\\/www.facebook.com\\\/profile.php?id=100008943462799\",\"https:\\\/\\\/x.com\\\/bellunopress\",\"https:\\\/\\\/www.linkedin.com\\\/hp\\\/?dnr=JBzUWaJfMUw8vbXJJ2tVW5-I3jZKvC4wsoxE&amp;amp;amp;amp;amp;amp;trk=nav_responsive_tab_home\",\"https:\\\/\\\/www.youtube.com\\\/channel\\\/UCxL0wu1uN0_3_7hGG0306cw\"]},{\"@type\":\"Person\",\"@id\":\"https:\\\/\\\/www.bellunopress.it\\\/#\\\/schema\\\/person\\\/79bb06722b37ece1c03d3e94beb30d73\",\"name\":\"redazione\",\"image\":{\"@type\":\"ImageObject\",\"inLanguage\":\"fr-FR\",\"@id\":\"https:\\\/\\\/secure.gravatar.com\\\/avatar\\\/37d968a2e67a6fd04c169c4bdef102d0bc5d31b2546345219e348575eb80e9a0?s=96&d=mm&r=g\",\"url\":\"https:\\\/\\\/secure.gravatar.com\\\/avatar\\\/37d968a2e67a6fd04c169c4bdef102d0bc5d31b2546345219e348575eb80e9a0?s=96&d=mm&r=g\",\"contentUrl\":\"https:\\\/\\\/secure.gravatar.com\\\/avatar\\\/37d968a2e67a6fd04c169c4bdef102d0bc5d31b2546345219e348575eb80e9a0?s=96&d=mm&r=g\",\"caption\":\"redazione\"},\"sameAs\":[\"http:\\\/\\\/www.bellunopress.it\",\"https:\\\/\\\/x.com\\\/bellunopress\"],\"url\":\"https:\\\/\\\/www.bellunopress.it\\\/fr\\\/author\\\/redazione\\\/\"}]}<\/script>\n<!-- \/ Yoast SEO plugin. -->","yoast_head_json":{"title":"Canoa, Auronzo di Cadore: domenica semifinali e finali - Bellunopress - Dolomiti","robots":{"index":"index","follow":"follow","max-snippet":"max-snippet:-1","max-image-preview":"max-image-preview:large","max-video-preview":"max-video-preview:-1"},"canonical":"https:\/\/www.bellunopress.it\/fr\/2026\/07\/05\/canoa-auronzo-di-cadore-domenica-semifinali-e-finali\/","og_locale":"fr_FR","og_type":"article","og_title":"Canoa, Auronzo di Cadore: domenica semifinali e finali - Bellunopress - Dolomiti","og_description":"Sabato 2a giornata dedicata ai 500 metri, con 168 gare e pubblico numeroso lungo il Lago di Santa Caterina Tra i vincitori anche atleti gi\u00e0 protagonisti in competizioni mondiali, europee e nazionali Nel tardo pomeriggio il via alle batterie dei 200 metri in vista della giornata conclusiva Auronzo di Cadore, 4 luglio 2026 \u2013 Seconda [&hellip;]","og_url":"https:\/\/www.bellunopress.it\/fr\/2026\/07\/05\/canoa-auronzo-di-cadore-domenica-semifinali-e-finali\/","og_site_name":"Bellunopress - Dolomiti","article_publisher":"https:\/\/www.facebook.com\/profile.php?id=100008943462799","article_published_time":"2026-07-05T04:57:29+00:00","og_image":[{"width":942,"height":628,"url":"https:\/\/www.bellunopress.it\/wp-content\/uploads\/2025\/06\/Canoa-auronzo-5000-m-k2.jpg","type":"image\/jpeg"}],"author":"redazione","twitter_card":"summary_large_image","twitter_creator":"@bellunopress","twitter_site":"@bellunopress","twitter_misc":{"\u00c9crit par":"redazione","Dur\u00e9e de lecture estim\u00e9e":"3 minutes"},"schema":{"@context":"https:\/\/schema.org","@graph":[{"@type":"Article","@id":"https:\/\/www.bellunopress.it\/2026\/07\/05\/canoa-auronzo-di-cadore-domenica-semifinali-e-finali\/#article","isPartOf":{"@id":"https:\/\/www.bellunopress.it\/2026\/07\/05\/canoa-auronzo-di-cadore-domenica-semifinali-e-finali\/"},"author":{"name":"redazione","@id":"https:\/\/www.bellunopress.it\/#\/schema\/person\/79bb06722b37ece1c03d3e94beb30d73"},"headline":"Canoa, Auronzo di Cadore: domenica semifinali e finali","datePublished":"2026-07-05T04:57:29+00:00","mainEntityOfPage":{"@id":"https:\/\/www.bellunopress.it\/2026\/07\/05\/canoa-auronzo-di-cadore-domenica-semifinali-e-finali\/"},"wordCount":487,"publisher":{"@id":"https:\/\/www.bellunopress.it\/#organization"},"image":{"@id":"https:\/\/www.bellunopress.it\/2026\/07\/05\/canoa-auronzo-di-cadore-domenica-semifinali-e-finali\/#primaryimage"},"thumbnailUrl":"https:\/\/www.bellunopress.it\/wp-content\/uploads\/2025\/06\/Canoa-auronzo-5000-m-k2.jpg","articleSection":["Prima Pagina","Sport, tempo libero"],"inLanguage":"fr-FR"},{"@type":"WebPage","@id":"https:\/\/www.bellunopress.it\/2026\/07\/05\/canoa-auronzo-di-cadore-domenica-semifinali-e-finali\/","url":"https:\/\/www.bellunopress.it\/2026\/07\/05\/canoa-auronzo-di-cadore-domenica-semifinali-e-finali\/","name":"Canoa, Auronzo di Cadore: domenica semifinali e finali - Bellunopress - Dolomiti","isPartOf":{"@id":"https:\/\/www.bellunopress.it\/#website"},"primaryImageOfPage":{"@id":"https:\/\/www.bellunopress.it\/2026\/07\/05\/canoa-auronzo-di-cadore-domenica-semifinali-e-finali\/#primaryimage"},"image":{"@id":"https:\/\/www.bellunopress.it\/2026\/07\/05\/canoa-auronzo-di-cadore-domenica-semifinali-e-finali\/#primaryimage"},"thumbnailUrl":"https:\/\/www.bellunopress.it\/wp-content\/uploads\/2025\/06\/Canoa-auronzo-5000-m-k2.jpg","datePublished":"2026-07-05T04:57:29+00:00","breadcrumb":{"@id":"https:\/\/www.bellunopress.it\/2026\/07\/05\/canoa-auronzo-di-cadore-domenica-semifinali-e-finali\/#breadcrumb"},"inLanguage":"fr-FR","potentialAction":[{"@type":"ReadAction","target":["https:\/\/www.bellunopress.it\/2026\/07\/05\/canoa-auronzo-di-cadore-domenica-semifinali-e-finali\/"]}]},{"@type":"ImageObject","inLanguage":"fr-FR","@id":"https:\/\/www.bellunopress.it\/2026\/07\/05\/canoa-auronzo-di-cadore-domenica-semifinali-e-finali\/#primaryimage","url":"https:\/\/www.bellunopress.it\/wp-content\/uploads\/2025\/06\/Canoa-auronzo-5000-m-k2.jpg","contentUrl":"https:\/\/www.bellunopress.it\/wp-content\/uploads\/2025\/06\/Canoa-auronzo-5000-m-k2.jpg","width":942,"height":628,"caption":"Auronzo International Canoe Sprint and Paracanoe Event. 5000 m k2"},{"@type":"BreadcrumbList","@id":"https:\/\/www.bellunopress.it\/2026\/07\/05\/canoa-auronzo-di-cadore-domenica-semifinali-e-finali\/#breadcrumb","itemListElement":[{"@type":"ListItem","position":1,"name":"Home","item":"https:\/\/www.bellunopress.it\/"},{"@type":"ListItem","position":2,"name":"Canoa, Auronzo di Cadore: domenica semifinali e finali"}]},{"@type":"WebSite","@id":"https:\/\/www.bellunopress.it\/#website","url":"https:\/\/www.bellunopress.it\/","name":"Bellunopress - Dolomiti","description":"e-mail: redazione@bellunopress.it","publisher":{"@id":"https:\/\/www.bellunopress.it\/#organization"},"potentialAction":[{"@type":"SearchAction","target":{"@type":"EntryPoint","urlTemplate":"https:\/\/www.bellunopress.it\/?s={search_term_string}"},"query-input":{"@type":"PropertyValueSpecification","valueRequired":true,"valueName":"search_term_string"}}],"inLanguage":"fr-FR"},{"@type":"Organization","@id":"https:\/\/www.bellunopress.it\/#organization","name":"Bellunopress","url":"https:\/\/www.bellunopress.it\/","logo":{"@type":"ImageObject","inLanguage":"fr-FR","@id":"https:\/\/www.bellunopress.it\/#\/schema\/logo\/image\/","url":"https:\/\/www.bellunopress.it\/wp-content\/uploads\/2011\/05\/cropped-logo-bellunopress-.jpg","contentUrl":"https:\/\/www.bellunopress.it\/wp-content\/uploads\/2011\/05\/cropped-logo-bellunopress-.jpg","width":512,"height":512,"caption":"Bellunopress"},"image":{"@id":"https:\/\/www.bellunopress.it\/#\/schema\/logo\/image\/"},"sameAs":["https:\/\/www.facebook.com\/profile.php?id=100008943462799","https:\/\/x.com\/bellunopress","https:\/\/www.linkedin.com\/hp\/?dnr=JBzUWaJfMUw8vbXJJ2tVW5-I3jZKvC4wsoxE&amp;amp;amp;amp;amp;amp;trk=nav_responsive_tab_home","https:\/\/www.youtube.com\/channel\/UCxL0wu1uN0_3_7hGG0306cw"]},{"@type":"Person","@id":"https:\/\/www.bellunopress.it\/#\/schema\/person\/79bb06722b37ece1c03d3e94beb30d73","name":"r\u00e9daction","image":{"@type":"ImageObject","inLanguage":"fr-FR","@id":"https:\/\/secure.gravatar.com\/avatar\/37d968a2e67a6fd04c169c4bdef102d0bc5d31b2546345219e348575eb80e9a0?s=96&d=mm&r=g","url":"https:\/\/secure.gravatar.com\/avatar\/37d968a2e67a6fd04c169c4bdef102d0bc5d31b2546345219e348575eb80e9a0?s=96&d=mm&r=g","contentUrl":"https:\/\/secure.gravatar.com\/avatar\/37d968a2e67a6fd04c169c4bdef102d0bc5d31b2546345219e348575eb80e9a0?s=96&d=mm&r=g","caption":"redazione"},"sameAs":["http:\/\/www.bellunopress.it","https:\/\/x.com\/bellunopress"],"url":"https:\/\/www.bellunopress.it\/fr\/author\/redazione\/"}]}},"_links":{"self":[{"href":"https:\/\/www.bellunopress.it\/fr\/wp-json\/wp\/v2\/posts\/171683","targetHints":{"allow":["GET"]}}],"collection":[{"href":"https:\/\/www.bellunopress.it\/fr\/wp-json\/wp\/v2\/posts"}],"about":[{"href":"https:\/\/www.bellunopress.it\/fr\/wp-json\/wp\/v2\/types\/post"}],"author":[{"embeddable":true,"href":"https:\/\/www.bellunopress.it\/fr\/wp-json\/wp\/v2\/users\/2"}],"replies":[{"embeddable":true,"href":"https:\/\/www.bellunopress.it\/fr\/wp-json\/wp\/v2\/comments?post=171683"}],"version-history":[{"count":1,"href":"https:\/\/www.bellunopress.it\/fr\/wp-json\/wp\/v2\/posts\/171683\/revisions"}],"predecessor-version":[{"id":171684,"href":"https:\/\/www.bellunopress.it\/fr\/wp-json\/wp\/v2\/posts\/171683\/revisions\/171684"}],"wp:featuredmedia":[{"embeddable":true,"href":"https:\/\/www.bellunopress.it\/fr\/wp-json\/wp\/v2\/media\/161184"}],"wp:attachment":[{"href":"https:\/\/www.bellunopress.it\/fr\/wp-json\/wp\/v2\/media?parent=171683"}],"wp:term":[{"taxonomy":"category","embeddable":true,"href":"https:\/\/www.bellunopress.it\/fr\/wp-json\/wp\/v2\/categories?post=171683"},{"taxonomy":"post_tag","embeddable":true,"href":"https:\/\/www.bellunopress.it\/fr\/wp-json\/wp\/v2\/tags?post=171683"}],"curies":[{"name":"wp","href":"https:\/\/api.w.org\/{rel}","templated":true}]}}