{"id":171680,"date":"2026-07-04T20:34:43","date_gmt":"2026-07-04T18:34:43","guid":{"rendered":"https:\/\/www.bellunopress.it\/?p=171680"},"modified":"2026-07-04T20:34:43","modified_gmt":"2026-07-04T18:34:43","slug":"case-della-comunita-operative-4-su-4","status":"publish","type":"post","link":"https:\/\/www.bellunopress.it\/fr\/2026\/07\/04\/case-della-comunita-operative-4-su-4\/","title":{"rendered":"Case della comunit\u00e0: operative 4 su 4"},"content":{"rendered":"<p><em>Il Direttore Generale Achille Di Falco: \u00abUn luogo fisico e organizzativo che coordina i servizi senza sostituirsi agli esistenti. Al via incontri sul territorio per informare i cittadini\u00bb.<\/em><\/p>\n<p><strong>Belluno, 4 luglio 2026<\/strong> \u2013 Questa mattina, nella sede di Belluno, \u00e8 stato presentato il piano di attivazione delle Case della Comunit\u00e0 (CdC) dell\u2019Ulss 1 Dolomiti, aperte e operative a Belluno, Feltre, Agordo e Pieve di Cadore, rispettando i tempi del PNRR. Si tratta di una vera e propria rivoluzione nell&#8217;assistenza sanitaria e socio-sanitaria di prossimit\u00e0, progettata per rispondere in modo integrato ai bisogni di salute della cittadinanza.<\/p>\n<p><strong>Il nuovo modello e la coordinazione dei servizi<\/strong><\/p>\n<p>Le Case della Comunit\u00e0 rappresentano un modello organizzativo finalizzato a unire in un unico punto di accesso professionisti diversi che lavorano in modalit\u00e0 integrata e multidisciplinare. Come evidenziato dalla Direzione, <strong>le Case della Comunit\u00e0 non sostituiranno i servizi territoriali esistenti n\u00e9 l\u2019attivit\u00e0 della medicina generale, ma avranno il compito fondamentale di coordinarli e potenziarli. <\/strong>In un territorio vasto e con un alto indice di vecchiaia come la provincia di Belluno, questo ha un valore particolare.<\/p>\n<p>L&#8217;obiettivo primario \u00e8 la gestione proattiva della cronicit\u00e0 e della fragilit\u00e0, offrendo ai pazienti percorsi di cura strutturati nel tempo ed evitando acutizzazioni che congestionerebbero i canali dell&#8217;emergenza-urgenza come i Pronto Soccorso e, allo stesso tempo, fornendo un importante supporto alle famiglie che trovano in un unico punto diversi servizi per i propri cari.<\/p>\n<p>Il Direttore Generale dell&#8217;Ulss 1 Dolomiti, <strong>Achille Di Falco<\/strong>, ha spiegato l&#8217;essenza di questo nuovo percorso:<\/p>\n<p><em>\u00abLa Casa della Comunit\u00e0 \u00e8 un luogo fisico e organizzativo che coordina molti servizi, molto utile per la nostra cittadinanza, caratterizzato da un&#8217;attivit\u00e0 multiprofessionale. Nasce prevalentemente per la gestione della cronicit\u00e0 e per supportare quelle persone che, al proprio domicilio, presentano bisogni complessi o multimorbilit\u00e0 che possono essere gestiti in queste strutture intermedie. \u00c8 fondamentale comprendere che la Casa della Comunit\u00e0 non \u00e8 un sostituto dei servizi esistenti o del medico di medicina generale, ma \u00e8 un punto di riferimento aperto. Chiunque si presenter\u00e0 ricever\u00e0 un inquadramento e le informazioni necessarie per essere orientato al meglio.\u00bb<\/em><\/p>\n<p><strong>\u00a0<\/strong><\/p>\n<p><strong>Le case della comunit\u00e0 in Ulss Dolomiti in sintesi<\/strong><\/p>\n<p>Si trovano a:<\/p>\n<ul>\n<li>Belluno (Viale Europa, 22 &#8211; Area San Gervasio)<\/li>\n<li>Feltre (Via Marconi &#8211; ex Bellati)<\/li>\n<li>Agordo (Via Fontana, 36)<\/li>\n<li>Pieve di Cadore (Via degli Alpini, 33 &#8211; Tai di Cadore)<\/li>\n<\/ul>\n<p>In queste strutture opera un\u2019\u00e9quipe multiprofessionale e integrata che vede collaborare fianco a fianco Medici di Medicina Generale, specialisti ambulatoriali, Infermieri di Famiglia e Comunit\u00e0 (IFoC), medici di Continuit\u00e0 Assistenziale, ostetriche, assistenti sanitari, assistenti sociali del PUA e personale amministrativo e di supporto socio-sanitario. I servizi attualmente operativi sono progettati per la presa in carico della cronicit\u00e0 e delle fragilit\u00e0 e comprendono il Punto Unico di Accesso (PUA) per l&#8217;orientamento dei cittadini, l&#8217;assistenza domiciliare infermieristica (Centrale ADI), gli ambulatori infermieristici e specialistici, la Continuit\u00e0 Assistenziale diurna e notturna, i punti prelievo, e , in alcune sedi, l&#8217;attivit\u00e0 consultoriale ostetrico-ginecologica, le vaccinazioni e gli screening, oltre a canali agevolati di prenotazione CUP per i pazienti complessi presi in carico<strong>.<\/strong> Vi sono inoltre spazi per incontri con la Comunit\u00e0 e il volontariato.<\/p>\n<p>&nbsp;<\/p>\n<p><strong>Una sinergia multidisciplinare nei tempi del PNRR<\/strong><\/p>\n<p>L&#8217;attivazione delle Case della Comunit\u00e0 dell\u2019Ulss 1 Dolomiti \u00e8 stata resa possibile grazie a un intenso lavoro di squadra multiprofessionale che ha consentito il rispetto rigoroso delle tempistiche ministeriali e dei traguardi del PNRR. Determinanti in questo percorso sono stati i contributi dei diversi direttori e responsabili aziendali:<\/p>\n<ul>\n<li><strong>Marco Fachin (Direttore Amministrativo ff)<\/strong>, che ha evidenziato il grande valore aggiunto generato dalla collaborazione costante e sinergica, &#8220;fianco a fianco&#8221;, tra le equipe sanitarie e gli uffici amministrativi aziendali.<\/li>\n<li><strong>Lucia Dalla Torre (Direttore Sanitario ff)<\/strong>, che ha svolto il ruolo di vera e propria &#8220;madrina&#8221; dell&#8217;intero percorso di attivazione clinico-assistenziale delle strutture.<\/li>\n<li><strong>Francesca Bertoldi (Direttore Socio Sanitario ff)<\/strong>, che ha sottolineato l&#8217;alto valore dell&#8217;integrazione tra l&#8217;area sociale e quella sanitaria, oltre all&#8217;importanza della partecipazione attiva della comunit\u00e0 locale nella co-costruzione dei servizi.<\/li>\n<li><strong>Adriano Santarossa (responsabile professioni sanitarie)<\/strong>, che ha rimarcato il ruolo cardine e la valorizzazione delle professioni sanitarie all&#8217;interno dei percorsi di cura multidisciplinari.<\/li>\n<li><strong>Vigilio Righes (Responsabile della Sicurezza)<\/strong>, il cui operato \u00e8 stato fondamentale per garantire la sicurezza e la salute nei luoghi di lavoro, presupposto indispensabile per il benessere degli operatori e degli utenti.<\/li>\n<li><strong>Michele Calderolla (Direttore Ufficio Tecnico ff)<\/strong>, che ha guidato con successo i complessi interventi di ristrutturazione edilizia delle sedi nei tempi stringenti imposti dal PNRR.<\/li>\n<\/ul>\n<p><strong>Accompagnare i cittadini: gli incontri territoriali<\/strong><\/p>\n<p>Per favorire una corretta conoscenza delle strutture, l&#8217;Azienda organizzer\u00e0 a breve un ciclo di <strong>incontri territoriali dedicati ai cittadini e agli amministratori<\/strong>. Questi appuntamenti serviranno a spiegare nel dettaglio quali servizi sono attivi in ciascuna Casa della Comunit\u00e0, come accedervi \u2013 anche attraverso l&#8217;integrazione strategica con il numero unico per i bisogni non urgenti 116117 e l&#8217;attivit\u00e0 dei Punti Unici di Accesso (PUA) \u2013 e come utilizzare al meglio queste nuove risorse di prossimit\u00e0.<\/p>\n<p>&nbsp;<\/p>\n<p>&nbsp;<\/p>\n<p>&nbsp;<\/p>\n<p>&nbsp;<\/p>\n<p>&nbsp;<\/p>\n<p>&nbsp;<\/p>\n<p>&nbsp;<\/p>","protected":false},"excerpt":{"rendered":"<p>Il Direttore Generale Achille Di Falco: \u00abUn luogo fisico e organizzativo che coordina i servizi senza sostituirsi agli esistenti. Al via incontri sul territorio per informare i cittadini\u00bb. Belluno, 4 luglio 2026 \u2013 Questa mattina, nella sede di Belluno, \u00e8 stato presentato il piano di attivazione delle Case della Comunit\u00e0 (CdC) dell\u2019Ulss 1 Dolomiti, aperte [&hellip;]<\/p>\n","protected":false},"author":2,"featured_media":171681,"comment_status":"closed","ping_status":"open","sticky":false,"template":"","format":"standard","meta":{"footnotes":""},"categories":[26,17],"tags":[],"class_list":["post-171680","post","type-post","status-publish","format-standard","has-post-thumbnail","category-prima-pagina","category-sanita"],"yoast_head":"<!-- This site is optimized with the Yoast SEO plugin v28.4 - https:\/\/yoast.com\/product\/yoast-seo-wordpress\/ -->\n<title>Case della comunit\u00e0: operative 4 su 4 - Bellunopress - Dolomiti<\/title>\n<meta name=\"robots\" content=\"index, follow, max-snippet:-1, max-image-preview:large, max-video-preview:-1\" \/>\n<link rel=\"canonical\" href=\"https:\/\/www.bellunopress.it\/fr\/2026\/07\/04\/case-della-comunita-operative-4-su-4\/\" \/>\n<meta property=\"og:locale\" content=\"fr_FR\" \/>\n<meta property=\"og:type\" content=\"article\" \/>\n<meta property=\"og:title\" content=\"Case della comunit\u00e0: operative 4 su 4 - Bellunopress - Dolomiti\" \/>\n<meta property=\"og:description\" content=\"Il Direttore Generale Achille Di Falco: \u00abUn luogo fisico e organizzativo che coordina i servizi senza sostituirsi agli esistenti. Al via incontri sul territorio per informare i cittadini\u00bb. Belluno, 4 luglio 2026 \u2013 Questa mattina, nella sede di Belluno, \u00e8 stato presentato il piano di attivazione delle Case della Comunit\u00e0 (CdC) dell\u2019Ulss 1 Dolomiti, aperte [&hellip;]\" \/>\n<meta property=\"og:url\" content=\"https:\/\/www.bellunopress.it\/fr\/2026\/07\/04\/case-della-comunita-operative-4-su-4\/\" \/>\n<meta property=\"og:site_name\" content=\"Bellunopress - Dolomiti\" \/>\n<meta property=\"article:publisher\" content=\"https:\/\/www.facebook.com\/profile.php?id=100008943462799\" \/>\n<meta property=\"article:published_time\" content=\"2026-07-04T18:34:43+00:00\" \/>\n<meta property=\"og:image\" content=\"https:\/\/www.bellunopress.it\/wp-content\/uploads\/2026\/07\/Ulss-1-Dolomiti-Regione-Veneto.jpg\" \/>\n\t<meta property=\"og:image:width\" content=\"700\" \/>\n\t<meta property=\"og:image:height\" content=\"243\" \/>\n\t<meta property=\"og:image:type\" content=\"image\/jpeg\" \/>\n<meta name=\"author\" content=\"redazione\" \/>\n<meta name=\"twitter:card\" content=\"summary_large_image\" \/>\n<meta name=\"twitter:creator\" content=\"@bellunopress\" \/>\n<meta name=\"twitter:site\" content=\"@bellunopress\" \/>\n<meta name=\"twitter:label1\" content=\"\u00c9crit par\" \/>\n\t<meta name=\"twitter:data1\" content=\"redazione\" \/>\n\t<meta name=\"twitter:label2\" content=\"Dur\u00e9e de lecture estim\u00e9e\" \/>\n\t<meta name=\"twitter:data2\" content=\"5 minutes\" \/>\n<script type=\"application\/ld+json\" class=\"yoast-schema-graph\">{\"@context\":\"https:\\\/\\\/schema.org\",\"@graph\":[{\"@type\":\"Article\",\"@id\":\"https:\\\/\\\/www.bellunopress.it\\\/2026\\\/07\\\/04\\\/case-della-comunita-operative-4-su-4\\\/#article\",\"isPartOf\":{\"@id\":\"https:\\\/\\\/www.bellunopress.it\\\/2026\\\/07\\\/04\\\/case-della-comunita-operative-4-su-4\\\/\"},\"author\":{\"name\":\"redazione\",\"@id\":\"https:\\\/\\\/www.bellunopress.it\\\/#\\\/schema\\\/person\\\/79bb06722b37ece1c03d3e94beb30d73\"},\"headline\":\"Case della comunit\u00e0: operative 4 su 4\",\"datePublished\":\"2026-07-04T18:34:43+00:00\",\"mainEntityOfPage\":{\"@id\":\"https:\\\/\\\/www.bellunopress.it\\\/2026\\\/07\\\/04\\\/case-della-comunita-operative-4-su-4\\\/\"},\"wordCount\":829,\"publisher\":{\"@id\":\"https:\\\/\\\/www.bellunopress.it\\\/#organization\"},\"image\":{\"@id\":\"https:\\\/\\\/www.bellunopress.it\\\/2026\\\/07\\\/04\\\/case-della-comunita-operative-4-su-4\\\/#primaryimage\"},\"thumbnailUrl\":\"https:\\\/\\\/www.bellunopress.it\\\/wp-content\\\/uploads\\\/2026\\\/07\\\/Ulss-1-Dolomiti-Regione-Veneto.jpg\",\"articleSection\":[\"Prima Pagina\",\"Sanit\u00e0 Medicina\"],\"inLanguage\":\"fr-FR\"},{\"@type\":\"WebPage\",\"@id\":\"https:\\\/\\\/www.bellunopress.it\\\/2026\\\/07\\\/04\\\/case-della-comunita-operative-4-su-4\\\/\",\"url\":\"https:\\\/\\\/www.bellunopress.it\\\/2026\\\/07\\\/04\\\/case-della-comunita-operative-4-su-4\\\/\",\"name\":\"Case della comunit\u00e0: operative 4 su 4 - Bellunopress - Dolomiti\",\"isPartOf\":{\"@id\":\"https:\\\/\\\/www.bellunopress.it\\\/#website\"},\"primaryImageOfPage\":{\"@id\":\"https:\\\/\\\/www.bellunopress.it\\\/2026\\\/07\\\/04\\\/case-della-comunita-operative-4-su-4\\\/#primaryimage\"},\"image\":{\"@id\":\"https:\\\/\\\/www.bellunopress.it\\\/2026\\\/07\\\/04\\\/case-della-comunita-operative-4-su-4\\\/#primaryimage\"},\"thumbnailUrl\":\"https:\\\/\\\/www.bellunopress.it\\\/wp-content\\\/uploads\\\/2026\\\/07\\\/Ulss-1-Dolomiti-Regione-Veneto.jpg\",\"datePublished\":\"2026-07-04T18:34:43+00:00\",\"breadcrumb\":{\"@id\":\"https:\\\/\\\/www.bellunopress.it\\\/2026\\\/07\\\/04\\\/case-della-comunita-operative-4-su-4\\\/#breadcrumb\"},\"inLanguage\":\"fr-FR\",\"potentialAction\":[{\"@type\":\"ReadAction\",\"target\":[\"https:\\\/\\\/www.bellunopress.it\\\/2026\\\/07\\\/04\\\/case-della-comunita-operative-4-su-4\\\/\"]}]},{\"@type\":\"ImageObject\",\"inLanguage\":\"fr-FR\",\"@id\":\"https:\\\/\\\/www.bellunopress.it\\\/2026\\\/07\\\/04\\\/case-della-comunita-operative-4-su-4\\\/#primaryimage\",\"url\":\"https:\\\/\\\/www.bellunopress.it\\\/wp-content\\\/uploads\\\/2026\\\/07\\\/Ulss-1-Dolomiti-Regione-Veneto.jpg\",\"contentUrl\":\"https:\\\/\\\/www.bellunopress.it\\\/wp-content\\\/uploads\\\/2026\\\/07\\\/Ulss-1-Dolomiti-Regione-Veneto.jpg\",\"width\":700,\"height\":243},{\"@type\":\"BreadcrumbList\",\"@id\":\"https:\\\/\\\/www.bellunopress.it\\\/2026\\\/07\\\/04\\\/case-della-comunita-operative-4-su-4\\\/#breadcrumb\",\"itemListElement\":[{\"@type\":\"ListItem\",\"position\":1,\"name\":\"Home\",\"item\":\"https:\\\/\\\/www.bellunopress.it\\\/\"},{\"@type\":\"ListItem\",\"position\":2,\"name\":\"Case della comunit\u00e0: operative 4 su 4\"}]},{\"@type\":\"WebSite\",\"@id\":\"https:\\\/\\\/www.bellunopress.it\\\/#website\",\"url\":\"https:\\\/\\\/www.bellunopress.it\\\/\",\"name\":\"Bellunopress - Dolomiti\",\"description\":\"e-mail: redazione@bellunopress.it\",\"publisher\":{\"@id\":\"https:\\\/\\\/www.bellunopress.it\\\/#organization\"},\"potentialAction\":[{\"@type\":\"SearchAction\",\"target\":{\"@type\":\"EntryPoint\",\"urlTemplate\":\"https:\\\/\\\/www.bellunopress.it\\\/?s={search_term_string}\"},\"query-input\":{\"@type\":\"PropertyValueSpecification\",\"valueRequired\":true,\"valueName\":\"search_term_string\"}}],\"inLanguage\":\"fr-FR\"},{\"@type\":\"Organization\",\"@id\":\"https:\\\/\\\/www.bellunopress.it\\\/#organization\",\"name\":\"Bellunopress\",\"url\":\"https:\\\/\\\/www.bellunopress.it\\\/\",\"logo\":{\"@type\":\"ImageObject\",\"inLanguage\":\"fr-FR\",\"@id\":\"https:\\\/\\\/www.bellunopress.it\\\/#\\\/schema\\\/logo\\\/image\\\/\",\"url\":\"https:\\\/\\\/www.bellunopress.it\\\/wp-content\\\/uploads\\\/2011\\\/05\\\/cropped-logo-bellunopress-.jpg\",\"contentUrl\":\"https:\\\/\\\/www.bellunopress.it\\\/wp-content\\\/uploads\\\/2011\\\/05\\\/cropped-logo-bellunopress-.jpg\",\"width\":512,\"height\":512,\"caption\":\"Bellunopress\"},\"image\":{\"@id\":\"https:\\\/\\\/www.bellunopress.it\\\/#\\\/schema\\\/logo\\\/image\\\/\"},\"sameAs\":[\"https:\\\/\\\/www.facebook.com\\\/profile.php?id=100008943462799\",\"https:\\\/\\\/x.com\\\/bellunopress\",\"https:\\\/\\\/www.linkedin.com\\\/hp\\\/?dnr=JBzUWaJfMUw8vbXJJ2tVW5-I3jZKvC4wsoxE&amp;amp;amp;amp;amp;amp;trk=nav_responsive_tab_home\",\"https:\\\/\\\/www.youtube.com\\\/channel\\\/UCxL0wu1uN0_3_7hGG0306cw\"]},{\"@type\":\"Person\",\"@id\":\"https:\\\/\\\/www.bellunopress.it\\\/#\\\/schema\\\/person\\\/79bb06722b37ece1c03d3e94beb30d73\",\"name\":\"redazione\",\"image\":{\"@type\":\"ImageObject\",\"inLanguage\":\"fr-FR\",\"@id\":\"https:\\\/\\\/secure.gravatar.com\\\/avatar\\\/37d968a2e67a6fd04c169c4bdef102d0bc5d31b2546345219e348575eb80e9a0?s=96&d=mm&r=g\",\"url\":\"https:\\\/\\\/secure.gravatar.com\\\/avatar\\\/37d968a2e67a6fd04c169c4bdef102d0bc5d31b2546345219e348575eb80e9a0?s=96&d=mm&r=g\",\"contentUrl\":\"https:\\\/\\\/secure.gravatar.com\\\/avatar\\\/37d968a2e67a6fd04c169c4bdef102d0bc5d31b2546345219e348575eb80e9a0?s=96&d=mm&r=g\",\"caption\":\"redazione\"},\"sameAs\":[\"http:\\\/\\\/www.bellunopress.it\",\"https:\\\/\\\/x.com\\\/bellunopress\"],\"url\":\"https:\\\/\\\/www.bellunopress.it\\\/fr\\\/author\\\/redazione\\\/\"}]}<\/script>\n<!-- \/ Yoast SEO plugin. -->","yoast_head_json":{"title":"Case della comunit\u00e0: operative 4 su 4 - Bellunopress - Dolomiti","robots":{"index":"index","follow":"follow","max-snippet":"max-snippet:-1","max-image-preview":"max-image-preview:large","max-video-preview":"max-video-preview:-1"},"canonical":"https:\/\/www.bellunopress.it\/fr\/2026\/07\/04\/case-della-comunita-operative-4-su-4\/","og_locale":"fr_FR","og_type":"article","og_title":"Case della comunit\u00e0: operative 4 su 4 - Bellunopress - Dolomiti","og_description":"Il Direttore Generale Achille Di Falco: \u00abUn luogo fisico e organizzativo che coordina i servizi senza sostituirsi agli esistenti. Al via incontri sul territorio per informare i cittadini\u00bb. Belluno, 4 luglio 2026 \u2013 Questa mattina, nella sede di Belluno, \u00e8 stato presentato il piano di attivazione delle Case della Comunit\u00e0 (CdC) dell\u2019Ulss 1 Dolomiti, aperte [&hellip;]","og_url":"https:\/\/www.bellunopress.it\/fr\/2026\/07\/04\/case-della-comunita-operative-4-su-4\/","og_site_name":"Bellunopress - Dolomiti","article_publisher":"https:\/\/www.facebook.com\/profile.php?id=100008943462799","article_published_time":"2026-07-04T18:34:43+00:00","og_image":[{"width":700,"height":243,"url":"https:\/\/www.bellunopress.it\/wp-content\/uploads\/2026\/07\/Ulss-1-Dolomiti-Regione-Veneto.jpg","type":"image\/jpeg"}],"author":"redazione","twitter_card":"summary_large_image","twitter_creator":"@bellunopress","twitter_site":"@bellunopress","twitter_misc":{"\u00c9crit par":"redazione","Dur\u00e9e de lecture estim\u00e9e":"5 minutes"},"schema":{"@context":"https:\/\/schema.org","@graph":[{"@type":"Article","@id":"https:\/\/www.bellunopress.it\/2026\/07\/04\/case-della-comunita-operative-4-su-4\/#article","isPartOf":{"@id":"https:\/\/www.bellunopress.it\/2026\/07\/04\/case-della-comunita-operative-4-su-4\/"},"author":{"name":"redazione","@id":"https:\/\/www.bellunopress.it\/#\/schema\/person\/79bb06722b37ece1c03d3e94beb30d73"},"headline":"Case della comunit\u00e0: operative 4 su 4","datePublished":"2026-07-04T18:34:43+00:00","mainEntityOfPage":{"@id":"https:\/\/www.bellunopress.it\/2026\/07\/04\/case-della-comunita-operative-4-su-4\/"},"wordCount":829,"publisher":{"@id":"https:\/\/www.bellunopress.it\/#organization"},"image":{"@id":"https:\/\/www.bellunopress.it\/2026\/07\/04\/case-della-comunita-operative-4-su-4\/#primaryimage"},"thumbnailUrl":"https:\/\/www.bellunopress.it\/wp-content\/uploads\/2026\/07\/Ulss-1-Dolomiti-Regione-Veneto.jpg","articleSection":["Prima Pagina","Sanit\u00e0 Medicina"],"inLanguage":"fr-FR"},{"@type":"WebPage","@id":"https:\/\/www.bellunopress.it\/2026\/07\/04\/case-della-comunita-operative-4-su-4\/","url":"https:\/\/www.bellunopress.it\/2026\/07\/04\/case-della-comunita-operative-4-su-4\/","name":"Case della comunit\u00e0: operative 4 su 4 - Bellunopress - Dolomiti","isPartOf":{"@id":"https:\/\/www.bellunopress.it\/#website"},"primaryImageOfPage":{"@id":"https:\/\/www.bellunopress.it\/2026\/07\/04\/case-della-comunita-operative-4-su-4\/#primaryimage"},"image":{"@id":"https:\/\/www.bellunopress.it\/2026\/07\/04\/case-della-comunita-operative-4-su-4\/#primaryimage"},"thumbnailUrl":"https:\/\/www.bellunopress.it\/wp-content\/uploads\/2026\/07\/Ulss-1-Dolomiti-Regione-Veneto.jpg","datePublished":"2026-07-04T18:34:43+00:00","breadcrumb":{"@id":"https:\/\/www.bellunopress.it\/2026\/07\/04\/case-della-comunita-operative-4-su-4\/#breadcrumb"},"inLanguage":"fr-FR","potentialAction":[{"@type":"ReadAction","target":["https:\/\/www.bellunopress.it\/2026\/07\/04\/case-della-comunita-operative-4-su-4\/"]}]},{"@type":"ImageObject","inLanguage":"fr-FR","@id":"https:\/\/www.bellunopress.it\/2026\/07\/04\/case-della-comunita-operative-4-su-4\/#primaryimage","url":"https:\/\/www.bellunopress.it\/wp-content\/uploads\/2026\/07\/Ulss-1-Dolomiti-Regione-Veneto.jpg","contentUrl":"https:\/\/www.bellunopress.it\/wp-content\/uploads\/2026\/07\/Ulss-1-Dolomiti-Regione-Veneto.jpg","width":700,"height":243},{"@type":"BreadcrumbList","@id":"https:\/\/www.bellunopress.it\/2026\/07\/04\/case-della-comunita-operative-4-su-4\/#breadcrumb","itemListElement":[{"@type":"ListItem","position":1,"name":"Home","item":"https:\/\/www.bellunopress.it\/"},{"@type":"ListItem","position":2,"name":"Case della comunit\u00e0: operative 4 su 4"}]},{"@type":"WebSite","@id":"https:\/\/www.bellunopress.it\/#website","url":"https:\/\/www.bellunopress.it\/","name":"Bellunopress - Dolomiti","description":"e-mail: redazione@bellunopress.it","publisher":{"@id":"https:\/\/www.bellunopress.it\/#organization"},"potentialAction":[{"@type":"SearchAction","target":{"@type":"EntryPoint","urlTemplate":"https:\/\/www.bellunopress.it\/?s={search_term_string}"},"query-input":{"@type":"PropertyValueSpecification","valueRequired":true,"valueName":"search_term_string"}}],"inLanguage":"fr-FR"},{"@type":"Organization","@id":"https:\/\/www.bellunopress.it\/#organization","name":"Bellunopress","url":"https:\/\/www.bellunopress.it\/","logo":{"@type":"ImageObject","inLanguage":"fr-FR","@id":"https:\/\/www.bellunopress.it\/#\/schema\/logo\/image\/","url":"https:\/\/www.bellunopress.it\/wp-content\/uploads\/2011\/05\/cropped-logo-bellunopress-.jpg","contentUrl":"https:\/\/www.bellunopress.it\/wp-content\/uploads\/2011\/05\/cropped-logo-bellunopress-.jpg","width":512,"height":512,"caption":"Bellunopress"},"image":{"@id":"https:\/\/www.bellunopress.it\/#\/schema\/logo\/image\/"},"sameAs":["https:\/\/www.facebook.com\/profile.php?id=100008943462799","https:\/\/x.com\/bellunopress","https:\/\/www.linkedin.com\/hp\/?dnr=JBzUWaJfMUw8vbXJJ2tVW5-I3jZKvC4wsoxE&amp;amp;amp;amp;amp;amp;trk=nav_responsive_tab_home","https:\/\/www.youtube.com\/channel\/UCxL0wu1uN0_3_7hGG0306cw"]},{"@type":"Person","@id":"https:\/\/www.bellunopress.it\/#\/schema\/person\/79bb06722b37ece1c03d3e94beb30d73","name":"r\u00e9daction","image":{"@type":"ImageObject","inLanguage":"fr-FR","@id":"https:\/\/secure.gravatar.com\/avatar\/37d968a2e67a6fd04c169c4bdef102d0bc5d31b2546345219e348575eb80e9a0?s=96&d=mm&r=g","url":"https:\/\/secure.gravatar.com\/avatar\/37d968a2e67a6fd04c169c4bdef102d0bc5d31b2546345219e348575eb80e9a0?s=96&d=mm&r=g","contentUrl":"https:\/\/secure.gravatar.com\/avatar\/37d968a2e67a6fd04c169c4bdef102d0bc5d31b2546345219e348575eb80e9a0?s=96&d=mm&r=g","caption":"redazione"},"sameAs":["http:\/\/www.bellunopress.it","https:\/\/x.com\/bellunopress"],"url":"https:\/\/www.bellunopress.it\/fr\/author\/redazione\/"}]}},"_links":{"self":[{"href":"https:\/\/www.bellunopress.it\/fr\/wp-json\/wp\/v2\/posts\/171680","targetHints":{"allow":["GET"]}}],"collection":[{"href":"https:\/\/www.bellunopress.it\/fr\/wp-json\/wp\/v2\/posts"}],"about":[{"href":"https:\/\/www.bellunopress.it\/fr\/wp-json\/wp\/v2\/types\/post"}],"author":[{"embeddable":true,"href":"https:\/\/www.bellunopress.it\/fr\/wp-json\/wp\/v2\/users\/2"}],"replies":[{"embeddable":true,"href":"https:\/\/www.bellunopress.it\/fr\/wp-json\/wp\/v2\/comments?post=171680"}],"version-history":[{"count":1,"href":"https:\/\/www.bellunopress.it\/fr\/wp-json\/wp\/v2\/posts\/171680\/revisions"}],"predecessor-version":[{"id":171682,"href":"https:\/\/www.bellunopress.it\/fr\/wp-json\/wp\/v2\/posts\/171680\/revisions\/171682"}],"wp:featuredmedia":[{"embeddable":true,"href":"https:\/\/www.bellunopress.it\/fr\/wp-json\/wp\/v2\/media\/171681"}],"wp:attachment":[{"href":"https:\/\/www.bellunopress.it\/fr\/wp-json\/wp\/v2\/media?parent=171680"}],"wp:term":[{"taxonomy":"category","embeddable":true,"href":"https:\/\/www.bellunopress.it\/fr\/wp-json\/wp\/v2\/categories?post=171680"},{"taxonomy":"post_tag","embeddable":true,"href":"https:\/\/www.bellunopress.it\/fr\/wp-json\/wp\/v2\/tags?post=171680"}],"curies":[{"name":"wp","href":"https:\/\/api.w.org\/{rel}","templated":true}]}}