{"id":171668,"date":"2026-07-04T10:46:26","date_gmt":"2026-07-04T08:46:26","guid":{"rendered":"https:\/\/www.bellunopress.it\/?p=171668"},"modified":"2026-07-04T10:46:26","modified_gmt":"2026-07-04T08:46:26","slug":"belluno-punta-sullinnovazione-al-via-il-nuovo-percorso-della-its-digital-academy","status":"publish","type":"post","link":"https:\/\/www.bellunopress.it\/fr\/2026\/07\/04\/belluno-punta-sullinnovazione-al-via-il-nuovo-percorso-della-its-digital-academy\/","title":{"rendered":"Belluno punta sull&#8217;Innovazione: al via il nuovo percorso della ITS Digital Academy"},"content":{"rendered":"<p id=\"p-rc_26669b7ee8d2140c-28\" data-path-to-node=\"3\">Il futuro della manifattura locale passa attraverso l&#8217;Intelligenza Artificiale. <span data-path-to-node=\"3,2\"><span class=\"citation-23\">Con l&#8217;obiettivo di creare un ponte diretto tra alta formazione e mondo del lavoro, <\/span><span class=\"citation-23\">Confindustria Belluno Dolomiti<\/span><span class=\"citation-23\">, in collaborazione con la <\/span><span class=\"citation-23\">Fondazione ITS Digital Academy &#8220;Mario Volpato&#8221;<\/span><span class=\"citation-23\">, lancia un nuovo percorso di alta specializzazione tecnologica dedicato al territorio bellunese<\/span><\/span><span data-path-to-node=\"3,4\">.<\/span><\/p>\n<p id=\"p-rc_26669b7ee8d2140c-29\" data-path-to-node=\"4\"><span data-path-to-node=\"4,1\"><span class=\"citation-22\">Il progetto nasce con una missione chiara: fornire ai giovani le competenze tecniche pi\u00f9 avanzate richieste dal mercato attuale, permettendo loro di crescere e costruire la propria carriera professionale senza dover lasciare la provincia, valorizzando cos\u00ec il tessuto industriale locale<\/span><\/span><span data-path-to-node=\"4,3\">.<\/span><\/p>\n<p id=\"p-rc_26669b7ee8d2140c-30\" data-path-to-node=\"6\"><span class=\"citation-21\">Il nuovo piano didattico, incentrato sulla sfida dell&#8217;AI applicata alla manifattura, sar\u00e0 presentato ufficialmente luned\u00ec <\/span><span class=\"citation-21\">6 luglio 2026<\/span><span class=\"citation-21\">, alle <\/span><span class=\"citation-21\">ore 18:00<\/span><span class=\"citation-21\">, presso <\/span><span class=\"citation-21\">Palazzo Bembo<\/span><span class=\"citation-21\"> a Belluno<\/span>.<\/p>\n<p data-path-to-node=\"7\">L&#8217;incontro rappresenta un&#8217;occasione di confronto fondamentale per l&#8217;intera comunit\u00e0:<\/p>\n<ul data-path-to-node=\"8\">\n<li>\n<p id=\"p-rc_26669b7ee8d2140c-31\" data-path-to-node=\"8,0,1\"><span class=\"citation-20\">Per i giovani e le famiglie:<\/span><span class=\"citation-20\"> un&#8217;opportunit\u00e0 per conoscere un percorso d&#8217;eccellenza che garantisce un rapido inserimento lavorativo e il riconoscimento di crediti universitari<\/span>.<\/p>\n<\/li>\n<li>\n<p id=\"p-rc_26669b7ee8d2140c-32\" data-path-to-node=\"8,1,1\"><span class=\"citation-19\">Per le aziende:<\/span><span class=\"citation-19\"> una possibilit\u00e0 per intercettare nuovi specialisti pronti a guidare i processi di digitalizzazione e l&#8217;adozione dell&#8217;AI in fabbrica<\/span>.<\/p>\n<\/li>\n<li>\n<p id=\"p-rc_26669b7ee8d2140c-33\" data-path-to-node=\"8,2,1\"><span data-path-to-node=\"8,2,1,0\"><span class=\"citation-18\">Per la cittadinanza:<\/span><span class=\"citation-18\"> un momento per partecipare attivamente al rilancio di una Belluno pi\u00f9 innovativa e capace di attrarre talenti<\/span><\/span><span data-path-to-node=\"8,2,1,2\">.<\/span><\/p>\n<\/li>\n<\/ul>\n<p>Dopo i saluti istituzionali, che vedranno la partecipazione di rappresentanti di Confindustria, della Fondazione ITS, del Comune di Belluno, della Provincia di Belluno e della Regione Veneto, l&#8217;evento entrer\u00e0 nel vivo con la visione strategica del progetto.\u00a0\u00c8 previsto inoltre uno spazio dedicato al confronto diretto, con testimonianze dal mondo della scuola e delle imprese, seguito dalla presentazione tecnica del piano didattico a cura di Stefano Ziroldo, Direttore della Fondazione ITS Digital. La serata si concluder\u00e0 con uno spazio dedicato alle domande del pubblico e un aperitivo di networking.<\/p>\n<p>L&#8217;evento \u00e8 a ingresso libero ed \u00e8 aperto a tutta la cittadinanza, al mondo scolastico e alle imprese. Per motivi organizzativi, \u00e8 gradita la registrazione tramite il link disponibile sui canali ufficiali.<\/p>\n<p>Per iscrizioni <a href=\"https:\/\/www.confindustria.bl.it\/gate\/istituzionale\/documento\/appuntamento?openform&amp;id=6D57CD4C086F5E73C1258E0D0023107C&amp;restricttocategory=Tutte#subscribe\">clicca qui<\/a><\/p>\n<h3 data-path-to-node=\"9\">Il programma<\/h3>\n<p data-path-to-node=\"1\">\n<ul data-path-to-node=\"2\">\n<li>\n<p data-path-to-node=\"2,0,0\"><b data-path-to-node=\"2,0,0\" data-index-in-node=\"0\">18:00 | Apertura e Saluti Istituzionali: Il valore dell&#8217;alta formazione per il futuro della provincia<\/b><\/p>\n<p id=\"p-rc_afa5152f6cfdae25-63\" data-path-to-node=\"2,0,1\">\n<ul data-path-to-node=\"2,0,2\">\n<li>\n<p id=\"p-rc_afa5152f6cfdae25-64\" data-path-to-node=\"2,0,2,0,0\"><span data-path-to-node=\"2,0,2,0,0,0\">Gianluca Vigne (Vice Presidente con Delega Universit\u00e0 e Alta Formazione)<\/span><\/p>\n<\/li>\n<li>\n<p id=\"p-rc_afa5152f6cfdae25-65\" data-path-to-node=\"2,0,2,1,0\"><span data-path-to-node=\"2,0,2,1,0,0\">Alberto Zanatta (Presidente Fondazione ITS Digital &#8220;Mario Volpato&#8221;)<\/span><\/p>\n<\/li>\n<li>\n<p id=\"p-rc_afa5152f6cfdae25-66\" data-path-to-node=\"2,0,2,2,0\"><span data-path-to-node=\"2,0,2,2,0,0\">Oscar De Pellegrin (Sindaco di Belluno)<\/span><\/p>\n<\/li>\n<li>\n<p id=\"p-rc_afa5152f6cfdae25-67\" data-path-to-node=\"2,0,2,3,0\"><span data-path-to-node=\"2,0,2,3,0,0\">Marco Staunovo Polacco (Presidente Provincia di Belluno)<\/span><\/p>\n<\/li>\n<li>\n<p id=\"p-rc_afa5152f6cfdae25-68\" data-path-to-node=\"2,0,2,4,0\"><span data-path-to-node=\"2,0,2,4,0,0\">Santo Romano (Direttore Area Politiche economiche, capitale umano e programmazione comunitaria Regione Veneto)<\/span><\/p>\n<\/li>\n<\/ul>\n<\/li>\n<li>\n<p data-path-to-node=\"2,1,0\"><b data-path-to-node=\"2,1,0\" data-index-in-node=\"0\">18:20 | La visione del progetto: L&#8217;alta formazione a Belluno<\/b><\/p>\n<p id=\"p-rc_afa5152f6cfdae25-69\" data-path-to-node=\"2,1,1\">\n<ul data-path-to-node=\"2,1,2\">\n<li>\n<p id=\"p-rc_afa5152f6cfdae25-70\" data-path-to-node=\"2,1,2,0,0\"><span data-path-to-node=\"2,1,2,0,0,0\">Gianluca Vigne (Vice Presidente con Delega Universit\u00e0 e Alta Formazione)<\/span><\/p>\n<\/li>\n<\/ul>\n<\/li>\n<li>\n<p data-path-to-node=\"2,2,0\"><b data-path-to-node=\"2,2,0\" data-index-in-node=\"0\">18:30 | Il territorio fa squadra: Voci da scuole, imprese e studenti<\/b><\/p>\n<p id=\"p-rc_afa5152f6cfdae25-71\" data-path-to-node=\"2,2,1\">\n<ul data-path-to-node=\"2,2,2\">\n<li>\n<p id=\"p-rc_afa5152f6cfdae25-72\" data-path-to-node=\"2,2,2,0,0\"><span data-path-to-node=\"2,2,2,0,0,0\">Le sfide del mercato, della scuola e l&#8217;esperienza sul campo: testimonianze dirette<\/span><\/p>\n<\/li>\n<li>\n<p id=\"p-rc_afa5152f6cfdae25-73\" data-path-to-node=\"2,2,2,1,0\"><span data-path-to-node=\"2,2,2,1,0,0\">Fabrizio Merz (General Manager Carlo Gavazzi Controls) dialoga con un Dirigente scolastico e uno studente ITS Digital<\/span><\/p>\n<\/li>\n<\/ul>\n<\/li>\n<li>\n<p data-path-to-node=\"2,3,0\"><b data-path-to-node=\"2,3,0\" data-index-in-node=\"0\">18:50 | Focus ITS Digital: Il nuovo percorso AI a Belluno e le sue opportunit\u00e0<\/b><\/p>\n<p id=\"p-rc_afa5152f6cfdae25-74\" data-path-to-node=\"2,3,1\">\n<ul data-path-to-node=\"2,3,2\">\n<li>\n<p id=\"p-rc_afa5152f6cfdae25-75\" data-path-to-node=\"2,3,2,0,0\"><span data-path-to-node=\"2,3,2,0,0,0\">Presentazione del piano didattico e della sua specializzazione<\/span><\/p>\n<\/li>\n<li>\n<p id=\"p-rc_afa5152f6cfdae25-76\" data-path-to-node=\"2,3,2,1,0\"><span data-path-to-node=\"2,3,2,1,0,0\">Stefano Ziroldo (Direttore della Fondazione ITS Digital)<\/span><\/p>\n<\/li>\n<\/ul>\n<\/li>\n<li>\n<p data-path-to-node=\"2,4,0\"><b data-path-to-node=\"2,4,0\" data-index-in-node=\"0\">19:10 | Domande dal pubblico<\/b><\/p>\n<p id=\"p-rc_afa5152f6cfdae25-77\" data-path-to-node=\"2,4,1\">\n<ul data-path-to-node=\"2,4,2\">\n<li>\n<p id=\"p-rc_afa5152f6cfdae25-78\" data-path-to-node=\"2,4,2,0,0\"><span data-path-to-node=\"2,4,2,0,0,0\">Spazio al confronto con imprese, scuole e cittadini<\/span><\/p>\n<\/li>\n<\/ul>\n<\/li>\n<li>\n<p data-path-to-node=\"2,5,0\"><b data-path-to-node=\"2,5,0\" data-index-in-node=\"0\">19:30 | Aperitivo di networking<\/b><\/p>\n<p id=\"p-rc_afa5152f6cfdae25-79\" data-path-to-node=\"2,5,1\">\n<\/li>\n<\/ul>\n<p data-path-to-node=\"13\">","protected":false},"excerpt":{"rendered":"<p>Il futuro della manifattura locale passa attraverso l&#8217;Intelligenza Artificiale. Con l&#8217;obiettivo di creare un ponte diretto tra alta formazione e mondo del lavoro, Confindustria Belluno Dolomiti, in collaborazione con la Fondazione ITS Digital Academy &#8220;Mario Volpato&#8221;, lancia un nuovo percorso di alta specializzazione tecnologica dedicato al territorio bellunese. Il progetto nasce con una missione chiara: [&hellip;]<\/p>\n","protected":false},"author":2,"featured_media":171669,"comment_status":"closed","ping_status":"open","sticky":false,"template":"","format":"standard","meta":{"footnotes":""},"categories":[36,25,15],"tags":[],"class_list":["post-171668","post","type-post","status-publish","format-standard","has-post-thumbnail","category-lavoro-economia","category-pausa-caffe","category-scuola"],"yoast_head":"<!-- This site is optimized with the Yoast SEO plugin v28.4 - https:\/\/yoast.com\/product\/yoast-seo-wordpress\/ -->\n<title>Belluno punta sull&#039;Innovazione: al via il nuovo percorso della ITS Digital Academy - Bellunopress - Dolomiti<\/title>\n<meta name=\"robots\" content=\"index, follow, max-snippet:-1, max-image-preview:large, max-video-preview:-1\" \/>\n<link rel=\"canonical\" href=\"https:\/\/www.bellunopress.it\/fr\/2026\/07\/04\/belluno-punta-sullinnovazione-al-via-il-nuovo-percorso-della-its-digital-academy\/\" \/>\n<meta property=\"og:locale\" content=\"fr_FR\" \/>\n<meta property=\"og:type\" content=\"article\" \/>\n<meta property=\"og:title\" content=\"Belluno punta sull&#039;Innovazione: al via il nuovo percorso della ITS Digital Academy - Bellunopress - Dolomiti\" \/>\n<meta property=\"og:description\" content=\"Il futuro della manifattura locale passa attraverso l&#8217;Intelligenza Artificiale. Con l&#8217;obiettivo di creare un ponte diretto tra alta formazione e mondo del lavoro, Confindustria Belluno Dolomiti, in collaborazione con la Fondazione ITS Digital Academy &#8220;Mario Volpato&#8221;, lancia un nuovo percorso di alta specializzazione tecnologica dedicato al territorio bellunese. Il progetto nasce con una missione chiara: [&hellip;]\" \/>\n<meta property=\"og:url\" content=\"https:\/\/www.bellunopress.it\/fr\/2026\/07\/04\/belluno-punta-sullinnovazione-al-via-il-nuovo-percorso-della-its-digital-academy\/\" \/>\n<meta property=\"og:site_name\" content=\"Bellunopress - Dolomiti\" \/>\n<meta property=\"article:publisher\" content=\"https:\/\/www.facebook.com\/profile.php?id=100008943462799\" \/>\n<meta property=\"article:published_time\" content=\"2026-07-04T08:46:26+00:00\" \/>\n<meta property=\"og:image\" content=\"https:\/\/www.bellunopress.it\/wp-content\/uploads\/2026\/07\/convegno-IA-confindustria.jpg\" \/>\n\t<meta property=\"og:image:width\" content=\"375\" \/>\n\t<meta property=\"og:image:height\" content=\"370\" \/>\n\t<meta property=\"og:image:type\" content=\"image\/jpeg\" \/>\n<meta name=\"author\" content=\"redazione\" \/>\n<meta name=\"twitter:card\" content=\"summary_large_image\" \/>\n<meta name=\"twitter:creator\" content=\"@bellunopress\" \/>\n<meta name=\"twitter:site\" content=\"@bellunopress\" \/>\n<meta name=\"twitter:label1\" content=\"Written by\" \/>\n\t<meta name=\"twitter:data1\" content=\"redazione\" \/>\n\t<meta name=\"twitter:label2\" content=\"Est. reading time\" \/>\n\t<meta name=\"twitter:data2\" content=\"3 minutes\" \/>\n<script type=\"application\/ld+json\" class=\"yoast-schema-graph\">{\"@context\":\"https:\\\/\\\/schema.org\",\"@graph\":[{\"@type\":\"Article\",\"@id\":\"https:\\\/\\\/www.bellunopress.it\\\/2026\\\/07\\\/04\\\/belluno-punta-sullinnovazione-al-via-il-nuovo-percorso-della-its-digital-academy\\\/#article\",\"isPartOf\":{\"@id\":\"https:\\\/\\\/www.bellunopress.it\\\/2026\\\/07\\\/04\\\/belluno-punta-sullinnovazione-al-via-il-nuovo-percorso-della-its-digital-academy\\\/\"},\"author\":{\"name\":\"redazione\",\"@id\":\"https:\\\/\\\/www.bellunopress.it\\\/#\\\/schema\\\/person\\\/79bb06722b37ece1c03d3e94beb30d73\"},\"headline\":\"Belluno punta sull&#8217;Innovazione: al via il nuovo percorso della ITS Digital Academy\",\"datePublished\":\"2026-07-04T08:46:26+00:00\",\"mainEntityOfPage\":{\"@id\":\"https:\\\/\\\/www.bellunopress.it\\\/2026\\\/07\\\/04\\\/belluno-punta-sullinnovazione-al-via-il-nuovo-percorso-della-its-digital-academy\\\/\"},\"wordCount\":492,\"publisher\":{\"@id\":\"https:\\\/\\\/www.bellunopress.it\\\/#organization\"},\"image\":{\"@id\":\"https:\\\/\\\/www.bellunopress.it\\\/2026\\\/07\\\/04\\\/belluno-punta-sullinnovazione-al-via-il-nuovo-percorso-della-its-digital-academy\\\/#primaryimage\"},\"thumbnailUrl\":\"https:\\\/\\\/www.bellunopress.it\\\/wp-content\\\/uploads\\\/2026\\\/07\\\/convegno-IA-confindustria.jpg\",\"articleSection\":[\"Lavoro, Economia, Turismo\",\"Pausa Caff\u00e8\",\"Scuola\"],\"inLanguage\":\"fr-FR\"},{\"@type\":\"WebPage\",\"@id\":\"https:\\\/\\\/www.bellunopress.it\\\/2026\\\/07\\\/04\\\/belluno-punta-sullinnovazione-al-via-il-nuovo-percorso-della-its-digital-academy\\\/\",\"url\":\"https:\\\/\\\/www.bellunopress.it\\\/2026\\\/07\\\/04\\\/belluno-punta-sullinnovazione-al-via-il-nuovo-percorso-della-its-digital-academy\\\/\",\"name\":\"Belluno punta sull'Innovazione: al via il nuovo percorso della ITS Digital Academy - Bellunopress - Dolomiti\",\"isPartOf\":{\"@id\":\"https:\\\/\\\/www.bellunopress.it\\\/#website\"},\"primaryImageOfPage\":{\"@id\":\"https:\\\/\\\/www.bellunopress.it\\\/2026\\\/07\\\/04\\\/belluno-punta-sullinnovazione-al-via-il-nuovo-percorso-della-its-digital-academy\\\/#primaryimage\"},\"image\":{\"@id\":\"https:\\\/\\\/www.bellunopress.it\\\/2026\\\/07\\\/04\\\/belluno-punta-sullinnovazione-al-via-il-nuovo-percorso-della-its-digital-academy\\\/#primaryimage\"},\"thumbnailUrl\":\"https:\\\/\\\/www.bellunopress.it\\\/wp-content\\\/uploads\\\/2026\\\/07\\\/convegno-IA-confindustria.jpg\",\"datePublished\":\"2026-07-04T08:46:26+00:00\",\"breadcrumb\":{\"@id\":\"https:\\\/\\\/www.bellunopress.it\\\/2026\\\/07\\\/04\\\/belluno-punta-sullinnovazione-al-via-il-nuovo-percorso-della-its-digital-academy\\\/#breadcrumb\"},\"inLanguage\":\"fr-FR\",\"potentialAction\":[{\"@type\":\"ReadAction\",\"target\":[\"https:\\\/\\\/www.bellunopress.it\\\/2026\\\/07\\\/04\\\/belluno-punta-sullinnovazione-al-via-il-nuovo-percorso-della-its-digital-academy\\\/\"]}]},{\"@type\":\"ImageObject\",\"inLanguage\":\"fr-FR\",\"@id\":\"https:\\\/\\\/www.bellunopress.it\\\/2026\\\/07\\\/04\\\/belluno-punta-sullinnovazione-al-via-il-nuovo-percorso-della-its-digital-academy\\\/#primaryimage\",\"url\":\"https:\\\/\\\/www.bellunopress.it\\\/wp-content\\\/uploads\\\/2026\\\/07\\\/convegno-IA-confindustria.jpg\",\"contentUrl\":\"https:\\\/\\\/www.bellunopress.it\\\/wp-content\\\/uploads\\\/2026\\\/07\\\/convegno-IA-confindustria.jpg\",\"width\":375,\"height\":370},{\"@type\":\"BreadcrumbList\",\"@id\":\"https:\\\/\\\/www.bellunopress.it\\\/2026\\\/07\\\/04\\\/belluno-punta-sullinnovazione-al-via-il-nuovo-percorso-della-its-digital-academy\\\/#breadcrumb\",\"itemListElement\":[{\"@type\":\"ListItem\",\"position\":1,\"name\":\"Home\",\"item\":\"https:\\\/\\\/www.bellunopress.it\\\/\"},{\"@type\":\"ListItem\",\"position\":2,\"name\":\"Belluno punta sull&#8217;Innovazione: al via il nuovo percorso della ITS Digital Academy\"}]},{\"@type\":\"WebSite\",\"@id\":\"https:\\\/\\\/www.bellunopress.it\\\/#website\",\"url\":\"https:\\\/\\\/www.bellunopress.it\\\/\",\"name\":\"Bellunopress - Dolomiti\",\"description\":\"e-mail: redazione@bellunopress.it\",\"publisher\":{\"@id\":\"https:\\\/\\\/www.bellunopress.it\\\/#organization\"},\"potentialAction\":[{\"@type\":\"SearchAction\",\"target\":{\"@type\":\"EntryPoint\",\"urlTemplate\":\"https:\\\/\\\/www.bellunopress.it\\\/?s={search_term_string}\"},\"query-input\":{\"@type\":\"PropertyValueSpecification\",\"valueRequired\":true,\"valueName\":\"search_term_string\"}}],\"inLanguage\":\"fr-FR\"},{\"@type\":\"Organization\",\"@id\":\"https:\\\/\\\/www.bellunopress.it\\\/#organization\",\"name\":\"Bellunopress\",\"url\":\"https:\\\/\\\/www.bellunopress.it\\\/\",\"logo\":{\"@type\":\"ImageObject\",\"inLanguage\":\"fr-FR\",\"@id\":\"https:\\\/\\\/www.bellunopress.it\\\/#\\\/schema\\\/logo\\\/image\\\/\",\"url\":\"https:\\\/\\\/www.bellunopress.it\\\/wp-content\\\/uploads\\\/2011\\\/05\\\/cropped-logo-bellunopress-.jpg\",\"contentUrl\":\"https:\\\/\\\/www.bellunopress.it\\\/wp-content\\\/uploads\\\/2011\\\/05\\\/cropped-logo-bellunopress-.jpg\",\"width\":512,\"height\":512,\"caption\":\"Bellunopress\"},\"image\":{\"@id\":\"https:\\\/\\\/www.bellunopress.it\\\/#\\\/schema\\\/logo\\\/image\\\/\"},\"sameAs\":[\"https:\\\/\\\/www.facebook.com\\\/profile.php?id=100008943462799\",\"https:\\\/\\\/x.com\\\/bellunopress\",\"https:\\\/\\\/www.linkedin.com\\\/hp\\\/?dnr=JBzUWaJfMUw8vbXJJ2tVW5-I3jZKvC4wsoxE&amp;amp;amp;amp;amp;amp;trk=nav_responsive_tab_home\",\"https:\\\/\\\/www.youtube.com\\\/channel\\\/UCxL0wu1uN0_3_7hGG0306cw\"]},{\"@type\":\"Person\",\"@id\":\"https:\\\/\\\/www.bellunopress.it\\\/#\\\/schema\\\/person\\\/79bb06722b37ece1c03d3e94beb30d73\",\"name\":\"redazione\",\"image\":{\"@type\":\"ImageObject\",\"inLanguage\":\"fr-FR\",\"@id\":\"https:\\\/\\\/secure.gravatar.com\\\/avatar\\\/37d968a2e67a6fd04c169c4bdef102d0bc5d31b2546345219e348575eb80e9a0?s=96&d=mm&r=g\",\"url\":\"https:\\\/\\\/secure.gravatar.com\\\/avatar\\\/37d968a2e67a6fd04c169c4bdef102d0bc5d31b2546345219e348575eb80e9a0?s=96&d=mm&r=g\",\"contentUrl\":\"https:\\\/\\\/secure.gravatar.com\\\/avatar\\\/37d968a2e67a6fd04c169c4bdef102d0bc5d31b2546345219e348575eb80e9a0?s=96&d=mm&r=g\",\"caption\":\"redazione\"},\"sameAs\":[\"http:\\\/\\\/www.bellunopress.it\",\"https:\\\/\\\/x.com\\\/bellunopress\"],\"url\":\"https:\\\/\\\/www.bellunopress.it\\\/fr\\\/author\\\/redazione\\\/\"}]}<\/script>\n<!-- \/ Yoast SEO plugin. -->","yoast_head_json":{"title":"Belluno punta sull'Innovazione: al via il nuovo percorso della ITS Digital Academy - Bellunopress - Dolomiti","robots":{"index":"index","follow":"follow","max-snippet":"max-snippet:-1","max-image-preview":"max-image-preview:large","max-video-preview":"max-video-preview:-1"},"canonical":"https:\/\/www.bellunopress.it\/fr\/2026\/07\/04\/belluno-punta-sullinnovazione-al-via-il-nuovo-percorso-della-its-digital-academy\/","og_locale":"fr_FR","og_type":"article","og_title":"Belluno punta sull'Innovazione: al via il nuovo percorso della ITS Digital Academy - Bellunopress - Dolomiti","og_description":"Il futuro della manifattura locale passa attraverso l&#8217;Intelligenza Artificiale. Con l&#8217;obiettivo di creare un ponte diretto tra alta formazione e mondo del lavoro, Confindustria Belluno Dolomiti, in collaborazione con la Fondazione ITS Digital Academy &#8220;Mario Volpato&#8221;, lancia un nuovo percorso di alta specializzazione tecnologica dedicato al territorio bellunese. Il progetto nasce con una missione chiara: [&hellip;]","og_url":"https:\/\/www.bellunopress.it\/fr\/2026\/07\/04\/belluno-punta-sullinnovazione-al-via-il-nuovo-percorso-della-its-digital-academy\/","og_site_name":"Bellunopress - Dolomiti","article_publisher":"https:\/\/www.facebook.com\/profile.php?id=100008943462799","article_published_time":"2026-07-04T08:46:26+00:00","og_image":[{"width":375,"height":370,"url":"https:\/\/www.bellunopress.it\/wp-content\/uploads\/2026\/07\/convegno-IA-confindustria.jpg","type":"image\/jpeg"}],"author":"redazione","twitter_card":"summary_large_image","twitter_creator":"@bellunopress","twitter_site":"@bellunopress","twitter_misc":{"Written by":"redazione","Est. reading time":"3 minutes"},"schema":{"@context":"https:\/\/schema.org","@graph":[{"@type":"Article","@id":"https:\/\/www.bellunopress.it\/2026\/07\/04\/belluno-punta-sullinnovazione-al-via-il-nuovo-percorso-della-its-digital-academy\/#article","isPartOf":{"@id":"https:\/\/www.bellunopress.it\/2026\/07\/04\/belluno-punta-sullinnovazione-al-via-il-nuovo-percorso-della-its-digital-academy\/"},"author":{"name":"redazione","@id":"https:\/\/www.bellunopress.it\/#\/schema\/person\/79bb06722b37ece1c03d3e94beb30d73"},"headline":"Belluno punta sull&#8217;Innovazione: al via il nuovo percorso della ITS Digital Academy","datePublished":"2026-07-04T08:46:26+00:00","mainEntityOfPage":{"@id":"https:\/\/www.bellunopress.it\/2026\/07\/04\/belluno-punta-sullinnovazione-al-via-il-nuovo-percorso-della-its-digital-academy\/"},"wordCount":492,"publisher":{"@id":"https:\/\/www.bellunopress.it\/#organization"},"image":{"@id":"https:\/\/www.bellunopress.it\/2026\/07\/04\/belluno-punta-sullinnovazione-al-via-il-nuovo-percorso-della-its-digital-academy\/#primaryimage"},"thumbnailUrl":"https:\/\/www.bellunopress.it\/wp-content\/uploads\/2026\/07\/convegno-IA-confindustria.jpg","articleSection":["Lavoro, Economia, Turismo","Pausa Caff\u00e8","Scuola"],"inLanguage":"fr-FR"},{"@type":"WebPage","@id":"https:\/\/www.bellunopress.it\/2026\/07\/04\/belluno-punta-sullinnovazione-al-via-il-nuovo-percorso-della-its-digital-academy\/","url":"https:\/\/www.bellunopress.it\/2026\/07\/04\/belluno-punta-sullinnovazione-al-via-il-nuovo-percorso-della-its-digital-academy\/","name":"Belluno punta sull'Innovazione: al via il nuovo percorso della ITS Digital Academy - Bellunopress - Dolomiti","isPartOf":{"@id":"https:\/\/www.bellunopress.it\/#website"},"primaryImageOfPage":{"@id":"https:\/\/www.bellunopress.it\/2026\/07\/04\/belluno-punta-sullinnovazione-al-via-il-nuovo-percorso-della-its-digital-academy\/#primaryimage"},"image":{"@id":"https:\/\/www.bellunopress.it\/2026\/07\/04\/belluno-punta-sullinnovazione-al-via-il-nuovo-percorso-della-its-digital-academy\/#primaryimage"},"thumbnailUrl":"https:\/\/www.bellunopress.it\/wp-content\/uploads\/2026\/07\/convegno-IA-confindustria.jpg","datePublished":"2026-07-04T08:46:26+00:00","breadcrumb":{"@id":"https:\/\/www.bellunopress.it\/2026\/07\/04\/belluno-punta-sullinnovazione-al-via-il-nuovo-percorso-della-its-digital-academy\/#breadcrumb"},"inLanguage":"fr-FR","potentialAction":[{"@type":"ReadAction","target":["https:\/\/www.bellunopress.it\/2026\/07\/04\/belluno-punta-sullinnovazione-al-via-il-nuovo-percorso-della-its-digital-academy\/"]}]},{"@type":"ImageObject","inLanguage":"fr-FR","@id":"https:\/\/www.bellunopress.it\/2026\/07\/04\/belluno-punta-sullinnovazione-al-via-il-nuovo-percorso-della-its-digital-academy\/#primaryimage","url":"https:\/\/www.bellunopress.it\/wp-content\/uploads\/2026\/07\/convegno-IA-confindustria.jpg","contentUrl":"https:\/\/www.bellunopress.it\/wp-content\/uploads\/2026\/07\/convegno-IA-confindustria.jpg","width":375,"height":370},{"@type":"BreadcrumbList","@id":"https:\/\/www.bellunopress.it\/2026\/07\/04\/belluno-punta-sullinnovazione-al-via-il-nuovo-percorso-della-its-digital-academy\/#breadcrumb","itemListElement":[{"@type":"ListItem","position":1,"name":"Home","item":"https:\/\/www.bellunopress.it\/"},{"@type":"ListItem","position":2,"name":"Belluno punta sull&#8217;Innovazione: al via il nuovo percorso della ITS Digital Academy"}]},{"@type":"WebSite","@id":"https:\/\/www.bellunopress.it\/#website","url":"https:\/\/www.bellunopress.it\/","name":"Bellunopress - Dolomiti","description":"e-mail: redazione@bellunopress.it","publisher":{"@id":"https:\/\/www.bellunopress.it\/#organization"},"potentialAction":[{"@type":"SearchAction","target":{"@type":"EntryPoint","urlTemplate":"https:\/\/www.bellunopress.it\/?s={search_term_string}"},"query-input":{"@type":"PropertyValueSpecification","valueRequired":true,"valueName":"search_term_string"}}],"inLanguage":"fr-FR"},{"@type":"Organization","@id":"https:\/\/www.bellunopress.it\/#organization","name":"Bellunopress","url":"https:\/\/www.bellunopress.it\/","logo":{"@type":"ImageObject","inLanguage":"fr-FR","@id":"https:\/\/www.bellunopress.it\/#\/schema\/logo\/image\/","url":"https:\/\/www.bellunopress.it\/wp-content\/uploads\/2011\/05\/cropped-logo-bellunopress-.jpg","contentUrl":"https:\/\/www.bellunopress.it\/wp-content\/uploads\/2011\/05\/cropped-logo-bellunopress-.jpg","width":512,"height":512,"caption":"Bellunopress"},"image":{"@id":"https:\/\/www.bellunopress.it\/#\/schema\/logo\/image\/"},"sameAs":["https:\/\/www.facebook.com\/profile.php?id=100008943462799","https:\/\/x.com\/bellunopress","https:\/\/www.linkedin.com\/hp\/?dnr=JBzUWaJfMUw8vbXJJ2tVW5-I3jZKvC4wsoxE&amp;amp;amp;amp;amp;amp;trk=nav_responsive_tab_home","https:\/\/www.youtube.com\/channel\/UCxL0wu1uN0_3_7hGG0306cw"]},{"@type":"Person","@id":"https:\/\/www.bellunopress.it\/#\/schema\/person\/79bb06722b37ece1c03d3e94beb30d73","name":"r\u00e9daction","image":{"@type":"ImageObject","inLanguage":"fr-FR","@id":"https:\/\/secure.gravatar.com\/avatar\/37d968a2e67a6fd04c169c4bdef102d0bc5d31b2546345219e348575eb80e9a0?s=96&d=mm&r=g","url":"https:\/\/secure.gravatar.com\/avatar\/37d968a2e67a6fd04c169c4bdef102d0bc5d31b2546345219e348575eb80e9a0?s=96&d=mm&r=g","contentUrl":"https:\/\/secure.gravatar.com\/avatar\/37d968a2e67a6fd04c169c4bdef102d0bc5d31b2546345219e348575eb80e9a0?s=96&d=mm&r=g","caption":"redazione"},"sameAs":["http:\/\/www.bellunopress.it","https:\/\/x.com\/bellunopress"],"url":"https:\/\/www.bellunopress.it\/fr\/author\/redazione\/"}]}},"_links":{"self":[{"href":"https:\/\/www.bellunopress.it\/fr\/wp-json\/wp\/v2\/posts\/171668","targetHints":{"allow":["GET"]}}],"collection":[{"href":"https:\/\/www.bellunopress.it\/fr\/wp-json\/wp\/v2\/posts"}],"about":[{"href":"https:\/\/www.bellunopress.it\/fr\/wp-json\/wp\/v2\/types\/post"}],"author":[{"embeddable":true,"href":"https:\/\/www.bellunopress.it\/fr\/wp-json\/wp\/v2\/users\/2"}],"replies":[{"embeddable":true,"href":"https:\/\/www.bellunopress.it\/fr\/wp-json\/wp\/v2\/comments?post=171668"}],"version-history":[{"count":1,"href":"https:\/\/www.bellunopress.it\/fr\/wp-json\/wp\/v2\/posts\/171668\/revisions"}],"predecessor-version":[{"id":171670,"href":"https:\/\/www.bellunopress.it\/fr\/wp-json\/wp\/v2\/posts\/171668\/revisions\/171670"}],"wp:featuredmedia":[{"embeddable":true,"href":"https:\/\/www.bellunopress.it\/fr\/wp-json\/wp\/v2\/media\/171669"}],"wp:attachment":[{"href":"https:\/\/www.bellunopress.it\/fr\/wp-json\/wp\/v2\/media?parent=171668"}],"wp:term":[{"taxonomy":"category","embeddable":true,"href":"https:\/\/www.bellunopress.it\/fr\/wp-json\/wp\/v2\/categories?post=171668"},{"taxonomy":"post_tag","embeddable":true,"href":"https:\/\/www.bellunopress.it\/fr\/wp-json\/wp\/v2\/tags?post=171668"}],"curies":[{"name":"wp","href":"https:\/\/api.w.org\/{rel}","templated":true}]}}