{"id":171661,"date":"2026-07-03T14:02:21","date_gmt":"2026-07-03T12:02:21","guid":{"rendered":"https:\/\/www.bellunopress.it\/?p=171661"},"modified":"2026-07-03T14:02:22","modified_gmt":"2026-07-03T12:02:22","slug":"il-7-reggimento-alpini-celebra-la-festa-di-corpo-nel-segno-della-tradizione-e-del-centenario-del-monumento-al-vecio-e-al-bocia","status":"publish","type":"post","link":"https:\/\/www.bellunopress.it\/fr\/2026\/07\/03\/il-7-reggimento-alpini-celebra-la-festa-di-corpo-nel-segno-della-tradizione-e-del-centenario-del-monumento-al-vecio-e-al-bocia\/","title":{"rendered":"Il 7\u00b0 Reggimento Alpini celebra la Festa di Corpo nel segno della tradizione e del centenario del monumento \u201cAl Vecio e al Bocia\u201d"},"content":{"rendered":"<p data-path-to-node=\"3\"><b data-path-to-node=\"3\" data-index-in-node=\"0\">BELLUNO<\/b> \u2013 Il 7\u00b0 Reggimento Alpini, inquadrato nella Brigata Alpina \u201cJulia\u201d, ha celebrato nei giorni scorsi la propria Festa di Corpo presso la caserma \u201cSalsa D\u2019Angelo\u201d di Belluno. La cerimonia, posticipata rispetto alla data tradizionale per permettere al reparto di portare a termine gli impegni operativi nell&#8217;ambito della <i data-path-to-node=\"3\" data-index-in-node=\"325\">Allied Reaction Force<\/i> (ARF) della NATO, ha rappresentato un momento di solenne riflessione sulla storia e sul futuro del Reggimento.<\/p>\n<p data-path-to-node=\"5\">Le celebrazioni sono state precedute da una marcia addestrativa che ha condotto gli alpini fino al Rifugio 7\u00b0 Alpini, tra le Dolomiti bellunesi. In questo scenario alpino si \u00e8 tenuta una Santa Messa in suffragio dei Caduti, durante la quale \u00e8 stato rinnovato il ricordo del sacrificio dei cinque militari del Reggimento che persero la vita in Afghanistan nel 2010.<\/p>\n<p data-path-to-node=\"7\">L\u2019edizione di quest\u2019anno ha assunto un significato particolare per la ricorrenza del centenario del monumento \u201cAl Vecio e al Bocia\u201d. Opera dello scultore Silvio Zaniboni, egli stesso ufficiale degli Alpini, il monumento fu inaugurato il 23 maggio 1926 alla presenza di Re Vittorio Emanuele III.<\/p>\n<p data-path-to-node=\"8\">La scultura \u2013 che raffigura un alpino anziano nell\u2019atto di indicare a una giovane recluta le vette teatro dei combattimenti durante la Prima Guerra Mondiale \u2013 rappresenta da cent\u2019anni l\u2019emblema del passaggio di consegne, di valori e di esperienza tra le diverse generazioni di alpini, consolidando il legame tra passato e presente.<\/p>\n<p data-path-to-node=\"10\">Archiviata la fase di prontezza NATO, il 7\u00b0 Reggimento Alpini si prepara ora a nuovi incarichi. Nei prossimi giorni, il personale sar\u00e0 impiegato a Roma nell&#8217;ambito dell&#8217;operazione &#8220;Strade Sicure&#8221;, assumendo per sei mesi la responsabilit\u00e0 di un settore della Capitale. Contestualmente, proseguir\u00e0 l&#8217;intensa attivit\u00e0 addestrativa in sede, con il proseguimento dei corsi di combattimento in montagna e dei programmi di alpinismo, sia a livello basico che avanzato.<\/p>","protected":false},"excerpt":{"rendered":"<p>BELLUNO \u2013 Il 7\u00b0 Reggimento Alpini, inquadrato nella Brigata Alpina \u201cJulia\u201d, ha celebrato nei giorni scorsi la propria Festa di Corpo presso la caserma \u201cSalsa D\u2019Angelo\u201d di Belluno. La cerimonia, posticipata rispetto alla data tradizionale per permettere al reparto di portare a termine gli impegni operativi nell&#8217;ambito della Allied Reaction Force (ARF) della NATO, ha [&hellip;]<\/p>\n","protected":false},"author":2,"featured_media":171662,"comment_status":"closed","ping_status":"open","sticky":false,"template":"","format":"standard","meta":{"footnotes":""},"categories":[26,8],"tags":[],"class_list":["post-171661","post","type-post","status-publish","format-standard","has-post-thumbnail","category-prima-pagina","category-societa-istituzioni"],"yoast_head":"<!-- This site is optimized with the Yoast SEO plugin v28.4 - https:\/\/yoast.com\/product\/yoast-seo-wordpress\/ -->\n<title>Il 7\u00b0 Reggimento Alpini celebra la Festa di Corpo nel segno della tradizione e del centenario del monumento \u201cAl Vecio e al Bocia\u201d - Bellunopress - Dolomiti<\/title>\n<meta name=\"robots\" content=\"index, follow, max-snippet:-1, max-image-preview:large, max-video-preview:-1\" \/>\n<link rel=\"canonical\" href=\"https:\/\/www.bellunopress.it\/fr\/2026\/07\/03\/il-7-reggimento-alpini-celebra-la-festa-di-corpo-nel-segno-della-tradizione-e-del-centenario-del-monumento-al-vecio-e-al-bocia\/\" \/>\n<meta property=\"og:locale\" content=\"fr_FR\" \/>\n<meta property=\"og:type\" content=\"article\" \/>\n<meta property=\"og:title\" content=\"Il 7\u00b0 Reggimento Alpini celebra la Festa di Corpo nel segno della tradizione e del centenario del monumento \u201cAl Vecio e al Bocia\u201d - Bellunopress - Dolomiti\" \/>\n<meta property=\"og:description\" content=\"BELLUNO \u2013 Il 7\u00b0 Reggimento Alpini, inquadrato nella Brigata Alpina \u201cJulia\u201d, ha celebrato nei giorni scorsi la propria Festa di Corpo presso la caserma \u201cSalsa D\u2019Angelo\u201d di Belluno. La cerimonia, posticipata rispetto alla data tradizionale per permettere al reparto di portare a termine gli impegni operativi nell&#8217;ambito della Allied Reaction Force (ARF) della NATO, ha [&hellip;]\" \/>\n<meta property=\"og:url\" content=\"https:\/\/www.bellunopress.it\/fr\/2026\/07\/03\/il-7-reggimento-alpini-celebra-la-festa-di-corpo-nel-segno-della-tradizione-e-del-centenario-del-monumento-al-vecio-e-al-bocia\/\" \/>\n<meta property=\"og:site_name\" content=\"Bellunopress - Dolomiti\" \/>\n<meta property=\"article:publisher\" content=\"https:\/\/www.facebook.com\/profile.php?id=100008943462799\" \/>\n<meta property=\"article:published_time\" content=\"2026-07-03T12:02:21+00:00\" \/>\n<meta property=\"article:modified_time\" content=\"2026-07-03T12:02:22+00:00\" \/>\n<meta property=\"og:image\" content=\"https:\/\/www.bellunopress.it\/wp-content\/uploads\/2026\/07\/monumento-7mo-alpini.jpg\" \/>\n\t<meta property=\"og:image:width\" content=\"517\" \/>\n\t<meta property=\"og:image:height\" content=\"367\" \/>\n\t<meta property=\"og:image:type\" content=\"image\/jpeg\" \/>\n<meta name=\"author\" content=\"redazione\" \/>\n<meta name=\"twitter:card\" content=\"summary_large_image\" \/>\n<meta name=\"twitter:creator\" content=\"@bellunopress\" \/>\n<meta name=\"twitter:site\" content=\"@bellunopress\" \/>\n<meta name=\"twitter:label1\" content=\"\u00c9crit par\" \/>\n\t<meta name=\"twitter:data1\" content=\"redazione\" \/>\n\t<meta name=\"twitter:label2\" content=\"Dur\u00e9e de lecture estim\u00e9e\" \/>\n\t<meta name=\"twitter:data2\" content=\"2 minutes\" \/>\n<script type=\"application\/ld+json\" class=\"yoast-schema-graph\">{\"@context\":\"https:\\\/\\\/schema.org\",\"@graph\":[{\"@type\":\"Article\",\"@id\":\"https:\\\/\\\/www.bellunopress.it\\\/2026\\\/07\\\/03\\\/il-7-reggimento-alpini-celebra-la-festa-di-corpo-nel-segno-della-tradizione-e-del-centenario-del-monumento-al-vecio-e-al-bocia\\\/#article\",\"isPartOf\":{\"@id\":\"https:\\\/\\\/www.bellunopress.it\\\/2026\\\/07\\\/03\\\/il-7-reggimento-alpini-celebra-la-festa-di-corpo-nel-segno-della-tradizione-e-del-centenario-del-monumento-al-vecio-e-al-bocia\\\/\"},\"author\":{\"name\":\"redazione\",\"@id\":\"https:\\\/\\\/www.bellunopress.it\\\/#\\\/schema\\\/person\\\/79bb06722b37ece1c03d3e94beb30d73\"},\"headline\":\"Il 7\u00b0 Reggimento Alpini celebra la Festa di Corpo nel segno della tradizione e del centenario del monumento \u201cAl Vecio e al Bocia\u201d\",\"datePublished\":\"2026-07-03T12:02:21+00:00\",\"dateModified\":\"2026-07-03T12:02:22+00:00\",\"mainEntityOfPage\":{\"@id\":\"https:\\\/\\\/www.bellunopress.it\\\/2026\\\/07\\\/03\\\/il-7-reggimento-alpini-celebra-la-festa-di-corpo-nel-segno-della-tradizione-e-del-centenario-del-monumento-al-vecio-e-al-bocia\\\/\"},\"wordCount\":313,\"publisher\":{\"@id\":\"https:\\\/\\\/www.bellunopress.it\\\/#organization\"},\"image\":{\"@id\":\"https:\\\/\\\/www.bellunopress.it\\\/2026\\\/07\\\/03\\\/il-7-reggimento-alpini-celebra-la-festa-di-corpo-nel-segno-della-tradizione-e-del-centenario-del-monumento-al-vecio-e-al-bocia\\\/#primaryimage\"},\"thumbnailUrl\":\"https:\\\/\\\/www.bellunopress.it\\\/wp-content\\\/uploads\\\/2026\\\/07\\\/monumento-7mo-alpini.jpg\",\"articleSection\":[\"Prima Pagina\",\"Societ\u00e0, Associazioni, Istituzioni\"],\"inLanguage\":\"fr-FR\"},{\"@type\":\"WebPage\",\"@id\":\"https:\\\/\\\/www.bellunopress.it\\\/2026\\\/07\\\/03\\\/il-7-reggimento-alpini-celebra-la-festa-di-corpo-nel-segno-della-tradizione-e-del-centenario-del-monumento-al-vecio-e-al-bocia\\\/\",\"url\":\"https:\\\/\\\/www.bellunopress.it\\\/2026\\\/07\\\/03\\\/il-7-reggimento-alpini-celebra-la-festa-di-corpo-nel-segno-della-tradizione-e-del-centenario-del-monumento-al-vecio-e-al-bocia\\\/\",\"name\":\"Il 7\u00b0 Reggimento Alpini celebra la Festa di Corpo nel segno della tradizione e del centenario del monumento \u201cAl Vecio e al Bocia\u201d - Bellunopress - Dolomiti\",\"isPartOf\":{\"@id\":\"https:\\\/\\\/www.bellunopress.it\\\/#website\"},\"primaryImageOfPage\":{\"@id\":\"https:\\\/\\\/www.bellunopress.it\\\/2026\\\/07\\\/03\\\/il-7-reggimento-alpini-celebra-la-festa-di-corpo-nel-segno-della-tradizione-e-del-centenario-del-monumento-al-vecio-e-al-bocia\\\/#primaryimage\"},\"image\":{\"@id\":\"https:\\\/\\\/www.bellunopress.it\\\/2026\\\/07\\\/03\\\/il-7-reggimento-alpini-celebra-la-festa-di-corpo-nel-segno-della-tradizione-e-del-centenario-del-monumento-al-vecio-e-al-bocia\\\/#primaryimage\"},\"thumbnailUrl\":\"https:\\\/\\\/www.bellunopress.it\\\/wp-content\\\/uploads\\\/2026\\\/07\\\/monumento-7mo-alpini.jpg\",\"datePublished\":\"2026-07-03T12:02:21+00:00\",\"dateModified\":\"2026-07-03T12:02:22+00:00\",\"breadcrumb\":{\"@id\":\"https:\\\/\\\/www.bellunopress.it\\\/2026\\\/07\\\/03\\\/il-7-reggimento-alpini-celebra-la-festa-di-corpo-nel-segno-della-tradizione-e-del-centenario-del-monumento-al-vecio-e-al-bocia\\\/#breadcrumb\"},\"inLanguage\":\"fr-FR\",\"potentialAction\":[{\"@type\":\"ReadAction\",\"target\":[\"https:\\\/\\\/www.bellunopress.it\\\/2026\\\/07\\\/03\\\/il-7-reggimento-alpini-celebra-la-festa-di-corpo-nel-segno-della-tradizione-e-del-centenario-del-monumento-al-vecio-e-al-bocia\\\/\"]}]},{\"@type\":\"ImageObject\",\"inLanguage\":\"fr-FR\",\"@id\":\"https:\\\/\\\/www.bellunopress.it\\\/2026\\\/07\\\/03\\\/il-7-reggimento-alpini-celebra-la-festa-di-corpo-nel-segno-della-tradizione-e-del-centenario-del-monumento-al-vecio-e-al-bocia\\\/#primaryimage\",\"url\":\"https:\\\/\\\/www.bellunopress.it\\\/wp-content\\\/uploads\\\/2026\\\/07\\\/monumento-7mo-alpini.jpg\",\"contentUrl\":\"https:\\\/\\\/www.bellunopress.it\\\/wp-content\\\/uploads\\\/2026\\\/07\\\/monumento-7mo-alpini.jpg\",\"width\":517,\"height\":367},{\"@type\":\"BreadcrumbList\",\"@id\":\"https:\\\/\\\/www.bellunopress.it\\\/2026\\\/07\\\/03\\\/il-7-reggimento-alpini-celebra-la-festa-di-corpo-nel-segno-della-tradizione-e-del-centenario-del-monumento-al-vecio-e-al-bocia\\\/#breadcrumb\",\"itemListElement\":[{\"@type\":\"ListItem\",\"position\":1,\"name\":\"Home\",\"item\":\"https:\\\/\\\/www.bellunopress.it\\\/\"},{\"@type\":\"ListItem\",\"position\":2,\"name\":\"Il 7\u00b0 Reggimento Alpini celebra la Festa di Corpo nel segno della tradizione e del centenario del monumento \u201cAl Vecio e al Bocia\u201d\"}]},{\"@type\":\"WebSite\",\"@id\":\"https:\\\/\\\/www.bellunopress.it\\\/#website\",\"url\":\"https:\\\/\\\/www.bellunopress.it\\\/\",\"name\":\"Bellunopress - Dolomiti\",\"description\":\"e-mail: redazione@bellunopress.it\",\"publisher\":{\"@id\":\"https:\\\/\\\/www.bellunopress.it\\\/#organization\"},\"potentialAction\":[{\"@type\":\"SearchAction\",\"target\":{\"@type\":\"EntryPoint\",\"urlTemplate\":\"https:\\\/\\\/www.bellunopress.it\\\/?s={search_term_string}\"},\"query-input\":{\"@type\":\"PropertyValueSpecification\",\"valueRequired\":true,\"valueName\":\"search_term_string\"}}],\"inLanguage\":\"fr-FR\"},{\"@type\":\"Organization\",\"@id\":\"https:\\\/\\\/www.bellunopress.it\\\/#organization\",\"name\":\"Bellunopress\",\"url\":\"https:\\\/\\\/www.bellunopress.it\\\/\",\"logo\":{\"@type\":\"ImageObject\",\"inLanguage\":\"fr-FR\",\"@id\":\"https:\\\/\\\/www.bellunopress.it\\\/#\\\/schema\\\/logo\\\/image\\\/\",\"url\":\"https:\\\/\\\/www.bellunopress.it\\\/wp-content\\\/uploads\\\/2011\\\/05\\\/cropped-logo-bellunopress-.jpg\",\"contentUrl\":\"https:\\\/\\\/www.bellunopress.it\\\/wp-content\\\/uploads\\\/2011\\\/05\\\/cropped-logo-bellunopress-.jpg\",\"width\":512,\"height\":512,\"caption\":\"Bellunopress\"},\"image\":{\"@id\":\"https:\\\/\\\/www.bellunopress.it\\\/#\\\/schema\\\/logo\\\/image\\\/\"},\"sameAs\":[\"https:\\\/\\\/www.facebook.com\\\/profile.php?id=100008943462799\",\"https:\\\/\\\/x.com\\\/bellunopress\",\"https:\\\/\\\/www.linkedin.com\\\/hp\\\/?dnr=JBzUWaJfMUw8vbXJJ2tVW5-I3jZKvC4wsoxE&amp;amp;amp;amp;amp;amp;trk=nav_responsive_tab_home\",\"https:\\\/\\\/www.youtube.com\\\/channel\\\/UCxL0wu1uN0_3_7hGG0306cw\"]},{\"@type\":\"Person\",\"@id\":\"https:\\\/\\\/www.bellunopress.it\\\/#\\\/schema\\\/person\\\/79bb06722b37ece1c03d3e94beb30d73\",\"name\":\"redazione\",\"image\":{\"@type\":\"ImageObject\",\"inLanguage\":\"fr-FR\",\"@id\":\"https:\\\/\\\/secure.gravatar.com\\\/avatar\\\/37d968a2e67a6fd04c169c4bdef102d0bc5d31b2546345219e348575eb80e9a0?s=96&d=mm&r=g\",\"url\":\"https:\\\/\\\/secure.gravatar.com\\\/avatar\\\/37d968a2e67a6fd04c169c4bdef102d0bc5d31b2546345219e348575eb80e9a0?s=96&d=mm&r=g\",\"contentUrl\":\"https:\\\/\\\/secure.gravatar.com\\\/avatar\\\/37d968a2e67a6fd04c169c4bdef102d0bc5d31b2546345219e348575eb80e9a0?s=96&d=mm&r=g\",\"caption\":\"redazione\"},\"sameAs\":[\"http:\\\/\\\/www.bellunopress.it\",\"https:\\\/\\\/x.com\\\/bellunopress\"],\"url\":\"https:\\\/\\\/www.bellunopress.it\\\/fr\\\/author\\\/redazione\\\/\"}]}<\/script>\n<!-- \/ Yoast SEO plugin. -->","yoast_head_json":{"title":"Il 7\u00b0 Reggimento Alpini celebra la Festa di Corpo nel segno della tradizione e del centenario del monumento \u201cAl Vecio e al Bocia\u201d - Bellunopress - Dolomiti","robots":{"index":"index","follow":"follow","max-snippet":"max-snippet:-1","max-image-preview":"max-image-preview:large","max-video-preview":"max-video-preview:-1"},"canonical":"https:\/\/www.bellunopress.it\/fr\/2026\/07\/03\/il-7-reggimento-alpini-celebra-la-festa-di-corpo-nel-segno-della-tradizione-e-del-centenario-del-monumento-al-vecio-e-al-bocia\/","og_locale":"fr_FR","og_type":"article","og_title":"Il 7\u00b0 Reggimento Alpini celebra la Festa di Corpo nel segno della tradizione e del centenario del monumento \u201cAl Vecio e al Bocia\u201d - Bellunopress - Dolomiti","og_description":"BELLUNO \u2013 Il 7\u00b0 Reggimento Alpini, inquadrato nella Brigata Alpina \u201cJulia\u201d, ha celebrato nei giorni scorsi la propria Festa di Corpo presso la caserma \u201cSalsa D\u2019Angelo\u201d di Belluno. La cerimonia, posticipata rispetto alla data tradizionale per permettere al reparto di portare a termine gli impegni operativi nell&#8217;ambito della Allied Reaction Force (ARF) della NATO, ha [&hellip;]","og_url":"https:\/\/www.bellunopress.it\/fr\/2026\/07\/03\/il-7-reggimento-alpini-celebra-la-festa-di-corpo-nel-segno-della-tradizione-e-del-centenario-del-monumento-al-vecio-e-al-bocia\/","og_site_name":"Bellunopress - Dolomiti","article_publisher":"https:\/\/www.facebook.com\/profile.php?id=100008943462799","article_published_time":"2026-07-03T12:02:21+00:00","article_modified_time":"2026-07-03T12:02:22+00:00","og_image":[{"width":517,"height":367,"url":"https:\/\/www.bellunopress.it\/wp-content\/uploads\/2026\/07\/monumento-7mo-alpini.jpg","type":"image\/jpeg"}],"author":"redazione","twitter_card":"summary_large_image","twitter_creator":"@bellunopress","twitter_site":"@bellunopress","twitter_misc":{"\u00c9crit par":"redazione","Dur\u00e9e de lecture estim\u00e9e":"2 minutes"},"schema":{"@context":"https:\/\/schema.org","@graph":[{"@type":"Article","@id":"https:\/\/www.bellunopress.it\/2026\/07\/03\/il-7-reggimento-alpini-celebra-la-festa-di-corpo-nel-segno-della-tradizione-e-del-centenario-del-monumento-al-vecio-e-al-bocia\/#article","isPartOf":{"@id":"https:\/\/www.bellunopress.it\/2026\/07\/03\/il-7-reggimento-alpini-celebra-la-festa-di-corpo-nel-segno-della-tradizione-e-del-centenario-del-monumento-al-vecio-e-al-bocia\/"},"author":{"name":"redazione","@id":"https:\/\/www.bellunopress.it\/#\/schema\/person\/79bb06722b37ece1c03d3e94beb30d73"},"headline":"Il 7\u00b0 Reggimento Alpini celebra la Festa di Corpo nel segno della tradizione e del centenario del monumento \u201cAl Vecio e al Bocia\u201d","datePublished":"2026-07-03T12:02:21+00:00","dateModified":"2026-07-03T12:02:22+00:00","mainEntityOfPage":{"@id":"https:\/\/www.bellunopress.it\/2026\/07\/03\/il-7-reggimento-alpini-celebra-la-festa-di-corpo-nel-segno-della-tradizione-e-del-centenario-del-monumento-al-vecio-e-al-bocia\/"},"wordCount":313,"publisher":{"@id":"https:\/\/www.bellunopress.it\/#organization"},"image":{"@id":"https:\/\/www.bellunopress.it\/2026\/07\/03\/il-7-reggimento-alpini-celebra-la-festa-di-corpo-nel-segno-della-tradizione-e-del-centenario-del-monumento-al-vecio-e-al-bocia\/#primaryimage"},"thumbnailUrl":"https:\/\/www.bellunopress.it\/wp-content\/uploads\/2026\/07\/monumento-7mo-alpini.jpg","articleSection":["Prima Pagina","Societ\u00e0, Associazioni, Istituzioni"],"inLanguage":"fr-FR"},{"@type":"WebPage","@id":"https:\/\/www.bellunopress.it\/2026\/07\/03\/il-7-reggimento-alpini-celebra-la-festa-di-corpo-nel-segno-della-tradizione-e-del-centenario-del-monumento-al-vecio-e-al-bocia\/","url":"https:\/\/www.bellunopress.it\/2026\/07\/03\/il-7-reggimento-alpini-celebra-la-festa-di-corpo-nel-segno-della-tradizione-e-del-centenario-del-monumento-al-vecio-e-al-bocia\/","name":"Il 7\u00b0 Reggimento Alpini celebra la Festa di Corpo nel segno della tradizione e del centenario del monumento \u201cAl Vecio e al Bocia\u201d - Bellunopress - Dolomiti","isPartOf":{"@id":"https:\/\/www.bellunopress.it\/#website"},"primaryImageOfPage":{"@id":"https:\/\/www.bellunopress.it\/2026\/07\/03\/il-7-reggimento-alpini-celebra-la-festa-di-corpo-nel-segno-della-tradizione-e-del-centenario-del-monumento-al-vecio-e-al-bocia\/#primaryimage"},"image":{"@id":"https:\/\/www.bellunopress.it\/2026\/07\/03\/il-7-reggimento-alpini-celebra-la-festa-di-corpo-nel-segno-della-tradizione-e-del-centenario-del-monumento-al-vecio-e-al-bocia\/#primaryimage"},"thumbnailUrl":"https:\/\/www.bellunopress.it\/wp-content\/uploads\/2026\/07\/monumento-7mo-alpini.jpg","datePublished":"2026-07-03T12:02:21+00:00","dateModified":"2026-07-03T12:02:22+00:00","breadcrumb":{"@id":"https:\/\/www.bellunopress.it\/2026\/07\/03\/il-7-reggimento-alpini-celebra-la-festa-di-corpo-nel-segno-della-tradizione-e-del-centenario-del-monumento-al-vecio-e-al-bocia\/#breadcrumb"},"inLanguage":"fr-FR","potentialAction":[{"@type":"ReadAction","target":["https:\/\/www.bellunopress.it\/2026\/07\/03\/il-7-reggimento-alpini-celebra-la-festa-di-corpo-nel-segno-della-tradizione-e-del-centenario-del-monumento-al-vecio-e-al-bocia\/"]}]},{"@type":"ImageObject","inLanguage":"fr-FR","@id":"https:\/\/www.bellunopress.it\/2026\/07\/03\/il-7-reggimento-alpini-celebra-la-festa-di-corpo-nel-segno-della-tradizione-e-del-centenario-del-monumento-al-vecio-e-al-bocia\/#primaryimage","url":"https:\/\/www.bellunopress.it\/wp-content\/uploads\/2026\/07\/monumento-7mo-alpini.jpg","contentUrl":"https:\/\/www.bellunopress.it\/wp-content\/uploads\/2026\/07\/monumento-7mo-alpini.jpg","width":517,"height":367},{"@type":"BreadcrumbList","@id":"https:\/\/www.bellunopress.it\/2026\/07\/03\/il-7-reggimento-alpini-celebra-la-festa-di-corpo-nel-segno-della-tradizione-e-del-centenario-del-monumento-al-vecio-e-al-bocia\/#breadcrumb","itemListElement":[{"@type":"ListItem","position":1,"name":"Home","item":"https:\/\/www.bellunopress.it\/"},{"@type":"ListItem","position":2,"name":"Il 7\u00b0 Reggimento Alpini celebra la Festa di Corpo nel segno della tradizione e del centenario del monumento \u201cAl Vecio e al Bocia\u201d"}]},{"@type":"WebSite","@id":"https:\/\/www.bellunopress.it\/#website","url":"https:\/\/www.bellunopress.it\/","name":"Bellunopress - Dolomiti","description":"e-mail: redazione@bellunopress.it","publisher":{"@id":"https:\/\/www.bellunopress.it\/#organization"},"potentialAction":[{"@type":"SearchAction","target":{"@type":"EntryPoint","urlTemplate":"https:\/\/www.bellunopress.it\/?s={search_term_string}"},"query-input":{"@type":"PropertyValueSpecification","valueRequired":true,"valueName":"search_term_string"}}],"inLanguage":"fr-FR"},{"@type":"Organization","@id":"https:\/\/www.bellunopress.it\/#organization","name":"Bellunopress","url":"https:\/\/www.bellunopress.it\/","logo":{"@type":"ImageObject","inLanguage":"fr-FR","@id":"https:\/\/www.bellunopress.it\/#\/schema\/logo\/image\/","url":"https:\/\/www.bellunopress.it\/wp-content\/uploads\/2011\/05\/cropped-logo-bellunopress-.jpg","contentUrl":"https:\/\/www.bellunopress.it\/wp-content\/uploads\/2011\/05\/cropped-logo-bellunopress-.jpg","width":512,"height":512,"caption":"Bellunopress"},"image":{"@id":"https:\/\/www.bellunopress.it\/#\/schema\/logo\/image\/"},"sameAs":["https:\/\/www.facebook.com\/profile.php?id=100008943462799","https:\/\/x.com\/bellunopress","https:\/\/www.linkedin.com\/hp\/?dnr=JBzUWaJfMUw8vbXJJ2tVW5-I3jZKvC4wsoxE&amp;amp;amp;amp;amp;amp;trk=nav_responsive_tab_home","https:\/\/www.youtube.com\/channel\/UCxL0wu1uN0_3_7hGG0306cw"]},{"@type":"Person","@id":"https:\/\/www.bellunopress.it\/#\/schema\/person\/79bb06722b37ece1c03d3e94beb30d73","name":"r\u00e9daction","image":{"@type":"ImageObject","inLanguage":"fr-FR","@id":"https:\/\/secure.gravatar.com\/avatar\/37d968a2e67a6fd04c169c4bdef102d0bc5d31b2546345219e348575eb80e9a0?s=96&d=mm&r=g","url":"https:\/\/secure.gravatar.com\/avatar\/37d968a2e67a6fd04c169c4bdef102d0bc5d31b2546345219e348575eb80e9a0?s=96&d=mm&r=g","contentUrl":"https:\/\/secure.gravatar.com\/avatar\/37d968a2e67a6fd04c169c4bdef102d0bc5d31b2546345219e348575eb80e9a0?s=96&d=mm&r=g","caption":"redazione"},"sameAs":["http:\/\/www.bellunopress.it","https:\/\/x.com\/bellunopress"],"url":"https:\/\/www.bellunopress.it\/fr\/author\/redazione\/"}]}},"_links":{"self":[{"href":"https:\/\/www.bellunopress.it\/fr\/wp-json\/wp\/v2\/posts\/171661","targetHints":{"allow":["GET"]}}],"collection":[{"href":"https:\/\/www.bellunopress.it\/fr\/wp-json\/wp\/v2\/posts"}],"about":[{"href":"https:\/\/www.bellunopress.it\/fr\/wp-json\/wp\/v2\/types\/post"}],"author":[{"embeddable":true,"href":"https:\/\/www.bellunopress.it\/fr\/wp-json\/wp\/v2\/users\/2"}],"replies":[{"embeddable":true,"href":"https:\/\/www.bellunopress.it\/fr\/wp-json\/wp\/v2\/comments?post=171661"}],"version-history":[{"count":1,"href":"https:\/\/www.bellunopress.it\/fr\/wp-json\/wp\/v2\/posts\/171661\/revisions"}],"predecessor-version":[{"id":171663,"href":"https:\/\/www.bellunopress.it\/fr\/wp-json\/wp\/v2\/posts\/171661\/revisions\/171663"}],"wp:featuredmedia":[{"embeddable":true,"href":"https:\/\/www.bellunopress.it\/fr\/wp-json\/wp\/v2\/media\/171662"}],"wp:attachment":[{"href":"https:\/\/www.bellunopress.it\/fr\/wp-json\/wp\/v2\/media?parent=171661"}],"wp:term":[{"taxonomy":"category","embeddable":true,"href":"https:\/\/www.bellunopress.it\/fr\/wp-json\/wp\/v2\/categories?post=171661"},{"taxonomy":"post_tag","embeddable":true,"href":"https:\/\/www.bellunopress.it\/fr\/wp-json\/wp\/v2\/tags?post=171661"}],"curies":[{"name":"wp","href":"https:\/\/api.w.org\/{rel}","templated":true}]}}