{"id":171658,"date":"2026-07-03T12:49:53","date_gmt":"2026-07-03T10:49:53","guid":{"rendered":"https:\/\/www.bellunopress.it\/?p=171658"},"modified":"2026-07-03T12:49:53","modified_gmt":"2026-07-03T10:49:53","slug":"economia-circolare-s-n-u-a-premiata-allecoforum-2026-per-leccellenza-nel-riciclo","status":"publish","type":"post","link":"https:\/\/www.bellunopress.it\/fr\/2026\/07\/03\/economia-circolare-s-n-u-a-premiata-allecoforum-2026-per-leccellenza-nel-riciclo\/","title":{"rendered":"Economia circolare: S.N.U.A. premiata all&#8217;EcoForum 2026 per l&#8217;eccellenza nel riciclo"},"content":{"rendered":"<div class=\"container\">\n<div id=\"model-response-message-contentr_ab96d38dc274fd50\" class=\"markdown markdown-main-panel enable-luminous-fast-follows enable-updated-hr-color\" dir=\"ltr\" aria-busy=\"false\" aria-live=\"polite\">\n<p data-path-to-node=\"3\">L&#8217;impianto friulano S.N.U.A. Srl ha ricevuto il prestigioso Premio FBCA \u2013 &#8220;Impianti d&#8217;Eccellenza&#8221; in occasione dell&#8217;EcoForum 2026, la conferenza nazionale sull&#8217;economia circolare promossa da Legambiente. Il riconoscimento premia l&#8217;impegno dell&#8217;azienda nella raccolta e nella selezione dei cartoni per bevande e alimenti, un modello virtuoso che coinvolge oltre 30 comuni nelle province di Pordenone e Belluno.<\/p>\n<p data-path-to-node=\"5\">Il traguardo \u00e8 stato raggiunto grazie a un importante piano di ammodernamento tecnologico dello stabilimento di Aviano (PN). L&#8217;installazione di un nuovo selettore dedicato ha permesso di aumentare drasticamente la capacit\u00e0 di intercettazione dei materiali: la raccolta \u00e8 passata da circa 50 a quasi 300 tonnellate annue nel 2025.<\/p>\n<p data-path-to-node=\"6\">\u00abQuesto riconoscimento premia l&#8217;impegno negli investimenti in innovazione e qualit\u00e0 della selezione, ma anche il contributo fondamentale dei cittadini e delle amministrazioni locali\u00bb, ha sottolineato Konstantinos Malandrinos di FBCA. Un successo che vede protagonista anche GEA (Gestioni Ecologiche Ambientali) S.p.A., la cui attivit\u00e0 di sensibilizzazione sul territorio \u00e8 stata determinante per migliorare la qualit\u00e0 del conferimento da parte degli abitanti.<\/p>\n<p data-path-to-node=\"8\">Il premio, promosso dalla <i data-path-to-node=\"8\" data-index-in-node=\"26\">Food and Beverage Carton Alliance<\/i> in collaborazione con Comieco, evidenzia l&#8217;importanza di una corretta gestione degli imballaggi cellulosici. Roberto Di Molfetta, Direttore generale di Comieco, ha ricordato come il riciclo di questi materiali rappresenti una leva strategica per l&#8217;economia circolare, supportata anche dai recenti aggiornamenti normativi nell&#8217;ambito dell&#8217;APQN Anci-Conai, che incentivano la separazione dei cartoni per bevande.<\/p>\n<p data-path-to-node=\"9\">Giacomo De Luca, Presidente di S.N.U.A., ha espresso grande soddisfazione per il traguardo: \u00abSiamo orgogliosi di ricevere questo riconoscimento che premia il nostro percorso di crescita. Questo risultato \u00e8 il frutto dell&#8217;impegno dei nostri collaboratori, della collaborazione con GEA e le amministrazioni locali, e del fondamentale contributo dei cittadini che partecipano attivamente alla raccolta differenziata\u00bb.<\/p>\n<p data-path-to-node=\"10\">I cartoni per bevande e alimenti, composti per circa il 75% da carta, sono una risorsa preziosa: se conferiti correttamente nella raccolta differenziata, possono essere interamente riciclati, trasformandosi in nuova materia prima e contribuendo a ridurre gli sprechi.<\/p>\n<\/div>\n<\/div>","protected":false},"excerpt":{"rendered":"<p>L&#8217;impianto friulano S.N.U.A. Srl ha ricevuto il prestigioso Premio FBCA \u2013 &#8220;Impianti d&#8217;Eccellenza&#8221; in occasione dell&#8217;EcoForum 2026, la conferenza nazionale sull&#8217;economia circolare promossa da Legambiente. Il riconoscimento premia l&#8217;impegno dell&#8217;azienda nella raccolta e nella selezione dei cartoni per bevande e alimenti, un modello virtuoso che coinvolge oltre 30 comuni nelle province di Pordenone e Belluno. [&hellip;]<\/p>\n","protected":false},"author":2,"featured_media":171659,"comment_status":"closed","ping_status":"open","sticky":false,"template":"","format":"standard","meta":{"footnotes":""},"categories":[36],"tags":[],"class_list":["post-171658","post","type-post","status-publish","format-standard","has-post-thumbnail","category-lavoro-economia"],"yoast_head":"<!-- This site is optimized with the Yoast SEO plugin v28.4 - https:\/\/yoast.com\/product\/yoast-seo-wordpress\/ -->\n<title>Economia circolare: S.N.U.A. premiata all&#039;EcoForum 2026 per l&#039;eccellenza nel riciclo - Bellunopress - Dolomiti<\/title>\n<meta name=\"robots\" content=\"index, follow, max-snippet:-1, max-image-preview:large, max-video-preview:-1\" \/>\n<link rel=\"canonical\" href=\"https:\/\/www.bellunopress.it\/fr\/2026\/07\/03\/economia-circolare-s-n-u-a-premiata-allecoforum-2026-per-leccellenza-nel-riciclo\/\" \/>\n<meta property=\"og:locale\" content=\"fr_FR\" \/>\n<meta property=\"og:type\" content=\"article\" \/>\n<meta property=\"og:title\" content=\"Economia circolare: S.N.U.A. premiata all&#039;EcoForum 2026 per l&#039;eccellenza nel riciclo - Bellunopress - Dolomiti\" \/>\n<meta property=\"og:description\" content=\"L&#8217;impianto friulano S.N.U.A. Srl ha ricevuto il prestigioso Premio FBCA \u2013 &#8220;Impianti d&#8217;Eccellenza&#8221; in occasione dell&#8217;EcoForum 2026, la conferenza nazionale sull&#8217;economia circolare promossa da Legambiente. Il riconoscimento premia l&#8217;impegno dell&#8217;azienda nella raccolta e nella selezione dei cartoni per bevande e alimenti, un modello virtuoso che coinvolge oltre 30 comuni nelle province di Pordenone e Belluno. [&hellip;]\" \/>\n<meta property=\"og:url\" content=\"https:\/\/www.bellunopress.it\/fr\/2026\/07\/03\/economia-circolare-s-n-u-a-premiata-allecoforum-2026-per-leccellenza-nel-riciclo\/\" \/>\n<meta property=\"og:site_name\" content=\"Bellunopress - Dolomiti\" \/>\n<meta property=\"article:publisher\" content=\"https:\/\/www.facebook.com\/profile.php?id=100008943462799\" \/>\n<meta property=\"article:published_time\" content=\"2026-07-03T10:49:53+00:00\" \/>\n<meta property=\"og:image\" content=\"https:\/\/www.bellunopress.it\/wp-content\/uploads\/2026\/07\/comuni-ricicloni-2026.jpeg\" \/>\n\t<meta property=\"og:image:width\" content=\"505\" \/>\n\t<meta property=\"og:image:height\" content=\"281\" \/>\n\t<meta property=\"og:image:type\" content=\"image\/jpeg\" \/>\n<meta name=\"author\" content=\"redazione\" \/>\n<meta name=\"twitter:card\" content=\"summary_large_image\" \/>\n<meta name=\"twitter:creator\" content=\"@bellunopress\" \/>\n<meta name=\"twitter:site\" content=\"@bellunopress\" \/>\n<meta name=\"twitter:label1\" content=\"\u00c9crit par\" \/>\n\t<meta name=\"twitter:data1\" content=\"redazione\" \/>\n\t<meta name=\"twitter:label2\" content=\"Dur\u00e9e de lecture estim\u00e9e\" \/>\n\t<meta name=\"twitter:data2\" content=\"2 minutes\" \/>\n<script type=\"application\/ld+json\" class=\"yoast-schema-graph\">{\"@context\":\"https:\\\/\\\/schema.org\",\"@graph\":[{\"@type\":\"Article\",\"@id\":\"https:\\\/\\\/www.bellunopress.it\\\/2026\\\/07\\\/03\\\/economia-circolare-s-n-u-a-premiata-allecoforum-2026-per-leccellenza-nel-riciclo\\\/#article\",\"isPartOf\":{\"@id\":\"https:\\\/\\\/www.bellunopress.it\\\/2026\\\/07\\\/03\\\/economia-circolare-s-n-u-a-premiata-allecoforum-2026-per-leccellenza-nel-riciclo\\\/\"},\"author\":{\"name\":\"redazione\",\"@id\":\"https:\\\/\\\/www.bellunopress.it\\\/#\\\/schema\\\/person\\\/79bb06722b37ece1c03d3e94beb30d73\"},\"headline\":\"Economia circolare: S.N.U.A. premiata all&#8217;EcoForum 2026 per l&#8217;eccellenza nel riciclo\",\"datePublished\":\"2026-07-03T10:49:53+00:00\",\"mainEntityOfPage\":{\"@id\":\"https:\\\/\\\/www.bellunopress.it\\\/2026\\\/07\\\/03\\\/economia-circolare-s-n-u-a-premiata-allecoforum-2026-per-leccellenza-nel-riciclo\\\/\"},\"wordCount\":342,\"publisher\":{\"@id\":\"https:\\\/\\\/www.bellunopress.it\\\/#organization\"},\"image\":{\"@id\":\"https:\\\/\\\/www.bellunopress.it\\\/2026\\\/07\\\/03\\\/economia-circolare-s-n-u-a-premiata-allecoforum-2026-per-leccellenza-nel-riciclo\\\/#primaryimage\"},\"thumbnailUrl\":\"https:\\\/\\\/www.bellunopress.it\\\/wp-content\\\/uploads\\\/2026\\\/07\\\/comuni-ricicloni-2026.jpeg\",\"articleSection\":[\"Lavoro, Economia, Turismo\"],\"inLanguage\":\"fr-FR\"},{\"@type\":\"WebPage\",\"@id\":\"https:\\\/\\\/www.bellunopress.it\\\/2026\\\/07\\\/03\\\/economia-circolare-s-n-u-a-premiata-allecoforum-2026-per-leccellenza-nel-riciclo\\\/\",\"url\":\"https:\\\/\\\/www.bellunopress.it\\\/2026\\\/07\\\/03\\\/economia-circolare-s-n-u-a-premiata-allecoforum-2026-per-leccellenza-nel-riciclo\\\/\",\"name\":\"Economia circolare: S.N.U.A. premiata all'EcoForum 2026 per l'eccellenza nel riciclo - Bellunopress - Dolomiti\",\"isPartOf\":{\"@id\":\"https:\\\/\\\/www.bellunopress.it\\\/#website\"},\"primaryImageOfPage\":{\"@id\":\"https:\\\/\\\/www.bellunopress.it\\\/2026\\\/07\\\/03\\\/economia-circolare-s-n-u-a-premiata-allecoforum-2026-per-leccellenza-nel-riciclo\\\/#primaryimage\"},\"image\":{\"@id\":\"https:\\\/\\\/www.bellunopress.it\\\/2026\\\/07\\\/03\\\/economia-circolare-s-n-u-a-premiata-allecoforum-2026-per-leccellenza-nel-riciclo\\\/#primaryimage\"},\"thumbnailUrl\":\"https:\\\/\\\/www.bellunopress.it\\\/wp-content\\\/uploads\\\/2026\\\/07\\\/comuni-ricicloni-2026.jpeg\",\"datePublished\":\"2026-07-03T10:49:53+00:00\",\"breadcrumb\":{\"@id\":\"https:\\\/\\\/www.bellunopress.it\\\/2026\\\/07\\\/03\\\/economia-circolare-s-n-u-a-premiata-allecoforum-2026-per-leccellenza-nel-riciclo\\\/#breadcrumb\"},\"inLanguage\":\"fr-FR\",\"potentialAction\":[{\"@type\":\"ReadAction\",\"target\":[\"https:\\\/\\\/www.bellunopress.it\\\/2026\\\/07\\\/03\\\/economia-circolare-s-n-u-a-premiata-allecoforum-2026-per-leccellenza-nel-riciclo\\\/\"]}]},{\"@type\":\"ImageObject\",\"inLanguage\":\"fr-FR\",\"@id\":\"https:\\\/\\\/www.bellunopress.it\\\/2026\\\/07\\\/03\\\/economia-circolare-s-n-u-a-premiata-allecoforum-2026-per-leccellenza-nel-riciclo\\\/#primaryimage\",\"url\":\"https:\\\/\\\/www.bellunopress.it\\\/wp-content\\\/uploads\\\/2026\\\/07\\\/comuni-ricicloni-2026.jpeg\",\"contentUrl\":\"https:\\\/\\\/www.bellunopress.it\\\/wp-content\\\/uploads\\\/2026\\\/07\\\/comuni-ricicloni-2026.jpeg\",\"width\":505,\"height\":281},{\"@type\":\"BreadcrumbList\",\"@id\":\"https:\\\/\\\/www.bellunopress.it\\\/2026\\\/07\\\/03\\\/economia-circolare-s-n-u-a-premiata-allecoforum-2026-per-leccellenza-nel-riciclo\\\/#breadcrumb\",\"itemListElement\":[{\"@type\":\"ListItem\",\"position\":1,\"name\":\"Home\",\"item\":\"https:\\\/\\\/www.bellunopress.it\\\/\"},{\"@type\":\"ListItem\",\"position\":2,\"name\":\"Economia circolare: S.N.U.A. premiata all&#8217;EcoForum 2026 per l&#8217;eccellenza nel riciclo\"}]},{\"@type\":\"WebSite\",\"@id\":\"https:\\\/\\\/www.bellunopress.it\\\/#website\",\"url\":\"https:\\\/\\\/www.bellunopress.it\\\/\",\"name\":\"Bellunopress - Dolomiti\",\"description\":\"e-mail: redazione@bellunopress.it\",\"publisher\":{\"@id\":\"https:\\\/\\\/www.bellunopress.it\\\/#organization\"},\"potentialAction\":[{\"@type\":\"SearchAction\",\"target\":{\"@type\":\"EntryPoint\",\"urlTemplate\":\"https:\\\/\\\/www.bellunopress.it\\\/?s={search_term_string}\"},\"query-input\":{\"@type\":\"PropertyValueSpecification\",\"valueRequired\":true,\"valueName\":\"search_term_string\"}}],\"inLanguage\":\"fr-FR\"},{\"@type\":\"Organization\",\"@id\":\"https:\\\/\\\/www.bellunopress.it\\\/#organization\",\"name\":\"Bellunopress\",\"url\":\"https:\\\/\\\/www.bellunopress.it\\\/\",\"logo\":{\"@type\":\"ImageObject\",\"inLanguage\":\"fr-FR\",\"@id\":\"https:\\\/\\\/www.bellunopress.it\\\/#\\\/schema\\\/logo\\\/image\\\/\",\"url\":\"https:\\\/\\\/www.bellunopress.it\\\/wp-content\\\/uploads\\\/2011\\\/05\\\/cropped-logo-bellunopress-.jpg\",\"contentUrl\":\"https:\\\/\\\/www.bellunopress.it\\\/wp-content\\\/uploads\\\/2011\\\/05\\\/cropped-logo-bellunopress-.jpg\",\"width\":512,\"height\":512,\"caption\":\"Bellunopress\"},\"image\":{\"@id\":\"https:\\\/\\\/www.bellunopress.it\\\/#\\\/schema\\\/logo\\\/image\\\/\"},\"sameAs\":[\"https:\\\/\\\/www.facebook.com\\\/profile.php?id=100008943462799\",\"https:\\\/\\\/x.com\\\/bellunopress\",\"https:\\\/\\\/www.linkedin.com\\\/hp\\\/?dnr=JBzUWaJfMUw8vbXJJ2tVW5-I3jZKvC4wsoxE&amp;amp;amp;amp;amp;amp;trk=nav_responsive_tab_home\",\"https:\\\/\\\/www.youtube.com\\\/channel\\\/UCxL0wu1uN0_3_7hGG0306cw\"]},{\"@type\":\"Person\",\"@id\":\"https:\\\/\\\/www.bellunopress.it\\\/#\\\/schema\\\/person\\\/79bb06722b37ece1c03d3e94beb30d73\",\"name\":\"redazione\",\"image\":{\"@type\":\"ImageObject\",\"inLanguage\":\"fr-FR\",\"@id\":\"https:\\\/\\\/secure.gravatar.com\\\/avatar\\\/37d968a2e67a6fd04c169c4bdef102d0bc5d31b2546345219e348575eb80e9a0?s=96&d=mm&r=g\",\"url\":\"https:\\\/\\\/secure.gravatar.com\\\/avatar\\\/37d968a2e67a6fd04c169c4bdef102d0bc5d31b2546345219e348575eb80e9a0?s=96&d=mm&r=g\",\"contentUrl\":\"https:\\\/\\\/secure.gravatar.com\\\/avatar\\\/37d968a2e67a6fd04c169c4bdef102d0bc5d31b2546345219e348575eb80e9a0?s=96&d=mm&r=g\",\"caption\":\"redazione\"},\"sameAs\":[\"http:\\\/\\\/www.bellunopress.it\",\"https:\\\/\\\/x.com\\\/bellunopress\"],\"url\":\"https:\\\/\\\/www.bellunopress.it\\\/fr\\\/author\\\/redazione\\\/\"}]}<\/script>\n<!-- \/ Yoast SEO plugin. -->","yoast_head_json":{"title":"Economia circolare: S.N.U.A. premiata all'EcoForum 2026 per l'eccellenza nel riciclo - Bellunopress - Dolomiti","robots":{"index":"index","follow":"follow","max-snippet":"max-snippet:-1","max-image-preview":"max-image-preview:large","max-video-preview":"max-video-preview:-1"},"canonical":"https:\/\/www.bellunopress.it\/fr\/2026\/07\/03\/economia-circolare-s-n-u-a-premiata-allecoforum-2026-per-leccellenza-nel-riciclo\/","og_locale":"fr_FR","og_type":"article","og_title":"Economia circolare: S.N.U.A. premiata all'EcoForum 2026 per l'eccellenza nel riciclo - Bellunopress - Dolomiti","og_description":"L&#8217;impianto friulano S.N.U.A. Srl ha ricevuto il prestigioso Premio FBCA \u2013 &#8220;Impianti d&#8217;Eccellenza&#8221; in occasione dell&#8217;EcoForum 2026, la conferenza nazionale sull&#8217;economia circolare promossa da Legambiente. Il riconoscimento premia l&#8217;impegno dell&#8217;azienda nella raccolta e nella selezione dei cartoni per bevande e alimenti, un modello virtuoso che coinvolge oltre 30 comuni nelle province di Pordenone e Belluno. [&hellip;]","og_url":"https:\/\/www.bellunopress.it\/fr\/2026\/07\/03\/economia-circolare-s-n-u-a-premiata-allecoforum-2026-per-leccellenza-nel-riciclo\/","og_site_name":"Bellunopress - Dolomiti","article_publisher":"https:\/\/www.facebook.com\/profile.php?id=100008943462799","article_published_time":"2026-07-03T10:49:53+00:00","og_image":[{"width":505,"height":281,"url":"https:\/\/www.bellunopress.it\/wp-content\/uploads\/2026\/07\/comuni-ricicloni-2026.jpeg","type":"image\/jpeg"}],"author":"redazione","twitter_card":"summary_large_image","twitter_creator":"@bellunopress","twitter_site":"@bellunopress","twitter_misc":{"\u00c9crit par":"redazione","Dur\u00e9e de lecture estim\u00e9e":"2 minutes"},"schema":{"@context":"https:\/\/schema.org","@graph":[{"@type":"Article","@id":"https:\/\/www.bellunopress.it\/2026\/07\/03\/economia-circolare-s-n-u-a-premiata-allecoforum-2026-per-leccellenza-nel-riciclo\/#article","isPartOf":{"@id":"https:\/\/www.bellunopress.it\/2026\/07\/03\/economia-circolare-s-n-u-a-premiata-allecoforum-2026-per-leccellenza-nel-riciclo\/"},"author":{"name":"redazione","@id":"https:\/\/www.bellunopress.it\/#\/schema\/person\/79bb06722b37ece1c03d3e94beb30d73"},"headline":"Economia circolare: S.N.U.A. premiata all&#8217;EcoForum 2026 per l&#8217;eccellenza nel riciclo","datePublished":"2026-07-03T10:49:53+00:00","mainEntityOfPage":{"@id":"https:\/\/www.bellunopress.it\/2026\/07\/03\/economia-circolare-s-n-u-a-premiata-allecoforum-2026-per-leccellenza-nel-riciclo\/"},"wordCount":342,"publisher":{"@id":"https:\/\/www.bellunopress.it\/#organization"},"image":{"@id":"https:\/\/www.bellunopress.it\/2026\/07\/03\/economia-circolare-s-n-u-a-premiata-allecoforum-2026-per-leccellenza-nel-riciclo\/#primaryimage"},"thumbnailUrl":"https:\/\/www.bellunopress.it\/wp-content\/uploads\/2026\/07\/comuni-ricicloni-2026.jpeg","articleSection":["Lavoro, Economia, Turismo"],"inLanguage":"fr-FR"},{"@type":"WebPage","@id":"https:\/\/www.bellunopress.it\/2026\/07\/03\/economia-circolare-s-n-u-a-premiata-allecoforum-2026-per-leccellenza-nel-riciclo\/","url":"https:\/\/www.bellunopress.it\/2026\/07\/03\/economia-circolare-s-n-u-a-premiata-allecoforum-2026-per-leccellenza-nel-riciclo\/","name":"Economia circolare: S.N.U.A. premiata all'EcoForum 2026 per l'eccellenza nel riciclo - Bellunopress - Dolomiti","isPartOf":{"@id":"https:\/\/www.bellunopress.it\/#website"},"primaryImageOfPage":{"@id":"https:\/\/www.bellunopress.it\/2026\/07\/03\/economia-circolare-s-n-u-a-premiata-allecoforum-2026-per-leccellenza-nel-riciclo\/#primaryimage"},"image":{"@id":"https:\/\/www.bellunopress.it\/2026\/07\/03\/economia-circolare-s-n-u-a-premiata-allecoforum-2026-per-leccellenza-nel-riciclo\/#primaryimage"},"thumbnailUrl":"https:\/\/www.bellunopress.it\/wp-content\/uploads\/2026\/07\/comuni-ricicloni-2026.jpeg","datePublished":"2026-07-03T10:49:53+00:00","breadcrumb":{"@id":"https:\/\/www.bellunopress.it\/2026\/07\/03\/economia-circolare-s-n-u-a-premiata-allecoforum-2026-per-leccellenza-nel-riciclo\/#breadcrumb"},"inLanguage":"fr-FR","potentialAction":[{"@type":"ReadAction","target":["https:\/\/www.bellunopress.it\/2026\/07\/03\/economia-circolare-s-n-u-a-premiata-allecoforum-2026-per-leccellenza-nel-riciclo\/"]}]},{"@type":"ImageObject","inLanguage":"fr-FR","@id":"https:\/\/www.bellunopress.it\/2026\/07\/03\/economia-circolare-s-n-u-a-premiata-allecoforum-2026-per-leccellenza-nel-riciclo\/#primaryimage","url":"https:\/\/www.bellunopress.it\/wp-content\/uploads\/2026\/07\/comuni-ricicloni-2026.jpeg","contentUrl":"https:\/\/www.bellunopress.it\/wp-content\/uploads\/2026\/07\/comuni-ricicloni-2026.jpeg","width":505,"height":281},{"@type":"BreadcrumbList","@id":"https:\/\/www.bellunopress.it\/2026\/07\/03\/economia-circolare-s-n-u-a-premiata-allecoforum-2026-per-leccellenza-nel-riciclo\/#breadcrumb","itemListElement":[{"@type":"ListItem","position":1,"name":"Home","item":"https:\/\/www.bellunopress.it\/"},{"@type":"ListItem","position":2,"name":"Economia circolare: S.N.U.A. premiata all&#8217;EcoForum 2026 per l&#8217;eccellenza nel riciclo"}]},{"@type":"WebSite","@id":"https:\/\/www.bellunopress.it\/#website","url":"https:\/\/www.bellunopress.it\/","name":"Bellunopress - Dolomiti","description":"e-mail: redazione@bellunopress.it","publisher":{"@id":"https:\/\/www.bellunopress.it\/#organization"},"potentialAction":[{"@type":"SearchAction","target":{"@type":"EntryPoint","urlTemplate":"https:\/\/www.bellunopress.it\/?s={search_term_string}"},"query-input":{"@type":"PropertyValueSpecification","valueRequired":true,"valueName":"search_term_string"}}],"inLanguage":"fr-FR"},{"@type":"Organization","@id":"https:\/\/www.bellunopress.it\/#organization","name":"Bellunopress","url":"https:\/\/www.bellunopress.it\/","logo":{"@type":"ImageObject","inLanguage":"fr-FR","@id":"https:\/\/www.bellunopress.it\/#\/schema\/logo\/image\/","url":"https:\/\/www.bellunopress.it\/wp-content\/uploads\/2011\/05\/cropped-logo-bellunopress-.jpg","contentUrl":"https:\/\/www.bellunopress.it\/wp-content\/uploads\/2011\/05\/cropped-logo-bellunopress-.jpg","width":512,"height":512,"caption":"Bellunopress"},"image":{"@id":"https:\/\/www.bellunopress.it\/#\/schema\/logo\/image\/"},"sameAs":["https:\/\/www.facebook.com\/profile.php?id=100008943462799","https:\/\/x.com\/bellunopress","https:\/\/www.linkedin.com\/hp\/?dnr=JBzUWaJfMUw8vbXJJ2tVW5-I3jZKvC4wsoxE&amp;amp;amp;amp;amp;amp;trk=nav_responsive_tab_home","https:\/\/www.youtube.com\/channel\/UCxL0wu1uN0_3_7hGG0306cw"]},{"@type":"Person","@id":"https:\/\/www.bellunopress.it\/#\/schema\/person\/79bb06722b37ece1c03d3e94beb30d73","name":"r\u00e9daction","image":{"@type":"ImageObject","inLanguage":"fr-FR","@id":"https:\/\/secure.gravatar.com\/avatar\/37d968a2e67a6fd04c169c4bdef102d0bc5d31b2546345219e348575eb80e9a0?s=96&d=mm&r=g","url":"https:\/\/secure.gravatar.com\/avatar\/37d968a2e67a6fd04c169c4bdef102d0bc5d31b2546345219e348575eb80e9a0?s=96&d=mm&r=g","contentUrl":"https:\/\/secure.gravatar.com\/avatar\/37d968a2e67a6fd04c169c4bdef102d0bc5d31b2546345219e348575eb80e9a0?s=96&d=mm&r=g","caption":"redazione"},"sameAs":["http:\/\/www.bellunopress.it","https:\/\/x.com\/bellunopress"],"url":"https:\/\/www.bellunopress.it\/fr\/author\/redazione\/"}]}},"_links":{"self":[{"href":"https:\/\/www.bellunopress.it\/fr\/wp-json\/wp\/v2\/posts\/171658","targetHints":{"allow":["GET"]}}],"collection":[{"href":"https:\/\/www.bellunopress.it\/fr\/wp-json\/wp\/v2\/posts"}],"about":[{"href":"https:\/\/www.bellunopress.it\/fr\/wp-json\/wp\/v2\/types\/post"}],"author":[{"embeddable":true,"href":"https:\/\/www.bellunopress.it\/fr\/wp-json\/wp\/v2\/users\/2"}],"replies":[{"embeddable":true,"href":"https:\/\/www.bellunopress.it\/fr\/wp-json\/wp\/v2\/comments?post=171658"}],"version-history":[{"count":1,"href":"https:\/\/www.bellunopress.it\/fr\/wp-json\/wp\/v2\/posts\/171658\/revisions"}],"predecessor-version":[{"id":171660,"href":"https:\/\/www.bellunopress.it\/fr\/wp-json\/wp\/v2\/posts\/171658\/revisions\/171660"}],"wp:featuredmedia":[{"embeddable":true,"href":"https:\/\/www.bellunopress.it\/fr\/wp-json\/wp\/v2\/media\/171659"}],"wp:attachment":[{"href":"https:\/\/www.bellunopress.it\/fr\/wp-json\/wp\/v2\/media?parent=171658"}],"wp:term":[{"taxonomy":"category","embeddable":true,"href":"https:\/\/www.bellunopress.it\/fr\/wp-json\/wp\/v2\/categories?post=171658"},{"taxonomy":"post_tag","embeddable":true,"href":"https:\/\/www.bellunopress.it\/fr\/wp-json\/wp\/v2\/tags?post=171658"}],"curies":[{"name":"wp","href":"https:\/\/api.w.org\/{rel}","templated":true}]}}