{"id":171648,"date":"2026-07-03T09:35:39","date_gmt":"2026-07-03T07:35:39","guid":{"rendered":"https:\/\/www.bellunopress.it\/?p=171648"},"modified":"2026-07-03T09:35:57","modified_gmt":"2026-07-03T07:35:57","slug":"lago-photo-fest-alpago-domani-linaugurazione-della-vii-edizione","status":"publish","type":"post","link":"https:\/\/www.bellunopress.it\/fr\/2026\/07\/03\/lago-photo-fest-alpago-domani-linaugurazione-della-vii-edizione\/","title":{"rendered":"Lago Photo Fest Alpago: domani l&#8217;inaugurazione della VII edizione"},"content":{"rendered":"<p data-path-to-node=\"6\">Tutto \u00e8 pronto a Farra d&#8217;Alpago per l&#8217;attesissimo ritorno del Lago Photo Fest Alpago. Domani, sabato 4 luglio, alle ore 18:00, la spiaggia del Lago di Santa Croce diventer\u00e0 il palcoscenico per l&#8217;inaugurazione della settima edizione di questa apprezzata rassegna fotografica all&#8217;aperto.<\/p>\n<p data-path-to-node=\"7\">Il fascino della &#8220;Street Photography&#8221; Il tema scelto per l&#8217;edizione 2026 \u00e8 la &#8220;Street Photography&#8221;. La mostra, che rester\u00e0 fruibile liberamente fino a giugno 2027, trasformer\u00e0 il lungolago in una galleria d&#8217;arte a cielo aperto. Per la prima volta, l&#8217;allestimento vedr\u00e0 la partecipazione di 25 artisti, ognuno dei quali ha visto affidarsi un pannello dedicato, creando un percorso visivo unico e variegato.<\/p>\n<p data-path-to-node=\"9\">Un evento per il territorio La cerimonia di inaugurazione sar\u00e0 arricchita da una performance di danza curata dallo Studio 2000 Danza A.S.D. e seguita da un rinfresco offerto dal Bar Baywatch. In caso di maltempo, l&#8217;evento si sposter\u00e0 presso la palestra di Farra D\u2019Alpago.<\/p>\n<p data-path-to-node=\"10\">Roberto Dal Paos, consigliere delegato del Comune di Alpago, ha sottolineato l&#8217;importanza del festival: <i data-path-to-node=\"10\" data-index-in-node=\"104\">\u201cL&#8217;attesa per le nuove foto \u00e8 diventata un appuntamento fisso per i turisti. Questo modo di fare arte si lega perfettamente al nostro territorio, aggiungendo colore e novit\u00e0 ogni anno al paesaggio del lago.\u201d<\/i><\/p>\n<p data-path-to-node=\"7\"><b data-path-to-node=\"7\" data-index-in-node=\"0\">La filosofia della rassegna<\/b><\/p>\n<p data-path-to-node=\"7\">Il tema della <i data-path-to-node=\"7\" data-index-in-node=\"42\">Street Photography<\/i> \u00e8 stato scelto per la sua capacit\u00e0 di catturare l&#8217;autenticit\u00e0. Come spiega il curatore Fabio Cavessago: <i data-path-to-node=\"7\" data-index-in-node=\"165\">\u201cLa Street Photography nasce dall\u2019incontro inatteso tra sguardo e realt\u00e0. \u00c8 l\u2019arte di osservare la vita mentre accade, senza filtri n\u00e9 scenografie, cogliendo frammenti autentici di quotidianit\u00e0. In questa mostra, le strade diventano palcoscenico e le persone protagoniste inconsapevoli di storie fugaci: un gesto, uno sguardo, una luce improvvisa. Attraverso queste immagini, siamo invitati a rallentare, osservare e riscoprire la straordinaria bellezza dell\u2019ordinario.\u201d<\/i><\/p>\n<p data-path-to-node=\"8\"><b data-path-to-node=\"8\" data-index-in-node=\"0\">Un allestimento unico in Italia<\/b><\/p>\n<p data-path-to-node=\"8\">L&#8217;esposizione presenta le opere di 25 artisti, ciascuno protagonista di uno spazio dedicato, creando un percorso visivo che accompagna il visitatore durante la passeggiata nel suggestivo scenario del Lago di Santa Croce e dell&#8217;Oasi Naturalistica. Questa modalit\u00e0 di fruizione, totalmente libera e all&#8217;aria aperta, rappresenta un modello di presentazione artistica che si distingue nel panorama nazionale, fondendo cultura, territorio e natura.<\/p>\n<p data-path-to-node=\"11\">Promotori e collaborazioni Il progetto \u00e8 promosso da LAB 77 APS e dal Comune di Alpago, con il patrocinio della Provincia di Belluno. L&#8217;iniziativa ha visto inoltre la preziosa collaborazione del Liceo Leonardo Da Vinci di Belluno per la veste grafica. Un ringraziamento particolare va alle aziende sostenitrici: CORTINA BANCA, Edilizia Co.Gi. S.r.l., Saviane, Elettroplast, F.lli De Pra S.p.A., Birra Morgana, Farmacie Dolomiti e Springo.<\/p>\n<p data-path-to-node=\"12\">Per ulteriori dettagli \u00e8 possibile consultare il sito ufficiale: <a class=\"ng-star-inserted\" href=\"https:\/\/www.lagophotofestalpago.it\/2026-edition\/\" target=\"_blank\" rel=\"noopener\" data-hveid=\"0\" data-ved=\"0CAAQ_4QMahgKEwiPtaen_LWVAxUAAAAAHQAAAAAQiQE\">www.lagophotofestalpago.it<\/a><\/p>","protected":false},"excerpt":{"rendered":"<p>Tutto \u00e8 pronto a Farra d&#8217;Alpago per l&#8217;attesissimo ritorno del Lago Photo Fest Alpago. Domani, sabato 4 luglio, alle ore 18:00, la spiaggia del Lago di Santa Croce diventer\u00e0 il palcoscenico per l&#8217;inaugurazione della settima edizione di questa apprezzata rassegna fotografica all&#8217;aperto. Il fascino della &#8220;Street Photography&#8221; Il tema scelto per l&#8217;edizione 2026 \u00e8 la [&hellip;]<\/p>\n","protected":false},"author":2,"featured_media":171649,"comment_status":"closed","ping_status":"open","sticky":false,"template":"","format":"standard","meta":{"footnotes":""},"categories":[27,3,25],"tags":[],"class_list":["post-171648","post","type-post","status-publish","format-standard","has-post-thumbnail","category-appuntamenti","category-arte-cultura-spettacoli-scienza-archivi","category-pausa-caffe"],"yoast_head":"<!-- This site is optimized with the Yoast SEO plugin v28.4 - https:\/\/yoast.com\/product\/yoast-seo-wordpress\/ -->\n<title>Lago Photo Fest Alpago: domani l&#039;inaugurazione della VII edizione - Bellunopress - Dolomiti<\/title>\n<meta name=\"robots\" content=\"index, follow, max-snippet:-1, max-image-preview:large, max-video-preview:-1\" \/>\n<link rel=\"canonical\" href=\"https:\/\/www.bellunopress.it\/fr\/2026\/07\/03\/lago-photo-fest-alpago-domani-linaugurazione-della-vii-edizione\/\" \/>\n<meta property=\"og:locale\" content=\"fr_FR\" \/>\n<meta property=\"og:type\" content=\"article\" \/>\n<meta property=\"og:title\" content=\"Lago Photo Fest Alpago: domani l&#039;inaugurazione della VII edizione - Bellunopress - Dolomiti\" \/>\n<meta property=\"og:description\" content=\"Tutto \u00e8 pronto a Farra d&#8217;Alpago per l&#8217;attesissimo ritorno del Lago Photo Fest Alpago. Domani, sabato 4 luglio, alle ore 18:00, la spiaggia del Lago di Santa Croce diventer\u00e0 il palcoscenico per l&#8217;inaugurazione della settima edizione di questa apprezzata rassegna fotografica all&#8217;aperto. Il fascino della &#8220;Street Photography&#8221; Il tema scelto per l&#8217;edizione 2026 \u00e8 la [&hellip;]\" \/>\n<meta property=\"og:url\" content=\"https:\/\/www.bellunopress.it\/fr\/2026\/07\/03\/lago-photo-fest-alpago-domani-linaugurazione-della-vii-edizione\/\" \/>\n<meta property=\"og:site_name\" content=\"Bellunopress - Dolomiti\" \/>\n<meta property=\"article:publisher\" content=\"https:\/\/www.facebook.com\/profile.php?id=100008943462799\" \/>\n<meta property=\"article:published_time\" content=\"2026-07-03T07:35:39+00:00\" \/>\n<meta property=\"article:modified_time\" content=\"2026-07-03T07:35:57+00:00\" \/>\n<meta property=\"og:image\" content=\"https:\/\/www.bellunopress.it\/wp-content\/uploads\/2026\/07\/Alfredo-Oliva-Delgado-@alfredooliva-Domenica-mattina-Santa-Cruz-Portogallo.jpg\" \/>\n\t<meta property=\"og:image:width\" content=\"500\" \/>\n\t<meta property=\"og:image:height\" content=\"340\" \/>\n\t<meta property=\"og:image:type\" content=\"image\/jpeg\" \/>\n<meta name=\"author\" content=\"redazione\" \/>\n<meta name=\"twitter:card\" content=\"summary_large_image\" \/>\n<meta name=\"twitter:creator\" content=\"@bellunopress\" \/>\n<meta name=\"twitter:site\" content=\"@bellunopress\" \/>\n<meta name=\"twitter:label1\" content=\"\u00c9crit par\" \/>\n\t<meta name=\"twitter:data1\" content=\"redazione\" \/>\n\t<meta name=\"twitter:label2\" content=\"Dur\u00e9e de lecture estim\u00e9e\" \/>\n\t<meta name=\"twitter:data2\" content=\"3 minutes\" \/>\n<script type=\"application\/ld+json\" class=\"yoast-schema-graph\">{\"@context\":\"https:\\\/\\\/schema.org\",\"@graph\":[{\"@type\":\"Article\",\"@id\":\"https:\\\/\\\/www.bellunopress.it\\\/2026\\\/07\\\/03\\\/lago-photo-fest-alpago-domani-linaugurazione-della-vii-edizione\\\/#article\",\"isPartOf\":{\"@id\":\"https:\\\/\\\/www.bellunopress.it\\\/2026\\\/07\\\/03\\\/lago-photo-fest-alpago-domani-linaugurazione-della-vii-edizione\\\/\"},\"author\":{\"name\":\"redazione\",\"@id\":\"https:\\\/\\\/www.bellunopress.it\\\/#\\\/schema\\\/person\\\/79bb06722b37ece1c03d3e94beb30d73\"},\"headline\":\"Lago Photo Fest Alpago: domani l&#8217;inaugurazione della VII edizione\",\"datePublished\":\"2026-07-03T07:35:39+00:00\",\"dateModified\":\"2026-07-03T07:35:57+00:00\",\"mainEntityOfPage\":{\"@id\":\"https:\\\/\\\/www.bellunopress.it\\\/2026\\\/07\\\/03\\\/lago-photo-fest-alpago-domani-linaugurazione-della-vii-edizione\\\/\"},\"wordCount\":449,\"publisher\":{\"@id\":\"https:\\\/\\\/www.bellunopress.it\\\/#organization\"},\"image\":{\"@id\":\"https:\\\/\\\/www.bellunopress.it\\\/2026\\\/07\\\/03\\\/lago-photo-fest-alpago-domani-linaugurazione-della-vii-edizione\\\/#primaryimage\"},\"thumbnailUrl\":\"https:\\\/\\\/www.bellunopress.it\\\/wp-content\\\/uploads\\\/2026\\\/07\\\/Alfredo-Oliva-Delgado-@alfredooliva-Domenica-mattina-Santa-Cruz-Portogallo.jpg\",\"articleSection\":[\"Appuntamenti, Eventi\",\"Arte, Cultura, Spettacoli, Scienza\",\"Pausa Caff\u00e8\"],\"inLanguage\":\"fr-FR\"},{\"@type\":\"WebPage\",\"@id\":\"https:\\\/\\\/www.bellunopress.it\\\/2026\\\/07\\\/03\\\/lago-photo-fest-alpago-domani-linaugurazione-della-vii-edizione\\\/\",\"url\":\"https:\\\/\\\/www.bellunopress.it\\\/2026\\\/07\\\/03\\\/lago-photo-fest-alpago-domani-linaugurazione-della-vii-edizione\\\/\",\"name\":\"Lago Photo Fest Alpago: domani l'inaugurazione della VII edizione - Bellunopress - Dolomiti\",\"isPartOf\":{\"@id\":\"https:\\\/\\\/www.bellunopress.it\\\/#website\"},\"primaryImageOfPage\":{\"@id\":\"https:\\\/\\\/www.bellunopress.it\\\/2026\\\/07\\\/03\\\/lago-photo-fest-alpago-domani-linaugurazione-della-vii-edizione\\\/#primaryimage\"},\"image\":{\"@id\":\"https:\\\/\\\/www.bellunopress.it\\\/2026\\\/07\\\/03\\\/lago-photo-fest-alpago-domani-linaugurazione-della-vii-edizione\\\/#primaryimage\"},\"thumbnailUrl\":\"https:\\\/\\\/www.bellunopress.it\\\/wp-content\\\/uploads\\\/2026\\\/07\\\/Alfredo-Oliva-Delgado-@alfredooliva-Domenica-mattina-Santa-Cruz-Portogallo.jpg\",\"datePublished\":\"2026-07-03T07:35:39+00:00\",\"dateModified\":\"2026-07-03T07:35:57+00:00\",\"breadcrumb\":{\"@id\":\"https:\\\/\\\/www.bellunopress.it\\\/2026\\\/07\\\/03\\\/lago-photo-fest-alpago-domani-linaugurazione-della-vii-edizione\\\/#breadcrumb\"},\"inLanguage\":\"fr-FR\",\"potentialAction\":[{\"@type\":\"ReadAction\",\"target\":[\"https:\\\/\\\/www.bellunopress.it\\\/2026\\\/07\\\/03\\\/lago-photo-fest-alpago-domani-linaugurazione-della-vii-edizione\\\/\"]}]},{\"@type\":\"ImageObject\",\"inLanguage\":\"fr-FR\",\"@id\":\"https:\\\/\\\/www.bellunopress.it\\\/2026\\\/07\\\/03\\\/lago-photo-fest-alpago-domani-linaugurazione-della-vii-edizione\\\/#primaryimage\",\"url\":\"https:\\\/\\\/www.bellunopress.it\\\/wp-content\\\/uploads\\\/2026\\\/07\\\/Alfredo-Oliva-Delgado-@alfredooliva-Domenica-mattina-Santa-Cruz-Portogallo.jpg\",\"contentUrl\":\"https:\\\/\\\/www.bellunopress.it\\\/wp-content\\\/uploads\\\/2026\\\/07\\\/Alfredo-Oliva-Delgado-@alfredooliva-Domenica-mattina-Santa-Cruz-Portogallo.jpg\",\"width\":500,\"height\":340,\"caption\":\"Alfredo-Oliva-Delgado-@alfredooliva-Domenica-mattina-Santa-Cruz-Portogallo\"},{\"@type\":\"BreadcrumbList\",\"@id\":\"https:\\\/\\\/www.bellunopress.it\\\/2026\\\/07\\\/03\\\/lago-photo-fest-alpago-domani-linaugurazione-della-vii-edizione\\\/#breadcrumb\",\"itemListElement\":[{\"@type\":\"ListItem\",\"position\":1,\"name\":\"Home\",\"item\":\"https:\\\/\\\/www.bellunopress.it\\\/\"},{\"@type\":\"ListItem\",\"position\":2,\"name\":\"Lago Photo Fest Alpago: domani l&#8217;inaugurazione della VII edizione\"}]},{\"@type\":\"WebSite\",\"@id\":\"https:\\\/\\\/www.bellunopress.it\\\/#website\",\"url\":\"https:\\\/\\\/www.bellunopress.it\\\/\",\"name\":\"Bellunopress - Dolomiti\",\"description\":\"e-mail: redazione@bellunopress.it\",\"publisher\":{\"@id\":\"https:\\\/\\\/www.bellunopress.it\\\/#organization\"},\"potentialAction\":[{\"@type\":\"SearchAction\",\"target\":{\"@type\":\"EntryPoint\",\"urlTemplate\":\"https:\\\/\\\/www.bellunopress.it\\\/?s={search_term_string}\"},\"query-input\":{\"@type\":\"PropertyValueSpecification\",\"valueRequired\":true,\"valueName\":\"search_term_string\"}}],\"inLanguage\":\"fr-FR\"},{\"@type\":\"Organization\",\"@id\":\"https:\\\/\\\/www.bellunopress.it\\\/#organization\",\"name\":\"Bellunopress\",\"url\":\"https:\\\/\\\/www.bellunopress.it\\\/\",\"logo\":{\"@type\":\"ImageObject\",\"inLanguage\":\"fr-FR\",\"@id\":\"https:\\\/\\\/www.bellunopress.it\\\/#\\\/schema\\\/logo\\\/image\\\/\",\"url\":\"https:\\\/\\\/www.bellunopress.it\\\/wp-content\\\/uploads\\\/2011\\\/05\\\/cropped-logo-bellunopress-.jpg\",\"contentUrl\":\"https:\\\/\\\/www.bellunopress.it\\\/wp-content\\\/uploads\\\/2011\\\/05\\\/cropped-logo-bellunopress-.jpg\",\"width\":512,\"height\":512,\"caption\":\"Bellunopress\"},\"image\":{\"@id\":\"https:\\\/\\\/www.bellunopress.it\\\/#\\\/schema\\\/logo\\\/image\\\/\"},\"sameAs\":[\"https:\\\/\\\/www.facebook.com\\\/profile.php?id=100008943462799\",\"https:\\\/\\\/x.com\\\/bellunopress\",\"https:\\\/\\\/www.linkedin.com\\\/hp\\\/?dnr=JBzUWaJfMUw8vbXJJ2tVW5-I3jZKvC4wsoxE&amp;amp;amp;amp;amp;amp;trk=nav_responsive_tab_home\",\"https:\\\/\\\/www.youtube.com\\\/channel\\\/UCxL0wu1uN0_3_7hGG0306cw\"]},{\"@type\":\"Person\",\"@id\":\"https:\\\/\\\/www.bellunopress.it\\\/#\\\/schema\\\/person\\\/79bb06722b37ece1c03d3e94beb30d73\",\"name\":\"redazione\",\"image\":{\"@type\":\"ImageObject\",\"inLanguage\":\"fr-FR\",\"@id\":\"https:\\\/\\\/secure.gravatar.com\\\/avatar\\\/37d968a2e67a6fd04c169c4bdef102d0bc5d31b2546345219e348575eb80e9a0?s=96&d=mm&r=g\",\"url\":\"https:\\\/\\\/secure.gravatar.com\\\/avatar\\\/37d968a2e67a6fd04c169c4bdef102d0bc5d31b2546345219e348575eb80e9a0?s=96&d=mm&r=g\",\"contentUrl\":\"https:\\\/\\\/secure.gravatar.com\\\/avatar\\\/37d968a2e67a6fd04c169c4bdef102d0bc5d31b2546345219e348575eb80e9a0?s=96&d=mm&r=g\",\"caption\":\"redazione\"},\"sameAs\":[\"http:\\\/\\\/www.bellunopress.it\",\"https:\\\/\\\/x.com\\\/bellunopress\"],\"url\":\"https:\\\/\\\/www.bellunopress.it\\\/fr\\\/author\\\/redazione\\\/\"}]}<\/script>\n<!-- \/ Yoast SEO plugin. -->","yoast_head_json":{"title":"Lago Photo Fest Alpago: domani l'inaugurazione della VII edizione - Bellunopress - Dolomiti","robots":{"index":"index","follow":"follow","max-snippet":"max-snippet:-1","max-image-preview":"max-image-preview:large","max-video-preview":"max-video-preview:-1"},"canonical":"https:\/\/www.bellunopress.it\/fr\/2026\/07\/03\/lago-photo-fest-alpago-domani-linaugurazione-della-vii-edizione\/","og_locale":"fr_FR","og_type":"article","og_title":"Lago Photo Fest Alpago: domani l'inaugurazione della VII edizione - Bellunopress - Dolomiti","og_description":"Tutto \u00e8 pronto a Farra d&#8217;Alpago per l&#8217;attesissimo ritorno del Lago Photo Fest Alpago. Domani, sabato 4 luglio, alle ore 18:00, la spiaggia del Lago di Santa Croce diventer\u00e0 il palcoscenico per l&#8217;inaugurazione della settima edizione di questa apprezzata rassegna fotografica all&#8217;aperto. Il fascino della &#8220;Street Photography&#8221; Il tema scelto per l&#8217;edizione 2026 \u00e8 la [&hellip;]","og_url":"https:\/\/www.bellunopress.it\/fr\/2026\/07\/03\/lago-photo-fest-alpago-domani-linaugurazione-della-vii-edizione\/","og_site_name":"Bellunopress - Dolomiti","article_publisher":"https:\/\/www.facebook.com\/profile.php?id=100008943462799","article_published_time":"2026-07-03T07:35:39+00:00","article_modified_time":"2026-07-03T07:35:57+00:00","og_image":[{"width":500,"height":340,"url":"https:\/\/www.bellunopress.it\/wp-content\/uploads\/2026\/07\/Alfredo-Oliva-Delgado-@alfredooliva-Domenica-mattina-Santa-Cruz-Portogallo.jpg","type":"image\/jpeg"}],"author":"redazione","twitter_card":"summary_large_image","twitter_creator":"@bellunopress","twitter_site":"@bellunopress","twitter_misc":{"\u00c9crit par":"redazione","Dur\u00e9e de lecture estim\u00e9e":"3 minutes"},"schema":{"@context":"https:\/\/schema.org","@graph":[{"@type":"Article","@id":"https:\/\/www.bellunopress.it\/2026\/07\/03\/lago-photo-fest-alpago-domani-linaugurazione-della-vii-edizione\/#article","isPartOf":{"@id":"https:\/\/www.bellunopress.it\/2026\/07\/03\/lago-photo-fest-alpago-domani-linaugurazione-della-vii-edizione\/"},"author":{"name":"redazione","@id":"https:\/\/www.bellunopress.it\/#\/schema\/person\/79bb06722b37ece1c03d3e94beb30d73"},"headline":"Lago Photo Fest Alpago: domani l&#8217;inaugurazione della VII edizione","datePublished":"2026-07-03T07:35:39+00:00","dateModified":"2026-07-03T07:35:57+00:00","mainEntityOfPage":{"@id":"https:\/\/www.bellunopress.it\/2026\/07\/03\/lago-photo-fest-alpago-domani-linaugurazione-della-vii-edizione\/"},"wordCount":449,"publisher":{"@id":"https:\/\/www.bellunopress.it\/#organization"},"image":{"@id":"https:\/\/www.bellunopress.it\/2026\/07\/03\/lago-photo-fest-alpago-domani-linaugurazione-della-vii-edizione\/#primaryimage"},"thumbnailUrl":"https:\/\/www.bellunopress.it\/wp-content\/uploads\/2026\/07\/Alfredo-Oliva-Delgado-@alfredooliva-Domenica-mattina-Santa-Cruz-Portogallo.jpg","articleSection":["Appuntamenti, Eventi","Arte, Cultura, Spettacoli, Scienza","Pausa Caff\u00e8"],"inLanguage":"fr-FR"},{"@type":"WebPage","@id":"https:\/\/www.bellunopress.it\/2026\/07\/03\/lago-photo-fest-alpago-domani-linaugurazione-della-vii-edizione\/","url":"https:\/\/www.bellunopress.it\/2026\/07\/03\/lago-photo-fest-alpago-domani-linaugurazione-della-vii-edizione\/","name":"Lago Photo Fest Alpago: domani l'inaugurazione della VII edizione - Bellunopress - Dolomiti","isPartOf":{"@id":"https:\/\/www.bellunopress.it\/#website"},"primaryImageOfPage":{"@id":"https:\/\/www.bellunopress.it\/2026\/07\/03\/lago-photo-fest-alpago-domani-linaugurazione-della-vii-edizione\/#primaryimage"},"image":{"@id":"https:\/\/www.bellunopress.it\/2026\/07\/03\/lago-photo-fest-alpago-domani-linaugurazione-della-vii-edizione\/#primaryimage"},"thumbnailUrl":"https:\/\/www.bellunopress.it\/wp-content\/uploads\/2026\/07\/Alfredo-Oliva-Delgado-@alfredooliva-Domenica-mattina-Santa-Cruz-Portogallo.jpg","datePublished":"2026-07-03T07:35:39+00:00","dateModified":"2026-07-03T07:35:57+00:00","breadcrumb":{"@id":"https:\/\/www.bellunopress.it\/2026\/07\/03\/lago-photo-fest-alpago-domani-linaugurazione-della-vii-edizione\/#breadcrumb"},"inLanguage":"fr-FR","potentialAction":[{"@type":"ReadAction","target":["https:\/\/www.bellunopress.it\/2026\/07\/03\/lago-photo-fest-alpago-domani-linaugurazione-della-vii-edizione\/"]}]},{"@type":"ImageObject","inLanguage":"fr-FR","@id":"https:\/\/www.bellunopress.it\/2026\/07\/03\/lago-photo-fest-alpago-domani-linaugurazione-della-vii-edizione\/#primaryimage","url":"https:\/\/www.bellunopress.it\/wp-content\/uploads\/2026\/07\/Alfredo-Oliva-Delgado-@alfredooliva-Domenica-mattina-Santa-Cruz-Portogallo.jpg","contentUrl":"https:\/\/www.bellunopress.it\/wp-content\/uploads\/2026\/07\/Alfredo-Oliva-Delgado-@alfredooliva-Domenica-mattina-Santa-Cruz-Portogallo.jpg","width":500,"height":340,"caption":"Alfredo-Oliva-Delgado-@alfredooliva-Domenica-mattina-Santa-Cruz-Portogallo"},{"@type":"BreadcrumbList","@id":"https:\/\/www.bellunopress.it\/2026\/07\/03\/lago-photo-fest-alpago-domani-linaugurazione-della-vii-edizione\/#breadcrumb","itemListElement":[{"@type":"ListItem","position":1,"name":"Home","item":"https:\/\/www.bellunopress.it\/"},{"@type":"ListItem","position":2,"name":"Lago Photo Fest Alpago: domani l&#8217;inaugurazione della VII edizione"}]},{"@type":"WebSite","@id":"https:\/\/www.bellunopress.it\/#website","url":"https:\/\/www.bellunopress.it\/","name":"Bellunopress - Dolomiti","description":"e-mail: redazione@bellunopress.it","publisher":{"@id":"https:\/\/www.bellunopress.it\/#organization"},"potentialAction":[{"@type":"SearchAction","target":{"@type":"EntryPoint","urlTemplate":"https:\/\/www.bellunopress.it\/?s={search_term_string}"},"query-input":{"@type":"PropertyValueSpecification","valueRequired":true,"valueName":"search_term_string"}}],"inLanguage":"fr-FR"},{"@type":"Organization","@id":"https:\/\/www.bellunopress.it\/#organization","name":"Bellunopress","url":"https:\/\/www.bellunopress.it\/","logo":{"@type":"ImageObject","inLanguage":"fr-FR","@id":"https:\/\/www.bellunopress.it\/#\/schema\/logo\/image\/","url":"https:\/\/www.bellunopress.it\/wp-content\/uploads\/2011\/05\/cropped-logo-bellunopress-.jpg","contentUrl":"https:\/\/www.bellunopress.it\/wp-content\/uploads\/2011\/05\/cropped-logo-bellunopress-.jpg","width":512,"height":512,"caption":"Bellunopress"},"image":{"@id":"https:\/\/www.bellunopress.it\/#\/schema\/logo\/image\/"},"sameAs":["https:\/\/www.facebook.com\/profile.php?id=100008943462799","https:\/\/x.com\/bellunopress","https:\/\/www.linkedin.com\/hp\/?dnr=JBzUWaJfMUw8vbXJJ2tVW5-I3jZKvC4wsoxE&amp;amp;amp;amp;amp;amp;trk=nav_responsive_tab_home","https:\/\/www.youtube.com\/channel\/UCxL0wu1uN0_3_7hGG0306cw"]},{"@type":"Person","@id":"https:\/\/www.bellunopress.it\/#\/schema\/person\/79bb06722b37ece1c03d3e94beb30d73","name":"r\u00e9daction","image":{"@type":"ImageObject","inLanguage":"fr-FR","@id":"https:\/\/secure.gravatar.com\/avatar\/37d968a2e67a6fd04c169c4bdef102d0bc5d31b2546345219e348575eb80e9a0?s=96&d=mm&r=g","url":"https:\/\/secure.gravatar.com\/avatar\/37d968a2e67a6fd04c169c4bdef102d0bc5d31b2546345219e348575eb80e9a0?s=96&d=mm&r=g","contentUrl":"https:\/\/secure.gravatar.com\/avatar\/37d968a2e67a6fd04c169c4bdef102d0bc5d31b2546345219e348575eb80e9a0?s=96&d=mm&r=g","caption":"redazione"},"sameAs":["http:\/\/www.bellunopress.it","https:\/\/x.com\/bellunopress"],"url":"https:\/\/www.bellunopress.it\/fr\/author\/redazione\/"}]}},"_links":{"self":[{"href":"https:\/\/www.bellunopress.it\/fr\/wp-json\/wp\/v2\/posts\/171648","targetHints":{"allow":["GET"]}}],"collection":[{"href":"https:\/\/www.bellunopress.it\/fr\/wp-json\/wp\/v2\/posts"}],"about":[{"href":"https:\/\/www.bellunopress.it\/fr\/wp-json\/wp\/v2\/types\/post"}],"author":[{"embeddable":true,"href":"https:\/\/www.bellunopress.it\/fr\/wp-json\/wp\/v2\/users\/2"}],"replies":[{"embeddable":true,"href":"https:\/\/www.bellunopress.it\/fr\/wp-json\/wp\/v2\/comments?post=171648"}],"version-history":[{"count":1,"href":"https:\/\/www.bellunopress.it\/fr\/wp-json\/wp\/v2\/posts\/171648\/revisions"}],"predecessor-version":[{"id":171652,"href":"https:\/\/www.bellunopress.it\/fr\/wp-json\/wp\/v2\/posts\/171648\/revisions\/171652"}],"wp:featuredmedia":[{"embeddable":true,"href":"https:\/\/www.bellunopress.it\/fr\/wp-json\/wp\/v2\/media\/171649"}],"wp:attachment":[{"href":"https:\/\/www.bellunopress.it\/fr\/wp-json\/wp\/v2\/media?parent=171648"}],"wp:term":[{"taxonomy":"category","embeddable":true,"href":"https:\/\/www.bellunopress.it\/fr\/wp-json\/wp\/v2\/categories?post=171648"},{"taxonomy":"post_tag","embeddable":true,"href":"https:\/\/www.bellunopress.it\/fr\/wp-json\/wp\/v2\/tags?post=171648"}],"curies":[{"name":"wp","href":"https:\/\/api.w.org\/{rel}","templated":true}]}}