{"id":171642,"date":"2026-07-03T06:06:39","date_gmt":"2026-07-03T04:06:39","guid":{"rendered":"https:\/\/www.bellunopress.it\/?p=171642"},"modified":"2026-07-03T06:06:39","modified_gmt":"2026-07-03T04:06:39","slug":"cooperare-in-quota-ieri-a-belluno-il-convegno-di-legacoop-veneto-sul-futuro-della-montagna","status":"publish","type":"post","link":"https:\/\/www.bellunopress.it\/fr\/2026\/07\/03\/cooperare-in-quota-ieri-a-belluno-il-convegno-di-legacoop-veneto-sul-futuro-della-montagna\/","title":{"rendered":"Cooperare in quota. Ieri a Belluno il convegno di Legacoop Veneto sul futuro della montagna"},"content":{"rendered":"<p><strong>Presentata a Belluno la ricerca \u201cRadici nel territorio, sguardo al futuro\u201d. Un\u2019indagine promossa da Legacoop Veneto con l\u2019Universit\u00e0 di Padova che mappa il settore e indica le strategie di sviluppo locale.<\/strong><\/p>\n<p>Belluno, 3 luglio 2026 \u2013 Si \u00e8 tenuto ieri mattina, in Sala Eliseo Dal Pont \u201cBianchi\u201d di Belluno, l&#8217;evento del progetto transfrontaliero Interreg \u201cCoop in quota\u201d. L\u2019appuntamento \u00e8 stato aperto dai saluti istituzionali di Raffaele Addamiano (Assessore alla cultura, Comune di Belluno), Donatella De Pellegrini (Consigliera, Provincia di Belluno), Sara Bona (Presidente, GAL Prealpi Dolomiti), Mauro Soppelsa (Presidente, GAL Alto Bellunese) e Marina Castagner (Presidente comitato territoriale Belluno e Treviso, Legacoop Veneto). Moderato da Michele Pellegrini (Segretario territoriale Belluno e Treviso, Legacoop Veneto), ha messo al centro le strategie future per contrastare lo spopolamento e la rarefazione dei servizi nelle aree montane.<\/p>\n<p>Ad inaugurare i lavori \u00e8 stata la presentazione del volume \u201cRadici nel territorio, sguardo al futuro. Cooperazione e cooperative di comunit\u00e0 nel bellunese\u201d curato da Claudio Riva (Universit\u00e0 di Padova) e Vittoria Benfatto (Universit\u00e0 della Valle d\u2019Aosta), condotta da Laura Giacomini (Legacoop Veneto). Lo studio mappa un comparto che in provincia conta oltre 120 realt\u00e0 cooperative attive (iscritte all&#8217;albo Mimit) \u2013 ovvero oltre 2.400 lavoratori coinvolti per un fatturato complessivo di 325 milioni di euro nel 2023 &#8211; capaci di generare un solido valore economico e sociale. Nelle aree pi\u00f9 fragili della montagna, segnate da rarefazione dei servizi e vulnerabilit\u00e0 infrastrutturale, la cooperativa oltre ad essere impresa si fa presidio umano e relazionale. Dalla ricerca emerge che l\u201986% delle realt\u00e0 si riconosce nella produzione di beni e servizi di interesse comunitario, ma per il futuro restano nodali il ricambio generazionale e la propensione a fare rete dentro e fuori il movimento cooperativo.<\/p>\n<p>\u00abI dati confermano che la cooperazione bellunese non \u00e8 residuale, ma una vera e propria infrastruttura sociale, un motore insostituibile di coesione \u2013 ha dichiarato Devis Rizzo, presidente di Legacoop Veneto \u2013 In territori montani esposti al rischio isolamento, le cooperative mantengono vivi i paesi, offrono risposte su misura e creano lavoro. La sfida di oggi \u00e8 duplice: da un lato dobbiamo attrarre i giovani garantendo competenze e innovazione, dall\u2019altro dobbiamo connettere questa preziosa rete alle grandi partite del territorio, forti anche della recente esperienza olimpica\u00bb.<\/p>\n<p>La giornata \u00e8 proseguita con un focus dedicato ai grandi eventi come opportunit\u00e0 per valorizzare l\u2019economia locale attraverso la cooperazione d\u2019impresa. Il panel ha visto confrontarsi Anna Sara Fasoli (Consorzio Servizi del Veneto), Iacopo Mazzetti (Legacy Director Fondazione Milano Cortina) e Cinzia Teodoro (Ispettore del lavoro ITL).<\/p>\n<p>\u00abGestire servizi in un grande evento internazionale ha consentito alle cooperative del Consorzio di mettere a sistema competenze e valorizzare un importante radicamento territoriale \u2013 ha commentato Anna Sara Fasoli \u2013 CSV ha offerto un servizio di alto livello proprio grazie alle sinergie generate dal sistema cooperativo, consentendo la crescita delle singole realt\u00e0 e creando valore aggiunto nel territorio\u00bb.<\/p>\n<p>Il confronto si \u00e8 chiuso tracciando le linee politiche per il futuro montano in chiave cooperativa, alla presenza dei consiglieri della Regione del Veneto, Silvia Calligaro e Alessandro Del Bianco. Un confronto che ha evidenziato con chiarezza il ruolo strategico del comparto per il territorio provinciale e la necessit\u00e0 di mettere in campo politiche e strategie capaci di sostenere lo sviluppo delle cooperative esistenti e promuovere la costituzione di nuove imprese cooperative.<\/p>\n<p>Il progetto \u201cCooperare in quota\u201d \u00e8 finanziato nell\u2019ambito del programma europeo Interreg VI-Italia-Austria (CLLD Dolomiti LIVE).<\/p>","protected":false},"excerpt":{"rendered":"<p>Presentata a Belluno la ricerca \u201cRadici nel territorio, sguardo al futuro\u201d. Un\u2019indagine promossa da Legacoop Veneto con l\u2019Universit\u00e0 di Padova che mappa il settore e indica le strategie di sviluppo locale. Belluno, 3 luglio 2026 \u2013 Si \u00e8 tenuto ieri mattina, in Sala Eliseo Dal Pont \u201cBianchi\u201d di Belluno, l&#8217;evento del progetto transfrontaliero Interreg \u201cCoop [&hellip;]<\/p>\n","protected":false},"author":2,"featured_media":171643,"comment_status":"closed","ping_status":"open","sticky":false,"template":"","format":"standard","meta":{"footnotes":""},"categories":[5,26,8],"tags":[],"class_list":["post-171642","post","type-post","status-publish","format-standard","has-post-thumbnail","category-cronaca","category-prima-pagina","category-societa-istituzioni"],"yoast_head":"<!-- This site is optimized with the Yoast SEO plugin v28.4 - https:\/\/yoast.com\/product\/yoast-seo-wordpress\/ -->\n<title>Cooperare in quota. Ieri a Belluno il convegno di Legacoop Veneto sul futuro della montagna - Bellunopress - Dolomiti<\/title>\n<meta name=\"robots\" content=\"index, follow, max-snippet:-1, max-image-preview:large, max-video-preview:-1\" \/>\n<link rel=\"canonical\" href=\"https:\/\/www.bellunopress.it\/fr\/2026\/07\/03\/cooperare-in-quota-ieri-a-belluno-il-convegno-di-legacoop-veneto-sul-futuro-della-montagna\/\" \/>\n<meta property=\"og:locale\" content=\"fr_FR\" \/>\n<meta property=\"og:type\" content=\"article\" \/>\n<meta property=\"og:title\" content=\"Cooperare in quota. Ieri a Belluno il convegno di Legacoop Veneto sul futuro della montagna - Bellunopress - Dolomiti\" \/>\n<meta property=\"og:description\" content=\"Presentata a Belluno la ricerca \u201cRadici nel territorio, sguardo al futuro\u201d. Un\u2019indagine promossa da Legacoop Veneto con l\u2019Universit\u00e0 di Padova che mappa il settore e indica le strategie di sviluppo locale. Belluno, 3 luglio 2026 \u2013 Si \u00e8 tenuto ieri mattina, in Sala Eliseo Dal Pont \u201cBianchi\u201d di Belluno, l&#8217;evento del progetto transfrontaliero Interreg \u201cCoop [&hellip;]\" \/>\n<meta property=\"og:url\" content=\"https:\/\/www.bellunopress.it\/fr\/2026\/07\/03\/cooperare-in-quota-ieri-a-belluno-il-convegno-di-legacoop-veneto-sul-futuro-della-montagna\/\" \/>\n<meta property=\"og:site_name\" content=\"Bellunopress - Dolomiti\" \/>\n<meta property=\"article:publisher\" content=\"https:\/\/www.facebook.com\/profile.php?id=100008943462799\" \/>\n<meta property=\"article:published_time\" content=\"2026-07-03T04:06:39+00:00\" \/>\n<meta property=\"og:image\" content=\"https:\/\/www.bellunopress.it\/wp-content\/uploads\/2026\/07\/Cooperare-in-quota-Legacoop-Veneto-2-luglio-2026-Belluno.jpg\" \/>\n\t<meta property=\"og:image:width\" content=\"500\" \/>\n\t<meta property=\"og:image:height\" content=\"300\" \/>\n\t<meta property=\"og:image:type\" content=\"image\/jpeg\" \/>\n<meta name=\"author\" content=\"redazione\" \/>\n<meta name=\"twitter:card\" content=\"summary_large_image\" \/>\n<meta name=\"twitter:creator\" content=\"@bellunopress\" \/>\n<meta name=\"twitter:site\" content=\"@bellunopress\" \/>\n<meta name=\"twitter:label1\" content=\"\u00c9crit par\" \/>\n\t<meta name=\"twitter:data1\" content=\"redazione\" \/>\n\t<meta name=\"twitter:label2\" content=\"Dur\u00e9e de lecture estim\u00e9e\" \/>\n\t<meta name=\"twitter:data2\" content=\"4 minutes\" \/>\n<script type=\"application\/ld+json\" class=\"yoast-schema-graph\">{\"@context\":\"https:\\\/\\\/schema.org\",\"@graph\":[{\"@type\":\"Article\",\"@id\":\"https:\\\/\\\/www.bellunopress.it\\\/2026\\\/07\\\/03\\\/cooperare-in-quota-ieri-a-belluno-il-convegno-di-legacoop-veneto-sul-futuro-della-montagna\\\/#article\",\"isPartOf\":{\"@id\":\"https:\\\/\\\/www.bellunopress.it\\\/2026\\\/07\\\/03\\\/cooperare-in-quota-ieri-a-belluno-il-convegno-di-legacoop-veneto-sul-futuro-della-montagna\\\/\"},\"author\":{\"name\":\"redazione\",\"@id\":\"https:\\\/\\\/www.bellunopress.it\\\/#\\\/schema\\\/person\\\/79bb06722b37ece1c03d3e94beb30d73\"},\"headline\":\"Cooperare in quota. Ieri a Belluno il convegno di Legacoop Veneto sul futuro della montagna\",\"datePublished\":\"2026-07-03T04:06:39+00:00\",\"mainEntityOfPage\":{\"@id\":\"https:\\\/\\\/www.bellunopress.it\\\/2026\\\/07\\\/03\\\/cooperare-in-quota-ieri-a-belluno-il-convegno-di-legacoop-veneto-sul-futuro-della-montagna\\\/\"},\"wordCount\":570,\"publisher\":{\"@id\":\"https:\\\/\\\/www.bellunopress.it\\\/#organization\"},\"image\":{\"@id\":\"https:\\\/\\\/www.bellunopress.it\\\/2026\\\/07\\\/03\\\/cooperare-in-quota-ieri-a-belluno-il-convegno-di-legacoop-veneto-sul-futuro-della-montagna\\\/#primaryimage\"},\"thumbnailUrl\":\"https:\\\/\\\/www.bellunopress.it\\\/wp-content\\\/uploads\\\/2026\\\/07\\\/Cooperare-in-quota-Legacoop-Veneto-2-luglio-2026-Belluno.jpg\",\"articleSection\":[\"Cronaca\\\/Politica\",\"Prima Pagina\",\"Societ\u00e0, Associazioni, Istituzioni\"],\"inLanguage\":\"fr-FR\"},{\"@type\":\"WebPage\",\"@id\":\"https:\\\/\\\/www.bellunopress.it\\\/2026\\\/07\\\/03\\\/cooperare-in-quota-ieri-a-belluno-il-convegno-di-legacoop-veneto-sul-futuro-della-montagna\\\/\",\"url\":\"https:\\\/\\\/www.bellunopress.it\\\/2026\\\/07\\\/03\\\/cooperare-in-quota-ieri-a-belluno-il-convegno-di-legacoop-veneto-sul-futuro-della-montagna\\\/\",\"name\":\"Cooperare in quota. Ieri a Belluno il convegno di Legacoop Veneto sul futuro della montagna - Bellunopress - Dolomiti\",\"isPartOf\":{\"@id\":\"https:\\\/\\\/www.bellunopress.it\\\/#website\"},\"primaryImageOfPage\":{\"@id\":\"https:\\\/\\\/www.bellunopress.it\\\/2026\\\/07\\\/03\\\/cooperare-in-quota-ieri-a-belluno-il-convegno-di-legacoop-veneto-sul-futuro-della-montagna\\\/#primaryimage\"},\"image\":{\"@id\":\"https:\\\/\\\/www.bellunopress.it\\\/2026\\\/07\\\/03\\\/cooperare-in-quota-ieri-a-belluno-il-convegno-di-legacoop-veneto-sul-futuro-della-montagna\\\/#primaryimage\"},\"thumbnailUrl\":\"https:\\\/\\\/www.bellunopress.it\\\/wp-content\\\/uploads\\\/2026\\\/07\\\/Cooperare-in-quota-Legacoop-Veneto-2-luglio-2026-Belluno.jpg\",\"datePublished\":\"2026-07-03T04:06:39+00:00\",\"breadcrumb\":{\"@id\":\"https:\\\/\\\/www.bellunopress.it\\\/2026\\\/07\\\/03\\\/cooperare-in-quota-ieri-a-belluno-il-convegno-di-legacoop-veneto-sul-futuro-della-montagna\\\/#breadcrumb\"},\"inLanguage\":\"fr-FR\",\"potentialAction\":[{\"@type\":\"ReadAction\",\"target\":[\"https:\\\/\\\/www.bellunopress.it\\\/2026\\\/07\\\/03\\\/cooperare-in-quota-ieri-a-belluno-il-convegno-di-legacoop-veneto-sul-futuro-della-montagna\\\/\"]}]},{\"@type\":\"ImageObject\",\"inLanguage\":\"fr-FR\",\"@id\":\"https:\\\/\\\/www.bellunopress.it\\\/2026\\\/07\\\/03\\\/cooperare-in-quota-ieri-a-belluno-il-convegno-di-legacoop-veneto-sul-futuro-della-montagna\\\/#primaryimage\",\"url\":\"https:\\\/\\\/www.bellunopress.it\\\/wp-content\\\/uploads\\\/2026\\\/07\\\/Cooperare-in-quota-Legacoop-Veneto-2-luglio-2026-Belluno.jpg\",\"contentUrl\":\"https:\\\/\\\/www.bellunopress.it\\\/wp-content\\\/uploads\\\/2026\\\/07\\\/Cooperare-in-quota-Legacoop-Veneto-2-luglio-2026-Belluno.jpg\",\"width\":500,\"height\":300},{\"@type\":\"BreadcrumbList\",\"@id\":\"https:\\\/\\\/www.bellunopress.it\\\/2026\\\/07\\\/03\\\/cooperare-in-quota-ieri-a-belluno-il-convegno-di-legacoop-veneto-sul-futuro-della-montagna\\\/#breadcrumb\",\"itemListElement\":[{\"@type\":\"ListItem\",\"position\":1,\"name\":\"Home\",\"item\":\"https:\\\/\\\/www.bellunopress.it\\\/\"},{\"@type\":\"ListItem\",\"position\":2,\"name\":\"Cooperare in quota. Ieri a Belluno il convegno di Legacoop Veneto sul futuro della montagna\"}]},{\"@type\":\"WebSite\",\"@id\":\"https:\\\/\\\/www.bellunopress.it\\\/#website\",\"url\":\"https:\\\/\\\/www.bellunopress.it\\\/\",\"name\":\"Bellunopress - Dolomiti\",\"description\":\"e-mail: redazione@bellunopress.it\",\"publisher\":{\"@id\":\"https:\\\/\\\/www.bellunopress.it\\\/#organization\"},\"potentialAction\":[{\"@type\":\"SearchAction\",\"target\":{\"@type\":\"EntryPoint\",\"urlTemplate\":\"https:\\\/\\\/www.bellunopress.it\\\/?s={search_term_string}\"},\"query-input\":{\"@type\":\"PropertyValueSpecification\",\"valueRequired\":true,\"valueName\":\"search_term_string\"}}],\"inLanguage\":\"fr-FR\"},{\"@type\":\"Organization\",\"@id\":\"https:\\\/\\\/www.bellunopress.it\\\/#organization\",\"name\":\"Bellunopress\",\"url\":\"https:\\\/\\\/www.bellunopress.it\\\/\",\"logo\":{\"@type\":\"ImageObject\",\"inLanguage\":\"fr-FR\",\"@id\":\"https:\\\/\\\/www.bellunopress.it\\\/#\\\/schema\\\/logo\\\/image\\\/\",\"url\":\"https:\\\/\\\/www.bellunopress.it\\\/wp-content\\\/uploads\\\/2011\\\/05\\\/cropped-logo-bellunopress-.jpg\",\"contentUrl\":\"https:\\\/\\\/www.bellunopress.it\\\/wp-content\\\/uploads\\\/2011\\\/05\\\/cropped-logo-bellunopress-.jpg\",\"width\":512,\"height\":512,\"caption\":\"Bellunopress\"},\"image\":{\"@id\":\"https:\\\/\\\/www.bellunopress.it\\\/#\\\/schema\\\/logo\\\/image\\\/\"},\"sameAs\":[\"https:\\\/\\\/www.facebook.com\\\/profile.php?id=100008943462799\",\"https:\\\/\\\/x.com\\\/bellunopress\",\"https:\\\/\\\/www.linkedin.com\\\/hp\\\/?dnr=JBzUWaJfMUw8vbXJJ2tVW5-I3jZKvC4wsoxE&amp;amp;amp;amp;amp;amp;trk=nav_responsive_tab_home\",\"https:\\\/\\\/www.youtube.com\\\/channel\\\/UCxL0wu1uN0_3_7hGG0306cw\"]},{\"@type\":\"Person\",\"@id\":\"https:\\\/\\\/www.bellunopress.it\\\/#\\\/schema\\\/person\\\/79bb06722b37ece1c03d3e94beb30d73\",\"name\":\"redazione\",\"image\":{\"@type\":\"ImageObject\",\"inLanguage\":\"fr-FR\",\"@id\":\"https:\\\/\\\/secure.gravatar.com\\\/avatar\\\/37d968a2e67a6fd04c169c4bdef102d0bc5d31b2546345219e348575eb80e9a0?s=96&d=mm&r=g\",\"url\":\"https:\\\/\\\/secure.gravatar.com\\\/avatar\\\/37d968a2e67a6fd04c169c4bdef102d0bc5d31b2546345219e348575eb80e9a0?s=96&d=mm&r=g\",\"contentUrl\":\"https:\\\/\\\/secure.gravatar.com\\\/avatar\\\/37d968a2e67a6fd04c169c4bdef102d0bc5d31b2546345219e348575eb80e9a0?s=96&d=mm&r=g\",\"caption\":\"redazione\"},\"sameAs\":[\"http:\\\/\\\/www.bellunopress.it\",\"https:\\\/\\\/x.com\\\/bellunopress\"],\"url\":\"https:\\\/\\\/www.bellunopress.it\\\/fr\\\/author\\\/redazione\\\/\"}]}<\/script>\n<!-- \/ Yoast SEO plugin. -->","yoast_head_json":{"title":"Cooperare in quota. Ieri a Belluno il convegno di Legacoop Veneto sul futuro della montagna - Bellunopress - Dolomiti","robots":{"index":"index","follow":"follow","max-snippet":"max-snippet:-1","max-image-preview":"max-image-preview:large","max-video-preview":"max-video-preview:-1"},"canonical":"https:\/\/www.bellunopress.it\/fr\/2026\/07\/03\/cooperare-in-quota-ieri-a-belluno-il-convegno-di-legacoop-veneto-sul-futuro-della-montagna\/","og_locale":"fr_FR","og_type":"article","og_title":"Cooperare in quota. Ieri a Belluno il convegno di Legacoop Veneto sul futuro della montagna - Bellunopress - Dolomiti","og_description":"Presentata a Belluno la ricerca \u201cRadici nel territorio, sguardo al futuro\u201d. Un\u2019indagine promossa da Legacoop Veneto con l\u2019Universit\u00e0 di Padova che mappa il settore e indica le strategie di sviluppo locale. Belluno, 3 luglio 2026 \u2013 Si \u00e8 tenuto ieri mattina, in Sala Eliseo Dal Pont \u201cBianchi\u201d di Belluno, l&#8217;evento del progetto transfrontaliero Interreg \u201cCoop [&hellip;]","og_url":"https:\/\/www.bellunopress.it\/fr\/2026\/07\/03\/cooperare-in-quota-ieri-a-belluno-il-convegno-di-legacoop-veneto-sul-futuro-della-montagna\/","og_site_name":"Bellunopress - Dolomiti","article_publisher":"https:\/\/www.facebook.com\/profile.php?id=100008943462799","article_published_time":"2026-07-03T04:06:39+00:00","og_image":[{"width":500,"height":300,"url":"https:\/\/www.bellunopress.it\/wp-content\/uploads\/2026\/07\/Cooperare-in-quota-Legacoop-Veneto-2-luglio-2026-Belluno.jpg","type":"image\/jpeg"}],"author":"redazione","twitter_card":"summary_large_image","twitter_creator":"@bellunopress","twitter_site":"@bellunopress","twitter_misc":{"\u00c9crit par":"redazione","Dur\u00e9e de lecture estim\u00e9e":"4 minutes"},"schema":{"@context":"https:\/\/schema.org","@graph":[{"@type":"Article","@id":"https:\/\/www.bellunopress.it\/2026\/07\/03\/cooperare-in-quota-ieri-a-belluno-il-convegno-di-legacoop-veneto-sul-futuro-della-montagna\/#article","isPartOf":{"@id":"https:\/\/www.bellunopress.it\/2026\/07\/03\/cooperare-in-quota-ieri-a-belluno-il-convegno-di-legacoop-veneto-sul-futuro-della-montagna\/"},"author":{"name":"redazione","@id":"https:\/\/www.bellunopress.it\/#\/schema\/person\/79bb06722b37ece1c03d3e94beb30d73"},"headline":"Cooperare in quota. Ieri a Belluno il convegno di Legacoop Veneto sul futuro della montagna","datePublished":"2026-07-03T04:06:39+00:00","mainEntityOfPage":{"@id":"https:\/\/www.bellunopress.it\/2026\/07\/03\/cooperare-in-quota-ieri-a-belluno-il-convegno-di-legacoop-veneto-sul-futuro-della-montagna\/"},"wordCount":570,"publisher":{"@id":"https:\/\/www.bellunopress.it\/#organization"},"image":{"@id":"https:\/\/www.bellunopress.it\/2026\/07\/03\/cooperare-in-quota-ieri-a-belluno-il-convegno-di-legacoop-veneto-sul-futuro-della-montagna\/#primaryimage"},"thumbnailUrl":"https:\/\/www.bellunopress.it\/wp-content\/uploads\/2026\/07\/Cooperare-in-quota-Legacoop-Veneto-2-luglio-2026-Belluno.jpg","articleSection":["Cronaca\/Politica","Prima Pagina","Societ\u00e0, Associazioni, Istituzioni"],"inLanguage":"fr-FR"},{"@type":"WebPage","@id":"https:\/\/www.bellunopress.it\/2026\/07\/03\/cooperare-in-quota-ieri-a-belluno-il-convegno-di-legacoop-veneto-sul-futuro-della-montagna\/","url":"https:\/\/www.bellunopress.it\/2026\/07\/03\/cooperare-in-quota-ieri-a-belluno-il-convegno-di-legacoop-veneto-sul-futuro-della-montagna\/","name":"Cooperare in quota. Ieri a Belluno il convegno di Legacoop Veneto sul futuro della montagna - Bellunopress - Dolomiti","isPartOf":{"@id":"https:\/\/www.bellunopress.it\/#website"},"primaryImageOfPage":{"@id":"https:\/\/www.bellunopress.it\/2026\/07\/03\/cooperare-in-quota-ieri-a-belluno-il-convegno-di-legacoop-veneto-sul-futuro-della-montagna\/#primaryimage"},"image":{"@id":"https:\/\/www.bellunopress.it\/2026\/07\/03\/cooperare-in-quota-ieri-a-belluno-il-convegno-di-legacoop-veneto-sul-futuro-della-montagna\/#primaryimage"},"thumbnailUrl":"https:\/\/www.bellunopress.it\/wp-content\/uploads\/2026\/07\/Cooperare-in-quota-Legacoop-Veneto-2-luglio-2026-Belluno.jpg","datePublished":"2026-07-03T04:06:39+00:00","breadcrumb":{"@id":"https:\/\/www.bellunopress.it\/2026\/07\/03\/cooperare-in-quota-ieri-a-belluno-il-convegno-di-legacoop-veneto-sul-futuro-della-montagna\/#breadcrumb"},"inLanguage":"fr-FR","potentialAction":[{"@type":"ReadAction","target":["https:\/\/www.bellunopress.it\/2026\/07\/03\/cooperare-in-quota-ieri-a-belluno-il-convegno-di-legacoop-veneto-sul-futuro-della-montagna\/"]}]},{"@type":"ImageObject","inLanguage":"fr-FR","@id":"https:\/\/www.bellunopress.it\/2026\/07\/03\/cooperare-in-quota-ieri-a-belluno-il-convegno-di-legacoop-veneto-sul-futuro-della-montagna\/#primaryimage","url":"https:\/\/www.bellunopress.it\/wp-content\/uploads\/2026\/07\/Cooperare-in-quota-Legacoop-Veneto-2-luglio-2026-Belluno.jpg","contentUrl":"https:\/\/www.bellunopress.it\/wp-content\/uploads\/2026\/07\/Cooperare-in-quota-Legacoop-Veneto-2-luglio-2026-Belluno.jpg","width":500,"height":300},{"@type":"BreadcrumbList","@id":"https:\/\/www.bellunopress.it\/2026\/07\/03\/cooperare-in-quota-ieri-a-belluno-il-convegno-di-legacoop-veneto-sul-futuro-della-montagna\/#breadcrumb","itemListElement":[{"@type":"ListItem","position":1,"name":"Home","item":"https:\/\/www.bellunopress.it\/"},{"@type":"ListItem","position":2,"name":"Cooperare in quota. Ieri a Belluno il convegno di Legacoop Veneto sul futuro della montagna"}]},{"@type":"WebSite","@id":"https:\/\/www.bellunopress.it\/#website","url":"https:\/\/www.bellunopress.it\/","name":"Bellunopress - Dolomiti","description":"e-mail: redazione@bellunopress.it","publisher":{"@id":"https:\/\/www.bellunopress.it\/#organization"},"potentialAction":[{"@type":"SearchAction","target":{"@type":"EntryPoint","urlTemplate":"https:\/\/www.bellunopress.it\/?s={search_term_string}"},"query-input":{"@type":"PropertyValueSpecification","valueRequired":true,"valueName":"search_term_string"}}],"inLanguage":"fr-FR"},{"@type":"Organization","@id":"https:\/\/www.bellunopress.it\/#organization","name":"Bellunopress","url":"https:\/\/www.bellunopress.it\/","logo":{"@type":"ImageObject","inLanguage":"fr-FR","@id":"https:\/\/www.bellunopress.it\/#\/schema\/logo\/image\/","url":"https:\/\/www.bellunopress.it\/wp-content\/uploads\/2011\/05\/cropped-logo-bellunopress-.jpg","contentUrl":"https:\/\/www.bellunopress.it\/wp-content\/uploads\/2011\/05\/cropped-logo-bellunopress-.jpg","width":512,"height":512,"caption":"Bellunopress"},"image":{"@id":"https:\/\/www.bellunopress.it\/#\/schema\/logo\/image\/"},"sameAs":["https:\/\/www.facebook.com\/profile.php?id=100008943462799","https:\/\/x.com\/bellunopress","https:\/\/www.linkedin.com\/hp\/?dnr=JBzUWaJfMUw8vbXJJ2tVW5-I3jZKvC4wsoxE&amp;amp;amp;amp;amp;amp;trk=nav_responsive_tab_home","https:\/\/www.youtube.com\/channel\/UCxL0wu1uN0_3_7hGG0306cw"]},{"@type":"Person","@id":"https:\/\/www.bellunopress.it\/#\/schema\/person\/79bb06722b37ece1c03d3e94beb30d73","name":"r\u00e9daction","image":{"@type":"ImageObject","inLanguage":"fr-FR","@id":"https:\/\/secure.gravatar.com\/avatar\/37d968a2e67a6fd04c169c4bdef102d0bc5d31b2546345219e348575eb80e9a0?s=96&d=mm&r=g","url":"https:\/\/secure.gravatar.com\/avatar\/37d968a2e67a6fd04c169c4bdef102d0bc5d31b2546345219e348575eb80e9a0?s=96&d=mm&r=g","contentUrl":"https:\/\/secure.gravatar.com\/avatar\/37d968a2e67a6fd04c169c4bdef102d0bc5d31b2546345219e348575eb80e9a0?s=96&d=mm&r=g","caption":"redazione"},"sameAs":["http:\/\/www.bellunopress.it","https:\/\/x.com\/bellunopress"],"url":"https:\/\/www.bellunopress.it\/fr\/author\/redazione\/"}]}},"_links":{"self":[{"href":"https:\/\/www.bellunopress.it\/fr\/wp-json\/wp\/v2\/posts\/171642","targetHints":{"allow":["GET"]}}],"collection":[{"href":"https:\/\/www.bellunopress.it\/fr\/wp-json\/wp\/v2\/posts"}],"about":[{"href":"https:\/\/www.bellunopress.it\/fr\/wp-json\/wp\/v2\/types\/post"}],"author":[{"embeddable":true,"href":"https:\/\/www.bellunopress.it\/fr\/wp-json\/wp\/v2\/users\/2"}],"replies":[{"embeddable":true,"href":"https:\/\/www.bellunopress.it\/fr\/wp-json\/wp\/v2\/comments?post=171642"}],"version-history":[{"count":1,"href":"https:\/\/www.bellunopress.it\/fr\/wp-json\/wp\/v2\/posts\/171642\/revisions"}],"predecessor-version":[{"id":171644,"href":"https:\/\/www.bellunopress.it\/fr\/wp-json\/wp\/v2\/posts\/171642\/revisions\/171644"}],"wp:featuredmedia":[{"embeddable":true,"href":"https:\/\/www.bellunopress.it\/fr\/wp-json\/wp\/v2\/media\/171643"}],"wp:attachment":[{"href":"https:\/\/www.bellunopress.it\/fr\/wp-json\/wp\/v2\/media?parent=171642"}],"wp:term":[{"taxonomy":"category","embeddable":true,"href":"https:\/\/www.bellunopress.it\/fr\/wp-json\/wp\/v2\/categories?post=171642"},{"taxonomy":"post_tag","embeddable":true,"href":"https:\/\/www.bellunopress.it\/fr\/wp-json\/wp\/v2\/tags?post=171642"}],"curies":[{"name":"wp","href":"https:\/\/api.w.org\/{rel}","templated":true}]}}