{"id":171635,"date":"2026-07-02T20:14:19","date_gmt":"2026-07-02T18:14:19","guid":{"rendered":"https:\/\/www.bellunopress.it\/?p=171635"},"modified":"2026-07-02T20:46:39","modified_gmt":"2026-07-02T18:46:39","slug":"edim-passa-a-tecnomeccanica-anche-il-polo-di-setteville-al-centro-della-sfida-per-le-mobility","status":"publish","type":"post","link":"https:\/\/www.bellunopress.it\/fr\/2026\/07\/02\/edim-passa-a-tecnomeccanica-anche-il-polo-di-setteville-al-centro-della-sfida-per-le-mobility\/","title":{"rendered":"Edim passa a Tecnomeccanica: anche il polo di Setteville al centro della sfida per l&#8217;e-mobility"},"content":{"rendered":"<p>Si apre una fase cruciale per il futuro industriale di Edim, la storica azienda finora sotto l&#8217;egida del colosso tedesco Bosch. L&#8217;acquisizione da parte di Tecnomeccanica \u00e8 stata ufficializzata nel corso di un importante incontro svoltosi a Monza-Brianza, definendo i contorni di un piano industriale che guarda con decisione alla transizione ecologica e alla mobilit\u00e0 elettrica.<br \/>\nQuero (Setteville) cuore pulsante della nuova strategia Il piano di riorganizzazione industriale disegna una nuova geografia produttiva che valorizza le specificit\u00e0 territoriali del Gruppo.<\/p>\n<p>In questo scenario, lo stabilimento di Quero, nel comune di Setteville, assume un ruolo di primo piano, venendo individuato come il centro nevralgico per l&#8217;alto tonnellaggio e la componentistica strutturale dedicata alla mobilit\u00e0 elettrica. Un riconoscimento dell&#8217;importanza strategica del sito bellunese, chiamato a essere il motore tecnologico per le nuove sfide del mercato.<br \/>\nParallelamente, il sito di Villasanta (Monza-Brianza) si configurer\u00e0 come l&#8217;hub di riferimento specializzato nel medio tonnellaggio, creando una complementarit\u00e0 tra i territori che, secondo la dirigenza di Tecnomeccanica, permetter\u00e0 di consolidare la presenza del Gruppo su scala globale.<\/p>\n<p>L&#8217;operazione, che attende il via libera formale dal Tribunale di Milano, \u00e8 seguita con estrema attenzione dalle sigle sindacali. La Fim Cisl Belluno Treviso, presente al tavolo di confronto con l&#8217;ad di Tecnomeccanica Simone Fiorucci, ha ribadito una posizione netta: il passaggio tecnologico verso l&#8217;e-mobility \u00e8 una grande opportunit\u00e0, ma deve andare di pari passo con la salvaguardia assoluta dei livelli occupazionali.<br \/>\n\u201cLa tenuta del sistema industriale non si costruisce inseguendo la compressione dei diritti o del costo del lavoro, ma investendo sull&#8217;alta specializzazione e sulla centralit\u00e0 dei lavoratori\u201d, ha dichiarato Mauro Zuglian, rappresentante della Fim Belluno Treviso. Secondo il sindacato, l&#8217;eccellenza e la qualit\u00e0 del lavoro italiano restano gli asset competitivi principali per affrontare i<br \/>\nmercati emergenti.<\/p>\n<h3>La posizione di Fim-Cisl<\/h3>\n<p>Per gestire la fase di transizione e il necessario revamping degli impianti, la Fim Cisl chiede un uso strategico e protetto degli ammortizzatori sociali. L&#8217;obiettivo \u00e8 chiaro: trasformare questi strumenti in un &#8220;ponte sicuro&#8221; verso la piena attivit\u00e0, garantendo il reddito e le competenze dei lavoratori, senza subire impatti traumatici sull&#8217;occupazione.<\/p>\n<p>Il sindacato vigiler\u00e0 affinch\u00e9 il piano di incremento della forza lavoro \u2013 prospettato dall&#8217;azienda per i prossimi due anni \u2013 si traduca in reale stabilit\u00e0 per le famiglie del territorio. Infine, l&#8217;attenzione resta alta anche sulla qualit\u00e0 degli ambienti di lavoro, che dovranno garantire standard di sicurezza e salute all&#8217;altezza della nuova sfida tecnologica. La transizione industriale, conclude la Fim, pu\u00f2 e deve essere governata, coniugando sviluppo tecnologico e rispetto del capitale umano.<\/p>\n<p>&nbsp;<\/p>\n<h3 data-path-to-node=\"4\"><img loading=\"lazy\" decoding=\"async\" class=\"aligncenter size-full wp-image-156196\" src=\"https:\/\/www.bellunopress.it\/wp-content\/uploads\/2024\/12\/Fiom-Cgil.jpg\" alt=\"\" width=\"953\" height=\"277\" srcset=\"https:\/\/www.bellunopress.it\/wp-content\/uploads\/2024\/12\/Fiom-Cgil.jpg 953w, https:\/\/www.bellunopress.it\/wp-content\/uploads\/2024\/12\/Fiom-Cgil-500x145.jpg 500w, https:\/\/www.bellunopress.it\/wp-content\/uploads\/2024\/12\/Fiom-Cgil-696x202.jpg 696w\" sizes=\"auto, (max-width: 953px) 100vw, 953px\" \/>Il piano di rilancio<\/h3>\n<p data-path-to-node=\"5\">Il progetto, presentato dal management di Tecnomeccanica VQ guidato dall&#8217;ingegner Ferrucci, mira a riposizionare l\u2019azienda sul mercato sfruttando il solido know-how delle maestranze locali. Il gruppo Tecnomeccanica VQ, forte di una presenza capillare in diverse regioni italiane (Piemonte, Lombardia, Emilia-Romagna e Veneto), punta a creare sinergie strategiche per favorire l\u2019acquisizione di nuove commesse.<\/p>\n<p data-path-to-node=\"6\">Per supportare la fase di riavvio produttivo, il piano prevede il ricorso alla cassa integrazione per ristrutturazione. Questa misura si rende necessaria per accompagnare il passaggio di propriet\u00e0 e la ripresa delle attivit\u00e0 nello stabilimento bellunese, dove le produzioni si sono ormai esaurite e i lavoratori attendono da tempo il via libera alla nuova fase.<\/p>\n<p data-path-to-node=\"8\">Il passaggio di consegne \u00e8 subordinato all&#8217;autorizzazione del Tribunale di Monza, che ieri ha discusso la cessione del ramo d&#8217;azienda. Il verdetto del giudice, atteso entro cinque giorni, dar\u00e0 il via libera ufficiale all&#8217;ingresso di Tecnomeccanica VQ.<\/p>\n<h3 data-path-to-node=\"9\">La posizione della Fiom: &#8220;Ora Bosch faccia la sua parte&#8221;<\/h3>\n<h6 style=\"text-align: left;\" data-path-to-node=\"10\">Nonostante le prospettive di rilancio, la situazione resta delicata. Stefano Bona, segretario generale della Fiom CGIL di Belluno, definisce il piano \u00abprudente e non privo di complessit\u00e0\u00bb, specialmente nel contesto di crisi che colpisce il settore della componentistica automotive.<\/h6>\n<blockquote data-path-to-node=\"11\">\n<h6 style=\"text-align: left;\" data-path-to-node=\"11,0\">\u00ab\u00c8 la soluzione che la Fiom ha sempre perseguito: salvaguardare lo stabilimento dalla chiusura, impedire la desertificazione industriale del territorio e difendere l&#8217;occupazione\u00bb, ha dichiarato Bona.<\/h6>\n<\/blockquote>\n<p data-path-to-node=\"12\">Fiom ha tuttavia lanciato un appello chiaro: \u00e8 necessario che Bosch, dopo anni di proficua collaborazione, si faccia carico di un impegno economico concreto per sostenere il reddito dei lavoratori e delle lavoratrici durante la fase iniziale di cassa integrazione.<\/p>\n<p data-path-to-node=\"14\">Nei prossimi giorni, il confronto tra sindacati e azienda si concentrer\u00e0 sulla definizione dell\u2019accordo per gli ammortizzatori sociali. La Fiom CGIL e le RSU hanno ribadito che continueranno a vigilare con estrema attenzione sull&#8217;attuazione del piano industriale: l\u2019obiettivo resta la piena tutela dei livelli occupazionali, del salario e della stabilit\u00e0 produttiva a lungo termine per il sito di Quero.<\/p>","protected":false},"excerpt":{"rendered":"<p>Si apre una fase cruciale per il futuro industriale di Edim, la storica azienda finora sotto l&#8217;egida del colosso tedesco Bosch. L&#8217;acquisizione da parte di Tecnomeccanica \u00e8 stata ufficializzata nel corso di un importante incontro svoltosi a Monza-Brianza, definendo i contorni di un piano industriale che guarda con decisione alla transizione ecologica e alla mobilit\u00e0 [&hellip;]<\/p>\n","protected":false},"author":2,"featured_media":113549,"comment_status":"closed","ping_status":"open","sticky":false,"template":"","format":"standard","meta":{"footnotes":""},"categories":[36,26],"tags":[],"class_list":["post-171635","post","type-post","status-publish","format-standard","has-post-thumbnail","category-lavoro-economia","category-prima-pagina"],"yoast_head":"<!-- This site is optimized with the Yoast SEO plugin v28.4 - https:\/\/yoast.com\/product\/yoast-seo-wordpress\/ -->\n<title>Edim passa a Tecnomeccanica: anche il polo di Setteville al centro della sfida per l&#039;e-mobility - Bellunopress - Dolomiti<\/title>\n<meta name=\"robots\" content=\"index, follow, max-snippet:-1, max-image-preview:large, max-video-preview:-1\" \/>\n<link rel=\"canonical\" href=\"https:\/\/www.bellunopress.it\/fr\/2026\/07\/02\/edim-passa-a-tecnomeccanica-anche-il-polo-di-setteville-al-centro-della-sfida-per-le-mobility\/\" \/>\n<meta property=\"og:locale\" content=\"fr_FR\" \/>\n<meta property=\"og:type\" content=\"article\" \/>\n<meta property=\"og:title\" content=\"Edim passa a Tecnomeccanica: anche il polo di Setteville al centro della sfida per l&#039;e-mobility - Bellunopress - Dolomiti\" \/>\n<meta property=\"og:description\" content=\"Si apre una fase cruciale per il futuro industriale di Edim, la storica azienda finora sotto l&#8217;egida del colosso tedesco Bosch. L&#8217;acquisizione da parte di Tecnomeccanica \u00e8 stata ufficializzata nel corso di un importante incontro svoltosi a Monza-Brianza, definendo i contorni di un piano industriale che guarda con decisione alla transizione ecologica e alla mobilit\u00e0 [&hellip;]\" \/>\n<meta property=\"og:url\" content=\"https:\/\/www.bellunopress.it\/fr\/2026\/07\/02\/edim-passa-a-tecnomeccanica-anche-il-polo-di-setteville-al-centro-della-sfida-per-le-mobility\/\" \/>\n<meta property=\"og:site_name\" content=\"Bellunopress - Dolomiti\" \/>\n<meta property=\"article:publisher\" content=\"https:\/\/www.facebook.com\/profile.php?id=100008943462799\" \/>\n<meta property=\"article:published_time\" content=\"2026-07-02T18:14:19+00:00\" \/>\n<meta property=\"article:modified_time\" content=\"2026-07-02T18:46:39+00:00\" \/>\n<meta property=\"og:image\" content=\"https:\/\/www.bellunopress.it\/wp-content\/uploads\/2020\/04\/fim-cisl_edited.jpg\" \/>\n\t<meta property=\"og:image:width\" content=\"490\" \/>\n\t<meta property=\"og:image:height\" content=\"285\" \/>\n\t<meta property=\"og:image:type\" content=\"image\/jpeg\" \/>\n<meta name=\"author\" content=\"redazione\" \/>\n<meta name=\"twitter:card\" content=\"summary_large_image\" \/>\n<meta name=\"twitter:creator\" content=\"@bellunopress\" \/>\n<meta name=\"twitter:site\" content=\"@bellunopress\" \/>\n<meta name=\"twitter:label1\" content=\"Written by\" \/>\n\t<meta name=\"twitter:data1\" content=\"redazione\" \/>\n\t<meta name=\"twitter:label2\" content=\"Est. reading time\" \/>\n\t<meta name=\"twitter:data2\" content=\"5 minutes\" \/>\n<script type=\"application\/ld+json\" class=\"yoast-schema-graph\">{\"@context\":\"https:\\\/\\\/schema.org\",\"@graph\":[{\"@type\":\"Article\",\"@id\":\"https:\\\/\\\/www.bellunopress.it\\\/2026\\\/07\\\/02\\\/edim-passa-a-tecnomeccanica-anche-il-polo-di-setteville-al-centro-della-sfida-per-le-mobility\\\/#article\",\"isPartOf\":{\"@id\":\"https:\\\/\\\/www.bellunopress.it\\\/2026\\\/07\\\/02\\\/edim-passa-a-tecnomeccanica-anche-il-polo-di-setteville-al-centro-della-sfida-per-le-mobility\\\/\"},\"author\":{\"name\":\"redazione\",\"@id\":\"https:\\\/\\\/www.bellunopress.it\\\/#\\\/schema\\\/person\\\/79bb06722b37ece1c03d3e94beb30d73\"},\"headline\":\"Edim passa a Tecnomeccanica: anche il polo di Setteville al centro della sfida per l&#8217;e-mobility\",\"datePublished\":\"2026-07-02T18:14:19+00:00\",\"dateModified\":\"2026-07-02T18:46:39+00:00\",\"mainEntityOfPage\":{\"@id\":\"https:\\\/\\\/www.bellunopress.it\\\/2026\\\/07\\\/02\\\/edim-passa-a-tecnomeccanica-anche-il-polo-di-setteville-al-centro-della-sfida-per-le-mobility\\\/\"},\"wordCount\":773,\"publisher\":{\"@id\":\"https:\\\/\\\/www.bellunopress.it\\\/#organization\"},\"image\":{\"@id\":\"https:\\\/\\\/www.bellunopress.it\\\/2026\\\/07\\\/02\\\/edim-passa-a-tecnomeccanica-anche-il-polo-di-setteville-al-centro-della-sfida-per-le-mobility\\\/#primaryimage\"},\"thumbnailUrl\":\"https:\\\/\\\/www.bellunopress.it\\\/wp-content\\\/uploads\\\/2020\\\/04\\\/fim-cisl_edited.jpg\",\"articleSection\":[\"Lavoro, Economia, Turismo\",\"Prima Pagina\"],\"inLanguage\":\"fr-FR\"},{\"@type\":\"WebPage\",\"@id\":\"https:\\\/\\\/www.bellunopress.it\\\/2026\\\/07\\\/02\\\/edim-passa-a-tecnomeccanica-anche-il-polo-di-setteville-al-centro-della-sfida-per-le-mobility\\\/\",\"url\":\"https:\\\/\\\/www.bellunopress.it\\\/2026\\\/07\\\/02\\\/edim-passa-a-tecnomeccanica-anche-il-polo-di-setteville-al-centro-della-sfida-per-le-mobility\\\/\",\"name\":\"Edim passa a Tecnomeccanica: anche il polo di Setteville al centro della sfida per l'e-mobility - Bellunopress - Dolomiti\",\"isPartOf\":{\"@id\":\"https:\\\/\\\/www.bellunopress.it\\\/#website\"},\"primaryImageOfPage\":{\"@id\":\"https:\\\/\\\/www.bellunopress.it\\\/2026\\\/07\\\/02\\\/edim-passa-a-tecnomeccanica-anche-il-polo-di-setteville-al-centro-della-sfida-per-le-mobility\\\/#primaryimage\"},\"image\":{\"@id\":\"https:\\\/\\\/www.bellunopress.it\\\/2026\\\/07\\\/02\\\/edim-passa-a-tecnomeccanica-anche-il-polo-di-setteville-al-centro-della-sfida-per-le-mobility\\\/#primaryimage\"},\"thumbnailUrl\":\"https:\\\/\\\/www.bellunopress.it\\\/wp-content\\\/uploads\\\/2020\\\/04\\\/fim-cisl_edited.jpg\",\"datePublished\":\"2026-07-02T18:14:19+00:00\",\"dateModified\":\"2026-07-02T18:46:39+00:00\",\"breadcrumb\":{\"@id\":\"https:\\\/\\\/www.bellunopress.it\\\/2026\\\/07\\\/02\\\/edim-passa-a-tecnomeccanica-anche-il-polo-di-setteville-al-centro-della-sfida-per-le-mobility\\\/#breadcrumb\"},\"inLanguage\":\"fr-FR\",\"potentialAction\":[{\"@type\":\"ReadAction\",\"target\":[\"https:\\\/\\\/www.bellunopress.it\\\/2026\\\/07\\\/02\\\/edim-passa-a-tecnomeccanica-anche-il-polo-di-setteville-al-centro-della-sfida-per-le-mobility\\\/\"]}]},{\"@type\":\"ImageObject\",\"inLanguage\":\"fr-FR\",\"@id\":\"https:\\\/\\\/www.bellunopress.it\\\/2026\\\/07\\\/02\\\/edim-passa-a-tecnomeccanica-anche-il-polo-di-setteville-al-centro-della-sfida-per-le-mobility\\\/#primaryimage\",\"url\":\"https:\\\/\\\/www.bellunopress.it\\\/wp-content\\\/uploads\\\/2020\\\/04\\\/fim-cisl_edited.jpg\",\"contentUrl\":\"https:\\\/\\\/www.bellunopress.it\\\/wp-content\\\/uploads\\\/2020\\\/04\\\/fim-cisl_edited.jpg\",\"width\":490,\"height\":285},{\"@type\":\"BreadcrumbList\",\"@id\":\"https:\\\/\\\/www.bellunopress.it\\\/2026\\\/07\\\/02\\\/edim-passa-a-tecnomeccanica-anche-il-polo-di-setteville-al-centro-della-sfida-per-le-mobility\\\/#breadcrumb\",\"itemListElement\":[{\"@type\":\"ListItem\",\"position\":1,\"name\":\"Home\",\"item\":\"https:\\\/\\\/www.bellunopress.it\\\/\"},{\"@type\":\"ListItem\",\"position\":2,\"name\":\"Edim passa a Tecnomeccanica: anche il polo di Setteville al centro della sfida per l&#8217;e-mobility\"}]},{\"@type\":\"WebSite\",\"@id\":\"https:\\\/\\\/www.bellunopress.it\\\/#website\",\"url\":\"https:\\\/\\\/www.bellunopress.it\\\/\",\"name\":\"Bellunopress - Dolomiti\",\"description\":\"e-mail: redazione@bellunopress.it\",\"publisher\":{\"@id\":\"https:\\\/\\\/www.bellunopress.it\\\/#organization\"},\"potentialAction\":[{\"@type\":\"SearchAction\",\"target\":{\"@type\":\"EntryPoint\",\"urlTemplate\":\"https:\\\/\\\/www.bellunopress.it\\\/?s={search_term_string}\"},\"query-input\":{\"@type\":\"PropertyValueSpecification\",\"valueRequired\":true,\"valueName\":\"search_term_string\"}}],\"inLanguage\":\"fr-FR\"},{\"@type\":\"Organization\",\"@id\":\"https:\\\/\\\/www.bellunopress.it\\\/#organization\",\"name\":\"Bellunopress\",\"url\":\"https:\\\/\\\/www.bellunopress.it\\\/\",\"logo\":{\"@type\":\"ImageObject\",\"inLanguage\":\"fr-FR\",\"@id\":\"https:\\\/\\\/www.bellunopress.it\\\/#\\\/schema\\\/logo\\\/image\\\/\",\"url\":\"https:\\\/\\\/www.bellunopress.it\\\/wp-content\\\/uploads\\\/2011\\\/05\\\/cropped-logo-bellunopress-.jpg\",\"contentUrl\":\"https:\\\/\\\/www.bellunopress.it\\\/wp-content\\\/uploads\\\/2011\\\/05\\\/cropped-logo-bellunopress-.jpg\",\"width\":512,\"height\":512,\"caption\":\"Bellunopress\"},\"image\":{\"@id\":\"https:\\\/\\\/www.bellunopress.it\\\/#\\\/schema\\\/logo\\\/image\\\/\"},\"sameAs\":[\"https:\\\/\\\/www.facebook.com\\\/profile.php?id=100008943462799\",\"https:\\\/\\\/x.com\\\/bellunopress\",\"https:\\\/\\\/www.linkedin.com\\\/hp\\\/?dnr=JBzUWaJfMUw8vbXJJ2tVW5-I3jZKvC4wsoxE&amp;amp;amp;amp;amp;amp;trk=nav_responsive_tab_home\",\"https:\\\/\\\/www.youtube.com\\\/channel\\\/UCxL0wu1uN0_3_7hGG0306cw\"]},{\"@type\":\"Person\",\"@id\":\"https:\\\/\\\/www.bellunopress.it\\\/#\\\/schema\\\/person\\\/79bb06722b37ece1c03d3e94beb30d73\",\"name\":\"redazione\",\"image\":{\"@type\":\"ImageObject\",\"inLanguage\":\"fr-FR\",\"@id\":\"https:\\\/\\\/secure.gravatar.com\\\/avatar\\\/37d968a2e67a6fd04c169c4bdef102d0bc5d31b2546345219e348575eb80e9a0?s=96&d=mm&r=g\",\"url\":\"https:\\\/\\\/secure.gravatar.com\\\/avatar\\\/37d968a2e67a6fd04c169c4bdef102d0bc5d31b2546345219e348575eb80e9a0?s=96&d=mm&r=g\",\"contentUrl\":\"https:\\\/\\\/secure.gravatar.com\\\/avatar\\\/37d968a2e67a6fd04c169c4bdef102d0bc5d31b2546345219e348575eb80e9a0?s=96&d=mm&r=g\",\"caption\":\"redazione\"},\"sameAs\":[\"http:\\\/\\\/www.bellunopress.it\",\"https:\\\/\\\/x.com\\\/bellunopress\"],\"url\":\"https:\\\/\\\/www.bellunopress.it\\\/fr\\\/author\\\/redazione\\\/\"}]}<\/script>\n<!-- \/ Yoast SEO plugin. -->","yoast_head_json":{"title":"Edim passa a Tecnomeccanica: anche il polo di Setteville al centro della sfida per l'e-mobility - Bellunopress - Dolomiti","robots":{"index":"index","follow":"follow","max-snippet":"max-snippet:-1","max-image-preview":"max-image-preview:large","max-video-preview":"max-video-preview:-1"},"canonical":"https:\/\/www.bellunopress.it\/fr\/2026\/07\/02\/edim-passa-a-tecnomeccanica-anche-il-polo-di-setteville-al-centro-della-sfida-per-le-mobility\/","og_locale":"fr_FR","og_type":"article","og_title":"Edim passa a Tecnomeccanica: anche il polo di Setteville al centro della sfida per l'e-mobility - Bellunopress - Dolomiti","og_description":"Si apre una fase cruciale per il futuro industriale di Edim, la storica azienda finora sotto l&#8217;egida del colosso tedesco Bosch. L&#8217;acquisizione da parte di Tecnomeccanica \u00e8 stata ufficializzata nel corso di un importante incontro svoltosi a Monza-Brianza, definendo i contorni di un piano industriale che guarda con decisione alla transizione ecologica e alla mobilit\u00e0 [&hellip;]","og_url":"https:\/\/www.bellunopress.it\/fr\/2026\/07\/02\/edim-passa-a-tecnomeccanica-anche-il-polo-di-setteville-al-centro-della-sfida-per-le-mobility\/","og_site_name":"Bellunopress - Dolomiti","article_publisher":"https:\/\/www.facebook.com\/profile.php?id=100008943462799","article_published_time":"2026-07-02T18:14:19+00:00","article_modified_time":"2026-07-02T18:46:39+00:00","og_image":[{"width":490,"height":285,"url":"https:\/\/www.bellunopress.it\/wp-content\/uploads\/2020\/04\/fim-cisl_edited.jpg","type":"image\/jpeg"}],"author":"redazione","twitter_card":"summary_large_image","twitter_creator":"@bellunopress","twitter_site":"@bellunopress","twitter_misc":{"Written by":"redazione","Est. reading time":"5 minutes"},"schema":{"@context":"https:\/\/schema.org","@graph":[{"@type":"Article","@id":"https:\/\/www.bellunopress.it\/2026\/07\/02\/edim-passa-a-tecnomeccanica-anche-il-polo-di-setteville-al-centro-della-sfida-per-le-mobility\/#article","isPartOf":{"@id":"https:\/\/www.bellunopress.it\/2026\/07\/02\/edim-passa-a-tecnomeccanica-anche-il-polo-di-setteville-al-centro-della-sfida-per-le-mobility\/"},"author":{"name":"redazione","@id":"https:\/\/www.bellunopress.it\/#\/schema\/person\/79bb06722b37ece1c03d3e94beb30d73"},"headline":"Edim passa a Tecnomeccanica: anche il polo di Setteville al centro della sfida per l&#8217;e-mobility","datePublished":"2026-07-02T18:14:19+00:00","dateModified":"2026-07-02T18:46:39+00:00","mainEntityOfPage":{"@id":"https:\/\/www.bellunopress.it\/2026\/07\/02\/edim-passa-a-tecnomeccanica-anche-il-polo-di-setteville-al-centro-della-sfida-per-le-mobility\/"},"wordCount":773,"publisher":{"@id":"https:\/\/www.bellunopress.it\/#organization"},"image":{"@id":"https:\/\/www.bellunopress.it\/2026\/07\/02\/edim-passa-a-tecnomeccanica-anche-il-polo-di-setteville-al-centro-della-sfida-per-le-mobility\/#primaryimage"},"thumbnailUrl":"https:\/\/www.bellunopress.it\/wp-content\/uploads\/2020\/04\/fim-cisl_edited.jpg","articleSection":["Lavoro, Economia, Turismo","Prima Pagina"],"inLanguage":"fr-FR"},{"@type":"WebPage","@id":"https:\/\/www.bellunopress.it\/2026\/07\/02\/edim-passa-a-tecnomeccanica-anche-il-polo-di-setteville-al-centro-della-sfida-per-le-mobility\/","url":"https:\/\/www.bellunopress.it\/2026\/07\/02\/edim-passa-a-tecnomeccanica-anche-il-polo-di-setteville-al-centro-della-sfida-per-le-mobility\/","name":"Edim passa a Tecnomeccanica: anche il polo di Setteville al centro della sfida per l'e-mobility - Bellunopress - Dolomiti","isPartOf":{"@id":"https:\/\/www.bellunopress.it\/#website"},"primaryImageOfPage":{"@id":"https:\/\/www.bellunopress.it\/2026\/07\/02\/edim-passa-a-tecnomeccanica-anche-il-polo-di-setteville-al-centro-della-sfida-per-le-mobility\/#primaryimage"},"image":{"@id":"https:\/\/www.bellunopress.it\/2026\/07\/02\/edim-passa-a-tecnomeccanica-anche-il-polo-di-setteville-al-centro-della-sfida-per-le-mobility\/#primaryimage"},"thumbnailUrl":"https:\/\/www.bellunopress.it\/wp-content\/uploads\/2020\/04\/fim-cisl_edited.jpg","datePublished":"2026-07-02T18:14:19+00:00","dateModified":"2026-07-02T18:46:39+00:00","breadcrumb":{"@id":"https:\/\/www.bellunopress.it\/2026\/07\/02\/edim-passa-a-tecnomeccanica-anche-il-polo-di-setteville-al-centro-della-sfida-per-le-mobility\/#breadcrumb"},"inLanguage":"fr-FR","potentialAction":[{"@type":"ReadAction","target":["https:\/\/www.bellunopress.it\/2026\/07\/02\/edim-passa-a-tecnomeccanica-anche-il-polo-di-setteville-al-centro-della-sfida-per-le-mobility\/"]}]},{"@type":"ImageObject","inLanguage":"fr-FR","@id":"https:\/\/www.bellunopress.it\/2026\/07\/02\/edim-passa-a-tecnomeccanica-anche-il-polo-di-setteville-al-centro-della-sfida-per-le-mobility\/#primaryimage","url":"https:\/\/www.bellunopress.it\/wp-content\/uploads\/2020\/04\/fim-cisl_edited.jpg","contentUrl":"https:\/\/www.bellunopress.it\/wp-content\/uploads\/2020\/04\/fim-cisl_edited.jpg","width":490,"height":285},{"@type":"BreadcrumbList","@id":"https:\/\/www.bellunopress.it\/2026\/07\/02\/edim-passa-a-tecnomeccanica-anche-il-polo-di-setteville-al-centro-della-sfida-per-le-mobility\/#breadcrumb","itemListElement":[{"@type":"ListItem","position":1,"name":"Home","item":"https:\/\/www.bellunopress.it\/"},{"@type":"ListItem","position":2,"name":"Edim passa a Tecnomeccanica: anche il polo di Setteville al centro della sfida per l&#8217;e-mobility"}]},{"@type":"WebSite","@id":"https:\/\/www.bellunopress.it\/#website","url":"https:\/\/www.bellunopress.it\/","name":"Bellunopress - Dolomiti","description":"e-mail: redazione@bellunopress.it","publisher":{"@id":"https:\/\/www.bellunopress.it\/#organization"},"potentialAction":[{"@type":"SearchAction","target":{"@type":"EntryPoint","urlTemplate":"https:\/\/www.bellunopress.it\/?s={search_term_string}"},"query-input":{"@type":"PropertyValueSpecification","valueRequired":true,"valueName":"search_term_string"}}],"inLanguage":"fr-FR"},{"@type":"Organization","@id":"https:\/\/www.bellunopress.it\/#organization","name":"Bellunopress","url":"https:\/\/www.bellunopress.it\/","logo":{"@type":"ImageObject","inLanguage":"fr-FR","@id":"https:\/\/www.bellunopress.it\/#\/schema\/logo\/image\/","url":"https:\/\/www.bellunopress.it\/wp-content\/uploads\/2011\/05\/cropped-logo-bellunopress-.jpg","contentUrl":"https:\/\/www.bellunopress.it\/wp-content\/uploads\/2011\/05\/cropped-logo-bellunopress-.jpg","width":512,"height":512,"caption":"Bellunopress"},"image":{"@id":"https:\/\/www.bellunopress.it\/#\/schema\/logo\/image\/"},"sameAs":["https:\/\/www.facebook.com\/profile.php?id=100008943462799","https:\/\/x.com\/bellunopress","https:\/\/www.linkedin.com\/hp\/?dnr=JBzUWaJfMUw8vbXJJ2tVW5-I3jZKvC4wsoxE&amp;amp;amp;amp;amp;amp;trk=nav_responsive_tab_home","https:\/\/www.youtube.com\/channel\/UCxL0wu1uN0_3_7hGG0306cw"]},{"@type":"Person","@id":"https:\/\/www.bellunopress.it\/#\/schema\/person\/79bb06722b37ece1c03d3e94beb30d73","name":"r\u00e9daction","image":{"@type":"ImageObject","inLanguage":"fr-FR","@id":"https:\/\/secure.gravatar.com\/avatar\/37d968a2e67a6fd04c169c4bdef102d0bc5d31b2546345219e348575eb80e9a0?s=96&d=mm&r=g","url":"https:\/\/secure.gravatar.com\/avatar\/37d968a2e67a6fd04c169c4bdef102d0bc5d31b2546345219e348575eb80e9a0?s=96&d=mm&r=g","contentUrl":"https:\/\/secure.gravatar.com\/avatar\/37d968a2e67a6fd04c169c4bdef102d0bc5d31b2546345219e348575eb80e9a0?s=96&d=mm&r=g","caption":"redazione"},"sameAs":["http:\/\/www.bellunopress.it","https:\/\/x.com\/bellunopress"],"url":"https:\/\/www.bellunopress.it\/fr\/author\/redazione\/"}]}},"_links":{"self":[{"href":"https:\/\/www.bellunopress.it\/fr\/wp-json\/wp\/v2\/posts\/171635","targetHints":{"allow":["GET"]}}],"collection":[{"href":"https:\/\/www.bellunopress.it\/fr\/wp-json\/wp\/v2\/posts"}],"about":[{"href":"https:\/\/www.bellunopress.it\/fr\/wp-json\/wp\/v2\/types\/post"}],"author":[{"embeddable":true,"href":"https:\/\/www.bellunopress.it\/fr\/wp-json\/wp\/v2\/users\/2"}],"replies":[{"embeddable":true,"href":"https:\/\/www.bellunopress.it\/fr\/wp-json\/wp\/v2\/comments?post=171635"}],"version-history":[{"count":3,"href":"https:\/\/www.bellunopress.it\/fr\/wp-json\/wp\/v2\/posts\/171635\/revisions"}],"predecessor-version":[{"id":171641,"href":"https:\/\/www.bellunopress.it\/fr\/wp-json\/wp\/v2\/posts\/171635\/revisions\/171641"}],"wp:featuredmedia":[{"embeddable":true,"href":"https:\/\/www.bellunopress.it\/fr\/wp-json\/wp\/v2\/media\/113549"}],"wp:attachment":[{"href":"https:\/\/www.bellunopress.it\/fr\/wp-json\/wp\/v2\/media?parent=171635"}],"wp:term":[{"taxonomy":"category","embeddable":true,"href":"https:\/\/www.bellunopress.it\/fr\/wp-json\/wp\/v2\/categories?post=171635"},{"taxonomy":"post_tag","embeddable":true,"href":"https:\/\/www.bellunopress.it\/fr\/wp-json\/wp\/v2\/tags?post=171635"}],"curies":[{"name":"wp","href":"https:\/\/api.w.org\/{rel}","templated":true}]}}