{"id":171632,"date":"2026-07-02T17:43:24","date_gmt":"2026-07-02T15:43:24","guid":{"rendered":"https:\/\/www.bellunopress.it\/?p=171632"},"modified":"2026-07-02T17:43:24","modified_gmt":"2026-07-02T15:43:24","slug":"belluno-il-cielo-sopra-si-illumina-per-la-terza-serata-domani-in-scena-quello-che-non-ce","status":"publish","type":"post","link":"https:\/\/www.bellunopress.it\/fr\/2026\/07\/02\/belluno-il-cielo-sopra-si-illumina-per-la-terza-serata-domani-in-scena-quello-che-non-ce\/","title":{"rendered":"Belluno, il &#8220;Cielo sopra&#8221; si illumina per la terza serata: domani in scena &#8220;Quello che non c\u2019\u00e8&#8221;"},"content":{"rendered":"<p>Prosegue con grande partecipazione l&#8217;estate culturale bellunese targata &#8220;Il Cielo sopra Belluno&#8221;. Dopo il successo degli appuntamenti inaugurali, il progetto si conferma un vivace laboratorio di comunit\u00e0, capace di intrecciare linguaggi artistici, riflessioni profonde e momenti di aggregazione.<\/p>\n<p>Domani, venerd\u00ec 3 luglio, l&#8217;appuntamento \u00e8 alla Casa delle Arti (Spazio EX) per un nuovo, imperdibile incontro tra teatro, convivialit\u00e0 e musica.<\/p>\n<p><strong>Il programma della serata<\/strong><br \/>\nIl ritrovo \u00e8 fissato per le 19:30 con l\u2019aperitivo curato da Exprimo ed Expiloni: un\u2019occasione per gustare vini del territorio, birre artigianali e una selezione di eccellenze gastronomiche locali, accompagnati da un men\u00f9 dedicato.<br \/>\nAlle 21:00 sar\u00e0 la volta dello spettacolo &#8220;QUELLO CHE NON C\u2019\u00c8&#8221;, scritto, diretto e interpretato da Giulia Scotti. L&#8217;opera, vincitrice nel 2023 del prestigioso Premio Tuttoteatro.com alle arti sceniche Dante Cappelletti e menzionata al bando Odiolestate, porta in scena una profonda storia di famiglia.<br \/>\nAttraverso un dialogo originale tra teatro e fumetto, Giulia Scotti esplora il tema dell\u2019assenza e delle verit\u00e0 taciute, muovendosi in equilibrio tra autobiografia e finzione, tra memoria personale e dramma universale. La performance sar\u00e0 arricchita dalla<br \/>\ngrafica dal vivo dell\u2019artista stessa, rendendo lo spettacolo un momento di altissimo impatto emotivo.<br \/>\nA chiudere la serata, a partire dalle 22:30, la musica sar\u00e0 protagonista con il set della crew di Riva Disco: un viaggio tra vinili anni \u201970, \u201980 e \u201990 tra ritmi rare grooves, funk, synth-pop e atmosfere baleariche.<\/p>\n<p>In caso di maltempo, tutti gli eventi \u2013 spettacolo, musica e aperitivo \u2013 si svolgeranno regolarmente nella Sala Grande e negli spazi interni della Casa delle Arti.<br \/>\nI posti sono limitati e la prenotazione \u00e8 vivamente consigliata. \u00c8 possibile acquistare i biglietti online su www.vivaticket.com oppure presso la biglietteria in loco a partire dalle 19:30 del giorno stesso. Per ulteriori dettagli e prenotazioni, contattare Tib Teatro al numero 0437 950555 o visitare il sito www.tibteatro.it.<\/p>\n<p>&#8220;Il Cielo sopra Belluno&#8221; \u00e8 organizzato da Tib Teatro in collaborazione con il Comune di Belluno e la Fondazione Teatri<br \/>\ndelle Dolomiti, con il sostegno del Ministero della Cultura e di SIAE (programma \u201cPer Chi Crea\u201d 2025).<\/p>","protected":false},"excerpt":{"rendered":"<p>Prosegue con grande partecipazione l&#8217;estate culturale bellunese targata &#8220;Il Cielo sopra Belluno&#8221;. Dopo il successo degli appuntamenti inaugurali, il progetto si conferma un vivace laboratorio di comunit\u00e0, capace di intrecciare linguaggi artistici, riflessioni profonde e momenti di aggregazione. Domani, venerd\u00ec 3 luglio, l&#8217;appuntamento \u00e8 alla Casa delle Arti (Spazio EX) per un nuovo, imperdibile incontro [&hellip;]<\/p>\n","protected":false},"author":2,"featured_media":171633,"comment_status":"closed","ping_status":"open","sticky":false,"template":"","format":"standard","meta":{"footnotes":""},"categories":[27,3,25],"tags":[],"class_list":["post-171632","post","type-post","status-publish","format-standard","has-post-thumbnail","category-appuntamenti","category-arte-cultura-spettacoli-scienza-archivi","category-pausa-caffe"],"yoast_head":"<!-- This site is optimized with the Yoast SEO plugin v28.4 - https:\/\/yoast.com\/product\/yoast-seo-wordpress\/ -->\n<title>Belluno, il &quot;Cielo sopra&quot; si illumina per la terza serata: domani in scena &quot;Quello che non c\u2019\u00e8&quot; - Bellunopress - Dolomiti<\/title>\n<meta name=\"robots\" content=\"index, follow, max-snippet:-1, max-image-preview:large, max-video-preview:-1\" \/>\n<link rel=\"canonical\" href=\"https:\/\/www.bellunopress.it\/fr\/2026\/07\/02\/belluno-il-cielo-sopra-si-illumina-per-la-terza-serata-domani-in-scena-quello-che-non-ce\/\" \/>\n<meta property=\"og:locale\" content=\"fr_FR\" \/>\n<meta property=\"og:type\" content=\"article\" \/>\n<meta property=\"og:title\" content=\"Belluno, il &quot;Cielo sopra&quot; si illumina per la terza serata: domani in scena &quot;Quello che non c\u2019\u00e8&quot; - Bellunopress - Dolomiti\" \/>\n<meta property=\"og:description\" content=\"Prosegue con grande partecipazione l&#8217;estate culturale bellunese targata &#8220;Il Cielo sopra Belluno&#8221;. Dopo il successo degli appuntamenti inaugurali, il progetto si conferma un vivace laboratorio di comunit\u00e0, capace di intrecciare linguaggi artistici, riflessioni profonde e momenti di aggregazione. Domani, venerd\u00ec 3 luglio, l&#8217;appuntamento \u00e8 alla Casa delle Arti (Spazio EX) per un nuovo, imperdibile incontro [&hellip;]\" \/>\n<meta property=\"og:url\" content=\"https:\/\/www.bellunopress.it\/fr\/2026\/07\/02\/belluno-il-cielo-sopra-si-illumina-per-la-terza-serata-domani-in-scena-quello-che-non-ce\/\" \/>\n<meta property=\"og:site_name\" content=\"Bellunopress - Dolomiti\" \/>\n<meta property=\"article:publisher\" content=\"https:\/\/www.facebook.com\/profile.php?id=100008943462799\" \/>\n<meta property=\"article:published_time\" content=\"2026-07-02T15:43:24+00:00\" \/>\n<meta property=\"og:image\" content=\"https:\/\/www.bellunopress.it\/wp-content\/uploads\/2026\/07\/Quello-che-non-ce-Tib-Teatro.jpg\" \/>\n\t<meta property=\"og:image:width\" content=\"456\" \/>\n\t<meta property=\"og:image:height\" content=\"500\" \/>\n\t<meta property=\"og:image:type\" content=\"image\/jpeg\" \/>\n<meta name=\"author\" content=\"redazione\" \/>\n<meta name=\"twitter:card\" content=\"summary_large_image\" \/>\n<meta name=\"twitter:creator\" content=\"@bellunopress\" \/>\n<meta name=\"twitter:site\" content=\"@bellunopress\" \/>\n<meta name=\"twitter:label1\" content=\"\u00c9crit par\" \/>\n\t<meta name=\"twitter:data1\" content=\"redazione\" \/>\n\t<meta name=\"twitter:label2\" content=\"Dur\u00e9e de lecture estim\u00e9e\" \/>\n\t<meta name=\"twitter:data2\" content=\"3 minutes\" \/>\n<script type=\"application\/ld+json\" class=\"yoast-schema-graph\">{\"@context\":\"https:\\\/\\\/schema.org\",\"@graph\":[{\"@type\":\"Article\",\"@id\":\"https:\\\/\\\/www.bellunopress.it\\\/2026\\\/07\\\/02\\\/belluno-il-cielo-sopra-si-illumina-per-la-terza-serata-domani-in-scena-quello-che-non-ce\\\/#article\",\"isPartOf\":{\"@id\":\"https:\\\/\\\/www.bellunopress.it\\\/2026\\\/07\\\/02\\\/belluno-il-cielo-sopra-si-illumina-per-la-terza-serata-domani-in-scena-quello-che-non-ce\\\/\"},\"author\":{\"name\":\"redazione\",\"@id\":\"https:\\\/\\\/www.bellunopress.it\\\/#\\\/schema\\\/person\\\/79bb06722b37ece1c03d3e94beb30d73\"},\"headline\":\"Belluno, il &#8220;Cielo sopra&#8221; si illumina per la terza serata: domani in scena &#8220;Quello che non c\u2019\u00e8&#8221;\",\"datePublished\":\"2026-07-02T15:43:24+00:00\",\"mainEntityOfPage\":{\"@id\":\"https:\\\/\\\/www.bellunopress.it\\\/2026\\\/07\\\/02\\\/belluno-il-cielo-sopra-si-illumina-per-la-terza-serata-domani-in-scena-quello-che-non-ce\\\/\"},\"wordCount\":352,\"publisher\":{\"@id\":\"https:\\\/\\\/www.bellunopress.it\\\/#organization\"},\"image\":{\"@id\":\"https:\\\/\\\/www.bellunopress.it\\\/2026\\\/07\\\/02\\\/belluno-il-cielo-sopra-si-illumina-per-la-terza-serata-domani-in-scena-quello-che-non-ce\\\/#primaryimage\"},\"thumbnailUrl\":\"https:\\\/\\\/www.bellunopress.it\\\/wp-content\\\/uploads\\\/2026\\\/07\\\/Quello-che-non-ce-Tib-Teatro.jpg\",\"articleSection\":[\"Appuntamenti, Eventi\",\"Arte, Cultura, Spettacoli, Scienza\",\"Pausa Caff\u00e8\"],\"inLanguage\":\"fr-FR\"},{\"@type\":\"WebPage\",\"@id\":\"https:\\\/\\\/www.bellunopress.it\\\/2026\\\/07\\\/02\\\/belluno-il-cielo-sopra-si-illumina-per-la-terza-serata-domani-in-scena-quello-che-non-ce\\\/\",\"url\":\"https:\\\/\\\/www.bellunopress.it\\\/2026\\\/07\\\/02\\\/belluno-il-cielo-sopra-si-illumina-per-la-terza-serata-domani-in-scena-quello-che-non-ce\\\/\",\"name\":\"Belluno, il \\\"Cielo sopra\\\" si illumina per la terza serata: domani in scena \\\"Quello che non c\u2019\u00e8\\\" - Bellunopress - Dolomiti\",\"isPartOf\":{\"@id\":\"https:\\\/\\\/www.bellunopress.it\\\/#website\"},\"primaryImageOfPage\":{\"@id\":\"https:\\\/\\\/www.bellunopress.it\\\/2026\\\/07\\\/02\\\/belluno-il-cielo-sopra-si-illumina-per-la-terza-serata-domani-in-scena-quello-che-non-ce\\\/#primaryimage\"},\"image\":{\"@id\":\"https:\\\/\\\/www.bellunopress.it\\\/2026\\\/07\\\/02\\\/belluno-il-cielo-sopra-si-illumina-per-la-terza-serata-domani-in-scena-quello-che-non-ce\\\/#primaryimage\"},\"thumbnailUrl\":\"https:\\\/\\\/www.bellunopress.it\\\/wp-content\\\/uploads\\\/2026\\\/07\\\/Quello-che-non-ce-Tib-Teatro.jpg\",\"datePublished\":\"2026-07-02T15:43:24+00:00\",\"breadcrumb\":{\"@id\":\"https:\\\/\\\/www.bellunopress.it\\\/2026\\\/07\\\/02\\\/belluno-il-cielo-sopra-si-illumina-per-la-terza-serata-domani-in-scena-quello-che-non-ce\\\/#breadcrumb\"},\"inLanguage\":\"fr-FR\",\"potentialAction\":[{\"@type\":\"ReadAction\",\"target\":[\"https:\\\/\\\/www.bellunopress.it\\\/2026\\\/07\\\/02\\\/belluno-il-cielo-sopra-si-illumina-per-la-terza-serata-domani-in-scena-quello-che-non-ce\\\/\"]}]},{\"@type\":\"ImageObject\",\"inLanguage\":\"fr-FR\",\"@id\":\"https:\\\/\\\/www.bellunopress.it\\\/2026\\\/07\\\/02\\\/belluno-il-cielo-sopra-si-illumina-per-la-terza-serata-domani-in-scena-quello-che-non-ce\\\/#primaryimage\",\"url\":\"https:\\\/\\\/www.bellunopress.it\\\/wp-content\\\/uploads\\\/2026\\\/07\\\/Quello-che-non-ce-Tib-Teatro.jpg\",\"contentUrl\":\"https:\\\/\\\/www.bellunopress.it\\\/wp-content\\\/uploads\\\/2026\\\/07\\\/Quello-che-non-ce-Tib-Teatro.jpg\",\"width\":456,\"height\":500,\"caption\":\"Screenshot\"},{\"@type\":\"BreadcrumbList\",\"@id\":\"https:\\\/\\\/www.bellunopress.it\\\/2026\\\/07\\\/02\\\/belluno-il-cielo-sopra-si-illumina-per-la-terza-serata-domani-in-scena-quello-che-non-ce\\\/#breadcrumb\",\"itemListElement\":[{\"@type\":\"ListItem\",\"position\":1,\"name\":\"Home\",\"item\":\"https:\\\/\\\/www.bellunopress.it\\\/\"},{\"@type\":\"ListItem\",\"position\":2,\"name\":\"Belluno, il &#8220;Cielo sopra&#8221; si illumina per la terza serata: domani in scena &#8220;Quello che non c\u2019\u00e8&#8221;\"}]},{\"@type\":\"WebSite\",\"@id\":\"https:\\\/\\\/www.bellunopress.it\\\/#website\",\"url\":\"https:\\\/\\\/www.bellunopress.it\\\/\",\"name\":\"Bellunopress - Dolomiti\",\"description\":\"e-mail: redazione@bellunopress.it\",\"publisher\":{\"@id\":\"https:\\\/\\\/www.bellunopress.it\\\/#organization\"},\"potentialAction\":[{\"@type\":\"SearchAction\",\"target\":{\"@type\":\"EntryPoint\",\"urlTemplate\":\"https:\\\/\\\/www.bellunopress.it\\\/?s={search_term_string}\"},\"query-input\":{\"@type\":\"PropertyValueSpecification\",\"valueRequired\":true,\"valueName\":\"search_term_string\"}}],\"inLanguage\":\"fr-FR\"},{\"@type\":\"Organization\",\"@id\":\"https:\\\/\\\/www.bellunopress.it\\\/#organization\",\"name\":\"Bellunopress\",\"url\":\"https:\\\/\\\/www.bellunopress.it\\\/\",\"logo\":{\"@type\":\"ImageObject\",\"inLanguage\":\"fr-FR\",\"@id\":\"https:\\\/\\\/www.bellunopress.it\\\/#\\\/schema\\\/logo\\\/image\\\/\",\"url\":\"https:\\\/\\\/www.bellunopress.it\\\/wp-content\\\/uploads\\\/2011\\\/05\\\/cropped-logo-bellunopress-.jpg\",\"contentUrl\":\"https:\\\/\\\/www.bellunopress.it\\\/wp-content\\\/uploads\\\/2011\\\/05\\\/cropped-logo-bellunopress-.jpg\",\"width\":512,\"height\":512,\"caption\":\"Bellunopress\"},\"image\":{\"@id\":\"https:\\\/\\\/www.bellunopress.it\\\/#\\\/schema\\\/logo\\\/image\\\/\"},\"sameAs\":[\"https:\\\/\\\/www.facebook.com\\\/profile.php?id=100008943462799\",\"https:\\\/\\\/x.com\\\/bellunopress\",\"https:\\\/\\\/www.linkedin.com\\\/hp\\\/?dnr=JBzUWaJfMUw8vbXJJ2tVW5-I3jZKvC4wsoxE&amp;amp;amp;amp;amp;amp;trk=nav_responsive_tab_home\",\"https:\\\/\\\/www.youtube.com\\\/channel\\\/UCxL0wu1uN0_3_7hGG0306cw\"]},{\"@type\":\"Person\",\"@id\":\"https:\\\/\\\/www.bellunopress.it\\\/#\\\/schema\\\/person\\\/79bb06722b37ece1c03d3e94beb30d73\",\"name\":\"redazione\",\"image\":{\"@type\":\"ImageObject\",\"inLanguage\":\"fr-FR\",\"@id\":\"https:\\\/\\\/secure.gravatar.com\\\/avatar\\\/37d968a2e67a6fd04c169c4bdef102d0bc5d31b2546345219e348575eb80e9a0?s=96&d=mm&r=g\",\"url\":\"https:\\\/\\\/secure.gravatar.com\\\/avatar\\\/37d968a2e67a6fd04c169c4bdef102d0bc5d31b2546345219e348575eb80e9a0?s=96&d=mm&r=g\",\"contentUrl\":\"https:\\\/\\\/secure.gravatar.com\\\/avatar\\\/37d968a2e67a6fd04c169c4bdef102d0bc5d31b2546345219e348575eb80e9a0?s=96&d=mm&r=g\",\"caption\":\"redazione\"},\"sameAs\":[\"http:\\\/\\\/www.bellunopress.it\",\"https:\\\/\\\/x.com\\\/bellunopress\"],\"url\":\"https:\\\/\\\/www.bellunopress.it\\\/fr\\\/author\\\/redazione\\\/\"}]}<\/script>\n<!-- \/ Yoast SEO plugin. -->","yoast_head_json":{"title":"Belluno, il \"Cielo sopra\" si illumina per la terza serata: domani in scena \"Quello che non c\u2019\u00e8\" - Bellunopress - Dolomiti","robots":{"index":"index","follow":"follow","max-snippet":"max-snippet:-1","max-image-preview":"max-image-preview:large","max-video-preview":"max-video-preview:-1"},"canonical":"https:\/\/www.bellunopress.it\/fr\/2026\/07\/02\/belluno-il-cielo-sopra-si-illumina-per-la-terza-serata-domani-in-scena-quello-che-non-ce\/","og_locale":"fr_FR","og_type":"article","og_title":"Belluno, il \"Cielo sopra\" si illumina per la terza serata: domani in scena \"Quello che non c\u2019\u00e8\" - Bellunopress - Dolomiti","og_description":"Prosegue con grande partecipazione l&#8217;estate culturale bellunese targata &#8220;Il Cielo sopra Belluno&#8221;. Dopo il successo degli appuntamenti inaugurali, il progetto si conferma un vivace laboratorio di comunit\u00e0, capace di intrecciare linguaggi artistici, riflessioni profonde e momenti di aggregazione. Domani, venerd\u00ec 3 luglio, l&#8217;appuntamento \u00e8 alla Casa delle Arti (Spazio EX) per un nuovo, imperdibile incontro [&hellip;]","og_url":"https:\/\/www.bellunopress.it\/fr\/2026\/07\/02\/belluno-il-cielo-sopra-si-illumina-per-la-terza-serata-domani-in-scena-quello-che-non-ce\/","og_site_name":"Bellunopress - Dolomiti","article_publisher":"https:\/\/www.facebook.com\/profile.php?id=100008943462799","article_published_time":"2026-07-02T15:43:24+00:00","og_image":[{"width":456,"height":500,"url":"https:\/\/www.bellunopress.it\/wp-content\/uploads\/2026\/07\/Quello-che-non-ce-Tib-Teatro.jpg","type":"image\/jpeg"}],"author":"redazione","twitter_card":"summary_large_image","twitter_creator":"@bellunopress","twitter_site":"@bellunopress","twitter_misc":{"\u00c9crit par":"redazione","Dur\u00e9e de lecture estim\u00e9e":"3 minutes"},"schema":{"@context":"https:\/\/schema.org","@graph":[{"@type":"Article","@id":"https:\/\/www.bellunopress.it\/2026\/07\/02\/belluno-il-cielo-sopra-si-illumina-per-la-terza-serata-domani-in-scena-quello-che-non-ce\/#article","isPartOf":{"@id":"https:\/\/www.bellunopress.it\/2026\/07\/02\/belluno-il-cielo-sopra-si-illumina-per-la-terza-serata-domani-in-scena-quello-che-non-ce\/"},"author":{"name":"redazione","@id":"https:\/\/www.bellunopress.it\/#\/schema\/person\/79bb06722b37ece1c03d3e94beb30d73"},"headline":"Belluno, il &#8220;Cielo sopra&#8221; si illumina per la terza serata: domani in scena &#8220;Quello che non c\u2019\u00e8&#8221;","datePublished":"2026-07-02T15:43:24+00:00","mainEntityOfPage":{"@id":"https:\/\/www.bellunopress.it\/2026\/07\/02\/belluno-il-cielo-sopra-si-illumina-per-la-terza-serata-domani-in-scena-quello-che-non-ce\/"},"wordCount":352,"publisher":{"@id":"https:\/\/www.bellunopress.it\/#organization"},"image":{"@id":"https:\/\/www.bellunopress.it\/2026\/07\/02\/belluno-il-cielo-sopra-si-illumina-per-la-terza-serata-domani-in-scena-quello-che-non-ce\/#primaryimage"},"thumbnailUrl":"https:\/\/www.bellunopress.it\/wp-content\/uploads\/2026\/07\/Quello-che-non-ce-Tib-Teatro.jpg","articleSection":["Appuntamenti, Eventi","Arte, Cultura, Spettacoli, Scienza","Pausa Caff\u00e8"],"inLanguage":"fr-FR"},{"@type":"WebPage","@id":"https:\/\/www.bellunopress.it\/2026\/07\/02\/belluno-il-cielo-sopra-si-illumina-per-la-terza-serata-domani-in-scena-quello-che-non-ce\/","url":"https:\/\/www.bellunopress.it\/2026\/07\/02\/belluno-il-cielo-sopra-si-illumina-per-la-terza-serata-domani-in-scena-quello-che-non-ce\/","name":"Belluno, il \"Cielo sopra\" si illumina per la terza serata: domani in scena \"Quello che non c\u2019\u00e8\" - Bellunopress - Dolomiti","isPartOf":{"@id":"https:\/\/www.bellunopress.it\/#website"},"primaryImageOfPage":{"@id":"https:\/\/www.bellunopress.it\/2026\/07\/02\/belluno-il-cielo-sopra-si-illumina-per-la-terza-serata-domani-in-scena-quello-che-non-ce\/#primaryimage"},"image":{"@id":"https:\/\/www.bellunopress.it\/2026\/07\/02\/belluno-il-cielo-sopra-si-illumina-per-la-terza-serata-domani-in-scena-quello-che-non-ce\/#primaryimage"},"thumbnailUrl":"https:\/\/www.bellunopress.it\/wp-content\/uploads\/2026\/07\/Quello-che-non-ce-Tib-Teatro.jpg","datePublished":"2026-07-02T15:43:24+00:00","breadcrumb":{"@id":"https:\/\/www.bellunopress.it\/2026\/07\/02\/belluno-il-cielo-sopra-si-illumina-per-la-terza-serata-domani-in-scena-quello-che-non-ce\/#breadcrumb"},"inLanguage":"fr-FR","potentialAction":[{"@type":"ReadAction","target":["https:\/\/www.bellunopress.it\/2026\/07\/02\/belluno-il-cielo-sopra-si-illumina-per-la-terza-serata-domani-in-scena-quello-che-non-ce\/"]}]},{"@type":"ImageObject","inLanguage":"fr-FR","@id":"https:\/\/www.bellunopress.it\/2026\/07\/02\/belluno-il-cielo-sopra-si-illumina-per-la-terza-serata-domani-in-scena-quello-che-non-ce\/#primaryimage","url":"https:\/\/www.bellunopress.it\/wp-content\/uploads\/2026\/07\/Quello-che-non-ce-Tib-Teatro.jpg","contentUrl":"https:\/\/www.bellunopress.it\/wp-content\/uploads\/2026\/07\/Quello-che-non-ce-Tib-Teatro.jpg","width":456,"height":500,"caption":"Screenshot"},{"@type":"BreadcrumbList","@id":"https:\/\/www.bellunopress.it\/2026\/07\/02\/belluno-il-cielo-sopra-si-illumina-per-la-terza-serata-domani-in-scena-quello-che-non-ce\/#breadcrumb","itemListElement":[{"@type":"ListItem","position":1,"name":"Home","item":"https:\/\/www.bellunopress.it\/"},{"@type":"ListItem","position":2,"name":"Belluno, il &#8220;Cielo sopra&#8221; si illumina per la terza serata: domani in scena &#8220;Quello che non c\u2019\u00e8&#8221;"}]},{"@type":"WebSite","@id":"https:\/\/www.bellunopress.it\/#website","url":"https:\/\/www.bellunopress.it\/","name":"Bellunopress - Dolomiti","description":"e-mail: redazione@bellunopress.it","publisher":{"@id":"https:\/\/www.bellunopress.it\/#organization"},"potentialAction":[{"@type":"SearchAction","target":{"@type":"EntryPoint","urlTemplate":"https:\/\/www.bellunopress.it\/?s={search_term_string}"},"query-input":{"@type":"PropertyValueSpecification","valueRequired":true,"valueName":"search_term_string"}}],"inLanguage":"fr-FR"},{"@type":"Organization","@id":"https:\/\/www.bellunopress.it\/#organization","name":"Bellunopress","url":"https:\/\/www.bellunopress.it\/","logo":{"@type":"ImageObject","inLanguage":"fr-FR","@id":"https:\/\/www.bellunopress.it\/#\/schema\/logo\/image\/","url":"https:\/\/www.bellunopress.it\/wp-content\/uploads\/2011\/05\/cropped-logo-bellunopress-.jpg","contentUrl":"https:\/\/www.bellunopress.it\/wp-content\/uploads\/2011\/05\/cropped-logo-bellunopress-.jpg","width":512,"height":512,"caption":"Bellunopress"},"image":{"@id":"https:\/\/www.bellunopress.it\/#\/schema\/logo\/image\/"},"sameAs":["https:\/\/www.facebook.com\/profile.php?id=100008943462799","https:\/\/x.com\/bellunopress","https:\/\/www.linkedin.com\/hp\/?dnr=JBzUWaJfMUw8vbXJJ2tVW5-I3jZKvC4wsoxE&amp;amp;amp;amp;amp;amp;trk=nav_responsive_tab_home","https:\/\/www.youtube.com\/channel\/UCxL0wu1uN0_3_7hGG0306cw"]},{"@type":"Person","@id":"https:\/\/www.bellunopress.it\/#\/schema\/person\/79bb06722b37ece1c03d3e94beb30d73","name":"r\u00e9daction","image":{"@type":"ImageObject","inLanguage":"fr-FR","@id":"https:\/\/secure.gravatar.com\/avatar\/37d968a2e67a6fd04c169c4bdef102d0bc5d31b2546345219e348575eb80e9a0?s=96&d=mm&r=g","url":"https:\/\/secure.gravatar.com\/avatar\/37d968a2e67a6fd04c169c4bdef102d0bc5d31b2546345219e348575eb80e9a0?s=96&d=mm&r=g","contentUrl":"https:\/\/secure.gravatar.com\/avatar\/37d968a2e67a6fd04c169c4bdef102d0bc5d31b2546345219e348575eb80e9a0?s=96&d=mm&r=g","caption":"redazione"},"sameAs":["http:\/\/www.bellunopress.it","https:\/\/x.com\/bellunopress"],"url":"https:\/\/www.bellunopress.it\/fr\/author\/redazione\/"}]}},"_links":{"self":[{"href":"https:\/\/www.bellunopress.it\/fr\/wp-json\/wp\/v2\/posts\/171632","targetHints":{"allow":["GET"]}}],"collection":[{"href":"https:\/\/www.bellunopress.it\/fr\/wp-json\/wp\/v2\/posts"}],"about":[{"href":"https:\/\/www.bellunopress.it\/fr\/wp-json\/wp\/v2\/types\/post"}],"author":[{"embeddable":true,"href":"https:\/\/www.bellunopress.it\/fr\/wp-json\/wp\/v2\/users\/2"}],"replies":[{"embeddable":true,"href":"https:\/\/www.bellunopress.it\/fr\/wp-json\/wp\/v2\/comments?post=171632"}],"version-history":[{"count":1,"href":"https:\/\/www.bellunopress.it\/fr\/wp-json\/wp\/v2\/posts\/171632\/revisions"}],"predecessor-version":[{"id":171634,"href":"https:\/\/www.bellunopress.it\/fr\/wp-json\/wp\/v2\/posts\/171632\/revisions\/171634"}],"wp:featuredmedia":[{"embeddable":true,"href":"https:\/\/www.bellunopress.it\/fr\/wp-json\/wp\/v2\/media\/171633"}],"wp:attachment":[{"href":"https:\/\/www.bellunopress.it\/fr\/wp-json\/wp\/v2\/media?parent=171632"}],"wp:term":[{"taxonomy":"category","embeddable":true,"href":"https:\/\/www.bellunopress.it\/fr\/wp-json\/wp\/v2\/categories?post=171632"},{"taxonomy":"post_tag","embeddable":true,"href":"https:\/\/www.bellunopress.it\/fr\/wp-json\/wp\/v2\/tags?post=171632"}],"curies":[{"name":"wp","href":"https:\/\/api.w.org\/{rel}","templated":true}]}}