{"id":171630,"date":"2026-07-02T16:11:05","date_gmt":"2026-07-02T14:11:05","guid":{"rendered":"https:\/\/www.bellunopress.it\/?p=171630"},"modified":"2026-07-02T16:11:05","modified_gmt":"2026-07-02T14:11:05","slug":"scuola-primaria-nuova-modalita-per-usufruire-delle-cedole-librarie","status":"publish","type":"post","link":"https:\/\/www.bellunopress.it\/fr\/2026\/07\/02\/scuola-primaria-nuova-modalita-per-usufruire-delle-cedole-librarie\/","title":{"rendered":"Scuola primaria. Nuova modalit\u00e0 per usufruire delle Cedole librarie"},"content":{"rendered":"<p><strong>C&#8217;\u00e8 una nuova modalit\u00e0 per usufruire delle Cedole librarie per la fornitura dei libri di testo per la scuola primaria &#8211; anno scolastico 2026\/2027<\/strong><\/p>\n<p>Riservate ai residenti, baster\u00e0 comunicare al libraio il codice fiscale dell\u2019alunno Nuove modalit\u00e0 per ottenere le cedole librarie che tutti gli studenti iscritti alla scuola primaria devono utilizzare per poter ricevere gratuitamente i libri di testo per il<br \/>\nprossimo anno scolastico 2026\/2027, cos\u00ec come stabilito dalla legge della Regione Veneto n. 16 del 27 aprile 2012.<br \/>\nIl nuovo sistema adottato prevede l\u2019abolizione della cedola cartacea, che quindi non sar\u00e0 pi\u00f9 distribuita a ciascun alunno: per poter richiedere i libri baster\u00e0 rivolgersi a un libraio che abbia aderito al servizio, comunicando il codice fiscale dell\u2019alunno.<br \/>\nIl libraio iscritto alla piattaforma potr\u00e0 consegnare i libri richiesti.<\/p>\n<p>Attualmente, hanno aderito le seguenti librerie:<br \/>\n\u2022 Alessandro Broi &#8211; Via Cavarzano \u2013 32100 Belluno<br \/>\n\u2022 Distribuzione Ufficio srl &#8211; Negozio Belluno &#8211; Via Giacomo Matteotti, 58 \u2013 32100 Belluno<br \/>\n\u2022 Cartolibreria Yle &#8211; Viale Stazione, 11 &#8211; 32014 Ponte nelle Alpi.<\/p>\n<p>L\u2019elenco verr\u00e0 pubblicato e progressivamente aggiornato nel sito Internet del Comune di Belluno.<br \/>\nSi consiglia di richiedere la ricevuta digitale della cedola dematerializzata lasciando al libraio un proprio indirizzo email.<br \/>\nLa gestione delle cedole librarie \u00e8 a cura del Comune in cui risiedono lo studente e la famiglia: quanti hanno in previsione un cambio di residenza devono tener conto del fatto che il Comune di riferimento per la fornitura dei libri di testo \u00e8 quello in cui<br \/>\nl&#8217;alunno risulter\u00e0 residente alla data del 1\u00b0 settembre 2026.<br \/>\nLe famiglie degli alunni frequentanti le scuole primarie in Comune di Belluno, ma NON residenti a Belluno, sono invitate a informarsi sulle modalit\u00e0 di fornitura dei libri di testo presso il loro Comune di residenza.<\/p>","protected":false},"excerpt":{"rendered":"<p>C&#8217;\u00e8 una nuova modalit\u00e0 per usufruire delle Cedole librarie per la fornitura dei libri di testo per la scuola primaria &#8211; anno scolastico 2026\/2027 Riservate ai residenti, baster\u00e0 comunicare al libraio il codice fiscale dell\u2019alunno Nuove modalit\u00e0 per ottenere le cedole librarie che tutti gli studenti iscritti alla scuola primaria devono utilizzare per poter ricevere [&hellip;]<\/p>\n","protected":false},"author":2,"featured_media":148367,"comment_status":"closed","ping_status":"open","sticky":false,"template":"","format":"standard","meta":{"footnotes":""},"categories":[15],"tags":[],"class_list":["post-171630","post","type-post","status-publish","format-standard","has-post-thumbnail","category-scuola"],"yoast_head":"<!-- This site is optimized with the Yoast SEO plugin v28.4 - https:\/\/yoast.com\/product\/yoast-seo-wordpress\/ -->\n<title>Scuola primaria. Nuova modalit\u00e0 per usufruire delle Cedole librarie - Bellunopress - Dolomiti<\/title>\n<meta name=\"robots\" content=\"index, follow, max-snippet:-1, max-image-preview:large, max-video-preview:-1\" \/>\n<link rel=\"canonical\" href=\"https:\/\/www.bellunopress.it\/fr\/2026\/07\/02\/scuola-primaria-nuova-modalita-per-usufruire-delle-cedole-librarie\/\" \/>\n<meta property=\"og:locale\" content=\"fr_FR\" \/>\n<meta property=\"og:type\" content=\"article\" \/>\n<meta property=\"og:title\" content=\"Scuola primaria. Nuova modalit\u00e0 per usufruire delle Cedole librarie - Bellunopress - Dolomiti\" \/>\n<meta property=\"og:description\" content=\"C&#8217;\u00e8 una nuova modalit\u00e0 per usufruire delle Cedole librarie per la fornitura dei libri di testo per la scuola primaria &#8211; anno scolastico 2026\/2027 Riservate ai residenti, baster\u00e0 comunicare al libraio il codice fiscale dell\u2019alunno Nuove modalit\u00e0 per ottenere le cedole librarie che tutti gli studenti iscritti alla scuola primaria devono utilizzare per poter ricevere [&hellip;]\" \/>\n<meta property=\"og:url\" content=\"https:\/\/www.bellunopress.it\/fr\/2026\/07\/02\/scuola-primaria-nuova-modalita-per-usufruire-delle-cedole-librarie\/\" \/>\n<meta property=\"og:site_name\" content=\"Bellunopress - Dolomiti\" \/>\n<meta property=\"article:publisher\" content=\"https:\/\/www.facebook.com\/profile.php?id=100008943462799\" \/>\n<meta property=\"article:published_time\" content=\"2026-07-02T14:11:05+00:00\" \/>\n<meta property=\"og:image\" content=\"https:\/\/www.bellunopress.it\/wp-content\/uploads\/2024\/02\/scuole-elementari-mur-di-cadola_edited.jpg\" \/>\n\t<meta property=\"og:image:width\" content=\"1000\" \/>\n\t<meta property=\"og:image:height\" content=\"684\" \/>\n\t<meta property=\"og:image:type\" content=\"image\/jpeg\" \/>\n<meta name=\"author\" content=\"redazione\" \/>\n<meta name=\"twitter:card\" content=\"summary_large_image\" \/>\n<meta name=\"twitter:creator\" content=\"@bellunopress\" \/>\n<meta name=\"twitter:site\" content=\"@bellunopress\" \/>\n<meta name=\"twitter:label1\" content=\"Written by\" \/>\n\t<meta name=\"twitter:data1\" content=\"redazione\" \/>\n\t<meta name=\"twitter:label2\" content=\"Est. reading time\" \/>\n\t<meta name=\"twitter:data2\" content=\"2 minutes\" \/>\n<script type=\"application\/ld+json\" class=\"yoast-schema-graph\">{\"@context\":\"https:\\\/\\\/schema.org\",\"@graph\":[{\"@type\":\"Article\",\"@id\":\"https:\\\/\\\/www.bellunopress.it\\\/2026\\\/07\\\/02\\\/scuola-primaria-nuova-modalita-per-usufruire-delle-cedole-librarie\\\/#article\",\"isPartOf\":{\"@id\":\"https:\\\/\\\/www.bellunopress.it\\\/2026\\\/07\\\/02\\\/scuola-primaria-nuova-modalita-per-usufruire-delle-cedole-librarie\\\/\"},\"author\":{\"name\":\"redazione\",\"@id\":\"https:\\\/\\\/www.bellunopress.it\\\/#\\\/schema\\\/person\\\/79bb06722b37ece1c03d3e94beb30d73\"},\"headline\":\"Scuola primaria. Nuova modalit\u00e0 per usufruire delle Cedole librarie\",\"datePublished\":\"2026-07-02T14:11:05+00:00\",\"mainEntityOfPage\":{\"@id\":\"https:\\\/\\\/www.bellunopress.it\\\/2026\\\/07\\\/02\\\/scuola-primaria-nuova-modalita-per-usufruire-delle-cedole-librarie\\\/\"},\"wordCount\":286,\"publisher\":{\"@id\":\"https:\\\/\\\/www.bellunopress.it\\\/#organization\"},\"image\":{\"@id\":\"https:\\\/\\\/www.bellunopress.it\\\/2026\\\/07\\\/02\\\/scuola-primaria-nuova-modalita-per-usufruire-delle-cedole-librarie\\\/#primaryimage\"},\"thumbnailUrl\":\"https:\\\/\\\/www.bellunopress.it\\\/wp-content\\\/uploads\\\/2024\\\/02\\\/scuole-elementari-mur-di-cadola_edited.jpg\",\"articleSection\":[\"Scuola\"],\"inLanguage\":\"fr-FR\"},{\"@type\":\"WebPage\",\"@id\":\"https:\\\/\\\/www.bellunopress.it\\\/2026\\\/07\\\/02\\\/scuola-primaria-nuova-modalita-per-usufruire-delle-cedole-librarie\\\/\",\"url\":\"https:\\\/\\\/www.bellunopress.it\\\/2026\\\/07\\\/02\\\/scuola-primaria-nuova-modalita-per-usufruire-delle-cedole-librarie\\\/\",\"name\":\"Scuola primaria. Nuova modalit\u00e0 per usufruire delle Cedole librarie - Bellunopress - Dolomiti\",\"isPartOf\":{\"@id\":\"https:\\\/\\\/www.bellunopress.it\\\/#website\"},\"primaryImageOfPage\":{\"@id\":\"https:\\\/\\\/www.bellunopress.it\\\/2026\\\/07\\\/02\\\/scuola-primaria-nuova-modalita-per-usufruire-delle-cedole-librarie\\\/#primaryimage\"},\"image\":{\"@id\":\"https:\\\/\\\/www.bellunopress.it\\\/2026\\\/07\\\/02\\\/scuola-primaria-nuova-modalita-per-usufruire-delle-cedole-librarie\\\/#primaryimage\"},\"thumbnailUrl\":\"https:\\\/\\\/www.bellunopress.it\\\/wp-content\\\/uploads\\\/2024\\\/02\\\/scuole-elementari-mur-di-cadola_edited.jpg\",\"datePublished\":\"2026-07-02T14:11:05+00:00\",\"breadcrumb\":{\"@id\":\"https:\\\/\\\/www.bellunopress.it\\\/2026\\\/07\\\/02\\\/scuola-primaria-nuova-modalita-per-usufruire-delle-cedole-librarie\\\/#breadcrumb\"},\"inLanguage\":\"fr-FR\",\"potentialAction\":[{\"@type\":\"ReadAction\",\"target\":[\"https:\\\/\\\/www.bellunopress.it\\\/2026\\\/07\\\/02\\\/scuola-primaria-nuova-modalita-per-usufruire-delle-cedole-librarie\\\/\"]}]},{\"@type\":\"ImageObject\",\"inLanguage\":\"fr-FR\",\"@id\":\"https:\\\/\\\/www.bellunopress.it\\\/2026\\\/07\\\/02\\\/scuola-primaria-nuova-modalita-per-usufruire-delle-cedole-librarie\\\/#primaryimage\",\"url\":\"https:\\\/\\\/www.bellunopress.it\\\/wp-content\\\/uploads\\\/2024\\\/02\\\/scuole-elementari-mur-di-cadola_edited.jpg\",\"contentUrl\":\"https:\\\/\\\/www.bellunopress.it\\\/wp-content\\\/uploads\\\/2024\\\/02\\\/scuole-elementari-mur-di-cadola_edited.jpg\",\"width\":1000,\"height\":684,\"caption\":\"Scuola elementare Mur di Cadola - Belluno\"},{\"@type\":\"BreadcrumbList\",\"@id\":\"https:\\\/\\\/www.bellunopress.it\\\/2026\\\/07\\\/02\\\/scuola-primaria-nuova-modalita-per-usufruire-delle-cedole-librarie\\\/#breadcrumb\",\"itemListElement\":[{\"@type\":\"ListItem\",\"position\":1,\"name\":\"Home\",\"item\":\"https:\\\/\\\/www.bellunopress.it\\\/\"},{\"@type\":\"ListItem\",\"position\":2,\"name\":\"Scuola primaria. Nuova modalit\u00e0 per usufruire delle Cedole librarie\"}]},{\"@type\":\"WebSite\",\"@id\":\"https:\\\/\\\/www.bellunopress.it\\\/#website\",\"url\":\"https:\\\/\\\/www.bellunopress.it\\\/\",\"name\":\"Bellunopress - Dolomiti\",\"description\":\"e-mail: redazione@bellunopress.it\",\"publisher\":{\"@id\":\"https:\\\/\\\/www.bellunopress.it\\\/#organization\"},\"potentialAction\":[{\"@type\":\"SearchAction\",\"target\":{\"@type\":\"EntryPoint\",\"urlTemplate\":\"https:\\\/\\\/www.bellunopress.it\\\/?s={search_term_string}\"},\"query-input\":{\"@type\":\"PropertyValueSpecification\",\"valueRequired\":true,\"valueName\":\"search_term_string\"}}],\"inLanguage\":\"fr-FR\"},{\"@type\":\"Organization\",\"@id\":\"https:\\\/\\\/www.bellunopress.it\\\/#organization\",\"name\":\"Bellunopress\",\"url\":\"https:\\\/\\\/www.bellunopress.it\\\/\",\"logo\":{\"@type\":\"ImageObject\",\"inLanguage\":\"fr-FR\",\"@id\":\"https:\\\/\\\/www.bellunopress.it\\\/#\\\/schema\\\/logo\\\/image\\\/\",\"url\":\"https:\\\/\\\/www.bellunopress.it\\\/wp-content\\\/uploads\\\/2011\\\/05\\\/cropped-logo-bellunopress-.jpg\",\"contentUrl\":\"https:\\\/\\\/www.bellunopress.it\\\/wp-content\\\/uploads\\\/2011\\\/05\\\/cropped-logo-bellunopress-.jpg\",\"width\":512,\"height\":512,\"caption\":\"Bellunopress\"},\"image\":{\"@id\":\"https:\\\/\\\/www.bellunopress.it\\\/#\\\/schema\\\/logo\\\/image\\\/\"},\"sameAs\":[\"https:\\\/\\\/www.facebook.com\\\/profile.php?id=100008943462799\",\"https:\\\/\\\/x.com\\\/bellunopress\",\"https:\\\/\\\/www.linkedin.com\\\/hp\\\/?dnr=JBzUWaJfMUw8vbXJJ2tVW5-I3jZKvC4wsoxE&amp;amp;amp;amp;amp;amp;trk=nav_responsive_tab_home\",\"https:\\\/\\\/www.youtube.com\\\/channel\\\/UCxL0wu1uN0_3_7hGG0306cw\"]},{\"@type\":\"Person\",\"@id\":\"https:\\\/\\\/www.bellunopress.it\\\/#\\\/schema\\\/person\\\/79bb06722b37ece1c03d3e94beb30d73\",\"name\":\"redazione\",\"image\":{\"@type\":\"ImageObject\",\"inLanguage\":\"fr-FR\",\"@id\":\"https:\\\/\\\/secure.gravatar.com\\\/avatar\\\/37d968a2e67a6fd04c169c4bdef102d0bc5d31b2546345219e348575eb80e9a0?s=96&d=mm&r=g\",\"url\":\"https:\\\/\\\/secure.gravatar.com\\\/avatar\\\/37d968a2e67a6fd04c169c4bdef102d0bc5d31b2546345219e348575eb80e9a0?s=96&d=mm&r=g\",\"contentUrl\":\"https:\\\/\\\/secure.gravatar.com\\\/avatar\\\/37d968a2e67a6fd04c169c4bdef102d0bc5d31b2546345219e348575eb80e9a0?s=96&d=mm&r=g\",\"caption\":\"redazione\"},\"sameAs\":[\"http:\\\/\\\/www.bellunopress.it\",\"https:\\\/\\\/x.com\\\/bellunopress\"],\"url\":\"https:\\\/\\\/www.bellunopress.it\\\/fr\\\/author\\\/redazione\\\/\"}]}<\/script>\n<!-- \/ Yoast SEO plugin. -->","yoast_head_json":{"title":"Scuola primaria. Nuova modalit\u00e0 per usufruire delle Cedole librarie - Bellunopress - Dolomiti","robots":{"index":"index","follow":"follow","max-snippet":"max-snippet:-1","max-image-preview":"max-image-preview:large","max-video-preview":"max-video-preview:-1"},"canonical":"https:\/\/www.bellunopress.it\/fr\/2026\/07\/02\/scuola-primaria-nuova-modalita-per-usufruire-delle-cedole-librarie\/","og_locale":"fr_FR","og_type":"article","og_title":"Scuola primaria. Nuova modalit\u00e0 per usufruire delle Cedole librarie - Bellunopress - Dolomiti","og_description":"C&#8217;\u00e8 una nuova modalit\u00e0 per usufruire delle Cedole librarie per la fornitura dei libri di testo per la scuola primaria &#8211; anno scolastico 2026\/2027 Riservate ai residenti, baster\u00e0 comunicare al libraio il codice fiscale dell\u2019alunno Nuove modalit\u00e0 per ottenere le cedole librarie che tutti gli studenti iscritti alla scuola primaria devono utilizzare per poter ricevere [&hellip;]","og_url":"https:\/\/www.bellunopress.it\/fr\/2026\/07\/02\/scuola-primaria-nuova-modalita-per-usufruire-delle-cedole-librarie\/","og_site_name":"Bellunopress - Dolomiti","article_publisher":"https:\/\/www.facebook.com\/profile.php?id=100008943462799","article_published_time":"2026-07-02T14:11:05+00:00","og_image":[{"width":1000,"height":684,"url":"https:\/\/www.bellunopress.it\/wp-content\/uploads\/2024\/02\/scuole-elementari-mur-di-cadola_edited.jpg","type":"image\/jpeg"}],"author":"redazione","twitter_card":"summary_large_image","twitter_creator":"@bellunopress","twitter_site":"@bellunopress","twitter_misc":{"Written by":"redazione","Est. reading time":"2 minutes"},"schema":{"@context":"https:\/\/schema.org","@graph":[{"@type":"Article","@id":"https:\/\/www.bellunopress.it\/2026\/07\/02\/scuola-primaria-nuova-modalita-per-usufruire-delle-cedole-librarie\/#article","isPartOf":{"@id":"https:\/\/www.bellunopress.it\/2026\/07\/02\/scuola-primaria-nuova-modalita-per-usufruire-delle-cedole-librarie\/"},"author":{"name":"redazione","@id":"https:\/\/www.bellunopress.it\/#\/schema\/person\/79bb06722b37ece1c03d3e94beb30d73"},"headline":"Scuola primaria. Nuova modalit\u00e0 per usufruire delle Cedole librarie","datePublished":"2026-07-02T14:11:05+00:00","mainEntityOfPage":{"@id":"https:\/\/www.bellunopress.it\/2026\/07\/02\/scuola-primaria-nuova-modalita-per-usufruire-delle-cedole-librarie\/"},"wordCount":286,"publisher":{"@id":"https:\/\/www.bellunopress.it\/#organization"},"image":{"@id":"https:\/\/www.bellunopress.it\/2026\/07\/02\/scuola-primaria-nuova-modalita-per-usufruire-delle-cedole-librarie\/#primaryimage"},"thumbnailUrl":"https:\/\/www.bellunopress.it\/wp-content\/uploads\/2024\/02\/scuole-elementari-mur-di-cadola_edited.jpg","articleSection":["Scuola"],"inLanguage":"fr-FR"},{"@type":"WebPage","@id":"https:\/\/www.bellunopress.it\/2026\/07\/02\/scuola-primaria-nuova-modalita-per-usufruire-delle-cedole-librarie\/","url":"https:\/\/www.bellunopress.it\/2026\/07\/02\/scuola-primaria-nuova-modalita-per-usufruire-delle-cedole-librarie\/","name":"Scuola primaria. Nuova modalit\u00e0 per usufruire delle Cedole librarie - Bellunopress - Dolomiti","isPartOf":{"@id":"https:\/\/www.bellunopress.it\/#website"},"primaryImageOfPage":{"@id":"https:\/\/www.bellunopress.it\/2026\/07\/02\/scuola-primaria-nuova-modalita-per-usufruire-delle-cedole-librarie\/#primaryimage"},"image":{"@id":"https:\/\/www.bellunopress.it\/2026\/07\/02\/scuola-primaria-nuova-modalita-per-usufruire-delle-cedole-librarie\/#primaryimage"},"thumbnailUrl":"https:\/\/www.bellunopress.it\/wp-content\/uploads\/2024\/02\/scuole-elementari-mur-di-cadola_edited.jpg","datePublished":"2026-07-02T14:11:05+00:00","breadcrumb":{"@id":"https:\/\/www.bellunopress.it\/2026\/07\/02\/scuola-primaria-nuova-modalita-per-usufruire-delle-cedole-librarie\/#breadcrumb"},"inLanguage":"fr-FR","potentialAction":[{"@type":"ReadAction","target":["https:\/\/www.bellunopress.it\/2026\/07\/02\/scuola-primaria-nuova-modalita-per-usufruire-delle-cedole-librarie\/"]}]},{"@type":"ImageObject","inLanguage":"fr-FR","@id":"https:\/\/www.bellunopress.it\/2026\/07\/02\/scuola-primaria-nuova-modalita-per-usufruire-delle-cedole-librarie\/#primaryimage","url":"https:\/\/www.bellunopress.it\/wp-content\/uploads\/2024\/02\/scuole-elementari-mur-di-cadola_edited.jpg","contentUrl":"https:\/\/www.bellunopress.it\/wp-content\/uploads\/2024\/02\/scuole-elementari-mur-di-cadola_edited.jpg","width":1000,"height":684,"caption":"Scuola elementare Mur di Cadola - Belluno"},{"@type":"BreadcrumbList","@id":"https:\/\/www.bellunopress.it\/2026\/07\/02\/scuola-primaria-nuova-modalita-per-usufruire-delle-cedole-librarie\/#breadcrumb","itemListElement":[{"@type":"ListItem","position":1,"name":"Home","item":"https:\/\/www.bellunopress.it\/"},{"@type":"ListItem","position":2,"name":"Scuola primaria. Nuova modalit\u00e0 per usufruire delle Cedole librarie"}]},{"@type":"WebSite","@id":"https:\/\/www.bellunopress.it\/#website","url":"https:\/\/www.bellunopress.it\/","name":"Bellunopress - Dolomiti","description":"e-mail: redazione@bellunopress.it","publisher":{"@id":"https:\/\/www.bellunopress.it\/#organization"},"potentialAction":[{"@type":"SearchAction","target":{"@type":"EntryPoint","urlTemplate":"https:\/\/www.bellunopress.it\/?s={search_term_string}"},"query-input":{"@type":"PropertyValueSpecification","valueRequired":true,"valueName":"search_term_string"}}],"inLanguage":"fr-FR"},{"@type":"Organization","@id":"https:\/\/www.bellunopress.it\/#organization","name":"Bellunopress","url":"https:\/\/www.bellunopress.it\/","logo":{"@type":"ImageObject","inLanguage":"fr-FR","@id":"https:\/\/www.bellunopress.it\/#\/schema\/logo\/image\/","url":"https:\/\/www.bellunopress.it\/wp-content\/uploads\/2011\/05\/cropped-logo-bellunopress-.jpg","contentUrl":"https:\/\/www.bellunopress.it\/wp-content\/uploads\/2011\/05\/cropped-logo-bellunopress-.jpg","width":512,"height":512,"caption":"Bellunopress"},"image":{"@id":"https:\/\/www.bellunopress.it\/#\/schema\/logo\/image\/"},"sameAs":["https:\/\/www.facebook.com\/profile.php?id=100008943462799","https:\/\/x.com\/bellunopress","https:\/\/www.linkedin.com\/hp\/?dnr=JBzUWaJfMUw8vbXJJ2tVW5-I3jZKvC4wsoxE&amp;amp;amp;amp;amp;amp;trk=nav_responsive_tab_home","https:\/\/www.youtube.com\/channel\/UCxL0wu1uN0_3_7hGG0306cw"]},{"@type":"Person","@id":"https:\/\/www.bellunopress.it\/#\/schema\/person\/79bb06722b37ece1c03d3e94beb30d73","name":"r\u00e9daction","image":{"@type":"ImageObject","inLanguage":"fr-FR","@id":"https:\/\/secure.gravatar.com\/avatar\/37d968a2e67a6fd04c169c4bdef102d0bc5d31b2546345219e348575eb80e9a0?s=96&d=mm&r=g","url":"https:\/\/secure.gravatar.com\/avatar\/37d968a2e67a6fd04c169c4bdef102d0bc5d31b2546345219e348575eb80e9a0?s=96&d=mm&r=g","contentUrl":"https:\/\/secure.gravatar.com\/avatar\/37d968a2e67a6fd04c169c4bdef102d0bc5d31b2546345219e348575eb80e9a0?s=96&d=mm&r=g","caption":"redazione"},"sameAs":["http:\/\/www.bellunopress.it","https:\/\/x.com\/bellunopress"],"url":"https:\/\/www.bellunopress.it\/fr\/author\/redazione\/"}]}},"_links":{"self":[{"href":"https:\/\/www.bellunopress.it\/fr\/wp-json\/wp\/v2\/posts\/171630","targetHints":{"allow":["GET"]}}],"collection":[{"href":"https:\/\/www.bellunopress.it\/fr\/wp-json\/wp\/v2\/posts"}],"about":[{"href":"https:\/\/www.bellunopress.it\/fr\/wp-json\/wp\/v2\/types\/post"}],"author":[{"embeddable":true,"href":"https:\/\/www.bellunopress.it\/fr\/wp-json\/wp\/v2\/users\/2"}],"replies":[{"embeddable":true,"href":"https:\/\/www.bellunopress.it\/fr\/wp-json\/wp\/v2\/comments?post=171630"}],"version-history":[{"count":1,"href":"https:\/\/www.bellunopress.it\/fr\/wp-json\/wp\/v2\/posts\/171630\/revisions"}],"predecessor-version":[{"id":171631,"href":"https:\/\/www.bellunopress.it\/fr\/wp-json\/wp\/v2\/posts\/171630\/revisions\/171631"}],"wp:featuredmedia":[{"embeddable":true,"href":"https:\/\/www.bellunopress.it\/fr\/wp-json\/wp\/v2\/media\/148367"}],"wp:attachment":[{"href":"https:\/\/www.bellunopress.it\/fr\/wp-json\/wp\/v2\/media?parent=171630"}],"wp:term":[{"taxonomy":"category","embeddable":true,"href":"https:\/\/www.bellunopress.it\/fr\/wp-json\/wp\/v2\/categories?post=171630"},{"taxonomy":"post_tag","embeddable":true,"href":"https:\/\/www.bellunopress.it\/fr\/wp-json\/wp\/v2\/tags?post=171630"}],"curies":[{"name":"wp","href":"https:\/\/api.w.org\/{rel}","templated":true}]}}