{"id":171625,"date":"2026-07-02T15:29:42","date_gmt":"2026-07-02T13:29:42","guid":{"rendered":"https:\/\/www.bellunopress.it\/?p=171625"},"modified":"2026-07-02T15:29:42","modified_gmt":"2026-07-02T13:29:42","slug":"tribunale-di-belluno-il-senatore-de-carlo-rassicura-nessun-rischio-chiusura-in-arrivo-nuove-forze","status":"publish","type":"post","link":"https:\/\/www.bellunopress.it\/fr\/2026\/07\/02\/tribunale-di-belluno-il-senatore-de-carlo-rassicura-nessun-rischio-chiusura-in-arrivo-nuove-forze\/","title":{"rendered":"Tribunale di Belluno, il senatore De Carlo rassicura: &#8220;Nessun rischio chiusura, in arrivo nuove forze&#8221;"},"content":{"rendered":"<p data-path-to-node=\"3\"><b data-path-to-node=\"3\" data-index-in-node=\"0\">Il parlamentare bellunese di Fratelli d\u2019Italia interviene per fugare i timori sul presidio giudiziario, puntando sulla stabilizzazione del personale e sulle misure previste dalla Legge sulla Montagna.<\/b><\/p>\n<p data-path-to-node=\"4\">Belluno, 02\/07\/2026\u00a0\u2013 Nessun pericolo per il futuro del Tribunale di Belluno. A sgomberare il campo dalle preoccupazioni circolate nelle ultime ore \u00e8 il senatore bellunese Luca De Carlo (Fratelli d\u2019Italia), presidente della IX Commissione del Senato. Il parlamentare ha fatto sapere di essersi immediatamente attivato con i vertici del Ministero della Giustizia per ottenere chiarimenti, ricevendo rassicurazioni dirette dal sottosegretario Alberto Balboni, con il quale \u00e8 gi\u00e0 stato programmato un incontro di approfondimento.<\/p>\n<p data-path-to-node=\"6\">Il punto centrale sollevato da De Carlo riguarda la gestione del personale negli Uffici per il Processo (Upp). Il senatore ha ricordato come il governo Meloni abbia invertito la rotta rispetto alle impostazioni del precedente esecutivo, che aveva previsto il ricorso a figure precarie finanziate dal PNRR.<\/p>\n<p data-path-to-node=\"7\">&#8220;\u00c8 stata una scelta precisa di questo Governo quella di stabilizzare il personale degli Upp, un\u2019operazione che ha comportato uno straordinario impegno economico&#8221;, ha sottolineato De Carlo. Il piano nazionale prevede oltre 9mila stabilizzazioni complessive, di cui quasi 7mila addetti agli uffici giudiziari. Una prima tranche \u00e8 gi\u00e0 in corso, mentre un secondo scaglione, composto da oltre 1.300 unit\u00e0, sar\u00e0 stabilizzato subito dopo l&#8217;estate.<\/p>\n<p data-path-to-node=\"9\">Oltre alle assunzioni, il senatore punta l&#8217;attenzione sulla strategia normativa per i territori periferici. Il riferimento \u00e8 alla Legge sulla Montagna, che si avvia verso la fase attuativa e che contiene, in particolare all&#8217;articolo 9, misure specifiche dedicate al sistema giudiziario montano.<\/p>\n<p data-path-to-node=\"10\">Queste norme introducono facilitazioni concrete per il trasferimento di personale verso tribunali di montagna come quello di Belluno, storicamente soggetti a maggiori difficolt\u00e0 di copertura degli organici rispetto ai grandi centri urbani.<\/p>\n<p data-path-to-node=\"11\">&#8220;Questo dimostra che l&#8217;attenzione del Governo verso la giustizia montana non \u00e8 un impegno estemporaneo, ma una linea d&#8217;azione costante e strutturale&#8221;, conclude De Carlo. Una presa di posizione che mira a dare certezze non solo agli operatori del settore, ma all&#8217;intero territorio bellunese, che vede nel proprio Tribunale un presidio di legalit\u00e0 fondamentale per la cittadinanza.<\/p>","protected":false},"excerpt":{"rendered":"<p>Il parlamentare bellunese di Fratelli d\u2019Italia interviene per fugare i timori sul presidio giudiziario, puntando sulla stabilizzazione del personale e sulle misure previste dalla Legge sulla Montagna. Belluno, 02\/07\/2026\u00a0\u2013 Nessun pericolo per il futuro del Tribunale di Belluno. A sgomberare il campo dalle preoccupazioni circolate nelle ultime ore \u00e8 il senatore bellunese Luca De Carlo [&hellip;]<\/p>\n","protected":false},"author":2,"featured_media":118527,"comment_status":"closed","ping_status":"open","sticky":false,"template":"","format":"standard","meta":{"footnotes":""},"categories":[5,26],"tags":[],"class_list":["post-171625","post","type-post","status-publish","format-standard","has-post-thumbnail","category-cronaca","category-prima-pagina"],"yoast_head":"<!-- This site is optimized with the Yoast SEO plugin v28.4 - https:\/\/yoast.com\/product\/yoast-seo-wordpress\/ -->\n<title>Tribunale di Belluno, il senatore De Carlo rassicura: &quot;Nessun rischio chiusura, in arrivo nuove forze&quot; - Bellunopress - Dolomiti<\/title>\n<meta name=\"robots\" content=\"index, follow, max-snippet:-1, max-image-preview:large, max-video-preview:-1\" \/>\n<link rel=\"canonical\" href=\"https:\/\/www.bellunopress.it\/fr\/2026\/07\/02\/tribunale-di-belluno-il-senatore-de-carlo-rassicura-nessun-rischio-chiusura-in-arrivo-nuove-forze\/\" \/>\n<meta property=\"og:locale\" content=\"fr_FR\" \/>\n<meta property=\"og:type\" content=\"article\" \/>\n<meta property=\"og:title\" content=\"Tribunale di Belluno, il senatore De Carlo rassicura: &quot;Nessun rischio chiusura, in arrivo nuove forze&quot; - Bellunopress - Dolomiti\" \/>\n<meta property=\"og:description\" content=\"Il parlamentare bellunese di Fratelli d\u2019Italia interviene per fugare i timori sul presidio giudiziario, puntando sulla stabilizzazione del personale e sulle misure previste dalla Legge sulla Montagna. Belluno, 02\/07\/2026\u00a0\u2013 Nessun pericolo per il futuro del Tribunale di Belluno. A sgomberare il campo dalle preoccupazioni circolate nelle ultime ore \u00e8 il senatore bellunese Luca De Carlo [&hellip;]\" \/>\n<meta property=\"og:url\" content=\"https:\/\/www.bellunopress.it\/fr\/2026\/07\/02\/tribunale-di-belluno-il-senatore-de-carlo-rassicura-nessun-rischio-chiusura-in-arrivo-nuove-forze\/\" \/>\n<meta property=\"og:site_name\" content=\"Bellunopress - Dolomiti\" \/>\n<meta property=\"article:publisher\" content=\"https:\/\/www.facebook.com\/profile.php?id=100008943462799\" \/>\n<meta property=\"article:published_time\" content=\"2026-07-02T13:29:42+00:00\" \/>\n<meta property=\"og:image\" content=\"https:\/\/www.bellunopress.it\/wp-content\/uploads\/2020\/10\/palazzo-di-giustizia-tribunale_edited.jpg\" \/>\n\t<meta property=\"og:image:width\" content=\"800\" \/>\n\t<meta property=\"og:image:height\" content=\"523\" \/>\n\t<meta property=\"og:image:type\" content=\"image\/jpeg\" \/>\n<meta name=\"author\" content=\"redazione\" \/>\n<meta name=\"twitter:card\" content=\"summary_large_image\" \/>\n<meta name=\"twitter:creator\" content=\"@bellunopress\" \/>\n<meta name=\"twitter:site\" content=\"@bellunopress\" \/>\n<meta name=\"twitter:label1\" content=\"\u00c9crit par\" \/>\n\t<meta name=\"twitter:data1\" content=\"redazione\" \/>\n\t<meta name=\"twitter:label2\" content=\"Dur\u00e9e de lecture estim\u00e9e\" \/>\n\t<meta name=\"twitter:data2\" content=\"3 minutes\" \/>\n<script type=\"application\/ld+json\" class=\"yoast-schema-graph\">{\"@context\":\"https:\\\/\\\/schema.org\",\"@graph\":[{\"@type\":\"Article\",\"@id\":\"https:\\\/\\\/www.bellunopress.it\\\/2026\\\/07\\\/02\\\/tribunale-di-belluno-il-senatore-de-carlo-rassicura-nessun-rischio-chiusura-in-arrivo-nuove-forze\\\/#article\",\"isPartOf\":{\"@id\":\"https:\\\/\\\/www.bellunopress.it\\\/2026\\\/07\\\/02\\\/tribunale-di-belluno-il-senatore-de-carlo-rassicura-nessun-rischio-chiusura-in-arrivo-nuove-forze\\\/\"},\"author\":{\"name\":\"redazione\",\"@id\":\"https:\\\/\\\/www.bellunopress.it\\\/#\\\/schema\\\/person\\\/79bb06722b37ece1c03d3e94beb30d73\"},\"headline\":\"Tribunale di Belluno, il senatore De Carlo rassicura: &#8220;Nessun rischio chiusura, in arrivo nuove forze&#8221;\",\"datePublished\":\"2026-07-02T13:29:42+00:00\",\"mainEntityOfPage\":{\"@id\":\"https:\\\/\\\/www.bellunopress.it\\\/2026\\\/07\\\/02\\\/tribunale-di-belluno-il-senatore-de-carlo-rassicura-nessun-rischio-chiusura-in-arrivo-nuove-forze\\\/\"},\"wordCount\":357,\"publisher\":{\"@id\":\"https:\\\/\\\/www.bellunopress.it\\\/#organization\"},\"image\":{\"@id\":\"https:\\\/\\\/www.bellunopress.it\\\/2026\\\/07\\\/02\\\/tribunale-di-belluno-il-senatore-de-carlo-rassicura-nessun-rischio-chiusura-in-arrivo-nuove-forze\\\/#primaryimage\"},\"thumbnailUrl\":\"https:\\\/\\\/www.bellunopress.it\\\/wp-content\\\/uploads\\\/2020\\\/10\\\/palazzo-di-giustizia-tribunale_edited.jpg\",\"articleSection\":[\"Cronaca\\\/Politica\",\"Prima Pagina\"],\"inLanguage\":\"fr-FR\"},{\"@type\":\"WebPage\",\"@id\":\"https:\\\/\\\/www.bellunopress.it\\\/2026\\\/07\\\/02\\\/tribunale-di-belluno-il-senatore-de-carlo-rassicura-nessun-rischio-chiusura-in-arrivo-nuove-forze\\\/\",\"url\":\"https:\\\/\\\/www.bellunopress.it\\\/2026\\\/07\\\/02\\\/tribunale-di-belluno-il-senatore-de-carlo-rassicura-nessun-rischio-chiusura-in-arrivo-nuove-forze\\\/\",\"name\":\"Tribunale di Belluno, il senatore De Carlo rassicura: \\\"Nessun rischio chiusura, in arrivo nuove forze\\\" - Bellunopress - Dolomiti\",\"isPartOf\":{\"@id\":\"https:\\\/\\\/www.bellunopress.it\\\/#website\"},\"primaryImageOfPage\":{\"@id\":\"https:\\\/\\\/www.bellunopress.it\\\/2026\\\/07\\\/02\\\/tribunale-di-belluno-il-senatore-de-carlo-rassicura-nessun-rischio-chiusura-in-arrivo-nuove-forze\\\/#primaryimage\"},\"image\":{\"@id\":\"https:\\\/\\\/www.bellunopress.it\\\/2026\\\/07\\\/02\\\/tribunale-di-belluno-il-senatore-de-carlo-rassicura-nessun-rischio-chiusura-in-arrivo-nuove-forze\\\/#primaryimage\"},\"thumbnailUrl\":\"https:\\\/\\\/www.bellunopress.it\\\/wp-content\\\/uploads\\\/2020\\\/10\\\/palazzo-di-giustizia-tribunale_edited.jpg\",\"datePublished\":\"2026-07-02T13:29:42+00:00\",\"breadcrumb\":{\"@id\":\"https:\\\/\\\/www.bellunopress.it\\\/2026\\\/07\\\/02\\\/tribunale-di-belluno-il-senatore-de-carlo-rassicura-nessun-rischio-chiusura-in-arrivo-nuove-forze\\\/#breadcrumb\"},\"inLanguage\":\"fr-FR\",\"potentialAction\":[{\"@type\":\"ReadAction\",\"target\":[\"https:\\\/\\\/www.bellunopress.it\\\/2026\\\/07\\\/02\\\/tribunale-di-belluno-il-senatore-de-carlo-rassicura-nessun-rischio-chiusura-in-arrivo-nuove-forze\\\/\"]}]},{\"@type\":\"ImageObject\",\"inLanguage\":\"fr-FR\",\"@id\":\"https:\\\/\\\/www.bellunopress.it\\\/2026\\\/07\\\/02\\\/tribunale-di-belluno-il-senatore-de-carlo-rassicura-nessun-rischio-chiusura-in-arrivo-nuove-forze\\\/#primaryimage\",\"url\":\"https:\\\/\\\/www.bellunopress.it\\\/wp-content\\\/uploads\\\/2020\\\/10\\\/palazzo-di-giustizia-tribunale_edited.jpg\",\"contentUrl\":\"https:\\\/\\\/www.bellunopress.it\\\/wp-content\\\/uploads\\\/2020\\\/10\\\/palazzo-di-giustizia-tribunale_edited.jpg\",\"width\":800,\"height\":523,\"caption\":\"Palazzo di Giustizia di Belluno\"},{\"@type\":\"BreadcrumbList\",\"@id\":\"https:\\\/\\\/www.bellunopress.it\\\/2026\\\/07\\\/02\\\/tribunale-di-belluno-il-senatore-de-carlo-rassicura-nessun-rischio-chiusura-in-arrivo-nuove-forze\\\/#breadcrumb\",\"itemListElement\":[{\"@type\":\"ListItem\",\"position\":1,\"name\":\"Home\",\"item\":\"https:\\\/\\\/www.bellunopress.it\\\/\"},{\"@type\":\"ListItem\",\"position\":2,\"name\":\"Tribunale di Belluno, il senatore De Carlo rassicura: &#8220;Nessun rischio chiusura, in arrivo nuove forze&#8221;\"}]},{\"@type\":\"WebSite\",\"@id\":\"https:\\\/\\\/www.bellunopress.it\\\/#website\",\"url\":\"https:\\\/\\\/www.bellunopress.it\\\/\",\"name\":\"Bellunopress - Dolomiti\",\"description\":\"e-mail: redazione@bellunopress.it\",\"publisher\":{\"@id\":\"https:\\\/\\\/www.bellunopress.it\\\/#organization\"},\"potentialAction\":[{\"@type\":\"SearchAction\",\"target\":{\"@type\":\"EntryPoint\",\"urlTemplate\":\"https:\\\/\\\/www.bellunopress.it\\\/?s={search_term_string}\"},\"query-input\":{\"@type\":\"PropertyValueSpecification\",\"valueRequired\":true,\"valueName\":\"search_term_string\"}}],\"inLanguage\":\"fr-FR\"},{\"@type\":\"Organization\",\"@id\":\"https:\\\/\\\/www.bellunopress.it\\\/#organization\",\"name\":\"Bellunopress\",\"url\":\"https:\\\/\\\/www.bellunopress.it\\\/\",\"logo\":{\"@type\":\"ImageObject\",\"inLanguage\":\"fr-FR\",\"@id\":\"https:\\\/\\\/www.bellunopress.it\\\/#\\\/schema\\\/logo\\\/image\\\/\",\"url\":\"https:\\\/\\\/www.bellunopress.it\\\/wp-content\\\/uploads\\\/2011\\\/05\\\/cropped-logo-bellunopress-.jpg\",\"contentUrl\":\"https:\\\/\\\/www.bellunopress.it\\\/wp-content\\\/uploads\\\/2011\\\/05\\\/cropped-logo-bellunopress-.jpg\",\"width\":512,\"height\":512,\"caption\":\"Bellunopress\"},\"image\":{\"@id\":\"https:\\\/\\\/www.bellunopress.it\\\/#\\\/schema\\\/logo\\\/image\\\/\"},\"sameAs\":[\"https:\\\/\\\/www.facebook.com\\\/profile.php?id=100008943462799\",\"https:\\\/\\\/x.com\\\/bellunopress\",\"https:\\\/\\\/www.linkedin.com\\\/hp\\\/?dnr=JBzUWaJfMUw8vbXJJ2tVW5-I3jZKvC4wsoxE&amp;amp;amp;amp;amp;amp;trk=nav_responsive_tab_home\",\"https:\\\/\\\/www.youtube.com\\\/channel\\\/UCxL0wu1uN0_3_7hGG0306cw\"]},{\"@type\":\"Person\",\"@id\":\"https:\\\/\\\/www.bellunopress.it\\\/#\\\/schema\\\/person\\\/79bb06722b37ece1c03d3e94beb30d73\",\"name\":\"redazione\",\"image\":{\"@type\":\"ImageObject\",\"inLanguage\":\"fr-FR\",\"@id\":\"https:\\\/\\\/secure.gravatar.com\\\/avatar\\\/37d968a2e67a6fd04c169c4bdef102d0bc5d31b2546345219e348575eb80e9a0?s=96&d=mm&r=g\",\"url\":\"https:\\\/\\\/secure.gravatar.com\\\/avatar\\\/37d968a2e67a6fd04c169c4bdef102d0bc5d31b2546345219e348575eb80e9a0?s=96&d=mm&r=g\",\"contentUrl\":\"https:\\\/\\\/secure.gravatar.com\\\/avatar\\\/37d968a2e67a6fd04c169c4bdef102d0bc5d31b2546345219e348575eb80e9a0?s=96&d=mm&r=g\",\"caption\":\"redazione\"},\"sameAs\":[\"http:\\\/\\\/www.bellunopress.it\",\"https:\\\/\\\/x.com\\\/bellunopress\"],\"url\":\"https:\\\/\\\/www.bellunopress.it\\\/fr\\\/author\\\/redazione\\\/\"}]}<\/script>\n<!-- \/ Yoast SEO plugin. -->","yoast_head_json":{"title":"Tribunale di Belluno, il senatore De Carlo rassicura: \"Nessun rischio chiusura, in arrivo nuove forze\" - Bellunopress - Dolomiti","robots":{"index":"index","follow":"follow","max-snippet":"max-snippet:-1","max-image-preview":"max-image-preview:large","max-video-preview":"max-video-preview:-1"},"canonical":"https:\/\/www.bellunopress.it\/fr\/2026\/07\/02\/tribunale-di-belluno-il-senatore-de-carlo-rassicura-nessun-rischio-chiusura-in-arrivo-nuove-forze\/","og_locale":"fr_FR","og_type":"article","og_title":"Tribunale di Belluno, il senatore De Carlo rassicura: \"Nessun rischio chiusura, in arrivo nuove forze\" - Bellunopress - Dolomiti","og_description":"Il parlamentare bellunese di Fratelli d\u2019Italia interviene per fugare i timori sul presidio giudiziario, puntando sulla stabilizzazione del personale e sulle misure previste dalla Legge sulla Montagna. Belluno, 02\/07\/2026\u00a0\u2013 Nessun pericolo per il futuro del Tribunale di Belluno. A sgomberare il campo dalle preoccupazioni circolate nelle ultime ore \u00e8 il senatore bellunese Luca De Carlo [&hellip;]","og_url":"https:\/\/www.bellunopress.it\/fr\/2026\/07\/02\/tribunale-di-belluno-il-senatore-de-carlo-rassicura-nessun-rischio-chiusura-in-arrivo-nuove-forze\/","og_site_name":"Bellunopress - Dolomiti","article_publisher":"https:\/\/www.facebook.com\/profile.php?id=100008943462799","article_published_time":"2026-07-02T13:29:42+00:00","og_image":[{"width":800,"height":523,"url":"https:\/\/www.bellunopress.it\/wp-content\/uploads\/2020\/10\/palazzo-di-giustizia-tribunale_edited.jpg","type":"image\/jpeg"}],"author":"redazione","twitter_card":"summary_large_image","twitter_creator":"@bellunopress","twitter_site":"@bellunopress","twitter_misc":{"\u00c9crit par":"redazione","Dur\u00e9e de lecture estim\u00e9e":"3 minutes"},"schema":{"@context":"https:\/\/schema.org","@graph":[{"@type":"Article","@id":"https:\/\/www.bellunopress.it\/2026\/07\/02\/tribunale-di-belluno-il-senatore-de-carlo-rassicura-nessun-rischio-chiusura-in-arrivo-nuove-forze\/#article","isPartOf":{"@id":"https:\/\/www.bellunopress.it\/2026\/07\/02\/tribunale-di-belluno-il-senatore-de-carlo-rassicura-nessun-rischio-chiusura-in-arrivo-nuove-forze\/"},"author":{"name":"redazione","@id":"https:\/\/www.bellunopress.it\/#\/schema\/person\/79bb06722b37ece1c03d3e94beb30d73"},"headline":"Tribunale di Belluno, il senatore De Carlo rassicura: &#8220;Nessun rischio chiusura, in arrivo nuove forze&#8221;","datePublished":"2026-07-02T13:29:42+00:00","mainEntityOfPage":{"@id":"https:\/\/www.bellunopress.it\/2026\/07\/02\/tribunale-di-belluno-il-senatore-de-carlo-rassicura-nessun-rischio-chiusura-in-arrivo-nuove-forze\/"},"wordCount":357,"publisher":{"@id":"https:\/\/www.bellunopress.it\/#organization"},"image":{"@id":"https:\/\/www.bellunopress.it\/2026\/07\/02\/tribunale-di-belluno-il-senatore-de-carlo-rassicura-nessun-rischio-chiusura-in-arrivo-nuove-forze\/#primaryimage"},"thumbnailUrl":"https:\/\/www.bellunopress.it\/wp-content\/uploads\/2020\/10\/palazzo-di-giustizia-tribunale_edited.jpg","articleSection":["Cronaca\/Politica","Prima Pagina"],"inLanguage":"fr-FR"},{"@type":"WebPage","@id":"https:\/\/www.bellunopress.it\/2026\/07\/02\/tribunale-di-belluno-il-senatore-de-carlo-rassicura-nessun-rischio-chiusura-in-arrivo-nuove-forze\/","url":"https:\/\/www.bellunopress.it\/2026\/07\/02\/tribunale-di-belluno-il-senatore-de-carlo-rassicura-nessun-rischio-chiusura-in-arrivo-nuove-forze\/","name":"Tribunale di Belluno, il senatore De Carlo rassicura: \"Nessun rischio chiusura, in arrivo nuove forze\" - Bellunopress - Dolomiti","isPartOf":{"@id":"https:\/\/www.bellunopress.it\/#website"},"primaryImageOfPage":{"@id":"https:\/\/www.bellunopress.it\/2026\/07\/02\/tribunale-di-belluno-il-senatore-de-carlo-rassicura-nessun-rischio-chiusura-in-arrivo-nuove-forze\/#primaryimage"},"image":{"@id":"https:\/\/www.bellunopress.it\/2026\/07\/02\/tribunale-di-belluno-il-senatore-de-carlo-rassicura-nessun-rischio-chiusura-in-arrivo-nuove-forze\/#primaryimage"},"thumbnailUrl":"https:\/\/www.bellunopress.it\/wp-content\/uploads\/2020\/10\/palazzo-di-giustizia-tribunale_edited.jpg","datePublished":"2026-07-02T13:29:42+00:00","breadcrumb":{"@id":"https:\/\/www.bellunopress.it\/2026\/07\/02\/tribunale-di-belluno-il-senatore-de-carlo-rassicura-nessun-rischio-chiusura-in-arrivo-nuove-forze\/#breadcrumb"},"inLanguage":"fr-FR","potentialAction":[{"@type":"ReadAction","target":["https:\/\/www.bellunopress.it\/2026\/07\/02\/tribunale-di-belluno-il-senatore-de-carlo-rassicura-nessun-rischio-chiusura-in-arrivo-nuove-forze\/"]}]},{"@type":"ImageObject","inLanguage":"fr-FR","@id":"https:\/\/www.bellunopress.it\/2026\/07\/02\/tribunale-di-belluno-il-senatore-de-carlo-rassicura-nessun-rischio-chiusura-in-arrivo-nuove-forze\/#primaryimage","url":"https:\/\/www.bellunopress.it\/wp-content\/uploads\/2020\/10\/palazzo-di-giustizia-tribunale_edited.jpg","contentUrl":"https:\/\/www.bellunopress.it\/wp-content\/uploads\/2020\/10\/palazzo-di-giustizia-tribunale_edited.jpg","width":800,"height":523,"caption":"Palazzo di Giustizia di Belluno"},{"@type":"BreadcrumbList","@id":"https:\/\/www.bellunopress.it\/2026\/07\/02\/tribunale-di-belluno-il-senatore-de-carlo-rassicura-nessun-rischio-chiusura-in-arrivo-nuove-forze\/#breadcrumb","itemListElement":[{"@type":"ListItem","position":1,"name":"Home","item":"https:\/\/www.bellunopress.it\/"},{"@type":"ListItem","position":2,"name":"Tribunale di Belluno, il senatore De Carlo rassicura: &#8220;Nessun rischio chiusura, in arrivo nuove forze&#8221;"}]},{"@type":"WebSite","@id":"https:\/\/www.bellunopress.it\/#website","url":"https:\/\/www.bellunopress.it\/","name":"Bellunopress - Dolomiti","description":"e-mail: redazione@bellunopress.it","publisher":{"@id":"https:\/\/www.bellunopress.it\/#organization"},"potentialAction":[{"@type":"SearchAction","target":{"@type":"EntryPoint","urlTemplate":"https:\/\/www.bellunopress.it\/?s={search_term_string}"},"query-input":{"@type":"PropertyValueSpecification","valueRequired":true,"valueName":"search_term_string"}}],"inLanguage":"fr-FR"},{"@type":"Organization","@id":"https:\/\/www.bellunopress.it\/#organization","name":"Bellunopress","url":"https:\/\/www.bellunopress.it\/","logo":{"@type":"ImageObject","inLanguage":"fr-FR","@id":"https:\/\/www.bellunopress.it\/#\/schema\/logo\/image\/","url":"https:\/\/www.bellunopress.it\/wp-content\/uploads\/2011\/05\/cropped-logo-bellunopress-.jpg","contentUrl":"https:\/\/www.bellunopress.it\/wp-content\/uploads\/2011\/05\/cropped-logo-bellunopress-.jpg","width":512,"height":512,"caption":"Bellunopress"},"image":{"@id":"https:\/\/www.bellunopress.it\/#\/schema\/logo\/image\/"},"sameAs":["https:\/\/www.facebook.com\/profile.php?id=100008943462799","https:\/\/x.com\/bellunopress","https:\/\/www.linkedin.com\/hp\/?dnr=JBzUWaJfMUw8vbXJJ2tVW5-I3jZKvC4wsoxE&amp;amp;amp;amp;amp;amp;trk=nav_responsive_tab_home","https:\/\/www.youtube.com\/channel\/UCxL0wu1uN0_3_7hGG0306cw"]},{"@type":"Person","@id":"https:\/\/www.bellunopress.it\/#\/schema\/person\/79bb06722b37ece1c03d3e94beb30d73","name":"r\u00e9daction","image":{"@type":"ImageObject","inLanguage":"fr-FR","@id":"https:\/\/secure.gravatar.com\/avatar\/37d968a2e67a6fd04c169c4bdef102d0bc5d31b2546345219e348575eb80e9a0?s=96&d=mm&r=g","url":"https:\/\/secure.gravatar.com\/avatar\/37d968a2e67a6fd04c169c4bdef102d0bc5d31b2546345219e348575eb80e9a0?s=96&d=mm&r=g","contentUrl":"https:\/\/secure.gravatar.com\/avatar\/37d968a2e67a6fd04c169c4bdef102d0bc5d31b2546345219e348575eb80e9a0?s=96&d=mm&r=g","caption":"redazione"},"sameAs":["http:\/\/www.bellunopress.it","https:\/\/x.com\/bellunopress"],"url":"https:\/\/www.bellunopress.it\/fr\/author\/redazione\/"}]}},"_links":{"self":[{"href":"https:\/\/www.bellunopress.it\/fr\/wp-json\/wp\/v2\/posts\/171625","targetHints":{"allow":["GET"]}}],"collection":[{"href":"https:\/\/www.bellunopress.it\/fr\/wp-json\/wp\/v2\/posts"}],"about":[{"href":"https:\/\/www.bellunopress.it\/fr\/wp-json\/wp\/v2\/types\/post"}],"author":[{"embeddable":true,"href":"https:\/\/www.bellunopress.it\/fr\/wp-json\/wp\/v2\/users\/2"}],"replies":[{"embeddable":true,"href":"https:\/\/www.bellunopress.it\/fr\/wp-json\/wp\/v2\/comments?post=171625"}],"version-history":[{"count":1,"href":"https:\/\/www.bellunopress.it\/fr\/wp-json\/wp\/v2\/posts\/171625\/revisions"}],"predecessor-version":[{"id":171626,"href":"https:\/\/www.bellunopress.it\/fr\/wp-json\/wp\/v2\/posts\/171625\/revisions\/171626"}],"wp:featuredmedia":[{"embeddable":true,"href":"https:\/\/www.bellunopress.it\/fr\/wp-json\/wp\/v2\/media\/118527"}],"wp:attachment":[{"href":"https:\/\/www.bellunopress.it\/fr\/wp-json\/wp\/v2\/media?parent=171625"}],"wp:term":[{"taxonomy":"category","embeddable":true,"href":"https:\/\/www.bellunopress.it\/fr\/wp-json\/wp\/v2\/categories?post=171625"},{"taxonomy":"post_tag","embeddable":true,"href":"https:\/\/www.bellunopress.it\/fr\/wp-json\/wp\/v2\/tags?post=171625"}],"curies":[{"name":"wp","href":"https:\/\/api.w.org\/{rel}","templated":true}]}}