{"id":171612,"date":"2026-07-01T20:35:03","date_gmt":"2026-07-01T18:35:03","guid":{"rendered":"https:\/\/www.bellunopress.it\/?p=171612"},"modified":"2026-07-01T20:35:03","modified_gmt":"2026-07-01T18:35:03","slug":"una-nuova-casa-per-il-soccorso-alpino-vigo-di-cadore-ottiene-150mila-euro-per-la-sede-di-pelos","status":"publish","type":"post","link":"https:\/\/www.bellunopress.it\/fr\/2026\/07\/01\/una-nuova-casa-per-il-soccorso-alpino-vigo-di-cadore-ottiene-150mila-euro-per-la-sede-di-pelos\/","title":{"rendered":"Una nuova casa per il Soccorso Alpino: Vigo di Cadore ottiene 150mila euro per la sede di Pelos"},"content":{"rendered":"<p data-path-to-node=\"3\">Il Comune di Vigo di Cadore taglia un traguardo fondamentale per la sicurezza e la gestione dell\u2019emergenza in montagna: \u00e8 stato assegnato un contributo di 150mila euro tramite un bando GAL, destinato alla realizzazione della nuova sede della stazione del Soccorso Alpino Centro Cadore.<\/p>\n<p data-path-to-node=\"4\">Il progetto, che trover\u00e0 spazio all&#8217;interno dell&#8217;edificio delle ex scuole di Pelos, rappresenta il coronamento di un percorso avviato circa un anno fa e sostenuto con determinazione dalla consigliera regionale Silvia Calligaro, gi\u00e0 sindaco del comune, che ha seguito da vicino l&#8217;iter di questa importante iniziativa.<\/p>\n<p data-path-to-node=\"6\">La nuova struttura non \u00e8 stata pensata esclusivamente come un deposito per i mezzi, sebbene la collocazione permetter\u00e0 una gestione ottimale della flotta, sempre pronta a intervenire in caso di emergenza. La visione sottesa al progetto \u00e8 decisamente pi\u00f9 ampia e punta a creare uno spazio polifunzionale dedicato al benessere dei volontari e della comunit\u00e0.<\/p>\n<p data-path-to-node=\"7\">La sede sar\u00e0 infatti dotata di:<\/p>\n<ul data-path-to-node=\"8\">\n<li>\n<p data-path-to-node=\"8,0,0\">Spazi adeguati per il ricovero dei mezzi di soccorso.<\/p>\n<\/li>\n<li>\n<p data-path-to-node=\"8,1,0\">Spogliatoi e locali tecnici.<\/p>\n<\/li>\n<li>\n<p data-path-to-node=\"8,2,0\">Aree dedicate alla formazione continua.<\/p>\n<\/li>\n<li>\n<p data-path-to-node=\"8,3,0\">Ambienti accoglienti pensati per il supporto psicologico in momenti di particolare delicatezza.<\/p>\n<\/li>\n<\/ul>\n<p data-path-to-node=\"9\">L&#8217;obiettivo \u00e8 quello di trasformare l\u2019edificio in un vero e proprio punto di riferimento, non solo operativo, ma anche umano, offrendo accoglienza e conforto a chi, dopo un incidente in montagna, si ritrova ad affrontare situazioni di smarrimento o dolore.<\/p>\n<p data-path-to-node=\"11\">Silvia Calligaro ha espresso grande soddisfazione per il risultato raggiunto, nonostante la complessit\u00e0 dell&#8217;iter burocratico e progettuale: \u00abLa salita \u00e8 stata impegnativa, ma ho avuto al mio fianco persone che ci hanno creduto fin dall&#8217;inizio, in particolare i ragazzi della stazione del Soccorso Alpino\u00bb.<\/p>\n<p data-path-to-node=\"12\">Nel commentare il traguardo, Calligaro ha voluto lanciare un messaggio di gratitudine verso chi opera quotidianamente tra le vette: \u00abTroppo spesso ci ricordiamo del Soccorso Alpino solo nel momento del bisogno. Dobbiamo invece imparare a ricordare sempre chi mette il proprio tempo, le competenze e la propria sicurezza al servizio degli altri\u00bb.<\/p>\n<p data-path-to-node=\"14\">Per l&#8217;ex sindaco, la realizzazione di questa sede assume anche un significato personale e intimo, legato alla memoria di chi ha amato profondamente la montagna. \u00abQuesto traguardo ha un sapore ancora pi\u00f9 intenso\u00bb, confida Calligaro, ricordando la propria esperienza familiare. \u00abSono certa che tutti coloro che sono andati avanti possano essere felici di vedere un passo cos\u00ec importante per chi vive, ama e protegge la nostra montagna\u00bb.<\/p>","protected":false},"excerpt":{"rendered":"<p>Il Comune di Vigo di Cadore taglia un traguardo fondamentale per la sicurezza e la gestione dell\u2019emergenza in montagna: \u00e8 stato assegnato un contributo di 150mila euro tramite un bando GAL, destinato alla realizzazione della nuova sede della stazione del Soccorso Alpino Centro Cadore. Il progetto, che trover\u00e0 spazio all&#8217;interno dell&#8217;edificio delle ex scuole di [&hellip;]<\/p>\n","protected":false},"author":2,"featured_media":166894,"comment_status":"closed","ping_status":"open","sticky":false,"template":"","format":"standard","meta":{"footnotes":""},"categories":[5],"tags":[],"class_list":["post-171612","post","type-post","status-publish","format-standard","has-post-thumbnail","category-cronaca"],"yoast_head":"<!-- This site is optimized with the Yoast SEO plugin v28.4 - https:\/\/yoast.com\/product\/yoast-seo-wordpress\/ -->\n<title>Una nuova casa per il Soccorso Alpino: Vigo di Cadore ottiene 150mila euro per la sede di Pelos - Bellunopress - Dolomiti<\/title>\n<meta name=\"robots\" content=\"index, follow, max-snippet:-1, max-image-preview:large, max-video-preview:-1\" \/>\n<link rel=\"canonical\" href=\"https:\/\/www.bellunopress.it\/fr\/2026\/07\/01\/una-nuova-casa-per-il-soccorso-alpino-vigo-di-cadore-ottiene-150mila-euro-per-la-sede-di-pelos\/\" \/>\n<meta property=\"og:locale\" content=\"fr_FR\" \/>\n<meta property=\"og:type\" content=\"article\" \/>\n<meta property=\"og:title\" content=\"Una nuova casa per il Soccorso Alpino: Vigo di Cadore ottiene 150mila euro per la sede di Pelos - Bellunopress - Dolomiti\" \/>\n<meta property=\"og:description\" content=\"Il Comune di Vigo di Cadore taglia un traguardo fondamentale per la sicurezza e la gestione dell\u2019emergenza in montagna: \u00e8 stato assegnato un contributo di 150mila euro tramite un bando GAL, destinato alla realizzazione della nuova sede della stazione del Soccorso Alpino Centro Cadore. Il progetto, che trover\u00e0 spazio all&#8217;interno dell&#8217;edificio delle ex scuole di [&hellip;]\" \/>\n<meta property=\"og:url\" content=\"https:\/\/www.bellunopress.it\/fr\/2026\/07\/01\/una-nuova-casa-per-il-soccorso-alpino-vigo-di-cadore-ottiene-150mila-euro-per-la-sede-di-pelos\/\" \/>\n<meta property=\"og:site_name\" content=\"Bellunopress - Dolomiti\" \/>\n<meta property=\"article:publisher\" content=\"https:\/\/www.facebook.com\/profile.php?id=100008943462799\" \/>\n<meta property=\"article:published_time\" content=\"2026-07-01T18:35:03+00:00\" \/>\n<meta property=\"og:image\" content=\"https:\/\/www.bellunopress.it\/wp-content\/uploads\/2026\/01\/Silvia-Calligaro.jpg\" \/>\n\t<meta property=\"og:image:width\" content=\"600\" \/>\n\t<meta property=\"og:image:height\" content=\"400\" \/>\n\t<meta property=\"og:image:type\" content=\"image\/jpeg\" \/>\n<meta name=\"author\" content=\"redazione\" \/>\n<meta name=\"twitter:card\" content=\"summary_large_image\" \/>\n<meta name=\"twitter:creator\" content=\"@bellunopress\" \/>\n<meta name=\"twitter:site\" content=\"@bellunopress\" \/>\n<meta name=\"twitter:label1\" content=\"\u00c9crit par\" \/>\n\t<meta name=\"twitter:data1\" content=\"redazione\" \/>\n\t<meta name=\"twitter:label2\" content=\"Dur\u00e9e de lecture estim\u00e9e\" \/>\n\t<meta name=\"twitter:data2\" content=\"3 minutes\" \/>\n<script type=\"application\/ld+json\" class=\"yoast-schema-graph\">{\"@context\":\"https:\\\/\\\/schema.org\",\"@graph\":[{\"@type\":\"Article\",\"@id\":\"https:\\\/\\\/www.bellunopress.it\\\/2026\\\/07\\\/01\\\/una-nuova-casa-per-il-soccorso-alpino-vigo-di-cadore-ottiene-150mila-euro-per-la-sede-di-pelos\\\/#article\",\"isPartOf\":{\"@id\":\"https:\\\/\\\/www.bellunopress.it\\\/2026\\\/07\\\/01\\\/una-nuova-casa-per-il-soccorso-alpino-vigo-di-cadore-ottiene-150mila-euro-per-la-sede-di-pelos\\\/\"},\"author\":{\"name\":\"redazione\",\"@id\":\"https:\\\/\\\/www.bellunopress.it\\\/#\\\/schema\\\/person\\\/79bb06722b37ece1c03d3e94beb30d73\"},\"headline\":\"Una nuova casa per il Soccorso Alpino: Vigo di Cadore ottiene 150mila euro per la sede di Pelos\",\"datePublished\":\"2026-07-01T18:35:03+00:00\",\"mainEntityOfPage\":{\"@id\":\"https:\\\/\\\/www.bellunopress.it\\\/2026\\\/07\\\/01\\\/una-nuova-casa-per-il-soccorso-alpino-vigo-di-cadore-ottiene-150mila-euro-per-la-sede-di-pelos\\\/\"},\"wordCount\":406,\"publisher\":{\"@id\":\"https:\\\/\\\/www.bellunopress.it\\\/#organization\"},\"image\":{\"@id\":\"https:\\\/\\\/www.bellunopress.it\\\/2026\\\/07\\\/01\\\/una-nuova-casa-per-il-soccorso-alpino-vigo-di-cadore-ottiene-150mila-euro-per-la-sede-di-pelos\\\/#primaryimage\"},\"thumbnailUrl\":\"https:\\\/\\\/www.bellunopress.it\\\/wp-content\\\/uploads\\\/2026\\\/01\\\/Silvia-Calligaro.jpg\",\"articleSection\":[\"Cronaca\\\/Politica\"],\"inLanguage\":\"fr-FR\"},{\"@type\":\"WebPage\",\"@id\":\"https:\\\/\\\/www.bellunopress.it\\\/2026\\\/07\\\/01\\\/una-nuova-casa-per-il-soccorso-alpino-vigo-di-cadore-ottiene-150mila-euro-per-la-sede-di-pelos\\\/\",\"url\":\"https:\\\/\\\/www.bellunopress.it\\\/2026\\\/07\\\/01\\\/una-nuova-casa-per-il-soccorso-alpino-vigo-di-cadore-ottiene-150mila-euro-per-la-sede-di-pelos\\\/\",\"name\":\"Una nuova casa per il Soccorso Alpino: Vigo di Cadore ottiene 150mila euro per la sede di Pelos - Bellunopress - Dolomiti\",\"isPartOf\":{\"@id\":\"https:\\\/\\\/www.bellunopress.it\\\/#website\"},\"primaryImageOfPage\":{\"@id\":\"https:\\\/\\\/www.bellunopress.it\\\/2026\\\/07\\\/01\\\/una-nuova-casa-per-il-soccorso-alpino-vigo-di-cadore-ottiene-150mila-euro-per-la-sede-di-pelos\\\/#primaryimage\"},\"image\":{\"@id\":\"https:\\\/\\\/www.bellunopress.it\\\/2026\\\/07\\\/01\\\/una-nuova-casa-per-il-soccorso-alpino-vigo-di-cadore-ottiene-150mila-euro-per-la-sede-di-pelos\\\/#primaryimage\"},\"thumbnailUrl\":\"https:\\\/\\\/www.bellunopress.it\\\/wp-content\\\/uploads\\\/2026\\\/01\\\/Silvia-Calligaro.jpg\",\"datePublished\":\"2026-07-01T18:35:03+00:00\",\"breadcrumb\":{\"@id\":\"https:\\\/\\\/www.bellunopress.it\\\/2026\\\/07\\\/01\\\/una-nuova-casa-per-il-soccorso-alpino-vigo-di-cadore-ottiene-150mila-euro-per-la-sede-di-pelos\\\/#breadcrumb\"},\"inLanguage\":\"fr-FR\",\"potentialAction\":[{\"@type\":\"ReadAction\",\"target\":[\"https:\\\/\\\/www.bellunopress.it\\\/2026\\\/07\\\/01\\\/una-nuova-casa-per-il-soccorso-alpino-vigo-di-cadore-ottiene-150mila-euro-per-la-sede-di-pelos\\\/\"]}]},{\"@type\":\"ImageObject\",\"inLanguage\":\"fr-FR\",\"@id\":\"https:\\\/\\\/www.bellunopress.it\\\/2026\\\/07\\\/01\\\/una-nuova-casa-per-il-soccorso-alpino-vigo-di-cadore-ottiene-150mila-euro-per-la-sede-di-pelos\\\/#primaryimage\",\"url\":\"https:\\\/\\\/www.bellunopress.it\\\/wp-content\\\/uploads\\\/2026\\\/01\\\/Silvia-Calligaro.jpg\",\"contentUrl\":\"https:\\\/\\\/www.bellunopress.it\\\/wp-content\\\/uploads\\\/2026\\\/01\\\/Silvia-Calligaro.jpg\",\"width\":600,\"height\":400,\"caption\":\"Silvia Calligaro, consigliera regionale\"},{\"@type\":\"BreadcrumbList\",\"@id\":\"https:\\\/\\\/www.bellunopress.it\\\/2026\\\/07\\\/01\\\/una-nuova-casa-per-il-soccorso-alpino-vigo-di-cadore-ottiene-150mila-euro-per-la-sede-di-pelos\\\/#breadcrumb\",\"itemListElement\":[{\"@type\":\"ListItem\",\"position\":1,\"name\":\"Home\",\"item\":\"https:\\\/\\\/www.bellunopress.it\\\/\"},{\"@type\":\"ListItem\",\"position\":2,\"name\":\"Una nuova casa per il Soccorso Alpino: Vigo di Cadore ottiene 150mila euro per la sede di Pelos\"}]},{\"@type\":\"WebSite\",\"@id\":\"https:\\\/\\\/www.bellunopress.it\\\/#website\",\"url\":\"https:\\\/\\\/www.bellunopress.it\\\/\",\"name\":\"Bellunopress - Dolomiti\",\"description\":\"e-mail: redazione@bellunopress.it\",\"publisher\":{\"@id\":\"https:\\\/\\\/www.bellunopress.it\\\/#organization\"},\"potentialAction\":[{\"@type\":\"SearchAction\",\"target\":{\"@type\":\"EntryPoint\",\"urlTemplate\":\"https:\\\/\\\/www.bellunopress.it\\\/?s={search_term_string}\"},\"query-input\":{\"@type\":\"PropertyValueSpecification\",\"valueRequired\":true,\"valueName\":\"search_term_string\"}}],\"inLanguage\":\"fr-FR\"},{\"@type\":\"Organization\",\"@id\":\"https:\\\/\\\/www.bellunopress.it\\\/#organization\",\"name\":\"Bellunopress\",\"url\":\"https:\\\/\\\/www.bellunopress.it\\\/\",\"logo\":{\"@type\":\"ImageObject\",\"inLanguage\":\"fr-FR\",\"@id\":\"https:\\\/\\\/www.bellunopress.it\\\/#\\\/schema\\\/logo\\\/image\\\/\",\"url\":\"https:\\\/\\\/www.bellunopress.it\\\/wp-content\\\/uploads\\\/2011\\\/05\\\/cropped-logo-bellunopress-.jpg\",\"contentUrl\":\"https:\\\/\\\/www.bellunopress.it\\\/wp-content\\\/uploads\\\/2011\\\/05\\\/cropped-logo-bellunopress-.jpg\",\"width\":512,\"height\":512,\"caption\":\"Bellunopress\"},\"image\":{\"@id\":\"https:\\\/\\\/www.bellunopress.it\\\/#\\\/schema\\\/logo\\\/image\\\/\"},\"sameAs\":[\"https:\\\/\\\/www.facebook.com\\\/profile.php?id=100008943462799\",\"https:\\\/\\\/x.com\\\/bellunopress\",\"https:\\\/\\\/www.linkedin.com\\\/hp\\\/?dnr=JBzUWaJfMUw8vbXJJ2tVW5-I3jZKvC4wsoxE&amp;amp;amp;amp;amp;amp;trk=nav_responsive_tab_home\",\"https:\\\/\\\/www.youtube.com\\\/channel\\\/UCxL0wu1uN0_3_7hGG0306cw\"]},{\"@type\":\"Person\",\"@id\":\"https:\\\/\\\/www.bellunopress.it\\\/#\\\/schema\\\/person\\\/79bb06722b37ece1c03d3e94beb30d73\",\"name\":\"redazione\",\"image\":{\"@type\":\"ImageObject\",\"inLanguage\":\"fr-FR\",\"@id\":\"https:\\\/\\\/secure.gravatar.com\\\/avatar\\\/37d968a2e67a6fd04c169c4bdef102d0bc5d31b2546345219e348575eb80e9a0?s=96&d=mm&r=g\",\"url\":\"https:\\\/\\\/secure.gravatar.com\\\/avatar\\\/37d968a2e67a6fd04c169c4bdef102d0bc5d31b2546345219e348575eb80e9a0?s=96&d=mm&r=g\",\"contentUrl\":\"https:\\\/\\\/secure.gravatar.com\\\/avatar\\\/37d968a2e67a6fd04c169c4bdef102d0bc5d31b2546345219e348575eb80e9a0?s=96&d=mm&r=g\",\"caption\":\"redazione\"},\"sameAs\":[\"http:\\\/\\\/www.bellunopress.it\",\"https:\\\/\\\/x.com\\\/bellunopress\"],\"url\":\"https:\\\/\\\/www.bellunopress.it\\\/fr\\\/author\\\/redazione\\\/\"}]}<\/script>\n<!-- \/ Yoast SEO plugin. -->","yoast_head_json":{"title":"Una nuova casa per il Soccorso Alpino: Vigo di Cadore ottiene 150mila euro per la sede di Pelos - Bellunopress - Dolomiti","robots":{"index":"index","follow":"follow","max-snippet":"max-snippet:-1","max-image-preview":"max-image-preview:large","max-video-preview":"max-video-preview:-1"},"canonical":"https:\/\/www.bellunopress.it\/fr\/2026\/07\/01\/una-nuova-casa-per-il-soccorso-alpino-vigo-di-cadore-ottiene-150mila-euro-per-la-sede-di-pelos\/","og_locale":"fr_FR","og_type":"article","og_title":"Una nuova casa per il Soccorso Alpino: Vigo di Cadore ottiene 150mila euro per la sede di Pelos - Bellunopress - Dolomiti","og_description":"Il Comune di Vigo di Cadore taglia un traguardo fondamentale per la sicurezza e la gestione dell\u2019emergenza in montagna: \u00e8 stato assegnato un contributo di 150mila euro tramite un bando GAL, destinato alla realizzazione della nuova sede della stazione del Soccorso Alpino Centro Cadore. Il progetto, che trover\u00e0 spazio all&#8217;interno dell&#8217;edificio delle ex scuole di [&hellip;]","og_url":"https:\/\/www.bellunopress.it\/fr\/2026\/07\/01\/una-nuova-casa-per-il-soccorso-alpino-vigo-di-cadore-ottiene-150mila-euro-per-la-sede-di-pelos\/","og_site_name":"Bellunopress - Dolomiti","article_publisher":"https:\/\/www.facebook.com\/profile.php?id=100008943462799","article_published_time":"2026-07-01T18:35:03+00:00","og_image":[{"width":600,"height":400,"url":"https:\/\/www.bellunopress.it\/wp-content\/uploads\/2026\/01\/Silvia-Calligaro.jpg","type":"image\/jpeg"}],"author":"redazione","twitter_card":"summary_large_image","twitter_creator":"@bellunopress","twitter_site":"@bellunopress","twitter_misc":{"\u00c9crit par":"redazione","Dur\u00e9e de lecture estim\u00e9e":"3 minutes"},"schema":{"@context":"https:\/\/schema.org","@graph":[{"@type":"Article","@id":"https:\/\/www.bellunopress.it\/2026\/07\/01\/una-nuova-casa-per-il-soccorso-alpino-vigo-di-cadore-ottiene-150mila-euro-per-la-sede-di-pelos\/#article","isPartOf":{"@id":"https:\/\/www.bellunopress.it\/2026\/07\/01\/una-nuova-casa-per-il-soccorso-alpino-vigo-di-cadore-ottiene-150mila-euro-per-la-sede-di-pelos\/"},"author":{"name":"redazione","@id":"https:\/\/www.bellunopress.it\/#\/schema\/person\/79bb06722b37ece1c03d3e94beb30d73"},"headline":"Una nuova casa per il Soccorso Alpino: Vigo di Cadore ottiene 150mila euro per la sede di Pelos","datePublished":"2026-07-01T18:35:03+00:00","mainEntityOfPage":{"@id":"https:\/\/www.bellunopress.it\/2026\/07\/01\/una-nuova-casa-per-il-soccorso-alpino-vigo-di-cadore-ottiene-150mila-euro-per-la-sede-di-pelos\/"},"wordCount":406,"publisher":{"@id":"https:\/\/www.bellunopress.it\/#organization"},"image":{"@id":"https:\/\/www.bellunopress.it\/2026\/07\/01\/una-nuova-casa-per-il-soccorso-alpino-vigo-di-cadore-ottiene-150mila-euro-per-la-sede-di-pelos\/#primaryimage"},"thumbnailUrl":"https:\/\/www.bellunopress.it\/wp-content\/uploads\/2026\/01\/Silvia-Calligaro.jpg","articleSection":["Cronaca\/Politica"],"inLanguage":"fr-FR"},{"@type":"WebPage","@id":"https:\/\/www.bellunopress.it\/2026\/07\/01\/una-nuova-casa-per-il-soccorso-alpino-vigo-di-cadore-ottiene-150mila-euro-per-la-sede-di-pelos\/","url":"https:\/\/www.bellunopress.it\/2026\/07\/01\/una-nuova-casa-per-il-soccorso-alpino-vigo-di-cadore-ottiene-150mila-euro-per-la-sede-di-pelos\/","name":"Una nuova casa per il Soccorso Alpino: Vigo di Cadore ottiene 150mila euro per la sede di Pelos - Bellunopress - Dolomiti","isPartOf":{"@id":"https:\/\/www.bellunopress.it\/#website"},"primaryImageOfPage":{"@id":"https:\/\/www.bellunopress.it\/2026\/07\/01\/una-nuova-casa-per-il-soccorso-alpino-vigo-di-cadore-ottiene-150mila-euro-per-la-sede-di-pelos\/#primaryimage"},"image":{"@id":"https:\/\/www.bellunopress.it\/2026\/07\/01\/una-nuova-casa-per-il-soccorso-alpino-vigo-di-cadore-ottiene-150mila-euro-per-la-sede-di-pelos\/#primaryimage"},"thumbnailUrl":"https:\/\/www.bellunopress.it\/wp-content\/uploads\/2026\/01\/Silvia-Calligaro.jpg","datePublished":"2026-07-01T18:35:03+00:00","breadcrumb":{"@id":"https:\/\/www.bellunopress.it\/2026\/07\/01\/una-nuova-casa-per-il-soccorso-alpino-vigo-di-cadore-ottiene-150mila-euro-per-la-sede-di-pelos\/#breadcrumb"},"inLanguage":"fr-FR","potentialAction":[{"@type":"ReadAction","target":["https:\/\/www.bellunopress.it\/2026\/07\/01\/una-nuova-casa-per-il-soccorso-alpino-vigo-di-cadore-ottiene-150mila-euro-per-la-sede-di-pelos\/"]}]},{"@type":"ImageObject","inLanguage":"fr-FR","@id":"https:\/\/www.bellunopress.it\/2026\/07\/01\/una-nuova-casa-per-il-soccorso-alpino-vigo-di-cadore-ottiene-150mila-euro-per-la-sede-di-pelos\/#primaryimage","url":"https:\/\/www.bellunopress.it\/wp-content\/uploads\/2026\/01\/Silvia-Calligaro.jpg","contentUrl":"https:\/\/www.bellunopress.it\/wp-content\/uploads\/2026\/01\/Silvia-Calligaro.jpg","width":600,"height":400,"caption":"Silvia Calligaro, consigliera regionale"},{"@type":"BreadcrumbList","@id":"https:\/\/www.bellunopress.it\/2026\/07\/01\/una-nuova-casa-per-il-soccorso-alpino-vigo-di-cadore-ottiene-150mila-euro-per-la-sede-di-pelos\/#breadcrumb","itemListElement":[{"@type":"ListItem","position":1,"name":"Home","item":"https:\/\/www.bellunopress.it\/"},{"@type":"ListItem","position":2,"name":"Una nuova casa per il Soccorso Alpino: Vigo di Cadore ottiene 150mila euro per la sede di Pelos"}]},{"@type":"WebSite","@id":"https:\/\/www.bellunopress.it\/#website","url":"https:\/\/www.bellunopress.it\/","name":"Bellunopress - Dolomiti","description":"e-mail: redazione@bellunopress.it","publisher":{"@id":"https:\/\/www.bellunopress.it\/#organization"},"potentialAction":[{"@type":"SearchAction","target":{"@type":"EntryPoint","urlTemplate":"https:\/\/www.bellunopress.it\/?s={search_term_string}"},"query-input":{"@type":"PropertyValueSpecification","valueRequired":true,"valueName":"search_term_string"}}],"inLanguage":"fr-FR"},{"@type":"Organization","@id":"https:\/\/www.bellunopress.it\/#organization","name":"Bellunopress","url":"https:\/\/www.bellunopress.it\/","logo":{"@type":"ImageObject","inLanguage":"fr-FR","@id":"https:\/\/www.bellunopress.it\/#\/schema\/logo\/image\/","url":"https:\/\/www.bellunopress.it\/wp-content\/uploads\/2011\/05\/cropped-logo-bellunopress-.jpg","contentUrl":"https:\/\/www.bellunopress.it\/wp-content\/uploads\/2011\/05\/cropped-logo-bellunopress-.jpg","width":512,"height":512,"caption":"Bellunopress"},"image":{"@id":"https:\/\/www.bellunopress.it\/#\/schema\/logo\/image\/"},"sameAs":["https:\/\/www.facebook.com\/profile.php?id=100008943462799","https:\/\/x.com\/bellunopress","https:\/\/www.linkedin.com\/hp\/?dnr=JBzUWaJfMUw8vbXJJ2tVW5-I3jZKvC4wsoxE&amp;amp;amp;amp;amp;amp;trk=nav_responsive_tab_home","https:\/\/www.youtube.com\/channel\/UCxL0wu1uN0_3_7hGG0306cw"]},{"@type":"Person","@id":"https:\/\/www.bellunopress.it\/#\/schema\/person\/79bb06722b37ece1c03d3e94beb30d73","name":"r\u00e9daction","image":{"@type":"ImageObject","inLanguage":"fr-FR","@id":"https:\/\/secure.gravatar.com\/avatar\/37d968a2e67a6fd04c169c4bdef102d0bc5d31b2546345219e348575eb80e9a0?s=96&d=mm&r=g","url":"https:\/\/secure.gravatar.com\/avatar\/37d968a2e67a6fd04c169c4bdef102d0bc5d31b2546345219e348575eb80e9a0?s=96&d=mm&r=g","contentUrl":"https:\/\/secure.gravatar.com\/avatar\/37d968a2e67a6fd04c169c4bdef102d0bc5d31b2546345219e348575eb80e9a0?s=96&d=mm&r=g","caption":"redazione"},"sameAs":["http:\/\/www.bellunopress.it","https:\/\/x.com\/bellunopress"],"url":"https:\/\/www.bellunopress.it\/fr\/author\/redazione\/"}]}},"_links":{"self":[{"href":"https:\/\/www.bellunopress.it\/fr\/wp-json\/wp\/v2\/posts\/171612","targetHints":{"allow":["GET"]}}],"collection":[{"href":"https:\/\/www.bellunopress.it\/fr\/wp-json\/wp\/v2\/posts"}],"about":[{"href":"https:\/\/www.bellunopress.it\/fr\/wp-json\/wp\/v2\/types\/post"}],"author":[{"embeddable":true,"href":"https:\/\/www.bellunopress.it\/fr\/wp-json\/wp\/v2\/users\/2"}],"replies":[{"embeddable":true,"href":"https:\/\/www.bellunopress.it\/fr\/wp-json\/wp\/v2\/comments?post=171612"}],"version-history":[{"count":1,"href":"https:\/\/www.bellunopress.it\/fr\/wp-json\/wp\/v2\/posts\/171612\/revisions"}],"predecessor-version":[{"id":171613,"href":"https:\/\/www.bellunopress.it\/fr\/wp-json\/wp\/v2\/posts\/171612\/revisions\/171613"}],"wp:featuredmedia":[{"embeddable":true,"href":"https:\/\/www.bellunopress.it\/fr\/wp-json\/wp\/v2\/media\/166894"}],"wp:attachment":[{"href":"https:\/\/www.bellunopress.it\/fr\/wp-json\/wp\/v2\/media?parent=171612"}],"wp:term":[{"taxonomy":"category","embeddable":true,"href":"https:\/\/www.bellunopress.it\/fr\/wp-json\/wp\/v2\/categories?post=171612"},{"taxonomy":"post_tag","embeddable":true,"href":"https:\/\/www.bellunopress.it\/fr\/wp-json\/wp\/v2\/tags?post=171612"}],"curies":[{"name":"wp","href":"https:\/\/api.w.org\/{rel}","templated":true}]}}