{"id":171610,"date":"2026-07-01T20:20:08","date_gmt":"2026-07-01T18:20:08","guid":{"rendered":"https:\/\/www.bellunopress.it\/?p=171610"},"modified":"2026-07-01T20:20:08","modified_gmt":"2026-07-01T18:20:08","slug":"tornare-alle-vecchie-province-ce-chi-dice-no","status":"publish","type":"post","link":"https:\/\/www.bellunopress.it\/fr\/2026\/07\/01\/tornare-alle-vecchie-province-ce-chi-dice-no\/","title":{"rendered":"Tornare alle vecchie province? C&#8217;\u00e8 chi dice NO"},"content":{"rendered":"<p><strong>&#8220;Province-Frankenstein&#8221;, Bertolutti (PPN) boccia la riforma della Giunta FVG<\/strong><\/p>\n<p>Il referente regionale del Partito Popolare del Nord attacca il progetto di reintrodurre le vecchie province, definendolo un errore culturale e uno spreco di risorse pubbliche.<\/p>\n<p>Udine, 01\/07\/2026 \u2013 Il dibattito sulla riforma degli enti locali in Friuli-Venezia Giulia si accende con le dure critiche di Claudio<br \/>\nBertolutti, referente regionale del Partito Popolare del Nord. Bertolutti si \u00e8 espresso con estrema fermezza contro il<br \/>\nprogetto della Giunta regionale che mira a ripristinare le quattro province storiche, bollando l&#8217;iniziativa come un<br \/>\npericoloso ritorno al passato.<\/p>\n<p>Secondo l&#8217;esponente del PPN, il disegno di legge in discussione non fa altro che creare delle &#8220;Province-Frankenstein&#8221;,<br \/>\nistituzioni che, a suo avviso, sono destinate a rivelarsi inutili e prive di reali competenze o risorse certe.<\/p>\n<p>&#8220;Riesumare le vecchie province significa creare enti privi di funzioni chiare e risorse certe, destinati a diventare<br \/>\ninutili poltronifici. Si tratta di un\u2019operazione che si prefigura come un errore culturale e, soprattutto, come un<br \/>\npozzo economico a fondo perso&#8221;, ha dichiarato Bertolutti.<\/p>\n<p>Bertolutti ha sollevato dubbi pesanti anche sulla sostenibilit\u00e0 economica dell&#8217;operazione. Ha evidenziato come il costo<br \/>\nattuale del personale si attesti gi\u00e0 sui 27 milioni di euro per i 360 dipendenti degli Enti di decentramento. A queste<br \/>\ncifre, sostiene il politico, andrebbero sommati i costi derivanti dalle nuove assunzioni previste e le indennit\u00e0 per<br \/>\npresidenti, assessori e consiglieri, rappresentando uno &#8220;sperpero di denaro pubblico&#8221;.<\/p>\n<p>Oltre all&#8217;aspetto economico, il referente del PPN punta il dito sulla visione politica sottesa alla riforma. Bertolutti<br \/>\nsostiene che la reintroduzione delle province sia un passo indietro che danneggia l&#8217;identit\u00e0 del Friuli, favorendo un<br \/>\ncentralismo triestino che definisce &#8220;romano&#8221;. La riforma viene bollata come &#8220;spezzatino&#8221; calato dall&#8217;alto, che ignora le<br \/>\nvere esigenze di autogoverno del territorio.<\/p>\n<p><strong>La proposta alternativa del PPN<\/strong><br \/>\nBertolutti non si limita alla critica, ma rilancia la visione del Partito Popolare del Nord. La proposta, definita &#8220;coerente<br \/>\ne coraggiosa&#8221;, prevede il superamento dell&#8217;attuale Statuto e la trasformazione della Regione in un ente pi\u00f9 agile.<\/p>\n<p>L&#8217;obiettivo \u00e8 la creazione di due sole Province: Friuli e Trieste, accompagnate da una gestione pi\u00f9 razionale del<br \/>\npersonale e una maggiore autonomia per i comuni. &#8220;Solo cos\u00ec si garantisce una sussidiariet\u00e0 vera&#8221;, conclude Bertolutti,<br \/>\nribadendo la necessit\u00e0 di rendere il Friuli pienamente padrone del proprio destino.<\/p>","protected":false},"excerpt":{"rendered":"<p>&#8220;Province-Frankenstein&#8221;, Bertolutti (PPN) boccia la riforma della Giunta FVG Il referente regionale del Partito Popolare del Nord attacca il progetto di reintrodurre le vecchie province, definendolo un errore culturale e uno spreco di risorse pubbliche. Udine, 01\/07\/2026 \u2013 Il dibattito sulla riforma degli enti locali in Friuli-Venezia Giulia si accende con le dure critiche di [&hellip;]<\/p>\n","protected":false},"author":2,"featured_media":162274,"comment_status":"closed","ping_status":"open","sticky":false,"template":"","format":"standard","meta":{"footnotes":""},"categories":[5],"tags":[],"class_list":["post-171610","post","type-post","status-publish","format-standard","has-post-thumbnail","category-cronaca"],"yoast_head":"<!-- This site is optimized with the Yoast SEO plugin v28.4 - https:\/\/yoast.com\/product\/yoast-seo-wordpress\/ -->\n<title>Tornare alle vecchie province? C&#039;\u00e8 chi dice NO - Bellunopress - Dolomiti<\/title>\n<meta name=\"robots\" content=\"index, follow, max-snippet:-1, max-image-preview:large, max-video-preview:-1\" \/>\n<link rel=\"canonical\" href=\"https:\/\/www.bellunopress.it\/fr\/2026\/07\/01\/tornare-alle-vecchie-province-ce-chi-dice-no\/\" \/>\n<meta property=\"og:locale\" content=\"fr_FR\" \/>\n<meta property=\"og:type\" content=\"article\" \/>\n<meta property=\"og:title\" content=\"Tornare alle vecchie province? C&#039;\u00e8 chi dice NO - Bellunopress - Dolomiti\" \/>\n<meta property=\"og:description\" content=\"&#8220;Province-Frankenstein&#8221;, Bertolutti (PPN) boccia la riforma della Giunta FVG Il referente regionale del Partito Popolare del Nord attacca il progetto di reintrodurre le vecchie province, definendolo un errore culturale e uno spreco di risorse pubbliche. Udine, 01\/07\/2026 \u2013 Il dibattito sulla riforma degli enti locali in Friuli-Venezia Giulia si accende con le dure critiche di [&hellip;]\" \/>\n<meta property=\"og:url\" content=\"https:\/\/www.bellunopress.it\/fr\/2026\/07\/01\/tornare-alle-vecchie-province-ce-chi-dice-no\/\" \/>\n<meta property=\"og:site_name\" content=\"Bellunopress - Dolomiti\" \/>\n<meta property=\"article:publisher\" content=\"https:\/\/www.facebook.com\/profile.php?id=100008943462799\" \/>\n<meta property=\"article:published_time\" content=\"2026-07-01T18:20:08+00:00\" \/>\n<meta property=\"og:image\" content=\"https:\/\/www.bellunopress.it\/wp-content\/uploads\/2025\/07\/Partito-Popolare-del-Nord.png\" \/>\n\t<meta property=\"og:image:width\" content=\"225\" \/>\n\t<meta property=\"og:image:height\" content=\"224\" \/>\n\t<meta property=\"og:image:type\" content=\"image\/png\" \/>\n<meta name=\"author\" content=\"redazione\" \/>\n<meta name=\"twitter:card\" content=\"summary_large_image\" \/>\n<meta name=\"twitter:creator\" content=\"@bellunopress\" \/>\n<meta name=\"twitter:site\" content=\"@bellunopress\" \/>\n<meta name=\"twitter:label1\" content=\"\u00c9crit par\" \/>\n\t<meta name=\"twitter:data1\" content=\"redazione\" \/>\n\t<meta name=\"twitter:label2\" content=\"Dur\u00e9e de lecture estim\u00e9e\" \/>\n\t<meta name=\"twitter:data2\" content=\"3 minutes\" \/>\n<script type=\"application\/ld+json\" class=\"yoast-schema-graph\">{\"@context\":\"https:\\\/\\\/schema.org\",\"@graph\":[{\"@type\":\"Article\",\"@id\":\"https:\\\/\\\/www.bellunopress.it\\\/2026\\\/07\\\/01\\\/tornare-alle-vecchie-province-ce-chi-dice-no\\\/#article\",\"isPartOf\":{\"@id\":\"https:\\\/\\\/www.bellunopress.it\\\/2026\\\/07\\\/01\\\/tornare-alle-vecchie-province-ce-chi-dice-no\\\/\"},\"author\":{\"name\":\"redazione\",\"@id\":\"https:\\\/\\\/www.bellunopress.it\\\/#\\\/schema\\\/person\\\/79bb06722b37ece1c03d3e94beb30d73\"},\"headline\":\"Tornare alle vecchie province? C&#8217;\u00e8 chi dice NO\",\"datePublished\":\"2026-07-01T18:20:08+00:00\",\"mainEntityOfPage\":{\"@id\":\"https:\\\/\\\/www.bellunopress.it\\\/2026\\\/07\\\/01\\\/tornare-alle-vecchie-province-ce-chi-dice-no\\\/\"},\"wordCount\":388,\"publisher\":{\"@id\":\"https:\\\/\\\/www.bellunopress.it\\\/#organization\"},\"image\":{\"@id\":\"https:\\\/\\\/www.bellunopress.it\\\/2026\\\/07\\\/01\\\/tornare-alle-vecchie-province-ce-chi-dice-no\\\/#primaryimage\"},\"thumbnailUrl\":\"https:\\\/\\\/www.bellunopress.it\\\/wp-content\\\/uploads\\\/2025\\\/07\\\/Partito-Popolare-del-Nord.png\",\"articleSection\":[\"Cronaca\\\/Politica\"],\"inLanguage\":\"fr-FR\"},{\"@type\":\"WebPage\",\"@id\":\"https:\\\/\\\/www.bellunopress.it\\\/2026\\\/07\\\/01\\\/tornare-alle-vecchie-province-ce-chi-dice-no\\\/\",\"url\":\"https:\\\/\\\/www.bellunopress.it\\\/2026\\\/07\\\/01\\\/tornare-alle-vecchie-province-ce-chi-dice-no\\\/\",\"name\":\"Tornare alle vecchie province? C'\u00e8 chi dice NO - Bellunopress - Dolomiti\",\"isPartOf\":{\"@id\":\"https:\\\/\\\/www.bellunopress.it\\\/#website\"},\"primaryImageOfPage\":{\"@id\":\"https:\\\/\\\/www.bellunopress.it\\\/2026\\\/07\\\/01\\\/tornare-alle-vecchie-province-ce-chi-dice-no\\\/#primaryimage\"},\"image\":{\"@id\":\"https:\\\/\\\/www.bellunopress.it\\\/2026\\\/07\\\/01\\\/tornare-alle-vecchie-province-ce-chi-dice-no\\\/#primaryimage\"},\"thumbnailUrl\":\"https:\\\/\\\/www.bellunopress.it\\\/wp-content\\\/uploads\\\/2025\\\/07\\\/Partito-Popolare-del-Nord.png\",\"datePublished\":\"2026-07-01T18:20:08+00:00\",\"breadcrumb\":{\"@id\":\"https:\\\/\\\/www.bellunopress.it\\\/2026\\\/07\\\/01\\\/tornare-alle-vecchie-province-ce-chi-dice-no\\\/#breadcrumb\"},\"inLanguage\":\"fr-FR\",\"potentialAction\":[{\"@type\":\"ReadAction\",\"target\":[\"https:\\\/\\\/www.bellunopress.it\\\/2026\\\/07\\\/01\\\/tornare-alle-vecchie-province-ce-chi-dice-no\\\/\"]}]},{\"@type\":\"ImageObject\",\"inLanguage\":\"fr-FR\",\"@id\":\"https:\\\/\\\/www.bellunopress.it\\\/2026\\\/07\\\/01\\\/tornare-alle-vecchie-province-ce-chi-dice-no\\\/#primaryimage\",\"url\":\"https:\\\/\\\/www.bellunopress.it\\\/wp-content\\\/uploads\\\/2025\\\/07\\\/Partito-Popolare-del-Nord.png\",\"contentUrl\":\"https:\\\/\\\/www.bellunopress.it\\\/wp-content\\\/uploads\\\/2025\\\/07\\\/Partito-Popolare-del-Nord.png\",\"width\":225,\"height\":224},{\"@type\":\"BreadcrumbList\",\"@id\":\"https:\\\/\\\/www.bellunopress.it\\\/2026\\\/07\\\/01\\\/tornare-alle-vecchie-province-ce-chi-dice-no\\\/#breadcrumb\",\"itemListElement\":[{\"@type\":\"ListItem\",\"position\":1,\"name\":\"Home\",\"item\":\"https:\\\/\\\/www.bellunopress.it\\\/\"},{\"@type\":\"ListItem\",\"position\":2,\"name\":\"Tornare alle vecchie province? C&#8217;\u00e8 chi dice NO\"}]},{\"@type\":\"WebSite\",\"@id\":\"https:\\\/\\\/www.bellunopress.it\\\/#website\",\"url\":\"https:\\\/\\\/www.bellunopress.it\\\/\",\"name\":\"Bellunopress - Dolomiti\",\"description\":\"e-mail: redazione@bellunopress.it\",\"publisher\":{\"@id\":\"https:\\\/\\\/www.bellunopress.it\\\/#organization\"},\"potentialAction\":[{\"@type\":\"SearchAction\",\"target\":{\"@type\":\"EntryPoint\",\"urlTemplate\":\"https:\\\/\\\/www.bellunopress.it\\\/?s={search_term_string}\"},\"query-input\":{\"@type\":\"PropertyValueSpecification\",\"valueRequired\":true,\"valueName\":\"search_term_string\"}}],\"inLanguage\":\"fr-FR\"},{\"@type\":\"Organization\",\"@id\":\"https:\\\/\\\/www.bellunopress.it\\\/#organization\",\"name\":\"Bellunopress\",\"url\":\"https:\\\/\\\/www.bellunopress.it\\\/\",\"logo\":{\"@type\":\"ImageObject\",\"inLanguage\":\"fr-FR\",\"@id\":\"https:\\\/\\\/www.bellunopress.it\\\/#\\\/schema\\\/logo\\\/image\\\/\",\"url\":\"https:\\\/\\\/www.bellunopress.it\\\/wp-content\\\/uploads\\\/2011\\\/05\\\/cropped-logo-bellunopress-.jpg\",\"contentUrl\":\"https:\\\/\\\/www.bellunopress.it\\\/wp-content\\\/uploads\\\/2011\\\/05\\\/cropped-logo-bellunopress-.jpg\",\"width\":512,\"height\":512,\"caption\":\"Bellunopress\"},\"image\":{\"@id\":\"https:\\\/\\\/www.bellunopress.it\\\/#\\\/schema\\\/logo\\\/image\\\/\"},\"sameAs\":[\"https:\\\/\\\/www.facebook.com\\\/profile.php?id=100008943462799\",\"https:\\\/\\\/x.com\\\/bellunopress\",\"https:\\\/\\\/www.linkedin.com\\\/hp\\\/?dnr=JBzUWaJfMUw8vbXJJ2tVW5-I3jZKvC4wsoxE&amp;amp;amp;amp;amp;amp;trk=nav_responsive_tab_home\",\"https:\\\/\\\/www.youtube.com\\\/channel\\\/UCxL0wu1uN0_3_7hGG0306cw\"]},{\"@type\":\"Person\",\"@id\":\"https:\\\/\\\/www.bellunopress.it\\\/#\\\/schema\\\/person\\\/79bb06722b37ece1c03d3e94beb30d73\",\"name\":\"redazione\",\"image\":{\"@type\":\"ImageObject\",\"inLanguage\":\"fr-FR\",\"@id\":\"https:\\\/\\\/secure.gravatar.com\\\/avatar\\\/37d968a2e67a6fd04c169c4bdef102d0bc5d31b2546345219e348575eb80e9a0?s=96&d=mm&r=g\",\"url\":\"https:\\\/\\\/secure.gravatar.com\\\/avatar\\\/37d968a2e67a6fd04c169c4bdef102d0bc5d31b2546345219e348575eb80e9a0?s=96&d=mm&r=g\",\"contentUrl\":\"https:\\\/\\\/secure.gravatar.com\\\/avatar\\\/37d968a2e67a6fd04c169c4bdef102d0bc5d31b2546345219e348575eb80e9a0?s=96&d=mm&r=g\",\"caption\":\"redazione\"},\"sameAs\":[\"http:\\\/\\\/www.bellunopress.it\",\"https:\\\/\\\/x.com\\\/bellunopress\"],\"url\":\"https:\\\/\\\/www.bellunopress.it\\\/fr\\\/author\\\/redazione\\\/\"}]}<\/script>\n<!-- \/ Yoast SEO plugin. -->","yoast_head_json":{"title":"Tornare alle vecchie province? C'\u00e8 chi dice NO - Bellunopress - Dolomiti","robots":{"index":"index","follow":"follow","max-snippet":"max-snippet:-1","max-image-preview":"max-image-preview:large","max-video-preview":"max-video-preview:-1"},"canonical":"https:\/\/www.bellunopress.it\/fr\/2026\/07\/01\/tornare-alle-vecchie-province-ce-chi-dice-no\/","og_locale":"fr_FR","og_type":"article","og_title":"Tornare alle vecchie province? C'\u00e8 chi dice NO - Bellunopress - Dolomiti","og_description":"&#8220;Province-Frankenstein&#8221;, Bertolutti (PPN) boccia la riforma della Giunta FVG Il referente regionale del Partito Popolare del Nord attacca il progetto di reintrodurre le vecchie province, definendolo un errore culturale e uno spreco di risorse pubbliche. Udine, 01\/07\/2026 \u2013 Il dibattito sulla riforma degli enti locali in Friuli-Venezia Giulia si accende con le dure critiche di [&hellip;]","og_url":"https:\/\/www.bellunopress.it\/fr\/2026\/07\/01\/tornare-alle-vecchie-province-ce-chi-dice-no\/","og_site_name":"Bellunopress - Dolomiti","article_publisher":"https:\/\/www.facebook.com\/profile.php?id=100008943462799","article_published_time":"2026-07-01T18:20:08+00:00","og_image":[{"width":225,"height":224,"url":"https:\/\/www.bellunopress.it\/wp-content\/uploads\/2025\/07\/Partito-Popolare-del-Nord.png","type":"image\/png"}],"author":"redazione","twitter_card":"summary_large_image","twitter_creator":"@bellunopress","twitter_site":"@bellunopress","twitter_misc":{"\u00c9crit par":"redazione","Dur\u00e9e de lecture estim\u00e9e":"3 minutes"},"schema":{"@context":"https:\/\/schema.org","@graph":[{"@type":"Article","@id":"https:\/\/www.bellunopress.it\/2026\/07\/01\/tornare-alle-vecchie-province-ce-chi-dice-no\/#article","isPartOf":{"@id":"https:\/\/www.bellunopress.it\/2026\/07\/01\/tornare-alle-vecchie-province-ce-chi-dice-no\/"},"author":{"name":"redazione","@id":"https:\/\/www.bellunopress.it\/#\/schema\/person\/79bb06722b37ece1c03d3e94beb30d73"},"headline":"Tornare alle vecchie province? C&#8217;\u00e8 chi dice NO","datePublished":"2026-07-01T18:20:08+00:00","mainEntityOfPage":{"@id":"https:\/\/www.bellunopress.it\/2026\/07\/01\/tornare-alle-vecchie-province-ce-chi-dice-no\/"},"wordCount":388,"publisher":{"@id":"https:\/\/www.bellunopress.it\/#organization"},"image":{"@id":"https:\/\/www.bellunopress.it\/2026\/07\/01\/tornare-alle-vecchie-province-ce-chi-dice-no\/#primaryimage"},"thumbnailUrl":"https:\/\/www.bellunopress.it\/wp-content\/uploads\/2025\/07\/Partito-Popolare-del-Nord.png","articleSection":["Cronaca\/Politica"],"inLanguage":"fr-FR"},{"@type":"WebPage","@id":"https:\/\/www.bellunopress.it\/2026\/07\/01\/tornare-alle-vecchie-province-ce-chi-dice-no\/","url":"https:\/\/www.bellunopress.it\/2026\/07\/01\/tornare-alle-vecchie-province-ce-chi-dice-no\/","name":"Tornare alle vecchie province? C'\u00e8 chi dice NO - Bellunopress - Dolomiti","isPartOf":{"@id":"https:\/\/www.bellunopress.it\/#website"},"primaryImageOfPage":{"@id":"https:\/\/www.bellunopress.it\/2026\/07\/01\/tornare-alle-vecchie-province-ce-chi-dice-no\/#primaryimage"},"image":{"@id":"https:\/\/www.bellunopress.it\/2026\/07\/01\/tornare-alle-vecchie-province-ce-chi-dice-no\/#primaryimage"},"thumbnailUrl":"https:\/\/www.bellunopress.it\/wp-content\/uploads\/2025\/07\/Partito-Popolare-del-Nord.png","datePublished":"2026-07-01T18:20:08+00:00","breadcrumb":{"@id":"https:\/\/www.bellunopress.it\/2026\/07\/01\/tornare-alle-vecchie-province-ce-chi-dice-no\/#breadcrumb"},"inLanguage":"fr-FR","potentialAction":[{"@type":"ReadAction","target":["https:\/\/www.bellunopress.it\/2026\/07\/01\/tornare-alle-vecchie-province-ce-chi-dice-no\/"]}]},{"@type":"ImageObject","inLanguage":"fr-FR","@id":"https:\/\/www.bellunopress.it\/2026\/07\/01\/tornare-alle-vecchie-province-ce-chi-dice-no\/#primaryimage","url":"https:\/\/www.bellunopress.it\/wp-content\/uploads\/2025\/07\/Partito-Popolare-del-Nord.png","contentUrl":"https:\/\/www.bellunopress.it\/wp-content\/uploads\/2025\/07\/Partito-Popolare-del-Nord.png","width":225,"height":224},{"@type":"BreadcrumbList","@id":"https:\/\/www.bellunopress.it\/2026\/07\/01\/tornare-alle-vecchie-province-ce-chi-dice-no\/#breadcrumb","itemListElement":[{"@type":"ListItem","position":1,"name":"Home","item":"https:\/\/www.bellunopress.it\/"},{"@type":"ListItem","position":2,"name":"Tornare alle vecchie province? C&#8217;\u00e8 chi dice NO"}]},{"@type":"WebSite","@id":"https:\/\/www.bellunopress.it\/#website","url":"https:\/\/www.bellunopress.it\/","name":"Bellunopress - Dolomiti","description":"e-mail: redazione@bellunopress.it","publisher":{"@id":"https:\/\/www.bellunopress.it\/#organization"},"potentialAction":[{"@type":"SearchAction","target":{"@type":"EntryPoint","urlTemplate":"https:\/\/www.bellunopress.it\/?s={search_term_string}"},"query-input":{"@type":"PropertyValueSpecification","valueRequired":true,"valueName":"search_term_string"}}],"inLanguage":"fr-FR"},{"@type":"Organization","@id":"https:\/\/www.bellunopress.it\/#organization","name":"Bellunopress","url":"https:\/\/www.bellunopress.it\/","logo":{"@type":"ImageObject","inLanguage":"fr-FR","@id":"https:\/\/www.bellunopress.it\/#\/schema\/logo\/image\/","url":"https:\/\/www.bellunopress.it\/wp-content\/uploads\/2011\/05\/cropped-logo-bellunopress-.jpg","contentUrl":"https:\/\/www.bellunopress.it\/wp-content\/uploads\/2011\/05\/cropped-logo-bellunopress-.jpg","width":512,"height":512,"caption":"Bellunopress"},"image":{"@id":"https:\/\/www.bellunopress.it\/#\/schema\/logo\/image\/"},"sameAs":["https:\/\/www.facebook.com\/profile.php?id=100008943462799","https:\/\/x.com\/bellunopress","https:\/\/www.linkedin.com\/hp\/?dnr=JBzUWaJfMUw8vbXJJ2tVW5-I3jZKvC4wsoxE&amp;amp;amp;amp;amp;amp;trk=nav_responsive_tab_home","https:\/\/www.youtube.com\/channel\/UCxL0wu1uN0_3_7hGG0306cw"]},{"@type":"Person","@id":"https:\/\/www.bellunopress.it\/#\/schema\/person\/79bb06722b37ece1c03d3e94beb30d73","name":"r\u00e9daction","image":{"@type":"ImageObject","inLanguage":"fr-FR","@id":"https:\/\/secure.gravatar.com\/avatar\/37d968a2e67a6fd04c169c4bdef102d0bc5d31b2546345219e348575eb80e9a0?s=96&d=mm&r=g","url":"https:\/\/secure.gravatar.com\/avatar\/37d968a2e67a6fd04c169c4bdef102d0bc5d31b2546345219e348575eb80e9a0?s=96&d=mm&r=g","contentUrl":"https:\/\/secure.gravatar.com\/avatar\/37d968a2e67a6fd04c169c4bdef102d0bc5d31b2546345219e348575eb80e9a0?s=96&d=mm&r=g","caption":"redazione"},"sameAs":["http:\/\/www.bellunopress.it","https:\/\/x.com\/bellunopress"],"url":"https:\/\/www.bellunopress.it\/fr\/author\/redazione\/"}]}},"_links":{"self":[{"href":"https:\/\/www.bellunopress.it\/fr\/wp-json\/wp\/v2\/posts\/171610","targetHints":{"allow":["GET"]}}],"collection":[{"href":"https:\/\/www.bellunopress.it\/fr\/wp-json\/wp\/v2\/posts"}],"about":[{"href":"https:\/\/www.bellunopress.it\/fr\/wp-json\/wp\/v2\/types\/post"}],"author":[{"embeddable":true,"href":"https:\/\/www.bellunopress.it\/fr\/wp-json\/wp\/v2\/users\/2"}],"replies":[{"embeddable":true,"href":"https:\/\/www.bellunopress.it\/fr\/wp-json\/wp\/v2\/comments?post=171610"}],"version-history":[{"count":1,"href":"https:\/\/www.bellunopress.it\/fr\/wp-json\/wp\/v2\/posts\/171610\/revisions"}],"predecessor-version":[{"id":171611,"href":"https:\/\/www.bellunopress.it\/fr\/wp-json\/wp\/v2\/posts\/171610\/revisions\/171611"}],"wp:featuredmedia":[{"embeddable":true,"href":"https:\/\/www.bellunopress.it\/fr\/wp-json\/wp\/v2\/media\/162274"}],"wp:attachment":[{"href":"https:\/\/www.bellunopress.it\/fr\/wp-json\/wp\/v2\/media?parent=171610"}],"wp:term":[{"taxonomy":"category","embeddable":true,"href":"https:\/\/www.bellunopress.it\/fr\/wp-json\/wp\/v2\/categories?post=171610"},{"taxonomy":"post_tag","embeddable":true,"href":"https:\/\/www.bellunopress.it\/fr\/wp-json\/wp\/v2\/tags?post=171610"}],"curies":[{"name":"wp","href":"https:\/\/api.w.org\/{rel}","templated":true}]}}