{"id":171606,"date":"2026-07-01T16:06:30","date_gmt":"2026-07-01T14:06:30","guid":{"rendered":"https:\/\/www.bellunopress.it\/?p=171606"},"modified":"2026-07-01T16:10:40","modified_gmt":"2026-07-01T14:10:40","slug":"il-cinema-veneto-brilla-con-francesco-sossai-il-successo-di-le-citta-di-pianura-celebrato-a-palazzo-balbi","status":"publish","type":"post","link":"https:\/\/www.bellunopress.it\/fr\/2026\/07\/01\/il-cinema-veneto-brilla-con-francesco-sossai-il-successo-di-le-citta-di-pianura-celebrato-a-palazzo-balbi\/","title":{"rendered":"Il cinema veneto brilla con Francesco Sossai: il successo di &#8220;Le Citt\u00e0 di Pianura&#8221; celebrato a Palazzo Balbi"},"content":{"rendered":"<p data-path-to-node=\"3\">Venezia, 01\/07\/2026 &#8211; Il talento del regista bellunese Francesco Sossai \u00e8 stato ufficialmente celebrato questa mattina a Venezia, presso Palazzo Balbi. Il Presidente della Regione del Veneto, Alberto Stefani, insieme all&#8217;assessore regionale alla Cultura, Valeria Mantovan, ha ricevuto l&#8217;autore per congratularsi del trionfo del suo film, &#8220;Le Citt\u00e0 di Pianura&#8221;, opera pluripremiata realizzata con il sostegno della Regione e della Veneto Film Commission.<\/p>\n<p data-path-to-node=\"5\">Il film si \u00e8 distinto non solo per il valore artistico, ma per la sua capacit\u00e0 di narrare il territorio veneto in modo sincero, lontano dagli stereotipi. Il Presidente Stefani ha definito l&#8217;opera &#8220;una critica fatta con amore&#8221;, lodando la capacit\u00e0 di Sossai di affrontare tematiche complesse \u2014 dalla questione generazionale a quella economica \u2014 interrogando profondamente la societ\u00e0.<\/p>\n<p data-path-to-node=\"6\">L&#8217;impatto dell&#8217;opera \u00e8 andato ben oltre lo schermo, trasformandosi in un vero e proprio volano per il turismo locale. Grazie alla notoriet\u00e0 acquisita dal film, localit\u00e0 come il piccolo paese di San Vito e la frazione di Altivole hanno registrato un afflusso turistico senza precedenti, con migliaia di spettatori che hanno scelto di ripercorrere gli itinerari delle riprese.<\/p>\n<p data-path-to-node=\"8\">I risultati raggiunti dal progetto confermano la maturit\u00e0 del sistema cinematografico regionale:<\/p>\n<ul data-path-to-node=\"9\">\n<li>\n<p data-path-to-node=\"9,0,0\">Successo di pubblico: Il film ha registrato sale piene per un record di programmazione di quaranta settimane.<\/p>\n<\/li>\n<li>\n<p data-path-to-node=\"9,1,0\">Risultati economici: &#8220;Le Citt\u00e0 di Pianura&#8221; ha generato un fatturato di oltre 2,5 milioni di euro.<\/p>\n<\/li>\n<li>\n<p data-path-to-node=\"9,2,0\">Riconoscimenti: L&#8217;opera ha ottenuto prestigiosi premi, tra cui il David di Donatello.<\/p>\n<\/li>\n<\/ul>\n<p data-path-to-node=\"10\">L&#8217;assessore Valeria Mantovan ha sottolineato come questo successo sia la prova che &#8220;investire nel talento giusto al momento giusto produce risultati straordinari&#8221;. Il Veneto si conferma cos\u00ec un riferimento internazionale nel settore, grazie a una strategia che vede la cultura e la valorizzazione del territorio come elementi interconnessi e in grado di alimentarsi a vicenda.<\/p>\n<p data-path-to-node=\"11\">L&#8217;incontro si \u00e8 concluso con l&#8217;augurio da parte dell&#8217;Amministrazione regionale a Francesco Sossai di proseguire il suo brillante percorso artistico, confermando il costante impegno della Regione nel sostenere produzioni capaci di raccontare il Veneto con sguardo contemporaneo e originale.<\/p>\n<p><strong>Francesco Sossai<\/strong> (Feltre, 1989) \u00e8 un regista e sceneggiatore originario di Sedico (Belluno). Ha ottenuto un clamoroso successo di pubblico e critica conquistando 8 premi David di Donatello con il film Le citt\u00e0 di pianura (2025), tra cui miglior film, miglior regia e migliore sceneggiatura originale.Biografia e FormazioneDopo il liceo, Francesco Sossai si \u00e8 laureato in Lingue e Letterature Moderne all&#8217;Universit\u00e0 La Sapienza di Roma. Ha poi frequentato il prestigioso corso di regia presso la DFFB (Deutsche Film- und Fernsehakademie) di Berlino, studiando con maestri del cinema internazionale come B\u00e9la Tarr, Apichatpong Weerasethakul e Pedro Costa. Attualmente vive e lavora dividendosi tra il Veneto e Berlino.<\/p>\n<p>&nbsp;<\/p>","protected":false},"excerpt":{"rendered":"<p>Venezia, 01\/07\/2026 &#8211; Il talento del regista bellunese Francesco Sossai \u00e8 stato ufficialmente celebrato questa mattina a Venezia, presso Palazzo Balbi. Il Presidente della Regione del Veneto, Alberto Stefani, insieme all&#8217;assessore regionale alla Cultura, Valeria Mantovan, ha ricevuto l&#8217;autore per congratularsi del trionfo del suo film, &#8220;Le Citt\u00e0 di Pianura&#8221;, opera pluripremiata realizzata con il [&hellip;]<\/p>\n","protected":false},"author":2,"featured_media":171607,"comment_status":"closed","ping_status":"open","sticky":false,"template":"","format":"standard","meta":{"footnotes":""},"categories":[3,3446,25],"tags":[],"class_list":["post-171606","post","type-post","status-publish","format-standard","has-post-thumbnail","category-arte-cultura-spettacoli-scienza-archivi","category-featured","category-pausa-caffe"],"yoast_head":"<!-- This site is optimized with the Yoast SEO plugin v28.4 - https:\/\/yoast.com\/product\/yoast-seo-wordpress\/ -->\n<title>Il cinema veneto brilla con Francesco Sossai: il successo di &quot;Le Citt\u00e0 di Pianura&quot; celebrato a Palazzo Balbi - Bellunopress - Dolomiti<\/title>\n<meta name=\"robots\" content=\"index, follow, max-snippet:-1, max-image-preview:large, max-video-preview:-1\" \/>\n<link rel=\"canonical\" href=\"https:\/\/www.bellunopress.it\/fr\/2026\/07\/01\/il-cinema-veneto-brilla-con-francesco-sossai-il-successo-di-le-citta-di-pianura-celebrato-a-palazzo-balbi\/\" \/>\n<meta property=\"og:locale\" content=\"fr_FR\" \/>\n<meta property=\"og:type\" content=\"article\" \/>\n<meta property=\"og:title\" content=\"Il cinema veneto brilla con Francesco Sossai: il successo di &quot;Le Citt\u00e0 di Pianura&quot; celebrato a Palazzo Balbi - Bellunopress - Dolomiti\" \/>\n<meta property=\"og:description\" content=\"Venezia, 01\/07\/2026 &#8211; Il talento del regista bellunese Francesco Sossai \u00e8 stato ufficialmente celebrato questa mattina a Venezia, presso Palazzo Balbi. Il Presidente della Regione del Veneto, Alberto Stefani, insieme all&#8217;assessore regionale alla Cultura, Valeria Mantovan, ha ricevuto l&#8217;autore per congratularsi del trionfo del suo film, &#8220;Le Citt\u00e0 di Pianura&#8221;, opera pluripremiata realizzata con il [&hellip;]\" \/>\n<meta property=\"og:url\" content=\"https:\/\/www.bellunopress.it\/fr\/2026\/07\/01\/il-cinema-veneto-brilla-con-francesco-sossai-il-successo-di-le-citta-di-pianura-celebrato-a-palazzo-balbi\/\" \/>\n<meta property=\"og:site_name\" content=\"Bellunopress - Dolomiti\" \/>\n<meta property=\"article:publisher\" content=\"https:\/\/www.facebook.com\/profile.php?id=100008943462799\" \/>\n<meta property=\"article:published_time\" content=\"2026-07-01T14:06:30+00:00\" \/>\n<meta property=\"article:modified_time\" content=\"2026-07-01T14:10:40+00:00\" \/>\n<meta property=\"og:image\" content=\"https:\/\/www.bellunopress.it\/wp-content\/uploads\/2026\/07\/Francesco-Sossai-premiato-in-Regione.jpeg\" \/>\n\t<meta property=\"og:image:width\" content=\"397\" \/>\n\t<meta property=\"og:image:height\" content=\"500\" \/>\n\t<meta property=\"og:image:type\" content=\"image\/jpeg\" \/>\n<meta name=\"author\" content=\"redazione\" \/>\n<meta name=\"twitter:card\" content=\"summary_large_image\" \/>\n<meta name=\"twitter:creator\" content=\"@bellunopress\" \/>\n<meta name=\"twitter:site\" content=\"@bellunopress\" \/>\n<meta name=\"twitter:label1\" content=\"\u00c9crit par\" \/>\n\t<meta name=\"twitter:data1\" content=\"redazione\" \/>\n\t<meta name=\"twitter:label2\" content=\"Dur\u00e9e de lecture estim\u00e9e\" \/>\n\t<meta name=\"twitter:data2\" content=\"3 minutes\" \/>\n<script type=\"application\/ld+json\" class=\"yoast-schema-graph\">{\"@context\":\"https:\\\/\\\/schema.org\",\"@graph\":[{\"@type\":\"Article\",\"@id\":\"https:\\\/\\\/www.bellunopress.it\\\/2026\\\/07\\\/01\\\/il-cinema-veneto-brilla-con-francesco-sossai-il-successo-di-le-citta-di-pianura-celebrato-a-palazzo-balbi\\\/#article\",\"isPartOf\":{\"@id\":\"https:\\\/\\\/www.bellunopress.it\\\/2026\\\/07\\\/01\\\/il-cinema-veneto-brilla-con-francesco-sossai-il-successo-di-le-citta-di-pianura-celebrato-a-palazzo-balbi\\\/\"},\"author\":{\"name\":\"redazione\",\"@id\":\"https:\\\/\\\/www.bellunopress.it\\\/#\\\/schema\\\/person\\\/79bb06722b37ece1c03d3e94beb30d73\"},\"headline\":\"Il cinema veneto brilla con Francesco Sossai: il successo di &#8220;Le Citt\u00e0 di Pianura&#8221; celebrato a Palazzo Balbi\",\"datePublished\":\"2026-07-01T14:06:30+00:00\",\"dateModified\":\"2026-07-01T14:10:40+00:00\",\"mainEntityOfPage\":{\"@id\":\"https:\\\/\\\/www.bellunopress.it\\\/2026\\\/07\\\/01\\\/il-cinema-veneto-brilla-con-francesco-sossai-il-successo-di-le-citta-di-pianura-celebrato-a-palazzo-balbi\\\/\"},\"wordCount\":456,\"publisher\":{\"@id\":\"https:\\\/\\\/www.bellunopress.it\\\/#organization\"},\"image\":{\"@id\":\"https:\\\/\\\/www.bellunopress.it\\\/2026\\\/07\\\/01\\\/il-cinema-veneto-brilla-con-francesco-sossai-il-successo-di-le-citta-di-pianura-celebrato-a-palazzo-balbi\\\/#primaryimage\"},\"thumbnailUrl\":\"https:\\\/\\\/www.bellunopress.it\\\/wp-content\\\/uploads\\\/2026\\\/07\\\/Francesco-Sossai-premiato-in-Regione.jpeg\",\"articleSection\":[\"Arte, Cultura, Spettacoli, Scienza\",\"Featured\",\"Pausa Caff\u00e8\"],\"inLanguage\":\"fr-FR\"},{\"@type\":\"WebPage\",\"@id\":\"https:\\\/\\\/www.bellunopress.it\\\/2026\\\/07\\\/01\\\/il-cinema-veneto-brilla-con-francesco-sossai-il-successo-di-le-citta-di-pianura-celebrato-a-palazzo-balbi\\\/\",\"url\":\"https:\\\/\\\/www.bellunopress.it\\\/2026\\\/07\\\/01\\\/il-cinema-veneto-brilla-con-francesco-sossai-il-successo-di-le-citta-di-pianura-celebrato-a-palazzo-balbi\\\/\",\"name\":\"Il cinema veneto brilla con Francesco Sossai: il successo di \\\"Le Citt\u00e0 di Pianura\\\" celebrato a Palazzo Balbi - Bellunopress - Dolomiti\",\"isPartOf\":{\"@id\":\"https:\\\/\\\/www.bellunopress.it\\\/#website\"},\"primaryImageOfPage\":{\"@id\":\"https:\\\/\\\/www.bellunopress.it\\\/2026\\\/07\\\/01\\\/il-cinema-veneto-brilla-con-francesco-sossai-il-successo-di-le-citta-di-pianura-celebrato-a-palazzo-balbi\\\/#primaryimage\"},\"image\":{\"@id\":\"https:\\\/\\\/www.bellunopress.it\\\/2026\\\/07\\\/01\\\/il-cinema-veneto-brilla-con-francesco-sossai-il-successo-di-le-citta-di-pianura-celebrato-a-palazzo-balbi\\\/#primaryimage\"},\"thumbnailUrl\":\"https:\\\/\\\/www.bellunopress.it\\\/wp-content\\\/uploads\\\/2026\\\/07\\\/Francesco-Sossai-premiato-in-Regione.jpeg\",\"datePublished\":\"2026-07-01T14:06:30+00:00\",\"dateModified\":\"2026-07-01T14:10:40+00:00\",\"breadcrumb\":{\"@id\":\"https:\\\/\\\/www.bellunopress.it\\\/2026\\\/07\\\/01\\\/il-cinema-veneto-brilla-con-francesco-sossai-il-successo-di-le-citta-di-pianura-celebrato-a-palazzo-balbi\\\/#breadcrumb\"},\"inLanguage\":\"fr-FR\",\"potentialAction\":[{\"@type\":\"ReadAction\",\"target\":[\"https:\\\/\\\/www.bellunopress.it\\\/2026\\\/07\\\/01\\\/il-cinema-veneto-brilla-con-francesco-sossai-il-successo-di-le-citta-di-pianura-celebrato-a-palazzo-balbi\\\/\"]}]},{\"@type\":\"ImageObject\",\"inLanguage\":\"fr-FR\",\"@id\":\"https:\\\/\\\/www.bellunopress.it\\\/2026\\\/07\\\/01\\\/il-cinema-veneto-brilla-con-francesco-sossai-il-successo-di-le-citta-di-pianura-celebrato-a-palazzo-balbi\\\/#primaryimage\",\"url\":\"https:\\\/\\\/www.bellunopress.it\\\/wp-content\\\/uploads\\\/2026\\\/07\\\/Francesco-Sossai-premiato-in-Regione.jpeg\",\"contentUrl\":\"https:\\\/\\\/www.bellunopress.it\\\/wp-content\\\/uploads\\\/2026\\\/07\\\/Francesco-Sossai-premiato-in-Regione.jpeg\",\"width\":397,\"height\":500,\"caption\":\"Francesco Sossai premiato a Palazzo Balbi dal presidente Alberto Stefani\"},{\"@type\":\"BreadcrumbList\",\"@id\":\"https:\\\/\\\/www.bellunopress.it\\\/2026\\\/07\\\/01\\\/il-cinema-veneto-brilla-con-francesco-sossai-il-successo-di-le-citta-di-pianura-celebrato-a-palazzo-balbi\\\/#breadcrumb\",\"itemListElement\":[{\"@type\":\"ListItem\",\"position\":1,\"name\":\"Home\",\"item\":\"https:\\\/\\\/www.bellunopress.it\\\/\"},{\"@type\":\"ListItem\",\"position\":2,\"name\":\"Il cinema veneto brilla con Francesco Sossai: il successo di &#8220;Le Citt\u00e0 di Pianura&#8221; celebrato a Palazzo Balbi\"}]},{\"@type\":\"WebSite\",\"@id\":\"https:\\\/\\\/www.bellunopress.it\\\/#website\",\"url\":\"https:\\\/\\\/www.bellunopress.it\\\/\",\"name\":\"Bellunopress - Dolomiti\",\"description\":\"e-mail: redazione@bellunopress.it\",\"publisher\":{\"@id\":\"https:\\\/\\\/www.bellunopress.it\\\/#organization\"},\"potentialAction\":[{\"@type\":\"SearchAction\",\"target\":{\"@type\":\"EntryPoint\",\"urlTemplate\":\"https:\\\/\\\/www.bellunopress.it\\\/?s={search_term_string}\"},\"query-input\":{\"@type\":\"PropertyValueSpecification\",\"valueRequired\":true,\"valueName\":\"search_term_string\"}}],\"inLanguage\":\"fr-FR\"},{\"@type\":\"Organization\",\"@id\":\"https:\\\/\\\/www.bellunopress.it\\\/#organization\",\"name\":\"Bellunopress\",\"url\":\"https:\\\/\\\/www.bellunopress.it\\\/\",\"logo\":{\"@type\":\"ImageObject\",\"inLanguage\":\"fr-FR\",\"@id\":\"https:\\\/\\\/www.bellunopress.it\\\/#\\\/schema\\\/logo\\\/image\\\/\",\"url\":\"https:\\\/\\\/www.bellunopress.it\\\/wp-content\\\/uploads\\\/2011\\\/05\\\/cropped-logo-bellunopress-.jpg\",\"contentUrl\":\"https:\\\/\\\/www.bellunopress.it\\\/wp-content\\\/uploads\\\/2011\\\/05\\\/cropped-logo-bellunopress-.jpg\",\"width\":512,\"height\":512,\"caption\":\"Bellunopress\"},\"image\":{\"@id\":\"https:\\\/\\\/www.bellunopress.it\\\/#\\\/schema\\\/logo\\\/image\\\/\"},\"sameAs\":[\"https:\\\/\\\/www.facebook.com\\\/profile.php?id=100008943462799\",\"https:\\\/\\\/x.com\\\/bellunopress\",\"https:\\\/\\\/www.linkedin.com\\\/hp\\\/?dnr=JBzUWaJfMUw8vbXJJ2tVW5-I3jZKvC4wsoxE&amp;amp;amp;amp;amp;amp;trk=nav_responsive_tab_home\",\"https:\\\/\\\/www.youtube.com\\\/channel\\\/UCxL0wu1uN0_3_7hGG0306cw\"]},{\"@type\":\"Person\",\"@id\":\"https:\\\/\\\/www.bellunopress.it\\\/#\\\/schema\\\/person\\\/79bb06722b37ece1c03d3e94beb30d73\",\"name\":\"redazione\",\"image\":{\"@type\":\"ImageObject\",\"inLanguage\":\"fr-FR\",\"@id\":\"https:\\\/\\\/secure.gravatar.com\\\/avatar\\\/37d968a2e67a6fd04c169c4bdef102d0bc5d31b2546345219e348575eb80e9a0?s=96&d=mm&r=g\",\"url\":\"https:\\\/\\\/secure.gravatar.com\\\/avatar\\\/37d968a2e67a6fd04c169c4bdef102d0bc5d31b2546345219e348575eb80e9a0?s=96&d=mm&r=g\",\"contentUrl\":\"https:\\\/\\\/secure.gravatar.com\\\/avatar\\\/37d968a2e67a6fd04c169c4bdef102d0bc5d31b2546345219e348575eb80e9a0?s=96&d=mm&r=g\",\"caption\":\"redazione\"},\"sameAs\":[\"http:\\\/\\\/www.bellunopress.it\",\"https:\\\/\\\/x.com\\\/bellunopress\"],\"url\":\"https:\\\/\\\/www.bellunopress.it\\\/fr\\\/author\\\/redazione\\\/\"}]}<\/script>\n<!-- \/ Yoast SEO plugin. -->","yoast_head_json":{"title":"Il cinema veneto brilla con Francesco Sossai: il successo di \"Le Citt\u00e0 di Pianura\" celebrato a Palazzo Balbi - Bellunopress - Dolomiti","robots":{"index":"index","follow":"follow","max-snippet":"max-snippet:-1","max-image-preview":"max-image-preview:large","max-video-preview":"max-video-preview:-1"},"canonical":"https:\/\/www.bellunopress.it\/fr\/2026\/07\/01\/il-cinema-veneto-brilla-con-francesco-sossai-il-successo-di-le-citta-di-pianura-celebrato-a-palazzo-balbi\/","og_locale":"fr_FR","og_type":"article","og_title":"Il cinema veneto brilla con Francesco Sossai: il successo di \"Le Citt\u00e0 di Pianura\" celebrato a Palazzo Balbi - Bellunopress - Dolomiti","og_description":"Venezia, 01\/07\/2026 &#8211; Il talento del regista bellunese Francesco Sossai \u00e8 stato ufficialmente celebrato questa mattina a Venezia, presso Palazzo Balbi. Il Presidente della Regione del Veneto, Alberto Stefani, insieme all&#8217;assessore regionale alla Cultura, Valeria Mantovan, ha ricevuto l&#8217;autore per congratularsi del trionfo del suo film, &#8220;Le Citt\u00e0 di Pianura&#8221;, opera pluripremiata realizzata con il [&hellip;]","og_url":"https:\/\/www.bellunopress.it\/fr\/2026\/07\/01\/il-cinema-veneto-brilla-con-francesco-sossai-il-successo-di-le-citta-di-pianura-celebrato-a-palazzo-balbi\/","og_site_name":"Bellunopress - Dolomiti","article_publisher":"https:\/\/www.facebook.com\/profile.php?id=100008943462799","article_published_time":"2026-07-01T14:06:30+00:00","article_modified_time":"2026-07-01T14:10:40+00:00","og_image":[{"width":397,"height":500,"url":"https:\/\/www.bellunopress.it\/wp-content\/uploads\/2026\/07\/Francesco-Sossai-premiato-in-Regione.jpeg","type":"image\/jpeg"}],"author":"redazione","twitter_card":"summary_large_image","twitter_creator":"@bellunopress","twitter_site":"@bellunopress","twitter_misc":{"\u00c9crit par":"redazione","Dur\u00e9e de lecture estim\u00e9e":"3 minutes"},"schema":{"@context":"https:\/\/schema.org","@graph":[{"@type":"Article","@id":"https:\/\/www.bellunopress.it\/2026\/07\/01\/il-cinema-veneto-brilla-con-francesco-sossai-il-successo-di-le-citta-di-pianura-celebrato-a-palazzo-balbi\/#article","isPartOf":{"@id":"https:\/\/www.bellunopress.it\/2026\/07\/01\/il-cinema-veneto-brilla-con-francesco-sossai-il-successo-di-le-citta-di-pianura-celebrato-a-palazzo-balbi\/"},"author":{"name":"redazione","@id":"https:\/\/www.bellunopress.it\/#\/schema\/person\/79bb06722b37ece1c03d3e94beb30d73"},"headline":"Il cinema veneto brilla con Francesco Sossai: il successo di &#8220;Le Citt\u00e0 di Pianura&#8221; celebrato a Palazzo Balbi","datePublished":"2026-07-01T14:06:30+00:00","dateModified":"2026-07-01T14:10:40+00:00","mainEntityOfPage":{"@id":"https:\/\/www.bellunopress.it\/2026\/07\/01\/il-cinema-veneto-brilla-con-francesco-sossai-il-successo-di-le-citta-di-pianura-celebrato-a-palazzo-balbi\/"},"wordCount":456,"publisher":{"@id":"https:\/\/www.bellunopress.it\/#organization"},"image":{"@id":"https:\/\/www.bellunopress.it\/2026\/07\/01\/il-cinema-veneto-brilla-con-francesco-sossai-il-successo-di-le-citta-di-pianura-celebrato-a-palazzo-balbi\/#primaryimage"},"thumbnailUrl":"https:\/\/www.bellunopress.it\/wp-content\/uploads\/2026\/07\/Francesco-Sossai-premiato-in-Regione.jpeg","articleSection":["Arte, Cultura, Spettacoli, Scienza","Featured","Pausa Caff\u00e8"],"inLanguage":"fr-FR"},{"@type":"WebPage","@id":"https:\/\/www.bellunopress.it\/2026\/07\/01\/il-cinema-veneto-brilla-con-francesco-sossai-il-successo-di-le-citta-di-pianura-celebrato-a-palazzo-balbi\/","url":"https:\/\/www.bellunopress.it\/2026\/07\/01\/il-cinema-veneto-brilla-con-francesco-sossai-il-successo-di-le-citta-di-pianura-celebrato-a-palazzo-balbi\/","name":"Il cinema veneto brilla con Francesco Sossai: il successo di \"Le Citt\u00e0 di Pianura\" celebrato a Palazzo Balbi - Bellunopress - Dolomiti","isPartOf":{"@id":"https:\/\/www.bellunopress.it\/#website"},"primaryImageOfPage":{"@id":"https:\/\/www.bellunopress.it\/2026\/07\/01\/il-cinema-veneto-brilla-con-francesco-sossai-il-successo-di-le-citta-di-pianura-celebrato-a-palazzo-balbi\/#primaryimage"},"image":{"@id":"https:\/\/www.bellunopress.it\/2026\/07\/01\/il-cinema-veneto-brilla-con-francesco-sossai-il-successo-di-le-citta-di-pianura-celebrato-a-palazzo-balbi\/#primaryimage"},"thumbnailUrl":"https:\/\/www.bellunopress.it\/wp-content\/uploads\/2026\/07\/Francesco-Sossai-premiato-in-Regione.jpeg","datePublished":"2026-07-01T14:06:30+00:00","dateModified":"2026-07-01T14:10:40+00:00","breadcrumb":{"@id":"https:\/\/www.bellunopress.it\/2026\/07\/01\/il-cinema-veneto-brilla-con-francesco-sossai-il-successo-di-le-citta-di-pianura-celebrato-a-palazzo-balbi\/#breadcrumb"},"inLanguage":"fr-FR","potentialAction":[{"@type":"ReadAction","target":["https:\/\/www.bellunopress.it\/2026\/07\/01\/il-cinema-veneto-brilla-con-francesco-sossai-il-successo-di-le-citta-di-pianura-celebrato-a-palazzo-balbi\/"]}]},{"@type":"ImageObject","inLanguage":"fr-FR","@id":"https:\/\/www.bellunopress.it\/2026\/07\/01\/il-cinema-veneto-brilla-con-francesco-sossai-il-successo-di-le-citta-di-pianura-celebrato-a-palazzo-balbi\/#primaryimage","url":"https:\/\/www.bellunopress.it\/wp-content\/uploads\/2026\/07\/Francesco-Sossai-premiato-in-Regione.jpeg","contentUrl":"https:\/\/www.bellunopress.it\/wp-content\/uploads\/2026\/07\/Francesco-Sossai-premiato-in-Regione.jpeg","width":397,"height":500,"caption":"Francesco Sossai premiato a Palazzo Balbi dal presidente Alberto Stefani"},{"@type":"BreadcrumbList","@id":"https:\/\/www.bellunopress.it\/2026\/07\/01\/il-cinema-veneto-brilla-con-francesco-sossai-il-successo-di-le-citta-di-pianura-celebrato-a-palazzo-balbi\/#breadcrumb","itemListElement":[{"@type":"ListItem","position":1,"name":"Home","item":"https:\/\/www.bellunopress.it\/"},{"@type":"ListItem","position":2,"name":"Il cinema veneto brilla con Francesco Sossai: il successo di &#8220;Le Citt\u00e0 di Pianura&#8221; celebrato a Palazzo Balbi"}]},{"@type":"WebSite","@id":"https:\/\/www.bellunopress.it\/#website","url":"https:\/\/www.bellunopress.it\/","name":"Bellunopress - Dolomiti","description":"e-mail: redazione@bellunopress.it","publisher":{"@id":"https:\/\/www.bellunopress.it\/#organization"},"potentialAction":[{"@type":"SearchAction","target":{"@type":"EntryPoint","urlTemplate":"https:\/\/www.bellunopress.it\/?s={search_term_string}"},"query-input":{"@type":"PropertyValueSpecification","valueRequired":true,"valueName":"search_term_string"}}],"inLanguage":"fr-FR"},{"@type":"Organization","@id":"https:\/\/www.bellunopress.it\/#organization","name":"Bellunopress","url":"https:\/\/www.bellunopress.it\/","logo":{"@type":"ImageObject","inLanguage":"fr-FR","@id":"https:\/\/www.bellunopress.it\/#\/schema\/logo\/image\/","url":"https:\/\/www.bellunopress.it\/wp-content\/uploads\/2011\/05\/cropped-logo-bellunopress-.jpg","contentUrl":"https:\/\/www.bellunopress.it\/wp-content\/uploads\/2011\/05\/cropped-logo-bellunopress-.jpg","width":512,"height":512,"caption":"Bellunopress"},"image":{"@id":"https:\/\/www.bellunopress.it\/#\/schema\/logo\/image\/"},"sameAs":["https:\/\/www.facebook.com\/profile.php?id=100008943462799","https:\/\/x.com\/bellunopress","https:\/\/www.linkedin.com\/hp\/?dnr=JBzUWaJfMUw8vbXJJ2tVW5-I3jZKvC4wsoxE&amp;amp;amp;amp;amp;amp;trk=nav_responsive_tab_home","https:\/\/www.youtube.com\/channel\/UCxL0wu1uN0_3_7hGG0306cw"]},{"@type":"Person","@id":"https:\/\/www.bellunopress.it\/#\/schema\/person\/79bb06722b37ece1c03d3e94beb30d73","name":"r\u00e9daction","image":{"@type":"ImageObject","inLanguage":"fr-FR","@id":"https:\/\/secure.gravatar.com\/avatar\/37d968a2e67a6fd04c169c4bdef102d0bc5d31b2546345219e348575eb80e9a0?s=96&d=mm&r=g","url":"https:\/\/secure.gravatar.com\/avatar\/37d968a2e67a6fd04c169c4bdef102d0bc5d31b2546345219e348575eb80e9a0?s=96&d=mm&r=g","contentUrl":"https:\/\/secure.gravatar.com\/avatar\/37d968a2e67a6fd04c169c4bdef102d0bc5d31b2546345219e348575eb80e9a0?s=96&d=mm&r=g","caption":"redazione"},"sameAs":["http:\/\/www.bellunopress.it","https:\/\/x.com\/bellunopress"],"url":"https:\/\/www.bellunopress.it\/fr\/author\/redazione\/"}]}},"_links":{"self":[{"href":"https:\/\/www.bellunopress.it\/fr\/wp-json\/wp\/v2\/posts\/171606","targetHints":{"allow":["GET"]}}],"collection":[{"href":"https:\/\/www.bellunopress.it\/fr\/wp-json\/wp\/v2\/posts"}],"about":[{"href":"https:\/\/www.bellunopress.it\/fr\/wp-json\/wp\/v2\/types\/post"}],"author":[{"embeddable":true,"href":"https:\/\/www.bellunopress.it\/fr\/wp-json\/wp\/v2\/users\/2"}],"replies":[{"embeddable":true,"href":"https:\/\/www.bellunopress.it\/fr\/wp-json\/wp\/v2\/comments?post=171606"}],"version-history":[{"count":2,"href":"https:\/\/www.bellunopress.it\/fr\/wp-json\/wp\/v2\/posts\/171606\/revisions"}],"predecessor-version":[{"id":171609,"href":"https:\/\/www.bellunopress.it\/fr\/wp-json\/wp\/v2\/posts\/171606\/revisions\/171609"}],"wp:featuredmedia":[{"embeddable":true,"href":"https:\/\/www.bellunopress.it\/fr\/wp-json\/wp\/v2\/media\/171607"}],"wp:attachment":[{"href":"https:\/\/www.bellunopress.it\/fr\/wp-json\/wp\/v2\/media?parent=171606"}],"wp:term":[{"taxonomy":"category","embeddable":true,"href":"https:\/\/www.bellunopress.it\/fr\/wp-json\/wp\/v2\/categories?post=171606"},{"taxonomy":"post_tag","embeddable":true,"href":"https:\/\/www.bellunopress.it\/fr\/wp-json\/wp\/v2\/tags?post=171606"}],"curies":[{"name":"wp","href":"https:\/\/api.w.org\/{rel}","templated":true}]}}