{"id":171601,"date":"2026-07-01T15:50:45","date_gmt":"2026-07-01T13:50:45","guid":{"rendered":"https:\/\/www.bellunopress.it\/?p=171601"},"modified":"2026-07-01T15:50:45","modified_gmt":"2026-07-01T13:50:45","slug":"belluno-goser-trail-2026-aperte-le-iscrizioni-per-lottava-edizione-tra-i-sentieri-di-tisoi","status":"publish","type":"post","link":"https:\/\/www.bellunopress.it\/fr\/2026\/07\/01\/belluno-goser-trail-2026-aperte-le-iscrizioni-per-lottava-edizione-tra-i-sentieri-di-tisoi\/","title":{"rendered":"Belluno. Gos\u00e8r Trail 2026: aperte le iscrizioni per l&#8217;ottava edizione tra i sentieri di Tisoi"},"content":{"rendered":"<p data-path-to-node=\"3\">Torna uno degli appuntamenti pi\u00f9 attesi dagli amanti della corsa in montagna nel bellunese. Il <b data-path-to-node=\"3\" data-index-in-node=\"95\">Gos\u00e8r Trail<\/b>, giunto alla sua ottava edizione, \u00e8 pronto a dare appuntamento a tutti gli atleti e agli appassionati per <b data-path-to-node=\"3\" data-index-in-node=\"213\">domenica 25 ottobre 2026<\/b>. La manifestazione, organizzata dall&#8217;associazione sportiva dilettantistica Al Gos\u00e8r, prender\u00e0 il via dalla centralissima piazza di Tisoi, punto di partenza strategico ai piedi della &#8220;terrazza sul Talvena&#8221;.<\/p>\n<p data-path-to-node=\"5\">Per chi desidera assicurarsi un posto sulla linea di partenza, l&#8217;appuntamento da segnare in agenda \u00e8 <b data-path-to-node=\"5\" data-index-in-node=\"101\">venerd\u00ec 10 luglio 2026<\/b>, data in cui apriranno ufficialmente le iscrizioni sul sito <a class=\"ng-star-inserted\" href=\"https:\/\/www.google.com\/search?q=http:\/\/www.algoser.it\/iscrizioni\" target=\"_blank\" rel=\"noopener\" data-hveid=\"0\" data-ved=\"0CAAQ_4QMahgKEwjv4-S3zLGVAxUAAAAAHQAAAAAQowE\">www.algoser.it\/iscrizioni<\/a>.<\/p>\n<p data-path-to-node=\"6\">L&#8217;organizzazione ha previsto una finestra promozionale particolarmente vantaggiosa:<\/p>\n<ul data-path-to-node=\"7\">\n<li>\n<p data-path-to-node=\"7,0,0\">Promozione early bird: disponibile per soli due giorni a partire dal 10 luglio, al prezzo agevolato di 17 euro (disponibilit\u00e0 limitata a un massimo di 25 pettorali).<\/p>\n<\/li>\n<li>\n<p data-path-to-node=\"7,1,0\">Quota successiva: terminata la promozione, la quota di iscrizione passer\u00e0 a 20 euro, cifra che rimarr\u00e0 valida fino a met\u00e0 agosto.<\/p>\n<\/li>\n<\/ul>\n<h3 data-path-to-node=\"8\">Due percorsi per sfidare se stessi e godersi la natura<\/h3>\n<p data-path-to-node=\"9\">La formula dell&#8217;evento rimane fedele alla tradizione, offrendo due diverse opportunit\u00e0 per vivere la montagna:<\/p>\n<ol start=\"1\" data-path-to-node=\"10\">\n<li>\n<p data-path-to-node=\"10,0,0\">Gos\u00e8r Trail (14 km): il percorso &#8220;regina&#8221; della manifestazione, caratterizzato da 1.000 metri di dislivello positivo. \u00c8 un tracciato impegnativo, pensato per mettere alla prova la preparazione fisica e mentale dei runner pi\u00f9 esperti, premiandoli con panorami suggestivi.<\/p>\n<\/li>\n<li>\n<p data-path-to-node=\"10,1,0\">MiniTrail (5 km): un percorso ludico-motorio ideale per bambini e famiglie, immerso nella natura circostante Tisoi, nato per avvicinare i pi\u00f9 giovani allo sport e all&#8217;ambiente montano con spirito di divertimento.<\/p>\n<\/li>\n<\/ol>\n<h3 data-path-to-node=\"11\">Oltre la gara: lo spirito dell&#8217;associazione<\/h3>\n<p data-path-to-node=\"12\">Il Gos\u00e8r Trail si conferma un evento che supera il semplice ambito agonistico. Dietro ogni edizione c&#8217;\u00e8 l&#8217;impegno costante dell&#8217;ASD Al Gos\u00e8r, che lavora meticolosamente su ogni aspetto: dalla cura dei tracciati alla gestione logistica, fino alla valorizzazione del territorio che ospita la competizione.<\/p>\n<h3 data-path-to-node=\"13\">Contatti e informazioni<\/h3>\n<p data-path-to-node=\"14\">Per restare aggiornati su tutti i dettagli della gara, \u00e8 possibile consultare la pagina Facebook ufficiale <a class=\"ng-star-inserted\" href=\"https:\/\/www.google.com\/search?q=https:\/\/facebook.com\/gosertrail\" target=\"_blank\" rel=\"noopener\" data-hveid=\"0\" data-ved=\"0CAAQ_4QMahgKEwjv4-S3zLGVAxUAAAAAHQAAAAAQpAE\">facebook.com\/gosertrail<\/a> oppure mettersi in contatto direttamente con l&#8217;organizzazione chiamando Enrico al 328 5468827 o Eugenio al 348 0913669.<\/p>","protected":false},"excerpt":{"rendered":"<p>Torna uno degli appuntamenti pi\u00f9 attesi dagli amanti della corsa in montagna nel bellunese. Il Gos\u00e8r Trail, giunto alla sua ottava edizione, \u00e8 pronto a dare appuntamento a tutti gli atleti e agli appassionati per domenica 25 ottobre 2026. La manifestazione, organizzata dall&#8217;associazione sportiva dilettantistica Al Gos\u00e8r, prender\u00e0 il via dalla centralissima piazza di Tisoi, [&hellip;]<\/p>\n","protected":false},"author":2,"featured_media":164502,"comment_status":"closed","ping_status":"open","sticky":false,"template":"","format":"standard","meta":{"footnotes":""},"categories":[4],"tags":[],"class_list":["post-171601","post","type-post","status-publish","format-standard","has-post-thumbnail","category-sport"],"yoast_head":"<!-- This site is optimized with the Yoast SEO plugin v28.4 - https:\/\/yoast.com\/product\/yoast-seo-wordpress\/ -->\n<title>Belluno. Gos\u00e8r Trail 2026: aperte le iscrizioni per l&#039;ottava edizione tra i sentieri di Tisoi - Bellunopress - Dolomiti<\/title>\n<meta name=\"robots\" content=\"index, follow, max-snippet:-1, max-image-preview:large, max-video-preview:-1\" \/>\n<link rel=\"canonical\" href=\"https:\/\/www.bellunopress.it\/fr\/2026\/07\/01\/belluno-goser-trail-2026-aperte-le-iscrizioni-per-lottava-edizione-tra-i-sentieri-di-tisoi\/\" \/>\n<meta property=\"og:locale\" content=\"fr_FR\" \/>\n<meta property=\"og:type\" content=\"article\" \/>\n<meta property=\"og:title\" content=\"Belluno. Gos\u00e8r Trail 2026: aperte le iscrizioni per l&#039;ottava edizione tra i sentieri di Tisoi - Bellunopress - Dolomiti\" \/>\n<meta property=\"og:description\" content=\"Torna uno degli appuntamenti pi\u00f9 attesi dagli amanti della corsa in montagna nel bellunese. Il Gos\u00e8r Trail, giunto alla sua ottava edizione, \u00e8 pronto a dare appuntamento a tutti gli atleti e agli appassionati per domenica 25 ottobre 2026. La manifestazione, organizzata dall&#8217;associazione sportiva dilettantistica Al Gos\u00e8r, prender\u00e0 il via dalla centralissima piazza di Tisoi, [&hellip;]\" \/>\n<meta property=\"og:url\" content=\"https:\/\/www.bellunopress.it\/fr\/2026\/07\/01\/belluno-goser-trail-2026-aperte-le-iscrizioni-per-lottava-edizione-tra-i-sentieri-di-tisoi\/\" \/>\n<meta property=\"og:site_name\" content=\"Bellunopress - Dolomiti\" \/>\n<meta property=\"article:publisher\" content=\"https:\/\/www.facebook.com\/profile.php?id=100008943462799\" \/>\n<meta property=\"article:published_time\" content=\"2026-07-01T13:50:45+00:00\" \/>\n<meta property=\"og:image\" content=\"https:\/\/www.bellunopress.it\/wp-content\/uploads\/2025\/10\/Goser-Trail-2025_edited.jpg\" \/>\n\t<meta property=\"og:image:width\" content=\"800\" \/>\n\t<meta property=\"og:image:height\" content=\"533\" \/>\n\t<meta property=\"og:image:type\" content=\"image\/jpeg\" \/>\n<meta name=\"author\" content=\"redazione\" \/>\n<meta name=\"twitter:card\" content=\"summary_large_image\" \/>\n<meta name=\"twitter:creator\" content=\"@bellunopress\" \/>\n<meta name=\"twitter:site\" content=\"@bellunopress\" \/>\n<meta name=\"twitter:label1\" content=\"\u00c9crit par\" \/>\n\t<meta name=\"twitter:data1\" content=\"redazione\" \/>\n\t<meta name=\"twitter:label2\" content=\"Dur\u00e9e de lecture estim\u00e9e\" \/>\n\t<meta name=\"twitter:data2\" content=\"2 minutes\" \/>\n<script type=\"application\/ld+json\" class=\"yoast-schema-graph\">{\"@context\":\"https:\\\/\\\/schema.org\",\"@graph\":[{\"@type\":\"Article\",\"@id\":\"https:\\\/\\\/www.bellunopress.it\\\/2026\\\/07\\\/01\\\/belluno-goser-trail-2026-aperte-le-iscrizioni-per-lottava-edizione-tra-i-sentieri-di-tisoi\\\/#article\",\"isPartOf\":{\"@id\":\"https:\\\/\\\/www.bellunopress.it\\\/2026\\\/07\\\/01\\\/belluno-goser-trail-2026-aperte-le-iscrizioni-per-lottava-edizione-tra-i-sentieri-di-tisoi\\\/\"},\"author\":{\"name\":\"redazione\",\"@id\":\"https:\\\/\\\/www.bellunopress.it\\\/#\\\/schema\\\/person\\\/79bb06722b37ece1c03d3e94beb30d73\"},\"headline\":\"Belluno. Gos\u00e8r Trail 2026: aperte le iscrizioni per l&#8217;ottava edizione tra i sentieri di Tisoi\",\"datePublished\":\"2026-07-01T13:50:45+00:00\",\"mainEntityOfPage\":{\"@id\":\"https:\\\/\\\/www.bellunopress.it\\\/2026\\\/07\\\/01\\\/belluno-goser-trail-2026-aperte-le-iscrizioni-per-lottava-edizione-tra-i-sentieri-di-tisoi\\\/\"},\"wordCount\":348,\"publisher\":{\"@id\":\"https:\\\/\\\/www.bellunopress.it\\\/#organization\"},\"image\":{\"@id\":\"https:\\\/\\\/www.bellunopress.it\\\/2026\\\/07\\\/01\\\/belluno-goser-trail-2026-aperte-le-iscrizioni-per-lottava-edizione-tra-i-sentieri-di-tisoi\\\/#primaryimage\"},\"thumbnailUrl\":\"https:\\\/\\\/www.bellunopress.it\\\/wp-content\\\/uploads\\\/2025\\\/10\\\/Goser-Trail-2025_edited.jpg\",\"articleSection\":[\"Sport, tempo libero\"],\"inLanguage\":\"fr-FR\"},{\"@type\":\"WebPage\",\"@id\":\"https:\\\/\\\/www.bellunopress.it\\\/2026\\\/07\\\/01\\\/belluno-goser-trail-2026-aperte-le-iscrizioni-per-lottava-edizione-tra-i-sentieri-di-tisoi\\\/\",\"url\":\"https:\\\/\\\/www.bellunopress.it\\\/2026\\\/07\\\/01\\\/belluno-goser-trail-2026-aperte-le-iscrizioni-per-lottava-edizione-tra-i-sentieri-di-tisoi\\\/\",\"name\":\"Belluno. Gos\u00e8r Trail 2026: aperte le iscrizioni per l'ottava edizione tra i sentieri di Tisoi - Bellunopress - Dolomiti\",\"isPartOf\":{\"@id\":\"https:\\\/\\\/www.bellunopress.it\\\/#website\"},\"primaryImageOfPage\":{\"@id\":\"https:\\\/\\\/www.bellunopress.it\\\/2026\\\/07\\\/01\\\/belluno-goser-trail-2026-aperte-le-iscrizioni-per-lottava-edizione-tra-i-sentieri-di-tisoi\\\/#primaryimage\"},\"image\":{\"@id\":\"https:\\\/\\\/www.bellunopress.it\\\/2026\\\/07\\\/01\\\/belluno-goser-trail-2026-aperte-le-iscrizioni-per-lottava-edizione-tra-i-sentieri-di-tisoi\\\/#primaryimage\"},\"thumbnailUrl\":\"https:\\\/\\\/www.bellunopress.it\\\/wp-content\\\/uploads\\\/2025\\\/10\\\/Goser-Trail-2025_edited.jpg\",\"datePublished\":\"2026-07-01T13:50:45+00:00\",\"breadcrumb\":{\"@id\":\"https:\\\/\\\/www.bellunopress.it\\\/2026\\\/07\\\/01\\\/belluno-goser-trail-2026-aperte-le-iscrizioni-per-lottava-edizione-tra-i-sentieri-di-tisoi\\\/#breadcrumb\"},\"inLanguage\":\"fr-FR\",\"potentialAction\":[{\"@type\":\"ReadAction\",\"target\":[\"https:\\\/\\\/www.bellunopress.it\\\/2026\\\/07\\\/01\\\/belluno-goser-trail-2026-aperte-le-iscrizioni-per-lottava-edizione-tra-i-sentieri-di-tisoi\\\/\"]}]},{\"@type\":\"ImageObject\",\"inLanguage\":\"fr-FR\",\"@id\":\"https:\\\/\\\/www.bellunopress.it\\\/2026\\\/07\\\/01\\\/belluno-goser-trail-2026-aperte-le-iscrizioni-per-lottava-edizione-tra-i-sentieri-di-tisoi\\\/#primaryimage\",\"url\":\"https:\\\/\\\/www.bellunopress.it\\\/wp-content\\\/uploads\\\/2025\\\/10\\\/Goser-Trail-2025_edited.jpg\",\"contentUrl\":\"https:\\\/\\\/www.bellunopress.it\\\/wp-content\\\/uploads\\\/2025\\\/10\\\/Goser-Trail-2025_edited.jpg\",\"width\":800,\"height\":533},{\"@type\":\"BreadcrumbList\",\"@id\":\"https:\\\/\\\/www.bellunopress.it\\\/2026\\\/07\\\/01\\\/belluno-goser-trail-2026-aperte-le-iscrizioni-per-lottava-edizione-tra-i-sentieri-di-tisoi\\\/#breadcrumb\",\"itemListElement\":[{\"@type\":\"ListItem\",\"position\":1,\"name\":\"Home\",\"item\":\"https:\\\/\\\/www.bellunopress.it\\\/\"},{\"@type\":\"ListItem\",\"position\":2,\"name\":\"Belluno. Gos\u00e8r Trail 2026: aperte le iscrizioni per l&#8217;ottava edizione tra i sentieri di Tisoi\"}]},{\"@type\":\"WebSite\",\"@id\":\"https:\\\/\\\/www.bellunopress.it\\\/#website\",\"url\":\"https:\\\/\\\/www.bellunopress.it\\\/\",\"name\":\"Bellunopress - Dolomiti\",\"description\":\"e-mail: redazione@bellunopress.it\",\"publisher\":{\"@id\":\"https:\\\/\\\/www.bellunopress.it\\\/#organization\"},\"potentialAction\":[{\"@type\":\"SearchAction\",\"target\":{\"@type\":\"EntryPoint\",\"urlTemplate\":\"https:\\\/\\\/www.bellunopress.it\\\/?s={search_term_string}\"},\"query-input\":{\"@type\":\"PropertyValueSpecification\",\"valueRequired\":true,\"valueName\":\"search_term_string\"}}],\"inLanguage\":\"fr-FR\"},{\"@type\":\"Organization\",\"@id\":\"https:\\\/\\\/www.bellunopress.it\\\/#organization\",\"name\":\"Bellunopress\",\"url\":\"https:\\\/\\\/www.bellunopress.it\\\/\",\"logo\":{\"@type\":\"ImageObject\",\"inLanguage\":\"fr-FR\",\"@id\":\"https:\\\/\\\/www.bellunopress.it\\\/#\\\/schema\\\/logo\\\/image\\\/\",\"url\":\"https:\\\/\\\/www.bellunopress.it\\\/wp-content\\\/uploads\\\/2011\\\/05\\\/cropped-logo-bellunopress-.jpg\",\"contentUrl\":\"https:\\\/\\\/www.bellunopress.it\\\/wp-content\\\/uploads\\\/2011\\\/05\\\/cropped-logo-bellunopress-.jpg\",\"width\":512,\"height\":512,\"caption\":\"Bellunopress\"},\"image\":{\"@id\":\"https:\\\/\\\/www.bellunopress.it\\\/#\\\/schema\\\/logo\\\/image\\\/\"},\"sameAs\":[\"https:\\\/\\\/www.facebook.com\\\/profile.php?id=100008943462799\",\"https:\\\/\\\/x.com\\\/bellunopress\",\"https:\\\/\\\/www.linkedin.com\\\/hp\\\/?dnr=JBzUWaJfMUw8vbXJJ2tVW5-I3jZKvC4wsoxE&amp;amp;amp;amp;amp;amp;trk=nav_responsive_tab_home\",\"https:\\\/\\\/www.youtube.com\\\/channel\\\/UCxL0wu1uN0_3_7hGG0306cw\"]},{\"@type\":\"Person\",\"@id\":\"https:\\\/\\\/www.bellunopress.it\\\/#\\\/schema\\\/person\\\/79bb06722b37ece1c03d3e94beb30d73\",\"name\":\"redazione\",\"image\":{\"@type\":\"ImageObject\",\"inLanguage\":\"fr-FR\",\"@id\":\"https:\\\/\\\/secure.gravatar.com\\\/avatar\\\/37d968a2e67a6fd04c169c4bdef102d0bc5d31b2546345219e348575eb80e9a0?s=96&d=mm&r=g\",\"url\":\"https:\\\/\\\/secure.gravatar.com\\\/avatar\\\/37d968a2e67a6fd04c169c4bdef102d0bc5d31b2546345219e348575eb80e9a0?s=96&d=mm&r=g\",\"contentUrl\":\"https:\\\/\\\/secure.gravatar.com\\\/avatar\\\/37d968a2e67a6fd04c169c4bdef102d0bc5d31b2546345219e348575eb80e9a0?s=96&d=mm&r=g\",\"caption\":\"redazione\"},\"sameAs\":[\"http:\\\/\\\/www.bellunopress.it\",\"https:\\\/\\\/x.com\\\/bellunopress\"],\"url\":\"https:\\\/\\\/www.bellunopress.it\\\/fr\\\/author\\\/redazione\\\/\"}]}<\/script>\n<!-- \/ Yoast SEO plugin. -->","yoast_head_json":{"title":"Belluno. Gos\u00e8r Trail 2026: aperte le iscrizioni per l'ottava edizione tra i sentieri di Tisoi - Bellunopress - Dolomiti","robots":{"index":"index","follow":"follow","max-snippet":"max-snippet:-1","max-image-preview":"max-image-preview:large","max-video-preview":"max-video-preview:-1"},"canonical":"https:\/\/www.bellunopress.it\/fr\/2026\/07\/01\/belluno-goser-trail-2026-aperte-le-iscrizioni-per-lottava-edizione-tra-i-sentieri-di-tisoi\/","og_locale":"fr_FR","og_type":"article","og_title":"Belluno. Gos\u00e8r Trail 2026: aperte le iscrizioni per l'ottava edizione tra i sentieri di Tisoi - Bellunopress - Dolomiti","og_description":"Torna uno degli appuntamenti pi\u00f9 attesi dagli amanti della corsa in montagna nel bellunese. Il Gos\u00e8r Trail, giunto alla sua ottava edizione, \u00e8 pronto a dare appuntamento a tutti gli atleti e agli appassionati per domenica 25 ottobre 2026. La manifestazione, organizzata dall&#8217;associazione sportiva dilettantistica Al Gos\u00e8r, prender\u00e0 il via dalla centralissima piazza di Tisoi, [&hellip;]","og_url":"https:\/\/www.bellunopress.it\/fr\/2026\/07\/01\/belluno-goser-trail-2026-aperte-le-iscrizioni-per-lottava-edizione-tra-i-sentieri-di-tisoi\/","og_site_name":"Bellunopress - Dolomiti","article_publisher":"https:\/\/www.facebook.com\/profile.php?id=100008943462799","article_published_time":"2026-07-01T13:50:45+00:00","og_image":[{"width":800,"height":533,"url":"https:\/\/www.bellunopress.it\/wp-content\/uploads\/2025\/10\/Goser-Trail-2025_edited.jpg","type":"image\/jpeg"}],"author":"redazione","twitter_card":"summary_large_image","twitter_creator":"@bellunopress","twitter_site":"@bellunopress","twitter_misc":{"\u00c9crit par":"redazione","Dur\u00e9e de lecture estim\u00e9e":"2 minutes"},"schema":{"@context":"https:\/\/schema.org","@graph":[{"@type":"Article","@id":"https:\/\/www.bellunopress.it\/2026\/07\/01\/belluno-goser-trail-2026-aperte-le-iscrizioni-per-lottava-edizione-tra-i-sentieri-di-tisoi\/#article","isPartOf":{"@id":"https:\/\/www.bellunopress.it\/2026\/07\/01\/belluno-goser-trail-2026-aperte-le-iscrizioni-per-lottava-edizione-tra-i-sentieri-di-tisoi\/"},"author":{"name":"redazione","@id":"https:\/\/www.bellunopress.it\/#\/schema\/person\/79bb06722b37ece1c03d3e94beb30d73"},"headline":"Belluno. Gos\u00e8r Trail 2026: aperte le iscrizioni per l&#8217;ottava edizione tra i sentieri di Tisoi","datePublished":"2026-07-01T13:50:45+00:00","mainEntityOfPage":{"@id":"https:\/\/www.bellunopress.it\/2026\/07\/01\/belluno-goser-trail-2026-aperte-le-iscrizioni-per-lottava-edizione-tra-i-sentieri-di-tisoi\/"},"wordCount":348,"publisher":{"@id":"https:\/\/www.bellunopress.it\/#organization"},"image":{"@id":"https:\/\/www.bellunopress.it\/2026\/07\/01\/belluno-goser-trail-2026-aperte-le-iscrizioni-per-lottava-edizione-tra-i-sentieri-di-tisoi\/#primaryimage"},"thumbnailUrl":"https:\/\/www.bellunopress.it\/wp-content\/uploads\/2025\/10\/Goser-Trail-2025_edited.jpg","articleSection":["Sport, tempo libero"],"inLanguage":"fr-FR"},{"@type":"WebPage","@id":"https:\/\/www.bellunopress.it\/2026\/07\/01\/belluno-goser-trail-2026-aperte-le-iscrizioni-per-lottava-edizione-tra-i-sentieri-di-tisoi\/","url":"https:\/\/www.bellunopress.it\/2026\/07\/01\/belluno-goser-trail-2026-aperte-le-iscrizioni-per-lottava-edizione-tra-i-sentieri-di-tisoi\/","name":"Belluno. Gos\u00e8r Trail 2026: aperte le iscrizioni per l'ottava edizione tra i sentieri di Tisoi - Bellunopress - Dolomiti","isPartOf":{"@id":"https:\/\/www.bellunopress.it\/#website"},"primaryImageOfPage":{"@id":"https:\/\/www.bellunopress.it\/2026\/07\/01\/belluno-goser-trail-2026-aperte-le-iscrizioni-per-lottava-edizione-tra-i-sentieri-di-tisoi\/#primaryimage"},"image":{"@id":"https:\/\/www.bellunopress.it\/2026\/07\/01\/belluno-goser-trail-2026-aperte-le-iscrizioni-per-lottava-edizione-tra-i-sentieri-di-tisoi\/#primaryimage"},"thumbnailUrl":"https:\/\/www.bellunopress.it\/wp-content\/uploads\/2025\/10\/Goser-Trail-2025_edited.jpg","datePublished":"2026-07-01T13:50:45+00:00","breadcrumb":{"@id":"https:\/\/www.bellunopress.it\/2026\/07\/01\/belluno-goser-trail-2026-aperte-le-iscrizioni-per-lottava-edizione-tra-i-sentieri-di-tisoi\/#breadcrumb"},"inLanguage":"fr-FR","potentialAction":[{"@type":"ReadAction","target":["https:\/\/www.bellunopress.it\/2026\/07\/01\/belluno-goser-trail-2026-aperte-le-iscrizioni-per-lottava-edizione-tra-i-sentieri-di-tisoi\/"]}]},{"@type":"ImageObject","inLanguage":"fr-FR","@id":"https:\/\/www.bellunopress.it\/2026\/07\/01\/belluno-goser-trail-2026-aperte-le-iscrizioni-per-lottava-edizione-tra-i-sentieri-di-tisoi\/#primaryimage","url":"https:\/\/www.bellunopress.it\/wp-content\/uploads\/2025\/10\/Goser-Trail-2025_edited.jpg","contentUrl":"https:\/\/www.bellunopress.it\/wp-content\/uploads\/2025\/10\/Goser-Trail-2025_edited.jpg","width":800,"height":533},{"@type":"BreadcrumbList","@id":"https:\/\/www.bellunopress.it\/2026\/07\/01\/belluno-goser-trail-2026-aperte-le-iscrizioni-per-lottava-edizione-tra-i-sentieri-di-tisoi\/#breadcrumb","itemListElement":[{"@type":"ListItem","position":1,"name":"Home","item":"https:\/\/www.bellunopress.it\/"},{"@type":"ListItem","position":2,"name":"Belluno. Gos\u00e8r Trail 2026: aperte le iscrizioni per l&#8217;ottava edizione tra i sentieri di Tisoi"}]},{"@type":"WebSite","@id":"https:\/\/www.bellunopress.it\/#website","url":"https:\/\/www.bellunopress.it\/","name":"Bellunopress - Dolomiti","description":"e-mail: redazione@bellunopress.it","publisher":{"@id":"https:\/\/www.bellunopress.it\/#organization"},"potentialAction":[{"@type":"SearchAction","target":{"@type":"EntryPoint","urlTemplate":"https:\/\/www.bellunopress.it\/?s={search_term_string}"},"query-input":{"@type":"PropertyValueSpecification","valueRequired":true,"valueName":"search_term_string"}}],"inLanguage":"fr-FR"},{"@type":"Organization","@id":"https:\/\/www.bellunopress.it\/#organization","name":"Bellunopress","url":"https:\/\/www.bellunopress.it\/","logo":{"@type":"ImageObject","inLanguage":"fr-FR","@id":"https:\/\/www.bellunopress.it\/#\/schema\/logo\/image\/","url":"https:\/\/www.bellunopress.it\/wp-content\/uploads\/2011\/05\/cropped-logo-bellunopress-.jpg","contentUrl":"https:\/\/www.bellunopress.it\/wp-content\/uploads\/2011\/05\/cropped-logo-bellunopress-.jpg","width":512,"height":512,"caption":"Bellunopress"},"image":{"@id":"https:\/\/www.bellunopress.it\/#\/schema\/logo\/image\/"},"sameAs":["https:\/\/www.facebook.com\/profile.php?id=100008943462799","https:\/\/x.com\/bellunopress","https:\/\/www.linkedin.com\/hp\/?dnr=JBzUWaJfMUw8vbXJJ2tVW5-I3jZKvC4wsoxE&amp;amp;amp;amp;amp;amp;trk=nav_responsive_tab_home","https:\/\/www.youtube.com\/channel\/UCxL0wu1uN0_3_7hGG0306cw"]},{"@type":"Person","@id":"https:\/\/www.bellunopress.it\/#\/schema\/person\/79bb06722b37ece1c03d3e94beb30d73","name":"r\u00e9daction","image":{"@type":"ImageObject","inLanguage":"fr-FR","@id":"https:\/\/secure.gravatar.com\/avatar\/37d968a2e67a6fd04c169c4bdef102d0bc5d31b2546345219e348575eb80e9a0?s=96&d=mm&r=g","url":"https:\/\/secure.gravatar.com\/avatar\/37d968a2e67a6fd04c169c4bdef102d0bc5d31b2546345219e348575eb80e9a0?s=96&d=mm&r=g","contentUrl":"https:\/\/secure.gravatar.com\/avatar\/37d968a2e67a6fd04c169c4bdef102d0bc5d31b2546345219e348575eb80e9a0?s=96&d=mm&r=g","caption":"redazione"},"sameAs":["http:\/\/www.bellunopress.it","https:\/\/x.com\/bellunopress"],"url":"https:\/\/www.bellunopress.it\/fr\/author\/redazione\/"}]}},"_links":{"self":[{"href":"https:\/\/www.bellunopress.it\/fr\/wp-json\/wp\/v2\/posts\/171601","targetHints":{"allow":["GET"]}}],"collection":[{"href":"https:\/\/www.bellunopress.it\/fr\/wp-json\/wp\/v2\/posts"}],"about":[{"href":"https:\/\/www.bellunopress.it\/fr\/wp-json\/wp\/v2\/types\/post"}],"author":[{"embeddable":true,"href":"https:\/\/www.bellunopress.it\/fr\/wp-json\/wp\/v2\/users\/2"}],"replies":[{"embeddable":true,"href":"https:\/\/www.bellunopress.it\/fr\/wp-json\/wp\/v2\/comments?post=171601"}],"version-history":[{"count":1,"href":"https:\/\/www.bellunopress.it\/fr\/wp-json\/wp\/v2\/posts\/171601\/revisions"}],"predecessor-version":[{"id":171602,"href":"https:\/\/www.bellunopress.it\/fr\/wp-json\/wp\/v2\/posts\/171601\/revisions\/171602"}],"wp:featuredmedia":[{"embeddable":true,"href":"https:\/\/www.bellunopress.it\/fr\/wp-json\/wp\/v2\/media\/164502"}],"wp:attachment":[{"href":"https:\/\/www.bellunopress.it\/fr\/wp-json\/wp\/v2\/media?parent=171601"}],"wp:term":[{"taxonomy":"category","embeddable":true,"href":"https:\/\/www.bellunopress.it\/fr\/wp-json\/wp\/v2\/categories?post=171601"},{"taxonomy":"post_tag","embeddable":true,"href":"https:\/\/www.bellunopress.it\/fr\/wp-json\/wp\/v2\/tags?post=171601"}],"curies":[{"name":"wp","href":"https:\/\/api.w.org\/{rel}","templated":true}]}}