{"id":171593,"date":"2026-07-01T13:16:28","date_gmt":"2026-07-01T11:16:28","guid":{"rendered":"https:\/\/www.bellunopress.it\/?p=171593"},"modified":"2026-07-01T15:45:44","modified_gmt":"2026-07-01T13:45:44","slug":"belluno-ripartono-i-giovedi-in-piazza-il-programma-2026-punta-su-cultura-e-identita-territoriale","status":"publish","type":"post","link":"https:\/\/www.bellunopress.it\/fr\/2026\/07\/01\/belluno-ripartono-i-giovedi-in-piazza-il-programma-2026-punta-su-cultura-e-identita-territoriale\/","title":{"rendered":"Belluno, ripartono i &#8220;Gioved\u00ec in piazza&#8221;: il programma 2026 punta su cultura e identit\u00e0 territoriale"},"content":{"rendered":"<p data-path-to-node=\"3\"><b data-path-to-node=\"3\" data-index-in-node=\"0\">Al via la nuova edizione dell&#8217;iniziativa estiva: il neo-presidente del Consorzio Belluno Centro Storico, Santi di Noto, e l&#8217;assessore Paolo Luciani presentano un calendario ricco di eventi per animare la citt\u00e0.<\/b><\/p>\n<p data-path-to-node=\"4\">Belluno, 1\u00b0 luglio 2026 &#8211; Si \u00e8 tenuta stamane in Sala giunta la presentazione dell&#8217;iniziativa i &#8220;Gioved\u00ec di sera&#8221; da parte dell&#8217;assessore al Turismo Paolo Luciani, affiancato dal neo presidente del Consorzio Belluno Centro Storico Santi di Noto. Belluno dunque, si prepara a vivere un&#8217;estate all&#8217;insegna della vitalit\u00e0 e della riscoperta del centro storico con la consolidata\u00a0 rassegna che ogni anno trasforma il cuore della citt\u00e0 in un palcoscenico a cielo aperto.<\/p>\n<p data-path-to-node=\"6\">La presentazione ha segnato anche un momento istituzionale importante: l&#8217;accoglienza del neo-presidente del Consorzio Belluno Centro Storico, Santi di Noto. Durante l&#8217;incontro, l&#8217;amministrazione comunale ha espresso il proprio sostegno al nuovo vertice, augurando buon lavoro a Di Noto per questa nuova sfida.<\/p>\n<p data-path-to-node=\"7\"><i data-path-to-node=\"7\" data-index-in-node=\"0\">\u201c<\/i>Un ringraziamento particolare va al presidente uscente, Andrea Dal Pont, per il grande lavoro svolto<i data-path-to-node=\"7\" data-index-in-node=\"0\">\u201d\u00a0 <\/i>ha detto Luciani illustrando i dettagli del programma estivo.<\/p>\n<p data-path-to-node=\"9\">I &#8220;Gioved\u00ec in piazza&#8221; &#8211; ha proseguito l&#8217;assessore &#8211; restano un appuntamento classico dell&#8217;estate bellunese, ma l&#8217;edizione 2026 si distingue per una forte spinta all&#8217;innovazione. Il programma punta infatti a valorizzare il territorio attraverso una sinergia tra enogastronomia, cultura e promozione turistica.<\/p>\n<p data-path-to-node=\"10\">Ecco le tappe principali della rassegna:<\/p>\n<ul data-path-to-node=\"11\">\n<li>\n<p data-path-to-node=\"11,0,0\">Sabato 4 luglio: si parte con i &#8220;Saldi in piazza&#8221;, un&#8217;occasione per vivere il commercio locale all&#8217;aperto.<\/p>\n<\/li>\n<li>\n<p data-path-to-node=\"11,1,0\">Gioved\u00ec 9 luglio: una serata interamente dedicata al cinema e alla valorizzazione delle produzioni audiovisive del nostro territorio.<\/p>\n<\/li>\n<li>\n<p data-path-to-node=\"11,2,0\">Gioved\u00ec 16 luglio: protagonista l&#8217;arte visiva. Grazie alla collaborazione con <i data-path-to-node=\"11,2,0\" data-index-in-node=\"78\">Mikorizza.art<\/i>, la serata sar\u00e0 animata da tre diversi set artistici allestiti in tre piazze del centro.<\/p>\n<\/li>\n<li>\n<p data-path-to-node=\"11,3,0\">Gioved\u00ec 23 luglio: un grande evento multidisciplinare che unir\u00e0 enogastronomia, cultura musicale e intrattenimento, coinvolgendo produttori vitivinicoli e DJ set. L&#8217;evento sar\u00e0 distribuito in quattro diverse zone del centro.<\/p>\n<\/li>\n<li>\n<p data-path-to-node=\"11,4,0\">Gioved\u00ec 30 luglio: gran finale dedicato ai commercianti, che uniranno le proprie forze in una grande esposizione coordinata in Piazza dei Martiri.<\/p>\n<\/li>\n<\/ul>\n<p><span style=\"color: #111111; font-family: Roboto, sans-serif; font-size: 22px;\">L&#8217;obiettivo comune, ribadito sia dal Comune che dal Consorzio, \u00e8 quello di mantenere vivo il centro storico, promuovendo il tessuto economico e associativo locale della rete.<\/span><\/p>\n<p data-path-to-node=\"13\">Il programma, che nasce dalla stretta collaborazione tra Consorzio e Amministrazione Comunale, vuole essere un passo avanti verso una gestione pi\u00f9 integrata delle attivit\u00e0 cittadine. <i data-path-to-node=\"13\" data-index-in-node=\"183\">\u201cGli appuntamenti di quest\u2019anno rappresentano un\u2019importante evoluzione in chiave enogastronomica e culturale\u201d<\/i>, hanno spiegato i promotori, sottolineando come l\u2019intento sia quello di offrire ai cittadini e ai visitatori un\u2019esperienza completa per riscoprire la bellezza di Belluno.<\/p>\n<p data-path-to-node=\"14\">L&#8217;appuntamento \u00e8 dunque fissato per questo fine settimana: un invito aperto a tutta la cittadinanza per tornare a vivere, insieme, le piazze e le vie del centro.<\/p>\n<p>&nbsp;<\/p>\n<p><strong><em><img loading=\"lazy\" decoding=\"async\" class=\"aligncenter size-full wp-image-135020\" src=\"https:\/\/www.bellunopress.it\/wp-content\/uploads\/2022\/07\/Belluno-di-sera-i-giovedi.jpg\" alt=\"\" width=\"1000\" height=\"750\" srcset=\"https:\/\/www.bellunopress.it\/wp-content\/uploads\/2022\/07\/Belluno-di-sera-i-giovedi.jpg 1000w, https:\/\/www.bellunopress.it\/wp-content\/uploads\/2022\/07\/Belluno-di-sera-i-giovedi-500x375.jpg 500w, https:\/\/www.bellunopress.it\/wp-content\/uploads\/2022\/07\/Belluno-di-sera-i-giovedi-696x522.jpg 696w, https:\/\/www.bellunopress.it\/wp-content\/uploads\/2022\/07\/Belluno-di-sera-i-giovedi-560x420.jpg 560w, https:\/\/www.bellunopress.it\/wp-content\/uploads\/2022\/07\/Belluno-di-sera-i-giovedi-80x60.jpg 80w, https:\/\/www.bellunopress.it\/wp-content\/uploads\/2022\/07\/Belluno-di-sera-i-giovedi-265x198.jpg 265w\" sizes=\"auto, (max-width: 1000px) 100vw, 1000px\" \/>Programma dettagliato GIOVEDI IN PIAZZA<\/em><\/strong><\/p>\n<p><strong>Gioved\u00ec 9 luglio <\/strong><\/p>\n<p><strong>Cinema<\/strong>: Una serata dedicata al cinema e alla valorizzazione delle produzioni audiovisive del territorio, pensata per <u>trasformare il centro storico in uno spazio diffuso di visione e incontro<\/u>.<\/p>\n<ul>\n<li>Proiezione di cortometraggi realizzati da <u>registi e autori del territorio<\/u>.<\/li>\n<li>Coinvolgimento di <u>giovani autori<\/u> e professionisti del settore audiovisivo.<\/li>\n<li>La serata vedr\u00e0 la <u>collaborazione di Primevolte<\/u>, festival cinematografico di Feltre, nell&#8217;ambito della valorizzazione del cinema contemporaneo e delle produzioni territoriali.<\/li>\n<li>Presentazione in anteprima esclusiva di un cortometraggio del <u>regista Francesco Sossai<\/u><\/li>\n<li>Allestimento di <u>tre postazioni<\/u> di proiezione nel centro cittadino Postazione 1: Piazza fenice Postazione 2: Porta Dante \/ Postazione 3: Galleria sotto la finanza <strong>Proiezione dalle 19 alle 24<\/strong><\/li>\n<\/ul>\n<p>&nbsp;<\/p>\n<p><strong>Gioved\u00ec 16 luglio <\/strong><\/p>\n<p><strong>Arte<\/strong>: Una serata dedicata alle <u>arti visive<\/u>, alla creativit\u00e0 contemporanea e alla <u>partecipazione attiva della comunit\u00e0<\/u>, con un percorso diffuso che coinvolger\u00e0 <u>diversi spazi del centro storico<\/u>.<\/p>\n<p>L&#8217;evento sar\u00e0 curato da <strong>mikoriza.art<\/strong> attraverso la direzione artistica e il coordinamento di Ilaria D&#8217;Alessio, con la collaborazione di Caterina Miari Fulcis.<\/p>\n<ul>\n<li>Allestimento di un primo set presso l&#8217;area dell&#8217;Ex Teatro Minerva.<\/li>\n<li>Secondo set via tasso 7<\/li>\n<li>Terzo set piazzetta Bembo<\/li>\n<\/ul>\n<p><u>Musica e contaminazioni artistiche<\/u><\/p>\n<ul>\n<li>Progetto musicale unPluriverso.<\/li>\n<li>Interventi artistici, musicali e multidisciplinari integrati all&#8217;interno del percorso espositivo, in dialogo con il progetto unPluriverso.<\/li>\n<\/ul>\n<p>&nbsp;<\/p>\n<p><strong>Gioved\u00ec 23 luglio<\/strong><\/p>\n<p><strong>Vini e Vinili:<\/strong> Un appuntamento che unisce <u>cultura enogastronomica e cultura musicale<\/u>, valorizzando le eccellenze del territorio attraverso il racconto del vino e l&#8217;esperienza autentica dell&#8217;ascolto in vinile. La serata coinvolger\u00e0 <u>produttori vitivinicoli, dj e attivit\u00e0 del centro storico in un percorso diffuso tra piazze e locali<\/u>.<\/p>\n<p><strong>Piazzetta San Lucano <\/strong>\u00a0* 2 produttori di vino. * 1 dj set in vinile.<\/p>\n<p><strong>Piazza Santo Stefano <\/strong>\u00a0* 2 produttori di vino. * 1 dj set vinile<\/p>\n<p><strong>Piazza Piloni\u00a0 *<\/strong> 2 produttori di vino. * 1 dj set in vinile.<\/p>\n<p><strong>Piazza Chemello <\/strong>\u00a0* 2 produttori di vino. * 1 dj set vinile<\/p>\n<p>&nbsp;<\/p>\n<p><strong>Gioved\u00ec 30 luglio <\/strong><\/p>\n<p><strong>Commercianti in Piazza<\/strong>: Gli <u>esercenti del centro<\/u> storico uniranno le proprie energie in una grande <u>esposizione coordinata in Piazza dei Martiri<\/u>, dove materiali, tessuti, decorazioni e giochi di luce daranno vita a un&#8217;affascinante <u>coreografia ispirata all&#8217;atmosfera gipsy<\/u>.<\/p>\n<p>Un allestimento collettivo pensato per creare un&#8217;esperienza visiva unica e rendere la piazza il cuore pulsante dell&#8217;evento.<\/p>\n<p>&nbsp;<\/p>","protected":false},"excerpt":{"rendered":"<p>Al via la nuova edizione dell&#8217;iniziativa estiva: il neo-presidente del Consorzio Belluno Centro Storico, Santi di Noto, e l&#8217;assessore Paolo Luciani presentano un calendario ricco di eventi per animare la citt\u00e0. Belluno, 1\u00b0 luglio 2026 &#8211; Si \u00e8 tenuta stamane in Sala giunta la presentazione dell&#8217;iniziativa i &#8220;Gioved\u00ec di sera&#8221; da parte dell&#8217;assessore al Turismo [&hellip;]<\/p>\n","protected":false},"author":2,"featured_media":171594,"comment_status":"closed","ping_status":"open","sticky":false,"template":"","format":"standard","meta":{"footnotes":""},"categories":[27,3446,36,26],"tags":[],"class_list":["post-171593","post","type-post","status-publish","format-standard","has-post-thumbnail","category-appuntamenti","category-featured","category-lavoro-economia","category-prima-pagina"],"yoast_head":"<!-- This site is optimized with the Yoast SEO plugin v28.4 - https:\/\/yoast.com\/product\/yoast-seo-wordpress\/ -->\n<title>Belluno, ripartono i &quot;Gioved\u00ec in piazza&quot;: il programma 2026 punta su cultura e identit\u00e0 territoriale - Bellunopress - Dolomiti<\/title>\n<meta name=\"robots\" content=\"index, follow, max-snippet:-1, max-image-preview:large, max-video-preview:-1\" \/>\n<link rel=\"canonical\" href=\"https:\/\/www.bellunopress.it\/fr\/2026\/07\/01\/belluno-ripartono-i-giovedi-in-piazza-il-programma-2026-punta-su-cultura-e-identita-territoriale\/\" \/>\n<meta property=\"og:locale\" content=\"fr_FR\" \/>\n<meta property=\"og:type\" content=\"article\" \/>\n<meta property=\"og:title\" content=\"Belluno, ripartono i &quot;Gioved\u00ec in piazza&quot;: il programma 2026 punta su cultura e identit\u00e0 territoriale - Bellunopress - Dolomiti\" \/>\n<meta property=\"og:description\" content=\"Al via la nuova edizione dell&#8217;iniziativa estiva: il neo-presidente del Consorzio Belluno Centro Storico, Santi di Noto, e l&#8217;assessore Paolo Luciani presentano un calendario ricco di eventi per animare la citt\u00e0. Belluno, 1\u00b0 luglio 2026 &#8211; Si \u00e8 tenuta stamane in Sala giunta la presentazione dell&#8217;iniziativa i &#8220;Gioved\u00ec di sera&#8221; da parte dell&#8217;assessore al Turismo [&hellip;]\" \/>\n<meta property=\"og:url\" content=\"https:\/\/www.bellunopress.it\/fr\/2026\/07\/01\/belluno-ripartono-i-giovedi-in-piazza-il-programma-2026-punta-su-cultura-e-identita-territoriale\/\" \/>\n<meta property=\"og:site_name\" content=\"Bellunopress - Dolomiti\" \/>\n<meta property=\"article:publisher\" content=\"https:\/\/www.facebook.com\/profile.php?id=100008943462799\" \/>\n<meta property=\"article:published_time\" content=\"2026-07-01T11:16:28+00:00\" \/>\n<meta property=\"article:modified_time\" content=\"2026-07-01T13:45:44+00:00\" \/>\n<meta property=\"og:image\" content=\"https:\/\/www.bellunopress.it\/wp-content\/uploads\/2026\/07\/Santi-di-Noto-Paolo-Luciani-Giovedi-in-piazza.jpeg\" \/>\n\t<meta property=\"og:image:width\" content=\"600\" \/>\n\t<meta property=\"og:image:height\" content=\"393\" \/>\n\t<meta property=\"og:image:type\" content=\"image\/jpeg\" \/>\n<meta name=\"author\" content=\"redazione\" \/>\n<meta name=\"twitter:card\" content=\"summary_large_image\" \/>\n<meta name=\"twitter:creator\" content=\"@bellunopress\" \/>\n<meta name=\"twitter:site\" content=\"@bellunopress\" \/>\n<meta name=\"twitter:label1\" content=\"\u00c9crit par\" \/>\n\t<meta name=\"twitter:data1\" content=\"redazione\" \/>\n\t<meta name=\"twitter:label2\" content=\"Dur\u00e9e de lecture estim\u00e9e\" \/>\n\t<meta name=\"twitter:data2\" content=\"5 minutes\" \/>\n<script type=\"application\/ld+json\" class=\"yoast-schema-graph\">{\"@context\":\"https:\\\/\\\/schema.org\",\"@graph\":[{\"@type\":\"Article\",\"@id\":\"https:\\\/\\\/www.bellunopress.it\\\/2026\\\/07\\\/01\\\/belluno-ripartono-i-giovedi-in-piazza-il-programma-2026-punta-su-cultura-e-identita-territoriale\\\/#article\",\"isPartOf\":{\"@id\":\"https:\\\/\\\/www.bellunopress.it\\\/2026\\\/07\\\/01\\\/belluno-ripartono-i-giovedi-in-piazza-il-programma-2026-punta-su-cultura-e-identita-territoriale\\\/\"},\"author\":{\"name\":\"redazione\",\"@id\":\"https:\\\/\\\/www.bellunopress.it\\\/#\\\/schema\\\/person\\\/79bb06722b37ece1c03d3e94beb30d73\"},\"headline\":\"Belluno, ripartono i &#8220;Gioved\u00ec in piazza&#8221;: il programma 2026 punta su cultura e identit\u00e0 territoriale\",\"datePublished\":\"2026-07-01T11:16:28+00:00\",\"dateModified\":\"2026-07-01T13:45:44+00:00\",\"mainEntityOfPage\":{\"@id\":\"https:\\\/\\\/www.bellunopress.it\\\/2026\\\/07\\\/01\\\/belluno-ripartono-i-giovedi-in-piazza-il-programma-2026-punta-su-cultura-e-identita-territoriale\\\/\"},\"wordCount\":830,\"publisher\":{\"@id\":\"https:\\\/\\\/www.bellunopress.it\\\/#organization\"},\"image\":{\"@id\":\"https:\\\/\\\/www.bellunopress.it\\\/2026\\\/07\\\/01\\\/belluno-ripartono-i-giovedi-in-piazza-il-programma-2026-punta-su-cultura-e-identita-territoriale\\\/#primaryimage\"},\"thumbnailUrl\":\"https:\\\/\\\/www.bellunopress.it\\\/wp-content\\\/uploads\\\/2026\\\/07\\\/Santi-di-Noto-Paolo-Luciani-Giovedi-in-piazza.jpeg\",\"articleSection\":[\"Appuntamenti, Eventi\",\"Featured\",\"Lavoro, Economia, Turismo\",\"Prima Pagina\"],\"inLanguage\":\"fr-FR\"},{\"@type\":\"WebPage\",\"@id\":\"https:\\\/\\\/www.bellunopress.it\\\/2026\\\/07\\\/01\\\/belluno-ripartono-i-giovedi-in-piazza-il-programma-2026-punta-su-cultura-e-identita-territoriale\\\/\",\"url\":\"https:\\\/\\\/www.bellunopress.it\\\/2026\\\/07\\\/01\\\/belluno-ripartono-i-giovedi-in-piazza-il-programma-2026-punta-su-cultura-e-identita-territoriale\\\/\",\"name\":\"Belluno, ripartono i \\\"Gioved\u00ec in piazza\\\": il programma 2026 punta su cultura e identit\u00e0 territoriale - Bellunopress - Dolomiti\",\"isPartOf\":{\"@id\":\"https:\\\/\\\/www.bellunopress.it\\\/#website\"},\"primaryImageOfPage\":{\"@id\":\"https:\\\/\\\/www.bellunopress.it\\\/2026\\\/07\\\/01\\\/belluno-ripartono-i-giovedi-in-piazza-il-programma-2026-punta-su-cultura-e-identita-territoriale\\\/#primaryimage\"},\"image\":{\"@id\":\"https:\\\/\\\/www.bellunopress.it\\\/2026\\\/07\\\/01\\\/belluno-ripartono-i-giovedi-in-piazza-il-programma-2026-punta-su-cultura-e-identita-territoriale\\\/#primaryimage\"},\"thumbnailUrl\":\"https:\\\/\\\/www.bellunopress.it\\\/wp-content\\\/uploads\\\/2026\\\/07\\\/Santi-di-Noto-Paolo-Luciani-Giovedi-in-piazza.jpeg\",\"datePublished\":\"2026-07-01T11:16:28+00:00\",\"dateModified\":\"2026-07-01T13:45:44+00:00\",\"breadcrumb\":{\"@id\":\"https:\\\/\\\/www.bellunopress.it\\\/2026\\\/07\\\/01\\\/belluno-ripartono-i-giovedi-in-piazza-il-programma-2026-punta-su-cultura-e-identita-territoriale\\\/#breadcrumb\"},\"inLanguage\":\"fr-FR\",\"potentialAction\":[{\"@type\":\"ReadAction\",\"target\":[\"https:\\\/\\\/www.bellunopress.it\\\/2026\\\/07\\\/01\\\/belluno-ripartono-i-giovedi-in-piazza-il-programma-2026-punta-su-cultura-e-identita-territoriale\\\/\"]}]},{\"@type\":\"ImageObject\",\"inLanguage\":\"fr-FR\",\"@id\":\"https:\\\/\\\/www.bellunopress.it\\\/2026\\\/07\\\/01\\\/belluno-ripartono-i-giovedi-in-piazza-il-programma-2026-punta-su-cultura-e-identita-territoriale\\\/#primaryimage\",\"url\":\"https:\\\/\\\/www.bellunopress.it\\\/wp-content\\\/uploads\\\/2026\\\/07\\\/Santi-di-Noto-Paolo-Luciani-Giovedi-in-piazza.jpeg\",\"contentUrl\":\"https:\\\/\\\/www.bellunopress.it\\\/wp-content\\\/uploads\\\/2026\\\/07\\\/Santi-di-Noto-Paolo-Luciani-Giovedi-in-piazza.jpeg\",\"width\":600,\"height\":393,\"caption\":\"Il presidente del Consorzio Santi di Noto e l'assessore Paolo Luciani\"},{\"@type\":\"BreadcrumbList\",\"@id\":\"https:\\\/\\\/www.bellunopress.it\\\/2026\\\/07\\\/01\\\/belluno-ripartono-i-giovedi-in-piazza-il-programma-2026-punta-su-cultura-e-identita-territoriale\\\/#breadcrumb\",\"itemListElement\":[{\"@type\":\"ListItem\",\"position\":1,\"name\":\"Home\",\"item\":\"https:\\\/\\\/www.bellunopress.it\\\/\"},{\"@type\":\"ListItem\",\"position\":2,\"name\":\"Belluno, ripartono i &#8220;Gioved\u00ec in piazza&#8221;: il programma 2026 punta su cultura e identit\u00e0 territoriale\"}]},{\"@type\":\"WebSite\",\"@id\":\"https:\\\/\\\/www.bellunopress.it\\\/#website\",\"url\":\"https:\\\/\\\/www.bellunopress.it\\\/\",\"name\":\"Bellunopress - Dolomiti\",\"description\":\"e-mail: redazione@bellunopress.it\",\"publisher\":{\"@id\":\"https:\\\/\\\/www.bellunopress.it\\\/#organization\"},\"potentialAction\":[{\"@type\":\"SearchAction\",\"target\":{\"@type\":\"EntryPoint\",\"urlTemplate\":\"https:\\\/\\\/www.bellunopress.it\\\/?s={search_term_string}\"},\"query-input\":{\"@type\":\"PropertyValueSpecification\",\"valueRequired\":true,\"valueName\":\"search_term_string\"}}],\"inLanguage\":\"fr-FR\"},{\"@type\":\"Organization\",\"@id\":\"https:\\\/\\\/www.bellunopress.it\\\/#organization\",\"name\":\"Bellunopress\",\"url\":\"https:\\\/\\\/www.bellunopress.it\\\/\",\"logo\":{\"@type\":\"ImageObject\",\"inLanguage\":\"fr-FR\",\"@id\":\"https:\\\/\\\/www.bellunopress.it\\\/#\\\/schema\\\/logo\\\/image\\\/\",\"url\":\"https:\\\/\\\/www.bellunopress.it\\\/wp-content\\\/uploads\\\/2011\\\/05\\\/cropped-logo-bellunopress-.jpg\",\"contentUrl\":\"https:\\\/\\\/www.bellunopress.it\\\/wp-content\\\/uploads\\\/2011\\\/05\\\/cropped-logo-bellunopress-.jpg\",\"width\":512,\"height\":512,\"caption\":\"Bellunopress\"},\"image\":{\"@id\":\"https:\\\/\\\/www.bellunopress.it\\\/#\\\/schema\\\/logo\\\/image\\\/\"},\"sameAs\":[\"https:\\\/\\\/www.facebook.com\\\/profile.php?id=100008943462799\",\"https:\\\/\\\/x.com\\\/bellunopress\",\"https:\\\/\\\/www.linkedin.com\\\/hp\\\/?dnr=JBzUWaJfMUw8vbXJJ2tVW5-I3jZKvC4wsoxE&amp;amp;amp;amp;amp;amp;trk=nav_responsive_tab_home\",\"https:\\\/\\\/www.youtube.com\\\/channel\\\/UCxL0wu1uN0_3_7hGG0306cw\"]},{\"@type\":\"Person\",\"@id\":\"https:\\\/\\\/www.bellunopress.it\\\/#\\\/schema\\\/person\\\/79bb06722b37ece1c03d3e94beb30d73\",\"name\":\"redazione\",\"image\":{\"@type\":\"ImageObject\",\"inLanguage\":\"fr-FR\",\"@id\":\"https:\\\/\\\/secure.gravatar.com\\\/avatar\\\/37d968a2e67a6fd04c169c4bdef102d0bc5d31b2546345219e348575eb80e9a0?s=96&d=mm&r=g\",\"url\":\"https:\\\/\\\/secure.gravatar.com\\\/avatar\\\/37d968a2e67a6fd04c169c4bdef102d0bc5d31b2546345219e348575eb80e9a0?s=96&d=mm&r=g\",\"contentUrl\":\"https:\\\/\\\/secure.gravatar.com\\\/avatar\\\/37d968a2e67a6fd04c169c4bdef102d0bc5d31b2546345219e348575eb80e9a0?s=96&d=mm&r=g\",\"caption\":\"redazione\"},\"sameAs\":[\"http:\\\/\\\/www.bellunopress.it\",\"https:\\\/\\\/x.com\\\/bellunopress\"],\"url\":\"https:\\\/\\\/www.bellunopress.it\\\/fr\\\/author\\\/redazione\\\/\"}]}<\/script>\n<!-- \/ Yoast SEO plugin. -->","yoast_head_json":{"title":"Belluno, ripartono i \"Gioved\u00ec in piazza\": il programma 2026 punta su cultura e identit\u00e0 territoriale - Bellunopress - Dolomiti","robots":{"index":"index","follow":"follow","max-snippet":"max-snippet:-1","max-image-preview":"max-image-preview:large","max-video-preview":"max-video-preview:-1"},"canonical":"https:\/\/www.bellunopress.it\/fr\/2026\/07\/01\/belluno-ripartono-i-giovedi-in-piazza-il-programma-2026-punta-su-cultura-e-identita-territoriale\/","og_locale":"fr_FR","og_type":"article","og_title":"Belluno, ripartono i \"Gioved\u00ec in piazza\": il programma 2026 punta su cultura e identit\u00e0 territoriale - Bellunopress - Dolomiti","og_description":"Al via la nuova edizione dell&#8217;iniziativa estiva: il neo-presidente del Consorzio Belluno Centro Storico, Santi di Noto, e l&#8217;assessore Paolo Luciani presentano un calendario ricco di eventi per animare la citt\u00e0. Belluno, 1\u00b0 luglio 2026 &#8211; Si \u00e8 tenuta stamane in Sala giunta la presentazione dell&#8217;iniziativa i &#8220;Gioved\u00ec di sera&#8221; da parte dell&#8217;assessore al Turismo [&hellip;]","og_url":"https:\/\/www.bellunopress.it\/fr\/2026\/07\/01\/belluno-ripartono-i-giovedi-in-piazza-il-programma-2026-punta-su-cultura-e-identita-territoriale\/","og_site_name":"Bellunopress - Dolomiti","article_publisher":"https:\/\/www.facebook.com\/profile.php?id=100008943462799","article_published_time":"2026-07-01T11:16:28+00:00","article_modified_time":"2026-07-01T13:45:44+00:00","og_image":[{"width":600,"height":393,"url":"https:\/\/www.bellunopress.it\/wp-content\/uploads\/2026\/07\/Santi-di-Noto-Paolo-Luciani-Giovedi-in-piazza.jpeg","type":"image\/jpeg"}],"author":"redazione","twitter_card":"summary_large_image","twitter_creator":"@bellunopress","twitter_site":"@bellunopress","twitter_misc":{"\u00c9crit par":"redazione","Dur\u00e9e de lecture estim\u00e9e":"5 minutes"},"schema":{"@context":"https:\/\/schema.org","@graph":[{"@type":"Article","@id":"https:\/\/www.bellunopress.it\/2026\/07\/01\/belluno-ripartono-i-giovedi-in-piazza-il-programma-2026-punta-su-cultura-e-identita-territoriale\/#article","isPartOf":{"@id":"https:\/\/www.bellunopress.it\/2026\/07\/01\/belluno-ripartono-i-giovedi-in-piazza-il-programma-2026-punta-su-cultura-e-identita-territoriale\/"},"author":{"name":"redazione","@id":"https:\/\/www.bellunopress.it\/#\/schema\/person\/79bb06722b37ece1c03d3e94beb30d73"},"headline":"Belluno, ripartono i &#8220;Gioved\u00ec in piazza&#8221;: il programma 2026 punta su cultura e identit\u00e0 territoriale","datePublished":"2026-07-01T11:16:28+00:00","dateModified":"2026-07-01T13:45:44+00:00","mainEntityOfPage":{"@id":"https:\/\/www.bellunopress.it\/2026\/07\/01\/belluno-ripartono-i-giovedi-in-piazza-il-programma-2026-punta-su-cultura-e-identita-territoriale\/"},"wordCount":830,"publisher":{"@id":"https:\/\/www.bellunopress.it\/#organization"},"image":{"@id":"https:\/\/www.bellunopress.it\/2026\/07\/01\/belluno-ripartono-i-giovedi-in-piazza-il-programma-2026-punta-su-cultura-e-identita-territoriale\/#primaryimage"},"thumbnailUrl":"https:\/\/www.bellunopress.it\/wp-content\/uploads\/2026\/07\/Santi-di-Noto-Paolo-Luciani-Giovedi-in-piazza.jpeg","articleSection":["Appuntamenti, Eventi","Featured","Lavoro, Economia, Turismo","Prima Pagina"],"inLanguage":"fr-FR"},{"@type":"WebPage","@id":"https:\/\/www.bellunopress.it\/2026\/07\/01\/belluno-ripartono-i-giovedi-in-piazza-il-programma-2026-punta-su-cultura-e-identita-territoriale\/","url":"https:\/\/www.bellunopress.it\/2026\/07\/01\/belluno-ripartono-i-giovedi-in-piazza-il-programma-2026-punta-su-cultura-e-identita-territoriale\/","name":"Belluno, ripartono i \"Gioved\u00ec in piazza\": il programma 2026 punta su cultura e identit\u00e0 territoriale - Bellunopress - Dolomiti","isPartOf":{"@id":"https:\/\/www.bellunopress.it\/#website"},"primaryImageOfPage":{"@id":"https:\/\/www.bellunopress.it\/2026\/07\/01\/belluno-ripartono-i-giovedi-in-piazza-il-programma-2026-punta-su-cultura-e-identita-territoriale\/#primaryimage"},"image":{"@id":"https:\/\/www.bellunopress.it\/2026\/07\/01\/belluno-ripartono-i-giovedi-in-piazza-il-programma-2026-punta-su-cultura-e-identita-territoriale\/#primaryimage"},"thumbnailUrl":"https:\/\/www.bellunopress.it\/wp-content\/uploads\/2026\/07\/Santi-di-Noto-Paolo-Luciani-Giovedi-in-piazza.jpeg","datePublished":"2026-07-01T11:16:28+00:00","dateModified":"2026-07-01T13:45:44+00:00","breadcrumb":{"@id":"https:\/\/www.bellunopress.it\/2026\/07\/01\/belluno-ripartono-i-giovedi-in-piazza-il-programma-2026-punta-su-cultura-e-identita-territoriale\/#breadcrumb"},"inLanguage":"fr-FR","potentialAction":[{"@type":"ReadAction","target":["https:\/\/www.bellunopress.it\/2026\/07\/01\/belluno-ripartono-i-giovedi-in-piazza-il-programma-2026-punta-su-cultura-e-identita-territoriale\/"]}]},{"@type":"ImageObject","inLanguage":"fr-FR","@id":"https:\/\/www.bellunopress.it\/2026\/07\/01\/belluno-ripartono-i-giovedi-in-piazza-il-programma-2026-punta-su-cultura-e-identita-territoriale\/#primaryimage","url":"https:\/\/www.bellunopress.it\/wp-content\/uploads\/2026\/07\/Santi-di-Noto-Paolo-Luciani-Giovedi-in-piazza.jpeg","contentUrl":"https:\/\/www.bellunopress.it\/wp-content\/uploads\/2026\/07\/Santi-di-Noto-Paolo-Luciani-Giovedi-in-piazza.jpeg","width":600,"height":393,"caption":"Il presidente del Consorzio Santi di Noto e l'assessore Paolo Luciani"},{"@type":"BreadcrumbList","@id":"https:\/\/www.bellunopress.it\/2026\/07\/01\/belluno-ripartono-i-giovedi-in-piazza-il-programma-2026-punta-su-cultura-e-identita-territoriale\/#breadcrumb","itemListElement":[{"@type":"ListItem","position":1,"name":"Home","item":"https:\/\/www.bellunopress.it\/"},{"@type":"ListItem","position":2,"name":"Belluno, ripartono i &#8220;Gioved\u00ec in piazza&#8221;: il programma 2026 punta su cultura e identit\u00e0 territoriale"}]},{"@type":"WebSite","@id":"https:\/\/www.bellunopress.it\/#website","url":"https:\/\/www.bellunopress.it\/","name":"Bellunopress - Dolomiti","description":"e-mail: redazione@bellunopress.it","publisher":{"@id":"https:\/\/www.bellunopress.it\/#organization"},"potentialAction":[{"@type":"SearchAction","target":{"@type":"EntryPoint","urlTemplate":"https:\/\/www.bellunopress.it\/?s={search_term_string}"},"query-input":{"@type":"PropertyValueSpecification","valueRequired":true,"valueName":"search_term_string"}}],"inLanguage":"fr-FR"},{"@type":"Organization","@id":"https:\/\/www.bellunopress.it\/#organization","name":"Bellunopress","url":"https:\/\/www.bellunopress.it\/","logo":{"@type":"ImageObject","inLanguage":"fr-FR","@id":"https:\/\/www.bellunopress.it\/#\/schema\/logo\/image\/","url":"https:\/\/www.bellunopress.it\/wp-content\/uploads\/2011\/05\/cropped-logo-bellunopress-.jpg","contentUrl":"https:\/\/www.bellunopress.it\/wp-content\/uploads\/2011\/05\/cropped-logo-bellunopress-.jpg","width":512,"height":512,"caption":"Bellunopress"},"image":{"@id":"https:\/\/www.bellunopress.it\/#\/schema\/logo\/image\/"},"sameAs":["https:\/\/www.facebook.com\/profile.php?id=100008943462799","https:\/\/x.com\/bellunopress","https:\/\/www.linkedin.com\/hp\/?dnr=JBzUWaJfMUw8vbXJJ2tVW5-I3jZKvC4wsoxE&amp;amp;amp;amp;amp;amp;trk=nav_responsive_tab_home","https:\/\/www.youtube.com\/channel\/UCxL0wu1uN0_3_7hGG0306cw"]},{"@type":"Person","@id":"https:\/\/www.bellunopress.it\/#\/schema\/person\/79bb06722b37ece1c03d3e94beb30d73","name":"r\u00e9daction","image":{"@type":"ImageObject","inLanguage":"fr-FR","@id":"https:\/\/secure.gravatar.com\/avatar\/37d968a2e67a6fd04c169c4bdef102d0bc5d31b2546345219e348575eb80e9a0?s=96&d=mm&r=g","url":"https:\/\/secure.gravatar.com\/avatar\/37d968a2e67a6fd04c169c4bdef102d0bc5d31b2546345219e348575eb80e9a0?s=96&d=mm&r=g","contentUrl":"https:\/\/secure.gravatar.com\/avatar\/37d968a2e67a6fd04c169c4bdef102d0bc5d31b2546345219e348575eb80e9a0?s=96&d=mm&r=g","caption":"redazione"},"sameAs":["http:\/\/www.bellunopress.it","https:\/\/x.com\/bellunopress"],"url":"https:\/\/www.bellunopress.it\/fr\/author\/redazione\/"}]}},"_links":{"self":[{"href":"https:\/\/www.bellunopress.it\/fr\/wp-json\/wp\/v2\/posts\/171593","targetHints":{"allow":["GET"]}}],"collection":[{"href":"https:\/\/www.bellunopress.it\/fr\/wp-json\/wp\/v2\/posts"}],"about":[{"href":"https:\/\/www.bellunopress.it\/fr\/wp-json\/wp\/v2\/types\/post"}],"author":[{"embeddable":true,"href":"https:\/\/www.bellunopress.it\/fr\/wp-json\/wp\/v2\/users\/2"}],"replies":[{"embeddable":true,"href":"https:\/\/www.bellunopress.it\/fr\/wp-json\/wp\/v2\/comments?post=171593"}],"version-history":[{"count":3,"href":"https:\/\/www.bellunopress.it\/fr\/wp-json\/wp\/v2\/posts\/171593\/revisions"}],"predecessor-version":[{"id":171597,"href":"https:\/\/www.bellunopress.it\/fr\/wp-json\/wp\/v2\/posts\/171593\/revisions\/171597"}],"wp:featuredmedia":[{"embeddable":true,"href":"https:\/\/www.bellunopress.it\/fr\/wp-json\/wp\/v2\/media\/171594"}],"wp:attachment":[{"href":"https:\/\/www.bellunopress.it\/fr\/wp-json\/wp\/v2\/media?parent=171593"}],"wp:term":[{"taxonomy":"category","embeddable":true,"href":"https:\/\/www.bellunopress.it\/fr\/wp-json\/wp\/v2\/categories?post=171593"},{"taxonomy":"post_tag","embeddable":true,"href":"https:\/\/www.bellunopress.it\/fr\/wp-json\/wp\/v2\/tags?post=171593"}],"curies":[{"name":"wp","href":"https:\/\/api.w.org\/{rel}","templated":true}]}}