{"id":171583,"date":"2026-06-30T21:36:04","date_gmt":"2026-06-30T19:36:04","guid":{"rendered":"https:\/\/www.bellunopress.it\/?p=171583"},"modified":"2026-06-30T21:36:40","modified_gmt":"2026-06-30T19:36:40","slug":"riordino-delle-province-il-pd-chiede-il-ritorno-allelezione-diretta-e-piu-autonomia-per-belluno","status":"publish","type":"post","link":"https:\/\/www.bellunopress.it\/fr\/2026\/06\/30\/riordino-delle-province-il-pd-chiede-il-ritorno-allelezione-diretta-e-piu-autonomia-per-belluno\/","title":{"rendered":"Riordino delle Province: il PD chiede il ritorno all\u2019elezione diretta e pi\u00f9 autonomia per Belluno"},"content":{"rendered":"<p data-path-to-node=\"3\"><b data-path-to-node=\"3\" data-index-in-node=\"0\">Il consigliere regionale Alessandro Del Bianco (PD) rilancia la necessit\u00e0 di superare la legge Delrio: \u00abUn errore storico, ora serve restituire funzioni ed elettivit\u00e0 agli enti intermedi\u00bb. Voto favorevole alla mozione in Consiglio regionale.<\/b><\/p>\n<p data-path-to-node=\"4\">Venezia, 30\/06\/2026\u00a0\u2013 Il dibattito sul futuro delle Province torna centrale in Consiglio regionale. Con l&#8217;approvazione unanime di una mozione dedicata al riordino degli enti intermedi, il Veneto lancia un messaggio politico chiaro al Governo nazionale: la stagione del declassamento delle Province deve chiudersi definitivamente in favore di una riforma che ne ripristini peso, funzioni ed elettivit\u00e0.<\/p>\n<h3 data-path-to-node=\"5\">\u00abSuperare l\u2019errore storico della legge Delrio\u00bb<\/h3>\n<p data-path-to-node=\"6\">Tra i sostenitori pi\u00f9 convinti della mozione c\u2019\u00e8 il consigliere regionale del Partito Democratico, Alessandro Del Bianco, che non usa giri di parole nel definire il contesto attuale. \u00abLa legge Delrio \u00e8 stata il culmine di una stagione in cui la politica ha inseguito l&#8217;abolizione delle Province, ma oggi dobbiamo avere l\u2019onest\u00e0 intellettuale di ammettere il fallimento di quella scelta\u00bb, dichiara Del Bianco. \u00abSi \u00e8 trattato di un errore storico, e ora \u00e8 il momento di correggerlo, restituendo dignit\u00e0 e potere operativo a questi enti, che restano fondamentali per il presidio dei territori\u00bb.<\/p>\n<h3 data-path-to-node=\"7\">Il modello: elezione diretta e competenze reali<\/h3>\n<p data-path-to-node=\"8\">Il piano auspicato dal consigliere dem si articola su tre pilastri fondamentali:<\/p>\n<ul data-path-to-node=\"9\">\n<li>\n<p data-path-to-node=\"9,0,0\">Ritorno al voto: il ripristino dell&#8217;elezione diretta dei rappresentanti provinciali, per garantire una legittimazione democratica che oggi \u00e8 venuta meno.<\/p>\n<\/li>\n<li>\n<p data-path-to-node=\"9,1,0\">Reintegro delle funzioni: un trasferimento di competenze effettivo che permetta alle Province di tornare a pianificare e gestire i servizi in modo concreto.<\/p>\n<\/li>\n<li>\n<p data-path-to-node=\"9,2,0\">Ruolo della Regione: la Regione Veneto deve farsi promotrice attiva di questo cambiamento verso Roma, ma deve anche agire sul piano locale.<\/p>\n<\/li>\n<\/ul>\n<h3 data-path-to-node=\"10\">L\u2019attenzione speciale per Belluno<\/h3>\n<p data-path-to-node=\"11\">Un punto cruciale dell&#8217;intervento di Del Bianco riguarda il territorio bellunese. Secondo il consigliere, il processo di riordino deve passare necessariamente per una maggiore autonomia della Provincia di Belluno.<\/p>\n<p data-path-to-node=\"12\">\u00abDobbiamo contribuire seriamente a un nuovo disegno amministrativo, che riguardi anche le unioni montane\u00bb, precisa Del Bianco, che punta il dito contro l&#8217;inerzia della Giunta regionale: \u00ab\u00c8 necessario trasferire deleghe e autonomia a Belluno, come previsto dalla legge regionale esistente, ma purtroppo ancora non pienamente attuata dalla Regione stessa\u00bb.<\/p>\n<h3 data-path-to-node=\"13\">Un segnale unitario al Governo<\/h3>\n<p data-path-to-node=\"14\">Nonostante alcuni malumori e tentennamenti registrati tra le fila di Fratelli d&#8217;Italia durante il dibattito, l&#8217;approvazione unanime della mozione rappresenta un fatto politico significativo. \u00ab\u00c8 bene che sia arrivato un voto unanime\u00bb, conclude Del Bianco. \u00abOra ci aspettiamo che questo segnale chiaro partito dal Veneto si traduca in un impegno concreto e celere da parte del Governo per cambiare rotta e procedere finalmente verso un vero riordino\u00bb.<\/p>","protected":false},"excerpt":{"rendered":"<p>Il consigliere regionale Alessandro Del Bianco (PD) rilancia la necessit\u00e0 di superare la legge Delrio: \u00abUn errore storico, ora serve restituire funzioni ed elettivit\u00e0 agli enti intermedi\u00bb. Voto favorevole alla mozione in Consiglio regionale. Venezia, 30\/06\/2026\u00a0\u2013 Il dibattito sul futuro delle Province torna centrale in Consiglio regionale. Con l&#8217;approvazione unanime di una mozione dedicata al [&hellip;]<\/p>\n","protected":false},"author":2,"featured_media":163675,"comment_status":"closed","ping_status":"open","sticky":false,"template":"","format":"standard","meta":{"footnotes":""},"categories":[5,26],"tags":[],"class_list":["post-171583","post","type-post","status-publish","format-standard","has-post-thumbnail","category-cronaca","category-prima-pagina"],"yoast_head":"<!-- This site is optimized with the Yoast SEO plugin v28.4 - https:\/\/yoast.com\/product\/yoast-seo-wordpress\/ -->\n<title>Riordino delle Province: il PD chiede il ritorno all\u2019elezione diretta e pi\u00f9 autonomia per Belluno - Bellunopress - Dolomiti<\/title>\n<meta name=\"robots\" content=\"index, follow, max-snippet:-1, max-image-preview:large, max-video-preview:-1\" \/>\n<link rel=\"canonical\" href=\"https:\/\/www.bellunopress.it\/fr\/2026\/06\/30\/riordino-delle-province-il-pd-chiede-il-ritorno-allelezione-diretta-e-piu-autonomia-per-belluno\/\" \/>\n<meta property=\"og:locale\" content=\"fr_FR\" \/>\n<meta property=\"og:type\" content=\"article\" \/>\n<meta property=\"og:title\" content=\"Riordino delle Province: il PD chiede il ritorno all\u2019elezione diretta e pi\u00f9 autonomia per Belluno - Bellunopress - Dolomiti\" \/>\n<meta property=\"og:description\" content=\"Il consigliere regionale Alessandro Del Bianco (PD) rilancia la necessit\u00e0 di superare la legge Delrio: \u00abUn errore storico, ora serve restituire funzioni ed elettivit\u00e0 agli enti intermedi\u00bb. Voto favorevole alla mozione in Consiglio regionale. Venezia, 30\/06\/2026\u00a0\u2013 Il dibattito sul futuro delle Province torna centrale in Consiglio regionale. Con l&#8217;approvazione unanime di una mozione dedicata al [&hellip;]\" \/>\n<meta property=\"og:url\" content=\"https:\/\/www.bellunopress.it\/fr\/2026\/06\/30\/riordino-delle-province-il-pd-chiede-il-ritorno-allelezione-diretta-e-piu-autonomia-per-belluno\/\" \/>\n<meta property=\"og:site_name\" content=\"Bellunopress - Dolomiti\" \/>\n<meta property=\"article:publisher\" content=\"https:\/\/www.facebook.com\/profile.php?id=100008943462799\" \/>\n<meta property=\"article:published_time\" content=\"2026-06-30T19:36:04+00:00\" \/>\n<meta property=\"article:modified_time\" content=\"2026-06-30T19:36:40+00:00\" \/>\n<meta property=\"og:image\" content=\"https:\/\/www.bellunopress.it\/wp-content\/uploads\/2025\/09\/Alessandro-Del-Bianco_edited.jpg\" \/>\n\t<meta property=\"og:image:width\" content=\"800\" \/>\n\t<meta property=\"og:image:height\" content=\"631\" \/>\n\t<meta property=\"og:image:type\" content=\"image\/jpeg\" \/>\n<meta name=\"author\" content=\"redazione\" \/>\n<meta name=\"twitter:card\" content=\"summary_large_image\" \/>\n<meta name=\"twitter:creator\" content=\"@bellunopress\" \/>\n<meta name=\"twitter:site\" content=\"@bellunopress\" \/>\n<meta name=\"twitter:label1\" content=\"Written by\" \/>\n\t<meta name=\"twitter:data1\" content=\"redazione\" \/>\n\t<meta name=\"twitter:label2\" content=\"Est. reading time\" \/>\n\t<meta name=\"twitter:data2\" content=\"3 minutes\" \/>\n<script type=\"application\/ld+json\" class=\"yoast-schema-graph\">{\"@context\":\"https:\\\/\\\/schema.org\",\"@graph\":[{\"@type\":\"Article\",\"@id\":\"https:\\\/\\\/www.bellunopress.it\\\/2026\\\/06\\\/30\\\/riordino-delle-province-il-pd-chiede-il-ritorno-allelezione-diretta-e-piu-autonomia-per-belluno\\\/#article\",\"isPartOf\":{\"@id\":\"https:\\\/\\\/www.bellunopress.it\\\/2026\\\/06\\\/30\\\/riordino-delle-province-il-pd-chiede-il-ritorno-allelezione-diretta-e-piu-autonomia-per-belluno\\\/\"},\"author\":{\"name\":\"redazione\",\"@id\":\"https:\\\/\\\/www.bellunopress.it\\\/#\\\/schema\\\/person\\\/79bb06722b37ece1c03d3e94beb30d73\"},\"headline\":\"Riordino delle Province: il PD chiede il ritorno all\u2019elezione diretta e pi\u00f9 autonomia per Belluno\",\"datePublished\":\"2026-06-30T19:36:04+00:00\",\"dateModified\":\"2026-06-30T19:36:40+00:00\",\"mainEntityOfPage\":{\"@id\":\"https:\\\/\\\/www.bellunopress.it\\\/2026\\\/06\\\/30\\\/riordino-delle-province-il-pd-chiede-il-ritorno-allelezione-diretta-e-piu-autonomia-per-belluno\\\/\"},\"wordCount\":446,\"publisher\":{\"@id\":\"https:\\\/\\\/www.bellunopress.it\\\/#organization\"},\"image\":{\"@id\":\"https:\\\/\\\/www.bellunopress.it\\\/2026\\\/06\\\/30\\\/riordino-delle-province-il-pd-chiede-il-ritorno-allelezione-diretta-e-piu-autonomia-per-belluno\\\/#primaryimage\"},\"thumbnailUrl\":\"https:\\\/\\\/www.bellunopress.it\\\/wp-content\\\/uploads\\\/2025\\\/09\\\/Alessandro-Del-Bianco_edited.jpg\",\"articleSection\":[\"Cronaca\\\/Politica\",\"Prima Pagina\"],\"inLanguage\":\"fr-FR\"},{\"@type\":\"WebPage\",\"@id\":\"https:\\\/\\\/www.bellunopress.it\\\/2026\\\/06\\\/30\\\/riordino-delle-province-il-pd-chiede-il-ritorno-allelezione-diretta-e-piu-autonomia-per-belluno\\\/\",\"url\":\"https:\\\/\\\/www.bellunopress.it\\\/2026\\\/06\\\/30\\\/riordino-delle-province-il-pd-chiede-il-ritorno-allelezione-diretta-e-piu-autonomia-per-belluno\\\/\",\"name\":\"Riordino delle Province: il PD chiede il ritorno all\u2019elezione diretta e pi\u00f9 autonomia per Belluno - Bellunopress - Dolomiti\",\"isPartOf\":{\"@id\":\"https:\\\/\\\/www.bellunopress.it\\\/#website\"},\"primaryImageOfPage\":{\"@id\":\"https:\\\/\\\/www.bellunopress.it\\\/2026\\\/06\\\/30\\\/riordino-delle-province-il-pd-chiede-il-ritorno-allelezione-diretta-e-piu-autonomia-per-belluno\\\/#primaryimage\"},\"image\":{\"@id\":\"https:\\\/\\\/www.bellunopress.it\\\/2026\\\/06\\\/30\\\/riordino-delle-province-il-pd-chiede-il-ritorno-allelezione-diretta-e-piu-autonomia-per-belluno\\\/#primaryimage\"},\"thumbnailUrl\":\"https:\\\/\\\/www.bellunopress.it\\\/wp-content\\\/uploads\\\/2025\\\/09\\\/Alessandro-Del-Bianco_edited.jpg\",\"datePublished\":\"2026-06-30T19:36:04+00:00\",\"dateModified\":\"2026-06-30T19:36:40+00:00\",\"breadcrumb\":{\"@id\":\"https:\\\/\\\/www.bellunopress.it\\\/2026\\\/06\\\/30\\\/riordino-delle-province-il-pd-chiede-il-ritorno-allelezione-diretta-e-piu-autonomia-per-belluno\\\/#breadcrumb\"},\"inLanguage\":\"fr-FR\",\"potentialAction\":[{\"@type\":\"ReadAction\",\"target\":[\"https:\\\/\\\/www.bellunopress.it\\\/2026\\\/06\\\/30\\\/riordino-delle-province-il-pd-chiede-il-ritorno-allelezione-diretta-e-piu-autonomia-per-belluno\\\/\"]}]},{\"@type\":\"ImageObject\",\"inLanguage\":\"fr-FR\",\"@id\":\"https:\\\/\\\/www.bellunopress.it\\\/2026\\\/06\\\/30\\\/riordino-delle-province-il-pd-chiede-il-ritorno-allelezione-diretta-e-piu-autonomia-per-belluno\\\/#primaryimage\",\"url\":\"https:\\\/\\\/www.bellunopress.it\\\/wp-content\\\/uploads\\\/2025\\\/09\\\/Alessandro-Del-Bianco_edited.jpg\",\"contentUrl\":\"https:\\\/\\\/www.bellunopress.it\\\/wp-content\\\/uploads\\\/2025\\\/09\\\/Alessandro-Del-Bianco_edited.jpg\",\"width\":800,\"height\":631,\"caption\":\"Alessandro Del Bianco, consigliere regionale\"},{\"@type\":\"BreadcrumbList\",\"@id\":\"https:\\\/\\\/www.bellunopress.it\\\/2026\\\/06\\\/30\\\/riordino-delle-province-il-pd-chiede-il-ritorno-allelezione-diretta-e-piu-autonomia-per-belluno\\\/#breadcrumb\",\"itemListElement\":[{\"@type\":\"ListItem\",\"position\":1,\"name\":\"Home\",\"item\":\"https:\\\/\\\/www.bellunopress.it\\\/\"},{\"@type\":\"ListItem\",\"position\":2,\"name\":\"Riordino delle Province: il PD chiede il ritorno all\u2019elezione diretta e pi\u00f9 autonomia per Belluno\"}]},{\"@type\":\"WebSite\",\"@id\":\"https:\\\/\\\/www.bellunopress.it\\\/#website\",\"url\":\"https:\\\/\\\/www.bellunopress.it\\\/\",\"name\":\"Bellunopress - Dolomiti\",\"description\":\"e-mail: redazione@bellunopress.it\",\"publisher\":{\"@id\":\"https:\\\/\\\/www.bellunopress.it\\\/#organization\"},\"potentialAction\":[{\"@type\":\"SearchAction\",\"target\":{\"@type\":\"EntryPoint\",\"urlTemplate\":\"https:\\\/\\\/www.bellunopress.it\\\/?s={search_term_string}\"},\"query-input\":{\"@type\":\"PropertyValueSpecification\",\"valueRequired\":true,\"valueName\":\"search_term_string\"}}],\"inLanguage\":\"fr-FR\"},{\"@type\":\"Organization\",\"@id\":\"https:\\\/\\\/www.bellunopress.it\\\/#organization\",\"name\":\"Bellunopress\",\"url\":\"https:\\\/\\\/www.bellunopress.it\\\/\",\"logo\":{\"@type\":\"ImageObject\",\"inLanguage\":\"fr-FR\",\"@id\":\"https:\\\/\\\/www.bellunopress.it\\\/#\\\/schema\\\/logo\\\/image\\\/\",\"url\":\"https:\\\/\\\/www.bellunopress.it\\\/wp-content\\\/uploads\\\/2011\\\/05\\\/cropped-logo-bellunopress-.jpg\",\"contentUrl\":\"https:\\\/\\\/www.bellunopress.it\\\/wp-content\\\/uploads\\\/2011\\\/05\\\/cropped-logo-bellunopress-.jpg\",\"width\":512,\"height\":512,\"caption\":\"Bellunopress\"},\"image\":{\"@id\":\"https:\\\/\\\/www.bellunopress.it\\\/#\\\/schema\\\/logo\\\/image\\\/\"},\"sameAs\":[\"https:\\\/\\\/www.facebook.com\\\/profile.php?id=100008943462799\",\"https:\\\/\\\/x.com\\\/bellunopress\",\"https:\\\/\\\/www.linkedin.com\\\/hp\\\/?dnr=JBzUWaJfMUw8vbXJJ2tVW5-I3jZKvC4wsoxE&amp;amp;amp;amp;amp;amp;trk=nav_responsive_tab_home\",\"https:\\\/\\\/www.youtube.com\\\/channel\\\/UCxL0wu1uN0_3_7hGG0306cw\"]},{\"@type\":\"Person\",\"@id\":\"https:\\\/\\\/www.bellunopress.it\\\/#\\\/schema\\\/person\\\/79bb06722b37ece1c03d3e94beb30d73\",\"name\":\"redazione\",\"image\":{\"@type\":\"ImageObject\",\"inLanguage\":\"fr-FR\",\"@id\":\"https:\\\/\\\/secure.gravatar.com\\\/avatar\\\/37d968a2e67a6fd04c169c4bdef102d0bc5d31b2546345219e348575eb80e9a0?s=96&d=mm&r=g\",\"url\":\"https:\\\/\\\/secure.gravatar.com\\\/avatar\\\/37d968a2e67a6fd04c169c4bdef102d0bc5d31b2546345219e348575eb80e9a0?s=96&d=mm&r=g\",\"contentUrl\":\"https:\\\/\\\/secure.gravatar.com\\\/avatar\\\/37d968a2e67a6fd04c169c4bdef102d0bc5d31b2546345219e348575eb80e9a0?s=96&d=mm&r=g\",\"caption\":\"redazione\"},\"sameAs\":[\"http:\\\/\\\/www.bellunopress.it\",\"https:\\\/\\\/x.com\\\/bellunopress\"],\"url\":\"https:\\\/\\\/www.bellunopress.it\\\/fr\\\/author\\\/redazione\\\/\"}]}<\/script>\n<!-- \/ Yoast SEO plugin. -->","yoast_head_json":{"title":"Riordino delle Province: il PD chiede il ritorno all\u2019elezione diretta e pi\u00f9 autonomia per Belluno - Bellunopress - Dolomiti","robots":{"index":"index","follow":"follow","max-snippet":"max-snippet:-1","max-image-preview":"max-image-preview:large","max-video-preview":"max-video-preview:-1"},"canonical":"https:\/\/www.bellunopress.it\/fr\/2026\/06\/30\/riordino-delle-province-il-pd-chiede-il-ritorno-allelezione-diretta-e-piu-autonomia-per-belluno\/","og_locale":"fr_FR","og_type":"article","og_title":"Riordino delle Province: il PD chiede il ritorno all\u2019elezione diretta e pi\u00f9 autonomia per Belluno - Bellunopress - Dolomiti","og_description":"Il consigliere regionale Alessandro Del Bianco (PD) rilancia la necessit\u00e0 di superare la legge Delrio: \u00abUn errore storico, ora serve restituire funzioni ed elettivit\u00e0 agli enti intermedi\u00bb. Voto favorevole alla mozione in Consiglio regionale. Venezia, 30\/06\/2026\u00a0\u2013 Il dibattito sul futuro delle Province torna centrale in Consiglio regionale. Con l&#8217;approvazione unanime di una mozione dedicata al [&hellip;]","og_url":"https:\/\/www.bellunopress.it\/fr\/2026\/06\/30\/riordino-delle-province-il-pd-chiede-il-ritorno-allelezione-diretta-e-piu-autonomia-per-belluno\/","og_site_name":"Bellunopress - Dolomiti","article_publisher":"https:\/\/www.facebook.com\/profile.php?id=100008943462799","article_published_time":"2026-06-30T19:36:04+00:00","article_modified_time":"2026-06-30T19:36:40+00:00","og_image":[{"width":800,"height":631,"url":"https:\/\/www.bellunopress.it\/wp-content\/uploads\/2025\/09\/Alessandro-Del-Bianco_edited.jpg","type":"image\/jpeg"}],"author":"redazione","twitter_card":"summary_large_image","twitter_creator":"@bellunopress","twitter_site":"@bellunopress","twitter_misc":{"Written by":"redazione","Est. reading time":"3 minutes"},"schema":{"@context":"https:\/\/schema.org","@graph":[{"@type":"Article","@id":"https:\/\/www.bellunopress.it\/2026\/06\/30\/riordino-delle-province-il-pd-chiede-il-ritorno-allelezione-diretta-e-piu-autonomia-per-belluno\/#article","isPartOf":{"@id":"https:\/\/www.bellunopress.it\/2026\/06\/30\/riordino-delle-province-il-pd-chiede-il-ritorno-allelezione-diretta-e-piu-autonomia-per-belluno\/"},"author":{"name":"redazione","@id":"https:\/\/www.bellunopress.it\/#\/schema\/person\/79bb06722b37ece1c03d3e94beb30d73"},"headline":"Riordino delle Province: il PD chiede il ritorno all\u2019elezione diretta e pi\u00f9 autonomia per Belluno","datePublished":"2026-06-30T19:36:04+00:00","dateModified":"2026-06-30T19:36:40+00:00","mainEntityOfPage":{"@id":"https:\/\/www.bellunopress.it\/2026\/06\/30\/riordino-delle-province-il-pd-chiede-il-ritorno-allelezione-diretta-e-piu-autonomia-per-belluno\/"},"wordCount":446,"publisher":{"@id":"https:\/\/www.bellunopress.it\/#organization"},"image":{"@id":"https:\/\/www.bellunopress.it\/2026\/06\/30\/riordino-delle-province-il-pd-chiede-il-ritorno-allelezione-diretta-e-piu-autonomia-per-belluno\/#primaryimage"},"thumbnailUrl":"https:\/\/www.bellunopress.it\/wp-content\/uploads\/2025\/09\/Alessandro-Del-Bianco_edited.jpg","articleSection":["Cronaca\/Politica","Prima Pagina"],"inLanguage":"fr-FR"},{"@type":"WebPage","@id":"https:\/\/www.bellunopress.it\/2026\/06\/30\/riordino-delle-province-il-pd-chiede-il-ritorno-allelezione-diretta-e-piu-autonomia-per-belluno\/","url":"https:\/\/www.bellunopress.it\/2026\/06\/30\/riordino-delle-province-il-pd-chiede-il-ritorno-allelezione-diretta-e-piu-autonomia-per-belluno\/","name":"Riordino delle Province: il PD chiede il ritorno all\u2019elezione diretta e pi\u00f9 autonomia per Belluno - Bellunopress - Dolomiti","isPartOf":{"@id":"https:\/\/www.bellunopress.it\/#website"},"primaryImageOfPage":{"@id":"https:\/\/www.bellunopress.it\/2026\/06\/30\/riordino-delle-province-il-pd-chiede-il-ritorno-allelezione-diretta-e-piu-autonomia-per-belluno\/#primaryimage"},"image":{"@id":"https:\/\/www.bellunopress.it\/2026\/06\/30\/riordino-delle-province-il-pd-chiede-il-ritorno-allelezione-diretta-e-piu-autonomia-per-belluno\/#primaryimage"},"thumbnailUrl":"https:\/\/www.bellunopress.it\/wp-content\/uploads\/2025\/09\/Alessandro-Del-Bianco_edited.jpg","datePublished":"2026-06-30T19:36:04+00:00","dateModified":"2026-06-30T19:36:40+00:00","breadcrumb":{"@id":"https:\/\/www.bellunopress.it\/2026\/06\/30\/riordino-delle-province-il-pd-chiede-il-ritorno-allelezione-diretta-e-piu-autonomia-per-belluno\/#breadcrumb"},"inLanguage":"fr-FR","potentialAction":[{"@type":"ReadAction","target":["https:\/\/www.bellunopress.it\/2026\/06\/30\/riordino-delle-province-il-pd-chiede-il-ritorno-allelezione-diretta-e-piu-autonomia-per-belluno\/"]}]},{"@type":"ImageObject","inLanguage":"fr-FR","@id":"https:\/\/www.bellunopress.it\/2026\/06\/30\/riordino-delle-province-il-pd-chiede-il-ritorno-allelezione-diretta-e-piu-autonomia-per-belluno\/#primaryimage","url":"https:\/\/www.bellunopress.it\/wp-content\/uploads\/2025\/09\/Alessandro-Del-Bianco_edited.jpg","contentUrl":"https:\/\/www.bellunopress.it\/wp-content\/uploads\/2025\/09\/Alessandro-Del-Bianco_edited.jpg","width":800,"height":631,"caption":"Alessandro Del Bianco, consigliere regionale"},{"@type":"BreadcrumbList","@id":"https:\/\/www.bellunopress.it\/2026\/06\/30\/riordino-delle-province-il-pd-chiede-il-ritorno-allelezione-diretta-e-piu-autonomia-per-belluno\/#breadcrumb","itemListElement":[{"@type":"ListItem","position":1,"name":"Home","item":"https:\/\/www.bellunopress.it\/"},{"@type":"ListItem","position":2,"name":"Riordino delle Province: il PD chiede il ritorno all\u2019elezione diretta e pi\u00f9 autonomia per Belluno"}]},{"@type":"WebSite","@id":"https:\/\/www.bellunopress.it\/#website","url":"https:\/\/www.bellunopress.it\/","name":"Bellunopress - Dolomiti","description":"e-mail: redazione@bellunopress.it","publisher":{"@id":"https:\/\/www.bellunopress.it\/#organization"},"potentialAction":[{"@type":"SearchAction","target":{"@type":"EntryPoint","urlTemplate":"https:\/\/www.bellunopress.it\/?s={search_term_string}"},"query-input":{"@type":"PropertyValueSpecification","valueRequired":true,"valueName":"search_term_string"}}],"inLanguage":"fr-FR"},{"@type":"Organization","@id":"https:\/\/www.bellunopress.it\/#organization","name":"Bellunopress","url":"https:\/\/www.bellunopress.it\/","logo":{"@type":"ImageObject","inLanguage":"fr-FR","@id":"https:\/\/www.bellunopress.it\/#\/schema\/logo\/image\/","url":"https:\/\/www.bellunopress.it\/wp-content\/uploads\/2011\/05\/cropped-logo-bellunopress-.jpg","contentUrl":"https:\/\/www.bellunopress.it\/wp-content\/uploads\/2011\/05\/cropped-logo-bellunopress-.jpg","width":512,"height":512,"caption":"Bellunopress"},"image":{"@id":"https:\/\/www.bellunopress.it\/#\/schema\/logo\/image\/"},"sameAs":["https:\/\/www.facebook.com\/profile.php?id=100008943462799","https:\/\/x.com\/bellunopress","https:\/\/www.linkedin.com\/hp\/?dnr=JBzUWaJfMUw8vbXJJ2tVW5-I3jZKvC4wsoxE&amp;amp;amp;amp;amp;amp;trk=nav_responsive_tab_home","https:\/\/www.youtube.com\/channel\/UCxL0wu1uN0_3_7hGG0306cw"]},{"@type":"Person","@id":"https:\/\/www.bellunopress.it\/#\/schema\/person\/79bb06722b37ece1c03d3e94beb30d73","name":"r\u00e9daction","image":{"@type":"ImageObject","inLanguage":"fr-FR","@id":"https:\/\/secure.gravatar.com\/avatar\/37d968a2e67a6fd04c169c4bdef102d0bc5d31b2546345219e348575eb80e9a0?s=96&d=mm&r=g","url":"https:\/\/secure.gravatar.com\/avatar\/37d968a2e67a6fd04c169c4bdef102d0bc5d31b2546345219e348575eb80e9a0?s=96&d=mm&r=g","contentUrl":"https:\/\/secure.gravatar.com\/avatar\/37d968a2e67a6fd04c169c4bdef102d0bc5d31b2546345219e348575eb80e9a0?s=96&d=mm&r=g","caption":"redazione"},"sameAs":["http:\/\/www.bellunopress.it","https:\/\/x.com\/bellunopress"],"url":"https:\/\/www.bellunopress.it\/fr\/author\/redazione\/"}]}},"_links":{"self":[{"href":"https:\/\/www.bellunopress.it\/fr\/wp-json\/wp\/v2\/posts\/171583","targetHints":{"allow":["GET"]}}],"collection":[{"href":"https:\/\/www.bellunopress.it\/fr\/wp-json\/wp\/v2\/posts"}],"about":[{"href":"https:\/\/www.bellunopress.it\/fr\/wp-json\/wp\/v2\/types\/post"}],"author":[{"embeddable":true,"href":"https:\/\/www.bellunopress.it\/fr\/wp-json\/wp\/v2\/users\/2"}],"replies":[{"embeddable":true,"href":"https:\/\/www.bellunopress.it\/fr\/wp-json\/wp\/v2\/comments?post=171583"}],"version-history":[{"count":2,"href":"https:\/\/www.bellunopress.it\/fr\/wp-json\/wp\/v2\/posts\/171583\/revisions"}],"predecessor-version":[{"id":171585,"href":"https:\/\/www.bellunopress.it\/fr\/wp-json\/wp\/v2\/posts\/171583\/revisions\/171585"}],"wp:featuredmedia":[{"embeddable":true,"href":"https:\/\/www.bellunopress.it\/fr\/wp-json\/wp\/v2\/media\/163675"}],"wp:attachment":[{"href":"https:\/\/www.bellunopress.it\/fr\/wp-json\/wp\/v2\/media?parent=171583"}],"wp:term":[{"taxonomy":"category","embeddable":true,"href":"https:\/\/www.bellunopress.it\/fr\/wp-json\/wp\/v2\/categories?post=171583"},{"taxonomy":"post_tag","embeddable":true,"href":"https:\/\/www.bellunopress.it\/fr\/wp-json\/wp\/v2\/tags?post=171583"}],"curies":[{"name":"wp","href":"https:\/\/api.w.org\/{rel}","templated":true}]}}