{"id":171579,"date":"2026-06-30T19:59:43","date_gmt":"2026-06-30T17:59:43","guid":{"rendered":"https:\/\/www.bellunopress.it\/?p=171579"},"modified":"2026-06-30T20:00:12","modified_gmt":"2026-06-30T18:00:12","slug":"il-convegno-oltre-il-turismo-quale-cortina-per-chi-lavora-lo-sviluppo-passa-dal-capitale-umano","status":"publish","type":"post","link":"https:\/\/www.bellunopress.it\/fr\/2026\/06\/30\/il-convegno-oltre-il-turismo-quale-cortina-per-chi-lavora-lo-sviluppo-passa-dal-capitale-umano\/","title":{"rendered":"Il convegno. Oltre il Turismo. Quale Cortina per chi lavora? Lo sviluppo passa dal capitale umano"},"content":{"rendered":"<p><strong>Negli ultimi vent&#8217;anni la popolazione in et\u00e0 lavorativa \u00e8 calata del 12,5% nel Bellunese e del 21,2% nel Cadore, con un progressivo invecchiamento deiresidentiIl 40% degli occupati nel settore turistico delle Dolomiti risiede a oltre 50 km di distanza, rendendo necessari interventi strutturali volti a migliorare l&#8217;attrattivit\u00e0 del territorio<\/strong><\/p>\n<p>Cortina d\u2019Ampezzo, 30 giugno 2026 &#8211; Una localit\u00e0 turistica che voglia posizionarsi al top a livello mondiale non pu\u00f2 prescinderedalla componente umana di chi ci lavora e dalla soddisfazione delle sue esigenze. \u00c8 questouno dei temi emersi oggi, marted\u00ec 30 giugno 2026, in occasione dell\u2019incontro \u201cOltre il Turismo. Quale Cortina per chi lavora?\u201d, promosso dall\u2019Associazione degli Albergatori di Cortina nell\u2019ambito della sua annuale Assemblea Pubblica.<\/p>\n<p>L\u2019appuntamento, tenutosi nella Sala Cultura Don Pietro Alver\u00e0 di Cortina d\u2019Ampezzo eaperto dai saluti del vice sindaco di Cortina Roberta Alver\u00e0, \u00e8 stata l\u2019occasione perpresentare l\u2019analisi demografica del territorio ampezzano in relazione alla disponibilit\u00e0 di forza lavoro, elaborata da Veneto Lavoro. Un momento di confronto fortemente voluto dai professionisti dell\u2019accoglienza della Concaper rintracciare possibili soluzioni all\u2019annoso problema del gap tra domanda e offerta dipersonale altamente qualificato, peraltro all\u2019indomani del rinnovo della partnershipstrategica con Umana Spa, finalizzata a sua volta a cercare di colmare un divario cheda tempo ormai affligge il comparto.<\/p>\n<p>\u201cCortina \u00e8 impegnata in un\u2019intensa attivit\u00e0 di consolidamento della sua posizione di metad\u2019eccellenza \u2013 dichiara Sandra Ruatti, presidente dell\u2019Associazione Albergatori di Cortina- Si stanno facendo ingenti investimenti sulle strutture (alberghiere e non), le Olimpiadi stanno generando un incredibile volano, ma non basta: dobbiamo guardare oltre ed essereattraenti anche per chi vuole lavorare qui. Ecco perch\u00e9 abbiamo voluto e organizzato questo evento: non posso che ringraziare tutti i relatori che hanno dato la loro disponibilit\u00e0, \u00e8 un segnale non solo di condivisione strategica ma anche di riconoscimento del prestigio e dell\u2019autorevolezza della nostra Associazione\u201d. La carenza di forza lavoro \u00e8 risaputa ed \u00e8 stata messa in evidenza da Manuela De Colle di Veneto Lavoro: \u201cNegli ultimi 20 anni il territorio ha affrontato una profondatrasformazione demografica che ha visto la popolazione in et\u00e0 lavorativa (15-64 anni) contrarsi del 12,5% in provincia di Belluno e del 21,2% nel comprensorio di Pieve di Cadore, con un contestuale e progressivo invecchiamento del bacino disponibile. Questa erosione della forza lavoro locale ha portato a un reclutamento a lungo raggio: attualmente la quota di addetti che risiedono a oltre 50 km dal luogo di lavoro \u00e8 circa del 40%, confermando un trend in costante ascesa: uno scenario destinato a inasprirsi, che comporta interventi strutturali volti a migliorare l&#8217;attrattivit\u00e0 del territorio e a soddisfare leesigenze logistiche e personali di una forza lavoro sempre pi\u00f9 esterna\u201d.<\/p>\n<p>L\u2019evento si \u00e8 posto dunque come una preziosa occasione di dibattito tra istituzioni, operatori del turismo e stakeholder in un periodo particolare per la Regina delle Dolomitiche sta cominciando a raccogliere i primi frutti postumi del grande evento olimpico e paralimpico ospitato tra febbraio e marzo.<\/p>\n<p>\u201cLa sfida \u00e8 ragionare su citt\u00e0 turistiche tutto l&#8217;anno. Oggi abbiamo dati rassicuranti anche in localit\u00e0 dove era difficile pensarlo, attraverso iniziative che possono portare le strutturea restare aperte tutto l&#8217;anno\u201d, ha detto il Vicepresidente della Regione del Veneto, Lucas Pavanetto, che ha aggiunto: \u201cI dati positivi di Cortina nel post-olimpico? Ci sono diversi fattori. Innanzitutto, il successo deriva dal nostro modo di promuovere un territorio vasto ediversificato. Abbiamo trovato un equilibrio che rappresenta una grande attrattivit\u00e0 per chiviene a visitarci. Inoltre, in questo momento storico, la gente tende a viaggiare meno versol&#8217;estero e qui trova una percezione di sicurezza maggiore. Fondamentale \u00e8 stato poi il volano delle Olimpiadi. E qui Cortina \u00e8 riuscita a fare la parte del leone grazie alla sua ospitalit\u00e0 e alla grande esposizione mediatica internazionale.\u201d<\/p>\n<p>\u201cAttualmente, i dipendenti delle aziende locali sono dislocati in piccoli appartamenti sparsi sul territorio, e sono spesso isolati. Non vogliamo agire da soli, ma creare una squadra contutte le categorie e gli enti locali per istituire un tavolo permanente \u2013 ha fatto sapere Antonio Onorato, CEO di Relegance Collection &#8211; L&#8217;obiettivo \u00e8 ottenere strumentiurbanistici e finanziari per realizzare progetti strategici, come un campus dell\u2019ospitalit\u00e0, che garantisca servizi, decoro e stabilit\u00e0 ai lavoratori. Solo cos\u00ec potremo garantire che l&#8217;eredit\u00e0 delle Olimpiadi non si esaurisca in pochi anni, ma diventi un processo virtuoso capace di durare per i prossimi decenni\u201d.\u201cIl turista quando viene a Cortina vuole sentirsi a Cortina, il che significa che il personale delle nostre strutture non pu\u00f2 limitarsi alle sole competenze tecniche, ma deve essere pronto al racconto dei luoghi, della storia e della cultura ampezzana \u2013 spiega Carla Medri,vicepresidente dell\u2019Associazione Albergatori di Cortina \u2013 Senza questa conoscenza, il rischio \u00e8 che il lavoratore viva la destinazione solo come un luogo di lavoro, senza poterne diventare promotore. Ecco perch\u00e9, come Associazione, promuoviamo una formazione extra-professionale. L&#8217;idea \u00e8 di organizzare, all&#8217;inizio di ogni stagione, sessioni collettive incui esperti del territorio trasmettano la propria passione e conoscenza ai nuovi arrivati. L&#8217;obiettivo non \u00e8 solo migliorare il servizio, ma far sentire i lavoratori parte del tessuto sociale locale\u201d.<\/p>\n<p>Alla tavola rotonda \u00e8 intervenuto anche Marco Stanuovo Polacco, Presidente della Provincia di Belluno, che si \u00e8 soffermato in particolare sul tema dei trasporti: \u201cIl fattore olimpico \u00e8 stato fondamentale per il nostro territorio, poich\u00e9 ha permesso di potenziare notevolmente i servizi, portando a un incremento delle corse e a una mobilit\u00e0 pi\u00f9 efficace verso Cortina. Al tempo stesso siamo riusciti a registrare un aumento anche nel numero di autisti. Nonostante tutto, siamo consapevoli che ci sono aspetti damigliorare e per questo la Provincia \u00e8 pienamente aperta a ricevere segnalazioni erichieste per soddisfare le esigenze dei lavoratori e del servizio laddove non fossero ancora pienamente soddisfatte\u201d.<br \/>\nWelfare, alta formazione e selezione dall\u2019estero sono le strade suggerite da Ivan Da Riz, di Umana SpA, che ha raccontato come esistano programmi di selezione e inserimento perpersonale proveniente anche da paesi lontani come l\u2019India: \u201cProprio questo mese sono arrivate le prime 20 persone nell&#8217;ambito di un percorso di immigrazione accompagnatache parte con la selezione e la formazione direttamente all&#8217;estero. Umana interviene sul posto per individuare i profili idonei, organizzare i corsi di lingua italiana certificati e gestire l&#8217;intero iter burocratico necessario per portarli in Italia. L&#8217;obiettivo \u00e8 quello di creare lemigliori condizioni possibili affinch\u00e9 queste persone decidano di rimanere nel territorio\u201d.<\/p>\n<p>Infine, Nicola Bernardi, direttore generale di Cortina Banca, ha spiegato i servizi destinatiai lavoratori e alle famiglie, che agevolano la loro scelta di lavorare a Cortina. \u201cIl contributodella banca non si esaurisce nella semplice offerta di prodotti finanziari, ma si sviluppa attraverso la creazione di partnership istituzionali volte a costruire soluzioni comuni eprogettualit\u00e0 condivise. Emerge un&#8217;indubbia urgenza nell&#8217;affrontare le sfide del mercato del lavoro nelle terre alte: in questo contesto, l&#8217;apparente bellezza del territorio cela dinamiche occupazionali estremamente complesse e una cronica difficolt\u00e0 nel reperirerisorse, criticit\u00e0 che possono essere superate solo attraverso uno sforzo collettivo e una visione d&#8217;insieme\u201d.<\/p>","protected":false},"excerpt":{"rendered":"<p>Negli ultimi vent&#8217;anni la popolazione in et\u00e0 lavorativa \u00e8 calata del 12,5% nel Bellunese e del 21,2% nel Cadore, con un progressivo invecchiamento deiresidentiIl 40% degli occupati nel settore turistico delle Dolomiti risiede a oltre 50 km di distanza, rendendo necessari interventi strutturali volti a migliorare l&#8217;attrattivit\u00e0 del territorio Cortina d\u2019Ampezzo, 30 giugno 2026 &#8211; [&hellip;]<\/p>\n","protected":false},"author":2,"featured_media":171580,"comment_status":"closed","ping_status":"open","sticky":false,"template":"","format":"standard","meta":{"footnotes":""},"categories":[36,26],"tags":[],"class_list":["post-171579","post","type-post","status-publish","format-standard","has-post-thumbnail","category-lavoro-economia","category-prima-pagina"],"yoast_head":"<!-- This site is optimized with the Yoast SEO plugin v28.4 - https:\/\/yoast.com\/product\/yoast-seo-wordpress\/ -->\n<title>Il convegno. Oltre il Turismo. Quale Cortina per chi lavora? Lo sviluppo passa dal capitale umano - Bellunopress - Dolomiti<\/title>\n<meta name=\"robots\" content=\"index, follow, max-snippet:-1, max-image-preview:large, max-video-preview:-1\" \/>\n<link rel=\"canonical\" href=\"https:\/\/www.bellunopress.it\/fr\/2026\/06\/30\/il-convegno-oltre-il-turismo-quale-cortina-per-chi-lavora-lo-sviluppo-passa-dal-capitale-umano\/\" \/>\n<meta property=\"og:locale\" content=\"fr_FR\" \/>\n<meta property=\"og:type\" content=\"article\" \/>\n<meta property=\"og:title\" content=\"Il convegno. Oltre il Turismo. Quale Cortina per chi lavora? Lo sviluppo passa dal capitale umano - Bellunopress - Dolomiti\" \/>\n<meta property=\"og:description\" content=\"Negli ultimi vent&#8217;anni la popolazione in et\u00e0 lavorativa \u00e8 calata del 12,5% nel Bellunese e del 21,2% nel Cadore, con un progressivo invecchiamento deiresidentiIl 40% degli occupati nel settore turistico delle Dolomiti risiede a oltre 50 km di distanza, rendendo necessari interventi strutturali volti a migliorare l&#8217;attrattivit\u00e0 del territorio Cortina d\u2019Ampezzo, 30 giugno 2026 &#8211; [&hellip;]\" \/>\n<meta property=\"og:url\" content=\"https:\/\/www.bellunopress.it\/fr\/2026\/06\/30\/il-convegno-oltre-il-turismo-quale-cortina-per-chi-lavora-lo-sviluppo-passa-dal-capitale-umano\/\" \/>\n<meta property=\"og:site_name\" content=\"Bellunopress - Dolomiti\" \/>\n<meta property=\"article:publisher\" content=\"https:\/\/www.facebook.com\/profile.php?id=100008943462799\" \/>\n<meta property=\"article:published_time\" content=\"2026-06-30T17:59:43+00:00\" \/>\n<meta property=\"article:modified_time\" content=\"2026-06-30T18:00:12+00:00\" \/>\n<meta property=\"og:image\" content=\"https:\/\/www.bellunopress.it\/wp-content\/uploads\/2026\/06\/OLtre-il-Turismo-Ass-Albergatori-Cortina.jpg\" \/>\n\t<meta property=\"og:image:width\" content=\"550\" \/>\n\t<meta property=\"og:image:height\" content=\"374\" \/>\n\t<meta property=\"og:image:type\" content=\"image\/jpeg\" \/>\n<meta name=\"author\" content=\"redazione\" \/>\n<meta name=\"twitter:card\" content=\"summary_large_image\" \/>\n<meta name=\"twitter:creator\" content=\"@bellunopress\" \/>\n<meta name=\"twitter:site\" content=\"@bellunopress\" \/>\n<meta name=\"twitter:label1\" content=\"Written by\" \/>\n\t<meta name=\"twitter:data1\" content=\"redazione\" \/>\n\t<meta name=\"twitter:label2\" content=\"Est. reading time\" \/>\n\t<meta name=\"twitter:data2\" content=\"7 minutes\" \/>\n<script type=\"application\/ld+json\" class=\"yoast-schema-graph\">{\"@context\":\"https:\\\/\\\/schema.org\",\"@graph\":[{\"@type\":\"Article\",\"@id\":\"https:\\\/\\\/www.bellunopress.it\\\/2026\\\/06\\\/30\\\/il-convegno-oltre-il-turismo-quale-cortina-per-chi-lavora-lo-sviluppo-passa-dal-capitale-umano\\\/#article\",\"isPartOf\":{\"@id\":\"https:\\\/\\\/www.bellunopress.it\\\/2026\\\/06\\\/30\\\/il-convegno-oltre-il-turismo-quale-cortina-per-chi-lavora-lo-sviluppo-passa-dal-capitale-umano\\\/\"},\"author\":{\"name\":\"redazione\",\"@id\":\"https:\\\/\\\/www.bellunopress.it\\\/#\\\/schema\\\/person\\\/79bb06722b37ece1c03d3e94beb30d73\"},\"headline\":\"Il convegno. Oltre il Turismo. Quale Cortina per chi lavora? Lo sviluppo passa dal capitale umano\",\"datePublished\":\"2026-06-30T17:59:43+00:00\",\"dateModified\":\"2026-06-30T18:00:12+00:00\",\"mainEntityOfPage\":{\"@id\":\"https:\\\/\\\/www.bellunopress.it\\\/2026\\\/06\\\/30\\\/il-convegno-oltre-il-turismo-quale-cortina-per-chi-lavora-lo-sviluppo-passa-dal-capitale-umano\\\/\"},\"wordCount\":1149,\"publisher\":{\"@id\":\"https:\\\/\\\/www.bellunopress.it\\\/#organization\"},\"image\":{\"@id\":\"https:\\\/\\\/www.bellunopress.it\\\/2026\\\/06\\\/30\\\/il-convegno-oltre-il-turismo-quale-cortina-per-chi-lavora-lo-sviluppo-passa-dal-capitale-umano\\\/#primaryimage\"},\"thumbnailUrl\":\"https:\\\/\\\/www.bellunopress.it\\\/wp-content\\\/uploads\\\/2026\\\/06\\\/OLtre-il-Turismo-Ass-Albergatori-Cortina.jpg\",\"articleSection\":[\"Lavoro, Economia, Turismo\",\"Prima Pagina\"],\"inLanguage\":\"fr-FR\"},{\"@type\":\"WebPage\",\"@id\":\"https:\\\/\\\/www.bellunopress.it\\\/2026\\\/06\\\/30\\\/il-convegno-oltre-il-turismo-quale-cortina-per-chi-lavora-lo-sviluppo-passa-dal-capitale-umano\\\/\",\"url\":\"https:\\\/\\\/www.bellunopress.it\\\/2026\\\/06\\\/30\\\/il-convegno-oltre-il-turismo-quale-cortina-per-chi-lavora-lo-sviluppo-passa-dal-capitale-umano\\\/\",\"name\":\"Il convegno. Oltre il Turismo. Quale Cortina per chi lavora? Lo sviluppo passa dal capitale umano - Bellunopress - Dolomiti\",\"isPartOf\":{\"@id\":\"https:\\\/\\\/www.bellunopress.it\\\/#website\"},\"primaryImageOfPage\":{\"@id\":\"https:\\\/\\\/www.bellunopress.it\\\/2026\\\/06\\\/30\\\/il-convegno-oltre-il-turismo-quale-cortina-per-chi-lavora-lo-sviluppo-passa-dal-capitale-umano\\\/#primaryimage\"},\"image\":{\"@id\":\"https:\\\/\\\/www.bellunopress.it\\\/2026\\\/06\\\/30\\\/il-convegno-oltre-il-turismo-quale-cortina-per-chi-lavora-lo-sviluppo-passa-dal-capitale-umano\\\/#primaryimage\"},\"thumbnailUrl\":\"https:\\\/\\\/www.bellunopress.it\\\/wp-content\\\/uploads\\\/2026\\\/06\\\/OLtre-il-Turismo-Ass-Albergatori-Cortina.jpg\",\"datePublished\":\"2026-06-30T17:59:43+00:00\",\"dateModified\":\"2026-06-30T18:00:12+00:00\",\"breadcrumb\":{\"@id\":\"https:\\\/\\\/www.bellunopress.it\\\/2026\\\/06\\\/30\\\/il-convegno-oltre-il-turismo-quale-cortina-per-chi-lavora-lo-sviluppo-passa-dal-capitale-umano\\\/#breadcrumb\"},\"inLanguage\":\"fr-FR\",\"potentialAction\":[{\"@type\":\"ReadAction\",\"target\":[\"https:\\\/\\\/www.bellunopress.it\\\/2026\\\/06\\\/30\\\/il-convegno-oltre-il-turismo-quale-cortina-per-chi-lavora-lo-sviluppo-passa-dal-capitale-umano\\\/\"]}]},{\"@type\":\"ImageObject\",\"inLanguage\":\"fr-FR\",\"@id\":\"https:\\\/\\\/www.bellunopress.it\\\/2026\\\/06\\\/30\\\/il-convegno-oltre-il-turismo-quale-cortina-per-chi-lavora-lo-sviluppo-passa-dal-capitale-umano\\\/#primaryimage\",\"url\":\"https:\\\/\\\/www.bellunopress.it\\\/wp-content\\\/uploads\\\/2026\\\/06\\\/OLtre-il-Turismo-Ass-Albergatori-Cortina.jpg\",\"contentUrl\":\"https:\\\/\\\/www.bellunopress.it\\\/wp-content\\\/uploads\\\/2026\\\/06\\\/OLtre-il-Turismo-Ass-Albergatori-Cortina.jpg\",\"width\":550,\"height\":374},{\"@type\":\"BreadcrumbList\",\"@id\":\"https:\\\/\\\/www.bellunopress.it\\\/2026\\\/06\\\/30\\\/il-convegno-oltre-il-turismo-quale-cortina-per-chi-lavora-lo-sviluppo-passa-dal-capitale-umano\\\/#breadcrumb\",\"itemListElement\":[{\"@type\":\"ListItem\",\"position\":1,\"name\":\"Home\",\"item\":\"https:\\\/\\\/www.bellunopress.it\\\/\"},{\"@type\":\"ListItem\",\"position\":2,\"name\":\"Il convegno. Oltre il Turismo. Quale Cortina per chi lavora? Lo sviluppo passa dal capitale umano\"}]},{\"@type\":\"WebSite\",\"@id\":\"https:\\\/\\\/www.bellunopress.it\\\/#website\",\"url\":\"https:\\\/\\\/www.bellunopress.it\\\/\",\"name\":\"Bellunopress - Dolomiti\",\"description\":\"e-mail: redazione@bellunopress.it\",\"publisher\":{\"@id\":\"https:\\\/\\\/www.bellunopress.it\\\/#organization\"},\"potentialAction\":[{\"@type\":\"SearchAction\",\"target\":{\"@type\":\"EntryPoint\",\"urlTemplate\":\"https:\\\/\\\/www.bellunopress.it\\\/?s={search_term_string}\"},\"query-input\":{\"@type\":\"PropertyValueSpecification\",\"valueRequired\":true,\"valueName\":\"search_term_string\"}}],\"inLanguage\":\"fr-FR\"},{\"@type\":\"Organization\",\"@id\":\"https:\\\/\\\/www.bellunopress.it\\\/#organization\",\"name\":\"Bellunopress\",\"url\":\"https:\\\/\\\/www.bellunopress.it\\\/\",\"logo\":{\"@type\":\"ImageObject\",\"inLanguage\":\"fr-FR\",\"@id\":\"https:\\\/\\\/www.bellunopress.it\\\/#\\\/schema\\\/logo\\\/image\\\/\",\"url\":\"https:\\\/\\\/www.bellunopress.it\\\/wp-content\\\/uploads\\\/2011\\\/05\\\/cropped-logo-bellunopress-.jpg\",\"contentUrl\":\"https:\\\/\\\/www.bellunopress.it\\\/wp-content\\\/uploads\\\/2011\\\/05\\\/cropped-logo-bellunopress-.jpg\",\"width\":512,\"height\":512,\"caption\":\"Bellunopress\"},\"image\":{\"@id\":\"https:\\\/\\\/www.bellunopress.it\\\/#\\\/schema\\\/logo\\\/image\\\/\"},\"sameAs\":[\"https:\\\/\\\/www.facebook.com\\\/profile.php?id=100008943462799\",\"https:\\\/\\\/x.com\\\/bellunopress\",\"https:\\\/\\\/www.linkedin.com\\\/hp\\\/?dnr=JBzUWaJfMUw8vbXJJ2tVW5-I3jZKvC4wsoxE&amp;amp;amp;amp;amp;amp;trk=nav_responsive_tab_home\",\"https:\\\/\\\/www.youtube.com\\\/channel\\\/UCxL0wu1uN0_3_7hGG0306cw\"]},{\"@type\":\"Person\",\"@id\":\"https:\\\/\\\/www.bellunopress.it\\\/#\\\/schema\\\/person\\\/79bb06722b37ece1c03d3e94beb30d73\",\"name\":\"redazione\",\"image\":{\"@type\":\"ImageObject\",\"inLanguage\":\"fr-FR\",\"@id\":\"https:\\\/\\\/secure.gravatar.com\\\/avatar\\\/37d968a2e67a6fd04c169c4bdef102d0bc5d31b2546345219e348575eb80e9a0?s=96&d=mm&r=g\",\"url\":\"https:\\\/\\\/secure.gravatar.com\\\/avatar\\\/37d968a2e67a6fd04c169c4bdef102d0bc5d31b2546345219e348575eb80e9a0?s=96&d=mm&r=g\",\"contentUrl\":\"https:\\\/\\\/secure.gravatar.com\\\/avatar\\\/37d968a2e67a6fd04c169c4bdef102d0bc5d31b2546345219e348575eb80e9a0?s=96&d=mm&r=g\",\"caption\":\"redazione\"},\"sameAs\":[\"http:\\\/\\\/www.bellunopress.it\",\"https:\\\/\\\/x.com\\\/bellunopress\"],\"url\":\"https:\\\/\\\/www.bellunopress.it\\\/fr\\\/author\\\/redazione\\\/\"}]}<\/script>\n<!-- \/ Yoast SEO plugin. -->","yoast_head_json":{"title":"Il convegno. Oltre il Turismo. Quale Cortina per chi lavora? Lo sviluppo passa dal capitale umano - Bellunopress - Dolomiti","robots":{"index":"index","follow":"follow","max-snippet":"max-snippet:-1","max-image-preview":"max-image-preview:large","max-video-preview":"max-video-preview:-1"},"canonical":"https:\/\/www.bellunopress.it\/fr\/2026\/06\/30\/il-convegno-oltre-il-turismo-quale-cortina-per-chi-lavora-lo-sviluppo-passa-dal-capitale-umano\/","og_locale":"fr_FR","og_type":"article","og_title":"Il convegno. Oltre il Turismo. Quale Cortina per chi lavora? Lo sviluppo passa dal capitale umano - Bellunopress - Dolomiti","og_description":"Negli ultimi vent&#8217;anni la popolazione in et\u00e0 lavorativa \u00e8 calata del 12,5% nel Bellunese e del 21,2% nel Cadore, con un progressivo invecchiamento deiresidentiIl 40% degli occupati nel settore turistico delle Dolomiti risiede a oltre 50 km di distanza, rendendo necessari interventi strutturali volti a migliorare l&#8217;attrattivit\u00e0 del territorio Cortina d\u2019Ampezzo, 30 giugno 2026 &#8211; [&hellip;]","og_url":"https:\/\/www.bellunopress.it\/fr\/2026\/06\/30\/il-convegno-oltre-il-turismo-quale-cortina-per-chi-lavora-lo-sviluppo-passa-dal-capitale-umano\/","og_site_name":"Bellunopress - Dolomiti","article_publisher":"https:\/\/www.facebook.com\/profile.php?id=100008943462799","article_published_time":"2026-06-30T17:59:43+00:00","article_modified_time":"2026-06-30T18:00:12+00:00","og_image":[{"width":550,"height":374,"url":"https:\/\/www.bellunopress.it\/wp-content\/uploads\/2026\/06\/OLtre-il-Turismo-Ass-Albergatori-Cortina.jpg","type":"image\/jpeg"}],"author":"redazione","twitter_card":"summary_large_image","twitter_creator":"@bellunopress","twitter_site":"@bellunopress","twitter_misc":{"Written by":"redazione","Est. reading time":"7 minutes"},"schema":{"@context":"https:\/\/schema.org","@graph":[{"@type":"Article","@id":"https:\/\/www.bellunopress.it\/2026\/06\/30\/il-convegno-oltre-il-turismo-quale-cortina-per-chi-lavora-lo-sviluppo-passa-dal-capitale-umano\/#article","isPartOf":{"@id":"https:\/\/www.bellunopress.it\/2026\/06\/30\/il-convegno-oltre-il-turismo-quale-cortina-per-chi-lavora-lo-sviluppo-passa-dal-capitale-umano\/"},"author":{"name":"redazione","@id":"https:\/\/www.bellunopress.it\/#\/schema\/person\/79bb06722b37ece1c03d3e94beb30d73"},"headline":"Il convegno. Oltre il Turismo. Quale Cortina per chi lavora? Lo sviluppo passa dal capitale umano","datePublished":"2026-06-30T17:59:43+00:00","dateModified":"2026-06-30T18:00:12+00:00","mainEntityOfPage":{"@id":"https:\/\/www.bellunopress.it\/2026\/06\/30\/il-convegno-oltre-il-turismo-quale-cortina-per-chi-lavora-lo-sviluppo-passa-dal-capitale-umano\/"},"wordCount":1149,"publisher":{"@id":"https:\/\/www.bellunopress.it\/#organization"},"image":{"@id":"https:\/\/www.bellunopress.it\/2026\/06\/30\/il-convegno-oltre-il-turismo-quale-cortina-per-chi-lavora-lo-sviluppo-passa-dal-capitale-umano\/#primaryimage"},"thumbnailUrl":"https:\/\/www.bellunopress.it\/wp-content\/uploads\/2026\/06\/OLtre-il-Turismo-Ass-Albergatori-Cortina.jpg","articleSection":["Lavoro, Economia, Turismo","Prima Pagina"],"inLanguage":"fr-FR"},{"@type":"WebPage","@id":"https:\/\/www.bellunopress.it\/2026\/06\/30\/il-convegno-oltre-il-turismo-quale-cortina-per-chi-lavora-lo-sviluppo-passa-dal-capitale-umano\/","url":"https:\/\/www.bellunopress.it\/2026\/06\/30\/il-convegno-oltre-il-turismo-quale-cortina-per-chi-lavora-lo-sviluppo-passa-dal-capitale-umano\/","name":"Il convegno. Oltre il Turismo. Quale Cortina per chi lavora? Lo sviluppo passa dal capitale umano - Bellunopress - Dolomiti","isPartOf":{"@id":"https:\/\/www.bellunopress.it\/#website"},"primaryImageOfPage":{"@id":"https:\/\/www.bellunopress.it\/2026\/06\/30\/il-convegno-oltre-il-turismo-quale-cortina-per-chi-lavora-lo-sviluppo-passa-dal-capitale-umano\/#primaryimage"},"image":{"@id":"https:\/\/www.bellunopress.it\/2026\/06\/30\/il-convegno-oltre-il-turismo-quale-cortina-per-chi-lavora-lo-sviluppo-passa-dal-capitale-umano\/#primaryimage"},"thumbnailUrl":"https:\/\/www.bellunopress.it\/wp-content\/uploads\/2026\/06\/OLtre-il-Turismo-Ass-Albergatori-Cortina.jpg","datePublished":"2026-06-30T17:59:43+00:00","dateModified":"2026-06-30T18:00:12+00:00","breadcrumb":{"@id":"https:\/\/www.bellunopress.it\/2026\/06\/30\/il-convegno-oltre-il-turismo-quale-cortina-per-chi-lavora-lo-sviluppo-passa-dal-capitale-umano\/#breadcrumb"},"inLanguage":"fr-FR","potentialAction":[{"@type":"ReadAction","target":["https:\/\/www.bellunopress.it\/2026\/06\/30\/il-convegno-oltre-il-turismo-quale-cortina-per-chi-lavora-lo-sviluppo-passa-dal-capitale-umano\/"]}]},{"@type":"ImageObject","inLanguage":"fr-FR","@id":"https:\/\/www.bellunopress.it\/2026\/06\/30\/il-convegno-oltre-il-turismo-quale-cortina-per-chi-lavora-lo-sviluppo-passa-dal-capitale-umano\/#primaryimage","url":"https:\/\/www.bellunopress.it\/wp-content\/uploads\/2026\/06\/OLtre-il-Turismo-Ass-Albergatori-Cortina.jpg","contentUrl":"https:\/\/www.bellunopress.it\/wp-content\/uploads\/2026\/06\/OLtre-il-Turismo-Ass-Albergatori-Cortina.jpg","width":550,"height":374},{"@type":"BreadcrumbList","@id":"https:\/\/www.bellunopress.it\/2026\/06\/30\/il-convegno-oltre-il-turismo-quale-cortina-per-chi-lavora-lo-sviluppo-passa-dal-capitale-umano\/#breadcrumb","itemListElement":[{"@type":"ListItem","position":1,"name":"Home","item":"https:\/\/www.bellunopress.it\/"},{"@type":"ListItem","position":2,"name":"Il convegno. Oltre il Turismo. Quale Cortina per chi lavora? Lo sviluppo passa dal capitale umano"}]},{"@type":"WebSite","@id":"https:\/\/www.bellunopress.it\/#website","url":"https:\/\/www.bellunopress.it\/","name":"Bellunopress - Dolomiti","description":"e-mail: redazione@bellunopress.it","publisher":{"@id":"https:\/\/www.bellunopress.it\/#organization"},"potentialAction":[{"@type":"SearchAction","target":{"@type":"EntryPoint","urlTemplate":"https:\/\/www.bellunopress.it\/?s={search_term_string}"},"query-input":{"@type":"PropertyValueSpecification","valueRequired":true,"valueName":"search_term_string"}}],"inLanguage":"fr-FR"},{"@type":"Organization","@id":"https:\/\/www.bellunopress.it\/#organization","name":"Bellunopress","url":"https:\/\/www.bellunopress.it\/","logo":{"@type":"ImageObject","inLanguage":"fr-FR","@id":"https:\/\/www.bellunopress.it\/#\/schema\/logo\/image\/","url":"https:\/\/www.bellunopress.it\/wp-content\/uploads\/2011\/05\/cropped-logo-bellunopress-.jpg","contentUrl":"https:\/\/www.bellunopress.it\/wp-content\/uploads\/2011\/05\/cropped-logo-bellunopress-.jpg","width":512,"height":512,"caption":"Bellunopress"},"image":{"@id":"https:\/\/www.bellunopress.it\/#\/schema\/logo\/image\/"},"sameAs":["https:\/\/www.facebook.com\/profile.php?id=100008943462799","https:\/\/x.com\/bellunopress","https:\/\/www.linkedin.com\/hp\/?dnr=JBzUWaJfMUw8vbXJJ2tVW5-I3jZKvC4wsoxE&amp;amp;amp;amp;amp;amp;trk=nav_responsive_tab_home","https:\/\/www.youtube.com\/channel\/UCxL0wu1uN0_3_7hGG0306cw"]},{"@type":"Person","@id":"https:\/\/www.bellunopress.it\/#\/schema\/person\/79bb06722b37ece1c03d3e94beb30d73","name":"r\u00e9daction","image":{"@type":"ImageObject","inLanguage":"fr-FR","@id":"https:\/\/secure.gravatar.com\/avatar\/37d968a2e67a6fd04c169c4bdef102d0bc5d31b2546345219e348575eb80e9a0?s=96&d=mm&r=g","url":"https:\/\/secure.gravatar.com\/avatar\/37d968a2e67a6fd04c169c4bdef102d0bc5d31b2546345219e348575eb80e9a0?s=96&d=mm&r=g","contentUrl":"https:\/\/secure.gravatar.com\/avatar\/37d968a2e67a6fd04c169c4bdef102d0bc5d31b2546345219e348575eb80e9a0?s=96&d=mm&r=g","caption":"redazione"},"sameAs":["http:\/\/www.bellunopress.it","https:\/\/x.com\/bellunopress"],"url":"https:\/\/www.bellunopress.it\/fr\/author\/redazione\/"}]}},"_links":{"self":[{"href":"https:\/\/www.bellunopress.it\/fr\/wp-json\/wp\/v2\/posts\/171579","targetHints":{"allow":["GET"]}}],"collection":[{"href":"https:\/\/www.bellunopress.it\/fr\/wp-json\/wp\/v2\/posts"}],"about":[{"href":"https:\/\/www.bellunopress.it\/fr\/wp-json\/wp\/v2\/types\/post"}],"author":[{"embeddable":true,"href":"https:\/\/www.bellunopress.it\/fr\/wp-json\/wp\/v2\/users\/2"}],"replies":[{"embeddable":true,"href":"https:\/\/www.bellunopress.it\/fr\/wp-json\/wp\/v2\/comments?post=171579"}],"version-history":[{"count":2,"href":"https:\/\/www.bellunopress.it\/fr\/wp-json\/wp\/v2\/posts\/171579\/revisions"}],"predecessor-version":[{"id":171582,"href":"https:\/\/www.bellunopress.it\/fr\/wp-json\/wp\/v2\/posts\/171579\/revisions\/171582"}],"wp:featuredmedia":[{"embeddable":true,"href":"https:\/\/www.bellunopress.it\/fr\/wp-json\/wp\/v2\/media\/171580"}],"wp:attachment":[{"href":"https:\/\/www.bellunopress.it\/fr\/wp-json\/wp\/v2\/media?parent=171579"}],"wp:term":[{"taxonomy":"category","embeddable":true,"href":"https:\/\/www.bellunopress.it\/fr\/wp-json\/wp\/v2\/categories?post=171579"},{"taxonomy":"post_tag","embeddable":true,"href":"https:\/\/www.bellunopress.it\/fr\/wp-json\/wp\/v2\/tags?post=171579"}],"curies":[{"name":"wp","href":"https:\/\/api.w.org\/{rel}","templated":true}]}}